{"id":75172,"date":"2025-10-22T19:30:19","date_gmt":"2025-10-22T18:30:19","guid":{"rendered":"https:\/\/lasentinelle.dz\/?p=75172"},"modified":"2025-10-22T19:30:21","modified_gmt":"2025-10-22T18:30:21","slug":"modernisation-de-la-flotte-dair-algerie-le-premier-avion-atterrira-a-alger-le-12-novembre","status":"publish","type":"post","link":"https:\/\/lasentinelle.dz\/index.php\/2025\/10\/22\/modernisation-de-la-flotte-dair-algerie-le-premier-avion-atterrira-a-alger-le-12-novembre\/","title":{"rendered":"Modernisation de la flotte d\u2019Air Alg\u00e9rie\u00a0: Le premier avion atterrira \u00e0 Alger le 12 novembre"},"content":{"rendered":"\n<p>Le renouvellement de la flotte d&rsquo;Air Alg\u00e9rie prend enfin forme. Le premier des 18 avions command\u00e9s depuis 2023 atterrira \u00e0 Alger le 12 novembre prochain, marquant le d\u00e9but d&rsquo;une transformation ambitieuse de la compagnie nationale qui vise \u00e0 doubler ses destinations africaines d&rsquo;ici 2028.<\/p>\n\n\n\n<p>Le 12 novembre prochain, un Airbus A330-900 flambant neuf rejoindra la flotte de la compagnie nationale, donnant le coup d&rsquo;envoi d&rsquo;un programme de modernisation lanc\u00e9 en 2023. L&rsquo;annonce a \u00e9t\u00e9 faite mardi par le PDG Hamza Benhamouda, en marge de l&rsquo;inauguration de la ligne Alger-N&rsquo;Djamena \u00e0 l&rsquo;a\u00e9roport Houari-Boumediene. Trois autres appareils du m\u00eame type sont attendus avant la fin 2025, suivis en 2026 par d&rsquo;autres A330-900 et les premiers ATR 72-600 destin\u00e9s \u00e0 la nouvelle filiale Domestic Airlines, cr\u00e9\u00e9e pour renforcer le r\u00e9seau int\u00e9rieur. \u00c0 partir de 2027, les Boeing 737 Max-9 commenceront \u00e9galement \u00e0 \u00eatre livr\u00e9s. Au total, le programme pr\u00e9voit l&rsquo;acquisition de 18 nouveaux appareils : huit Boeing 737 MAX-9, dix Airbus A330-900 (la commande initiale de huit ayant \u00e9t\u00e9 r\u00e9cemment augment\u00e9e), et 16 ATR 72-600 pour le r\u00e9seau domestique. \u00ab\u00a0Plus nous renforcerons nos moyens, plus nous pourrons \u00e9tendre notre r\u00e9seau de mani\u00e8re ordonn\u00e9e et efficace\u00a0\u00bb, a soulign\u00e9 Hamza Benhamouda, insistant sur une strat\u00e9gie d&rsquo;expansion \u00ab\u00a0progressive et ma\u00eetris\u00e9e\u00a0\u00bb. Des commandes suppl\u00e9mentaires sont d&rsquo;ores et d\u00e9j\u00e0 \u00e0 l&rsquo;\u00e9tude pour \u00ab\u00a0acc\u00e9l\u00e9rer la mont\u00e9e en capacit\u00e9s et concr\u00e9tiser le d\u00e9veloppement du r\u00e9seau\u00a0\u00bb, selon le PDG, qui a confirm\u00e9 que ces projets \u00ab\u00a0prendront forme prochainement\u00a0\u00bb.<\/p>\n\n\n\n<p>L&rsquo;inauguration de la ligne Alger-N&rsquo;Djamena illustre parfaitement les ambitions continentales d&rsquo;Air Alg\u00e9rie. Lanc\u00e9e sur instruction du pr\u00e9sident Abdelmadjid Tebboune lors de la Foire commerciale intra-africaine (IATF 2025) en septembre dernier, cette desserte reliera les deux capitales deux fois par semaine via Douala, au Cameroun. Une extension vers Addis-Abeba est pr\u00e9vue d\u00e8s l&rsquo;automne prochain, portant la fr\u00e9quence \u00e0 quatre vols hebdomadaires. \u00ab\u00a0Globalement, nous pr\u00e9voyons de doubler le nombre de destinations africaines desservies par Air Alg\u00e9rie d&rsquo;ici 2028 pour atteindre une vingtaine de lignes\u00a0\u00bb, a annonc\u00e9 le PDG, citant notamment Libreville et Luanda parmi les projets d&rsquo;ouverture. Cette expansion s&rsquo;inscrit \u00ab\u00a0en parfaite coh\u00e9rence avec la politique nationale de renforcement de la pr\u00e9sence \u00e9conomique alg\u00e9rienne sur le continent\u00a0\u00bb. L&rsquo;ambassadeur d&rsquo;Alg\u00e9rie au Tchad, Fay\u00e7al Djaouti, a salu\u00e9 une initiative qui \u00ab\u00a0conforte la position strat\u00e9gique de l&rsquo;Alg\u00e9rie en tant que passerelle reliant le nord du continent africain \u00e0 son centre\u00a0\u00bb. Pour sa part, la ministre tchadienne des Transports, Fatima Goukoni Weddeye, y voit \u00ab\u00a0la vision commune des dirigeants des deux pays pour une Afrique davantage connect\u00e9e et unie\u00a0\u00bb.<\/p>\n\n\n\n<p><strong>Une dimension internationale renforc\u00e9e<\/strong><\/p>\n\n\n\n<p>Le d\u00e9veloppement ne se limite pas \u00e0 l&rsquo;Afrique. Dans les prochaines semaines, Air Alg\u00e9rie lancera des vols vers Rotterdam (deux fois par semaine) et Guangzhou, en Chine (un vol hebdomadaire). Le plan pr\u00e9voit \u00e9galement le renforcement des lignes vers P\u00e9kin, Doha, l&rsquo;\u00c9gypte et la Turquie, ainsi que des projets saisonniers vers l&rsquo;Asie du Sud-Est pour l&rsquo;\u00e9t\u00e9 prochain. Le r\u00e9seau canadien sera \u00e9tendu au-del\u00e0 de Montr\u00e9al. Hamza Benhamouda a tenu \u00e0 rassurer sur l&rsquo;engagement de la compagnie envers le march\u00e9 int\u00e9rieur et la diaspora. \u00ab\u00a0Air Alg\u00e9rie a transport\u00e9 notre diaspora pendant plusieurs d\u00e9cennies et continuera \u00e0 le faire dans les meilleures conditions\u00a0\u00bb, a-t-il insist\u00e9, soulignant que la compagnie reste attach\u00e9e \u00e0 \u00ab\u00a0accompagner le d\u00e9veloppement des r\u00e9gions du nord comme du sud, ainsi que du tourisme local\u00a0\u00bb. La cr\u00e9ation de Domestic Airlines et la commande de 16 ATR 72-600 t\u00e9moignent de cette volont\u00e9 de soutenir la connectivit\u00e9 interne et d&rsquo;accompagner les projets \u00e9conomiques r\u00e9gionaux. Le plan d&rsquo;action de la compagnie s&rsquo;\u00e9tend jusqu&rsquo;en 2035, avec de nouvelles acquisitions envisag\u00e9es pour r\u00e9pondre \u00e0 la demande croissante.<\/p>\n\n\n\n<p><strong>Des retomb\u00e9es \u00e9conomiques attendues<\/strong><\/p>\n\n\n\n<p>Les op\u00e9rateurs \u00e9conomiques saluent ces d\u00e9veloppements. L&rsquo;Alg\u00e9rien Omar Boukhdami a soulign\u00e9 que la ligne vers N&rsquo;Djamena \u00ab\u00a0facilitera les d\u00e9placements des hommes d&rsquo;affaires, d\u00e9sormais dispens\u00e9s de transiter par des a\u00e9roports europ\u00e9ens ou turcs\u00a0\u00bb. Son homologue tchadien, Fayssal Adam Ahmed, estime que cette nouvelle desserte \u00ab\u00a0insufflera davantage de dynamique aux relations bilat\u00e9rales, notamment sur les plans \u00e9conomique et commercial\u00a0\u00bb. Gr\u00e2ce \u00e0 l&rsquo;obtention du cinqui\u00e8me droit de libert\u00e9 de l&rsquo;air, Air Alg\u00e9rie peut d\u00e9sormais proposer des billets entre Douala et N&rsquo;Djamena, renfor\u00e7ant son positionnement de hub africain. Une strat\u00e9gie qui pourrait transformer le transporteur national en acteur majeur de la connectivit\u00e9 continentale.<\/p>\n\n\n\n<p>Sabrina Aziouez<\/p>\n","protected":false},"excerpt":{"rendered":"<p>Le renouvellement de la flotte d&rsquo;Air Alg\u00e9rie prend enfin forme. Le premier des 18 avions command\u00e9s depuis 2023 atterrira \u00e0<\/p>\n","protected":false},"author":6,"featured_media":75173,"comment_status":"open","ping_status":"closed","sticky":false,"template":"","format":"standard","meta":{"colormag_page_container_layout":"default_layout","colormag_page_sidebar_layout":"default_layout","om_disable_all_campaigns":false,"_monsterinsights_skip_tracking":false,"_monsterinsights_sitenote_active":false,"_monsterinsights_sitenote_note":"","_monsterinsights_sitenote_category":0,"footnotes":"","_wpscppro_dont_share_socialmedia":false,"_wpscppro_custom_social_share_image":0,"_facebook_share_type":"default","_twitter_share_type":"default","_linkedin_share_type":"default","_pinterest_share_type":"default","_linkedin_share_type_page":"","_instagram_share_type":"default","_medium_share_type":"default","_threads_share_type":"default","_google_business_share_type":"default","_selected_social_profile":[],"_wpsp_enable_custom_social_template":false,"_wpsp_social_scheduling":{"enabled":false,"datetime":null,"platforms":[],"status":"template_only","dateOption":"today","timeOption":"now","customDays":"","customHours":"","customDate":"","customTime":"","schedulingType":"absolute"},"_wpsp_active_default_template":true},"categories":[29],"tags":[],"class_list":["post-75172","post","type-post","status-publish","format-standard","has-post-thumbnail","hentry","category-economie"],"aioseo_notices":[],"yoast_head":"<!-- This site is optimized with the Yoast SEO plugin v27.5 - https:\/\/yoast.com\/product\/yoast-seo-wordpress\/ -->\n<title>Modernisation de la flotte d\u2019Air Alg\u00e9rie\u00a0: Le premier avion atterrira \u00e0 Alger le 12 novembre - La Sentinelle<\/title>\n<meta name=\"robots\" content=\"index, follow, max-snippet:-1, max-image-preview:large, max-video-preview:-1\" \/>\n<link rel=\"canonical\" href=\"https:\/\/lasentinelle.dz\/index.php\/2025\/10\/22\/modernisation-de-la-flotte-dair-algerie-le-premier-avion-atterrira-a-alger-le-12-novembre\/\" \/>\n<meta property=\"og:locale\" content=\"fr_FR\" \/>\n<meta property=\"og:type\" content=\"article\" \/>\n<meta property=\"og:title\" content=\"Modernisation de la flotte d\u2019Air Alg\u00e9rie\u00a0: Le premier avion atterrira \u00e0 Alger le 12 novembre - La Sentinelle\" \/>\n<meta property=\"og:description\" content=\"Le renouvellement de la flotte d&rsquo;Air Alg\u00e9rie prend enfin forme. Le premier des 18 avions command\u00e9s depuis 2023 atterrira \u00e0\" \/>\n<meta property=\"og:url\" content=\"https:\/\/lasentinelle.dz\/index.php\/2025\/10\/22\/modernisation-de-la-flotte-dair-algerie-le-premier-avion-atterrira-a-alger-le-12-novembre\/\" \/>\n<meta property=\"og:site_name\" content=\"La Sentinelle\" \/>\n<meta property=\"article:publisher\" content=\"https:\/\/www.facebook.com\/La-Sentinelle-104059864394773\" \/>\n<meta property=\"article:published_time\" content=\"2025-10-22T18:30:19+00:00\" \/>\n<meta property=\"article:modified_time\" content=\"2025-10-22T18:30:21+00:00\" \/>\n<meta property=\"og:image\" content=\"https:\/\/lasentinelle.dz\/wp-content\/uploads\/2025\/10\/Benhamouda.webp\" \/>\n\t<meta property=\"og:image:width\" content=\"900\" \/>\n\t<meta property=\"og:image:height\" content=\"675\" \/>\n\t<meta property=\"og:image:type\" content=\"image\/webp\" \/>\n<meta name=\"author\" content=\"admin\" \/>\n<meta name=\"twitter:card\" content=\"summary_large_image\" \/>\n<meta name=\"twitter:label1\" content=\"\u00c9crit par\" \/>\n\t<meta name=\"twitter:data1\" content=\"admin\" \/>\n\t<meta name=\"twitter:label2\" content=\"Dur\u00e9e de lecture estim\u00e9e\" \/>\n\t<meta name=\"twitter:data2\" content=\"4 minutes\" \/>\n<script type=\"application\/ld+json\" class=\"yoast-schema-graph\">{\"@context\":\"https:\\\/\\\/schema.org\",\"@graph\":[{\"@type\":\"Article\",\"@id\":\"https:\\\/\\\/lasentinelle.dz\\\/index.php\\\/2025\\\/10\\\/22\\\/modernisation-de-la-flotte-dair-algerie-le-premier-avion-atterrira-a-alger-le-12-novembre\\\/#article\",\"isPartOf\":{\"@id\":\"https:\\\/\\\/lasentinelle.dz\\\/index.php\\\/2025\\\/10\\\/22\\\/modernisation-de-la-flotte-dair-algerie-le-premier-avion-atterrira-a-alger-le-12-novembre\\\/\"},\"author\":{\"name\":\"admin\",\"@id\":\"https:\\\/\\\/lasentinelle.dz\\\/#\\\/schema\\\/person\\\/729ee0024f24e0b8c5ec17232f8e8b41\"},\"headline\":\"Modernisation de la flotte d\u2019Air Alg\u00e9rie\u00a0: Le premier avion atterrira \u00e0 Alger le 12 novembre\",\"datePublished\":\"2025-10-22T18:30:19+00:00\",\"dateModified\":\"2025-10-22T18:30:21+00:00\",\"mainEntityOfPage\":{\"@id\":\"https:\\\/\\\/lasentinelle.dz\\\/index.php\\\/2025\\\/10\\\/22\\\/modernisation-de-la-flotte-dair-algerie-le-premier-avion-atterrira-a-alger-le-12-novembre\\\/\"},\"wordCount\":794,\"commentCount\":0,\"publisher\":{\"@id\":\"https:\\\/\\\/lasentinelle.dz\\\/#organization\"},\"image\":{\"@id\":\"https:\\\/\\\/lasentinelle.dz\\\/index.php\\\/2025\\\/10\\\/22\\\/modernisation-de-la-flotte-dair-algerie-le-premier-avion-atterrira-a-alger-le-12-novembre\\\/#primaryimage\"},\"thumbnailUrl\":\"https:\\\/\\\/lasentinelle.dz\\\/wp-content\\\/uploads\\\/2025\\\/10\\\/Benhamouda.webp\",\"articleSection\":[\"\u00c9conomie\"],\"inLanguage\":\"fr-FR\",\"potentialAction\":[{\"@type\":\"CommentAction\",\"name\":\"Comment\",\"target\":[\"https:\\\/\\\/lasentinelle.dz\\\/index.php\\\/2025\\\/10\\\/22\\\/modernisation-de-la-flotte-dair-algerie-le-premier-avion-atterrira-a-alger-le-12-novembre\\\/#respond\"]}]},{\"@type\":\"WebPage\",\"@id\":\"https:\\\/\\\/lasentinelle.dz\\\/index.php\\\/2025\\\/10\\\/22\\\/modernisation-de-la-flotte-dair-algerie-le-premier-avion-atterrira-a-alger-le-12-novembre\\\/\",\"url\":\"https:\\\/\\\/lasentinelle.dz\\\/index.php\\\/2025\\\/10\\\/22\\\/modernisation-de-la-flotte-dair-algerie-le-premier-avion-atterrira-a-alger-le-12-novembre\\\/\",\"name\":\"Modernisation de la flotte d\u2019Air Alg\u00e9rie\u00a0: Le premier avion atterrira \u00e0 Alger le 12 novembre - La Sentinelle\",\"isPartOf\":{\"@id\":\"https:\\\/\\\/lasentinelle.dz\\\/#website\"},\"primaryImageOfPage\":{\"@id\":\"https:\\\/\\\/lasentinelle.dz\\\/index.php\\\/2025\\\/10\\\/22\\\/modernisation-de-la-flotte-dair-algerie-le-premier-avion-atterrira-a-alger-le-12-novembre\\\/#primaryimage\"},\"image\":{\"@id\":\"https:\\\/\\\/lasentinelle.dz\\\/index.php\\\/2025\\\/10\\\/22\\\/modernisation-de-la-flotte-dair-algerie-le-premier-avion-atterrira-a-alger-le-12-novembre\\\/#primaryimage\"},\"thumbnailUrl\":\"https:\\\/\\\/lasentinelle.dz\\\/wp-content\\\/uploads\\\/2025\\\/10\\\/Benhamouda.webp\",\"datePublished\":\"2025-10-22T18:30:19+00:00\",\"dateModified\":\"2025-10-22T18:30:21+00:00\",\"breadcrumb\":{\"@id\":\"https:\\\/\\\/lasentinelle.dz\\\/index.php\\\/2025\\\/10\\\/22\\\/modernisation-de-la-flotte-dair-algerie-le-premier-avion-atterrira-a-alger-le-12-novembre\\\/#breadcrumb\"},\"inLanguage\":\"fr-FR\",\"potentialAction\":[{\"@type\":\"ReadAction\",\"target\":[\"https:\\\/\\\/lasentinelle.dz\\\/index.php\\\/2025\\\/10\\\/22\\\/modernisation-de-la-flotte-dair-algerie-le-premier-avion-atterrira-a-alger-le-12-novembre\\\/\"]}]},{\"@type\":\"ImageObject\",\"inLanguage\":\"fr-FR\",\"@id\":\"https:\\\/\\\/lasentinelle.dz\\\/index.php\\\/2025\\\/10\\\/22\\\/modernisation-de-la-flotte-dair-algerie-le-premier-avion-atterrira-a-alger-le-12-novembre\\\/#primaryimage\",\"url\":\"https:\\\/\\\/lasentinelle.dz\\\/wp-content\\\/uploads\\\/2025\\\/10\\\/Benhamouda.webp\",\"contentUrl\":\"https:\\\/\\\/lasentinelle.dz\\\/wp-content\\\/uploads\\\/2025\\\/10\\\/Benhamouda.webp\",\"width\":900,\"height\":675},{\"@type\":\"BreadcrumbList\",\"@id\":\"https:\\\/\\\/lasentinelle.dz\\\/index.php\\\/2025\\\/10\\\/22\\\/modernisation-de-la-flotte-dair-algerie-le-premier-avion-atterrira-a-alger-le-12-novembre\\\/#breadcrumb\",\"itemListElement\":[{\"@type\":\"ListItem\",\"position\":1,\"name\":\"Accueil\",\"item\":\"https:\\\/\\\/lasentinelle.dz\\\/\"},{\"@type\":\"ListItem\",\"position\":2,\"name\":\"Modernisation de la flotte d\u2019Air Alg\u00e9rie\u00a0: Le premier avion atterrira \u00e0 Alger le 12 novembre\"}]},{\"@type\":\"WebSite\",\"@id\":\"https:\\\/\\\/lasentinelle.dz\\\/#website\",\"url\":\"https:\\\/\\\/lasentinelle.dz\\\/\",\"name\":\"La Sentinelle\",\"description\":\"Quotidien national d&#039;information\",\"publisher\":{\"@id\":\"https:\\\/\\\/lasentinelle.dz\\\/#organization\"},\"potentialAction\":[{\"@type\":\"SearchAction\",\"target\":{\"@type\":\"EntryPoint\",\"urlTemplate\":\"https:\\\/\\\/lasentinelle.dz\\\/?s={search_term_string}\"},\"query-input\":{\"@type\":\"PropertyValueSpecification\",\"valueRequired\":true,\"valueName\":\"search_term_string\"}}],\"inLanguage\":\"fr-FR\"},{\"@type\":\"Organization\",\"@id\":\"https:\\\/\\\/lasentinelle.dz\\\/#organization\",\"name\":\"Quotidien La Sentinelle\",\"url\":\"https:\\\/\\\/lasentinelle.dz\\\/\",\"logo\":{\"@type\":\"ImageObject\",\"inLanguage\":\"fr-FR\",\"@id\":\"https:\\\/\\\/lasentinelle.dz\\\/#\\\/schema\\\/logo\\\/image\\\/\",\"url\":\"https:\\\/\\\/lasentinelle.dz\\\/wp-content\\\/uploads\\\/2021\\\/09\\\/logo-sentinelleSLOGAN-1.png\",\"contentUrl\":\"https:\\\/\\\/lasentinelle.dz\\\/wp-content\\\/uploads\\\/2021\\\/09\\\/logo-sentinelleSLOGAN-1.png\",\"width\":615,\"height\":142,\"caption\":\"Quotidien La Sentinelle\"},\"image\":{\"@id\":\"https:\\\/\\\/lasentinelle.dz\\\/#\\\/schema\\\/logo\\\/image\\\/\"},\"sameAs\":[\"https:\\\/\\\/www.facebook.com\\\/La-Sentinelle-104059864394773\"]},{\"@type\":\"Person\",\"@id\":\"https:\\\/\\\/lasentinelle.dz\\\/#\\\/schema\\\/person\\\/729ee0024f24e0b8c5ec17232f8e8b41\",\"name\":\"admin\",\"image\":{\"@type\":\"ImageObject\",\"inLanguage\":\"fr-FR\",\"@id\":\"https:\\\/\\\/secure.gravatar.com\\\/avatar\\\/4c81fed838786e9b53f540bf46533e750f5d292099ae3b66cfc6fb1982e29df7?s=96&d=mm&r=g\",\"url\":\"https:\\\/\\\/secure.gravatar.com\\\/avatar\\\/4c81fed838786e9b53f540bf46533e750f5d292099ae3b66cfc6fb1982e29df7?s=96&d=mm&r=g\",\"contentUrl\":\"https:\\\/\\\/secure.gravatar.com\\\/avatar\\\/4c81fed838786e9b53f540bf46533e750f5d292099ae3b66cfc6fb1982e29df7?s=96&d=mm&r=g\",\"caption\":\"admin\"},\"description\":\"admin\",\"url\":\"https:\\\/\\\/lasentinelle.dz\\\/author\\\/admin\\\/\"}]}<\/script>\n<!-- \/ Yoast SEO plugin. -->","yoast_head_json":{"title":"Modernisation de la flotte d\u2019Air Alg\u00e9rie\u00a0: Le premier avion atterrira \u00e0 Alger le 12 novembre - La Sentinelle","robots":{"index":"index","follow":"follow","max-snippet":"max-snippet:-1","max-image-preview":"max-image-preview:large","max-video-preview":"max-video-preview:-1"},"canonical":"https:\/\/lasentinelle.dz\/index.php\/2025\/10\/22\/modernisation-de-la-flotte-dair-algerie-le-premier-avion-atterrira-a-alger-le-12-novembre\/","og_locale":"fr_FR","og_type":"article","og_title":"Modernisation de la flotte d\u2019Air Alg\u00e9rie\u00a0: Le premier avion atterrira \u00e0 Alger le 12 novembre - La Sentinelle","og_description":"Le renouvellement de la flotte d&rsquo;Air Alg\u00e9rie prend enfin forme. Le premier des 18 avions command\u00e9s depuis 2023 atterrira \u00e0","og_url":"https:\/\/lasentinelle.dz\/index.php\/2025\/10\/22\/modernisation-de-la-flotte-dair-algerie-le-premier-avion-atterrira-a-alger-le-12-novembre\/","og_site_name":"La Sentinelle","article_publisher":"https:\/\/www.facebook.com\/La-Sentinelle-104059864394773","article_published_time":"2025-10-22T18:30:19+00:00","article_modified_time":"2025-10-22T18:30:21+00:00","og_image":[{"width":900,"height":675,"url":"https:\/\/lasentinelle.dz\/wp-content\/uploads\/2025\/10\/Benhamouda.webp","type":"image\/webp"}],"author":"admin","twitter_card":"summary_large_image","twitter_misc":{"\u00c9crit par":"admin","Dur\u00e9e de lecture estim\u00e9e":"4 minutes"},"schema":{"@context":"https:\/\/schema.org","@graph":[{"@type":"Article","@id":"https:\/\/lasentinelle.dz\/index.php\/2025\/10\/22\/modernisation-de-la-flotte-dair-algerie-le-premier-avion-atterrira-a-alger-le-12-novembre\/#article","isPartOf":{"@id":"https:\/\/lasentinelle.dz\/index.php\/2025\/10\/22\/modernisation-de-la-flotte-dair-algerie-le-premier-avion-atterrira-a-alger-le-12-novembre\/"},"author":{"name":"admin","@id":"https:\/\/lasentinelle.dz\/#\/schema\/person\/729ee0024f24e0b8c5ec17232f8e8b41"},"headline":"Modernisation de la flotte d\u2019Air Alg\u00e9rie\u00a0: Le premier avion atterrira \u00e0 Alger le 12 novembre","datePublished":"2025-10-22T18:30:19+00:00","dateModified":"2025-10-22T18:30:21+00:00","mainEntityOfPage":{"@id":"https:\/\/lasentinelle.dz\/index.php\/2025\/10\/22\/modernisation-de-la-flotte-dair-algerie-le-premier-avion-atterrira-a-alger-le-12-novembre\/"},"wordCount":794,"commentCount":0,"publisher":{"@id":"https:\/\/lasentinelle.dz\/#organization"},"image":{"@id":"https:\/\/lasentinelle.dz\/index.php\/2025\/10\/22\/modernisation-de-la-flotte-dair-algerie-le-premier-avion-atterrira-a-alger-le-12-novembre\/#primaryimage"},"thumbnailUrl":"https:\/\/lasentinelle.dz\/wp-content\/uploads\/2025\/10\/Benhamouda.webp","articleSection":["\u00c9conomie"],"inLanguage":"fr-FR","potentialAction":[{"@type":"CommentAction","name":"Comment","target":["https:\/\/lasentinelle.dz\/index.php\/2025\/10\/22\/modernisation-de-la-flotte-dair-algerie-le-premier-avion-atterrira-a-alger-le-12-novembre\/#respond"]}]},{"@type":"WebPage","@id":"https:\/\/lasentinelle.dz\/index.php\/2025\/10\/22\/modernisation-de-la-flotte-dair-algerie-le-premier-avion-atterrira-a-alger-le-12-novembre\/","url":"https:\/\/lasentinelle.dz\/index.php\/2025\/10\/22\/modernisation-de-la-flotte-dair-algerie-le-premier-avion-atterrira-a-alger-le-12-novembre\/","name":"Modernisation de la flotte d\u2019Air Alg\u00e9rie\u00a0: Le premier avion atterrira \u00e0 Alger le 12 novembre - La Sentinelle","isPartOf":{"@id":"https:\/\/lasentinelle.dz\/#website"},"primaryImageOfPage":{"@id":"https:\/\/lasentinelle.dz\/index.php\/2025\/10\/22\/modernisation-de-la-flotte-dair-algerie-le-premier-avion-atterrira-a-alger-le-12-novembre\/#primaryimage"},"image":{"@id":"https:\/\/lasentinelle.dz\/index.php\/2025\/10\/22\/modernisation-de-la-flotte-dair-algerie-le-premier-avion-atterrira-a-alger-le-12-novembre\/#primaryimage"},"thumbnailUrl":"https:\/\/lasentinelle.dz\/wp-content\/uploads\/2025\/10\/Benhamouda.webp","datePublished":"2025-10-22T18:30:19+00:00","dateModified":"2025-10-22T18:30:21+00:00","breadcrumb":{"@id":"https:\/\/lasentinelle.dz\/index.php\/2025\/10\/22\/modernisation-de-la-flotte-dair-algerie-le-premier-avion-atterrira-a-alger-le-12-novembre\/#breadcrumb"},"inLanguage":"fr-FR","potentialAction":[{"@type":"ReadAction","target":["https:\/\/lasentinelle.dz\/index.php\/2025\/10\/22\/modernisation-de-la-flotte-dair-algerie-le-premier-avion-atterrira-a-alger-le-12-novembre\/"]}]},{"@type":"ImageObject","inLanguage":"fr-FR","@id":"https:\/\/lasentinelle.dz\/index.php\/2025\/10\/22\/modernisation-de-la-flotte-dair-algerie-le-premier-avion-atterrira-a-alger-le-12-novembre\/#primaryimage","url":"https:\/\/lasentinelle.dz\/wp-content\/uploads\/2025\/10\/Benhamouda.webp","contentUrl":"https:\/\/lasentinelle.dz\/wp-content\/uploads\/2025\/10\/Benhamouda.webp","width":900,"height":675},{"@type":"BreadcrumbList","@id":"https:\/\/lasentinelle.dz\/index.php\/2025\/10\/22\/modernisation-de-la-flotte-dair-algerie-le-premier-avion-atterrira-a-alger-le-12-novembre\/#breadcrumb","itemListElement":[{"@type":"ListItem","position":1,"name":"Accueil","item":"https:\/\/lasentinelle.dz\/"},{"@type":"ListItem","position":2,"name":"Modernisation de la flotte d\u2019Air Alg\u00e9rie\u00a0: Le premier avion atterrira \u00e0 Alger le 12 novembre"}]},{"@type":"WebSite","@id":"https:\/\/lasentinelle.dz\/#website","url":"https:\/\/lasentinelle.dz\/","name":"La Sentinelle","description":"Quotidien national d&#039;information","publisher":{"@id":"https:\/\/lasentinelle.dz\/#organization"},"potentialAction":[{"@type":"SearchAction","target":{"@type":"EntryPoint","urlTemplate":"https:\/\/lasentinelle.dz\/?s={search_term_string}"},"query-input":{"@type":"PropertyValueSpecification","valueRequired":true,"valueName":"search_term_string"}}],"inLanguage":"fr-FR"},{"@type":"Organization","@id":"https:\/\/lasentinelle.dz\/#organization","name":"Quotidien La Sentinelle","url":"https:\/\/lasentinelle.dz\/","logo":{"@type":"ImageObject","inLanguage":"fr-FR","@id":"https:\/\/lasentinelle.dz\/#\/schema\/logo\/image\/","url":"https:\/\/lasentinelle.dz\/wp-content\/uploads\/2021\/09\/logo-sentinelleSLOGAN-1.png","contentUrl":"https:\/\/lasentinelle.dz\/wp-content\/uploads\/2021\/09\/logo-sentinelleSLOGAN-1.png","width":615,"height":142,"caption":"Quotidien La Sentinelle"},"image":{"@id":"https:\/\/lasentinelle.dz\/#\/schema\/logo\/image\/"},"sameAs":["https:\/\/www.facebook.com\/La-Sentinelle-104059864394773"]},{"@type":"Person","@id":"https:\/\/lasentinelle.dz\/#\/schema\/person\/729ee0024f24e0b8c5ec17232f8e8b41","name":"admin","image":{"@type":"ImageObject","inLanguage":"fr-FR","@id":"https:\/\/secure.gravatar.com\/avatar\/4c81fed838786e9b53f540bf46533e750f5d292099ae3b66cfc6fb1982e29df7?s=96&d=mm&r=g","url":"https:\/\/secure.gravatar.com\/avatar\/4c81fed838786e9b53f540bf46533e750f5d292099ae3b66cfc6fb1982e29df7?s=96&d=mm&r=g","contentUrl":"https:\/\/secure.gravatar.com\/avatar\/4c81fed838786e9b53f540bf46533e750f5d292099ae3b66cfc6fb1982e29df7?s=96&d=mm&r=g","caption":"admin"},"description":"admin","url":"https:\/\/lasentinelle.dz\/author\/admin\/"}]}},"_links":{"self":[{"href":"https:\/\/lasentinelle.dz\/index.php\/wp-json\/wp\/v2\/posts\/75172","targetHints":{"allow":["GET"]}}],"collection":[{"href":"https:\/\/lasentinelle.dz\/index.php\/wp-json\/wp\/v2\/posts"}],"about":[{"href":"https:\/\/lasentinelle.dz\/index.php\/wp-json\/wp\/v2\/types\/post"}],"author":[{"embeddable":true,"href":"https:\/\/lasentinelle.dz\/index.php\/wp-json\/wp\/v2\/users\/6"}],"replies":[{"embeddable":true,"href":"https:\/\/lasentinelle.dz\/index.php\/wp-json\/wp\/v2\/comments?post=75172"}],"version-history":[{"count":1,"href":"https:\/\/lasentinelle.dz\/index.php\/wp-json\/wp\/v2\/posts\/75172\/revisions"}],"predecessor-version":[{"id":75174,"href":"https:\/\/lasentinelle.dz\/index.php\/wp-json\/wp\/v2\/posts\/75172\/revisions\/75174"}],"wp:featuredmedia":[{"embeddable":true,"href":"https:\/\/lasentinelle.dz\/index.php\/wp-json\/wp\/v2\/media\/75173"}],"wp:attachment":[{"href":"https:\/\/lasentinelle.dz\/index.php\/wp-json\/wp\/v2\/media?parent=75172"}],"wp:term":[{"taxonomy":"category","embeddable":true,"href":"https:\/\/lasentinelle.dz\/index.php\/wp-json\/wp\/v2\/categories?post=75172"},{"taxonomy":"post_tag","embeddable":true,"href":"https:\/\/lasentinelle.dz\/index.php\/wp-json\/wp\/v2\/tags?post=75172"}],"curies":[{"name":"wp","href":"https:\/\/api.w.org\/{rel}","templated":true}]}}