{"id":75178,"date":"2025-10-22T19:33:26","date_gmt":"2025-10-22T18:33:26","guid":{"rendered":"https:\/\/lasentinelle.dz\/?p=75178"},"modified":"2025-10-22T19:33:27","modified_gmt":"2025-10-22T18:33:27","slug":"arkab-a-la-27e-session-ministerielle-du-gecf-une-sequence-intense-pour-la-diplomatie-energetique","status":"publish","type":"post","link":"https:\/\/lasentinelle.dz\/index.php\/2025\/10\/22\/arkab-a-la-27e-session-ministerielle-du-gecf-une-sequence-intense-pour-la-diplomatie-energetique\/","title":{"rendered":"Arkab \u00e0 la 27e session minist\u00e9rielle du GECF\u00a0: Une s\u00e9quence intense pour la diplomatie \u00e9nerg\u00e9tique"},"content":{"rendered":"\n<p>En marge du 27e session minist\u00e9rielle du Forum des pays exportateurs de gaz, le ministre d\u2019Etat, ministre des Hydrocarbures et des Mines a tenu une s\u00e9rie d&rsquo;entretiens avec ses homologues nig\u00e9rian, mauritanien, libyen, qatari et iranien, consolidant les partenariats \u00e9nerg\u00e9tiques de l&rsquo;Alg\u00e9rie en Afrique et au Moyen-Orient. Cette s\u00e9quence diplomatique, marqu\u00e9e par plusieurs entretiens bilat\u00e9raux de haut niveau, t\u00e9moigne de la volont\u00e9 de l&rsquo;Alg\u00e9rie de consolider sa position d&rsquo;acteur \u00e9nerg\u00e9tique majeur sur les sc\u00e8nes africaine et internationale.<\/p>\n\n\n\n<p>Lors de son entretien avec le ministre d&rsquo;\u00c9tat nig\u00e9rian aux Ressources p\u00e9troli\u00e8res charg\u00e9 du Gaz, Ekperikpe Ekpo, les deux parties ont examin\u00e9 les relations de coop\u00e9ration bilat\u00e9rale dans le secteur des hydrocarbures et les opportunit\u00e9s d&rsquo;investissement conjointes, notamment dans les projets d&rsquo;exploration et de production de gaz, la p\u00e9trochimie, ainsi que le transport et la commercialisation du gaz naturel. Cette rencontre, qui s&rsquo;est d\u00e9roul\u00e9e en pr\u00e9sence de l&rsquo;ambassadeur d&rsquo;Alg\u00e9rie au Qatar et de cadres des deux parties, a \u00e9galement permis de renforcer la coop\u00e9ration et l&rsquo;\u00e9change d&rsquo;exp\u00e9riences dans l&rsquo;industrie p\u00e9troli\u00e8re et gazi\u00e8re. Le dossier du gazoduc transsaharien, projet strat\u00e9gique de premier plan, a occup\u00e9 une place centrale dans les discussions. Le ministre nig\u00e9rian a r\u00e9affirm\u00e9 \u00ab\u00a0l&rsquo;engagement de son pays \u00e0 concr\u00e9tiser ce projet vital\u00a0\u00bb, soulignant qu&rsquo;il constitue \u00ab\u00a0un pilier strat\u00e9gique pour renforcer les approvisionnements vers le march\u00e9 mondial\u00a0\u00bb. Les deux parties ont \u00e9galement insist\u00e9 sur l&rsquo;importance de la coordination entre pays africains, particuli\u00e8rement dans le cadre de l&rsquo;Organisation africaine des pays producteurs de p\u00e9trole, afin d&rsquo;optimiser l&rsquo;exploitation des ressources et de garantir la s\u00e9curit\u00e9 \u00e9nerg\u00e9tique continentale. Dans un autre registre, Mohamed Arkab s&rsquo;est entretenu avec son homologue mauritanien, Mohamed Ould Khaled, abordant les moyens de renforcer les relations de coop\u00e9ration bilat\u00e9rale dans les domaines des hydrocarbures et des mines, conform\u00e9ment aux aspirations des deux pays vers une int\u00e9gration \u00e9conomique approfondie et la r\u00e9alisation d&rsquo;int\u00e9r\u00eats communs. Le ministre d&rsquo;\u00c9tat a renouvel\u00e9 \u00ab\u00a0la disponibilit\u00e9 de l&rsquo;Alg\u00e9rie, \u00e0 travers le groupe Sonatrach, \u00e0 partager son expertise et \u00e0 soutenir sa cons\u0153ur mauritanienne via des programmes de formation et de transfert de savoir-faire technique, contribuant ainsi au d\u00e9veloppement de l&rsquo;industrie p\u00e9troli\u00e8re et gazi\u00e8re en Mauritanie\u00a0\u00bb. Mohamed Arkab a particuli\u00e8rement soulign\u00e9 que l&rsquo;Alg\u00e9rie accorde \u00ab\u00a0une importance particuli\u00e8re au soutien des projets d&rsquo;exploration et d&rsquo;exploitation des hydrocarbures en Mauritanie, y compris les investissements actuels et futurs de Sonatrach dans ce domaine, compte tenu des nouvelles d\u00e9couvertes r\u00e9alis\u00e9es\u00a0\u00bb. Il a mis en avant l&rsquo;importance d&rsquo;\u00e9tablir des partenariats strat\u00e9giques solides renfor\u00e7ant la coop\u00e9ration entre les deux pays fr\u00e8res. Les deux parties sont convenues d&rsquo;intensifier les efforts conjoints pour d\u00e9velopper les ressources p\u00e9troli\u00e8res mauritaniennes, garantissant une exploitation optimale des potentialit\u00e9s naturelles disponibles, dans le cadre d&rsquo;une vision strat\u00e9gique globale visant \u00e0 approfondir la coop\u00e9ration dans les domaines de l&rsquo;exploration, de la production, du transport et de la transformation des hydrocarbures, ainsi que dans la transformation des ressources mini\u00e8res comme le phosphate et le renforcement de la coop\u00e9ration dans l&rsquo;industrie des engrais.<\/p>\n\n\n\n<p>La s\u00e9quence diplomatique s&rsquo;est poursuivie avec un entretien avec le ministre libyen du P\u00e9trole et du Gaz, Khalifa Rajab Abdulsadek, pr\u00e9sident en exercice du GECF. Les discussions ont port\u00e9 sur les opportunit\u00e9s de coop\u00e9ration et d&rsquo;investissement entre les deux pays dans les domaines de l&rsquo;exploration, de la production et des services p\u00e9troliers, ainsi que la formation, \u00e0 travers le renforcement des activit\u00e9s de Sonatrach en Libye. Les deux parties ont \u00e9galement abord\u00e9 des dossiers organisationnels et administratifs concernant la gestion du Forum et le d\u00e9veloppement de ses performances. Mohamed Arkab s&rsquo;est \u00e9galement entretenu avec le secr\u00e9taire g\u00e9n\u00e9ral du GECF, Mohamed Hamel, sur les \u00e9volutions du march\u00e9 mondial du gaz. Cette rencontre a port\u00e9 sur \u00ab\u00a0les \u00e9volutions et perspectives du march\u00e9 mondial du gaz et plusieurs dossiers organisationnels et administratifs li\u00e9s \u00e0 la gestion du Forum\u00a0\u00bb. Les deux responsables ont \u00e9voqu\u00e9 \u00ab\u00a0les objectifs strat\u00e9giques du Forum ainsi que les moyens de d\u00e9velopper ses m\u00e9canismes de fonctionnement afin de consolider son r\u00f4le dans la stabilit\u00e9 des march\u00e9s mondiaux\u00a0\u00bb. Ils ont \u00e9galement discut\u00e9 du \u00ab\u00a0r\u00f4le de l&rsquo;Institut de recherche sur le gaz, bas\u00e9 \u00e0 Alger, dans le d\u00e9veloppement du savoir technique et le renforcement de l&rsquo;innovation en mati\u00e8re d&rsquo;industrie gazi\u00e8re\u00a0\u00bb. \u00c0 cette occasion, Mohamed Arkab a soulign\u00e9 \u00ab\u00a0l&rsquo;importance de faire du Forum une r\u00e9f\u00e9rence internationale en mati\u00e8re d&rsquo;industrie du gaz naturel\u00a0\u00bb et \u00ab\u00a0la n\u00e9cessit\u00e9 de renforcer le dialogue entre producteurs et consommateurs pour garantir la transparence et la stabilit\u00e9 du march\u00e9\u00a0\u00bb, r\u00e9affirmant \u00ab\u00a0l&rsquo;engagement de l&rsquo;Alg\u00e9rie \u00e0 continuer \u00e0 soutenir le Forum et \u00e0 d\u00e9velopper ses activit\u00e9s\u00a0\u00bb. Le secr\u00e9taire g\u00e9n\u00e9ral du GECF a salu\u00e9 \u00ab\u00a0le r\u00f4le pionnier de l&rsquo;Alg\u00e9rie au sein du Forum\u00a0\u00bb et \u00ab\u00a0ses contributions constantes \u00e0 la promotion de ses activit\u00e9s et \u00e0 l&rsquo;\u00e9largissement de la coop\u00e9ration entre \u00c9tats membres\u00a0\u00bb. Un entretien avec le ministre d&rsquo;\u00c9tat qatari aux Affaires \u00e9nerg\u00e9tiques, Saad bin Sherida Al Kaabi, a permis d&rsquo;examiner l&rsquo;\u00e9tat et les perspectives de la coop\u00e9ration bilat\u00e9rale dans les domaines des hydrocarbures et des mines, ainsi que les \u00e9changes techniques et le d\u00e9veloppement des projets communs dans l&rsquo;industrie p\u00e9troli\u00e8re et gazi\u00e8re. Les deux ministres ont soulign\u00e9 \u00ab\u00a0la profondeur des relations fraternelles et historiques unissant les deux pays fr\u00e8res, renforc\u00e9es par la volont\u00e9 politique des dirigeants des deux pays\u00a0\u00bb. Mohamed Arkab a salu\u00e9 la dynamique que connaissent les relations de coop\u00e9ration, invitant les entreprises qataries \u00e0 \u00ab\u00a0\u00e9largir et renforcer leur collaboration et leurs investissements en Alg\u00e9rie dans les domaines des hydrocarbures, de la p\u00e9trochimie et des mines, gr\u00e2ce aux avantages offerts par les nouveaux cadres juridiques r\u00e9gissant ces secteurs\u00a0\u00bb. Le ministre qatari a exprim\u00e9 \u00ab\u00a0sa satisfaction quant au niveau des relations bilat\u00e9rales\u00a0\u00bb, soulignant \u00ab\u00a0l&rsquo;int\u00e9r\u00eat et la volont\u00e9 permanente des entreprises qataries, au premier rang desquelles Qatar Energy, de renforcer leur pr\u00e9sence sur le march\u00e9 alg\u00e9rien\u00a0\u00bb. Enfin, Mohamed Arkab s&rsquo;est entretenu avec le ministre du P\u00e9trole iranien, Mohsen Paknejad, passant en revue \u00ab\u00a0les relations de coop\u00e9ration et de partenariat entre les deux pays, ainsi que les perspectives de leur d\u00e9veloppement, notamment dans le secteur du p\u00e9trole et du gaz\u00a0\u00bb. Les deux parties se sont f\u00e9licit\u00e9es du niveau de dialogue et de concertation au sein du GECF ainsi qu&rsquo;au niveau de l&rsquo;OPEP+, visant \u00e0 \u00ab\u00a0contribuer \u00e0 la stabilit\u00e9 des march\u00e9s mondiaux du p\u00e9trole et du gaz\u00a0\u00bb.<\/p>\n\n\n\n<p>S.G.<\/p>\n","protected":false},"excerpt":{"rendered":"<p>En marge du 27e session minist\u00e9rielle du Forum des pays exportateurs de gaz, le ministre d\u2019Etat, ministre des Hydrocarbures et<\/p>\n","protected":false},"author":6,"featured_media":75179,"comment_status":"open","ping_status":"closed","sticky":false,"template":"","format":"standard","meta":{"colormag_page_container_layout":"default_layout","colormag_page_sidebar_layout":"default_layout","om_disable_all_campaigns":false,"_monsterinsights_skip_tracking":false,"_monsterinsights_sitenote_active":false,"_monsterinsights_sitenote_note":"","_monsterinsights_sitenote_category":0,"footnotes":"","_wpscppro_dont_share_socialmedia":false,"_wpscppro_custom_social_share_image":0,"_facebook_share_type":"default","_twitter_share_type":"default","_linkedin_share_type":"default","_pinterest_share_type":"default","_linkedin_share_type_page":"","_instagram_share_type":"default","_medium_share_type":"default","_threads_share_type":"default","_google_business_share_type":"default","_selected_social_profile":[],"_wpsp_enable_custom_social_template":false,"_wpsp_social_scheduling":{"enabled":false,"datetime":null,"platforms":[],"status":"template_only","dateOption":"today","timeOption":"now","customDays":"","customHours":"","customDate":"","customTime":"","schedulingType":"absolute"},"_wpsp_active_default_template":true},"categories":[29],"tags":[],"class_list":["post-75178","post","type-post","status-publish","format-standard","has-post-thumbnail","hentry","category-economie"],"aioseo_notices":[],"yoast_head":"<!-- This site is optimized with the Yoast SEO plugin v27.5 - https:\/\/yoast.com\/product\/yoast-seo-wordpress\/ -->\n<title>Arkab \u00e0 la 27e session minist\u00e9rielle du GECF\u00a0: Une s\u00e9quence intense pour la diplomatie \u00e9nerg\u00e9tique - La Sentinelle<\/title>\n<meta name=\"robots\" content=\"index, follow, max-snippet:-1, max-image-preview:large, max-video-preview:-1\" \/>\n<link rel=\"canonical\" href=\"https:\/\/lasentinelle.dz\/index.php\/2025\/10\/22\/arkab-a-la-27e-session-ministerielle-du-gecf-une-sequence-intense-pour-la-diplomatie-energetique\/\" \/>\n<meta property=\"og:locale\" content=\"fr_FR\" \/>\n<meta property=\"og:type\" content=\"article\" \/>\n<meta property=\"og:title\" content=\"Arkab \u00e0 la 27e session minist\u00e9rielle du GECF\u00a0: Une s\u00e9quence intense pour la diplomatie \u00e9nerg\u00e9tique - La Sentinelle\" \/>\n<meta property=\"og:description\" content=\"En marge du 27e session minist\u00e9rielle du Forum des pays exportateurs de gaz, le ministre d\u2019Etat, ministre des Hydrocarbures et\" \/>\n<meta property=\"og:url\" content=\"https:\/\/lasentinelle.dz\/index.php\/2025\/10\/22\/arkab-a-la-27e-session-ministerielle-du-gecf-une-sequence-intense-pour-la-diplomatie-energetique\/\" \/>\n<meta property=\"og:site_name\" content=\"La Sentinelle\" \/>\n<meta property=\"article:publisher\" content=\"https:\/\/www.facebook.com\/La-Sentinelle-104059864394773\" \/>\n<meta property=\"article:published_time\" content=\"2025-10-22T18:33:26+00:00\" \/>\n<meta property=\"article:modified_time\" content=\"2025-10-22T18:33:27+00:00\" \/>\n<meta property=\"og:image\" content=\"https:\/\/lasentinelle.dz\/wp-content\/uploads\/2025\/10\/571038610_1146424047632357_1667524385121415518_n.jpg\" \/>\n\t<meta property=\"og:image:width\" content=\"2048\" \/>\n\t<meta property=\"og:image:height\" content=\"1280\" \/>\n\t<meta property=\"og:image:type\" content=\"image\/jpeg\" \/>\n<meta name=\"author\" content=\"admin\" \/>\n<meta name=\"twitter:card\" content=\"summary_large_image\" \/>\n<meta name=\"twitter:label1\" content=\"\u00c9crit par\" \/>\n\t<meta name=\"twitter:data1\" content=\"admin\" \/>\n\t<meta name=\"twitter:label2\" content=\"Dur\u00e9e de lecture estim\u00e9e\" \/>\n\t<meta name=\"twitter:data2\" content=\"6 minutes\" \/>\n<script type=\"application\/ld+json\" class=\"yoast-schema-graph\">{\"@context\":\"https:\\\/\\\/schema.org\",\"@graph\":[{\"@type\":\"Article\",\"@id\":\"https:\\\/\\\/lasentinelle.dz\\\/index.php\\\/2025\\\/10\\\/22\\\/arkab-a-la-27e-session-ministerielle-du-gecf-une-sequence-intense-pour-la-diplomatie-energetique\\\/#article\",\"isPartOf\":{\"@id\":\"https:\\\/\\\/lasentinelle.dz\\\/index.php\\\/2025\\\/10\\\/22\\\/arkab-a-la-27e-session-ministerielle-du-gecf-une-sequence-intense-pour-la-diplomatie-energetique\\\/\"},\"author\":{\"name\":\"admin\",\"@id\":\"https:\\\/\\\/lasentinelle.dz\\\/#\\\/schema\\\/person\\\/729ee0024f24e0b8c5ec17232f8e8b41\"},\"headline\":\"Arkab \u00e0 la 27e session minist\u00e9rielle du GECF\u00a0: Une s\u00e9quence intense pour la diplomatie \u00e9nerg\u00e9tique\",\"datePublished\":\"2025-10-22T18:33:26+00:00\",\"dateModified\":\"2025-10-22T18:33:27+00:00\",\"mainEntityOfPage\":{\"@id\":\"https:\\\/\\\/lasentinelle.dz\\\/index.php\\\/2025\\\/10\\\/22\\\/arkab-a-la-27e-session-ministerielle-du-gecf-une-sequence-intense-pour-la-diplomatie-energetique\\\/\"},\"wordCount\":1197,\"commentCount\":0,\"publisher\":{\"@id\":\"https:\\\/\\\/lasentinelle.dz\\\/#organization\"},\"image\":{\"@id\":\"https:\\\/\\\/lasentinelle.dz\\\/index.php\\\/2025\\\/10\\\/22\\\/arkab-a-la-27e-session-ministerielle-du-gecf-une-sequence-intense-pour-la-diplomatie-energetique\\\/#primaryimage\"},\"thumbnailUrl\":\"https:\\\/\\\/lasentinelle.dz\\\/wp-content\\\/uploads\\\/2025\\\/10\\\/571038610_1146424047632357_1667524385121415518_n.jpg\",\"articleSection\":[\"\u00c9conomie\"],\"inLanguage\":\"fr-FR\",\"potentialAction\":[{\"@type\":\"CommentAction\",\"name\":\"Comment\",\"target\":[\"https:\\\/\\\/lasentinelle.dz\\\/index.php\\\/2025\\\/10\\\/22\\\/arkab-a-la-27e-session-ministerielle-du-gecf-une-sequence-intense-pour-la-diplomatie-energetique\\\/#respond\"]}]},{\"@type\":\"WebPage\",\"@id\":\"https:\\\/\\\/lasentinelle.dz\\\/index.php\\\/2025\\\/10\\\/22\\\/arkab-a-la-27e-session-ministerielle-du-gecf-une-sequence-intense-pour-la-diplomatie-energetique\\\/\",\"url\":\"https:\\\/\\\/lasentinelle.dz\\\/index.php\\\/2025\\\/10\\\/22\\\/arkab-a-la-27e-session-ministerielle-du-gecf-une-sequence-intense-pour-la-diplomatie-energetique\\\/\",\"name\":\"Arkab \u00e0 la 27e session minist\u00e9rielle du GECF\u00a0: Une s\u00e9quence intense pour la diplomatie \u00e9nerg\u00e9tique - La Sentinelle\",\"isPartOf\":{\"@id\":\"https:\\\/\\\/lasentinelle.dz\\\/#website\"},\"primaryImageOfPage\":{\"@id\":\"https:\\\/\\\/lasentinelle.dz\\\/index.php\\\/2025\\\/10\\\/22\\\/arkab-a-la-27e-session-ministerielle-du-gecf-une-sequence-intense-pour-la-diplomatie-energetique\\\/#primaryimage\"},\"image\":{\"@id\":\"https:\\\/\\\/lasentinelle.dz\\\/index.php\\\/2025\\\/10\\\/22\\\/arkab-a-la-27e-session-ministerielle-du-gecf-une-sequence-intense-pour-la-diplomatie-energetique\\\/#primaryimage\"},\"thumbnailUrl\":\"https:\\\/\\\/lasentinelle.dz\\\/wp-content\\\/uploads\\\/2025\\\/10\\\/571038610_1146424047632357_1667524385121415518_n.jpg\",\"datePublished\":\"2025-10-22T18:33:26+00:00\",\"dateModified\":\"2025-10-22T18:33:27+00:00\",\"breadcrumb\":{\"@id\":\"https:\\\/\\\/lasentinelle.dz\\\/index.php\\\/2025\\\/10\\\/22\\\/arkab-a-la-27e-session-ministerielle-du-gecf-une-sequence-intense-pour-la-diplomatie-energetique\\\/#breadcrumb\"},\"inLanguage\":\"fr-FR\",\"potentialAction\":[{\"@type\":\"ReadAction\",\"target\":[\"https:\\\/\\\/lasentinelle.dz\\\/index.php\\\/2025\\\/10\\\/22\\\/arkab-a-la-27e-session-ministerielle-du-gecf-une-sequence-intense-pour-la-diplomatie-energetique\\\/\"]}]},{\"@type\":\"ImageObject\",\"inLanguage\":\"fr-FR\",\"@id\":\"https:\\\/\\\/lasentinelle.dz\\\/index.php\\\/2025\\\/10\\\/22\\\/arkab-a-la-27e-session-ministerielle-du-gecf-une-sequence-intense-pour-la-diplomatie-energetique\\\/#primaryimage\",\"url\":\"https:\\\/\\\/lasentinelle.dz\\\/wp-content\\\/uploads\\\/2025\\\/10\\\/571038610_1146424047632357_1667524385121415518_n.jpg\",\"contentUrl\":\"https:\\\/\\\/lasentinelle.dz\\\/wp-content\\\/uploads\\\/2025\\\/10\\\/571038610_1146424047632357_1667524385121415518_n.jpg\",\"width\":2048,\"height\":1280},{\"@type\":\"BreadcrumbList\",\"@id\":\"https:\\\/\\\/lasentinelle.dz\\\/index.php\\\/2025\\\/10\\\/22\\\/arkab-a-la-27e-session-ministerielle-du-gecf-une-sequence-intense-pour-la-diplomatie-energetique\\\/#breadcrumb\",\"itemListElement\":[{\"@type\":\"ListItem\",\"position\":1,\"name\":\"Accueil\",\"item\":\"https:\\\/\\\/lasentinelle.dz\\\/\"},{\"@type\":\"ListItem\",\"position\":2,\"name\":\"Arkab \u00e0 la 27e session minist\u00e9rielle du GECF\u00a0: Une s\u00e9quence intense pour la diplomatie \u00e9nerg\u00e9tique\"}]},{\"@type\":\"WebSite\",\"@id\":\"https:\\\/\\\/lasentinelle.dz\\\/#website\",\"url\":\"https:\\\/\\\/lasentinelle.dz\\\/\",\"name\":\"La Sentinelle\",\"description\":\"Quotidien national d&#039;information\",\"publisher\":{\"@id\":\"https:\\\/\\\/lasentinelle.dz\\\/#organization\"},\"potentialAction\":[{\"@type\":\"SearchAction\",\"target\":{\"@type\":\"EntryPoint\",\"urlTemplate\":\"https:\\\/\\\/lasentinelle.dz\\\/?s={search_term_string}\"},\"query-input\":{\"@type\":\"PropertyValueSpecification\",\"valueRequired\":true,\"valueName\":\"search_term_string\"}}],\"inLanguage\":\"fr-FR\"},{\"@type\":\"Organization\",\"@id\":\"https:\\\/\\\/lasentinelle.dz\\\/#organization\",\"name\":\"Quotidien La Sentinelle\",\"url\":\"https:\\\/\\\/lasentinelle.dz\\\/\",\"logo\":{\"@type\":\"ImageObject\",\"inLanguage\":\"fr-FR\",\"@id\":\"https:\\\/\\\/lasentinelle.dz\\\/#\\\/schema\\\/logo\\\/image\\\/\",\"url\":\"https:\\\/\\\/lasentinelle.dz\\\/wp-content\\\/uploads\\\/2021\\\/09\\\/logo-sentinelleSLOGAN-1.png\",\"contentUrl\":\"https:\\\/\\\/lasentinelle.dz\\\/wp-content\\\/uploads\\\/2021\\\/09\\\/logo-sentinelleSLOGAN-1.png\",\"width\":615,\"height\":142,\"caption\":\"Quotidien La Sentinelle\"},\"image\":{\"@id\":\"https:\\\/\\\/lasentinelle.dz\\\/#\\\/schema\\\/logo\\\/image\\\/\"},\"sameAs\":[\"https:\\\/\\\/www.facebook.com\\\/La-Sentinelle-104059864394773\"]},{\"@type\":\"Person\",\"@id\":\"https:\\\/\\\/lasentinelle.dz\\\/#\\\/schema\\\/person\\\/729ee0024f24e0b8c5ec17232f8e8b41\",\"name\":\"admin\",\"image\":{\"@type\":\"ImageObject\",\"inLanguage\":\"fr-FR\",\"@id\":\"https:\\\/\\\/secure.gravatar.com\\\/avatar\\\/4c81fed838786e9b53f540bf46533e750f5d292099ae3b66cfc6fb1982e29df7?s=96&d=mm&r=g\",\"url\":\"https:\\\/\\\/secure.gravatar.com\\\/avatar\\\/4c81fed838786e9b53f540bf46533e750f5d292099ae3b66cfc6fb1982e29df7?s=96&d=mm&r=g\",\"contentUrl\":\"https:\\\/\\\/secure.gravatar.com\\\/avatar\\\/4c81fed838786e9b53f540bf46533e750f5d292099ae3b66cfc6fb1982e29df7?s=96&d=mm&r=g\",\"caption\":\"admin\"},\"description\":\"admin\",\"url\":\"https:\\\/\\\/lasentinelle.dz\\\/author\\\/admin\\\/\"}]}<\/script>\n<!-- \/ Yoast SEO plugin. -->","yoast_head_json":{"title":"Arkab \u00e0 la 27e session minist\u00e9rielle du GECF\u00a0: Une s\u00e9quence intense pour la diplomatie \u00e9nerg\u00e9tique - La Sentinelle","robots":{"index":"index","follow":"follow","max-snippet":"max-snippet:-1","max-image-preview":"max-image-preview:large","max-video-preview":"max-video-preview:-1"},"canonical":"https:\/\/lasentinelle.dz\/index.php\/2025\/10\/22\/arkab-a-la-27e-session-ministerielle-du-gecf-une-sequence-intense-pour-la-diplomatie-energetique\/","og_locale":"fr_FR","og_type":"article","og_title":"Arkab \u00e0 la 27e session minist\u00e9rielle du GECF\u00a0: Une s\u00e9quence intense pour la diplomatie \u00e9nerg\u00e9tique - La Sentinelle","og_description":"En marge du 27e session minist\u00e9rielle du Forum des pays exportateurs de gaz, le ministre d\u2019Etat, ministre des Hydrocarbures et","og_url":"https:\/\/lasentinelle.dz\/index.php\/2025\/10\/22\/arkab-a-la-27e-session-ministerielle-du-gecf-une-sequence-intense-pour-la-diplomatie-energetique\/","og_site_name":"La Sentinelle","article_publisher":"https:\/\/www.facebook.com\/La-Sentinelle-104059864394773","article_published_time":"2025-10-22T18:33:26+00:00","article_modified_time":"2025-10-22T18:33:27+00:00","og_image":[{"width":2048,"height":1280,"url":"https:\/\/lasentinelle.dz\/wp-content\/uploads\/2025\/10\/571038610_1146424047632357_1667524385121415518_n.jpg","type":"image\/jpeg"}],"author":"admin","twitter_card":"summary_large_image","twitter_misc":{"\u00c9crit par":"admin","Dur\u00e9e de lecture estim\u00e9e":"6 minutes"},"schema":{"@context":"https:\/\/schema.org","@graph":[{"@type":"Article","@id":"https:\/\/lasentinelle.dz\/index.php\/2025\/10\/22\/arkab-a-la-27e-session-ministerielle-du-gecf-une-sequence-intense-pour-la-diplomatie-energetique\/#article","isPartOf":{"@id":"https:\/\/lasentinelle.dz\/index.php\/2025\/10\/22\/arkab-a-la-27e-session-ministerielle-du-gecf-une-sequence-intense-pour-la-diplomatie-energetique\/"},"author":{"name":"admin","@id":"https:\/\/lasentinelle.dz\/#\/schema\/person\/729ee0024f24e0b8c5ec17232f8e8b41"},"headline":"Arkab \u00e0 la 27e session minist\u00e9rielle du GECF\u00a0: Une s\u00e9quence intense pour la diplomatie \u00e9nerg\u00e9tique","datePublished":"2025-10-22T18:33:26+00:00","dateModified":"2025-10-22T18:33:27+00:00","mainEntityOfPage":{"@id":"https:\/\/lasentinelle.dz\/index.php\/2025\/10\/22\/arkab-a-la-27e-session-ministerielle-du-gecf-une-sequence-intense-pour-la-diplomatie-energetique\/"},"wordCount":1197,"commentCount":0,"publisher":{"@id":"https:\/\/lasentinelle.dz\/#organization"},"image":{"@id":"https:\/\/lasentinelle.dz\/index.php\/2025\/10\/22\/arkab-a-la-27e-session-ministerielle-du-gecf-une-sequence-intense-pour-la-diplomatie-energetique\/#primaryimage"},"thumbnailUrl":"https:\/\/lasentinelle.dz\/wp-content\/uploads\/2025\/10\/571038610_1146424047632357_1667524385121415518_n.jpg","articleSection":["\u00c9conomie"],"inLanguage":"fr-FR","potentialAction":[{"@type":"CommentAction","name":"Comment","target":["https:\/\/lasentinelle.dz\/index.php\/2025\/10\/22\/arkab-a-la-27e-session-ministerielle-du-gecf-une-sequence-intense-pour-la-diplomatie-energetique\/#respond"]}]},{"@type":"WebPage","@id":"https:\/\/lasentinelle.dz\/index.php\/2025\/10\/22\/arkab-a-la-27e-session-ministerielle-du-gecf-une-sequence-intense-pour-la-diplomatie-energetique\/","url":"https:\/\/lasentinelle.dz\/index.php\/2025\/10\/22\/arkab-a-la-27e-session-ministerielle-du-gecf-une-sequence-intense-pour-la-diplomatie-energetique\/","name":"Arkab \u00e0 la 27e session minist\u00e9rielle du GECF\u00a0: Une s\u00e9quence intense pour la diplomatie \u00e9nerg\u00e9tique - La Sentinelle","isPartOf":{"@id":"https:\/\/lasentinelle.dz\/#website"},"primaryImageOfPage":{"@id":"https:\/\/lasentinelle.dz\/index.php\/2025\/10\/22\/arkab-a-la-27e-session-ministerielle-du-gecf-une-sequence-intense-pour-la-diplomatie-energetique\/#primaryimage"},"image":{"@id":"https:\/\/lasentinelle.dz\/index.php\/2025\/10\/22\/arkab-a-la-27e-session-ministerielle-du-gecf-une-sequence-intense-pour-la-diplomatie-energetique\/#primaryimage"},"thumbnailUrl":"https:\/\/lasentinelle.dz\/wp-content\/uploads\/2025\/10\/571038610_1146424047632357_1667524385121415518_n.jpg","datePublished":"2025-10-22T18:33:26+00:00","dateModified":"2025-10-22T18:33:27+00:00","breadcrumb":{"@id":"https:\/\/lasentinelle.dz\/index.php\/2025\/10\/22\/arkab-a-la-27e-session-ministerielle-du-gecf-une-sequence-intense-pour-la-diplomatie-energetique\/#breadcrumb"},"inLanguage":"fr-FR","potentialAction":[{"@type":"ReadAction","target":["https:\/\/lasentinelle.dz\/index.php\/2025\/10\/22\/arkab-a-la-27e-session-ministerielle-du-gecf-une-sequence-intense-pour-la-diplomatie-energetique\/"]}]},{"@type":"ImageObject","inLanguage":"fr-FR","@id":"https:\/\/lasentinelle.dz\/index.php\/2025\/10\/22\/arkab-a-la-27e-session-ministerielle-du-gecf-une-sequence-intense-pour-la-diplomatie-energetique\/#primaryimage","url":"https:\/\/lasentinelle.dz\/wp-content\/uploads\/2025\/10\/571038610_1146424047632357_1667524385121415518_n.jpg","contentUrl":"https:\/\/lasentinelle.dz\/wp-content\/uploads\/2025\/10\/571038610_1146424047632357_1667524385121415518_n.jpg","width":2048,"height":1280},{"@type":"BreadcrumbList","@id":"https:\/\/lasentinelle.dz\/index.php\/2025\/10\/22\/arkab-a-la-27e-session-ministerielle-du-gecf-une-sequence-intense-pour-la-diplomatie-energetique\/#breadcrumb","itemListElement":[{"@type":"ListItem","position":1,"name":"Accueil","item":"https:\/\/lasentinelle.dz\/"},{"@type":"ListItem","position":2,"name":"Arkab \u00e0 la 27e session minist\u00e9rielle du GECF\u00a0: Une s\u00e9quence intense pour la diplomatie \u00e9nerg\u00e9tique"}]},{"@type":"WebSite","@id":"https:\/\/lasentinelle.dz\/#website","url":"https:\/\/lasentinelle.dz\/","name":"La Sentinelle","description":"Quotidien national d&#039;information","publisher":{"@id":"https:\/\/lasentinelle.dz\/#organization"},"potentialAction":[{"@type":"SearchAction","target":{"@type":"EntryPoint","urlTemplate":"https:\/\/lasentinelle.dz\/?s={search_term_string}"},"query-input":{"@type":"PropertyValueSpecification","valueRequired":true,"valueName":"search_term_string"}}],"inLanguage":"fr-FR"},{"@type":"Organization","@id":"https:\/\/lasentinelle.dz\/#organization","name":"Quotidien La Sentinelle","url":"https:\/\/lasentinelle.dz\/","logo":{"@type":"ImageObject","inLanguage":"fr-FR","@id":"https:\/\/lasentinelle.dz\/#\/schema\/logo\/image\/","url":"https:\/\/lasentinelle.dz\/wp-content\/uploads\/2021\/09\/logo-sentinelleSLOGAN-1.png","contentUrl":"https:\/\/lasentinelle.dz\/wp-content\/uploads\/2021\/09\/logo-sentinelleSLOGAN-1.png","width":615,"height":142,"caption":"Quotidien La Sentinelle"},"image":{"@id":"https:\/\/lasentinelle.dz\/#\/schema\/logo\/image\/"},"sameAs":["https:\/\/www.facebook.com\/La-Sentinelle-104059864394773"]},{"@type":"Person","@id":"https:\/\/lasentinelle.dz\/#\/schema\/person\/729ee0024f24e0b8c5ec17232f8e8b41","name":"admin","image":{"@type":"ImageObject","inLanguage":"fr-FR","@id":"https:\/\/secure.gravatar.com\/avatar\/4c81fed838786e9b53f540bf46533e750f5d292099ae3b66cfc6fb1982e29df7?s=96&d=mm&r=g","url":"https:\/\/secure.gravatar.com\/avatar\/4c81fed838786e9b53f540bf46533e750f5d292099ae3b66cfc6fb1982e29df7?s=96&d=mm&r=g","contentUrl":"https:\/\/secure.gravatar.com\/avatar\/4c81fed838786e9b53f540bf46533e750f5d292099ae3b66cfc6fb1982e29df7?s=96&d=mm&r=g","caption":"admin"},"description":"admin","url":"https:\/\/lasentinelle.dz\/author\/admin\/"}]}},"_links":{"self":[{"href":"https:\/\/lasentinelle.dz\/index.php\/wp-json\/wp\/v2\/posts\/75178","targetHints":{"allow":["GET"]}}],"collection":[{"href":"https:\/\/lasentinelle.dz\/index.php\/wp-json\/wp\/v2\/posts"}],"about":[{"href":"https:\/\/lasentinelle.dz\/index.php\/wp-json\/wp\/v2\/types\/post"}],"author":[{"embeddable":true,"href":"https:\/\/lasentinelle.dz\/index.php\/wp-json\/wp\/v2\/users\/6"}],"replies":[{"embeddable":true,"href":"https:\/\/lasentinelle.dz\/index.php\/wp-json\/wp\/v2\/comments?post=75178"}],"version-history":[{"count":1,"href":"https:\/\/lasentinelle.dz\/index.php\/wp-json\/wp\/v2\/posts\/75178\/revisions"}],"predecessor-version":[{"id":75180,"href":"https:\/\/lasentinelle.dz\/index.php\/wp-json\/wp\/v2\/posts\/75178\/revisions\/75180"}],"wp:featuredmedia":[{"embeddable":true,"href":"https:\/\/lasentinelle.dz\/index.php\/wp-json\/wp\/v2\/media\/75179"}],"wp:attachment":[{"href":"https:\/\/lasentinelle.dz\/index.php\/wp-json\/wp\/v2\/media?parent=75178"}],"wp:term":[{"taxonomy":"category","embeddable":true,"href":"https:\/\/lasentinelle.dz\/index.php\/wp-json\/wp\/v2\/categories?post=75178"},{"taxonomy":"post_tag","embeddable":true,"href":"https:\/\/lasentinelle.dz\/index.php\/wp-json\/wp\/v2\/tags?post=75178"}],"curies":[{"name":"wp","href":"https:\/\/api.w.org\/{rel}","templated":true}]}}