{"id":75181,"date":"2025-10-22T19:36:00","date_gmt":"2025-10-22T18:36:00","guid":{"rendered":"https:\/\/lasentinelle.dz\/?p=75181"},"modified":"2025-10-22T19:36:01","modified_gmt":"2025-10-22T18:36:01","slug":"30e-anniversaire-des-relations-diplomatiques-entre-lalgerie-et-la-bielorussie","status":"publish","type":"post","link":"https:\/\/lasentinelle.dz\/index.php\/2025\/10\/22\/30e-anniversaire-des-relations-diplomatiques-entre-lalgerie-et-la-bielorussie\/","title":{"rendered":"30e anniversaire des relations diplomatiques entre l\u2019Alg\u00e9rie et la Bi\u00e9lorussie\u00a0"},"content":{"rendered":"\n<p>Le ministre des Affaires \u00e9trang\u00e8res de la R\u00e9publique de Bi\u00e9lorussie, Maxim Ryzhenkov, a \u00e9t\u00e9 re\u00e7u mercredi par le pr\u00e9sident Abdelmadjid Tebboune et son homologue alg\u00e9rien Ahmed Attaf, dans le cadre d&rsquo;une visite officielle marquant une nouvelle \u00e9tape dans les relations bilat\u00e9rales entre les deux pays. Le pr\u00e9sident de la R\u00e9publique, Abdelmadjid Tebboune, a re\u00e7u mercredi le ministre des Affaires \u00e9trang\u00e8res de la R\u00e9publique de Bi\u00e9lorussie, Maxim Ryzhenkov, et la d\u00e9l\u00e9gation qui l&rsquo;accompagne, indique un communiqu\u00e9 de la Pr\u00e9sidence de la R\u00e9publique. L&rsquo;audience s&rsquo;est d\u00e9roul\u00e9e en pr\u00e9sence du directeur de Cabinet \u00e0 la Pr\u00e9sidence de la R\u00e9publique, Boualem Boualem, du ministre d&rsquo;Etat, ministre des Affaires \u00e9trang\u00e8res, de la Communaut\u00e9 nationale \u00e0 l&rsquo;\u00e9tranger et des Affaires africaines, Ahmed Attaf, et du conseiller aupr\u00e8s du pr\u00e9sident de la R\u00e9publique charg\u00e9 des affaires diplomatiques, Amar Abba, pr\u00e9cise la m\u00eame source.<\/p>\n\n\n\n<p>Cette visite officielle du chef de la diplomatie bi\u00e9lorusse intervient dans un contexte particulier, alors que les deux pays c\u00e9l\u00e8brent cette ann\u00e9e le trenti\u00e8me anniversaire de l&rsquo;\u00e9tablissement de leurs relations diplomatiques. Le ministre d&rsquo;Etat, ministre des Affaires \u00e9trang\u00e8res de la Communaut\u00e9 nationale \u00e0 l\u2019\u00e9tranger et des Affaires africaines Ahmed Attaf a re\u00e7u plus t\u00f4t dans la journ\u00e9e son homologue bi\u00e9lorusse au si\u00e8ge du minist\u00e8re des Affaires \u00e9trang\u00e8res, indique un communiqu\u00e9 du minist\u00e8re. Le ministre d&rsquo;Etat a eu \u00ab\u00a0un entretien en t\u00eate-\u00e0-t\u00eate avec son homologue bi\u00e9lorusse, \u00e9largi ensuite aux membres des d\u00e9l\u00e9gations des deux pays\u00a0\u00bb, pr\u00e9cise le communiqu\u00e9. Cette rencontre a permis \u00ab\u00a0un examen approfondi de l&rsquo;\u00e9tat de la coop\u00e9ration entre l&rsquo;Alg\u00e9rie et la Bi\u00e9lorussie, alors que les deux pays c\u00e9l\u00e8brent, cette ann\u00e9e, le 30e anniversaire de l&rsquo;\u00e9tablissement de leurs relations diplomatiques\u00a0\u00bb, selon le communiqu\u00e9 du minist\u00e8re des Affaires \u00e9trang\u00e8res. Les discussions ont port\u00e9 sur l&rsquo;ensemble du spectre de la coop\u00e9ration bilat\u00e9rale et les moyens de la dynamiser davantage dans les diff\u00e9rents domaines d&rsquo;int\u00e9r\u00eat commun. Les deux ministres ont soulign\u00e9 \u00ab\u00a0la n\u00e9cessit\u00e9 de mettre \u00e0 profit les r\u00e9sultats importants d\u00e9coulant des travaux de la premi\u00e8re session de la commission mixte, tenus en avril dernier, afin de hisser les relations alg\u00e9ro-bi\u00e9lorusses \u00e0 des niveaux sup\u00e9rieurs, notamment dans le cadre des pr\u00e9paratifs en cours en pr\u00e9vision des \u00e9ch\u00e9ances bilat\u00e9rales de haut niveau\u00a0\u00bb, rapporte le communiqu\u00e9 du minist\u00e8re. Cette r\u00e9f\u00e9rence aux travaux de la commission mixte t\u00e9moigne de la volont\u00e9 des deux parties de traduire en actes concrets les engagements pris et de donner un nouvel \u00e9lan \u00e0 leur partenariat. Au-del\u00e0 des questions bilat\u00e9rales, les deux ministres ont \u00ab\u00a0\u00e9chang\u00e9 les vues et les analyses sur nombre de questions internationales et r\u00e9gionales\u00a0\u00bb, soulignant \u00ab\u00a0la n\u00e9cessit\u00e9 de poursuivre le soutien mutuel et la coordination dans les fora internationaux\u00a0\u00bb, conclut le communiqu\u00e9 du minist\u00e8re des Affaires \u00e9trang\u00e8res. Cette convergence de vues sur les dossiers internationaux refl\u00e8te la profondeur des relations entre Alger et Minsk et leur volont\u00e9 commune de renforcer leur coop\u00e9ration sur la sc\u00e8ne internationale.<\/p>\n\n\n\n<p>Chokri Hafed<\/p>\n","protected":false},"excerpt":{"rendered":"<p>Le ministre des Affaires \u00e9trang\u00e8res de la R\u00e9publique de Bi\u00e9lorussie, Maxim Ryzhenkov, a \u00e9t\u00e9 re\u00e7u mercredi par le pr\u00e9sident Abdelmadjid<\/p>\n","protected":false},"author":6,"featured_media":75182,"comment_status":"open","ping_status":"closed","sticky":false,"template":"","format":"standard","meta":{"colormag_page_container_layout":"default_layout","colormag_page_sidebar_layout":"default_layout","om_disable_all_campaigns":false,"_monsterinsights_skip_tracking":false,"_monsterinsights_sitenote_active":false,"_monsterinsights_sitenote_note":"","_monsterinsights_sitenote_category":0,"footnotes":"","_wpscppro_dont_share_socialmedia":false,"_wpscppro_custom_social_share_image":0,"_facebook_share_type":"default","_twitter_share_type":"default","_linkedin_share_type":"default","_pinterest_share_type":"default","_linkedin_share_type_page":"","_instagram_share_type":"default","_medium_share_type":"default","_threads_share_type":"default","_google_business_share_type":"default","_selected_social_profile":[],"_wpsp_enable_custom_social_template":false,"_wpsp_social_scheduling":{"enabled":false,"datetime":null,"platforms":[],"status":"template_only","dateOption":"today","timeOption":"now","customDays":"","customHours":"","customDate":"","customTime":"","schedulingType":"absolute"},"_wpsp_active_default_template":true},"categories":[27],"tags":[],"class_list":["post-75181","post","type-post","status-publish","format-standard","has-post-thumbnail","hentry","category-actualite"],"aioseo_notices":[],"yoast_head":"<!-- This site is optimized with the Yoast SEO plugin v27.5 - https:\/\/yoast.com\/product\/yoast-seo-wordpress\/ -->\n<title>30e anniversaire des relations diplomatiques entre l\u2019Alg\u00e9rie et la Bi\u00e9lorussie\u00a0 - La Sentinelle<\/title>\n<meta name=\"robots\" content=\"index, follow, max-snippet:-1, max-image-preview:large, max-video-preview:-1\" \/>\n<link rel=\"canonical\" href=\"https:\/\/lasentinelle.dz\/index.php\/2025\/10\/22\/30e-anniversaire-des-relations-diplomatiques-entre-lalgerie-et-la-bielorussie\/\" \/>\n<meta property=\"og:locale\" content=\"fr_FR\" \/>\n<meta property=\"og:type\" content=\"article\" \/>\n<meta property=\"og:title\" content=\"30e anniversaire des relations diplomatiques entre l\u2019Alg\u00e9rie et la Bi\u00e9lorussie\u00a0 - La Sentinelle\" \/>\n<meta property=\"og:description\" content=\"Le ministre des Affaires \u00e9trang\u00e8res de la R\u00e9publique de Bi\u00e9lorussie, Maxim Ryzhenkov, a \u00e9t\u00e9 re\u00e7u mercredi par le pr\u00e9sident Abdelmadjid\" \/>\n<meta property=\"og:url\" content=\"https:\/\/lasentinelle.dz\/index.php\/2025\/10\/22\/30e-anniversaire-des-relations-diplomatiques-entre-lalgerie-et-la-bielorussie\/\" \/>\n<meta property=\"og:site_name\" content=\"La Sentinelle\" \/>\n<meta property=\"article:publisher\" content=\"https:\/\/www.facebook.com\/La-Sentinelle-104059864394773\" \/>\n<meta property=\"article:published_time\" content=\"2025-10-22T18:36:00+00:00\" \/>\n<meta property=\"article:modified_time\" content=\"2025-10-22T18:36:01+00:00\" \/>\n<meta property=\"og:image\" content=\"https:\/\/lasentinelle.dz\/wp-content\/uploads\/2025\/10\/Capture-decran-2025-10-22-a-7.35.09-PM.png\" \/>\n\t<meta property=\"og:image:width\" content=\"906\" \/>\n\t<meta property=\"og:image:height\" content=\"448\" \/>\n\t<meta property=\"og:image:type\" content=\"image\/png\" \/>\n<meta name=\"author\" content=\"admin\" \/>\n<meta name=\"twitter:card\" content=\"summary_large_image\" \/>\n<meta name=\"twitter:label1\" content=\"\u00c9crit par\" \/>\n\t<meta name=\"twitter:data1\" content=\"admin\" \/>\n\t<meta name=\"twitter:label2\" content=\"Dur\u00e9e de lecture estim\u00e9e\" \/>\n\t<meta name=\"twitter:data2\" content=\"3 minutes\" \/>\n<script type=\"application\/ld+json\" class=\"yoast-schema-graph\">{\"@context\":\"https:\\\/\\\/schema.org\",\"@graph\":[{\"@type\":\"Article\",\"@id\":\"https:\\\/\\\/lasentinelle.dz\\\/index.php\\\/2025\\\/10\\\/22\\\/30e-anniversaire-des-relations-diplomatiques-entre-lalgerie-et-la-bielorussie\\\/#article\",\"isPartOf\":{\"@id\":\"https:\\\/\\\/lasentinelle.dz\\\/index.php\\\/2025\\\/10\\\/22\\\/30e-anniversaire-des-relations-diplomatiques-entre-lalgerie-et-la-bielorussie\\\/\"},\"author\":{\"name\":\"admin\",\"@id\":\"https:\\\/\\\/lasentinelle.dz\\\/#\\\/schema\\\/person\\\/729ee0024f24e0b8c5ec17232f8e8b41\"},\"headline\":\"30e anniversaire des relations diplomatiques entre l\u2019Alg\u00e9rie et la Bi\u00e9lorussie\u00a0\",\"datePublished\":\"2025-10-22T18:36:00+00:00\",\"dateModified\":\"2025-10-22T18:36:01+00:00\",\"mainEntityOfPage\":{\"@id\":\"https:\\\/\\\/lasentinelle.dz\\\/index.php\\\/2025\\\/10\\\/22\\\/30e-anniversaire-des-relations-diplomatiques-entre-lalgerie-et-la-bielorussie\\\/\"},\"wordCount\":574,\"commentCount\":0,\"publisher\":{\"@id\":\"https:\\\/\\\/lasentinelle.dz\\\/#organization\"},\"image\":{\"@id\":\"https:\\\/\\\/lasentinelle.dz\\\/index.php\\\/2025\\\/10\\\/22\\\/30e-anniversaire-des-relations-diplomatiques-entre-lalgerie-et-la-bielorussie\\\/#primaryimage\"},\"thumbnailUrl\":\"https:\\\/\\\/lasentinelle.dz\\\/wp-content\\\/uploads\\\/2025\\\/10\\\/Capture-decran-2025-10-22-a-7.35.09-PM.png\",\"articleSection\":[\"Actualit\u00e9\"],\"inLanguage\":\"fr-FR\",\"potentialAction\":[{\"@type\":\"CommentAction\",\"name\":\"Comment\",\"target\":[\"https:\\\/\\\/lasentinelle.dz\\\/index.php\\\/2025\\\/10\\\/22\\\/30e-anniversaire-des-relations-diplomatiques-entre-lalgerie-et-la-bielorussie\\\/#respond\"]}]},{\"@type\":\"WebPage\",\"@id\":\"https:\\\/\\\/lasentinelle.dz\\\/index.php\\\/2025\\\/10\\\/22\\\/30e-anniversaire-des-relations-diplomatiques-entre-lalgerie-et-la-bielorussie\\\/\",\"url\":\"https:\\\/\\\/lasentinelle.dz\\\/index.php\\\/2025\\\/10\\\/22\\\/30e-anniversaire-des-relations-diplomatiques-entre-lalgerie-et-la-bielorussie\\\/\",\"name\":\"30e anniversaire des relations diplomatiques entre l\u2019Alg\u00e9rie et la Bi\u00e9lorussie\u00a0 - La Sentinelle\",\"isPartOf\":{\"@id\":\"https:\\\/\\\/lasentinelle.dz\\\/#website\"},\"primaryImageOfPage\":{\"@id\":\"https:\\\/\\\/lasentinelle.dz\\\/index.php\\\/2025\\\/10\\\/22\\\/30e-anniversaire-des-relations-diplomatiques-entre-lalgerie-et-la-bielorussie\\\/#primaryimage\"},\"image\":{\"@id\":\"https:\\\/\\\/lasentinelle.dz\\\/index.php\\\/2025\\\/10\\\/22\\\/30e-anniversaire-des-relations-diplomatiques-entre-lalgerie-et-la-bielorussie\\\/#primaryimage\"},\"thumbnailUrl\":\"https:\\\/\\\/lasentinelle.dz\\\/wp-content\\\/uploads\\\/2025\\\/10\\\/Capture-decran-2025-10-22-a-7.35.09-PM.png\",\"datePublished\":\"2025-10-22T18:36:00+00:00\",\"dateModified\":\"2025-10-22T18:36:01+00:00\",\"breadcrumb\":{\"@id\":\"https:\\\/\\\/lasentinelle.dz\\\/index.php\\\/2025\\\/10\\\/22\\\/30e-anniversaire-des-relations-diplomatiques-entre-lalgerie-et-la-bielorussie\\\/#breadcrumb\"},\"inLanguage\":\"fr-FR\",\"potentialAction\":[{\"@type\":\"ReadAction\",\"target\":[\"https:\\\/\\\/lasentinelle.dz\\\/index.php\\\/2025\\\/10\\\/22\\\/30e-anniversaire-des-relations-diplomatiques-entre-lalgerie-et-la-bielorussie\\\/\"]}]},{\"@type\":\"ImageObject\",\"inLanguage\":\"fr-FR\",\"@id\":\"https:\\\/\\\/lasentinelle.dz\\\/index.php\\\/2025\\\/10\\\/22\\\/30e-anniversaire-des-relations-diplomatiques-entre-lalgerie-et-la-bielorussie\\\/#primaryimage\",\"url\":\"https:\\\/\\\/lasentinelle.dz\\\/wp-content\\\/uploads\\\/2025\\\/10\\\/Capture-decran-2025-10-22-a-7.35.09-PM.png\",\"contentUrl\":\"https:\\\/\\\/lasentinelle.dz\\\/wp-content\\\/uploads\\\/2025\\\/10\\\/Capture-decran-2025-10-22-a-7.35.09-PM.png\",\"width\":906,\"height\":448},{\"@type\":\"BreadcrumbList\",\"@id\":\"https:\\\/\\\/lasentinelle.dz\\\/index.php\\\/2025\\\/10\\\/22\\\/30e-anniversaire-des-relations-diplomatiques-entre-lalgerie-et-la-bielorussie\\\/#breadcrumb\",\"itemListElement\":[{\"@type\":\"ListItem\",\"position\":1,\"name\":\"Accueil\",\"item\":\"https:\\\/\\\/lasentinelle.dz\\\/\"},{\"@type\":\"ListItem\",\"position\":2,\"name\":\"30e anniversaire des relations diplomatiques entre l\u2019Alg\u00e9rie et la Bi\u00e9lorussie\u00a0\"}]},{\"@type\":\"WebSite\",\"@id\":\"https:\\\/\\\/lasentinelle.dz\\\/#website\",\"url\":\"https:\\\/\\\/lasentinelle.dz\\\/\",\"name\":\"La Sentinelle\",\"description\":\"Quotidien national d&#039;information\",\"publisher\":{\"@id\":\"https:\\\/\\\/lasentinelle.dz\\\/#organization\"},\"potentialAction\":[{\"@type\":\"SearchAction\",\"target\":{\"@type\":\"EntryPoint\",\"urlTemplate\":\"https:\\\/\\\/lasentinelle.dz\\\/?s={search_term_string}\"},\"query-input\":{\"@type\":\"PropertyValueSpecification\",\"valueRequired\":true,\"valueName\":\"search_term_string\"}}],\"inLanguage\":\"fr-FR\"},{\"@type\":\"Organization\",\"@id\":\"https:\\\/\\\/lasentinelle.dz\\\/#organization\",\"name\":\"Quotidien La Sentinelle\",\"url\":\"https:\\\/\\\/lasentinelle.dz\\\/\",\"logo\":{\"@type\":\"ImageObject\",\"inLanguage\":\"fr-FR\",\"@id\":\"https:\\\/\\\/lasentinelle.dz\\\/#\\\/schema\\\/logo\\\/image\\\/\",\"url\":\"https:\\\/\\\/lasentinelle.dz\\\/wp-content\\\/uploads\\\/2021\\\/09\\\/logo-sentinelleSLOGAN-1.png\",\"contentUrl\":\"https:\\\/\\\/lasentinelle.dz\\\/wp-content\\\/uploads\\\/2021\\\/09\\\/logo-sentinelleSLOGAN-1.png\",\"width\":615,\"height\":142,\"caption\":\"Quotidien La Sentinelle\"},\"image\":{\"@id\":\"https:\\\/\\\/lasentinelle.dz\\\/#\\\/schema\\\/logo\\\/image\\\/\"},\"sameAs\":[\"https:\\\/\\\/www.facebook.com\\\/La-Sentinelle-104059864394773\"]},{\"@type\":\"Person\",\"@id\":\"https:\\\/\\\/lasentinelle.dz\\\/#\\\/schema\\\/person\\\/729ee0024f24e0b8c5ec17232f8e8b41\",\"name\":\"admin\",\"image\":{\"@type\":\"ImageObject\",\"inLanguage\":\"fr-FR\",\"@id\":\"https:\\\/\\\/secure.gravatar.com\\\/avatar\\\/4c81fed838786e9b53f540bf46533e750f5d292099ae3b66cfc6fb1982e29df7?s=96&d=mm&r=g\",\"url\":\"https:\\\/\\\/secure.gravatar.com\\\/avatar\\\/4c81fed838786e9b53f540bf46533e750f5d292099ae3b66cfc6fb1982e29df7?s=96&d=mm&r=g\",\"contentUrl\":\"https:\\\/\\\/secure.gravatar.com\\\/avatar\\\/4c81fed838786e9b53f540bf46533e750f5d292099ae3b66cfc6fb1982e29df7?s=96&d=mm&r=g\",\"caption\":\"admin\"},\"description\":\"admin\",\"url\":\"https:\\\/\\\/lasentinelle.dz\\\/author\\\/admin\\\/\"}]}<\/script>\n<!-- \/ Yoast SEO plugin. -->","yoast_head_json":{"title":"30e anniversaire des relations diplomatiques entre l\u2019Alg\u00e9rie et la Bi\u00e9lorussie\u00a0 - La Sentinelle","robots":{"index":"index","follow":"follow","max-snippet":"max-snippet:-1","max-image-preview":"max-image-preview:large","max-video-preview":"max-video-preview:-1"},"canonical":"https:\/\/lasentinelle.dz\/index.php\/2025\/10\/22\/30e-anniversaire-des-relations-diplomatiques-entre-lalgerie-et-la-bielorussie\/","og_locale":"fr_FR","og_type":"article","og_title":"30e anniversaire des relations diplomatiques entre l\u2019Alg\u00e9rie et la Bi\u00e9lorussie\u00a0 - La Sentinelle","og_description":"Le ministre des Affaires \u00e9trang\u00e8res de la R\u00e9publique de Bi\u00e9lorussie, Maxim Ryzhenkov, a \u00e9t\u00e9 re\u00e7u mercredi par le pr\u00e9sident Abdelmadjid","og_url":"https:\/\/lasentinelle.dz\/index.php\/2025\/10\/22\/30e-anniversaire-des-relations-diplomatiques-entre-lalgerie-et-la-bielorussie\/","og_site_name":"La Sentinelle","article_publisher":"https:\/\/www.facebook.com\/La-Sentinelle-104059864394773","article_published_time":"2025-10-22T18:36:00+00:00","article_modified_time":"2025-10-22T18:36:01+00:00","og_image":[{"width":906,"height":448,"url":"https:\/\/lasentinelle.dz\/wp-content\/uploads\/2025\/10\/Capture-decran-2025-10-22-a-7.35.09-PM.png","type":"image\/png"}],"author":"admin","twitter_card":"summary_large_image","twitter_misc":{"\u00c9crit par":"admin","Dur\u00e9e de lecture estim\u00e9e":"3 minutes"},"schema":{"@context":"https:\/\/schema.org","@graph":[{"@type":"Article","@id":"https:\/\/lasentinelle.dz\/index.php\/2025\/10\/22\/30e-anniversaire-des-relations-diplomatiques-entre-lalgerie-et-la-bielorussie\/#article","isPartOf":{"@id":"https:\/\/lasentinelle.dz\/index.php\/2025\/10\/22\/30e-anniversaire-des-relations-diplomatiques-entre-lalgerie-et-la-bielorussie\/"},"author":{"name":"admin","@id":"https:\/\/lasentinelle.dz\/#\/schema\/person\/729ee0024f24e0b8c5ec17232f8e8b41"},"headline":"30e anniversaire des relations diplomatiques entre l\u2019Alg\u00e9rie et la Bi\u00e9lorussie\u00a0","datePublished":"2025-10-22T18:36:00+00:00","dateModified":"2025-10-22T18:36:01+00:00","mainEntityOfPage":{"@id":"https:\/\/lasentinelle.dz\/index.php\/2025\/10\/22\/30e-anniversaire-des-relations-diplomatiques-entre-lalgerie-et-la-bielorussie\/"},"wordCount":574,"commentCount":0,"publisher":{"@id":"https:\/\/lasentinelle.dz\/#organization"},"image":{"@id":"https:\/\/lasentinelle.dz\/index.php\/2025\/10\/22\/30e-anniversaire-des-relations-diplomatiques-entre-lalgerie-et-la-bielorussie\/#primaryimage"},"thumbnailUrl":"https:\/\/lasentinelle.dz\/wp-content\/uploads\/2025\/10\/Capture-decran-2025-10-22-a-7.35.09-PM.png","articleSection":["Actualit\u00e9"],"inLanguage":"fr-FR","potentialAction":[{"@type":"CommentAction","name":"Comment","target":["https:\/\/lasentinelle.dz\/index.php\/2025\/10\/22\/30e-anniversaire-des-relations-diplomatiques-entre-lalgerie-et-la-bielorussie\/#respond"]}]},{"@type":"WebPage","@id":"https:\/\/lasentinelle.dz\/index.php\/2025\/10\/22\/30e-anniversaire-des-relations-diplomatiques-entre-lalgerie-et-la-bielorussie\/","url":"https:\/\/lasentinelle.dz\/index.php\/2025\/10\/22\/30e-anniversaire-des-relations-diplomatiques-entre-lalgerie-et-la-bielorussie\/","name":"30e anniversaire des relations diplomatiques entre l\u2019Alg\u00e9rie et la Bi\u00e9lorussie\u00a0 - La Sentinelle","isPartOf":{"@id":"https:\/\/lasentinelle.dz\/#website"},"primaryImageOfPage":{"@id":"https:\/\/lasentinelle.dz\/index.php\/2025\/10\/22\/30e-anniversaire-des-relations-diplomatiques-entre-lalgerie-et-la-bielorussie\/#primaryimage"},"image":{"@id":"https:\/\/lasentinelle.dz\/index.php\/2025\/10\/22\/30e-anniversaire-des-relations-diplomatiques-entre-lalgerie-et-la-bielorussie\/#primaryimage"},"thumbnailUrl":"https:\/\/lasentinelle.dz\/wp-content\/uploads\/2025\/10\/Capture-decran-2025-10-22-a-7.35.09-PM.png","datePublished":"2025-10-22T18:36:00+00:00","dateModified":"2025-10-22T18:36:01+00:00","breadcrumb":{"@id":"https:\/\/lasentinelle.dz\/index.php\/2025\/10\/22\/30e-anniversaire-des-relations-diplomatiques-entre-lalgerie-et-la-bielorussie\/#breadcrumb"},"inLanguage":"fr-FR","potentialAction":[{"@type":"ReadAction","target":["https:\/\/lasentinelle.dz\/index.php\/2025\/10\/22\/30e-anniversaire-des-relations-diplomatiques-entre-lalgerie-et-la-bielorussie\/"]}]},{"@type":"ImageObject","inLanguage":"fr-FR","@id":"https:\/\/lasentinelle.dz\/index.php\/2025\/10\/22\/30e-anniversaire-des-relations-diplomatiques-entre-lalgerie-et-la-bielorussie\/#primaryimage","url":"https:\/\/lasentinelle.dz\/wp-content\/uploads\/2025\/10\/Capture-decran-2025-10-22-a-7.35.09-PM.png","contentUrl":"https:\/\/lasentinelle.dz\/wp-content\/uploads\/2025\/10\/Capture-decran-2025-10-22-a-7.35.09-PM.png","width":906,"height":448},{"@type":"BreadcrumbList","@id":"https:\/\/lasentinelle.dz\/index.php\/2025\/10\/22\/30e-anniversaire-des-relations-diplomatiques-entre-lalgerie-et-la-bielorussie\/#breadcrumb","itemListElement":[{"@type":"ListItem","position":1,"name":"Accueil","item":"https:\/\/lasentinelle.dz\/"},{"@type":"ListItem","position":2,"name":"30e anniversaire des relations diplomatiques entre l\u2019Alg\u00e9rie et la Bi\u00e9lorussie\u00a0"}]},{"@type":"WebSite","@id":"https:\/\/lasentinelle.dz\/#website","url":"https:\/\/lasentinelle.dz\/","name":"La Sentinelle","description":"Quotidien national d&#039;information","publisher":{"@id":"https:\/\/lasentinelle.dz\/#organization"},"potentialAction":[{"@type":"SearchAction","target":{"@type":"EntryPoint","urlTemplate":"https:\/\/lasentinelle.dz\/?s={search_term_string}"},"query-input":{"@type":"PropertyValueSpecification","valueRequired":true,"valueName":"search_term_string"}}],"inLanguage":"fr-FR"},{"@type":"Organization","@id":"https:\/\/lasentinelle.dz\/#organization","name":"Quotidien La Sentinelle","url":"https:\/\/lasentinelle.dz\/","logo":{"@type":"ImageObject","inLanguage":"fr-FR","@id":"https:\/\/lasentinelle.dz\/#\/schema\/logo\/image\/","url":"https:\/\/lasentinelle.dz\/wp-content\/uploads\/2021\/09\/logo-sentinelleSLOGAN-1.png","contentUrl":"https:\/\/lasentinelle.dz\/wp-content\/uploads\/2021\/09\/logo-sentinelleSLOGAN-1.png","width":615,"height":142,"caption":"Quotidien La Sentinelle"},"image":{"@id":"https:\/\/lasentinelle.dz\/#\/schema\/logo\/image\/"},"sameAs":["https:\/\/www.facebook.com\/La-Sentinelle-104059864394773"]},{"@type":"Person","@id":"https:\/\/lasentinelle.dz\/#\/schema\/person\/729ee0024f24e0b8c5ec17232f8e8b41","name":"admin","image":{"@type":"ImageObject","inLanguage":"fr-FR","@id":"https:\/\/secure.gravatar.com\/avatar\/4c81fed838786e9b53f540bf46533e750f5d292099ae3b66cfc6fb1982e29df7?s=96&d=mm&r=g","url":"https:\/\/secure.gravatar.com\/avatar\/4c81fed838786e9b53f540bf46533e750f5d292099ae3b66cfc6fb1982e29df7?s=96&d=mm&r=g","contentUrl":"https:\/\/secure.gravatar.com\/avatar\/4c81fed838786e9b53f540bf46533e750f5d292099ae3b66cfc6fb1982e29df7?s=96&d=mm&r=g","caption":"admin"},"description":"admin","url":"https:\/\/lasentinelle.dz\/author\/admin\/"}]}},"_links":{"self":[{"href":"https:\/\/lasentinelle.dz\/index.php\/wp-json\/wp\/v2\/posts\/75181","targetHints":{"allow":["GET"]}}],"collection":[{"href":"https:\/\/lasentinelle.dz\/index.php\/wp-json\/wp\/v2\/posts"}],"about":[{"href":"https:\/\/lasentinelle.dz\/index.php\/wp-json\/wp\/v2\/types\/post"}],"author":[{"embeddable":true,"href":"https:\/\/lasentinelle.dz\/index.php\/wp-json\/wp\/v2\/users\/6"}],"replies":[{"embeddable":true,"href":"https:\/\/lasentinelle.dz\/index.php\/wp-json\/wp\/v2\/comments?post=75181"}],"version-history":[{"count":1,"href":"https:\/\/lasentinelle.dz\/index.php\/wp-json\/wp\/v2\/posts\/75181\/revisions"}],"predecessor-version":[{"id":75183,"href":"https:\/\/lasentinelle.dz\/index.php\/wp-json\/wp\/v2\/posts\/75181\/revisions\/75183"}],"wp:featuredmedia":[{"embeddable":true,"href":"https:\/\/lasentinelle.dz\/index.php\/wp-json\/wp\/v2\/media\/75182"}],"wp:attachment":[{"href":"https:\/\/lasentinelle.dz\/index.php\/wp-json\/wp\/v2\/media?parent=75181"}],"wp:term":[{"taxonomy":"category","embeddable":true,"href":"https:\/\/lasentinelle.dz\/index.php\/wp-json\/wp\/v2\/categories?post=75181"},{"taxonomy":"post_tag","embeddable":true,"href":"https:\/\/lasentinelle.dz\/index.php\/wp-json\/wp\/v2\/tags?post=75181"}],"curies":[{"name":"wp","href":"https:\/\/api.w.org\/{rel}","templated":true}]}}