{"id":75184,"date":"2025-10-22T19:37:48","date_gmt":"2025-10-22T18:37:48","guid":{"rendered":"https:\/\/lasentinelle.dz\/?p=75184"},"modified":"2025-10-22T19:37:48","modified_gmt":"2025-10-22T18:37:48","slug":"attaf-sentretient-par-telephone-avec-le-ministre-russe-des-affaires-etrangeres-le-sahara-occidental-au-coeur-de-lechange","status":"publish","type":"post","link":"https:\/\/lasentinelle.dz\/index.php\/2025\/10\/22\/attaf-sentretient-par-telephone-avec-le-ministre-russe-des-affaires-etrangeres-le-sahara-occidental-au-coeur-de-lechange\/","title":{"rendered":"Attaf s&rsquo;entretient par t\u00e9l\u00e9phone avec le ministre russe des Affaires \u00e9trang\u00e8res\u00a0: Le Sahara occidental au c\u0153ur de l\u2019\u00e9change"},"content":{"rendered":"\n<p>Le ministre d&rsquo;Etat, ministre des Affaires \u00e9trang\u00e8res, de la Communaut\u00e9 nationale \u00e0 l&rsquo;\u00e9tranger et des Affaires africaines, M. Ahmed Attaf, s&rsquo;est entretenu par t\u00e9l\u00e9phone, mardi soir, avec le Ministre des Affaires \u00e9trang\u00e8res de la F\u00e9d\u00e9ration de Russie, M. Sergue\u00ef Lavrov, indique un communiqu\u00e9 du minist\u00e8re. \u00ab\u00a0Cet entretien s&rsquo;inscrit dans le cadre des traditions de concertation r\u00e9guli\u00e8re entre les deux ministres sur les questions internationales et r\u00e9gionales d&rsquo;int\u00e9r\u00eat commun, \u00e0 la lumi\u00e8re du partenariat strat\u00e9gique \u00e9troit unissant les deux pays\u00a0\u00bb, lit-on dans le communiqu\u00e9. Les deux ministres ont proc\u00e9d\u00e9 \u00e0 \u00ab\u00a0un \u00e9change de vues sur les principales questions inscrites \u00e0 l&rsquo;ordre du jour du Conseil de s\u00e9curit\u00e9, au cours de la pr\u00e9sidence russe de cet organe central des Nations unies, \u00e0 leur t\u00eate la question de la d\u00e9colonisation du Sahara occidental, et au sujet de laquelle une r\u00e9solution est attendue avant la fin du mois\u00a0\u00bb, conclut le communiqu\u00e9. Rappelons que Sergue\u00ef Lavrov avait r\u00e9it\u00e9r\u00e9, la semaine derni\u00e8re, la position de la Russie sur le Sahara occidental lors d\u2019une conf\u00e9rence de presse \u00e0 Moscou. Interrog\u00e9 sur le plan d\u2019autonomie marocain, il avait d\u00e9clar\u00e9 que \u00ab la position russe est simple et claire. Une r\u00e9solution du Conseil de s\u00e9curit\u00e9 pr\u00e9voit un r\u00e8glement fond\u00e9 sur l\u2019autod\u00e9termination, et cette question demeure inscrite \u00e0 l\u2019ordre du jour depuis un demi-si\u00e8cle \u00bb. Le chef de la diplomatie russe avait \u00e9galement insist\u00e9 sur la n\u00e9cessit\u00e9 d\u2019une solution accept\u00e9e par toutes les parties et reposant sur un \u00e9quilibre \u00e9quitable des int\u00e9r\u00eats.<\/p>\n\n\n\n<p>R.N.<\/p>\n","protected":false},"excerpt":{"rendered":"<p>Le ministre d&rsquo;Etat, ministre des Affaires \u00e9trang\u00e8res, de la Communaut\u00e9 nationale \u00e0 l&rsquo;\u00e9tranger et des Affaires africaines, M. Ahmed Attaf,<\/p>\n","protected":false},"author":6,"featured_media":75185,"comment_status":"open","ping_status":"closed","sticky":false,"template":"","format":"standard","meta":{"colormag_page_container_layout":"default_layout","colormag_page_sidebar_layout":"default_layout","om_disable_all_campaigns":false,"_monsterinsights_skip_tracking":false,"_monsterinsights_sitenote_active":false,"_monsterinsights_sitenote_note":"","_monsterinsights_sitenote_category":0,"footnotes":"","_wpscppro_dont_share_socialmedia":false,"_wpscppro_custom_social_share_image":0,"_facebook_share_type":"default","_twitter_share_type":"default","_linkedin_share_type":"default","_pinterest_share_type":"default","_linkedin_share_type_page":"","_instagram_share_type":"default","_medium_share_type":"default","_threads_share_type":"default","_google_business_share_type":"default","_selected_social_profile":[],"_wpsp_enable_custom_social_template":false,"_wpsp_social_scheduling":{"enabled":false,"datetime":null,"platforms":[],"status":"template_only","dateOption":"today","timeOption":"now","customDays":"","customHours":"","customDate":"","customTime":"","schedulingType":"absolute"},"_wpsp_active_default_template":true},"categories":[27],"tags":[],"class_list":["post-75184","post","type-post","status-publish","format-standard","has-post-thumbnail","hentry","category-actualite"],"aioseo_notices":[],"yoast_head":"<!-- This site is optimized with the Yoast SEO plugin v27.5 - https:\/\/yoast.com\/product\/yoast-seo-wordpress\/ -->\n<title>Attaf s&rsquo;entretient par t\u00e9l\u00e9phone avec le ministre russe des Affaires \u00e9trang\u00e8res\u00a0: Le Sahara occidental au c\u0153ur de l\u2019\u00e9change - La Sentinelle<\/title>\n<meta name=\"robots\" content=\"index, follow, max-snippet:-1, max-image-preview:large, max-video-preview:-1\" \/>\n<link rel=\"canonical\" href=\"https:\/\/lasentinelle.dz\/index.php\/2025\/10\/22\/attaf-sentretient-par-telephone-avec-le-ministre-russe-des-affaires-etrangeres-le-sahara-occidental-au-coeur-de-lechange\/\" \/>\n<meta property=\"og:locale\" content=\"fr_FR\" \/>\n<meta property=\"og:type\" content=\"article\" \/>\n<meta property=\"og:title\" content=\"Attaf s&rsquo;entretient par t\u00e9l\u00e9phone avec le ministre russe des Affaires \u00e9trang\u00e8res\u00a0: Le Sahara occidental au c\u0153ur de l\u2019\u00e9change - La Sentinelle\" \/>\n<meta property=\"og:description\" content=\"Le ministre d&rsquo;Etat, ministre des Affaires \u00e9trang\u00e8res, de la Communaut\u00e9 nationale \u00e0 l&rsquo;\u00e9tranger et des Affaires africaines, M. Ahmed Attaf,\" \/>\n<meta property=\"og:url\" content=\"https:\/\/lasentinelle.dz\/index.php\/2025\/10\/22\/attaf-sentretient-par-telephone-avec-le-ministre-russe-des-affaires-etrangeres-le-sahara-occidental-au-coeur-de-lechange\/\" \/>\n<meta property=\"og:site_name\" content=\"La Sentinelle\" \/>\n<meta property=\"article:publisher\" content=\"https:\/\/www.facebook.com\/La-Sentinelle-104059864394773\" \/>\n<meta property=\"article:published_time\" content=\"2025-10-22T18:37:48+00:00\" \/>\n<meta property=\"og:image\" content=\"https:\/\/lasentinelle.dz\/wp-content\/uploads\/2025\/10\/565629650_1126492496298449_2057595919776612018_n.jpg\" \/>\n\t<meta property=\"og:image:width\" content=\"987\" \/>\n\t<meta property=\"og:image:height\" content=\"550\" \/>\n\t<meta property=\"og:image:type\" content=\"image\/jpeg\" \/>\n<meta name=\"author\" content=\"admin\" \/>\n<meta name=\"twitter:card\" content=\"summary_large_image\" \/>\n<meta name=\"twitter:label1\" content=\"\u00c9crit par\" \/>\n\t<meta name=\"twitter:data1\" content=\"admin\" \/>\n\t<meta name=\"twitter:label2\" content=\"Dur\u00e9e de lecture estim\u00e9e\" \/>\n\t<meta name=\"twitter:data2\" content=\"2 minutes\" \/>\n<script type=\"application\/ld+json\" class=\"yoast-schema-graph\">{\"@context\":\"https:\\\/\\\/schema.org\",\"@graph\":[{\"@type\":\"Article\",\"@id\":\"https:\\\/\\\/lasentinelle.dz\\\/index.php\\\/2025\\\/10\\\/22\\\/attaf-sentretient-par-telephone-avec-le-ministre-russe-des-affaires-etrangeres-le-sahara-occidental-au-coeur-de-lechange\\\/#article\",\"isPartOf\":{\"@id\":\"https:\\\/\\\/lasentinelle.dz\\\/index.php\\\/2025\\\/10\\\/22\\\/attaf-sentretient-par-telephone-avec-le-ministre-russe-des-affaires-etrangeres-le-sahara-occidental-au-coeur-de-lechange\\\/\"},\"author\":{\"name\":\"admin\",\"@id\":\"https:\\\/\\\/lasentinelle.dz\\\/#\\\/schema\\\/person\\\/729ee0024f24e0b8c5ec17232f8e8b41\"},\"headline\":\"Attaf s&rsquo;entretient par t\u00e9l\u00e9phone avec le ministre russe des Affaires \u00e9trang\u00e8res\u00a0: Le Sahara occidental au c\u0153ur de l\u2019\u00e9change\",\"datePublished\":\"2025-10-22T18:37:48+00:00\",\"mainEntityOfPage\":{\"@id\":\"https:\\\/\\\/lasentinelle.dz\\\/index.php\\\/2025\\\/10\\\/22\\\/attaf-sentretient-par-telephone-avec-le-ministre-russe-des-affaires-etrangeres-le-sahara-occidental-au-coeur-de-lechange\\\/\"},\"wordCount\":306,\"commentCount\":0,\"publisher\":{\"@id\":\"https:\\\/\\\/lasentinelle.dz\\\/#organization\"},\"image\":{\"@id\":\"https:\\\/\\\/lasentinelle.dz\\\/index.php\\\/2025\\\/10\\\/22\\\/attaf-sentretient-par-telephone-avec-le-ministre-russe-des-affaires-etrangeres-le-sahara-occidental-au-coeur-de-lechange\\\/#primaryimage\"},\"thumbnailUrl\":\"https:\\\/\\\/lasentinelle.dz\\\/wp-content\\\/uploads\\\/2025\\\/10\\\/565629650_1126492496298449_2057595919776612018_n.jpg\",\"articleSection\":[\"Actualit\u00e9\"],\"inLanguage\":\"fr-FR\",\"potentialAction\":[{\"@type\":\"CommentAction\",\"name\":\"Comment\",\"target\":[\"https:\\\/\\\/lasentinelle.dz\\\/index.php\\\/2025\\\/10\\\/22\\\/attaf-sentretient-par-telephone-avec-le-ministre-russe-des-affaires-etrangeres-le-sahara-occidental-au-coeur-de-lechange\\\/#respond\"]}]},{\"@type\":\"WebPage\",\"@id\":\"https:\\\/\\\/lasentinelle.dz\\\/index.php\\\/2025\\\/10\\\/22\\\/attaf-sentretient-par-telephone-avec-le-ministre-russe-des-affaires-etrangeres-le-sahara-occidental-au-coeur-de-lechange\\\/\",\"url\":\"https:\\\/\\\/lasentinelle.dz\\\/index.php\\\/2025\\\/10\\\/22\\\/attaf-sentretient-par-telephone-avec-le-ministre-russe-des-affaires-etrangeres-le-sahara-occidental-au-coeur-de-lechange\\\/\",\"name\":\"Attaf s&rsquo;entretient par t\u00e9l\u00e9phone avec le ministre russe des Affaires \u00e9trang\u00e8res\u00a0: Le Sahara occidental au c\u0153ur de l\u2019\u00e9change - La Sentinelle\",\"isPartOf\":{\"@id\":\"https:\\\/\\\/lasentinelle.dz\\\/#website\"},\"primaryImageOfPage\":{\"@id\":\"https:\\\/\\\/lasentinelle.dz\\\/index.php\\\/2025\\\/10\\\/22\\\/attaf-sentretient-par-telephone-avec-le-ministre-russe-des-affaires-etrangeres-le-sahara-occidental-au-coeur-de-lechange\\\/#primaryimage\"},\"image\":{\"@id\":\"https:\\\/\\\/lasentinelle.dz\\\/index.php\\\/2025\\\/10\\\/22\\\/attaf-sentretient-par-telephone-avec-le-ministre-russe-des-affaires-etrangeres-le-sahara-occidental-au-coeur-de-lechange\\\/#primaryimage\"},\"thumbnailUrl\":\"https:\\\/\\\/lasentinelle.dz\\\/wp-content\\\/uploads\\\/2025\\\/10\\\/565629650_1126492496298449_2057595919776612018_n.jpg\",\"datePublished\":\"2025-10-22T18:37:48+00:00\",\"breadcrumb\":{\"@id\":\"https:\\\/\\\/lasentinelle.dz\\\/index.php\\\/2025\\\/10\\\/22\\\/attaf-sentretient-par-telephone-avec-le-ministre-russe-des-affaires-etrangeres-le-sahara-occidental-au-coeur-de-lechange\\\/#breadcrumb\"},\"inLanguage\":\"fr-FR\",\"potentialAction\":[{\"@type\":\"ReadAction\",\"target\":[\"https:\\\/\\\/lasentinelle.dz\\\/index.php\\\/2025\\\/10\\\/22\\\/attaf-sentretient-par-telephone-avec-le-ministre-russe-des-affaires-etrangeres-le-sahara-occidental-au-coeur-de-lechange\\\/\"]}]},{\"@type\":\"ImageObject\",\"inLanguage\":\"fr-FR\",\"@id\":\"https:\\\/\\\/lasentinelle.dz\\\/index.php\\\/2025\\\/10\\\/22\\\/attaf-sentretient-par-telephone-avec-le-ministre-russe-des-affaires-etrangeres-le-sahara-occidental-au-coeur-de-lechange\\\/#primaryimage\",\"url\":\"https:\\\/\\\/lasentinelle.dz\\\/wp-content\\\/uploads\\\/2025\\\/10\\\/565629650_1126492496298449_2057595919776612018_n.jpg\",\"contentUrl\":\"https:\\\/\\\/lasentinelle.dz\\\/wp-content\\\/uploads\\\/2025\\\/10\\\/565629650_1126492496298449_2057595919776612018_n.jpg\",\"width\":987,\"height\":550},{\"@type\":\"BreadcrumbList\",\"@id\":\"https:\\\/\\\/lasentinelle.dz\\\/index.php\\\/2025\\\/10\\\/22\\\/attaf-sentretient-par-telephone-avec-le-ministre-russe-des-affaires-etrangeres-le-sahara-occidental-au-coeur-de-lechange\\\/#breadcrumb\",\"itemListElement\":[{\"@type\":\"ListItem\",\"position\":1,\"name\":\"Accueil\",\"item\":\"https:\\\/\\\/lasentinelle.dz\\\/\"},{\"@type\":\"ListItem\",\"position\":2,\"name\":\"Attaf s&rsquo;entretient par t\u00e9l\u00e9phone avec le ministre russe des Affaires \u00e9trang\u00e8res\u00a0: Le Sahara occidental au c\u0153ur de l\u2019\u00e9change\"}]},{\"@type\":\"WebSite\",\"@id\":\"https:\\\/\\\/lasentinelle.dz\\\/#website\",\"url\":\"https:\\\/\\\/lasentinelle.dz\\\/\",\"name\":\"La Sentinelle\",\"description\":\"Quotidien national d&#039;information\",\"publisher\":{\"@id\":\"https:\\\/\\\/lasentinelle.dz\\\/#organization\"},\"potentialAction\":[{\"@type\":\"SearchAction\",\"target\":{\"@type\":\"EntryPoint\",\"urlTemplate\":\"https:\\\/\\\/lasentinelle.dz\\\/?s={search_term_string}\"},\"query-input\":{\"@type\":\"PropertyValueSpecification\",\"valueRequired\":true,\"valueName\":\"search_term_string\"}}],\"inLanguage\":\"fr-FR\"},{\"@type\":\"Organization\",\"@id\":\"https:\\\/\\\/lasentinelle.dz\\\/#organization\",\"name\":\"Quotidien La Sentinelle\",\"url\":\"https:\\\/\\\/lasentinelle.dz\\\/\",\"logo\":{\"@type\":\"ImageObject\",\"inLanguage\":\"fr-FR\",\"@id\":\"https:\\\/\\\/lasentinelle.dz\\\/#\\\/schema\\\/logo\\\/image\\\/\",\"url\":\"https:\\\/\\\/lasentinelle.dz\\\/wp-content\\\/uploads\\\/2021\\\/09\\\/logo-sentinelleSLOGAN-1.png\",\"contentUrl\":\"https:\\\/\\\/lasentinelle.dz\\\/wp-content\\\/uploads\\\/2021\\\/09\\\/logo-sentinelleSLOGAN-1.png\",\"width\":615,\"height\":142,\"caption\":\"Quotidien La Sentinelle\"},\"image\":{\"@id\":\"https:\\\/\\\/lasentinelle.dz\\\/#\\\/schema\\\/logo\\\/image\\\/\"},\"sameAs\":[\"https:\\\/\\\/www.facebook.com\\\/La-Sentinelle-104059864394773\"]},{\"@type\":\"Person\",\"@id\":\"https:\\\/\\\/lasentinelle.dz\\\/#\\\/schema\\\/person\\\/729ee0024f24e0b8c5ec17232f8e8b41\",\"name\":\"admin\",\"image\":{\"@type\":\"ImageObject\",\"inLanguage\":\"fr-FR\",\"@id\":\"https:\\\/\\\/secure.gravatar.com\\\/avatar\\\/4c81fed838786e9b53f540bf46533e750f5d292099ae3b66cfc6fb1982e29df7?s=96&d=mm&r=g\",\"url\":\"https:\\\/\\\/secure.gravatar.com\\\/avatar\\\/4c81fed838786e9b53f540bf46533e750f5d292099ae3b66cfc6fb1982e29df7?s=96&d=mm&r=g\",\"contentUrl\":\"https:\\\/\\\/secure.gravatar.com\\\/avatar\\\/4c81fed838786e9b53f540bf46533e750f5d292099ae3b66cfc6fb1982e29df7?s=96&d=mm&r=g\",\"caption\":\"admin\"},\"description\":\"admin\",\"url\":\"https:\\\/\\\/lasentinelle.dz\\\/author\\\/admin\\\/\"}]}<\/script>\n<!-- \/ Yoast SEO plugin. -->","yoast_head_json":{"title":"Attaf s&rsquo;entretient par t\u00e9l\u00e9phone avec le ministre russe des Affaires \u00e9trang\u00e8res\u00a0: Le Sahara occidental au c\u0153ur de l\u2019\u00e9change - La Sentinelle","robots":{"index":"index","follow":"follow","max-snippet":"max-snippet:-1","max-image-preview":"max-image-preview:large","max-video-preview":"max-video-preview:-1"},"canonical":"https:\/\/lasentinelle.dz\/index.php\/2025\/10\/22\/attaf-sentretient-par-telephone-avec-le-ministre-russe-des-affaires-etrangeres-le-sahara-occidental-au-coeur-de-lechange\/","og_locale":"fr_FR","og_type":"article","og_title":"Attaf s&rsquo;entretient par t\u00e9l\u00e9phone avec le ministre russe des Affaires \u00e9trang\u00e8res\u00a0: Le Sahara occidental au c\u0153ur de l\u2019\u00e9change - La Sentinelle","og_description":"Le ministre d&rsquo;Etat, ministre des Affaires \u00e9trang\u00e8res, de la Communaut\u00e9 nationale \u00e0 l&rsquo;\u00e9tranger et des Affaires africaines, M. Ahmed Attaf,","og_url":"https:\/\/lasentinelle.dz\/index.php\/2025\/10\/22\/attaf-sentretient-par-telephone-avec-le-ministre-russe-des-affaires-etrangeres-le-sahara-occidental-au-coeur-de-lechange\/","og_site_name":"La Sentinelle","article_publisher":"https:\/\/www.facebook.com\/La-Sentinelle-104059864394773","article_published_time":"2025-10-22T18:37:48+00:00","og_image":[{"width":987,"height":550,"url":"https:\/\/lasentinelle.dz\/wp-content\/uploads\/2025\/10\/565629650_1126492496298449_2057595919776612018_n.jpg","type":"image\/jpeg"}],"author":"admin","twitter_card":"summary_large_image","twitter_misc":{"\u00c9crit par":"admin","Dur\u00e9e de lecture estim\u00e9e":"2 minutes"},"schema":{"@context":"https:\/\/schema.org","@graph":[{"@type":"Article","@id":"https:\/\/lasentinelle.dz\/index.php\/2025\/10\/22\/attaf-sentretient-par-telephone-avec-le-ministre-russe-des-affaires-etrangeres-le-sahara-occidental-au-coeur-de-lechange\/#article","isPartOf":{"@id":"https:\/\/lasentinelle.dz\/index.php\/2025\/10\/22\/attaf-sentretient-par-telephone-avec-le-ministre-russe-des-affaires-etrangeres-le-sahara-occidental-au-coeur-de-lechange\/"},"author":{"name":"admin","@id":"https:\/\/lasentinelle.dz\/#\/schema\/person\/729ee0024f24e0b8c5ec17232f8e8b41"},"headline":"Attaf s&rsquo;entretient par t\u00e9l\u00e9phone avec le ministre russe des Affaires \u00e9trang\u00e8res\u00a0: Le Sahara occidental au c\u0153ur de l\u2019\u00e9change","datePublished":"2025-10-22T18:37:48+00:00","mainEntityOfPage":{"@id":"https:\/\/lasentinelle.dz\/index.php\/2025\/10\/22\/attaf-sentretient-par-telephone-avec-le-ministre-russe-des-affaires-etrangeres-le-sahara-occidental-au-coeur-de-lechange\/"},"wordCount":306,"commentCount":0,"publisher":{"@id":"https:\/\/lasentinelle.dz\/#organization"},"image":{"@id":"https:\/\/lasentinelle.dz\/index.php\/2025\/10\/22\/attaf-sentretient-par-telephone-avec-le-ministre-russe-des-affaires-etrangeres-le-sahara-occidental-au-coeur-de-lechange\/#primaryimage"},"thumbnailUrl":"https:\/\/lasentinelle.dz\/wp-content\/uploads\/2025\/10\/565629650_1126492496298449_2057595919776612018_n.jpg","articleSection":["Actualit\u00e9"],"inLanguage":"fr-FR","potentialAction":[{"@type":"CommentAction","name":"Comment","target":["https:\/\/lasentinelle.dz\/index.php\/2025\/10\/22\/attaf-sentretient-par-telephone-avec-le-ministre-russe-des-affaires-etrangeres-le-sahara-occidental-au-coeur-de-lechange\/#respond"]}]},{"@type":"WebPage","@id":"https:\/\/lasentinelle.dz\/index.php\/2025\/10\/22\/attaf-sentretient-par-telephone-avec-le-ministre-russe-des-affaires-etrangeres-le-sahara-occidental-au-coeur-de-lechange\/","url":"https:\/\/lasentinelle.dz\/index.php\/2025\/10\/22\/attaf-sentretient-par-telephone-avec-le-ministre-russe-des-affaires-etrangeres-le-sahara-occidental-au-coeur-de-lechange\/","name":"Attaf s&rsquo;entretient par t\u00e9l\u00e9phone avec le ministre russe des Affaires \u00e9trang\u00e8res\u00a0: Le Sahara occidental au c\u0153ur de l\u2019\u00e9change - La Sentinelle","isPartOf":{"@id":"https:\/\/lasentinelle.dz\/#website"},"primaryImageOfPage":{"@id":"https:\/\/lasentinelle.dz\/index.php\/2025\/10\/22\/attaf-sentretient-par-telephone-avec-le-ministre-russe-des-affaires-etrangeres-le-sahara-occidental-au-coeur-de-lechange\/#primaryimage"},"image":{"@id":"https:\/\/lasentinelle.dz\/index.php\/2025\/10\/22\/attaf-sentretient-par-telephone-avec-le-ministre-russe-des-affaires-etrangeres-le-sahara-occidental-au-coeur-de-lechange\/#primaryimage"},"thumbnailUrl":"https:\/\/lasentinelle.dz\/wp-content\/uploads\/2025\/10\/565629650_1126492496298449_2057595919776612018_n.jpg","datePublished":"2025-10-22T18:37:48+00:00","breadcrumb":{"@id":"https:\/\/lasentinelle.dz\/index.php\/2025\/10\/22\/attaf-sentretient-par-telephone-avec-le-ministre-russe-des-affaires-etrangeres-le-sahara-occidental-au-coeur-de-lechange\/#breadcrumb"},"inLanguage":"fr-FR","potentialAction":[{"@type":"ReadAction","target":["https:\/\/lasentinelle.dz\/index.php\/2025\/10\/22\/attaf-sentretient-par-telephone-avec-le-ministre-russe-des-affaires-etrangeres-le-sahara-occidental-au-coeur-de-lechange\/"]}]},{"@type":"ImageObject","inLanguage":"fr-FR","@id":"https:\/\/lasentinelle.dz\/index.php\/2025\/10\/22\/attaf-sentretient-par-telephone-avec-le-ministre-russe-des-affaires-etrangeres-le-sahara-occidental-au-coeur-de-lechange\/#primaryimage","url":"https:\/\/lasentinelle.dz\/wp-content\/uploads\/2025\/10\/565629650_1126492496298449_2057595919776612018_n.jpg","contentUrl":"https:\/\/lasentinelle.dz\/wp-content\/uploads\/2025\/10\/565629650_1126492496298449_2057595919776612018_n.jpg","width":987,"height":550},{"@type":"BreadcrumbList","@id":"https:\/\/lasentinelle.dz\/index.php\/2025\/10\/22\/attaf-sentretient-par-telephone-avec-le-ministre-russe-des-affaires-etrangeres-le-sahara-occidental-au-coeur-de-lechange\/#breadcrumb","itemListElement":[{"@type":"ListItem","position":1,"name":"Accueil","item":"https:\/\/lasentinelle.dz\/"},{"@type":"ListItem","position":2,"name":"Attaf s&rsquo;entretient par t\u00e9l\u00e9phone avec le ministre russe des Affaires \u00e9trang\u00e8res\u00a0: Le Sahara occidental au c\u0153ur de l\u2019\u00e9change"}]},{"@type":"WebSite","@id":"https:\/\/lasentinelle.dz\/#website","url":"https:\/\/lasentinelle.dz\/","name":"La Sentinelle","description":"Quotidien national d&#039;information","publisher":{"@id":"https:\/\/lasentinelle.dz\/#organization"},"potentialAction":[{"@type":"SearchAction","target":{"@type":"EntryPoint","urlTemplate":"https:\/\/lasentinelle.dz\/?s={search_term_string}"},"query-input":{"@type":"PropertyValueSpecification","valueRequired":true,"valueName":"search_term_string"}}],"inLanguage":"fr-FR"},{"@type":"Organization","@id":"https:\/\/lasentinelle.dz\/#organization","name":"Quotidien La Sentinelle","url":"https:\/\/lasentinelle.dz\/","logo":{"@type":"ImageObject","inLanguage":"fr-FR","@id":"https:\/\/lasentinelle.dz\/#\/schema\/logo\/image\/","url":"https:\/\/lasentinelle.dz\/wp-content\/uploads\/2021\/09\/logo-sentinelleSLOGAN-1.png","contentUrl":"https:\/\/lasentinelle.dz\/wp-content\/uploads\/2021\/09\/logo-sentinelleSLOGAN-1.png","width":615,"height":142,"caption":"Quotidien La Sentinelle"},"image":{"@id":"https:\/\/lasentinelle.dz\/#\/schema\/logo\/image\/"},"sameAs":["https:\/\/www.facebook.com\/La-Sentinelle-104059864394773"]},{"@type":"Person","@id":"https:\/\/lasentinelle.dz\/#\/schema\/person\/729ee0024f24e0b8c5ec17232f8e8b41","name":"admin","image":{"@type":"ImageObject","inLanguage":"fr-FR","@id":"https:\/\/secure.gravatar.com\/avatar\/4c81fed838786e9b53f540bf46533e750f5d292099ae3b66cfc6fb1982e29df7?s=96&d=mm&r=g","url":"https:\/\/secure.gravatar.com\/avatar\/4c81fed838786e9b53f540bf46533e750f5d292099ae3b66cfc6fb1982e29df7?s=96&d=mm&r=g","contentUrl":"https:\/\/secure.gravatar.com\/avatar\/4c81fed838786e9b53f540bf46533e750f5d292099ae3b66cfc6fb1982e29df7?s=96&d=mm&r=g","caption":"admin"},"description":"admin","url":"https:\/\/lasentinelle.dz\/author\/admin\/"}]}},"_links":{"self":[{"href":"https:\/\/lasentinelle.dz\/index.php\/wp-json\/wp\/v2\/posts\/75184","targetHints":{"allow":["GET"]}}],"collection":[{"href":"https:\/\/lasentinelle.dz\/index.php\/wp-json\/wp\/v2\/posts"}],"about":[{"href":"https:\/\/lasentinelle.dz\/index.php\/wp-json\/wp\/v2\/types\/post"}],"author":[{"embeddable":true,"href":"https:\/\/lasentinelle.dz\/index.php\/wp-json\/wp\/v2\/users\/6"}],"replies":[{"embeddable":true,"href":"https:\/\/lasentinelle.dz\/index.php\/wp-json\/wp\/v2\/comments?post=75184"}],"version-history":[{"count":2,"href":"https:\/\/lasentinelle.dz\/index.php\/wp-json\/wp\/v2\/posts\/75184\/revisions"}],"predecessor-version":[{"id":75187,"href":"https:\/\/lasentinelle.dz\/index.php\/wp-json\/wp\/v2\/posts\/75184\/revisions\/75187"}],"wp:featuredmedia":[{"embeddable":true,"href":"https:\/\/lasentinelle.dz\/index.php\/wp-json\/wp\/v2\/media\/75185"}],"wp:attachment":[{"href":"https:\/\/lasentinelle.dz\/index.php\/wp-json\/wp\/v2\/media?parent=75184"}],"wp:term":[{"taxonomy":"category","embeddable":true,"href":"https:\/\/lasentinelle.dz\/index.php\/wp-json\/wp\/v2\/categories?post=75184"},{"taxonomy":"post_tag","embeddable":true,"href":"https:\/\/lasentinelle.dz\/index.php\/wp-json\/wp\/v2\/tags?post=75184"}],"curies":[{"name":"wp","href":"https:\/\/api.w.org\/{rel}","templated":true}]}}