{"id":75191,"date":"2025-10-22T19:39:27","date_gmt":"2025-10-22T18:39:27","guid":{"rendered":"https:\/\/lasentinelle.dz\/?p=75191"},"modified":"2025-10-22T19:39:28","modified_gmt":"2025-10-22T18:39:28","slug":"revision-des-listes-electorales-lanie-mise-sur-la-mobilisation-de-la-jeunesse","status":"publish","type":"post","link":"https:\/\/lasentinelle.dz\/index.php\/2025\/10\/22\/revision-des-listes-electorales-lanie-mise-sur-la-mobilisation-de-la-jeunesse\/","title":{"rendered":"R\u00e9vision des listes \u00e9lectorales\u00a0: L\u2019ANIE mise sur la mobilisation de la jeunesse"},"content":{"rendered":"\n<p>La r\u00e9vision p\u00e9riodique des listes \u00e9lectorales a \u00e9t\u00e9 officiellement lanc\u00e9e lundi, une op\u00e9ration d&rsquo;envergure qui se poursuivra jusqu&rsquo;au 18 novembre 2025. Le pr\u00e9sident par int\u00e9rim de l&rsquo;Autorit\u00e9 nationale ind\u00e9pendante des \u00e9lections (ANIE), Karim Khalfane, a mis en avant mercredi dans une intervention sur les ondes de la Radio alg\u00e9rienne un engouement remarquable de la jeunesse pour cette op\u00e9ration. \u00ab\u00a0Nous enregistrons un engouement consid\u00e9rable aupr\u00e8s des jeunes dans les listes \u00e9lectorales d\u00e8s le premier jour, que ce soit via l&rsquo;inscription \u00e0 distance ou le lien \u00e9lectronique d\u00e9di\u00e9 par l&rsquo;Autorit\u00e9 sur Internet, ou encore par le d\u00e9placement vers les commissions communales\u00a0\u00bb, s&rsquo;est f\u00e9licit\u00e9 Karim Khalfane. Cette forte participation pr\u00e9coce constitue, selon lui, \u00ab\u00a0un indicateur positif du succ\u00e8s de la campagne de sensibilisation organis\u00e9e avec la participation de diff\u00e9rents partenaires\u00a0\u00bb.<\/p>\n\n\n\n<p>Le choix de Tamanrasset comme point de d\u00e9part n&rsquo;est pas anodin. \u00ab\u00a0Nous avons jug\u00e9 opportun de nous d\u00e9placer dans la wilaya de Tamanrasset pour lancer l&rsquo;op\u00e9ration officiellement, car il s&rsquo;agit d&rsquo;une wilaya symbolique de par l&rsquo;immensit\u00e9 de sa superficie et le fait qu&rsquo;elle soit situ\u00e9e aux fronti\u00e8res de plusieurs pays voisins africains\u00a0\u00bb, a expliqu\u00e9 le responsable. Sur place, des rencontres \u00ab\u00a0pratiques, utiles et constructives\u00a0\u00bb ont \u00e9t\u00e9 organis\u00e9es avec diff\u00e9rentes cat\u00e9gories et repr\u00e9sentants de la soci\u00e9t\u00e9 civile et de la jeunesse, en pr\u00e9sence des notables de la r\u00e9gion, du coordinateur de wilaya de l&rsquo;Autorit\u00e9 et des d\u00e9l\u00e9gu\u00e9s communaux.<\/p>\n\n\n\n<p><strong>&nbsp;<\/strong>Cette op\u00e9ration, qui permettra aux nouveaux inscrits de participer pour la premi\u00e8re fois au prochain scrutin, vise avant tout \u00e0 \u00ab\u00a0contr\u00f4ler et ma\u00eetriser davantage le fichier national des \u00e9lecteurs\u00a0\u00bb, selon Karim Khalfane. La dur\u00e9e d&rsquo;un mois a \u00e9t\u00e9 d\u00e9finie \u00ab\u00a0dans le but d&rsquo;accorder un d\u00e9lai suffisant aux personnes souhaitant s&rsquo;inscrire sur les listes \u00e9lectorales et \u00e0 celles qui ont chang\u00e9 de lieu de r\u00e9sidence pour finaliser leur inscription dans les communes de leur nouvelle r\u00e9sidence, ainsi qu&rsquo;aux citoyens pour lesquels des erreurs sont apparues concernant le nom et le pr\u00e9nom familial afin de les corriger\u00a0\u00bb. Les pr\u00e9paratifs de cette r\u00e9vision, entam\u00e9s d\u00e8s la mi-juillet, ont n\u00e9cessit\u00e9 une coordination \u00e9troite avec les minist\u00e8res de l&rsquo;Int\u00e9rieur, de la Justice et des Affaires \u00e9trang\u00e8res. \u00ab\u00a0Les pr\u00e9paratifs se sont concentr\u00e9s sur le recensement de tous les moyens et capacit\u00e9s n\u00e9cessaires \u00e0 l&rsquo;accomplissement de cette mission, y compris les nouvelles cartes d&rsquo;\u00e9lecteurs non distribu\u00e9es, ainsi que la pr\u00e9paration des dossiers destin\u00e9s aux coordinateurs et d\u00e9l\u00e9gu\u00e9s\u00a0\u00bb, a d\u00e9taill\u00e9 le pr\u00e9sident par int\u00e9rim de l&rsquo;ANIE. Les commissions communales, dont la composition a fait l&rsquo;objet d&rsquo;une concertation avec les minist\u00e8res concern\u00e9s, sont pr\u00e9sid\u00e9es par des magistrats propos\u00e9s par le pr\u00e9sident du conseil judiciaire de chaque wilaya. \u00ab\u00a0L&rsquo;appartenance au sein de ces commissions communales se compose d&rsquo;un juge et de trois citoyens r\u00e9sidents de la commune inscrits sur les listes \u00e9lectorales, ainsi que d&rsquo;un secr\u00e9taire\u00a0\u00bb, a pr\u00e9cis\u00e9 Karim Khalfane. Leur mission consiste \u00e0 recevoir les citoyens concern\u00e9s par l&rsquo;inscription sur les listes \u00e9lectorales, soit ceux qui auront atteint l&rsquo;\u00e2ge de 18 ans au 31 d\u00e9cembre 2025. La transformation num\u00e9rique, initi\u00e9e en 2019, joue un r\u00f4le d\u00e9terminant dans cette campagne. \u00ab\u00a0Nous accomplissons cette mission conform\u00e9ment aux dispositions de la loi d\u00e9finissant les missions de l&rsquo;Autorit\u00e9 nationale, qui stipulent la n\u00e9cessit\u00e9 de contr\u00f4ler le fichier national des \u00e9lecteurs\u00a0\u00bb, a soulign\u00e9 Karim Khalfane, mettant en avant \u00ab\u00a0le r\u00f4le que joue la num\u00e9risation dans cette op\u00e9ration, notamment dans le domaine de l&rsquo;am\u00e9lioration des services, dont l&rsquo;activation de la plateforme de l&rsquo;Autorit\u00e9, le lien \u00e9lectronique permettant au citoyen de s&rsquo;inscrire \u00e0 distance\u00a0\u00bb. Cette modernisation a rencontr\u00e9 un \u00e9cho particulier aupr\u00e8s de la jeunesse, \u00ab\u00a0compte tenu de sa facilit\u00e9 et sa capacit\u00e9 \u00e0 interagir avec les plateformes num\u00e9riques\u00a0\u00bb Actuellement, le corps \u00e9lectoral national compte 24 millions 603.143 \u00e9lecteurs, selon la r\u00e9vision exceptionnelle des listes \u00e9lectorales relative \u00e0 la pr\u00e9c\u00e9dente \u00e9lection pr\u00e9sidentielle, dont 865.490 membres de la communaut\u00e9 nationale \u00e0 l&rsquo;\u00e9tranger. La majorit\u00e9 de cette diaspora se trouve en France \u00ab\u00a0en raison de facteurs historiques et de la proximit\u00e9 g\u00e9ographique\u00a0\u00bb, r\u00e9partie sur quatre zones principales : Paris, Marseille, Lyon, ainsi que Tunis qui couvre le continent africain, Doha qui couvre l&rsquo;Asie, et Washington qui couvre les Am\u00e9riques. Des discussions sont en cours avec le minist\u00e8re des Affaires \u00e9trang\u00e8res concernant \u00ab\u00a0l&rsquo;id\u00e9e ou la possibilit\u00e9 d&rsquo;\u00e9largir le nombre de zones d\u00e9di\u00e9es \u00e0 la communaut\u00e9 \u00e0 l&rsquo;\u00e9tranger et d&rsquo;augmenter le nombre actuel de 8 centres \u00e0 12 centres, dans le but d&rsquo;accompagner les transformations et de faciliter le travail de l&rsquo;Autorit\u00e9 et de rapprocher l&rsquo;administration \u00e9lectorale des \u00e9lecteurs sur l&rsquo;ensemble des pays de l&rsquo;Union europ\u00e9enne\u00a0\u00bb.<\/p>\n\n\n\n<p>Hocine Fadheli<\/p>\n","protected":false},"excerpt":{"rendered":"<p>La r\u00e9vision p\u00e9riodique des listes \u00e9lectorales a \u00e9t\u00e9 officiellement lanc\u00e9e lundi, une op\u00e9ration d&rsquo;envergure qui se poursuivra jusqu&rsquo;au 18 novembre<\/p>\n","protected":false},"author":6,"featured_media":75026,"comment_status":"open","ping_status":"closed","sticky":false,"template":"","format":"standard","meta":{"colormag_page_container_layout":"default_layout","colormag_page_sidebar_layout":"default_layout","om_disable_all_campaigns":false,"_monsterinsights_skip_tracking":false,"_monsterinsights_sitenote_active":false,"_monsterinsights_sitenote_note":"","_monsterinsights_sitenote_category":0,"footnotes":"","_wpscppro_dont_share_socialmedia":false,"_wpscppro_custom_social_share_image":0,"_facebook_share_type":"default","_twitter_share_type":"default","_linkedin_share_type":"default","_pinterest_share_type":"default","_linkedin_share_type_page":"","_instagram_share_type":"default","_medium_share_type":"default","_threads_share_type":"default","_google_business_share_type":"default","_selected_social_profile":[],"_wpsp_enable_custom_social_template":false,"_wpsp_social_scheduling":{"enabled":false,"datetime":null,"platforms":[],"status":"template_only","dateOption":"today","timeOption":"now","customDays":"","customHours":"","customDate":"","customTime":"","schedulingType":"absolute"},"_wpsp_active_default_template":true},"categories":[27],"tags":[],"class_list":["post-75191","post","type-post","status-publish","format-standard","has-post-thumbnail","hentry","category-actualite"],"aioseo_notices":[],"yoast_head":"<!-- This site is optimized with the Yoast SEO plugin v27.5 - https:\/\/yoast.com\/product\/yoast-seo-wordpress\/ -->\n<title>R\u00e9vision des listes \u00e9lectorales\u00a0: L\u2019ANIE mise sur la mobilisation de la jeunesse - La Sentinelle<\/title>\n<meta name=\"robots\" content=\"index, follow, max-snippet:-1, max-image-preview:large, max-video-preview:-1\" \/>\n<link rel=\"canonical\" href=\"https:\/\/lasentinelle.dz\/index.php\/2025\/10\/22\/revision-des-listes-electorales-lanie-mise-sur-la-mobilisation-de-la-jeunesse\/\" \/>\n<meta property=\"og:locale\" content=\"fr_FR\" \/>\n<meta property=\"og:type\" content=\"article\" \/>\n<meta property=\"og:title\" content=\"R\u00e9vision des listes \u00e9lectorales\u00a0: L\u2019ANIE mise sur la mobilisation de la jeunesse - La Sentinelle\" \/>\n<meta property=\"og:description\" content=\"La r\u00e9vision p\u00e9riodique des listes \u00e9lectorales a \u00e9t\u00e9 officiellement lanc\u00e9e lundi, une op\u00e9ration d&rsquo;envergure qui se poursuivra jusqu&rsquo;au 18 novembre\" \/>\n<meta property=\"og:url\" content=\"https:\/\/lasentinelle.dz\/index.php\/2025\/10\/22\/revision-des-listes-electorales-lanie-mise-sur-la-mobilisation-de-la-jeunesse\/\" \/>\n<meta property=\"og:site_name\" content=\"La Sentinelle\" \/>\n<meta property=\"article:publisher\" content=\"https:\/\/www.facebook.com\/La-Sentinelle-104059864394773\" \/>\n<meta property=\"article:published_time\" content=\"2025-10-22T18:39:27+00:00\" \/>\n<meta property=\"article:modified_time\" content=\"2025-10-22T18:39:28+00:00\" \/>\n<meta property=\"og:image\" content=\"https:\/\/lasentinelle.dz\/wp-content\/uploads\/2025\/10\/khelfane.jpg\" \/>\n\t<meta property=\"og:image:width\" content=\"1080\" \/>\n\t<meta property=\"og:image:height\" content=\"720\" \/>\n\t<meta property=\"og:image:type\" content=\"image\/jpeg\" \/>\n<meta name=\"author\" content=\"admin\" \/>\n<meta name=\"twitter:card\" content=\"summary_large_image\" \/>\n<meta name=\"twitter:label1\" content=\"\u00c9crit par\" \/>\n\t<meta name=\"twitter:data1\" content=\"admin\" \/>\n\t<meta name=\"twitter:label2\" content=\"Dur\u00e9e de lecture estim\u00e9e\" \/>\n\t<meta name=\"twitter:data2\" content=\"4 minutes\" \/>\n<script type=\"application\/ld+json\" class=\"yoast-schema-graph\">{\"@context\":\"https:\\\/\\\/schema.org\",\"@graph\":[{\"@type\":\"Article\",\"@id\":\"https:\\\/\\\/lasentinelle.dz\\\/index.php\\\/2025\\\/10\\\/22\\\/revision-des-listes-electorales-lanie-mise-sur-la-mobilisation-de-la-jeunesse\\\/#article\",\"isPartOf\":{\"@id\":\"https:\\\/\\\/lasentinelle.dz\\\/index.php\\\/2025\\\/10\\\/22\\\/revision-des-listes-electorales-lanie-mise-sur-la-mobilisation-de-la-jeunesse\\\/\"},\"author\":{\"name\":\"admin\",\"@id\":\"https:\\\/\\\/lasentinelle.dz\\\/#\\\/schema\\\/person\\\/729ee0024f24e0b8c5ec17232f8e8b41\"},\"headline\":\"R\u00e9vision des listes \u00e9lectorales\u00a0: L\u2019ANIE mise sur la mobilisation de la jeunesse\",\"datePublished\":\"2025-10-22T18:39:27+00:00\",\"dateModified\":\"2025-10-22T18:39:28+00:00\",\"mainEntityOfPage\":{\"@id\":\"https:\\\/\\\/lasentinelle.dz\\\/index.php\\\/2025\\\/10\\\/22\\\/revision-des-listes-electorales-lanie-mise-sur-la-mobilisation-de-la-jeunesse\\\/\"},\"wordCount\":870,\"commentCount\":0,\"publisher\":{\"@id\":\"https:\\\/\\\/lasentinelle.dz\\\/#organization\"},\"image\":{\"@id\":\"https:\\\/\\\/lasentinelle.dz\\\/index.php\\\/2025\\\/10\\\/22\\\/revision-des-listes-electorales-lanie-mise-sur-la-mobilisation-de-la-jeunesse\\\/#primaryimage\"},\"thumbnailUrl\":\"https:\\\/\\\/lasentinelle.dz\\\/wp-content\\\/uploads\\\/2025\\\/10\\\/khelfane.jpg\",\"articleSection\":[\"Actualit\u00e9\"],\"inLanguage\":\"fr-FR\",\"potentialAction\":[{\"@type\":\"CommentAction\",\"name\":\"Comment\",\"target\":[\"https:\\\/\\\/lasentinelle.dz\\\/index.php\\\/2025\\\/10\\\/22\\\/revision-des-listes-electorales-lanie-mise-sur-la-mobilisation-de-la-jeunesse\\\/#respond\"]}]},{\"@type\":\"WebPage\",\"@id\":\"https:\\\/\\\/lasentinelle.dz\\\/index.php\\\/2025\\\/10\\\/22\\\/revision-des-listes-electorales-lanie-mise-sur-la-mobilisation-de-la-jeunesse\\\/\",\"url\":\"https:\\\/\\\/lasentinelle.dz\\\/index.php\\\/2025\\\/10\\\/22\\\/revision-des-listes-electorales-lanie-mise-sur-la-mobilisation-de-la-jeunesse\\\/\",\"name\":\"R\u00e9vision des listes \u00e9lectorales\u00a0: L\u2019ANIE mise sur la mobilisation de la jeunesse - La Sentinelle\",\"isPartOf\":{\"@id\":\"https:\\\/\\\/lasentinelle.dz\\\/#website\"},\"primaryImageOfPage\":{\"@id\":\"https:\\\/\\\/lasentinelle.dz\\\/index.php\\\/2025\\\/10\\\/22\\\/revision-des-listes-electorales-lanie-mise-sur-la-mobilisation-de-la-jeunesse\\\/#primaryimage\"},\"image\":{\"@id\":\"https:\\\/\\\/lasentinelle.dz\\\/index.php\\\/2025\\\/10\\\/22\\\/revision-des-listes-electorales-lanie-mise-sur-la-mobilisation-de-la-jeunesse\\\/#primaryimage\"},\"thumbnailUrl\":\"https:\\\/\\\/lasentinelle.dz\\\/wp-content\\\/uploads\\\/2025\\\/10\\\/khelfane.jpg\",\"datePublished\":\"2025-10-22T18:39:27+00:00\",\"dateModified\":\"2025-10-22T18:39:28+00:00\",\"breadcrumb\":{\"@id\":\"https:\\\/\\\/lasentinelle.dz\\\/index.php\\\/2025\\\/10\\\/22\\\/revision-des-listes-electorales-lanie-mise-sur-la-mobilisation-de-la-jeunesse\\\/#breadcrumb\"},\"inLanguage\":\"fr-FR\",\"potentialAction\":[{\"@type\":\"ReadAction\",\"target\":[\"https:\\\/\\\/lasentinelle.dz\\\/index.php\\\/2025\\\/10\\\/22\\\/revision-des-listes-electorales-lanie-mise-sur-la-mobilisation-de-la-jeunesse\\\/\"]}]},{\"@type\":\"ImageObject\",\"inLanguage\":\"fr-FR\",\"@id\":\"https:\\\/\\\/lasentinelle.dz\\\/index.php\\\/2025\\\/10\\\/22\\\/revision-des-listes-electorales-lanie-mise-sur-la-mobilisation-de-la-jeunesse\\\/#primaryimage\",\"url\":\"https:\\\/\\\/lasentinelle.dz\\\/wp-content\\\/uploads\\\/2025\\\/10\\\/khelfane.jpg\",\"contentUrl\":\"https:\\\/\\\/lasentinelle.dz\\\/wp-content\\\/uploads\\\/2025\\\/10\\\/khelfane.jpg\",\"width\":1080,\"height\":720},{\"@type\":\"BreadcrumbList\",\"@id\":\"https:\\\/\\\/lasentinelle.dz\\\/index.php\\\/2025\\\/10\\\/22\\\/revision-des-listes-electorales-lanie-mise-sur-la-mobilisation-de-la-jeunesse\\\/#breadcrumb\",\"itemListElement\":[{\"@type\":\"ListItem\",\"position\":1,\"name\":\"Accueil\",\"item\":\"https:\\\/\\\/lasentinelle.dz\\\/\"},{\"@type\":\"ListItem\",\"position\":2,\"name\":\"R\u00e9vision des listes \u00e9lectorales\u00a0: L\u2019ANIE mise sur la mobilisation de la jeunesse\"}]},{\"@type\":\"WebSite\",\"@id\":\"https:\\\/\\\/lasentinelle.dz\\\/#website\",\"url\":\"https:\\\/\\\/lasentinelle.dz\\\/\",\"name\":\"La Sentinelle\",\"description\":\"Quotidien national d&#039;information\",\"publisher\":{\"@id\":\"https:\\\/\\\/lasentinelle.dz\\\/#organization\"},\"potentialAction\":[{\"@type\":\"SearchAction\",\"target\":{\"@type\":\"EntryPoint\",\"urlTemplate\":\"https:\\\/\\\/lasentinelle.dz\\\/?s={search_term_string}\"},\"query-input\":{\"@type\":\"PropertyValueSpecification\",\"valueRequired\":true,\"valueName\":\"search_term_string\"}}],\"inLanguage\":\"fr-FR\"},{\"@type\":\"Organization\",\"@id\":\"https:\\\/\\\/lasentinelle.dz\\\/#organization\",\"name\":\"Quotidien La Sentinelle\",\"url\":\"https:\\\/\\\/lasentinelle.dz\\\/\",\"logo\":{\"@type\":\"ImageObject\",\"inLanguage\":\"fr-FR\",\"@id\":\"https:\\\/\\\/lasentinelle.dz\\\/#\\\/schema\\\/logo\\\/image\\\/\",\"url\":\"https:\\\/\\\/lasentinelle.dz\\\/wp-content\\\/uploads\\\/2021\\\/09\\\/logo-sentinelleSLOGAN-1.png\",\"contentUrl\":\"https:\\\/\\\/lasentinelle.dz\\\/wp-content\\\/uploads\\\/2021\\\/09\\\/logo-sentinelleSLOGAN-1.png\",\"width\":615,\"height\":142,\"caption\":\"Quotidien La Sentinelle\"},\"image\":{\"@id\":\"https:\\\/\\\/lasentinelle.dz\\\/#\\\/schema\\\/logo\\\/image\\\/\"},\"sameAs\":[\"https:\\\/\\\/www.facebook.com\\\/La-Sentinelle-104059864394773\"]},{\"@type\":\"Person\",\"@id\":\"https:\\\/\\\/lasentinelle.dz\\\/#\\\/schema\\\/person\\\/729ee0024f24e0b8c5ec17232f8e8b41\",\"name\":\"admin\",\"image\":{\"@type\":\"ImageObject\",\"inLanguage\":\"fr-FR\",\"@id\":\"https:\\\/\\\/secure.gravatar.com\\\/avatar\\\/4c81fed838786e9b53f540bf46533e750f5d292099ae3b66cfc6fb1982e29df7?s=96&d=mm&r=g\",\"url\":\"https:\\\/\\\/secure.gravatar.com\\\/avatar\\\/4c81fed838786e9b53f540bf46533e750f5d292099ae3b66cfc6fb1982e29df7?s=96&d=mm&r=g\",\"contentUrl\":\"https:\\\/\\\/secure.gravatar.com\\\/avatar\\\/4c81fed838786e9b53f540bf46533e750f5d292099ae3b66cfc6fb1982e29df7?s=96&d=mm&r=g\",\"caption\":\"admin\"},\"description\":\"admin\",\"url\":\"https:\\\/\\\/lasentinelle.dz\\\/author\\\/admin\\\/\"}]}<\/script>\n<!-- \/ Yoast SEO plugin. -->","yoast_head_json":{"title":"R\u00e9vision des listes \u00e9lectorales\u00a0: L\u2019ANIE mise sur la mobilisation de la jeunesse - La Sentinelle","robots":{"index":"index","follow":"follow","max-snippet":"max-snippet:-1","max-image-preview":"max-image-preview:large","max-video-preview":"max-video-preview:-1"},"canonical":"https:\/\/lasentinelle.dz\/index.php\/2025\/10\/22\/revision-des-listes-electorales-lanie-mise-sur-la-mobilisation-de-la-jeunesse\/","og_locale":"fr_FR","og_type":"article","og_title":"R\u00e9vision des listes \u00e9lectorales\u00a0: L\u2019ANIE mise sur la mobilisation de la jeunesse - La Sentinelle","og_description":"La r\u00e9vision p\u00e9riodique des listes \u00e9lectorales a \u00e9t\u00e9 officiellement lanc\u00e9e lundi, une op\u00e9ration d&rsquo;envergure qui se poursuivra jusqu&rsquo;au 18 novembre","og_url":"https:\/\/lasentinelle.dz\/index.php\/2025\/10\/22\/revision-des-listes-electorales-lanie-mise-sur-la-mobilisation-de-la-jeunesse\/","og_site_name":"La Sentinelle","article_publisher":"https:\/\/www.facebook.com\/La-Sentinelle-104059864394773","article_published_time":"2025-10-22T18:39:27+00:00","article_modified_time":"2025-10-22T18:39:28+00:00","og_image":[{"width":1080,"height":720,"url":"https:\/\/lasentinelle.dz\/wp-content\/uploads\/2025\/10\/khelfane.jpg","type":"image\/jpeg"}],"author":"admin","twitter_card":"summary_large_image","twitter_misc":{"\u00c9crit par":"admin","Dur\u00e9e de lecture estim\u00e9e":"4 minutes"},"schema":{"@context":"https:\/\/schema.org","@graph":[{"@type":"Article","@id":"https:\/\/lasentinelle.dz\/index.php\/2025\/10\/22\/revision-des-listes-electorales-lanie-mise-sur-la-mobilisation-de-la-jeunesse\/#article","isPartOf":{"@id":"https:\/\/lasentinelle.dz\/index.php\/2025\/10\/22\/revision-des-listes-electorales-lanie-mise-sur-la-mobilisation-de-la-jeunesse\/"},"author":{"name":"admin","@id":"https:\/\/lasentinelle.dz\/#\/schema\/person\/729ee0024f24e0b8c5ec17232f8e8b41"},"headline":"R\u00e9vision des listes \u00e9lectorales\u00a0: L\u2019ANIE mise sur la mobilisation de la jeunesse","datePublished":"2025-10-22T18:39:27+00:00","dateModified":"2025-10-22T18:39:28+00:00","mainEntityOfPage":{"@id":"https:\/\/lasentinelle.dz\/index.php\/2025\/10\/22\/revision-des-listes-electorales-lanie-mise-sur-la-mobilisation-de-la-jeunesse\/"},"wordCount":870,"commentCount":0,"publisher":{"@id":"https:\/\/lasentinelle.dz\/#organization"},"image":{"@id":"https:\/\/lasentinelle.dz\/index.php\/2025\/10\/22\/revision-des-listes-electorales-lanie-mise-sur-la-mobilisation-de-la-jeunesse\/#primaryimage"},"thumbnailUrl":"https:\/\/lasentinelle.dz\/wp-content\/uploads\/2025\/10\/khelfane.jpg","articleSection":["Actualit\u00e9"],"inLanguage":"fr-FR","potentialAction":[{"@type":"CommentAction","name":"Comment","target":["https:\/\/lasentinelle.dz\/index.php\/2025\/10\/22\/revision-des-listes-electorales-lanie-mise-sur-la-mobilisation-de-la-jeunesse\/#respond"]}]},{"@type":"WebPage","@id":"https:\/\/lasentinelle.dz\/index.php\/2025\/10\/22\/revision-des-listes-electorales-lanie-mise-sur-la-mobilisation-de-la-jeunesse\/","url":"https:\/\/lasentinelle.dz\/index.php\/2025\/10\/22\/revision-des-listes-electorales-lanie-mise-sur-la-mobilisation-de-la-jeunesse\/","name":"R\u00e9vision des listes \u00e9lectorales\u00a0: L\u2019ANIE mise sur la mobilisation de la jeunesse - La Sentinelle","isPartOf":{"@id":"https:\/\/lasentinelle.dz\/#website"},"primaryImageOfPage":{"@id":"https:\/\/lasentinelle.dz\/index.php\/2025\/10\/22\/revision-des-listes-electorales-lanie-mise-sur-la-mobilisation-de-la-jeunesse\/#primaryimage"},"image":{"@id":"https:\/\/lasentinelle.dz\/index.php\/2025\/10\/22\/revision-des-listes-electorales-lanie-mise-sur-la-mobilisation-de-la-jeunesse\/#primaryimage"},"thumbnailUrl":"https:\/\/lasentinelle.dz\/wp-content\/uploads\/2025\/10\/khelfane.jpg","datePublished":"2025-10-22T18:39:27+00:00","dateModified":"2025-10-22T18:39:28+00:00","breadcrumb":{"@id":"https:\/\/lasentinelle.dz\/index.php\/2025\/10\/22\/revision-des-listes-electorales-lanie-mise-sur-la-mobilisation-de-la-jeunesse\/#breadcrumb"},"inLanguage":"fr-FR","potentialAction":[{"@type":"ReadAction","target":["https:\/\/lasentinelle.dz\/index.php\/2025\/10\/22\/revision-des-listes-electorales-lanie-mise-sur-la-mobilisation-de-la-jeunesse\/"]}]},{"@type":"ImageObject","inLanguage":"fr-FR","@id":"https:\/\/lasentinelle.dz\/index.php\/2025\/10\/22\/revision-des-listes-electorales-lanie-mise-sur-la-mobilisation-de-la-jeunesse\/#primaryimage","url":"https:\/\/lasentinelle.dz\/wp-content\/uploads\/2025\/10\/khelfane.jpg","contentUrl":"https:\/\/lasentinelle.dz\/wp-content\/uploads\/2025\/10\/khelfane.jpg","width":1080,"height":720},{"@type":"BreadcrumbList","@id":"https:\/\/lasentinelle.dz\/index.php\/2025\/10\/22\/revision-des-listes-electorales-lanie-mise-sur-la-mobilisation-de-la-jeunesse\/#breadcrumb","itemListElement":[{"@type":"ListItem","position":1,"name":"Accueil","item":"https:\/\/lasentinelle.dz\/"},{"@type":"ListItem","position":2,"name":"R\u00e9vision des listes \u00e9lectorales\u00a0: L\u2019ANIE mise sur la mobilisation de la jeunesse"}]},{"@type":"WebSite","@id":"https:\/\/lasentinelle.dz\/#website","url":"https:\/\/lasentinelle.dz\/","name":"La Sentinelle","description":"Quotidien national d&#039;information","publisher":{"@id":"https:\/\/lasentinelle.dz\/#organization"},"potentialAction":[{"@type":"SearchAction","target":{"@type":"EntryPoint","urlTemplate":"https:\/\/lasentinelle.dz\/?s={search_term_string}"},"query-input":{"@type":"PropertyValueSpecification","valueRequired":true,"valueName":"search_term_string"}}],"inLanguage":"fr-FR"},{"@type":"Organization","@id":"https:\/\/lasentinelle.dz\/#organization","name":"Quotidien La Sentinelle","url":"https:\/\/lasentinelle.dz\/","logo":{"@type":"ImageObject","inLanguage":"fr-FR","@id":"https:\/\/lasentinelle.dz\/#\/schema\/logo\/image\/","url":"https:\/\/lasentinelle.dz\/wp-content\/uploads\/2021\/09\/logo-sentinelleSLOGAN-1.png","contentUrl":"https:\/\/lasentinelle.dz\/wp-content\/uploads\/2021\/09\/logo-sentinelleSLOGAN-1.png","width":615,"height":142,"caption":"Quotidien La Sentinelle"},"image":{"@id":"https:\/\/lasentinelle.dz\/#\/schema\/logo\/image\/"},"sameAs":["https:\/\/www.facebook.com\/La-Sentinelle-104059864394773"]},{"@type":"Person","@id":"https:\/\/lasentinelle.dz\/#\/schema\/person\/729ee0024f24e0b8c5ec17232f8e8b41","name":"admin","image":{"@type":"ImageObject","inLanguage":"fr-FR","@id":"https:\/\/secure.gravatar.com\/avatar\/4c81fed838786e9b53f540bf46533e750f5d292099ae3b66cfc6fb1982e29df7?s=96&d=mm&r=g","url":"https:\/\/secure.gravatar.com\/avatar\/4c81fed838786e9b53f540bf46533e750f5d292099ae3b66cfc6fb1982e29df7?s=96&d=mm&r=g","contentUrl":"https:\/\/secure.gravatar.com\/avatar\/4c81fed838786e9b53f540bf46533e750f5d292099ae3b66cfc6fb1982e29df7?s=96&d=mm&r=g","caption":"admin"},"description":"admin","url":"https:\/\/lasentinelle.dz\/author\/admin\/"}]}},"_links":{"self":[{"href":"https:\/\/lasentinelle.dz\/index.php\/wp-json\/wp\/v2\/posts\/75191","targetHints":{"allow":["GET"]}}],"collection":[{"href":"https:\/\/lasentinelle.dz\/index.php\/wp-json\/wp\/v2\/posts"}],"about":[{"href":"https:\/\/lasentinelle.dz\/index.php\/wp-json\/wp\/v2\/types\/post"}],"author":[{"embeddable":true,"href":"https:\/\/lasentinelle.dz\/index.php\/wp-json\/wp\/v2\/users\/6"}],"replies":[{"embeddable":true,"href":"https:\/\/lasentinelle.dz\/index.php\/wp-json\/wp\/v2\/comments?post=75191"}],"version-history":[{"count":1,"href":"https:\/\/lasentinelle.dz\/index.php\/wp-json\/wp\/v2\/posts\/75191\/revisions"}],"predecessor-version":[{"id":75192,"href":"https:\/\/lasentinelle.dz\/index.php\/wp-json\/wp\/v2\/posts\/75191\/revisions\/75192"}],"wp:featuredmedia":[{"embeddable":true,"href":"https:\/\/lasentinelle.dz\/index.php\/wp-json\/wp\/v2\/media\/75026"}],"wp:attachment":[{"href":"https:\/\/lasentinelle.dz\/index.php\/wp-json\/wp\/v2\/media?parent=75191"}],"wp:term":[{"taxonomy":"category","embeddable":true,"href":"https:\/\/lasentinelle.dz\/index.php\/wp-json\/wp\/v2\/categories?post=75191"},{"taxonomy":"post_tag","embeddable":true,"href":"https:\/\/lasentinelle.dz\/index.php\/wp-json\/wp\/v2\/tags?post=75191"}],"curies":[{"name":"wp","href":"https:\/\/api.w.org\/{rel}","templated":true}]}}