{"id":75200,"date":"2025-10-22T19:43:00","date_gmt":"2025-10-22T18:43:00","guid":{"rendered":"https:\/\/lasentinelle.dz\/?p=75200"},"modified":"2025-10-22T19:43:01","modified_gmt":"2025-10-22T18:43:01","slug":"hydrocarbures-sonatrach-prepare-une-offensive-internationale","status":"publish","type":"post","link":"https:\/\/lasentinelle.dz\/index.php\/2025\/10\/22\/hydrocarbures-sonatrach-prepare-une-offensive-internationale\/","title":{"rendered":"Hydrocarbures\u00a0: Sonatrach pr\u00e9pare une offensive internationale"},"content":{"rendered":"\n<p>Le g\u00e9ant p\u00e9trolier national acc\u00e9l\u00e8re sa strat\u00e9gie d&rsquo;expansion mondiale, consid\u00e9rant l&rsquo;ouverture internationale comme une \u00ab\u00a0n\u00e9cessit\u00e9 strat\u00e9gique\u00a0\u00bb pour renforcer sa comp\u00e9titivit\u00e9 et assurer une croissance durable.<\/p>\n\n\n\n<p>Le PDG de Sonatrach, Rachid Hachichi, a annonc\u00e9 mercredi depuis Boumerd\u00e8s que le groupe p\u00e9trolier se pr\u00e9pare \u00e0 franchir une nouvelle \u00e9tape d\u00e9cisive en s&rsquo;ouvrant aux march\u00e9s internationaux. Une orientation strat\u00e9gique qui vise \u00e0 transformer profond\u00e9ment le positionnement du premier groupe \u00e9nerg\u00e9tique africain sur l&rsquo;\u00e9chiquier mondial et \u00e0 garantir son d\u00e9veloppement \u00e0 long terme. Intervenant lors d&rsquo;un atelier de deux jours consacr\u00e9 \u00e0 l&rsquo;expansion internationale des filiales de Sonatrach, organis\u00e9 \u00e0 l&rsquo;Institut alg\u00e9rien du p\u00e9trole, Rachid Hachichi a soulign\u00e9 que le groupe \u00e9tait \u00ab\u00a0pr\u00eat pour cette nouvelle phase qui repr\u00e9sente une n\u00e9cessit\u00e9 strat\u00e9gique pour renforcer notre comp\u00e9titivit\u00e9 et r\u00e9aliser une croissance \u00e0 long terme\u00a0\u00bb. Le dirigeant a insist\u00e9 sur l&rsquo;importance d&rsquo;identifier clairement les enjeux et les d\u00e9fis de cette expansion, pr\u00e9cisant que leur mise en \u0153uvre n\u00e9cessite \u00ab\u00a0l&rsquo;\u00e9tablissement de strat\u00e9gies claires et un travail collectif\u00a0\u00bb. Le PDG n&rsquo;a pas minimis\u00e9 l&rsquo;ampleur du d\u00e9fi. \u00ab\u00a0Le groupe est conscient que l&rsquo;ouverture sur les march\u00e9s internationaux comporte des d\u00e9fis majeurs\u00a0\u00bb, a-t-il d\u00e9clar\u00e9, ajoutant que Sonatrach ne pourra \u00ab\u00a0renforcer ses capacit\u00e9s comp\u00e9titives sur ces march\u00e9s que si nous faisons preuve d&rsquo;efficacit\u00e9, d&rsquo;audace et de solidarit\u00e9, avec une strat\u00e9gie centr\u00e9e sur l&rsquo;innovation, la formation et les partenariats durables\u00a0\u00bb. &nbsp;Cette nouvelle orientation s&rsquo;inscrit au c\u0153ur du plan strat\u00e9gique de Sonatrach et ne constitue pas, selon son dirigeant, \u00ab\u00a0une simple id\u00e9e th\u00e9orique, mais un parcours r\u00e9fl\u00e9chi visant \u00e0 consolider la position du groupe comme acteur majeur sur le march\u00e9 national tout en s&rsquo;ouvrant avec confiance et ambition sur les march\u00e9s internationaux\u00a0\u00bb. La strat\u00e9gie du groupe appara\u00eet ainsi comme une r\u00e9ponse pragmatique aux mutations du secteur \u00e9nerg\u00e9tique mondial et \u00e0 la n\u00e9cessit\u00e9 de diversifier les sources de revenus.<\/p>\n\n\n\n<p>Dans sa vision du d\u00e9veloppement international, Rachid Hachichi a soulign\u00e9 que la strat\u00e9gie de Sonatrach \u00e9tait \u00ab\u00a0claire\u00a0\u00bb et ambitieuse. Le groupe entend \u00ab\u00a0explorer de nouveaux march\u00e9s afin d&rsquo;assurer une croissance durable\u00a0\u00bb. Pour y parvenir, il devient \u00ab\u00a0n\u00e9cessaire aujourd&rsquo;hui de rechercher de nouvelles opportunit\u00e9s et de travailler \u00e0 explorer d&rsquo;autres horizons, en commen\u00e7ant par notre continent africain jusqu&rsquo;\u00e0 atteindre d&rsquo;autres march\u00e9s prometteurs \u00e0 moyen et long terme\u00a0\u00bb. &nbsp;Le PDG a \u00e9galement pr\u00e9cis\u00e9 que cet atelier n&rsquo;\u00e9tait \u00ab\u00a0pas seulement un espace de dialogue et d&rsquo;\u00e9change, mais se situe concr\u00e8tement au c\u0153ur de nos ambitions d&rsquo;\u00e9lever la performance du groupe au niveau des standards internationaux\u00a0\u00bb. Il constitue selon lui \u00ab\u00a0un v\u00e9ritable point de d\u00e9part pour ce parcours prometteur\u00a0\u00bb et doit servir \u00ab\u00a0de force de proposition et de moteur d&rsquo;initiatives \u00e0 travers un engagement total\u00a0\u00bb. &nbsp;Rachid Hachichi a conclu en affirmant que cette ouverture sur le monde visait \u00e0 \u00ab\u00a0r\u00e9aliser une transformation qualitative dans notre position sur la sc\u00e8ne internationale, dans notre approche de l&rsquo;innovation, dans notre style de coop\u00e9ration et dans notre vision de l&rsquo;avenir\u00a0\u00bb. Il a appel\u00e9 \u00e0 faire de cette strat\u00e9gie \u00ab\u00a0un mod\u00e8le de durabilit\u00e9 et d&rsquo;excellence\u00a0\u00bb, marquant ainsi la volont\u00e9 du groupe de se hisser parmi les acteurs \u00e9nerg\u00e9tiques de r\u00e9f\u00e9rence au niveau mondial.<\/p>\n\n\n\n<p>L&rsquo;\u00e9v\u00e9nement r\u00e9unit les pr\u00e9sidents-directeurs g\u00e9n\u00e9raux des soci\u00e9t\u00e9s holding, ainsi que des responsables et cadres des diff\u00e9rentes filiales de Sonatrach, dans le but de formuler des recommandations concr\u00e8tes.<\/p>\n\n\n\n<p>Samira Ghrib<\/p>\n\n\n\n<p><\/p>\n","protected":false},"excerpt":{"rendered":"<p>Le g\u00e9ant p\u00e9trolier national acc\u00e9l\u00e8re sa strat\u00e9gie d&rsquo;expansion mondiale, consid\u00e9rant l&rsquo;ouverture internationale comme une \u00ab\u00a0n\u00e9cessit\u00e9 strat\u00e9gique\u00a0\u00bb pour renforcer sa comp\u00e9titivit\u00e9<\/p>\n","protected":false},"author":6,"featured_media":75201,"comment_status":"open","ping_status":"closed","sticky":false,"template":"","format":"standard","meta":{"colormag_page_container_layout":"default_layout","colormag_page_sidebar_layout":"default_layout","om_disable_all_campaigns":false,"_monsterinsights_skip_tracking":false,"_monsterinsights_sitenote_active":false,"_monsterinsights_sitenote_note":"","_monsterinsights_sitenote_category":0,"footnotes":"","_wpscppro_dont_share_socialmedia":false,"_wpscppro_custom_social_share_image":0,"_facebook_share_type":"default","_twitter_share_type":"default","_linkedin_share_type":"default","_pinterest_share_type":"default","_linkedin_share_type_page":"","_instagram_share_type":"default","_medium_share_type":"default","_threads_share_type":"default","_google_business_share_type":"default","_selected_social_profile":[],"_wpsp_enable_custom_social_template":false,"_wpsp_social_scheduling":{"enabled":false,"datetime":null,"platforms":[],"status":"template_only","dateOption":"today","timeOption":"now","customDays":"","customHours":"","customDate":"","customTime":"","schedulingType":"absolute"},"_wpsp_active_default_template":true},"categories":[52,29],"tags":[],"class_list":["post-75200","post","type-post","status-publish","format-standard","has-post-thumbnail","hentry","category-a-la-une","category-economie"],"aioseo_notices":[],"yoast_head":"<!-- This site is optimized with the Yoast SEO plugin v27.5 - https:\/\/yoast.com\/product\/yoast-seo-wordpress\/ -->\n<title>Hydrocarbures\u00a0: Sonatrach pr\u00e9pare une offensive internationale - La Sentinelle<\/title>\n<meta name=\"robots\" content=\"index, follow, max-snippet:-1, max-image-preview:large, max-video-preview:-1\" \/>\n<link rel=\"canonical\" href=\"https:\/\/lasentinelle.dz\/index.php\/2025\/10\/22\/hydrocarbures-sonatrach-prepare-une-offensive-internationale\/\" \/>\n<meta property=\"og:locale\" content=\"fr_FR\" \/>\n<meta property=\"og:type\" content=\"article\" \/>\n<meta property=\"og:title\" content=\"Hydrocarbures\u00a0: Sonatrach pr\u00e9pare une offensive internationale - La Sentinelle\" \/>\n<meta property=\"og:description\" content=\"Le g\u00e9ant p\u00e9trolier national acc\u00e9l\u00e8re sa strat\u00e9gie d&rsquo;expansion mondiale, consid\u00e9rant l&rsquo;ouverture internationale comme une \u00ab\u00a0n\u00e9cessit\u00e9 strat\u00e9gique\u00a0\u00bb pour renforcer sa comp\u00e9titivit\u00e9\" \/>\n<meta property=\"og:url\" content=\"https:\/\/lasentinelle.dz\/index.php\/2025\/10\/22\/hydrocarbures-sonatrach-prepare-une-offensive-internationale\/\" \/>\n<meta property=\"og:site_name\" content=\"La Sentinelle\" \/>\n<meta property=\"article:publisher\" content=\"https:\/\/www.facebook.com\/La-Sentinelle-104059864394773\" \/>\n<meta property=\"article:published_time\" content=\"2025-10-22T18:43:00+00:00\" \/>\n<meta property=\"article:modified_time\" content=\"2025-10-22T18:43:01+00:00\" \/>\n<meta property=\"og:image\" content=\"https:\/\/lasentinelle.dz\/wp-content\/uploads\/2025\/10\/sonatrach-1.jpg\" \/>\n\t<meta property=\"og:image:width\" content=\"2560\" \/>\n\t<meta property=\"og:image:height\" content=\"1703\" \/>\n\t<meta property=\"og:image:type\" content=\"image\/jpeg\" \/>\n<meta name=\"author\" content=\"admin\" \/>\n<meta name=\"twitter:card\" content=\"summary_large_image\" \/>\n<meta name=\"twitter:label1\" content=\"\u00c9crit par\" \/>\n\t<meta name=\"twitter:data1\" content=\"admin\" \/>\n\t<meta name=\"twitter:label2\" content=\"Dur\u00e9e de lecture estim\u00e9e\" \/>\n\t<meta name=\"twitter:data2\" content=\"3 minutes\" \/>\n<script type=\"application\/ld+json\" class=\"yoast-schema-graph\">{\"@context\":\"https:\\\/\\\/schema.org\",\"@graph\":[{\"@type\":\"Article\",\"@id\":\"https:\\\/\\\/lasentinelle.dz\\\/index.php\\\/2025\\\/10\\\/22\\\/hydrocarbures-sonatrach-prepare-une-offensive-internationale\\\/#article\",\"isPartOf\":{\"@id\":\"https:\\\/\\\/lasentinelle.dz\\\/index.php\\\/2025\\\/10\\\/22\\\/hydrocarbures-sonatrach-prepare-une-offensive-internationale\\\/\"},\"author\":{\"name\":\"admin\",\"@id\":\"https:\\\/\\\/lasentinelle.dz\\\/#\\\/schema\\\/person\\\/729ee0024f24e0b8c5ec17232f8e8b41\"},\"headline\":\"Hydrocarbures\u00a0: Sonatrach pr\u00e9pare une offensive internationale\",\"datePublished\":\"2025-10-22T18:43:00+00:00\",\"dateModified\":\"2025-10-22T18:43:01+00:00\",\"mainEntityOfPage\":{\"@id\":\"https:\\\/\\\/lasentinelle.dz\\\/index.php\\\/2025\\\/10\\\/22\\\/hydrocarbures-sonatrach-prepare-une-offensive-internationale\\\/\"},\"wordCount\":634,\"commentCount\":0,\"publisher\":{\"@id\":\"https:\\\/\\\/lasentinelle.dz\\\/#organization\"},\"image\":{\"@id\":\"https:\\\/\\\/lasentinelle.dz\\\/index.php\\\/2025\\\/10\\\/22\\\/hydrocarbures-sonatrach-prepare-une-offensive-internationale\\\/#primaryimage\"},\"thumbnailUrl\":\"https:\\\/\\\/lasentinelle.dz\\\/wp-content\\\/uploads\\\/2025\\\/10\\\/sonatrach-1.jpg\",\"articleSection\":[\"\u00c0 la Une\",\"\u00c9conomie\"],\"inLanguage\":\"fr-FR\",\"potentialAction\":[{\"@type\":\"CommentAction\",\"name\":\"Comment\",\"target\":[\"https:\\\/\\\/lasentinelle.dz\\\/index.php\\\/2025\\\/10\\\/22\\\/hydrocarbures-sonatrach-prepare-une-offensive-internationale\\\/#respond\"]}]},{\"@type\":\"WebPage\",\"@id\":\"https:\\\/\\\/lasentinelle.dz\\\/index.php\\\/2025\\\/10\\\/22\\\/hydrocarbures-sonatrach-prepare-une-offensive-internationale\\\/\",\"url\":\"https:\\\/\\\/lasentinelle.dz\\\/index.php\\\/2025\\\/10\\\/22\\\/hydrocarbures-sonatrach-prepare-une-offensive-internationale\\\/\",\"name\":\"Hydrocarbures\u00a0: Sonatrach pr\u00e9pare une offensive internationale - La Sentinelle\",\"isPartOf\":{\"@id\":\"https:\\\/\\\/lasentinelle.dz\\\/#website\"},\"primaryImageOfPage\":{\"@id\":\"https:\\\/\\\/lasentinelle.dz\\\/index.php\\\/2025\\\/10\\\/22\\\/hydrocarbures-sonatrach-prepare-une-offensive-internationale\\\/#primaryimage\"},\"image\":{\"@id\":\"https:\\\/\\\/lasentinelle.dz\\\/index.php\\\/2025\\\/10\\\/22\\\/hydrocarbures-sonatrach-prepare-une-offensive-internationale\\\/#primaryimage\"},\"thumbnailUrl\":\"https:\\\/\\\/lasentinelle.dz\\\/wp-content\\\/uploads\\\/2025\\\/10\\\/sonatrach-1.jpg\",\"datePublished\":\"2025-10-22T18:43:00+00:00\",\"dateModified\":\"2025-10-22T18:43:01+00:00\",\"breadcrumb\":{\"@id\":\"https:\\\/\\\/lasentinelle.dz\\\/index.php\\\/2025\\\/10\\\/22\\\/hydrocarbures-sonatrach-prepare-une-offensive-internationale\\\/#breadcrumb\"},\"inLanguage\":\"fr-FR\",\"potentialAction\":[{\"@type\":\"ReadAction\",\"target\":[\"https:\\\/\\\/lasentinelle.dz\\\/index.php\\\/2025\\\/10\\\/22\\\/hydrocarbures-sonatrach-prepare-une-offensive-internationale\\\/\"]}]},{\"@type\":\"ImageObject\",\"inLanguage\":\"fr-FR\",\"@id\":\"https:\\\/\\\/lasentinelle.dz\\\/index.php\\\/2025\\\/10\\\/22\\\/hydrocarbures-sonatrach-prepare-une-offensive-internationale\\\/#primaryimage\",\"url\":\"https:\\\/\\\/lasentinelle.dz\\\/wp-content\\\/uploads\\\/2025\\\/10\\\/sonatrach-1.jpg\",\"contentUrl\":\"https:\\\/\\\/lasentinelle.dz\\\/wp-content\\\/uploads\\\/2025\\\/10\\\/sonatrach-1.jpg\",\"width\":2560,\"height\":1703},{\"@type\":\"BreadcrumbList\",\"@id\":\"https:\\\/\\\/lasentinelle.dz\\\/index.php\\\/2025\\\/10\\\/22\\\/hydrocarbures-sonatrach-prepare-une-offensive-internationale\\\/#breadcrumb\",\"itemListElement\":[{\"@type\":\"ListItem\",\"position\":1,\"name\":\"Accueil\",\"item\":\"https:\\\/\\\/lasentinelle.dz\\\/\"},{\"@type\":\"ListItem\",\"position\":2,\"name\":\"Hydrocarbures\u00a0: Sonatrach pr\u00e9pare une offensive internationale\"}]},{\"@type\":\"WebSite\",\"@id\":\"https:\\\/\\\/lasentinelle.dz\\\/#website\",\"url\":\"https:\\\/\\\/lasentinelle.dz\\\/\",\"name\":\"La Sentinelle\",\"description\":\"Quotidien national d&#039;information\",\"publisher\":{\"@id\":\"https:\\\/\\\/lasentinelle.dz\\\/#organization\"},\"potentialAction\":[{\"@type\":\"SearchAction\",\"target\":{\"@type\":\"EntryPoint\",\"urlTemplate\":\"https:\\\/\\\/lasentinelle.dz\\\/?s={search_term_string}\"},\"query-input\":{\"@type\":\"PropertyValueSpecification\",\"valueRequired\":true,\"valueName\":\"search_term_string\"}}],\"inLanguage\":\"fr-FR\"},{\"@type\":\"Organization\",\"@id\":\"https:\\\/\\\/lasentinelle.dz\\\/#organization\",\"name\":\"Quotidien La Sentinelle\",\"url\":\"https:\\\/\\\/lasentinelle.dz\\\/\",\"logo\":{\"@type\":\"ImageObject\",\"inLanguage\":\"fr-FR\",\"@id\":\"https:\\\/\\\/lasentinelle.dz\\\/#\\\/schema\\\/logo\\\/image\\\/\",\"url\":\"https:\\\/\\\/lasentinelle.dz\\\/wp-content\\\/uploads\\\/2021\\\/09\\\/logo-sentinelleSLOGAN-1.png\",\"contentUrl\":\"https:\\\/\\\/lasentinelle.dz\\\/wp-content\\\/uploads\\\/2021\\\/09\\\/logo-sentinelleSLOGAN-1.png\",\"width\":615,\"height\":142,\"caption\":\"Quotidien La Sentinelle\"},\"image\":{\"@id\":\"https:\\\/\\\/lasentinelle.dz\\\/#\\\/schema\\\/logo\\\/image\\\/\"},\"sameAs\":[\"https:\\\/\\\/www.facebook.com\\\/La-Sentinelle-104059864394773\"]},{\"@type\":\"Person\",\"@id\":\"https:\\\/\\\/lasentinelle.dz\\\/#\\\/schema\\\/person\\\/729ee0024f24e0b8c5ec17232f8e8b41\",\"name\":\"admin\",\"image\":{\"@type\":\"ImageObject\",\"inLanguage\":\"fr-FR\",\"@id\":\"https:\\\/\\\/secure.gravatar.com\\\/avatar\\\/4c81fed838786e9b53f540bf46533e750f5d292099ae3b66cfc6fb1982e29df7?s=96&d=mm&r=g\",\"url\":\"https:\\\/\\\/secure.gravatar.com\\\/avatar\\\/4c81fed838786e9b53f540bf46533e750f5d292099ae3b66cfc6fb1982e29df7?s=96&d=mm&r=g\",\"contentUrl\":\"https:\\\/\\\/secure.gravatar.com\\\/avatar\\\/4c81fed838786e9b53f540bf46533e750f5d292099ae3b66cfc6fb1982e29df7?s=96&d=mm&r=g\",\"caption\":\"admin\"},\"description\":\"admin\",\"url\":\"https:\\\/\\\/lasentinelle.dz\\\/author\\\/admin\\\/\"}]}<\/script>\n<!-- \/ Yoast SEO plugin. -->","yoast_head_json":{"title":"Hydrocarbures\u00a0: Sonatrach pr\u00e9pare une offensive internationale - La Sentinelle","robots":{"index":"index","follow":"follow","max-snippet":"max-snippet:-1","max-image-preview":"max-image-preview:large","max-video-preview":"max-video-preview:-1"},"canonical":"https:\/\/lasentinelle.dz\/index.php\/2025\/10\/22\/hydrocarbures-sonatrach-prepare-une-offensive-internationale\/","og_locale":"fr_FR","og_type":"article","og_title":"Hydrocarbures\u00a0: Sonatrach pr\u00e9pare une offensive internationale - La Sentinelle","og_description":"Le g\u00e9ant p\u00e9trolier national acc\u00e9l\u00e8re sa strat\u00e9gie d&rsquo;expansion mondiale, consid\u00e9rant l&rsquo;ouverture internationale comme une \u00ab\u00a0n\u00e9cessit\u00e9 strat\u00e9gique\u00a0\u00bb pour renforcer sa comp\u00e9titivit\u00e9","og_url":"https:\/\/lasentinelle.dz\/index.php\/2025\/10\/22\/hydrocarbures-sonatrach-prepare-une-offensive-internationale\/","og_site_name":"La Sentinelle","article_publisher":"https:\/\/www.facebook.com\/La-Sentinelle-104059864394773","article_published_time":"2025-10-22T18:43:00+00:00","article_modified_time":"2025-10-22T18:43:01+00:00","og_image":[{"width":2560,"height":1703,"url":"https:\/\/lasentinelle.dz\/wp-content\/uploads\/2025\/10\/sonatrach-1.jpg","type":"image\/jpeg"}],"author":"admin","twitter_card":"summary_large_image","twitter_misc":{"\u00c9crit par":"admin","Dur\u00e9e de lecture estim\u00e9e":"3 minutes"},"schema":{"@context":"https:\/\/schema.org","@graph":[{"@type":"Article","@id":"https:\/\/lasentinelle.dz\/index.php\/2025\/10\/22\/hydrocarbures-sonatrach-prepare-une-offensive-internationale\/#article","isPartOf":{"@id":"https:\/\/lasentinelle.dz\/index.php\/2025\/10\/22\/hydrocarbures-sonatrach-prepare-une-offensive-internationale\/"},"author":{"name":"admin","@id":"https:\/\/lasentinelle.dz\/#\/schema\/person\/729ee0024f24e0b8c5ec17232f8e8b41"},"headline":"Hydrocarbures\u00a0: Sonatrach pr\u00e9pare une offensive internationale","datePublished":"2025-10-22T18:43:00+00:00","dateModified":"2025-10-22T18:43:01+00:00","mainEntityOfPage":{"@id":"https:\/\/lasentinelle.dz\/index.php\/2025\/10\/22\/hydrocarbures-sonatrach-prepare-une-offensive-internationale\/"},"wordCount":634,"commentCount":0,"publisher":{"@id":"https:\/\/lasentinelle.dz\/#organization"},"image":{"@id":"https:\/\/lasentinelle.dz\/index.php\/2025\/10\/22\/hydrocarbures-sonatrach-prepare-une-offensive-internationale\/#primaryimage"},"thumbnailUrl":"https:\/\/lasentinelle.dz\/wp-content\/uploads\/2025\/10\/sonatrach-1.jpg","articleSection":["\u00c0 la Une","\u00c9conomie"],"inLanguage":"fr-FR","potentialAction":[{"@type":"CommentAction","name":"Comment","target":["https:\/\/lasentinelle.dz\/index.php\/2025\/10\/22\/hydrocarbures-sonatrach-prepare-une-offensive-internationale\/#respond"]}]},{"@type":"WebPage","@id":"https:\/\/lasentinelle.dz\/index.php\/2025\/10\/22\/hydrocarbures-sonatrach-prepare-une-offensive-internationale\/","url":"https:\/\/lasentinelle.dz\/index.php\/2025\/10\/22\/hydrocarbures-sonatrach-prepare-une-offensive-internationale\/","name":"Hydrocarbures\u00a0: Sonatrach pr\u00e9pare une offensive internationale - La Sentinelle","isPartOf":{"@id":"https:\/\/lasentinelle.dz\/#website"},"primaryImageOfPage":{"@id":"https:\/\/lasentinelle.dz\/index.php\/2025\/10\/22\/hydrocarbures-sonatrach-prepare-une-offensive-internationale\/#primaryimage"},"image":{"@id":"https:\/\/lasentinelle.dz\/index.php\/2025\/10\/22\/hydrocarbures-sonatrach-prepare-une-offensive-internationale\/#primaryimage"},"thumbnailUrl":"https:\/\/lasentinelle.dz\/wp-content\/uploads\/2025\/10\/sonatrach-1.jpg","datePublished":"2025-10-22T18:43:00+00:00","dateModified":"2025-10-22T18:43:01+00:00","breadcrumb":{"@id":"https:\/\/lasentinelle.dz\/index.php\/2025\/10\/22\/hydrocarbures-sonatrach-prepare-une-offensive-internationale\/#breadcrumb"},"inLanguage":"fr-FR","potentialAction":[{"@type":"ReadAction","target":["https:\/\/lasentinelle.dz\/index.php\/2025\/10\/22\/hydrocarbures-sonatrach-prepare-une-offensive-internationale\/"]}]},{"@type":"ImageObject","inLanguage":"fr-FR","@id":"https:\/\/lasentinelle.dz\/index.php\/2025\/10\/22\/hydrocarbures-sonatrach-prepare-une-offensive-internationale\/#primaryimage","url":"https:\/\/lasentinelle.dz\/wp-content\/uploads\/2025\/10\/sonatrach-1.jpg","contentUrl":"https:\/\/lasentinelle.dz\/wp-content\/uploads\/2025\/10\/sonatrach-1.jpg","width":2560,"height":1703},{"@type":"BreadcrumbList","@id":"https:\/\/lasentinelle.dz\/index.php\/2025\/10\/22\/hydrocarbures-sonatrach-prepare-une-offensive-internationale\/#breadcrumb","itemListElement":[{"@type":"ListItem","position":1,"name":"Accueil","item":"https:\/\/lasentinelle.dz\/"},{"@type":"ListItem","position":2,"name":"Hydrocarbures\u00a0: Sonatrach pr\u00e9pare une offensive internationale"}]},{"@type":"WebSite","@id":"https:\/\/lasentinelle.dz\/#website","url":"https:\/\/lasentinelle.dz\/","name":"La Sentinelle","description":"Quotidien national d&#039;information","publisher":{"@id":"https:\/\/lasentinelle.dz\/#organization"},"potentialAction":[{"@type":"SearchAction","target":{"@type":"EntryPoint","urlTemplate":"https:\/\/lasentinelle.dz\/?s={search_term_string}"},"query-input":{"@type":"PropertyValueSpecification","valueRequired":true,"valueName":"search_term_string"}}],"inLanguage":"fr-FR"},{"@type":"Organization","@id":"https:\/\/lasentinelle.dz\/#organization","name":"Quotidien La Sentinelle","url":"https:\/\/lasentinelle.dz\/","logo":{"@type":"ImageObject","inLanguage":"fr-FR","@id":"https:\/\/lasentinelle.dz\/#\/schema\/logo\/image\/","url":"https:\/\/lasentinelle.dz\/wp-content\/uploads\/2021\/09\/logo-sentinelleSLOGAN-1.png","contentUrl":"https:\/\/lasentinelle.dz\/wp-content\/uploads\/2021\/09\/logo-sentinelleSLOGAN-1.png","width":615,"height":142,"caption":"Quotidien La Sentinelle"},"image":{"@id":"https:\/\/lasentinelle.dz\/#\/schema\/logo\/image\/"},"sameAs":["https:\/\/www.facebook.com\/La-Sentinelle-104059864394773"]},{"@type":"Person","@id":"https:\/\/lasentinelle.dz\/#\/schema\/person\/729ee0024f24e0b8c5ec17232f8e8b41","name":"admin","image":{"@type":"ImageObject","inLanguage":"fr-FR","@id":"https:\/\/secure.gravatar.com\/avatar\/4c81fed838786e9b53f540bf46533e750f5d292099ae3b66cfc6fb1982e29df7?s=96&d=mm&r=g","url":"https:\/\/secure.gravatar.com\/avatar\/4c81fed838786e9b53f540bf46533e750f5d292099ae3b66cfc6fb1982e29df7?s=96&d=mm&r=g","contentUrl":"https:\/\/secure.gravatar.com\/avatar\/4c81fed838786e9b53f540bf46533e750f5d292099ae3b66cfc6fb1982e29df7?s=96&d=mm&r=g","caption":"admin"},"description":"admin","url":"https:\/\/lasentinelle.dz\/author\/admin\/"}]}},"_links":{"self":[{"href":"https:\/\/lasentinelle.dz\/index.php\/wp-json\/wp\/v2\/posts\/75200","targetHints":{"allow":["GET"]}}],"collection":[{"href":"https:\/\/lasentinelle.dz\/index.php\/wp-json\/wp\/v2\/posts"}],"about":[{"href":"https:\/\/lasentinelle.dz\/index.php\/wp-json\/wp\/v2\/types\/post"}],"author":[{"embeddable":true,"href":"https:\/\/lasentinelle.dz\/index.php\/wp-json\/wp\/v2\/users\/6"}],"replies":[{"embeddable":true,"href":"https:\/\/lasentinelle.dz\/index.php\/wp-json\/wp\/v2\/comments?post=75200"}],"version-history":[{"count":1,"href":"https:\/\/lasentinelle.dz\/index.php\/wp-json\/wp\/v2\/posts\/75200\/revisions"}],"predecessor-version":[{"id":75202,"href":"https:\/\/lasentinelle.dz\/index.php\/wp-json\/wp\/v2\/posts\/75200\/revisions\/75202"}],"wp:featuredmedia":[{"embeddable":true,"href":"https:\/\/lasentinelle.dz\/index.php\/wp-json\/wp\/v2\/media\/75201"}],"wp:attachment":[{"href":"https:\/\/lasentinelle.dz\/index.php\/wp-json\/wp\/v2\/media?parent=75200"}],"wp:term":[{"taxonomy":"category","embeddable":true,"href":"https:\/\/lasentinelle.dz\/index.php\/wp-json\/wp\/v2\/categories?post=75200"},{"taxonomy":"post_tag","embeddable":true,"href":"https:\/\/lasentinelle.dz\/index.php\/wp-json\/wp\/v2\/tags?post=75200"}],"curies":[{"name":"wp","href":"https:\/\/api.w.org\/{rel}","templated":true}]}}