{"id":75203,"date":"2025-10-25T18:49:30","date_gmt":"2025-10-25T17:49:30","guid":{"rendered":"https:\/\/lasentinelle.dz\/?p=75203"},"modified":"2025-10-25T18:49:30","modified_gmt":"2025-10-25T17:49:30","slug":"soudan-la-crise-humanitaire-saggrave-lonu-appelle-a-une-action-internationale-urgente","status":"publish","type":"post","link":"https:\/\/lasentinelle.dz\/index.php\/2025\/10\/25\/soudan-la-crise-humanitaire-saggrave-lonu-appelle-a-une-action-internationale-urgente\/","title":{"rendered":"Soudan\u00a0: La crise humanitaire s\u2019aggrave, l\u2019ONU appelle \u00e0 une action internationale urgente"},"content":{"rendered":"\n<p>Les responsables humanitaires de l\u2019ONU ont exprim\u00e9 leur inqui\u00e9tude face \u00e0 la crise croissante au Soudan, qualifiant la situation de \u00ab\u00a0pire urgence de d\u00e9placements dans le monde\u00a0\u00bb et appelant \u00e0 une action internationale imm\u00e9diate pour \u00e9viter une catastrophe suppl\u00e9mentaire. Lors d\u2019un point de presse virtuel vendredi \u00e0 l\u2019issue d\u2019une r\u00e9cente visite conjointe au Soudan, Ugochi Daniels, directrice g\u00e9n\u00e9rale adjointe des op\u00e9rations de l\u2019Organisation internationale pour les migrations (OIM), a d\u00e9crit le pays comme \u00e9tant au bord du gouffre. \u00ab\u00a0?Aujourd\u2019hui (&#8230;.) le Soudan conna\u00eet la pire crise de d\u00e9placements dans le monde?\u00a0\u00bb, a-t-elle rapport\u00e9, signalant que plus de 30 millions de personnes y ont besoin d\u2019assistance humanitaire et que 4,3 millions sont d\u00e9plac\u00e9es vers les pays voisins. Kelly Clements, commissaire g\u00e9n\u00e9rale adjointe du Haut-Commissariat pour les r\u00e9fugi\u00e9s (HCR), a indiqu\u00e9, pour sa part, \u00eatre revenue d\u2019un voyage de cinq jours au Soudan, o\u00f9 elle a visit\u00e9 Port-Soudan et Khartoum. \u00ab\u00a0Nous savons que le peuple soudanais continue de payer le lourd tribut des combats\u00a0\u00bb, a-t-elle dit, pr\u00e9cisant que depuis avril 2023, 12 millions de personnes ont \u00e9t\u00e9 contraintes de fuir leur domicile, \u00e0 l\u2019int\u00e9rieur et \u00e0 l\u2019ext\u00e9rieur du pays. \u00ab\u00a0Cela repr\u00e9sente un Soudanais sur trois d\u00e9plac\u00e9\u00a0\u00bb, selon elle. Ted Chaiban, directeur ex\u00e9cutif adjoint de l\u2019UNICEF, a qualifi\u00e9, de son c\u00f4t\u00e9, le Soudan de \u00ab\u00a0plus grande crise humanitaire mondiale?\u00a0\u00bb. \u00ab\u00a0Le conflit s\u2019intensifie et les enfants paient le prix le plus \u00e9lev\u00e9 chaque jour\u00a0\u00bb, a-t-il apport\u00e9, pr\u00e9cisant que 1,4 million d\u2019enfants vivent dans des zones frapp\u00e9es par la famine ou \u00e0 risque. Valerie Guarnieri, directrice ex\u00e9cutive adjointe du Programme alimentaire mondial (PAM), a affirm\u00e9, elle, que le Soudan est \u00ab\u00a0clairement une priorit\u00e9 absolue?\u00a0\u00bb. \u00ab\u00a0La confirmation de famine dans certaines r\u00e9gions du Soudan a \u00e9t\u00e9 un moment extr\u00eamement grave. Compte tenu de l\u2019ampleur et de l\u2019intensit\u00e9 croissante de la crise, nous avons consenti des efforts significatifs pour renforcer notre capacit\u00e9 op\u00e9rationnelle afin de r\u00e9pondre aux besoins \u00e9normes et croissants?\u00a0\u00bb, a-t-elle indiqu\u00e9. Le PAM (Programme alimentaire mondial) a atteint plus de 4 millions de personnes chaque mois avec une assistance alimentaire et nutritionnelle urgente, soit le double de l\u2019an dernier, a pr\u00e9cis\u00e9 Guarnieri. Depuis avril 2023, le conflit entre l\u2019arm\u00e9e soudanaise et les FSR a fait plus de 20?000 morts et 14 millions de d\u00e9plac\u00e9s, selon l\u2019ONU et les autorit\u00e9s locales. Cependant, des recherches men\u00e9es par des universit\u00e9s am\u00e9ricaines estiment le bilan \u00e0 environ 130?000 morts.<\/p>\n\n\n\n<p>APS<\/p>\n","protected":false},"excerpt":{"rendered":"<p>Les responsables humanitaires de l\u2019ONU ont exprim\u00e9 leur inqui\u00e9tude face \u00e0 la crise croissante au Soudan, qualifiant la situation de<\/p>\n","protected":false},"author":6,"featured_media":72411,"comment_status":"open","ping_status":"closed","sticky":false,"template":"","format":"standard","meta":{"colormag_page_container_layout":"default_layout","colormag_page_sidebar_layout":"default_layout","om_disable_all_campaigns":false,"_monsterinsights_skip_tracking":false,"_monsterinsights_sitenote_active":false,"_monsterinsights_sitenote_note":"","_monsterinsights_sitenote_category":0,"footnotes":"","_wpscppro_dont_share_socialmedia":false,"_wpscppro_custom_social_share_image":0,"_facebook_share_type":"default","_twitter_share_type":"default","_linkedin_share_type":"default","_pinterest_share_type":"default","_linkedin_share_type_page":"","_instagram_share_type":"default","_medium_share_type":"default","_threads_share_type":"default","_google_business_share_type":"default","_selected_social_profile":[],"_wpsp_enable_custom_social_template":false,"_wpsp_social_scheduling":{"enabled":false,"datetime":null,"platforms":[],"status":"template_only","dateOption":"today","timeOption":"now","customDays":"","customHours":"","customDate":"","customTime":"","schedulingType":"absolute"},"_wpsp_active_default_template":true},"categories":[37],"tags":[],"class_list":["post-75203","post","type-post","status-publish","format-standard","has-post-thumbnail","hentry","category-monde"],"aioseo_notices":[],"yoast_head":"<!-- This site is optimized with the Yoast SEO plugin v27.5 - https:\/\/yoast.com\/product\/yoast-seo-wordpress\/ -->\n<title>Soudan\u00a0: La crise humanitaire s\u2019aggrave, l\u2019ONU appelle \u00e0 une action internationale urgente - La Sentinelle<\/title>\n<meta name=\"robots\" content=\"index, follow, max-snippet:-1, max-image-preview:large, max-video-preview:-1\" \/>\n<link rel=\"canonical\" href=\"https:\/\/lasentinelle.dz\/index.php\/2025\/10\/25\/soudan-la-crise-humanitaire-saggrave-lonu-appelle-a-une-action-internationale-urgente\/\" \/>\n<meta property=\"og:locale\" content=\"fr_FR\" \/>\n<meta property=\"og:type\" content=\"article\" \/>\n<meta property=\"og:title\" content=\"Soudan\u00a0: La crise humanitaire s\u2019aggrave, l\u2019ONU appelle \u00e0 une action internationale urgente - La Sentinelle\" \/>\n<meta property=\"og:description\" content=\"Les responsables humanitaires de l\u2019ONU ont exprim\u00e9 leur inqui\u00e9tude face \u00e0 la crise croissante au Soudan, qualifiant la situation de\" \/>\n<meta property=\"og:url\" content=\"https:\/\/lasentinelle.dz\/index.php\/2025\/10\/25\/soudan-la-crise-humanitaire-saggrave-lonu-appelle-a-une-action-internationale-urgente\/\" \/>\n<meta property=\"og:site_name\" content=\"La Sentinelle\" \/>\n<meta property=\"article:publisher\" content=\"https:\/\/www.facebook.com\/La-Sentinelle-104059864394773\" \/>\n<meta property=\"article:published_time\" content=\"2025-10-25T17:49:30+00:00\" \/>\n<meta property=\"og:image\" content=\"https:\/\/lasentinelle.dz\/wp-content\/uploads\/2025\/08\/soudan.jpg\" \/>\n\t<meta property=\"og:image:width\" content=\"1200\" \/>\n\t<meta property=\"og:image:height\" content=\"675\" \/>\n\t<meta property=\"og:image:type\" content=\"image\/jpeg\" \/>\n<meta name=\"author\" content=\"admin\" \/>\n<meta name=\"twitter:card\" content=\"summary_large_image\" \/>\n<meta name=\"twitter:label1\" content=\"\u00c9crit par\" \/>\n\t<meta name=\"twitter:data1\" content=\"admin\" \/>\n\t<meta name=\"twitter:label2\" content=\"Dur\u00e9e de lecture estim\u00e9e\" \/>\n\t<meta name=\"twitter:data2\" content=\"3 minutes\" \/>\n<script type=\"application\/ld+json\" class=\"yoast-schema-graph\">{\"@context\":\"https:\\\/\\\/schema.org\",\"@graph\":[{\"@type\":\"Article\",\"@id\":\"https:\\\/\\\/lasentinelle.dz\\\/index.php\\\/2025\\\/10\\\/25\\\/soudan-la-crise-humanitaire-saggrave-lonu-appelle-a-une-action-internationale-urgente\\\/#article\",\"isPartOf\":{\"@id\":\"https:\\\/\\\/lasentinelle.dz\\\/index.php\\\/2025\\\/10\\\/25\\\/soudan-la-crise-humanitaire-saggrave-lonu-appelle-a-une-action-internationale-urgente\\\/\"},\"author\":{\"name\":\"admin\",\"@id\":\"https:\\\/\\\/lasentinelle.dz\\\/#\\\/schema\\\/person\\\/729ee0024f24e0b8c5ec17232f8e8b41\"},\"headline\":\"Soudan\u00a0: La crise humanitaire s\u2019aggrave, l\u2019ONU appelle \u00e0 une action internationale urgente\",\"datePublished\":\"2025-10-25T17:49:30+00:00\",\"mainEntityOfPage\":{\"@id\":\"https:\\\/\\\/lasentinelle.dz\\\/index.php\\\/2025\\\/10\\\/25\\\/soudan-la-crise-humanitaire-saggrave-lonu-appelle-a-une-action-internationale-urgente\\\/\"},\"wordCount\":443,\"commentCount\":0,\"publisher\":{\"@id\":\"https:\\\/\\\/lasentinelle.dz\\\/#organization\"},\"image\":{\"@id\":\"https:\\\/\\\/lasentinelle.dz\\\/index.php\\\/2025\\\/10\\\/25\\\/soudan-la-crise-humanitaire-saggrave-lonu-appelle-a-une-action-internationale-urgente\\\/#primaryimage\"},\"thumbnailUrl\":\"https:\\\/\\\/lasentinelle.dz\\\/wp-content\\\/uploads\\\/2025\\\/08\\\/soudan.jpg\",\"articleSection\":[\"Monde\"],\"inLanguage\":\"fr-FR\",\"potentialAction\":[{\"@type\":\"CommentAction\",\"name\":\"Comment\",\"target\":[\"https:\\\/\\\/lasentinelle.dz\\\/index.php\\\/2025\\\/10\\\/25\\\/soudan-la-crise-humanitaire-saggrave-lonu-appelle-a-une-action-internationale-urgente\\\/#respond\"]}]},{\"@type\":\"WebPage\",\"@id\":\"https:\\\/\\\/lasentinelle.dz\\\/index.php\\\/2025\\\/10\\\/25\\\/soudan-la-crise-humanitaire-saggrave-lonu-appelle-a-une-action-internationale-urgente\\\/\",\"url\":\"https:\\\/\\\/lasentinelle.dz\\\/index.php\\\/2025\\\/10\\\/25\\\/soudan-la-crise-humanitaire-saggrave-lonu-appelle-a-une-action-internationale-urgente\\\/\",\"name\":\"Soudan\u00a0: La crise humanitaire s\u2019aggrave, l\u2019ONU appelle \u00e0 une action internationale urgente - La Sentinelle\",\"isPartOf\":{\"@id\":\"https:\\\/\\\/lasentinelle.dz\\\/#website\"},\"primaryImageOfPage\":{\"@id\":\"https:\\\/\\\/lasentinelle.dz\\\/index.php\\\/2025\\\/10\\\/25\\\/soudan-la-crise-humanitaire-saggrave-lonu-appelle-a-une-action-internationale-urgente\\\/#primaryimage\"},\"image\":{\"@id\":\"https:\\\/\\\/lasentinelle.dz\\\/index.php\\\/2025\\\/10\\\/25\\\/soudan-la-crise-humanitaire-saggrave-lonu-appelle-a-une-action-internationale-urgente\\\/#primaryimage\"},\"thumbnailUrl\":\"https:\\\/\\\/lasentinelle.dz\\\/wp-content\\\/uploads\\\/2025\\\/08\\\/soudan.jpg\",\"datePublished\":\"2025-10-25T17:49:30+00:00\",\"breadcrumb\":{\"@id\":\"https:\\\/\\\/lasentinelle.dz\\\/index.php\\\/2025\\\/10\\\/25\\\/soudan-la-crise-humanitaire-saggrave-lonu-appelle-a-une-action-internationale-urgente\\\/#breadcrumb\"},\"inLanguage\":\"fr-FR\",\"potentialAction\":[{\"@type\":\"ReadAction\",\"target\":[\"https:\\\/\\\/lasentinelle.dz\\\/index.php\\\/2025\\\/10\\\/25\\\/soudan-la-crise-humanitaire-saggrave-lonu-appelle-a-une-action-internationale-urgente\\\/\"]}]},{\"@type\":\"ImageObject\",\"inLanguage\":\"fr-FR\",\"@id\":\"https:\\\/\\\/lasentinelle.dz\\\/index.php\\\/2025\\\/10\\\/25\\\/soudan-la-crise-humanitaire-saggrave-lonu-appelle-a-une-action-internationale-urgente\\\/#primaryimage\",\"url\":\"https:\\\/\\\/lasentinelle.dz\\\/wp-content\\\/uploads\\\/2025\\\/08\\\/soudan.jpg\",\"contentUrl\":\"https:\\\/\\\/lasentinelle.dz\\\/wp-content\\\/uploads\\\/2025\\\/08\\\/soudan.jpg\",\"width\":1200,\"height\":675},{\"@type\":\"BreadcrumbList\",\"@id\":\"https:\\\/\\\/lasentinelle.dz\\\/index.php\\\/2025\\\/10\\\/25\\\/soudan-la-crise-humanitaire-saggrave-lonu-appelle-a-une-action-internationale-urgente\\\/#breadcrumb\",\"itemListElement\":[{\"@type\":\"ListItem\",\"position\":1,\"name\":\"Accueil\",\"item\":\"https:\\\/\\\/lasentinelle.dz\\\/\"},{\"@type\":\"ListItem\",\"position\":2,\"name\":\"Soudan\u00a0: La crise humanitaire s\u2019aggrave, l\u2019ONU appelle \u00e0 une action internationale urgente\"}]},{\"@type\":\"WebSite\",\"@id\":\"https:\\\/\\\/lasentinelle.dz\\\/#website\",\"url\":\"https:\\\/\\\/lasentinelle.dz\\\/\",\"name\":\"La Sentinelle\",\"description\":\"Quotidien national d&#039;information\",\"publisher\":{\"@id\":\"https:\\\/\\\/lasentinelle.dz\\\/#organization\"},\"potentialAction\":[{\"@type\":\"SearchAction\",\"target\":{\"@type\":\"EntryPoint\",\"urlTemplate\":\"https:\\\/\\\/lasentinelle.dz\\\/?s={search_term_string}\"},\"query-input\":{\"@type\":\"PropertyValueSpecification\",\"valueRequired\":true,\"valueName\":\"search_term_string\"}}],\"inLanguage\":\"fr-FR\"},{\"@type\":\"Organization\",\"@id\":\"https:\\\/\\\/lasentinelle.dz\\\/#organization\",\"name\":\"Quotidien La Sentinelle\",\"url\":\"https:\\\/\\\/lasentinelle.dz\\\/\",\"logo\":{\"@type\":\"ImageObject\",\"inLanguage\":\"fr-FR\",\"@id\":\"https:\\\/\\\/lasentinelle.dz\\\/#\\\/schema\\\/logo\\\/image\\\/\",\"url\":\"https:\\\/\\\/lasentinelle.dz\\\/wp-content\\\/uploads\\\/2021\\\/09\\\/logo-sentinelleSLOGAN-1.png\",\"contentUrl\":\"https:\\\/\\\/lasentinelle.dz\\\/wp-content\\\/uploads\\\/2021\\\/09\\\/logo-sentinelleSLOGAN-1.png\",\"width\":615,\"height\":142,\"caption\":\"Quotidien La Sentinelle\"},\"image\":{\"@id\":\"https:\\\/\\\/lasentinelle.dz\\\/#\\\/schema\\\/logo\\\/image\\\/\"},\"sameAs\":[\"https:\\\/\\\/www.facebook.com\\\/La-Sentinelle-104059864394773\"]},{\"@type\":\"Person\",\"@id\":\"https:\\\/\\\/lasentinelle.dz\\\/#\\\/schema\\\/person\\\/729ee0024f24e0b8c5ec17232f8e8b41\",\"name\":\"admin\",\"image\":{\"@type\":\"ImageObject\",\"inLanguage\":\"fr-FR\",\"@id\":\"https:\\\/\\\/secure.gravatar.com\\\/avatar\\\/4c81fed838786e9b53f540bf46533e750f5d292099ae3b66cfc6fb1982e29df7?s=96&d=mm&r=g\",\"url\":\"https:\\\/\\\/secure.gravatar.com\\\/avatar\\\/4c81fed838786e9b53f540bf46533e750f5d292099ae3b66cfc6fb1982e29df7?s=96&d=mm&r=g\",\"contentUrl\":\"https:\\\/\\\/secure.gravatar.com\\\/avatar\\\/4c81fed838786e9b53f540bf46533e750f5d292099ae3b66cfc6fb1982e29df7?s=96&d=mm&r=g\",\"caption\":\"admin\"},\"description\":\"admin\",\"url\":\"https:\\\/\\\/lasentinelle.dz\\\/author\\\/admin\\\/\"}]}<\/script>\n<!-- \/ Yoast SEO plugin. -->","yoast_head_json":{"title":"Soudan\u00a0: La crise humanitaire s\u2019aggrave, l\u2019ONU appelle \u00e0 une action internationale urgente - La Sentinelle","robots":{"index":"index","follow":"follow","max-snippet":"max-snippet:-1","max-image-preview":"max-image-preview:large","max-video-preview":"max-video-preview:-1"},"canonical":"https:\/\/lasentinelle.dz\/index.php\/2025\/10\/25\/soudan-la-crise-humanitaire-saggrave-lonu-appelle-a-une-action-internationale-urgente\/","og_locale":"fr_FR","og_type":"article","og_title":"Soudan\u00a0: La crise humanitaire s\u2019aggrave, l\u2019ONU appelle \u00e0 une action internationale urgente - La Sentinelle","og_description":"Les responsables humanitaires de l\u2019ONU ont exprim\u00e9 leur inqui\u00e9tude face \u00e0 la crise croissante au Soudan, qualifiant la situation de","og_url":"https:\/\/lasentinelle.dz\/index.php\/2025\/10\/25\/soudan-la-crise-humanitaire-saggrave-lonu-appelle-a-une-action-internationale-urgente\/","og_site_name":"La Sentinelle","article_publisher":"https:\/\/www.facebook.com\/La-Sentinelle-104059864394773","article_published_time":"2025-10-25T17:49:30+00:00","og_image":[{"width":1200,"height":675,"url":"https:\/\/lasentinelle.dz\/wp-content\/uploads\/2025\/08\/soudan.jpg","type":"image\/jpeg"}],"author":"admin","twitter_card":"summary_large_image","twitter_misc":{"\u00c9crit par":"admin","Dur\u00e9e de lecture estim\u00e9e":"3 minutes"},"schema":{"@context":"https:\/\/schema.org","@graph":[{"@type":"Article","@id":"https:\/\/lasentinelle.dz\/index.php\/2025\/10\/25\/soudan-la-crise-humanitaire-saggrave-lonu-appelle-a-une-action-internationale-urgente\/#article","isPartOf":{"@id":"https:\/\/lasentinelle.dz\/index.php\/2025\/10\/25\/soudan-la-crise-humanitaire-saggrave-lonu-appelle-a-une-action-internationale-urgente\/"},"author":{"name":"admin","@id":"https:\/\/lasentinelle.dz\/#\/schema\/person\/729ee0024f24e0b8c5ec17232f8e8b41"},"headline":"Soudan\u00a0: La crise humanitaire s\u2019aggrave, l\u2019ONU appelle \u00e0 une action internationale urgente","datePublished":"2025-10-25T17:49:30+00:00","mainEntityOfPage":{"@id":"https:\/\/lasentinelle.dz\/index.php\/2025\/10\/25\/soudan-la-crise-humanitaire-saggrave-lonu-appelle-a-une-action-internationale-urgente\/"},"wordCount":443,"commentCount":0,"publisher":{"@id":"https:\/\/lasentinelle.dz\/#organization"},"image":{"@id":"https:\/\/lasentinelle.dz\/index.php\/2025\/10\/25\/soudan-la-crise-humanitaire-saggrave-lonu-appelle-a-une-action-internationale-urgente\/#primaryimage"},"thumbnailUrl":"https:\/\/lasentinelle.dz\/wp-content\/uploads\/2025\/08\/soudan.jpg","articleSection":["Monde"],"inLanguage":"fr-FR","potentialAction":[{"@type":"CommentAction","name":"Comment","target":["https:\/\/lasentinelle.dz\/index.php\/2025\/10\/25\/soudan-la-crise-humanitaire-saggrave-lonu-appelle-a-une-action-internationale-urgente\/#respond"]}]},{"@type":"WebPage","@id":"https:\/\/lasentinelle.dz\/index.php\/2025\/10\/25\/soudan-la-crise-humanitaire-saggrave-lonu-appelle-a-une-action-internationale-urgente\/","url":"https:\/\/lasentinelle.dz\/index.php\/2025\/10\/25\/soudan-la-crise-humanitaire-saggrave-lonu-appelle-a-une-action-internationale-urgente\/","name":"Soudan\u00a0: La crise humanitaire s\u2019aggrave, l\u2019ONU appelle \u00e0 une action internationale urgente - La Sentinelle","isPartOf":{"@id":"https:\/\/lasentinelle.dz\/#website"},"primaryImageOfPage":{"@id":"https:\/\/lasentinelle.dz\/index.php\/2025\/10\/25\/soudan-la-crise-humanitaire-saggrave-lonu-appelle-a-une-action-internationale-urgente\/#primaryimage"},"image":{"@id":"https:\/\/lasentinelle.dz\/index.php\/2025\/10\/25\/soudan-la-crise-humanitaire-saggrave-lonu-appelle-a-une-action-internationale-urgente\/#primaryimage"},"thumbnailUrl":"https:\/\/lasentinelle.dz\/wp-content\/uploads\/2025\/08\/soudan.jpg","datePublished":"2025-10-25T17:49:30+00:00","breadcrumb":{"@id":"https:\/\/lasentinelle.dz\/index.php\/2025\/10\/25\/soudan-la-crise-humanitaire-saggrave-lonu-appelle-a-une-action-internationale-urgente\/#breadcrumb"},"inLanguage":"fr-FR","potentialAction":[{"@type":"ReadAction","target":["https:\/\/lasentinelle.dz\/index.php\/2025\/10\/25\/soudan-la-crise-humanitaire-saggrave-lonu-appelle-a-une-action-internationale-urgente\/"]}]},{"@type":"ImageObject","inLanguage":"fr-FR","@id":"https:\/\/lasentinelle.dz\/index.php\/2025\/10\/25\/soudan-la-crise-humanitaire-saggrave-lonu-appelle-a-une-action-internationale-urgente\/#primaryimage","url":"https:\/\/lasentinelle.dz\/wp-content\/uploads\/2025\/08\/soudan.jpg","contentUrl":"https:\/\/lasentinelle.dz\/wp-content\/uploads\/2025\/08\/soudan.jpg","width":1200,"height":675},{"@type":"BreadcrumbList","@id":"https:\/\/lasentinelle.dz\/index.php\/2025\/10\/25\/soudan-la-crise-humanitaire-saggrave-lonu-appelle-a-une-action-internationale-urgente\/#breadcrumb","itemListElement":[{"@type":"ListItem","position":1,"name":"Accueil","item":"https:\/\/lasentinelle.dz\/"},{"@type":"ListItem","position":2,"name":"Soudan\u00a0: La crise humanitaire s\u2019aggrave, l\u2019ONU appelle \u00e0 une action internationale urgente"}]},{"@type":"WebSite","@id":"https:\/\/lasentinelle.dz\/#website","url":"https:\/\/lasentinelle.dz\/","name":"La Sentinelle","description":"Quotidien national d&#039;information","publisher":{"@id":"https:\/\/lasentinelle.dz\/#organization"},"potentialAction":[{"@type":"SearchAction","target":{"@type":"EntryPoint","urlTemplate":"https:\/\/lasentinelle.dz\/?s={search_term_string}"},"query-input":{"@type":"PropertyValueSpecification","valueRequired":true,"valueName":"search_term_string"}}],"inLanguage":"fr-FR"},{"@type":"Organization","@id":"https:\/\/lasentinelle.dz\/#organization","name":"Quotidien La Sentinelle","url":"https:\/\/lasentinelle.dz\/","logo":{"@type":"ImageObject","inLanguage":"fr-FR","@id":"https:\/\/lasentinelle.dz\/#\/schema\/logo\/image\/","url":"https:\/\/lasentinelle.dz\/wp-content\/uploads\/2021\/09\/logo-sentinelleSLOGAN-1.png","contentUrl":"https:\/\/lasentinelle.dz\/wp-content\/uploads\/2021\/09\/logo-sentinelleSLOGAN-1.png","width":615,"height":142,"caption":"Quotidien La Sentinelle"},"image":{"@id":"https:\/\/lasentinelle.dz\/#\/schema\/logo\/image\/"},"sameAs":["https:\/\/www.facebook.com\/La-Sentinelle-104059864394773"]},{"@type":"Person","@id":"https:\/\/lasentinelle.dz\/#\/schema\/person\/729ee0024f24e0b8c5ec17232f8e8b41","name":"admin","image":{"@type":"ImageObject","inLanguage":"fr-FR","@id":"https:\/\/secure.gravatar.com\/avatar\/4c81fed838786e9b53f540bf46533e750f5d292099ae3b66cfc6fb1982e29df7?s=96&d=mm&r=g","url":"https:\/\/secure.gravatar.com\/avatar\/4c81fed838786e9b53f540bf46533e750f5d292099ae3b66cfc6fb1982e29df7?s=96&d=mm&r=g","contentUrl":"https:\/\/secure.gravatar.com\/avatar\/4c81fed838786e9b53f540bf46533e750f5d292099ae3b66cfc6fb1982e29df7?s=96&d=mm&r=g","caption":"admin"},"description":"admin","url":"https:\/\/lasentinelle.dz\/author\/admin\/"}]}},"_links":{"self":[{"href":"https:\/\/lasentinelle.dz\/index.php\/wp-json\/wp\/v2\/posts\/75203","targetHints":{"allow":["GET"]}}],"collection":[{"href":"https:\/\/lasentinelle.dz\/index.php\/wp-json\/wp\/v2\/posts"}],"about":[{"href":"https:\/\/lasentinelle.dz\/index.php\/wp-json\/wp\/v2\/types\/post"}],"author":[{"embeddable":true,"href":"https:\/\/lasentinelle.dz\/index.php\/wp-json\/wp\/v2\/users\/6"}],"replies":[{"embeddable":true,"href":"https:\/\/lasentinelle.dz\/index.php\/wp-json\/wp\/v2\/comments?post=75203"}],"version-history":[{"count":1,"href":"https:\/\/lasentinelle.dz\/index.php\/wp-json\/wp\/v2\/posts\/75203\/revisions"}],"predecessor-version":[{"id":75204,"href":"https:\/\/lasentinelle.dz\/index.php\/wp-json\/wp\/v2\/posts\/75203\/revisions\/75204"}],"wp:featuredmedia":[{"embeddable":true,"href":"https:\/\/lasentinelle.dz\/index.php\/wp-json\/wp\/v2\/media\/72411"}],"wp:attachment":[{"href":"https:\/\/lasentinelle.dz\/index.php\/wp-json\/wp\/v2\/media?parent=75203"}],"wp:term":[{"taxonomy":"category","embeddable":true,"href":"https:\/\/lasentinelle.dz\/index.php\/wp-json\/wp\/v2\/categories?post=75203"},{"taxonomy":"post_tag","embeddable":true,"href":"https:\/\/lasentinelle.dz\/index.php\/wp-json\/wp\/v2\/tags?post=75203"}],"curies":[{"name":"wp","href":"https:\/\/api.w.org\/{rel}","templated":true}]}}