{"id":75209,"date":"2025-10-25T18:52:53","date_gmt":"2025-10-25T17:52:53","guid":{"rendered":"https:\/\/lasentinelle.dz\/?p=75209"},"modified":"2025-10-25T18:52:54","modified_gmt":"2025-10-25T17:52:54","slug":"maroc-la-rue-ne-decolere-pas","status":"publish","type":"post","link":"https:\/\/lasentinelle.dz\/index.php\/2025\/10\/25\/maroc-la-rue-ne-decolere-pas\/","title":{"rendered":"Maroc\u00a0: La rue ne d\u00e9col\u00e8re pas"},"content":{"rendered":"\n<p>Le mouvement GenZ 212 &nbsp;a appel\u00e9 \u00e0 de nouvelles manifestations malgr\u00e9 la r\u00e9pression.<\/p>\n\n\n\n<p>Le mouvement de contestation GenZ 212 a annonc\u00e9 vendredi l&rsquo;organisation de nouvelles manifestations pacifiques dans plusieurs villes du royaume, dont Rabat, Casablanca, Tanger et F\u00e8s ce week-end, malgr\u00e9 l&rsquo;arrestation de plus de 400 personnes et la condamnation de 17 manifestants d&rsquo;Agadir \u00e0 un total de 162 ans de prison. Cette mobilisation s&rsquo;inscrit dans la continuit\u00e9 d&rsquo;un mouvement de contestation qui d\u00e9nonce les d\u00e9faillances du syst\u00e8me de sant\u00e9 et d&rsquo;\u00e9ducation publiques, ainsi que les priorit\u00e9s gouvernementales jug\u00e9es d\u00e9connect\u00e9es des besoins sociaux urgents. Dans un communiqu\u00e9 publi\u00e9 le 23 octobre, le collectif de jeunes Marocains a pr\u00e9cis\u00e9 que cette initiative vise \u00e0 poursuivre la mobilisation pacifique pour d\u00e9fendre des revendications populaires partag\u00e9es par de nombreux Marocains, toutes cat\u00e9gories et g\u00e9n\u00e9rations confondues. Le mouvement appelle \u00e0 une am\u00e9lioration substantielle des services publics de sant\u00e9 et d&rsquo;\u00e9ducation, tout en exigeant la lib\u00e9ration imm\u00e9diate de tous les manifestants emprisonn\u00e9s. La col\u00e8re populaire s&rsquo;est particuli\u00e8rement intensifi\u00e9e apr\u00e8s le d\u00e9c\u00e8s tragique de huit femmes lors d&rsquo;un accouchement dans un h\u00f4pital public \u00e0 Agadir, drame qui a mis en lumi\u00e8re les d\u00e9faillances criantes du syst\u00e8me de sant\u00e9 marocain. Cet \u00e9v\u00e9nement tragique a servi de catalyseur \u00e0 une mobilisation qui couvait depuis plusieurs mois, cristallisant les frustrations d&rsquo;une population confront\u00e9e quotidiennement \u00e0 la d\u00e9gradation des services publics essentiels. Les manifestants d\u00e9noncent vigoureusement la priorit\u00e9 accord\u00e9e par le gouvernement d&rsquo;Aziz Akhannouch aux projets d&rsquo;infrastructures sportives li\u00e9s \u00e0 la Coupe d&rsquo;Afrique des Nations et \u00e0 la Coupe du monde 2030, au d\u00e9triment des besoins sociaux urgents. Un symbole de la d\u00e9connexion entre les priorit\u00e9s du pouvoir et les pr\u00e9occupations quotidiennes des citoyens ordinaires qui peinent \u00e0 acc\u00e9der \u00e0 des soins de qualit\u00e9 ou \u00e0 une \u00e9ducation d\u00e9cente pour leurs enfants. Le secteur de l&rsquo;\u00e9ducation constitue \u00e9galement un point de tension majeur. Les in\u00e9galit\u00e9s criantes entre l&rsquo;enseignement public et priv\u00e9 ont \u00e9t\u00e9 vivement d\u00e9nonc\u00e9es par le mouvement, qui pointe notamment le comportement de certains responsables politiques marocains qui inscrivent leurs enfants dans des \u00e9tablissements priv\u00e9s tout en \u00e9tant charg\u00e9s de g\u00e9rer l&rsquo;\u00e9cole publique. Cette hypocrisie institutionnalis\u00e9e alimente le sentiment d&rsquo;injustice et de m\u00e9pris ressenti par une large partie de la population.<\/p>\n\n\n\n<p>Malgr\u00e9 les promesses exprim\u00e9es par le gouvernement marocain en faveur de leurs revendications, le collectif GenZ 212 estime que les avanc\u00e9es demeurent insuffisantes, notamment en raison de l&rsquo;absence de dispositifs clairs et de mesures concr\u00e8tes pour combattre la corruption, pr\u00e9venir les conflits d&rsquo;int\u00e9r\u00eats et garantir une r\u00e9elle reddition des comptes. &nbsp;La r\u00e9pression polici\u00e8re n&rsquo;a fait qu&rsquo;exacerber les tensions. Le mouvement exige la lib\u00e9ration imm\u00e9diate des plus de 400 personnes arr\u00eat\u00e9es dans le cadre des manifestations GenZ 212, dont les 17 manifestants d&rsquo;Agadir r\u00e9cemment condamn\u00e9s \u00e0 des peines cumul\u00e9es de 162 ans de prison. Ces condamnations, jug\u00e9es disproportionn\u00e9es par les observateurs des droits humains, sont une tentative d&rsquo;intimidation visant \u00e0 briser la dynamique de mobilisation. La capitale Rabat avait d\u00e9j\u00e0 accueilli une manifestation le samedi 18 octobre, marquant la reprise de la mobilisation apr\u00e8s une p\u00e9riode de calme relatif. Devant le Parlement, des centaines de jeunes se sont r\u00e9unis pacifiquement pour revendiquer des r\u00e9formes sociales et \u00e9conomiques profondes, tout en appelant \u00e0 la d\u00e9mission du gouvernement d&rsquo;Aziz Akhannouch, tenu pour responsable de la d\u00e9gradation de la situation sociale. Le mouvement a appel\u00e9 \u00e0 \u00e9largir la mobilisation \u00e0 l&rsquo;ensemble des villes marocaines et \u00e0 diversifier les formes de pression sur le r\u00e9gime. Au-del\u00e0 des manifestations de rue, GenZ 212 propose de combiner actions sur le terrain et initiatives symboliques, telles que le boycott des produits des entreprises d\u00e9tenues par les hommes d&rsquo;affaires proches du Makhzen ou le boycott de matchs de football, afin d&rsquo;intensifier la pression populaire sur le gouvernement et de frapper le syst\u00e8me au c\u0153ur de ses int\u00e9r\u00eats \u00e9conomiques.<\/p>\n\n\n\n<p>Lyes Sa\u00efdi<\/p>\n","protected":false},"excerpt":{"rendered":"<p>Le mouvement GenZ 212 &nbsp;a appel\u00e9 \u00e0 de nouvelles manifestations malgr\u00e9 la r\u00e9pression. Le mouvement de contestation GenZ 212 a<\/p>\n","protected":false},"author":6,"featured_media":74705,"comment_status":"open","ping_status":"closed","sticky":false,"template":"","format":"standard","meta":{"colormag_page_container_layout":"default_layout","colormag_page_sidebar_layout":"default_layout","om_disable_all_campaigns":false,"_monsterinsights_skip_tracking":false,"_monsterinsights_sitenote_active":false,"_monsterinsights_sitenote_note":"","_monsterinsights_sitenote_category":0,"footnotes":"","_wpscppro_dont_share_socialmedia":false,"_wpscppro_custom_social_share_image":0,"_facebook_share_type":"default","_twitter_share_type":"default","_linkedin_share_type":"default","_pinterest_share_type":"default","_linkedin_share_type_page":"","_instagram_share_type":"default","_medium_share_type":"default","_threads_share_type":"default","_google_business_share_type":"default","_selected_social_profile":[],"_wpsp_enable_custom_social_template":false,"_wpsp_social_scheduling":{"enabled":false,"datetime":null,"platforms":[],"status":"template_only","dateOption":"today","timeOption":"now","customDays":"","customHours":"","customDate":"","customTime":"","schedulingType":"absolute"},"_wpsp_active_default_template":true},"categories":[52,37],"tags":[],"class_list":["post-75209","post","type-post","status-publish","format-standard","has-post-thumbnail","hentry","category-a-la-une","category-monde"],"aioseo_notices":[],"yoast_head":"<!-- This site is optimized with the Yoast SEO plugin v27.5 - https:\/\/yoast.com\/product\/yoast-seo-wordpress\/ -->\n<title>Maroc\u00a0: La rue ne d\u00e9col\u00e8re pas - La Sentinelle<\/title>\n<meta name=\"robots\" content=\"index, follow, max-snippet:-1, max-image-preview:large, max-video-preview:-1\" \/>\n<link rel=\"canonical\" href=\"https:\/\/lasentinelle.dz\/index.php\/2025\/10\/25\/maroc-la-rue-ne-decolere-pas\/\" \/>\n<meta property=\"og:locale\" content=\"fr_FR\" \/>\n<meta property=\"og:type\" content=\"article\" \/>\n<meta property=\"og:title\" content=\"Maroc\u00a0: La rue ne d\u00e9col\u00e8re pas - La Sentinelle\" \/>\n<meta property=\"og:description\" content=\"Le mouvement GenZ 212 &nbsp;a appel\u00e9 \u00e0 de nouvelles manifestations malgr\u00e9 la r\u00e9pression. Le mouvement de contestation GenZ 212 a\" \/>\n<meta property=\"og:url\" content=\"https:\/\/lasentinelle.dz\/index.php\/2025\/10\/25\/maroc-la-rue-ne-decolere-pas\/\" \/>\n<meta property=\"og:site_name\" content=\"La Sentinelle\" \/>\n<meta property=\"article:publisher\" content=\"https:\/\/www.facebook.com\/La-Sentinelle-104059864394773\" \/>\n<meta property=\"article:published_time\" content=\"2025-10-25T17:52:53+00:00\" \/>\n<meta property=\"article:modified_time\" content=\"2025-10-25T17:52:54+00:00\" \/>\n<meta property=\"og:image\" content=\"https:\/\/lasentinelle.dz\/wp-content\/uploads\/2025\/10\/GENZ212.jpg\" \/>\n\t<meta property=\"og:image:width\" content=\"1280\" \/>\n\t<meta property=\"og:image:height\" content=\"720\" \/>\n\t<meta property=\"og:image:type\" content=\"image\/jpeg\" \/>\n<meta name=\"author\" content=\"admin\" \/>\n<meta name=\"twitter:card\" content=\"summary_large_image\" \/>\n<meta name=\"twitter:label1\" content=\"\u00c9crit par\" \/>\n\t<meta name=\"twitter:data1\" content=\"admin\" \/>\n\t<meta name=\"twitter:label2\" content=\"Dur\u00e9e de lecture estim\u00e9e\" \/>\n\t<meta name=\"twitter:data2\" content=\"4 minutes\" \/>\n<script type=\"application\/ld+json\" class=\"yoast-schema-graph\">{\"@context\":\"https:\\\/\\\/schema.org\",\"@graph\":[{\"@type\":\"Article\",\"@id\":\"https:\\\/\\\/lasentinelle.dz\\\/index.php\\\/2025\\\/10\\\/25\\\/maroc-la-rue-ne-decolere-pas\\\/#article\",\"isPartOf\":{\"@id\":\"https:\\\/\\\/lasentinelle.dz\\\/index.php\\\/2025\\\/10\\\/25\\\/maroc-la-rue-ne-decolere-pas\\\/\"},\"author\":{\"name\":\"admin\",\"@id\":\"https:\\\/\\\/lasentinelle.dz\\\/#\\\/schema\\\/person\\\/729ee0024f24e0b8c5ec17232f8e8b41\"},\"headline\":\"Maroc\u00a0: La rue ne d\u00e9col\u00e8re pas\",\"datePublished\":\"2025-10-25T17:52:53+00:00\",\"dateModified\":\"2025-10-25T17:52:54+00:00\",\"mainEntityOfPage\":{\"@id\":\"https:\\\/\\\/lasentinelle.dz\\\/index.php\\\/2025\\\/10\\\/25\\\/maroc-la-rue-ne-decolere-pas\\\/\"},\"wordCount\":710,\"commentCount\":0,\"publisher\":{\"@id\":\"https:\\\/\\\/lasentinelle.dz\\\/#organization\"},\"image\":{\"@id\":\"https:\\\/\\\/lasentinelle.dz\\\/index.php\\\/2025\\\/10\\\/25\\\/maroc-la-rue-ne-decolere-pas\\\/#primaryimage\"},\"thumbnailUrl\":\"https:\\\/\\\/lasentinelle.dz\\\/wp-content\\\/uploads\\\/2025\\\/10\\\/GENZ212.jpg\",\"articleSection\":[\"\u00c0 la Une\",\"Monde\"],\"inLanguage\":\"fr-FR\",\"potentialAction\":[{\"@type\":\"CommentAction\",\"name\":\"Comment\",\"target\":[\"https:\\\/\\\/lasentinelle.dz\\\/index.php\\\/2025\\\/10\\\/25\\\/maroc-la-rue-ne-decolere-pas\\\/#respond\"]}]},{\"@type\":\"WebPage\",\"@id\":\"https:\\\/\\\/lasentinelle.dz\\\/index.php\\\/2025\\\/10\\\/25\\\/maroc-la-rue-ne-decolere-pas\\\/\",\"url\":\"https:\\\/\\\/lasentinelle.dz\\\/index.php\\\/2025\\\/10\\\/25\\\/maroc-la-rue-ne-decolere-pas\\\/\",\"name\":\"Maroc\u00a0: La rue ne d\u00e9col\u00e8re pas - La Sentinelle\",\"isPartOf\":{\"@id\":\"https:\\\/\\\/lasentinelle.dz\\\/#website\"},\"primaryImageOfPage\":{\"@id\":\"https:\\\/\\\/lasentinelle.dz\\\/index.php\\\/2025\\\/10\\\/25\\\/maroc-la-rue-ne-decolere-pas\\\/#primaryimage\"},\"image\":{\"@id\":\"https:\\\/\\\/lasentinelle.dz\\\/index.php\\\/2025\\\/10\\\/25\\\/maroc-la-rue-ne-decolere-pas\\\/#primaryimage\"},\"thumbnailUrl\":\"https:\\\/\\\/lasentinelle.dz\\\/wp-content\\\/uploads\\\/2025\\\/10\\\/GENZ212.jpg\",\"datePublished\":\"2025-10-25T17:52:53+00:00\",\"dateModified\":\"2025-10-25T17:52:54+00:00\",\"breadcrumb\":{\"@id\":\"https:\\\/\\\/lasentinelle.dz\\\/index.php\\\/2025\\\/10\\\/25\\\/maroc-la-rue-ne-decolere-pas\\\/#breadcrumb\"},\"inLanguage\":\"fr-FR\",\"potentialAction\":[{\"@type\":\"ReadAction\",\"target\":[\"https:\\\/\\\/lasentinelle.dz\\\/index.php\\\/2025\\\/10\\\/25\\\/maroc-la-rue-ne-decolere-pas\\\/\"]}]},{\"@type\":\"ImageObject\",\"inLanguage\":\"fr-FR\",\"@id\":\"https:\\\/\\\/lasentinelle.dz\\\/index.php\\\/2025\\\/10\\\/25\\\/maroc-la-rue-ne-decolere-pas\\\/#primaryimage\",\"url\":\"https:\\\/\\\/lasentinelle.dz\\\/wp-content\\\/uploads\\\/2025\\\/10\\\/GENZ212.jpg\",\"contentUrl\":\"https:\\\/\\\/lasentinelle.dz\\\/wp-content\\\/uploads\\\/2025\\\/10\\\/GENZ212.jpg\",\"width\":1280,\"height\":720},{\"@type\":\"BreadcrumbList\",\"@id\":\"https:\\\/\\\/lasentinelle.dz\\\/index.php\\\/2025\\\/10\\\/25\\\/maroc-la-rue-ne-decolere-pas\\\/#breadcrumb\",\"itemListElement\":[{\"@type\":\"ListItem\",\"position\":1,\"name\":\"Accueil\",\"item\":\"https:\\\/\\\/lasentinelle.dz\\\/\"},{\"@type\":\"ListItem\",\"position\":2,\"name\":\"Maroc\u00a0: La rue ne d\u00e9col\u00e8re pas\"}]},{\"@type\":\"WebSite\",\"@id\":\"https:\\\/\\\/lasentinelle.dz\\\/#website\",\"url\":\"https:\\\/\\\/lasentinelle.dz\\\/\",\"name\":\"La Sentinelle\",\"description\":\"Quotidien national d&#039;information\",\"publisher\":{\"@id\":\"https:\\\/\\\/lasentinelle.dz\\\/#organization\"},\"potentialAction\":[{\"@type\":\"SearchAction\",\"target\":{\"@type\":\"EntryPoint\",\"urlTemplate\":\"https:\\\/\\\/lasentinelle.dz\\\/?s={search_term_string}\"},\"query-input\":{\"@type\":\"PropertyValueSpecification\",\"valueRequired\":true,\"valueName\":\"search_term_string\"}}],\"inLanguage\":\"fr-FR\"},{\"@type\":\"Organization\",\"@id\":\"https:\\\/\\\/lasentinelle.dz\\\/#organization\",\"name\":\"Quotidien La Sentinelle\",\"url\":\"https:\\\/\\\/lasentinelle.dz\\\/\",\"logo\":{\"@type\":\"ImageObject\",\"inLanguage\":\"fr-FR\",\"@id\":\"https:\\\/\\\/lasentinelle.dz\\\/#\\\/schema\\\/logo\\\/image\\\/\",\"url\":\"https:\\\/\\\/lasentinelle.dz\\\/wp-content\\\/uploads\\\/2021\\\/09\\\/logo-sentinelleSLOGAN-1.png\",\"contentUrl\":\"https:\\\/\\\/lasentinelle.dz\\\/wp-content\\\/uploads\\\/2021\\\/09\\\/logo-sentinelleSLOGAN-1.png\",\"width\":615,\"height\":142,\"caption\":\"Quotidien La Sentinelle\"},\"image\":{\"@id\":\"https:\\\/\\\/lasentinelle.dz\\\/#\\\/schema\\\/logo\\\/image\\\/\"},\"sameAs\":[\"https:\\\/\\\/www.facebook.com\\\/La-Sentinelle-104059864394773\"]},{\"@type\":\"Person\",\"@id\":\"https:\\\/\\\/lasentinelle.dz\\\/#\\\/schema\\\/person\\\/729ee0024f24e0b8c5ec17232f8e8b41\",\"name\":\"admin\",\"image\":{\"@type\":\"ImageObject\",\"inLanguage\":\"fr-FR\",\"@id\":\"https:\\\/\\\/secure.gravatar.com\\\/avatar\\\/4c81fed838786e9b53f540bf46533e750f5d292099ae3b66cfc6fb1982e29df7?s=96&d=mm&r=g\",\"url\":\"https:\\\/\\\/secure.gravatar.com\\\/avatar\\\/4c81fed838786e9b53f540bf46533e750f5d292099ae3b66cfc6fb1982e29df7?s=96&d=mm&r=g\",\"contentUrl\":\"https:\\\/\\\/secure.gravatar.com\\\/avatar\\\/4c81fed838786e9b53f540bf46533e750f5d292099ae3b66cfc6fb1982e29df7?s=96&d=mm&r=g\",\"caption\":\"admin\"},\"description\":\"admin\",\"url\":\"https:\\\/\\\/lasentinelle.dz\\\/author\\\/admin\\\/\"}]}<\/script>\n<!-- \/ Yoast SEO plugin. -->","yoast_head_json":{"title":"Maroc\u00a0: La rue ne d\u00e9col\u00e8re pas - La Sentinelle","robots":{"index":"index","follow":"follow","max-snippet":"max-snippet:-1","max-image-preview":"max-image-preview:large","max-video-preview":"max-video-preview:-1"},"canonical":"https:\/\/lasentinelle.dz\/index.php\/2025\/10\/25\/maroc-la-rue-ne-decolere-pas\/","og_locale":"fr_FR","og_type":"article","og_title":"Maroc\u00a0: La rue ne d\u00e9col\u00e8re pas - La Sentinelle","og_description":"Le mouvement GenZ 212 &nbsp;a appel\u00e9 \u00e0 de nouvelles manifestations malgr\u00e9 la r\u00e9pression. Le mouvement de contestation GenZ 212 a","og_url":"https:\/\/lasentinelle.dz\/index.php\/2025\/10\/25\/maroc-la-rue-ne-decolere-pas\/","og_site_name":"La Sentinelle","article_publisher":"https:\/\/www.facebook.com\/La-Sentinelle-104059864394773","article_published_time":"2025-10-25T17:52:53+00:00","article_modified_time":"2025-10-25T17:52:54+00:00","og_image":[{"width":1280,"height":720,"url":"https:\/\/lasentinelle.dz\/wp-content\/uploads\/2025\/10\/GENZ212.jpg","type":"image\/jpeg"}],"author":"admin","twitter_card":"summary_large_image","twitter_misc":{"\u00c9crit par":"admin","Dur\u00e9e de lecture estim\u00e9e":"4 minutes"},"schema":{"@context":"https:\/\/schema.org","@graph":[{"@type":"Article","@id":"https:\/\/lasentinelle.dz\/index.php\/2025\/10\/25\/maroc-la-rue-ne-decolere-pas\/#article","isPartOf":{"@id":"https:\/\/lasentinelle.dz\/index.php\/2025\/10\/25\/maroc-la-rue-ne-decolere-pas\/"},"author":{"name":"admin","@id":"https:\/\/lasentinelle.dz\/#\/schema\/person\/729ee0024f24e0b8c5ec17232f8e8b41"},"headline":"Maroc\u00a0: La rue ne d\u00e9col\u00e8re pas","datePublished":"2025-10-25T17:52:53+00:00","dateModified":"2025-10-25T17:52:54+00:00","mainEntityOfPage":{"@id":"https:\/\/lasentinelle.dz\/index.php\/2025\/10\/25\/maroc-la-rue-ne-decolere-pas\/"},"wordCount":710,"commentCount":0,"publisher":{"@id":"https:\/\/lasentinelle.dz\/#organization"},"image":{"@id":"https:\/\/lasentinelle.dz\/index.php\/2025\/10\/25\/maroc-la-rue-ne-decolere-pas\/#primaryimage"},"thumbnailUrl":"https:\/\/lasentinelle.dz\/wp-content\/uploads\/2025\/10\/GENZ212.jpg","articleSection":["\u00c0 la Une","Monde"],"inLanguage":"fr-FR","potentialAction":[{"@type":"CommentAction","name":"Comment","target":["https:\/\/lasentinelle.dz\/index.php\/2025\/10\/25\/maroc-la-rue-ne-decolere-pas\/#respond"]}]},{"@type":"WebPage","@id":"https:\/\/lasentinelle.dz\/index.php\/2025\/10\/25\/maroc-la-rue-ne-decolere-pas\/","url":"https:\/\/lasentinelle.dz\/index.php\/2025\/10\/25\/maroc-la-rue-ne-decolere-pas\/","name":"Maroc\u00a0: La rue ne d\u00e9col\u00e8re pas - La Sentinelle","isPartOf":{"@id":"https:\/\/lasentinelle.dz\/#website"},"primaryImageOfPage":{"@id":"https:\/\/lasentinelle.dz\/index.php\/2025\/10\/25\/maroc-la-rue-ne-decolere-pas\/#primaryimage"},"image":{"@id":"https:\/\/lasentinelle.dz\/index.php\/2025\/10\/25\/maroc-la-rue-ne-decolere-pas\/#primaryimage"},"thumbnailUrl":"https:\/\/lasentinelle.dz\/wp-content\/uploads\/2025\/10\/GENZ212.jpg","datePublished":"2025-10-25T17:52:53+00:00","dateModified":"2025-10-25T17:52:54+00:00","breadcrumb":{"@id":"https:\/\/lasentinelle.dz\/index.php\/2025\/10\/25\/maroc-la-rue-ne-decolere-pas\/#breadcrumb"},"inLanguage":"fr-FR","potentialAction":[{"@type":"ReadAction","target":["https:\/\/lasentinelle.dz\/index.php\/2025\/10\/25\/maroc-la-rue-ne-decolere-pas\/"]}]},{"@type":"ImageObject","inLanguage":"fr-FR","@id":"https:\/\/lasentinelle.dz\/index.php\/2025\/10\/25\/maroc-la-rue-ne-decolere-pas\/#primaryimage","url":"https:\/\/lasentinelle.dz\/wp-content\/uploads\/2025\/10\/GENZ212.jpg","contentUrl":"https:\/\/lasentinelle.dz\/wp-content\/uploads\/2025\/10\/GENZ212.jpg","width":1280,"height":720},{"@type":"BreadcrumbList","@id":"https:\/\/lasentinelle.dz\/index.php\/2025\/10\/25\/maroc-la-rue-ne-decolere-pas\/#breadcrumb","itemListElement":[{"@type":"ListItem","position":1,"name":"Accueil","item":"https:\/\/lasentinelle.dz\/"},{"@type":"ListItem","position":2,"name":"Maroc\u00a0: La rue ne d\u00e9col\u00e8re pas"}]},{"@type":"WebSite","@id":"https:\/\/lasentinelle.dz\/#website","url":"https:\/\/lasentinelle.dz\/","name":"La Sentinelle","description":"Quotidien national d&#039;information","publisher":{"@id":"https:\/\/lasentinelle.dz\/#organization"},"potentialAction":[{"@type":"SearchAction","target":{"@type":"EntryPoint","urlTemplate":"https:\/\/lasentinelle.dz\/?s={search_term_string}"},"query-input":{"@type":"PropertyValueSpecification","valueRequired":true,"valueName":"search_term_string"}}],"inLanguage":"fr-FR"},{"@type":"Organization","@id":"https:\/\/lasentinelle.dz\/#organization","name":"Quotidien La Sentinelle","url":"https:\/\/lasentinelle.dz\/","logo":{"@type":"ImageObject","inLanguage":"fr-FR","@id":"https:\/\/lasentinelle.dz\/#\/schema\/logo\/image\/","url":"https:\/\/lasentinelle.dz\/wp-content\/uploads\/2021\/09\/logo-sentinelleSLOGAN-1.png","contentUrl":"https:\/\/lasentinelle.dz\/wp-content\/uploads\/2021\/09\/logo-sentinelleSLOGAN-1.png","width":615,"height":142,"caption":"Quotidien La Sentinelle"},"image":{"@id":"https:\/\/lasentinelle.dz\/#\/schema\/logo\/image\/"},"sameAs":["https:\/\/www.facebook.com\/La-Sentinelle-104059864394773"]},{"@type":"Person","@id":"https:\/\/lasentinelle.dz\/#\/schema\/person\/729ee0024f24e0b8c5ec17232f8e8b41","name":"admin","image":{"@type":"ImageObject","inLanguage":"fr-FR","@id":"https:\/\/secure.gravatar.com\/avatar\/4c81fed838786e9b53f540bf46533e750f5d292099ae3b66cfc6fb1982e29df7?s=96&d=mm&r=g","url":"https:\/\/secure.gravatar.com\/avatar\/4c81fed838786e9b53f540bf46533e750f5d292099ae3b66cfc6fb1982e29df7?s=96&d=mm&r=g","contentUrl":"https:\/\/secure.gravatar.com\/avatar\/4c81fed838786e9b53f540bf46533e750f5d292099ae3b66cfc6fb1982e29df7?s=96&d=mm&r=g","caption":"admin"},"description":"admin","url":"https:\/\/lasentinelle.dz\/author\/admin\/"}]}},"_links":{"self":[{"href":"https:\/\/lasentinelle.dz\/index.php\/wp-json\/wp\/v2\/posts\/75209","targetHints":{"allow":["GET"]}}],"collection":[{"href":"https:\/\/lasentinelle.dz\/index.php\/wp-json\/wp\/v2\/posts"}],"about":[{"href":"https:\/\/lasentinelle.dz\/index.php\/wp-json\/wp\/v2\/types\/post"}],"author":[{"embeddable":true,"href":"https:\/\/lasentinelle.dz\/index.php\/wp-json\/wp\/v2\/users\/6"}],"replies":[{"embeddable":true,"href":"https:\/\/lasentinelle.dz\/index.php\/wp-json\/wp\/v2\/comments?post=75209"}],"version-history":[{"count":1,"href":"https:\/\/lasentinelle.dz\/index.php\/wp-json\/wp\/v2\/posts\/75209\/revisions"}],"predecessor-version":[{"id":75210,"href":"https:\/\/lasentinelle.dz\/index.php\/wp-json\/wp\/v2\/posts\/75209\/revisions\/75210"}],"wp:featuredmedia":[{"embeddable":true,"href":"https:\/\/lasentinelle.dz\/index.php\/wp-json\/wp\/v2\/media\/74705"}],"wp:attachment":[{"href":"https:\/\/lasentinelle.dz\/index.php\/wp-json\/wp\/v2\/media?parent=75209"}],"wp:term":[{"taxonomy":"category","embeddable":true,"href":"https:\/\/lasentinelle.dz\/index.php\/wp-json\/wp\/v2\/categories?post=75209"},{"taxonomy":"post_tag","embeddable":true,"href":"https:\/\/lasentinelle.dz\/index.php\/wp-json\/wp\/v2\/tags?post=75209"}],"curies":[{"name":"wp","href":"https:\/\/api.w.org\/{rel}","templated":true}]}}