{"id":75211,"date":"2025-10-25T18:54:07","date_gmt":"2025-10-25T17:54:07","guid":{"rendered":"https:\/\/lasentinelle.dz\/?p=75211"},"modified":"2025-10-25T18:54:08","modified_gmt":"2025-10-25T17:54:08","slug":"cloture-du-10e-festival-de-la-creation-feminine-lingeniosite-de-la-pensee-ancestrale-celebree-a-alger","status":"publish","type":"post","link":"https:\/\/lasentinelle.dz\/index.php\/2025\/10\/25\/cloture-du-10e-festival-de-la-creation-feminine-lingeniosite-de-la-pensee-ancestrale-celebree-a-alger\/","title":{"rendered":"Cl\u00f4ture du 10e Festival de la cr\u00e9ation f\u00e9minine\u00a0: L&rsquo;ing\u00e9niosit\u00e9 de la pens\u00e9e ancestrale c\u00e9l\u00e9br\u00e9e \u00e0 Alger"},"content":{"rendered":"\n<p>Le 10e Festival culturel national de la cr\u00e9ation f\u00e9minine a cl\u00f4tur\u00e9 ses travaux vendredi \u00e0 la villa Boulkine (Hussein-Dey), apr\u00e8s une semaine d&rsquo;activit\u00e9s d\u00e9di\u00e9es \u00e0 la valorisation du patrimoine ancestral alg\u00e9rien. Organis\u00e9 sous l&rsquo;\u00e9gide du minist\u00e8re de la Culture et des Arts, l&rsquo;\u00e9v\u00e9nement plac\u00e9 sous le slogan \u00ab\u00a0La femme du Sud&#8230; Une authenticit\u00e9 qui se narre, une cr\u00e9ativit\u00e9 qui illumine\u00a0\u00bb a r\u00e9uni pr\u00e8s de 70 exposantes venues principalement des wilayas du Sud pour c\u00e9l\u00e9brer l&rsquo;ing\u00e9niosit\u00e9 de la pens\u00e9e ancestrale \u00e0 travers des cr\u00e9ations alliant tradition et modernit\u00e9. Ce carrefour incontournable de la cr\u00e9ation f\u00e9minine a accueilli du 18 au 24 octobre des cr\u00e9atrices de mode, stylistes, artistes peintres, photographes et artisanes sp\u00e9cialis\u00e9es dans les m\u00e9tiers du tissage, de la dinanderie, de la bijouterie et de la vannerie. Tri\u00e9es sur le volet, ces participantes venues de toutes les r\u00e9gions d&rsquo;Alg\u00e9rie ont donn\u00e9 de la visibilit\u00e9 au patrimoine mat\u00e9riel et immat\u00e9riel du pays, pr\u00e9sentant des \u0153uvres aux contenus autochtones empreints de formes modernes et contemporaines. La c\u00e9r\u00e9monie de cl\u00f4ture, d\u00e9roul\u00e9e en pr\u00e9sence de cadres du minist\u00e8re de la Culture et des Arts, s&rsquo;est ouverte par un d\u00e9fil\u00e9 de mode mettant en valeur le travail des cr\u00e9ateurs Selim Louahchy, Zahed Abranis et Chifa Belhadj. Ce d\u00e9fil\u00e9 a \u00e9t\u00e9 suivi d&rsquo;un concours de tenues traditionnelles, taill\u00e9es dans de belles coupes aux conceptions et aux contours contemporains repr\u00e9sentant toutes les r\u00e9gions d&rsquo;Alg\u00e9rie. Les cr\u00e9ations pr\u00e9sent\u00e9es ont d\u00e9montr\u00e9 la capacit\u00e9 des artisans alg\u00e9riens \u00e0 conjuguer respect de l&rsquo;h\u00e9ritage culturel et innovation esth\u00e9tique. Le jury compos\u00e9 de la styliste Nabila Chibah, du plasticien et sc\u00e9nographe Hamza Bounoua et de la chanteuse de musique andalouse Lila Borsali a d\u00e9cern\u00e9 le Prix du \u00ab\u00a0Meilleur Fashion designer\u00a0\u00bb au jeune \u00ab\u00a0Islam Designer Dz\u00a0\u00bb, qui s&rsquo;est impos\u00e9 face \u00e0 cinq autres finalistes : Asma Panta Ghoual, Fares Benabdeslam, Mounia Demmak Design, Malika Laouni et Lady Sakina. Cette distinction r\u00e9compense une approche cr\u00e9ative qui r\u00e9ussit \u00e0 marier l&rsquo;authenticit\u00e9 du patrimoine vestimentaire alg\u00e9rien avec les exigences de la mode contemporaine. Parall\u00e8lement au concours de mode, un concours de dessin a \u00e9galement \u00e9t\u00e9 organis\u00e9, remport\u00e9 par la jeune Cherine Attia. Cette initiative t\u00e9moigne de la volont\u00e9 des organisateurs d&rsquo;encourager les talents \u00e9mergents dans diff\u00e9rentes disciplines artistiques et de promouvoir la cr\u00e9ativit\u00e9 sous toutes ses formes. La soir\u00e9e de cl\u00f4ture a \u00e9galement \u00e9t\u00e9 marqu\u00e9e par des prestations artistiques d&rsquo;une grande richesse. Le duo de conteuses compos\u00e9 de Sihem Kennouche d&rsquo;Alger et de Madame Belhadj d&rsquo;Oued Souf a d\u00e9clam\u00e9 un conte populaire dans des atmosph\u00e8res solennelles, rappelant l&rsquo;importance de la tradition orale dans la transmission du patrimoine immat\u00e9riel alg\u00e9rien. Cette prestation a captiv\u00e9 l&rsquo;assistance par sa capacit\u00e9 \u00e0 faire revivre les r\u00e9cits ancestraux avec authenticit\u00e9 et \u00e9motion. Le point culminant de la soir\u00e9e a \u00e9t\u00e9 une fusion musicale in\u00e9dite des genres, r\u00e9unissant l&rsquo;orchestre f\u00e9minin de l&rsquo;association \u00ab\u00a0Niliya\u00a0\u00bb des Arts populaires de Tindouf, sous la direction de Kheira Belekhal, avec une partie du Ch\u0153ur polyphonique de la Wilaya d&rsquo;Alger, dirig\u00e9 par Zouhir Mazari. Cette rencontre artistique exceptionnelle a mis en avant la jeune cantatrice soprano S\u00e9rine Khiari, dont la voix a sublim\u00e9 la fusion entre musique traditionnelle et cr\u00e9ation contemporaine. L&rsquo;Ensemble polyphonique d&rsquo;Alger a donn\u00e9 une coloration moderne et hautement esth\u00e9tique \u00e0 des chansons populaires sublimant la grandeur de l&rsquo;Alg\u00e9rie, issues du terroir de cette belle ville du Sud-Ouest alg\u00e9rien aux reliefs monoclinaux. Cette approche novatrice d\u00e9montre que le patrimoine musical peut \u00eatre r\u00e9interpr\u00e9t\u00e9 sans \u00eatre d\u00e9natur\u00e9, ouvrant ainsi de nouvelles perspectives pour sa transmission aux jeunes g\u00e9n\u00e9rations. L&rsquo;association \u00ab\u00a0Tihijelt\u00a0\u00bb, venue de la localit\u00e9 d&rsquo;Ahrir, commune de Bordj El Houas dans la wilaya de Djanet, a \u00e9galement \u00e9tal\u00e9 quelques airs de son r\u00e9pertoire aux cadences irr\u00e9guli\u00e8res et au groove envo\u00fbtant. Ces sonorit\u00e9s du d\u00e9sert ont transport\u00e9 le public dans l&rsquo;univers fascinant des traditions musicales sahariennes, rappelant la diversit\u00e9 et la richesse du patrimoine culturel alg\u00e9rien. Le Commissariat du festival a rendu un hommage \u00e9mouvant \u00e0 deux figures embl\u00e9matiques de la musique alg\u00e9rienne r\u00e9cemment disparues : Badi Lalla (1937-2025), la \u00ab\u00a0diva du Blues touareg\u00a0\u00bb, et Hasna El B\u00e9charia (1950-2024), la \u00ab\u00a0rockeuse du d\u00e9sert\u00a0\u00bb. Cet hommage, accompagn\u00e9 de la diffusion de quelques-unes de leurs pi\u00e8ces dont la c\u00e9l\u00e8bre \u00ab\u00a0El Djaza\u00efr djawhara\u00a0\u00bb, a rappel\u00e9 la contribution inestimable de ces artistes \u00e0 la pr\u00e9servation et au rayonnement de la musique saharienne. Dans son allocution de cl\u00f4ture, le commissaire du 10e festival culturel national de la cr\u00e9ation f\u00e9minine, Sid Ali Ben Merabet, a soulign\u00e9 \u00ab\u00a0l&rsquo;importance d&rsquo;un tel \u00e9v\u00e9nement\u00a0\u00bb dans le paysage culturel alg\u00e9rien. Il a rappel\u00e9 qu'\u00a0\u00bb\u00e0 travers la cr\u00e9ativit\u00e9 et la beaut\u00e9 esth\u00e9tique, la Culture et l&rsquo;Art arrivent \u00e0 r\u00e9unir les Alg\u00e9riens autour de l&rsquo;amour de leur ch\u00e8re patrie et la n\u00e9cessit\u00e9 de pr\u00e9server, promouvoir et transmettre aux jeunes g\u00e9n\u00e9rations le patrimoine culturel alg\u00e9rien dans sa richesse et sa diversit\u00e9\u00a0\u00bb. Le festival a \u00e9galement \u00e9t\u00e9 l&rsquo;occasion d&rsquo;organiser plusieurs conf\u00e9rences scientifiques, masters-class, rencontres litt\u00e9raires et po\u00e9tiques, ainsi que des concerts de musique du Sud alg\u00e9rien. Ces activit\u00e9s parall\u00e8les aux expositions ont contribu\u00e9 \u00e0 cr\u00e9er un v\u00e9ritable \u00e9cosyst\u00e8me culturel favorisant les \u00e9changes entre cr\u00e9atrices, artistes, chercheurs et public, consolidant ainsi le r\u00f4le du festival comme plateforme de promotion et de valorisation du patrimoine culturel mat\u00e9riel et immat\u00e9riel alg\u00e9rien.<\/p>\n\n\n\n<p>M.S.<\/p>\n","protected":false},"excerpt":{"rendered":"<p>Le 10e Festival culturel national de la cr\u00e9ation f\u00e9minine a cl\u00f4tur\u00e9 ses travaux vendredi \u00e0 la villa Boulkine (Hussein-Dey), apr\u00e8s<\/p>\n","protected":false},"author":6,"featured_media":74917,"comment_status":"open","ping_status":"closed","sticky":false,"template":"","format":"standard","meta":{"colormag_page_container_layout":"default_layout","colormag_page_sidebar_layout":"default_layout","om_disable_all_campaigns":false,"_monsterinsights_skip_tracking":false,"_monsterinsights_sitenote_active":false,"_monsterinsights_sitenote_note":"","_monsterinsights_sitenote_category":0,"footnotes":"","_wpscppro_dont_share_socialmedia":false,"_wpscppro_custom_social_share_image":0,"_facebook_share_type":"default","_twitter_share_type":"default","_linkedin_share_type":"default","_pinterest_share_type":"default","_linkedin_share_type_page":"","_instagram_share_type":"default","_medium_share_type":"default","_threads_share_type":"default","_google_business_share_type":"default","_selected_social_profile":[],"_wpsp_enable_custom_social_template":false,"_wpsp_social_scheduling":{"enabled":false,"datetime":null,"platforms":[],"status":"template_only","dateOption":"today","timeOption":"now","customDays":"","customHours":"","customDate":"","customTime":"","schedulingType":"absolute"},"_wpsp_active_default_template":true},"categories":[36],"tags":[],"class_list":["post-75211","post","type-post","status-publish","format-standard","has-post-thumbnail","hentry","category-culture"],"aioseo_notices":[],"yoast_head":"<!-- This site is optimized with the Yoast SEO plugin v27.5 - https:\/\/yoast.com\/product\/yoast-seo-wordpress\/ -->\n<title>Cl\u00f4ture du 10e Festival de la cr\u00e9ation f\u00e9minine\u00a0: L&rsquo;ing\u00e9niosit\u00e9 de la pens\u00e9e ancestrale c\u00e9l\u00e9br\u00e9e \u00e0 Alger - La Sentinelle<\/title>\n<meta name=\"robots\" content=\"index, follow, max-snippet:-1, max-image-preview:large, max-video-preview:-1\" \/>\n<link rel=\"canonical\" href=\"https:\/\/lasentinelle.dz\/index.php\/2025\/10\/25\/cloture-du-10e-festival-de-la-creation-feminine-lingeniosite-de-la-pensee-ancestrale-celebree-a-alger\/\" \/>\n<meta property=\"og:locale\" content=\"fr_FR\" \/>\n<meta property=\"og:type\" content=\"article\" \/>\n<meta property=\"og:title\" content=\"Cl\u00f4ture du 10e Festival de la cr\u00e9ation f\u00e9minine\u00a0: L&rsquo;ing\u00e9niosit\u00e9 de la pens\u00e9e ancestrale c\u00e9l\u00e9br\u00e9e \u00e0 Alger - La Sentinelle\" \/>\n<meta property=\"og:description\" content=\"Le 10e Festival culturel national de la cr\u00e9ation f\u00e9minine a cl\u00f4tur\u00e9 ses travaux vendredi \u00e0 la villa Boulkine (Hussein-Dey), apr\u00e8s\" \/>\n<meta property=\"og:url\" content=\"https:\/\/lasentinelle.dz\/index.php\/2025\/10\/25\/cloture-du-10e-festival-de-la-creation-feminine-lingeniosite-de-la-pensee-ancestrale-celebree-a-alger\/\" \/>\n<meta property=\"og:site_name\" content=\"La Sentinelle\" \/>\n<meta property=\"article:publisher\" content=\"https:\/\/www.facebook.com\/La-Sentinelle-104059864394773\" \/>\n<meta property=\"article:published_time\" content=\"2025-10-25T17:54:07+00:00\" \/>\n<meta property=\"article:modified_time\" content=\"2025-10-25T17:54:08+00:00\" \/>\n<meta property=\"og:image\" content=\"https:\/\/lasentinelle.dz\/wp-content\/uploads\/2025\/10\/bendouda-1.jpg\" \/>\n\t<meta property=\"og:image:width\" content=\"1080\" \/>\n\t<meta property=\"og:image:height\" content=\"607\" \/>\n\t<meta property=\"og:image:type\" content=\"image\/jpeg\" \/>\n<meta name=\"author\" content=\"admin\" \/>\n<meta name=\"twitter:card\" content=\"summary_large_image\" \/>\n<meta name=\"twitter:label1\" content=\"\u00c9crit par\" \/>\n\t<meta name=\"twitter:data1\" content=\"admin\" \/>\n\t<meta name=\"twitter:label2\" content=\"Dur\u00e9e de lecture estim\u00e9e\" \/>\n\t<meta name=\"twitter:data2\" content=\"5 minutes\" \/>\n<script type=\"application\/ld+json\" class=\"yoast-schema-graph\">{\"@context\":\"https:\\\/\\\/schema.org\",\"@graph\":[{\"@type\":\"Article\",\"@id\":\"https:\\\/\\\/lasentinelle.dz\\\/index.php\\\/2025\\\/10\\\/25\\\/cloture-du-10e-festival-de-la-creation-feminine-lingeniosite-de-la-pensee-ancestrale-celebree-a-alger\\\/#article\",\"isPartOf\":{\"@id\":\"https:\\\/\\\/lasentinelle.dz\\\/index.php\\\/2025\\\/10\\\/25\\\/cloture-du-10e-festival-de-la-creation-feminine-lingeniosite-de-la-pensee-ancestrale-celebree-a-alger\\\/\"},\"author\":{\"name\":\"admin\",\"@id\":\"https:\\\/\\\/lasentinelle.dz\\\/#\\\/schema\\\/person\\\/729ee0024f24e0b8c5ec17232f8e8b41\"},\"headline\":\"Cl\u00f4ture du 10e Festival de la cr\u00e9ation f\u00e9minine\u00a0: L&rsquo;ing\u00e9niosit\u00e9 de la pens\u00e9e ancestrale c\u00e9l\u00e9br\u00e9e \u00e0 Alger\",\"datePublished\":\"2025-10-25T17:54:07+00:00\",\"dateModified\":\"2025-10-25T17:54:08+00:00\",\"mainEntityOfPage\":{\"@id\":\"https:\\\/\\\/lasentinelle.dz\\\/index.php\\\/2025\\\/10\\\/25\\\/cloture-du-10e-festival-de-la-creation-feminine-lingeniosite-de-la-pensee-ancestrale-celebree-a-alger\\\/\"},\"wordCount\":1017,\"commentCount\":0,\"publisher\":{\"@id\":\"https:\\\/\\\/lasentinelle.dz\\\/#organization\"},\"image\":{\"@id\":\"https:\\\/\\\/lasentinelle.dz\\\/index.php\\\/2025\\\/10\\\/25\\\/cloture-du-10e-festival-de-la-creation-feminine-lingeniosite-de-la-pensee-ancestrale-celebree-a-alger\\\/#primaryimage\"},\"thumbnailUrl\":\"https:\\\/\\\/lasentinelle.dz\\\/wp-content\\\/uploads\\\/2025\\\/10\\\/bendouda-1.jpg\",\"articleSection\":[\"Culture\"],\"inLanguage\":\"fr-FR\",\"potentialAction\":[{\"@type\":\"CommentAction\",\"name\":\"Comment\",\"target\":[\"https:\\\/\\\/lasentinelle.dz\\\/index.php\\\/2025\\\/10\\\/25\\\/cloture-du-10e-festival-de-la-creation-feminine-lingeniosite-de-la-pensee-ancestrale-celebree-a-alger\\\/#respond\"]}]},{\"@type\":\"WebPage\",\"@id\":\"https:\\\/\\\/lasentinelle.dz\\\/index.php\\\/2025\\\/10\\\/25\\\/cloture-du-10e-festival-de-la-creation-feminine-lingeniosite-de-la-pensee-ancestrale-celebree-a-alger\\\/\",\"url\":\"https:\\\/\\\/lasentinelle.dz\\\/index.php\\\/2025\\\/10\\\/25\\\/cloture-du-10e-festival-de-la-creation-feminine-lingeniosite-de-la-pensee-ancestrale-celebree-a-alger\\\/\",\"name\":\"Cl\u00f4ture du 10e Festival de la cr\u00e9ation f\u00e9minine\u00a0: L&rsquo;ing\u00e9niosit\u00e9 de la pens\u00e9e ancestrale c\u00e9l\u00e9br\u00e9e \u00e0 Alger - La Sentinelle\",\"isPartOf\":{\"@id\":\"https:\\\/\\\/lasentinelle.dz\\\/#website\"},\"primaryImageOfPage\":{\"@id\":\"https:\\\/\\\/lasentinelle.dz\\\/index.php\\\/2025\\\/10\\\/25\\\/cloture-du-10e-festival-de-la-creation-feminine-lingeniosite-de-la-pensee-ancestrale-celebree-a-alger\\\/#primaryimage\"},\"image\":{\"@id\":\"https:\\\/\\\/lasentinelle.dz\\\/index.php\\\/2025\\\/10\\\/25\\\/cloture-du-10e-festival-de-la-creation-feminine-lingeniosite-de-la-pensee-ancestrale-celebree-a-alger\\\/#primaryimage\"},\"thumbnailUrl\":\"https:\\\/\\\/lasentinelle.dz\\\/wp-content\\\/uploads\\\/2025\\\/10\\\/bendouda-1.jpg\",\"datePublished\":\"2025-10-25T17:54:07+00:00\",\"dateModified\":\"2025-10-25T17:54:08+00:00\",\"breadcrumb\":{\"@id\":\"https:\\\/\\\/lasentinelle.dz\\\/index.php\\\/2025\\\/10\\\/25\\\/cloture-du-10e-festival-de-la-creation-feminine-lingeniosite-de-la-pensee-ancestrale-celebree-a-alger\\\/#breadcrumb\"},\"inLanguage\":\"fr-FR\",\"potentialAction\":[{\"@type\":\"ReadAction\",\"target\":[\"https:\\\/\\\/lasentinelle.dz\\\/index.php\\\/2025\\\/10\\\/25\\\/cloture-du-10e-festival-de-la-creation-feminine-lingeniosite-de-la-pensee-ancestrale-celebree-a-alger\\\/\"]}]},{\"@type\":\"ImageObject\",\"inLanguage\":\"fr-FR\",\"@id\":\"https:\\\/\\\/lasentinelle.dz\\\/index.php\\\/2025\\\/10\\\/25\\\/cloture-du-10e-festival-de-la-creation-feminine-lingeniosite-de-la-pensee-ancestrale-celebree-a-alger\\\/#primaryimage\",\"url\":\"https:\\\/\\\/lasentinelle.dz\\\/wp-content\\\/uploads\\\/2025\\\/10\\\/bendouda-1.jpg\",\"contentUrl\":\"https:\\\/\\\/lasentinelle.dz\\\/wp-content\\\/uploads\\\/2025\\\/10\\\/bendouda-1.jpg\",\"width\":1080,\"height\":607},{\"@type\":\"BreadcrumbList\",\"@id\":\"https:\\\/\\\/lasentinelle.dz\\\/index.php\\\/2025\\\/10\\\/25\\\/cloture-du-10e-festival-de-la-creation-feminine-lingeniosite-de-la-pensee-ancestrale-celebree-a-alger\\\/#breadcrumb\",\"itemListElement\":[{\"@type\":\"ListItem\",\"position\":1,\"name\":\"Accueil\",\"item\":\"https:\\\/\\\/lasentinelle.dz\\\/\"},{\"@type\":\"ListItem\",\"position\":2,\"name\":\"Cl\u00f4ture du 10e Festival de la cr\u00e9ation f\u00e9minine\u00a0: L&rsquo;ing\u00e9niosit\u00e9 de la pens\u00e9e ancestrale c\u00e9l\u00e9br\u00e9e \u00e0 Alger\"}]},{\"@type\":\"WebSite\",\"@id\":\"https:\\\/\\\/lasentinelle.dz\\\/#website\",\"url\":\"https:\\\/\\\/lasentinelle.dz\\\/\",\"name\":\"La Sentinelle\",\"description\":\"Quotidien national d&#039;information\",\"publisher\":{\"@id\":\"https:\\\/\\\/lasentinelle.dz\\\/#organization\"},\"potentialAction\":[{\"@type\":\"SearchAction\",\"target\":{\"@type\":\"EntryPoint\",\"urlTemplate\":\"https:\\\/\\\/lasentinelle.dz\\\/?s={search_term_string}\"},\"query-input\":{\"@type\":\"PropertyValueSpecification\",\"valueRequired\":true,\"valueName\":\"search_term_string\"}}],\"inLanguage\":\"fr-FR\"},{\"@type\":\"Organization\",\"@id\":\"https:\\\/\\\/lasentinelle.dz\\\/#organization\",\"name\":\"Quotidien La Sentinelle\",\"url\":\"https:\\\/\\\/lasentinelle.dz\\\/\",\"logo\":{\"@type\":\"ImageObject\",\"inLanguage\":\"fr-FR\",\"@id\":\"https:\\\/\\\/lasentinelle.dz\\\/#\\\/schema\\\/logo\\\/image\\\/\",\"url\":\"https:\\\/\\\/lasentinelle.dz\\\/wp-content\\\/uploads\\\/2021\\\/09\\\/logo-sentinelleSLOGAN-1.png\",\"contentUrl\":\"https:\\\/\\\/lasentinelle.dz\\\/wp-content\\\/uploads\\\/2021\\\/09\\\/logo-sentinelleSLOGAN-1.png\",\"width\":615,\"height\":142,\"caption\":\"Quotidien La Sentinelle\"},\"image\":{\"@id\":\"https:\\\/\\\/lasentinelle.dz\\\/#\\\/schema\\\/logo\\\/image\\\/\"},\"sameAs\":[\"https:\\\/\\\/www.facebook.com\\\/La-Sentinelle-104059864394773\"]},{\"@type\":\"Person\",\"@id\":\"https:\\\/\\\/lasentinelle.dz\\\/#\\\/schema\\\/person\\\/729ee0024f24e0b8c5ec17232f8e8b41\",\"name\":\"admin\",\"image\":{\"@type\":\"ImageObject\",\"inLanguage\":\"fr-FR\",\"@id\":\"https:\\\/\\\/secure.gravatar.com\\\/avatar\\\/4c81fed838786e9b53f540bf46533e750f5d292099ae3b66cfc6fb1982e29df7?s=96&d=mm&r=g\",\"url\":\"https:\\\/\\\/secure.gravatar.com\\\/avatar\\\/4c81fed838786e9b53f540bf46533e750f5d292099ae3b66cfc6fb1982e29df7?s=96&d=mm&r=g\",\"contentUrl\":\"https:\\\/\\\/secure.gravatar.com\\\/avatar\\\/4c81fed838786e9b53f540bf46533e750f5d292099ae3b66cfc6fb1982e29df7?s=96&d=mm&r=g\",\"caption\":\"admin\"},\"description\":\"admin\",\"url\":\"https:\\\/\\\/lasentinelle.dz\\\/author\\\/admin\\\/\"}]}<\/script>\n<!-- \/ Yoast SEO plugin. -->","yoast_head_json":{"title":"Cl\u00f4ture du 10e Festival de la cr\u00e9ation f\u00e9minine\u00a0: L&rsquo;ing\u00e9niosit\u00e9 de la pens\u00e9e ancestrale c\u00e9l\u00e9br\u00e9e \u00e0 Alger - La Sentinelle","robots":{"index":"index","follow":"follow","max-snippet":"max-snippet:-1","max-image-preview":"max-image-preview:large","max-video-preview":"max-video-preview:-1"},"canonical":"https:\/\/lasentinelle.dz\/index.php\/2025\/10\/25\/cloture-du-10e-festival-de-la-creation-feminine-lingeniosite-de-la-pensee-ancestrale-celebree-a-alger\/","og_locale":"fr_FR","og_type":"article","og_title":"Cl\u00f4ture du 10e Festival de la cr\u00e9ation f\u00e9minine\u00a0: L&rsquo;ing\u00e9niosit\u00e9 de la pens\u00e9e ancestrale c\u00e9l\u00e9br\u00e9e \u00e0 Alger - La Sentinelle","og_description":"Le 10e Festival culturel national de la cr\u00e9ation f\u00e9minine a cl\u00f4tur\u00e9 ses travaux vendredi \u00e0 la villa Boulkine (Hussein-Dey), apr\u00e8s","og_url":"https:\/\/lasentinelle.dz\/index.php\/2025\/10\/25\/cloture-du-10e-festival-de-la-creation-feminine-lingeniosite-de-la-pensee-ancestrale-celebree-a-alger\/","og_site_name":"La Sentinelle","article_publisher":"https:\/\/www.facebook.com\/La-Sentinelle-104059864394773","article_published_time":"2025-10-25T17:54:07+00:00","article_modified_time":"2025-10-25T17:54:08+00:00","og_image":[{"width":1080,"height":607,"url":"https:\/\/lasentinelle.dz\/wp-content\/uploads\/2025\/10\/bendouda-1.jpg","type":"image\/jpeg"}],"author":"admin","twitter_card":"summary_large_image","twitter_misc":{"\u00c9crit par":"admin","Dur\u00e9e de lecture estim\u00e9e":"5 minutes"},"schema":{"@context":"https:\/\/schema.org","@graph":[{"@type":"Article","@id":"https:\/\/lasentinelle.dz\/index.php\/2025\/10\/25\/cloture-du-10e-festival-de-la-creation-feminine-lingeniosite-de-la-pensee-ancestrale-celebree-a-alger\/#article","isPartOf":{"@id":"https:\/\/lasentinelle.dz\/index.php\/2025\/10\/25\/cloture-du-10e-festival-de-la-creation-feminine-lingeniosite-de-la-pensee-ancestrale-celebree-a-alger\/"},"author":{"name":"admin","@id":"https:\/\/lasentinelle.dz\/#\/schema\/person\/729ee0024f24e0b8c5ec17232f8e8b41"},"headline":"Cl\u00f4ture du 10e Festival de la cr\u00e9ation f\u00e9minine\u00a0: L&rsquo;ing\u00e9niosit\u00e9 de la pens\u00e9e ancestrale c\u00e9l\u00e9br\u00e9e \u00e0 Alger","datePublished":"2025-10-25T17:54:07+00:00","dateModified":"2025-10-25T17:54:08+00:00","mainEntityOfPage":{"@id":"https:\/\/lasentinelle.dz\/index.php\/2025\/10\/25\/cloture-du-10e-festival-de-la-creation-feminine-lingeniosite-de-la-pensee-ancestrale-celebree-a-alger\/"},"wordCount":1017,"commentCount":0,"publisher":{"@id":"https:\/\/lasentinelle.dz\/#organization"},"image":{"@id":"https:\/\/lasentinelle.dz\/index.php\/2025\/10\/25\/cloture-du-10e-festival-de-la-creation-feminine-lingeniosite-de-la-pensee-ancestrale-celebree-a-alger\/#primaryimage"},"thumbnailUrl":"https:\/\/lasentinelle.dz\/wp-content\/uploads\/2025\/10\/bendouda-1.jpg","articleSection":["Culture"],"inLanguage":"fr-FR","potentialAction":[{"@type":"CommentAction","name":"Comment","target":["https:\/\/lasentinelle.dz\/index.php\/2025\/10\/25\/cloture-du-10e-festival-de-la-creation-feminine-lingeniosite-de-la-pensee-ancestrale-celebree-a-alger\/#respond"]}]},{"@type":"WebPage","@id":"https:\/\/lasentinelle.dz\/index.php\/2025\/10\/25\/cloture-du-10e-festival-de-la-creation-feminine-lingeniosite-de-la-pensee-ancestrale-celebree-a-alger\/","url":"https:\/\/lasentinelle.dz\/index.php\/2025\/10\/25\/cloture-du-10e-festival-de-la-creation-feminine-lingeniosite-de-la-pensee-ancestrale-celebree-a-alger\/","name":"Cl\u00f4ture du 10e Festival de la cr\u00e9ation f\u00e9minine\u00a0: L&rsquo;ing\u00e9niosit\u00e9 de la pens\u00e9e ancestrale c\u00e9l\u00e9br\u00e9e \u00e0 Alger - La Sentinelle","isPartOf":{"@id":"https:\/\/lasentinelle.dz\/#website"},"primaryImageOfPage":{"@id":"https:\/\/lasentinelle.dz\/index.php\/2025\/10\/25\/cloture-du-10e-festival-de-la-creation-feminine-lingeniosite-de-la-pensee-ancestrale-celebree-a-alger\/#primaryimage"},"image":{"@id":"https:\/\/lasentinelle.dz\/index.php\/2025\/10\/25\/cloture-du-10e-festival-de-la-creation-feminine-lingeniosite-de-la-pensee-ancestrale-celebree-a-alger\/#primaryimage"},"thumbnailUrl":"https:\/\/lasentinelle.dz\/wp-content\/uploads\/2025\/10\/bendouda-1.jpg","datePublished":"2025-10-25T17:54:07+00:00","dateModified":"2025-10-25T17:54:08+00:00","breadcrumb":{"@id":"https:\/\/lasentinelle.dz\/index.php\/2025\/10\/25\/cloture-du-10e-festival-de-la-creation-feminine-lingeniosite-de-la-pensee-ancestrale-celebree-a-alger\/#breadcrumb"},"inLanguage":"fr-FR","potentialAction":[{"@type":"ReadAction","target":["https:\/\/lasentinelle.dz\/index.php\/2025\/10\/25\/cloture-du-10e-festival-de-la-creation-feminine-lingeniosite-de-la-pensee-ancestrale-celebree-a-alger\/"]}]},{"@type":"ImageObject","inLanguage":"fr-FR","@id":"https:\/\/lasentinelle.dz\/index.php\/2025\/10\/25\/cloture-du-10e-festival-de-la-creation-feminine-lingeniosite-de-la-pensee-ancestrale-celebree-a-alger\/#primaryimage","url":"https:\/\/lasentinelle.dz\/wp-content\/uploads\/2025\/10\/bendouda-1.jpg","contentUrl":"https:\/\/lasentinelle.dz\/wp-content\/uploads\/2025\/10\/bendouda-1.jpg","width":1080,"height":607},{"@type":"BreadcrumbList","@id":"https:\/\/lasentinelle.dz\/index.php\/2025\/10\/25\/cloture-du-10e-festival-de-la-creation-feminine-lingeniosite-de-la-pensee-ancestrale-celebree-a-alger\/#breadcrumb","itemListElement":[{"@type":"ListItem","position":1,"name":"Accueil","item":"https:\/\/lasentinelle.dz\/"},{"@type":"ListItem","position":2,"name":"Cl\u00f4ture du 10e Festival de la cr\u00e9ation f\u00e9minine\u00a0: L&rsquo;ing\u00e9niosit\u00e9 de la pens\u00e9e ancestrale c\u00e9l\u00e9br\u00e9e \u00e0 Alger"}]},{"@type":"WebSite","@id":"https:\/\/lasentinelle.dz\/#website","url":"https:\/\/lasentinelle.dz\/","name":"La Sentinelle","description":"Quotidien national d&#039;information","publisher":{"@id":"https:\/\/lasentinelle.dz\/#organization"},"potentialAction":[{"@type":"SearchAction","target":{"@type":"EntryPoint","urlTemplate":"https:\/\/lasentinelle.dz\/?s={search_term_string}"},"query-input":{"@type":"PropertyValueSpecification","valueRequired":true,"valueName":"search_term_string"}}],"inLanguage":"fr-FR"},{"@type":"Organization","@id":"https:\/\/lasentinelle.dz\/#organization","name":"Quotidien La Sentinelle","url":"https:\/\/lasentinelle.dz\/","logo":{"@type":"ImageObject","inLanguage":"fr-FR","@id":"https:\/\/lasentinelle.dz\/#\/schema\/logo\/image\/","url":"https:\/\/lasentinelle.dz\/wp-content\/uploads\/2021\/09\/logo-sentinelleSLOGAN-1.png","contentUrl":"https:\/\/lasentinelle.dz\/wp-content\/uploads\/2021\/09\/logo-sentinelleSLOGAN-1.png","width":615,"height":142,"caption":"Quotidien La Sentinelle"},"image":{"@id":"https:\/\/lasentinelle.dz\/#\/schema\/logo\/image\/"},"sameAs":["https:\/\/www.facebook.com\/La-Sentinelle-104059864394773"]},{"@type":"Person","@id":"https:\/\/lasentinelle.dz\/#\/schema\/person\/729ee0024f24e0b8c5ec17232f8e8b41","name":"admin","image":{"@type":"ImageObject","inLanguage":"fr-FR","@id":"https:\/\/secure.gravatar.com\/avatar\/4c81fed838786e9b53f540bf46533e750f5d292099ae3b66cfc6fb1982e29df7?s=96&d=mm&r=g","url":"https:\/\/secure.gravatar.com\/avatar\/4c81fed838786e9b53f540bf46533e750f5d292099ae3b66cfc6fb1982e29df7?s=96&d=mm&r=g","contentUrl":"https:\/\/secure.gravatar.com\/avatar\/4c81fed838786e9b53f540bf46533e750f5d292099ae3b66cfc6fb1982e29df7?s=96&d=mm&r=g","caption":"admin"},"description":"admin","url":"https:\/\/lasentinelle.dz\/author\/admin\/"}]}},"_links":{"self":[{"href":"https:\/\/lasentinelle.dz\/index.php\/wp-json\/wp\/v2\/posts\/75211","targetHints":{"allow":["GET"]}}],"collection":[{"href":"https:\/\/lasentinelle.dz\/index.php\/wp-json\/wp\/v2\/posts"}],"about":[{"href":"https:\/\/lasentinelle.dz\/index.php\/wp-json\/wp\/v2\/types\/post"}],"author":[{"embeddable":true,"href":"https:\/\/lasentinelle.dz\/index.php\/wp-json\/wp\/v2\/users\/6"}],"replies":[{"embeddable":true,"href":"https:\/\/lasentinelle.dz\/index.php\/wp-json\/wp\/v2\/comments?post=75211"}],"version-history":[{"count":2,"href":"https:\/\/lasentinelle.dz\/index.php\/wp-json\/wp\/v2\/posts\/75211\/revisions"}],"predecessor-version":[{"id":75213,"href":"https:\/\/lasentinelle.dz\/index.php\/wp-json\/wp\/v2\/posts\/75211\/revisions\/75213"}],"wp:featuredmedia":[{"embeddable":true,"href":"https:\/\/lasentinelle.dz\/index.php\/wp-json\/wp\/v2\/media\/74917"}],"wp:attachment":[{"href":"https:\/\/lasentinelle.dz\/index.php\/wp-json\/wp\/v2\/media?parent=75211"}],"wp:term":[{"taxonomy":"category","embeddable":true,"href":"https:\/\/lasentinelle.dz\/index.php\/wp-json\/wp\/v2\/categories?post=75211"},{"taxonomy":"post_tag","embeddable":true,"href":"https:\/\/lasentinelle.dz\/index.php\/wp-json\/wp\/v2\/tags?post=75211"}],"curies":[{"name":"wp","href":"https:\/\/api.w.org\/{rel}","templated":true}]}}