{"id":75214,"date":"2025-10-25T18:55:32","date_gmt":"2025-10-25T17:55:32","guid":{"rendered":"https:\/\/lasentinelle.dz\/?p=75214"},"modified":"2025-10-25T18:55:33","modified_gmt":"2025-10-25T17:55:33","slug":"festival-international-du-film-dalger-des-journees-du-cinema-palestinien-a-travers-le-monde","status":"publish","type":"post","link":"https:\/\/lasentinelle.dz\/index.php\/2025\/10\/25\/festival-international-du-film-dalger-des-journees-du-cinema-palestinien-a-travers-le-monde\/","title":{"rendered":"Festival International du Film d&rsquo;Alger\u00a0: Des Journ\u00e9es du Cin\u00e9ma palestinien \u00e0 travers le monde"},"content":{"rendered":"\n<p>Le Festival International du Film d&rsquo;Alger (AIFF) accueillera le 2 novembre 2025 les Journ\u00e9es du Cin\u00e9ma Palestinien \u00e0 travers le Monde, dans six villes alg\u00e9riennes simultan\u00e9ment.<\/p>\n\n\n\n<p>Organis\u00e9 sous l&rsquo;\u00e9gide du minist\u00e8re de la Culture et des Arts, en partenariat avec le Centre Alg\u00e9rien de la Cin\u00e9matographie (CAC), cet \u00e9v\u00e9nement proposera une s\u00e9lection de films palestiniens r\u00e9alis\u00e9s depuis le d\u00e9but de la guerre g\u00e9nocidaire sioniste \u00e0 Ghaza le 7 octobre 2023, dans les cin\u00e9math\u00e8ques d&rsquo;Alger, B\u00e9ja\u00efa, Constantine et Sidi Bel Abb\u00e8s, ainsi qu&rsquo;\u00e0 Blida et Laghouat. Cette participation alg\u00e9rienne r\u00e9pond \u00e0 l&rsquo;invitation du Film Lab Palestine et s&rsquo;inscrit comme un acte de solidarit\u00e9 envers la cause palestinienne. La 12e \u00e9dition de l&rsquo;AIFF scelle ainsi l&rsquo;unit\u00e9 entre la m\u00e9moire alg\u00e9rienne et la m\u00e9moire palestinienne, r\u00e9affirmant que le cin\u00e9ma n&rsquo;est pas un luxe artistique, mais un acte de r\u00e9sistance et un devoir de fid\u00e9lit\u00e9 historique. Les projections d\u00e9buteront \u00e0 19h00 dans les quatre cin\u00e9math\u00e8ques, tandis que la salle M&rsquo;ZI de Laghouat accueillera \u00e9galement une s\u00e9ance \u00e0 19h00 et la salle Mohamed Touri de Blida \u00e0 20h15. Le choix du 2 novembre rev\u00eat une dimension symbolique forte. Cette date marque l&rsquo;anniversaire de la D\u00e9claration Balfour, sinistre promesse \u00e0 l&rsquo;origine de la Nakba palestinienne, et co\u00efncide avec le 1er novembre, date du d\u00e9clenchement de la Guerre de lib\u00e9ration nationale. Ce rapprochement r\u00e9affirme l&rsquo;engagement ind\u00e9fectible de l&rsquo;Alg\u00e9rie envers la Palestine et sa cause, \u00e0 travers le cin\u00e9ma con\u00e7u comme espace de m\u00e9moire, de transmission et de r\u00e9sistance.<\/p>\n\n\n\n<p>La soir\u00e9e s&rsquo;ouvrira avec la projection du court-m\u00e9trage de fiction \u00ab Ma baad \u00bb (34 minutes, 2024) de Maha Haj. Ce drame coproduit par la Palestine, l&rsquo;Italie et la France raconte l&rsquo;histoire de Suleiman et Lubna qui, apr\u00e8s avoir subi une perte inimaginable, se retirent dans une ferme isol\u00e9e o\u00f9 ils s&rsquo;occupent de leurs cultures et d\u00e9battent passionn\u00e9ment des choix de leurs cinq enfants, jusqu&rsquo;au jour o\u00f9 un \u00e9tranger surgit pour leur r\u00e9v\u00e9ler une v\u00e9rit\u00e9 bouleversante. Le film, port\u00e9 par Mohammed Bakri, Areen Omar et Amer Hlehel, est distribu\u00e9 internationalement par MAD World. Maha Haj, cin\u00e9aste palestinienne dipl\u00f4m\u00e9e en litt\u00e9rature anglaise et arabe, a marqu\u00e9 le paysage cin\u00e9matographique par ses collaborations remarquables, notamment comme cheffe d\u00e9coratrice sur \u00ab The Attack \u00bb de Ziad Douairi et \u00ab Le Temps qu&rsquo;il reste \u00bb d&rsquo;Elia Suleiman. Son premier court-m\u00e9trage \u00ab Oranges \u00bb (2009) a remport\u00e9 le Prix du Public au Festival m\u00e9diterran\u00e9en de Montpellier. En 2016, elle signe son premier long-m\u00e9trage \u00ab Personal Affairs \u00bb, \u0153uvre salu\u00e9e par la critique et s\u00e9lectionn\u00e9e \u00e0 Cannes dans la section Un Certain Regard.<\/p>\n\n\n\n<p>La deuxi\u00e8me partie de soir\u00e9e sera consacr\u00e9e au documentaire \u00ab Halat El Ichq \u00bb (90 minutes, 2024) de Carol Mansour et Muna Khalidi. Ce film puissant suit le parcours du chirurgien britannico-palestinien Dr Ghassan Abu Sittah qui, apr\u00e8s 43 jours d&rsquo;horreur pass\u00e9s \u00e0 travailler sans rel\u00e2che sous les bombardements dans les salles d&rsquo;urgence des h\u00f4pitaux Al Shifa et Al Ahli de Ghaza, \u00e9merge comme symbole de la r\u00e9sistance palestinienne. C&rsquo;est la sixi\u00e8me guerre de Ghaza \u00e0 laquelle participe le docteur Ghassan, et la plus terrible. Le documentaire explore les raisons de son engagement et la source de sa force, trouvant la r\u00e9ponse dans la passion commune de sa famille pour la Palestine. Le film, produit par Forward Film Production et enrichi par la musique de Mazen El-Sayed et Khyam Allami, a \u00e9t\u00e9 salu\u00e9 par la critique internationale. Il a remport\u00e9 le Prix du meilleur film arabe au CIFF, le Prix du meilleur documentaire au m\u00eame festival, ainsi que le Prix du public au KARAMA Human Rights Film Festival. Ces distinctions t\u00e9moignent de la force du r\u00e9cit et de l&rsquo;importance du t\u00e9moignage qu&rsquo;il porte. Carol Mansour, r\u00e9alisatrice ind\u00e9pendante libanaise et fondatrice de Forward Film Production \u00e0 Beyrouth, s&rsquo;est sp\u00e9cialis\u00e9e dans les questions sociales et de droits humains. Elle a r\u00e9alis\u00e9 plus de vingt documentaires prim\u00e9s \u00e0 l&rsquo;international, portant sur le Liban, le Y\u00e9men et l&rsquo;Ouzb\u00e9kistan. Sa co-r\u00e9alisatrice Muna Khalidi, titulaire d&rsquo;un doctorat en politique et planification de la sant\u00e9, \u0153uvre depuis plus de trente ans dans le d\u00e9veloppement social et sanitaire. Depuis 2011, elles collaborent sur des films ayant pour th\u00e8me la justice sociale et les droits humains.<\/p>\n\n\n\n<p>Les Journ\u00e9es du Cin\u00e9ma Palestinien connaissent un essor remarquable \u00e0 travers le monde. En 2023, elles ont \u00e9t\u00e9 organis\u00e9es dans 41 pays et 86 villes. En 2024, l&rsquo;\u00e9v\u00e9nement a pris une ampleur consid\u00e9rable avec une pr\u00e9sence dans 57 pays et 238 villes. Malgr\u00e9 les tentatives de censure et de d\u00e9nigrement, cet \u00e9v\u00e9nement continue de porter haut la voix du r\u00e9cit palestinien, soutenu par des partenaires convaincus du pouvoir du septi\u00e8me art pour faire face \u00e0 l&rsquo;effacement et \u00e0 la falsification de l&rsquo;histoire. Organis\u00e9es chaque mois d&rsquo;octobre par Film Lab Palestine, organisation non gouvernementale \u00e0 but non lucratif fond\u00e9e en 2014, ces journ\u00e9es visent \u00e0 inscrire la Palestine sur la carte mondiale du cin\u00e9ma et \u00e0 valoriser les films palestiniens et internationaux. Le festival propose une programmation unique combinant projections de films internationaux, tables rondes, ateliers professionnels, programmes destin\u00e9s aux enfants et espaces de r\u00e9seautage. Au fil des ann\u00e9es, il s&rsquo;est impos\u00e9 comme un pilier de la culture cin\u00e9matographique palestinienne, rassemblant le public le plus large et le plus diversifi\u00e9 du pays. Film Lab Palestine \u0153uvre \u00e0 renforcer la production et la culture cin\u00e9matographique en Palestine, \u00e0 inspirer un public toujours plus large et \u00e0 former une nouvelle g\u00e9n\u00e9ration de cin\u00e9astes palestiniens. Cette mission s&rsquo;inscrit dans une vision du cin\u00e9ma comme espace lib\u00e9rateur, par et pour la Palestine. \u00c0 travers cette initiative, le Festival International du Film d&rsquo;Alger, cr\u00e9\u00e9 en 2002 et qui s&rsquo;est impos\u00e9 au fil de ses onze \u00e9ditions comme un rendez-vous majeur pour les amoureux du septi\u00e8me art, relie la m\u00e9moire alg\u00e9rienne \u00e0 la m\u00e9moire palestinienne. La 12e \u00e9dition du festival se tiendra du 4 au 10 d\u00e9cembre 2025, poursuivant sa mission de b\u00e2tir des ponts entre les cin\u00e9astes alg\u00e9riens et leurs homologues du monde entier, offrant au public un voyage \u00e0 travers le cin\u00e9ma universel.<\/p>\n\n\n\n<p>Mohand Seghir<\/p>\n","protected":false},"excerpt":{"rendered":"<p>Le Festival International du Film d&rsquo;Alger (AIFF) accueillera le 2 novembre 2025 les Journ\u00e9es du Cin\u00e9ma Palestinien \u00e0 travers le<\/p>\n","protected":false},"author":6,"featured_media":75215,"comment_status":"open","ping_status":"closed","sticky":false,"template":"","format":"standard","meta":{"colormag_page_container_layout":"default_layout","colormag_page_sidebar_layout":"default_layout","om_disable_all_campaigns":false,"_monsterinsights_skip_tracking":false,"_monsterinsights_sitenote_active":false,"_monsterinsights_sitenote_note":"","_monsterinsights_sitenote_category":0,"footnotes":"","_wpscppro_dont_share_socialmedia":false,"_wpscppro_custom_social_share_image":0,"_facebook_share_type":"default","_twitter_share_type":"default","_linkedin_share_type":"default","_pinterest_share_type":"default","_linkedin_share_type_page":"","_instagram_share_type":"default","_medium_share_type":"default","_threads_share_type":"default","_google_business_share_type":"default","_selected_social_profile":[],"_wpsp_enable_custom_social_template":false,"_wpsp_social_scheduling":{"enabled":false,"datetime":null,"platforms":[],"status":"template_only","dateOption":"today","timeOption":"now","customDays":"","customHours":"","customDate":"","customTime":"","schedulingType":"absolute"},"_wpsp_active_default_template":true},"categories":[36],"tags":[],"class_list":["post-75214","post","type-post","status-publish","format-standard","has-post-thumbnail","hentry","category-culture"],"aioseo_notices":[],"yoast_head":"<!-- This site is optimized with the Yoast SEO plugin v27.5 - https:\/\/yoast.com\/product\/yoast-seo-wordpress\/ -->\n<title>Festival International du Film d&rsquo;Alger\u00a0: Des Journ\u00e9es du Cin\u00e9ma palestinien \u00e0 travers le monde - La Sentinelle<\/title>\n<meta name=\"robots\" content=\"index, follow, max-snippet:-1, max-image-preview:large, max-video-preview:-1\" \/>\n<link rel=\"canonical\" href=\"https:\/\/lasentinelle.dz\/index.php\/2025\/10\/25\/festival-international-du-film-dalger-des-journees-du-cinema-palestinien-a-travers-le-monde\/\" \/>\n<meta property=\"og:locale\" content=\"fr_FR\" \/>\n<meta property=\"og:type\" content=\"article\" \/>\n<meta property=\"og:title\" content=\"Festival International du Film d&rsquo;Alger\u00a0: Des Journ\u00e9es du Cin\u00e9ma palestinien \u00e0 travers le monde - La Sentinelle\" \/>\n<meta property=\"og:description\" content=\"Le Festival International du Film d&rsquo;Alger (AIFF) accueillera le 2 novembre 2025 les Journ\u00e9es du Cin\u00e9ma Palestinien \u00e0 travers le\" \/>\n<meta property=\"og:url\" content=\"https:\/\/lasentinelle.dz\/index.php\/2025\/10\/25\/festival-international-du-film-dalger-des-journees-du-cinema-palestinien-a-travers-le-monde\/\" \/>\n<meta property=\"og:site_name\" content=\"La Sentinelle\" \/>\n<meta property=\"article:publisher\" content=\"https:\/\/www.facebook.com\/La-Sentinelle-104059864394773\" \/>\n<meta property=\"article:published_time\" content=\"2025-10-25T17:55:32+00:00\" \/>\n<meta property=\"article:modified_time\" content=\"2025-10-25T17:55:33+00:00\" \/>\n<meta property=\"og:image\" content=\"https:\/\/lasentinelle.dz\/wp-content\/uploads\/2025\/10\/affiche-3-e1761414916897.jpg\" \/>\n\t<meta property=\"og:image:width\" content=\"1080\" \/>\n\t<meta property=\"og:image:height\" content=\"628\" \/>\n\t<meta property=\"og:image:type\" content=\"image\/jpeg\" \/>\n<meta name=\"author\" content=\"admin\" \/>\n<meta name=\"twitter:card\" content=\"summary_large_image\" \/>\n<meta name=\"twitter:label1\" content=\"\u00c9crit par\" \/>\n\t<meta name=\"twitter:data1\" content=\"admin\" \/>\n\t<meta name=\"twitter:label2\" content=\"Dur\u00e9e de lecture estim\u00e9e\" \/>\n\t<meta name=\"twitter:data2\" content=\"6 minutes\" \/>\n<script type=\"application\/ld+json\" class=\"yoast-schema-graph\">{\"@context\":\"https:\\\/\\\/schema.org\",\"@graph\":[{\"@type\":\"Article\",\"@id\":\"https:\\\/\\\/lasentinelle.dz\\\/index.php\\\/2025\\\/10\\\/25\\\/festival-international-du-film-dalger-des-journees-du-cinema-palestinien-a-travers-le-monde\\\/#article\",\"isPartOf\":{\"@id\":\"https:\\\/\\\/lasentinelle.dz\\\/index.php\\\/2025\\\/10\\\/25\\\/festival-international-du-film-dalger-des-journees-du-cinema-palestinien-a-travers-le-monde\\\/\"},\"author\":{\"name\":\"admin\",\"@id\":\"https:\\\/\\\/lasentinelle.dz\\\/#\\\/schema\\\/person\\\/729ee0024f24e0b8c5ec17232f8e8b41\"},\"headline\":\"Festival International du Film d&rsquo;Alger\u00a0: Des Journ\u00e9es du Cin\u00e9ma palestinien \u00e0 travers le monde\",\"datePublished\":\"2025-10-25T17:55:32+00:00\",\"dateModified\":\"2025-10-25T17:55:33+00:00\",\"mainEntityOfPage\":{\"@id\":\"https:\\\/\\\/lasentinelle.dz\\\/index.php\\\/2025\\\/10\\\/25\\\/festival-international-du-film-dalger-des-journees-du-cinema-palestinien-a-travers-le-monde\\\/\"},\"wordCount\":1101,\"commentCount\":0,\"publisher\":{\"@id\":\"https:\\\/\\\/lasentinelle.dz\\\/#organization\"},\"image\":{\"@id\":\"https:\\\/\\\/lasentinelle.dz\\\/index.php\\\/2025\\\/10\\\/25\\\/festival-international-du-film-dalger-des-journees-du-cinema-palestinien-a-travers-le-monde\\\/#primaryimage\"},\"thumbnailUrl\":\"https:\\\/\\\/lasentinelle.dz\\\/wp-content\\\/uploads\\\/2025\\\/10\\\/affiche-3-e1761414916897.jpg\",\"articleSection\":[\"Culture\"],\"inLanguage\":\"fr-FR\",\"potentialAction\":[{\"@type\":\"CommentAction\",\"name\":\"Comment\",\"target\":[\"https:\\\/\\\/lasentinelle.dz\\\/index.php\\\/2025\\\/10\\\/25\\\/festival-international-du-film-dalger-des-journees-du-cinema-palestinien-a-travers-le-monde\\\/#respond\"]}]},{\"@type\":\"WebPage\",\"@id\":\"https:\\\/\\\/lasentinelle.dz\\\/index.php\\\/2025\\\/10\\\/25\\\/festival-international-du-film-dalger-des-journees-du-cinema-palestinien-a-travers-le-monde\\\/\",\"url\":\"https:\\\/\\\/lasentinelle.dz\\\/index.php\\\/2025\\\/10\\\/25\\\/festival-international-du-film-dalger-des-journees-du-cinema-palestinien-a-travers-le-monde\\\/\",\"name\":\"Festival International du Film d&rsquo;Alger\u00a0: Des Journ\u00e9es du Cin\u00e9ma palestinien \u00e0 travers le monde - La Sentinelle\",\"isPartOf\":{\"@id\":\"https:\\\/\\\/lasentinelle.dz\\\/#website\"},\"primaryImageOfPage\":{\"@id\":\"https:\\\/\\\/lasentinelle.dz\\\/index.php\\\/2025\\\/10\\\/25\\\/festival-international-du-film-dalger-des-journees-du-cinema-palestinien-a-travers-le-monde\\\/#primaryimage\"},\"image\":{\"@id\":\"https:\\\/\\\/lasentinelle.dz\\\/index.php\\\/2025\\\/10\\\/25\\\/festival-international-du-film-dalger-des-journees-du-cinema-palestinien-a-travers-le-monde\\\/#primaryimage\"},\"thumbnailUrl\":\"https:\\\/\\\/lasentinelle.dz\\\/wp-content\\\/uploads\\\/2025\\\/10\\\/affiche-3-e1761414916897.jpg\",\"datePublished\":\"2025-10-25T17:55:32+00:00\",\"dateModified\":\"2025-10-25T17:55:33+00:00\",\"breadcrumb\":{\"@id\":\"https:\\\/\\\/lasentinelle.dz\\\/index.php\\\/2025\\\/10\\\/25\\\/festival-international-du-film-dalger-des-journees-du-cinema-palestinien-a-travers-le-monde\\\/#breadcrumb\"},\"inLanguage\":\"fr-FR\",\"potentialAction\":[{\"@type\":\"ReadAction\",\"target\":[\"https:\\\/\\\/lasentinelle.dz\\\/index.php\\\/2025\\\/10\\\/25\\\/festival-international-du-film-dalger-des-journees-du-cinema-palestinien-a-travers-le-monde\\\/\"]}]},{\"@type\":\"ImageObject\",\"inLanguage\":\"fr-FR\",\"@id\":\"https:\\\/\\\/lasentinelle.dz\\\/index.php\\\/2025\\\/10\\\/25\\\/festival-international-du-film-dalger-des-journees-du-cinema-palestinien-a-travers-le-monde\\\/#primaryimage\",\"url\":\"https:\\\/\\\/lasentinelle.dz\\\/wp-content\\\/uploads\\\/2025\\\/10\\\/affiche-3-e1761414916897.jpg\",\"contentUrl\":\"https:\\\/\\\/lasentinelle.dz\\\/wp-content\\\/uploads\\\/2025\\\/10\\\/affiche-3-e1761414916897.jpg\",\"width\":1080,\"height\":628},{\"@type\":\"BreadcrumbList\",\"@id\":\"https:\\\/\\\/lasentinelle.dz\\\/index.php\\\/2025\\\/10\\\/25\\\/festival-international-du-film-dalger-des-journees-du-cinema-palestinien-a-travers-le-monde\\\/#breadcrumb\",\"itemListElement\":[{\"@type\":\"ListItem\",\"position\":1,\"name\":\"Accueil\",\"item\":\"https:\\\/\\\/lasentinelle.dz\\\/\"},{\"@type\":\"ListItem\",\"position\":2,\"name\":\"Festival International du Film d&rsquo;Alger\u00a0: Des Journ\u00e9es du Cin\u00e9ma palestinien \u00e0 travers le monde\"}]},{\"@type\":\"WebSite\",\"@id\":\"https:\\\/\\\/lasentinelle.dz\\\/#website\",\"url\":\"https:\\\/\\\/lasentinelle.dz\\\/\",\"name\":\"La Sentinelle\",\"description\":\"Quotidien national d&#039;information\",\"publisher\":{\"@id\":\"https:\\\/\\\/lasentinelle.dz\\\/#organization\"},\"potentialAction\":[{\"@type\":\"SearchAction\",\"target\":{\"@type\":\"EntryPoint\",\"urlTemplate\":\"https:\\\/\\\/lasentinelle.dz\\\/?s={search_term_string}\"},\"query-input\":{\"@type\":\"PropertyValueSpecification\",\"valueRequired\":true,\"valueName\":\"search_term_string\"}}],\"inLanguage\":\"fr-FR\"},{\"@type\":\"Organization\",\"@id\":\"https:\\\/\\\/lasentinelle.dz\\\/#organization\",\"name\":\"Quotidien La Sentinelle\",\"url\":\"https:\\\/\\\/lasentinelle.dz\\\/\",\"logo\":{\"@type\":\"ImageObject\",\"inLanguage\":\"fr-FR\",\"@id\":\"https:\\\/\\\/lasentinelle.dz\\\/#\\\/schema\\\/logo\\\/image\\\/\",\"url\":\"https:\\\/\\\/lasentinelle.dz\\\/wp-content\\\/uploads\\\/2021\\\/09\\\/logo-sentinelleSLOGAN-1.png\",\"contentUrl\":\"https:\\\/\\\/lasentinelle.dz\\\/wp-content\\\/uploads\\\/2021\\\/09\\\/logo-sentinelleSLOGAN-1.png\",\"width\":615,\"height\":142,\"caption\":\"Quotidien La Sentinelle\"},\"image\":{\"@id\":\"https:\\\/\\\/lasentinelle.dz\\\/#\\\/schema\\\/logo\\\/image\\\/\"},\"sameAs\":[\"https:\\\/\\\/www.facebook.com\\\/La-Sentinelle-104059864394773\"]},{\"@type\":\"Person\",\"@id\":\"https:\\\/\\\/lasentinelle.dz\\\/#\\\/schema\\\/person\\\/729ee0024f24e0b8c5ec17232f8e8b41\",\"name\":\"admin\",\"image\":{\"@type\":\"ImageObject\",\"inLanguage\":\"fr-FR\",\"@id\":\"https:\\\/\\\/secure.gravatar.com\\\/avatar\\\/4c81fed838786e9b53f540bf46533e750f5d292099ae3b66cfc6fb1982e29df7?s=96&d=mm&r=g\",\"url\":\"https:\\\/\\\/secure.gravatar.com\\\/avatar\\\/4c81fed838786e9b53f540bf46533e750f5d292099ae3b66cfc6fb1982e29df7?s=96&d=mm&r=g\",\"contentUrl\":\"https:\\\/\\\/secure.gravatar.com\\\/avatar\\\/4c81fed838786e9b53f540bf46533e750f5d292099ae3b66cfc6fb1982e29df7?s=96&d=mm&r=g\",\"caption\":\"admin\"},\"description\":\"admin\",\"url\":\"https:\\\/\\\/lasentinelle.dz\\\/author\\\/admin\\\/\"}]}<\/script>\n<!-- \/ Yoast SEO plugin. -->","yoast_head_json":{"title":"Festival International du Film d&rsquo;Alger\u00a0: Des Journ\u00e9es du Cin\u00e9ma palestinien \u00e0 travers le monde - La Sentinelle","robots":{"index":"index","follow":"follow","max-snippet":"max-snippet:-1","max-image-preview":"max-image-preview:large","max-video-preview":"max-video-preview:-1"},"canonical":"https:\/\/lasentinelle.dz\/index.php\/2025\/10\/25\/festival-international-du-film-dalger-des-journees-du-cinema-palestinien-a-travers-le-monde\/","og_locale":"fr_FR","og_type":"article","og_title":"Festival International du Film d&rsquo;Alger\u00a0: Des Journ\u00e9es du Cin\u00e9ma palestinien \u00e0 travers le monde - La Sentinelle","og_description":"Le Festival International du Film d&rsquo;Alger (AIFF) accueillera le 2 novembre 2025 les Journ\u00e9es du Cin\u00e9ma Palestinien \u00e0 travers le","og_url":"https:\/\/lasentinelle.dz\/index.php\/2025\/10\/25\/festival-international-du-film-dalger-des-journees-du-cinema-palestinien-a-travers-le-monde\/","og_site_name":"La Sentinelle","article_publisher":"https:\/\/www.facebook.com\/La-Sentinelle-104059864394773","article_published_time":"2025-10-25T17:55:32+00:00","article_modified_time":"2025-10-25T17:55:33+00:00","og_image":[{"width":1080,"height":628,"url":"https:\/\/lasentinelle.dz\/wp-content\/uploads\/2025\/10\/affiche-3-e1761414916897.jpg","type":"image\/jpeg"}],"author":"admin","twitter_card":"summary_large_image","twitter_misc":{"\u00c9crit par":"admin","Dur\u00e9e de lecture estim\u00e9e":"6 minutes"},"schema":{"@context":"https:\/\/schema.org","@graph":[{"@type":"Article","@id":"https:\/\/lasentinelle.dz\/index.php\/2025\/10\/25\/festival-international-du-film-dalger-des-journees-du-cinema-palestinien-a-travers-le-monde\/#article","isPartOf":{"@id":"https:\/\/lasentinelle.dz\/index.php\/2025\/10\/25\/festival-international-du-film-dalger-des-journees-du-cinema-palestinien-a-travers-le-monde\/"},"author":{"name":"admin","@id":"https:\/\/lasentinelle.dz\/#\/schema\/person\/729ee0024f24e0b8c5ec17232f8e8b41"},"headline":"Festival International du Film d&rsquo;Alger\u00a0: Des Journ\u00e9es du Cin\u00e9ma palestinien \u00e0 travers le monde","datePublished":"2025-10-25T17:55:32+00:00","dateModified":"2025-10-25T17:55:33+00:00","mainEntityOfPage":{"@id":"https:\/\/lasentinelle.dz\/index.php\/2025\/10\/25\/festival-international-du-film-dalger-des-journees-du-cinema-palestinien-a-travers-le-monde\/"},"wordCount":1101,"commentCount":0,"publisher":{"@id":"https:\/\/lasentinelle.dz\/#organization"},"image":{"@id":"https:\/\/lasentinelle.dz\/index.php\/2025\/10\/25\/festival-international-du-film-dalger-des-journees-du-cinema-palestinien-a-travers-le-monde\/#primaryimage"},"thumbnailUrl":"https:\/\/lasentinelle.dz\/wp-content\/uploads\/2025\/10\/affiche-3-e1761414916897.jpg","articleSection":["Culture"],"inLanguage":"fr-FR","potentialAction":[{"@type":"CommentAction","name":"Comment","target":["https:\/\/lasentinelle.dz\/index.php\/2025\/10\/25\/festival-international-du-film-dalger-des-journees-du-cinema-palestinien-a-travers-le-monde\/#respond"]}]},{"@type":"WebPage","@id":"https:\/\/lasentinelle.dz\/index.php\/2025\/10\/25\/festival-international-du-film-dalger-des-journees-du-cinema-palestinien-a-travers-le-monde\/","url":"https:\/\/lasentinelle.dz\/index.php\/2025\/10\/25\/festival-international-du-film-dalger-des-journees-du-cinema-palestinien-a-travers-le-monde\/","name":"Festival International du Film d&rsquo;Alger\u00a0: Des Journ\u00e9es du Cin\u00e9ma palestinien \u00e0 travers le monde - La Sentinelle","isPartOf":{"@id":"https:\/\/lasentinelle.dz\/#website"},"primaryImageOfPage":{"@id":"https:\/\/lasentinelle.dz\/index.php\/2025\/10\/25\/festival-international-du-film-dalger-des-journees-du-cinema-palestinien-a-travers-le-monde\/#primaryimage"},"image":{"@id":"https:\/\/lasentinelle.dz\/index.php\/2025\/10\/25\/festival-international-du-film-dalger-des-journees-du-cinema-palestinien-a-travers-le-monde\/#primaryimage"},"thumbnailUrl":"https:\/\/lasentinelle.dz\/wp-content\/uploads\/2025\/10\/affiche-3-e1761414916897.jpg","datePublished":"2025-10-25T17:55:32+00:00","dateModified":"2025-10-25T17:55:33+00:00","breadcrumb":{"@id":"https:\/\/lasentinelle.dz\/index.php\/2025\/10\/25\/festival-international-du-film-dalger-des-journees-du-cinema-palestinien-a-travers-le-monde\/#breadcrumb"},"inLanguage":"fr-FR","potentialAction":[{"@type":"ReadAction","target":["https:\/\/lasentinelle.dz\/index.php\/2025\/10\/25\/festival-international-du-film-dalger-des-journees-du-cinema-palestinien-a-travers-le-monde\/"]}]},{"@type":"ImageObject","inLanguage":"fr-FR","@id":"https:\/\/lasentinelle.dz\/index.php\/2025\/10\/25\/festival-international-du-film-dalger-des-journees-du-cinema-palestinien-a-travers-le-monde\/#primaryimage","url":"https:\/\/lasentinelle.dz\/wp-content\/uploads\/2025\/10\/affiche-3-e1761414916897.jpg","contentUrl":"https:\/\/lasentinelle.dz\/wp-content\/uploads\/2025\/10\/affiche-3-e1761414916897.jpg","width":1080,"height":628},{"@type":"BreadcrumbList","@id":"https:\/\/lasentinelle.dz\/index.php\/2025\/10\/25\/festival-international-du-film-dalger-des-journees-du-cinema-palestinien-a-travers-le-monde\/#breadcrumb","itemListElement":[{"@type":"ListItem","position":1,"name":"Accueil","item":"https:\/\/lasentinelle.dz\/"},{"@type":"ListItem","position":2,"name":"Festival International du Film d&rsquo;Alger\u00a0: Des Journ\u00e9es du Cin\u00e9ma palestinien \u00e0 travers le monde"}]},{"@type":"WebSite","@id":"https:\/\/lasentinelle.dz\/#website","url":"https:\/\/lasentinelle.dz\/","name":"La Sentinelle","description":"Quotidien national d&#039;information","publisher":{"@id":"https:\/\/lasentinelle.dz\/#organization"},"potentialAction":[{"@type":"SearchAction","target":{"@type":"EntryPoint","urlTemplate":"https:\/\/lasentinelle.dz\/?s={search_term_string}"},"query-input":{"@type":"PropertyValueSpecification","valueRequired":true,"valueName":"search_term_string"}}],"inLanguage":"fr-FR"},{"@type":"Organization","@id":"https:\/\/lasentinelle.dz\/#organization","name":"Quotidien La Sentinelle","url":"https:\/\/lasentinelle.dz\/","logo":{"@type":"ImageObject","inLanguage":"fr-FR","@id":"https:\/\/lasentinelle.dz\/#\/schema\/logo\/image\/","url":"https:\/\/lasentinelle.dz\/wp-content\/uploads\/2021\/09\/logo-sentinelleSLOGAN-1.png","contentUrl":"https:\/\/lasentinelle.dz\/wp-content\/uploads\/2021\/09\/logo-sentinelleSLOGAN-1.png","width":615,"height":142,"caption":"Quotidien La Sentinelle"},"image":{"@id":"https:\/\/lasentinelle.dz\/#\/schema\/logo\/image\/"},"sameAs":["https:\/\/www.facebook.com\/La-Sentinelle-104059864394773"]},{"@type":"Person","@id":"https:\/\/lasentinelle.dz\/#\/schema\/person\/729ee0024f24e0b8c5ec17232f8e8b41","name":"admin","image":{"@type":"ImageObject","inLanguage":"fr-FR","@id":"https:\/\/secure.gravatar.com\/avatar\/4c81fed838786e9b53f540bf46533e750f5d292099ae3b66cfc6fb1982e29df7?s=96&d=mm&r=g","url":"https:\/\/secure.gravatar.com\/avatar\/4c81fed838786e9b53f540bf46533e750f5d292099ae3b66cfc6fb1982e29df7?s=96&d=mm&r=g","contentUrl":"https:\/\/secure.gravatar.com\/avatar\/4c81fed838786e9b53f540bf46533e750f5d292099ae3b66cfc6fb1982e29df7?s=96&d=mm&r=g","caption":"admin"},"description":"admin","url":"https:\/\/lasentinelle.dz\/author\/admin\/"}]}},"_links":{"self":[{"href":"https:\/\/lasentinelle.dz\/index.php\/wp-json\/wp\/v2\/posts\/75214","targetHints":{"allow":["GET"]}}],"collection":[{"href":"https:\/\/lasentinelle.dz\/index.php\/wp-json\/wp\/v2\/posts"}],"about":[{"href":"https:\/\/lasentinelle.dz\/index.php\/wp-json\/wp\/v2\/types\/post"}],"author":[{"embeddable":true,"href":"https:\/\/lasentinelle.dz\/index.php\/wp-json\/wp\/v2\/users\/6"}],"replies":[{"embeddable":true,"href":"https:\/\/lasentinelle.dz\/index.php\/wp-json\/wp\/v2\/comments?post=75214"}],"version-history":[{"count":2,"href":"https:\/\/lasentinelle.dz\/index.php\/wp-json\/wp\/v2\/posts\/75214\/revisions"}],"predecessor-version":[{"id":75217,"href":"https:\/\/lasentinelle.dz\/index.php\/wp-json\/wp\/v2\/posts\/75214\/revisions\/75217"}],"wp:featuredmedia":[{"embeddable":true,"href":"https:\/\/lasentinelle.dz\/index.php\/wp-json\/wp\/v2\/media\/75215"}],"wp:attachment":[{"href":"https:\/\/lasentinelle.dz\/index.php\/wp-json\/wp\/v2\/media?parent=75214"}],"wp:term":[{"taxonomy":"category","embeddable":true,"href":"https:\/\/lasentinelle.dz\/index.php\/wp-json\/wp\/v2\/categories?post=75214"},{"taxonomy":"post_tag","embeddable":true,"href":"https:\/\/lasentinelle.dz\/index.php\/wp-json\/wp\/v2\/tags?post=75214"}],"curies":[{"name":"wp","href":"https:\/\/api.w.org\/{rel}","templated":true}]}}