{"id":75218,"date":"2025-10-25T18:56:56","date_gmt":"2025-10-25T17:56:56","guid":{"rendered":"https:\/\/lasentinelle.dz\/?p=75218"},"modified":"2025-10-25T18:56:57","modified_gmt":"2025-10-25T17:56:57","slug":"championnats-dafrique-daviron-les-algeriens-en-quete-de-confirmations-en-afrique-du-sud","status":"publish","type":"post","link":"https:\/\/lasentinelle.dz\/index.php\/2025\/10\/25\/championnats-dafrique-daviron-les-algeriens-en-quete-de-confirmations-en-afrique-du-sud\/","title":{"rendered":"Championnats d&rsquo;Afrique d&rsquo;aviron\u00a0: Les Alg\u00e9riens en qu\u00eate de confirmations en Afrique du Sud"},"content":{"rendered":"\n<p>La s\u00e9lection nationale d&rsquo;aviron et d&rsquo;aviron de plage s&rsquo;est envol\u00e9e samedi vers l&rsquo;Afrique du Sud pour participer aux Championnats d&rsquo;Afrique pr\u00e9vus du 27 octobre au 2 novembre, avec l&rsquo;ambition de confirmer ses bons r\u00e9sultats continentaux r\u00e9cents. Les \u00e9preuves d&rsquo;aviron de plage se d\u00e9rouleront les 28 et 29 octobre \u00e0 East London, suivies de celles d&rsquo;aviron classique les 1er et 2 novembre. Ce rendez-vous continental rev\u00eat une importance particuli\u00e8re pour les rameurs alg\u00e9riens qui ont achev\u00e9 un stage pr\u00e9paratoire intensif au barrage de B\u00e9ni Haroun dans la wilaya de Mila, jusqu&rsquo;au 24 octobre. Cette pr\u00e9paration minutieuse avait pour objectif de peaufiner les aspects physiques et techniques avant cette \u00e9ch\u00e9ance majeure o\u00f9 l&rsquo;Alg\u00e9rie entend faire valoir ses ambitions face aux meilleures nations africaines de la discipline. Selon la Direction technique nationale, la d\u00e9l\u00e9gation alg\u00e9rienne pr\u00e9sente un effectif diversifi\u00e9 comprenant des athl\u00e8tes issus des cat\u00e9gories seniors, moins de 23 ans et juniors, aussi bien chez les hommes que chez les dames. &nbsp;Les comp\u00e9titions d&rsquo;aviron de plage, nouvelle discipline olympique qui gagne en popularit\u00e9 sur le continent, se d\u00e9rouleront sur le site pittoresque d&rsquo;Orient Beach \u00e0 East London. Les participants sont attendus d\u00e8s samedi pour les entra\u00eenements officiels, leur permettant de se familiariser avec les conditions locales, notamment les vagues et les courants qui peuvent influencer consid\u00e9rablement les performances dans cette sp\u00e9cialit\u00e9. La r\u00e9union technique des chefs d&rsquo;\u00e9quipe se tiendra la veille du d\u00e9but des \u00e9preuves, occasion pour discuter des modalit\u00e9s de course et des conditions de s\u00e9curit\u00e9. L&rsquo;aviron de plage, \u00e9galement connu sous l&rsquo;appellation de beach sprint, se distingue de l&rsquo;aviron classique par son format court et spectaculaire. Les courses se d\u00e9roulent sur des embarcations sp\u00e9cifiques adapt\u00e9es aux conditions marines, avec des manches aller-retour incluant un demi-tour technique autour d&rsquo;une bou\u00e9e. Cette discipline demande non seulement de la puissance physique mais aussi une grande habilet\u00e9 technique pour n\u00e9gocier le virage en pleine mer. Les \u00e9preuves d&rsquo;aviron classique, programm\u00e9es pour cl\u00f4turer les championnats les 1er et 2 novembre, se d\u00e9rouleront sur un plan d&rsquo;eau calme selon le format traditionnel de la discipline. C&rsquo;est dans cette cat\u00e9gorie que l&rsquo;Alg\u00e9rie a historiquement obtenu ses meilleurs r\u00e9sultats continentaux, avec plusieurs podiums ces derni\u00e8res ann\u00e9es dans diff\u00e9rentes cat\u00e9gories de bateaux. Les rameurs alg\u00e9riens y ont r\u00e9guli\u00e8rement d\u00e9montr\u00e9 leur capacit\u00e9 \u00e0 rivaliser avec les puissances africaines \u00e9tablies comme l&rsquo;\u00c9gypte, l&rsquo;Afrique du Sud ou le Nig\u00e9ria. L&rsquo;ambition affich\u00e9e par la d\u00e9l\u00e9gation alg\u00e9rienne est claire : confirmer les bons r\u00e9sultats obtenus ces derni\u00e8res ann\u00e9es sur la sc\u00e8ne continentale o\u00f9 elle a r\u00e9guli\u00e8rement d\u00e9croch\u00e9 des m\u00e9dailles dans les sp\u00e9cialit\u00e9s d&rsquo;aviron classique et de plage. &nbsp;Au-del\u00e0 de l&rsquo;enjeu imm\u00e9diat des m\u00e9dailles continentales, cette participation en Afrique du Sud s&rsquo;inscrit dans une perspective plus large. Les Championnats d&rsquo;Afrique constituent une \u00e9tape pr\u00e9paratoire cruciale en vue des Jeux africains de la jeunesse 2026 pr\u00e9vus en Angola. Cette comp\u00e9tition multisports offrira aux jeunes rameurs alg\u00e9riens une nouvelle opportunit\u00e9 de briller sur la sc\u00e8ne continentale et de confirmer la progression constante de l&rsquo;aviron national. Le stage de B\u00e9ni Haroun, site privil\u00e9gi\u00e9 de pr\u00e9paration de la s\u00e9lection nationale, a permis aux athl\u00e8tes de travailler dans des conditions optimales. Ce barrage, situ\u00e9 dans une r\u00e9gion montagneuse de la wilaya de Mila, offre un plan d&rsquo;eau calme et prot\u00e9g\u00e9, id\u00e9al pour les entra\u00eenements intensifs. Les infrastructures d\u00e9velopp\u00e9es ces derni\u00e8res ann\u00e9es en font d\u00e9sormais un centre de r\u00e9f\u00e9rence pour la pr\u00e9paration des rameurs alg\u00e9riens.<\/p>\n\n\n\n<p>M.D.<\/p>\n","protected":false},"excerpt":{"rendered":"<p>La s\u00e9lection nationale d&rsquo;aviron et d&rsquo;aviron de plage s&rsquo;est envol\u00e9e samedi vers l&rsquo;Afrique du Sud pour participer aux Championnats d&rsquo;Afrique<\/p>\n","protected":false},"author":6,"featured_media":0,"comment_status":"open","ping_status":"closed","sticky":false,"template":"","format":"standard","meta":{"colormag_page_container_layout":"default_layout","colormag_page_sidebar_layout":"default_layout","om_disable_all_campaigns":false,"_monsterinsights_skip_tracking":false,"_monsterinsights_sitenote_active":false,"_monsterinsights_sitenote_note":"","_monsterinsights_sitenote_category":0,"footnotes":"","_wpscppro_dont_share_socialmedia":false,"_wpscppro_custom_social_share_image":0,"_facebook_share_type":"default","_twitter_share_type":"default","_linkedin_share_type":"default","_pinterest_share_type":"default","_linkedin_share_type_page":"","_instagram_share_type":"default","_medium_share_type":"default","_threads_share_type":"default","_google_business_share_type":"default","_selected_social_profile":[],"_wpsp_enable_custom_social_template":false,"_wpsp_social_scheduling":{"enabled":false,"datetime":null,"platforms":[],"status":"template_only","dateOption":"today","timeOption":"now","customDays":"","customHours":"","customDate":"","customTime":"","schedulingType":"absolute"},"_wpsp_active_default_template":true},"categories":[33],"tags":[],"class_list":["post-75218","post","type-post","status-publish","format-standard","hentry","category-sports"],"aioseo_notices":[],"yoast_head":"<!-- This site is optimized with the Yoast SEO plugin v27.5 - https:\/\/yoast.com\/product\/yoast-seo-wordpress\/ -->\n<title>Championnats d&rsquo;Afrique d&rsquo;aviron\u00a0: Les Alg\u00e9riens en qu\u00eate de confirmations en Afrique du Sud - La Sentinelle<\/title>\n<meta name=\"robots\" content=\"index, follow, max-snippet:-1, max-image-preview:large, max-video-preview:-1\" \/>\n<link rel=\"canonical\" href=\"https:\/\/lasentinelle.dz\/index.php\/2025\/10\/25\/championnats-dafrique-daviron-les-algeriens-en-quete-de-confirmations-en-afrique-du-sud\/\" \/>\n<meta property=\"og:locale\" content=\"fr_FR\" \/>\n<meta property=\"og:type\" content=\"article\" \/>\n<meta property=\"og:title\" content=\"Championnats d&rsquo;Afrique d&rsquo;aviron\u00a0: Les Alg\u00e9riens en qu\u00eate de confirmations en Afrique du Sud - La Sentinelle\" \/>\n<meta property=\"og:description\" content=\"La s\u00e9lection nationale d&rsquo;aviron et d&rsquo;aviron de plage s&rsquo;est envol\u00e9e samedi vers l&rsquo;Afrique du Sud pour participer aux Championnats d&rsquo;Afrique\" \/>\n<meta property=\"og:url\" content=\"https:\/\/lasentinelle.dz\/index.php\/2025\/10\/25\/championnats-dafrique-daviron-les-algeriens-en-quete-de-confirmations-en-afrique-du-sud\/\" \/>\n<meta property=\"og:site_name\" content=\"La Sentinelle\" \/>\n<meta property=\"article:publisher\" content=\"https:\/\/www.facebook.com\/La-Sentinelle-104059864394773\" \/>\n<meta property=\"article:published_time\" content=\"2025-10-25T17:56:56+00:00\" \/>\n<meta property=\"article:modified_time\" content=\"2025-10-25T17:56:57+00:00\" \/>\n<meta name=\"author\" content=\"admin\" \/>\n<meta name=\"twitter:card\" content=\"summary_large_image\" \/>\n<meta name=\"twitter:label1\" content=\"\u00c9crit par\" \/>\n\t<meta name=\"twitter:data1\" content=\"admin\" \/>\n\t<meta name=\"twitter:label2\" content=\"Dur\u00e9e de lecture estim\u00e9e\" \/>\n\t<meta name=\"twitter:data2\" content=\"3 minutes\" \/>\n<script type=\"application\/ld+json\" class=\"yoast-schema-graph\">{\"@context\":\"https:\\\/\\\/schema.org\",\"@graph\":[{\"@type\":\"Article\",\"@id\":\"https:\\\/\\\/lasentinelle.dz\\\/index.php\\\/2025\\\/10\\\/25\\\/championnats-dafrique-daviron-les-algeriens-en-quete-de-confirmations-en-afrique-du-sud\\\/#article\",\"isPartOf\":{\"@id\":\"https:\\\/\\\/lasentinelle.dz\\\/index.php\\\/2025\\\/10\\\/25\\\/championnats-dafrique-daviron-les-algeriens-en-quete-de-confirmations-en-afrique-du-sud\\\/\"},\"author\":{\"name\":\"admin\",\"@id\":\"https:\\\/\\\/lasentinelle.dz\\\/#\\\/schema\\\/person\\\/729ee0024f24e0b8c5ec17232f8e8b41\"},\"headline\":\"Championnats d&rsquo;Afrique d&rsquo;aviron\u00a0: Les Alg\u00e9riens en qu\u00eate de confirmations en Afrique du Sud\",\"datePublished\":\"2025-10-25T17:56:56+00:00\",\"dateModified\":\"2025-10-25T17:56:57+00:00\",\"mainEntityOfPage\":{\"@id\":\"https:\\\/\\\/lasentinelle.dz\\\/index.php\\\/2025\\\/10\\\/25\\\/championnats-dafrique-daviron-les-algeriens-en-quete-de-confirmations-en-afrique-du-sud\\\/\"},\"wordCount\":682,\"commentCount\":0,\"publisher\":{\"@id\":\"https:\\\/\\\/lasentinelle.dz\\\/#organization\"},\"articleSection\":[\"Sports\"],\"inLanguage\":\"fr-FR\",\"potentialAction\":[{\"@type\":\"CommentAction\",\"name\":\"Comment\",\"target\":[\"https:\\\/\\\/lasentinelle.dz\\\/index.php\\\/2025\\\/10\\\/25\\\/championnats-dafrique-daviron-les-algeriens-en-quete-de-confirmations-en-afrique-du-sud\\\/#respond\"]}]},{\"@type\":\"WebPage\",\"@id\":\"https:\\\/\\\/lasentinelle.dz\\\/index.php\\\/2025\\\/10\\\/25\\\/championnats-dafrique-daviron-les-algeriens-en-quete-de-confirmations-en-afrique-du-sud\\\/\",\"url\":\"https:\\\/\\\/lasentinelle.dz\\\/index.php\\\/2025\\\/10\\\/25\\\/championnats-dafrique-daviron-les-algeriens-en-quete-de-confirmations-en-afrique-du-sud\\\/\",\"name\":\"Championnats d&rsquo;Afrique d&rsquo;aviron\u00a0: Les Alg\u00e9riens en qu\u00eate de confirmations en Afrique du Sud - La Sentinelle\",\"isPartOf\":{\"@id\":\"https:\\\/\\\/lasentinelle.dz\\\/#website\"},\"datePublished\":\"2025-10-25T17:56:56+00:00\",\"dateModified\":\"2025-10-25T17:56:57+00:00\",\"breadcrumb\":{\"@id\":\"https:\\\/\\\/lasentinelle.dz\\\/index.php\\\/2025\\\/10\\\/25\\\/championnats-dafrique-daviron-les-algeriens-en-quete-de-confirmations-en-afrique-du-sud\\\/#breadcrumb\"},\"inLanguage\":\"fr-FR\",\"potentialAction\":[{\"@type\":\"ReadAction\",\"target\":[\"https:\\\/\\\/lasentinelle.dz\\\/index.php\\\/2025\\\/10\\\/25\\\/championnats-dafrique-daviron-les-algeriens-en-quete-de-confirmations-en-afrique-du-sud\\\/\"]}]},{\"@type\":\"BreadcrumbList\",\"@id\":\"https:\\\/\\\/lasentinelle.dz\\\/index.php\\\/2025\\\/10\\\/25\\\/championnats-dafrique-daviron-les-algeriens-en-quete-de-confirmations-en-afrique-du-sud\\\/#breadcrumb\",\"itemListElement\":[{\"@type\":\"ListItem\",\"position\":1,\"name\":\"Accueil\",\"item\":\"https:\\\/\\\/lasentinelle.dz\\\/\"},{\"@type\":\"ListItem\",\"position\":2,\"name\":\"Championnats d&rsquo;Afrique d&rsquo;aviron\u00a0: Les Alg\u00e9riens en qu\u00eate de confirmations en Afrique du Sud\"}]},{\"@type\":\"WebSite\",\"@id\":\"https:\\\/\\\/lasentinelle.dz\\\/#website\",\"url\":\"https:\\\/\\\/lasentinelle.dz\\\/\",\"name\":\"La Sentinelle\",\"description\":\"Quotidien national d&#039;information\",\"publisher\":{\"@id\":\"https:\\\/\\\/lasentinelle.dz\\\/#organization\"},\"potentialAction\":[{\"@type\":\"SearchAction\",\"target\":{\"@type\":\"EntryPoint\",\"urlTemplate\":\"https:\\\/\\\/lasentinelle.dz\\\/?s={search_term_string}\"},\"query-input\":{\"@type\":\"PropertyValueSpecification\",\"valueRequired\":true,\"valueName\":\"search_term_string\"}}],\"inLanguage\":\"fr-FR\"},{\"@type\":\"Organization\",\"@id\":\"https:\\\/\\\/lasentinelle.dz\\\/#organization\",\"name\":\"Quotidien La Sentinelle\",\"url\":\"https:\\\/\\\/lasentinelle.dz\\\/\",\"logo\":{\"@type\":\"ImageObject\",\"inLanguage\":\"fr-FR\",\"@id\":\"https:\\\/\\\/lasentinelle.dz\\\/#\\\/schema\\\/logo\\\/image\\\/\",\"url\":\"https:\\\/\\\/lasentinelle.dz\\\/wp-content\\\/uploads\\\/2021\\\/09\\\/logo-sentinelleSLOGAN-1.png\",\"contentUrl\":\"https:\\\/\\\/lasentinelle.dz\\\/wp-content\\\/uploads\\\/2021\\\/09\\\/logo-sentinelleSLOGAN-1.png\",\"width\":615,\"height\":142,\"caption\":\"Quotidien La Sentinelle\"},\"image\":{\"@id\":\"https:\\\/\\\/lasentinelle.dz\\\/#\\\/schema\\\/logo\\\/image\\\/\"},\"sameAs\":[\"https:\\\/\\\/www.facebook.com\\\/La-Sentinelle-104059864394773\"]},{\"@type\":\"Person\",\"@id\":\"https:\\\/\\\/lasentinelle.dz\\\/#\\\/schema\\\/person\\\/729ee0024f24e0b8c5ec17232f8e8b41\",\"name\":\"admin\",\"image\":{\"@type\":\"ImageObject\",\"inLanguage\":\"fr-FR\",\"@id\":\"https:\\\/\\\/secure.gravatar.com\\\/avatar\\\/4c81fed838786e9b53f540bf46533e750f5d292099ae3b66cfc6fb1982e29df7?s=96&d=mm&r=g\",\"url\":\"https:\\\/\\\/secure.gravatar.com\\\/avatar\\\/4c81fed838786e9b53f540bf46533e750f5d292099ae3b66cfc6fb1982e29df7?s=96&d=mm&r=g\",\"contentUrl\":\"https:\\\/\\\/secure.gravatar.com\\\/avatar\\\/4c81fed838786e9b53f540bf46533e750f5d292099ae3b66cfc6fb1982e29df7?s=96&d=mm&r=g\",\"caption\":\"admin\"},\"description\":\"admin\",\"url\":\"https:\\\/\\\/lasentinelle.dz\\\/author\\\/admin\\\/\"}]}<\/script>\n<!-- \/ Yoast SEO plugin. -->","yoast_head_json":{"title":"Championnats d&rsquo;Afrique d&rsquo;aviron\u00a0: Les Alg\u00e9riens en qu\u00eate de confirmations en Afrique du Sud - La Sentinelle","robots":{"index":"index","follow":"follow","max-snippet":"max-snippet:-1","max-image-preview":"max-image-preview:large","max-video-preview":"max-video-preview:-1"},"canonical":"https:\/\/lasentinelle.dz\/index.php\/2025\/10\/25\/championnats-dafrique-daviron-les-algeriens-en-quete-de-confirmations-en-afrique-du-sud\/","og_locale":"fr_FR","og_type":"article","og_title":"Championnats d&rsquo;Afrique d&rsquo;aviron\u00a0: Les Alg\u00e9riens en qu\u00eate de confirmations en Afrique du Sud - La Sentinelle","og_description":"La s\u00e9lection nationale d&rsquo;aviron et d&rsquo;aviron de plage s&rsquo;est envol\u00e9e samedi vers l&rsquo;Afrique du Sud pour participer aux Championnats d&rsquo;Afrique","og_url":"https:\/\/lasentinelle.dz\/index.php\/2025\/10\/25\/championnats-dafrique-daviron-les-algeriens-en-quete-de-confirmations-en-afrique-du-sud\/","og_site_name":"La Sentinelle","article_publisher":"https:\/\/www.facebook.com\/La-Sentinelle-104059864394773","article_published_time":"2025-10-25T17:56:56+00:00","article_modified_time":"2025-10-25T17:56:57+00:00","author":"admin","twitter_card":"summary_large_image","twitter_misc":{"\u00c9crit par":"admin","Dur\u00e9e de lecture estim\u00e9e":"3 minutes"},"schema":{"@context":"https:\/\/schema.org","@graph":[{"@type":"Article","@id":"https:\/\/lasentinelle.dz\/index.php\/2025\/10\/25\/championnats-dafrique-daviron-les-algeriens-en-quete-de-confirmations-en-afrique-du-sud\/#article","isPartOf":{"@id":"https:\/\/lasentinelle.dz\/index.php\/2025\/10\/25\/championnats-dafrique-daviron-les-algeriens-en-quete-de-confirmations-en-afrique-du-sud\/"},"author":{"name":"admin","@id":"https:\/\/lasentinelle.dz\/#\/schema\/person\/729ee0024f24e0b8c5ec17232f8e8b41"},"headline":"Championnats d&rsquo;Afrique d&rsquo;aviron\u00a0: Les Alg\u00e9riens en qu\u00eate de confirmations en Afrique du Sud","datePublished":"2025-10-25T17:56:56+00:00","dateModified":"2025-10-25T17:56:57+00:00","mainEntityOfPage":{"@id":"https:\/\/lasentinelle.dz\/index.php\/2025\/10\/25\/championnats-dafrique-daviron-les-algeriens-en-quete-de-confirmations-en-afrique-du-sud\/"},"wordCount":682,"commentCount":0,"publisher":{"@id":"https:\/\/lasentinelle.dz\/#organization"},"articleSection":["Sports"],"inLanguage":"fr-FR","potentialAction":[{"@type":"CommentAction","name":"Comment","target":["https:\/\/lasentinelle.dz\/index.php\/2025\/10\/25\/championnats-dafrique-daviron-les-algeriens-en-quete-de-confirmations-en-afrique-du-sud\/#respond"]}]},{"@type":"WebPage","@id":"https:\/\/lasentinelle.dz\/index.php\/2025\/10\/25\/championnats-dafrique-daviron-les-algeriens-en-quete-de-confirmations-en-afrique-du-sud\/","url":"https:\/\/lasentinelle.dz\/index.php\/2025\/10\/25\/championnats-dafrique-daviron-les-algeriens-en-quete-de-confirmations-en-afrique-du-sud\/","name":"Championnats d&rsquo;Afrique d&rsquo;aviron\u00a0: Les Alg\u00e9riens en qu\u00eate de confirmations en Afrique du Sud - La Sentinelle","isPartOf":{"@id":"https:\/\/lasentinelle.dz\/#website"},"datePublished":"2025-10-25T17:56:56+00:00","dateModified":"2025-10-25T17:56:57+00:00","breadcrumb":{"@id":"https:\/\/lasentinelle.dz\/index.php\/2025\/10\/25\/championnats-dafrique-daviron-les-algeriens-en-quete-de-confirmations-en-afrique-du-sud\/#breadcrumb"},"inLanguage":"fr-FR","potentialAction":[{"@type":"ReadAction","target":["https:\/\/lasentinelle.dz\/index.php\/2025\/10\/25\/championnats-dafrique-daviron-les-algeriens-en-quete-de-confirmations-en-afrique-du-sud\/"]}]},{"@type":"BreadcrumbList","@id":"https:\/\/lasentinelle.dz\/index.php\/2025\/10\/25\/championnats-dafrique-daviron-les-algeriens-en-quete-de-confirmations-en-afrique-du-sud\/#breadcrumb","itemListElement":[{"@type":"ListItem","position":1,"name":"Accueil","item":"https:\/\/lasentinelle.dz\/"},{"@type":"ListItem","position":2,"name":"Championnats d&rsquo;Afrique d&rsquo;aviron\u00a0: Les Alg\u00e9riens en qu\u00eate de confirmations en Afrique du Sud"}]},{"@type":"WebSite","@id":"https:\/\/lasentinelle.dz\/#website","url":"https:\/\/lasentinelle.dz\/","name":"La Sentinelle","description":"Quotidien national d&#039;information","publisher":{"@id":"https:\/\/lasentinelle.dz\/#organization"},"potentialAction":[{"@type":"SearchAction","target":{"@type":"EntryPoint","urlTemplate":"https:\/\/lasentinelle.dz\/?s={search_term_string}"},"query-input":{"@type":"PropertyValueSpecification","valueRequired":true,"valueName":"search_term_string"}}],"inLanguage":"fr-FR"},{"@type":"Organization","@id":"https:\/\/lasentinelle.dz\/#organization","name":"Quotidien La Sentinelle","url":"https:\/\/lasentinelle.dz\/","logo":{"@type":"ImageObject","inLanguage":"fr-FR","@id":"https:\/\/lasentinelle.dz\/#\/schema\/logo\/image\/","url":"https:\/\/lasentinelle.dz\/wp-content\/uploads\/2021\/09\/logo-sentinelleSLOGAN-1.png","contentUrl":"https:\/\/lasentinelle.dz\/wp-content\/uploads\/2021\/09\/logo-sentinelleSLOGAN-1.png","width":615,"height":142,"caption":"Quotidien La Sentinelle"},"image":{"@id":"https:\/\/lasentinelle.dz\/#\/schema\/logo\/image\/"},"sameAs":["https:\/\/www.facebook.com\/La-Sentinelle-104059864394773"]},{"@type":"Person","@id":"https:\/\/lasentinelle.dz\/#\/schema\/person\/729ee0024f24e0b8c5ec17232f8e8b41","name":"admin","image":{"@type":"ImageObject","inLanguage":"fr-FR","@id":"https:\/\/secure.gravatar.com\/avatar\/4c81fed838786e9b53f540bf46533e750f5d292099ae3b66cfc6fb1982e29df7?s=96&d=mm&r=g","url":"https:\/\/secure.gravatar.com\/avatar\/4c81fed838786e9b53f540bf46533e750f5d292099ae3b66cfc6fb1982e29df7?s=96&d=mm&r=g","contentUrl":"https:\/\/secure.gravatar.com\/avatar\/4c81fed838786e9b53f540bf46533e750f5d292099ae3b66cfc6fb1982e29df7?s=96&d=mm&r=g","caption":"admin"},"description":"admin","url":"https:\/\/lasentinelle.dz\/author\/admin\/"}]}},"_links":{"self":[{"href":"https:\/\/lasentinelle.dz\/index.php\/wp-json\/wp\/v2\/posts\/75218","targetHints":{"allow":["GET"]}}],"collection":[{"href":"https:\/\/lasentinelle.dz\/index.php\/wp-json\/wp\/v2\/posts"}],"about":[{"href":"https:\/\/lasentinelle.dz\/index.php\/wp-json\/wp\/v2\/types\/post"}],"author":[{"embeddable":true,"href":"https:\/\/lasentinelle.dz\/index.php\/wp-json\/wp\/v2\/users\/6"}],"replies":[{"embeddable":true,"href":"https:\/\/lasentinelle.dz\/index.php\/wp-json\/wp\/v2\/comments?post=75218"}],"version-history":[{"count":2,"href":"https:\/\/lasentinelle.dz\/index.php\/wp-json\/wp\/v2\/posts\/75218\/revisions"}],"predecessor-version":[{"id":75220,"href":"https:\/\/lasentinelle.dz\/index.php\/wp-json\/wp\/v2\/posts\/75218\/revisions\/75220"}],"wp:attachment":[{"href":"https:\/\/lasentinelle.dz\/index.php\/wp-json\/wp\/v2\/media?parent=75218"}],"wp:term":[{"taxonomy":"category","embeddable":true,"href":"https:\/\/lasentinelle.dz\/index.php\/wp-json\/wp\/v2\/categories?post=75218"},{"taxonomy":"post_tag","embeddable":true,"href":"https:\/\/lasentinelle.dz\/index.php\/wp-json\/wp\/v2\/tags?post=75218"}],"curies":[{"name":"wp","href":"https:\/\/api.w.org\/{rel}","templated":true}]}}