{"id":75221,"date":"2025-10-25T18:57:43","date_gmt":"2025-10-25T17:57:43","guid":{"rendered":"https:\/\/lasentinelle.dz\/?p=75221"},"modified":"2025-10-25T18:57:44","modified_gmt":"2025-10-25T17:57:44","slug":"mondiaux-2025-de-gymnastique-nemour-premiere-championne-arabe-et-africaine","status":"publish","type":"post","link":"https:\/\/lasentinelle.dz\/index.php\/2025\/10\/25\/mondiaux-2025-de-gymnastique-nemour-premiere-championne-arabe-et-africaine\/","title":{"rendered":"Mondiaux 2025 de gymnastique\u00a0: Nemour, premi\u00e8re championne arabe et africaine"},"content":{"rendered":"\n<p>L&rsquo;Alg\u00e9rienne Kaylia Nemour a inscrit vendredi son nom en lettres d&rsquo;or dans l&rsquo;histoire de la gymnastique mondiale en remportant le titre aux barres asym\u00e9triques lors des Championnats du monde 2025 \u00e0 Jakarta, devenant ainsi la premi\u00e8re gymnaste arabe et africaine sacr\u00e9e championne du monde dans cette sp\u00e9cialit\u00e9.<\/p>\n\n\n\n<p>Avec un score impressionnant de 15,566 points, la championne olympique a devanc\u00e9 la Russe Angelina Melnikova et la Chinoise Yang Fanyuwei, toutes deux cr\u00e9dit\u00e9es de 14,500 points, avant d&rsquo;ajouter samedi une m\u00e9daille d&rsquo;argent \u00e0 la poutre avec 14,300 points.<\/p>\n\n\n\n<p>Un peu plus d&rsquo;un an apr\u00e8s son triomphe aux Jeux olympiques de Paris 2024, la jeune prodige alg\u00e9rienne de 18 ans continue d&rsquo;\u00e9blouir la plan\u00e8te gymnastique. \u00c0 Jakarta, dans l&rsquo;enceinte majestueuse de l&rsquo;IMS Arena, Kaylia Nemour a une nouvelle fois d\u00e9montr\u00e9 pourquoi elle est consid\u00e9r\u00e9e comme l&rsquo;une des plus grandes \u00e9toiles de la discipline. Sa prestation aux barres asym\u00e9triques restera comme un mod\u00e8le d&rsquo;\u00e9l\u00e9gance et de perfection technique, un moment de gr\u00e2ce pure qui a laiss\u00e9 le public indon\u00e9sien bouche b\u00e9e et ses concurrentes loin derri\u00e8re. D\u00e9j\u00e0 dominante lors des qualifications mardi avec 15,533 points, la gymnaste alg\u00e9rienne a confirm\u00e9 son statut en livrant une ex\u00e9cution sans faute lors de la finale. Sous la houlette de sa coach Nadia Maci, Nemour a abord\u00e9 cette \u00e9ch\u00e9ance capitale avec la confiance d&rsquo;une grande championne. Fid\u00e8le \u00e0 son style caract\u00e9ristique, alliant \u00e9l\u00e9gance et dynamisme, elle a encha\u00een\u00e9 les \u00e9l\u00e9ments avec une pr\u00e9cision chirurgicale. Son passage a \u00e9t\u00e9 not\u00e9 15,566 points, dont 7,200 en difficult\u00e9 et 8,500 en ex\u00e9cution, une partition quasi parfaite qui t\u00e9moigne de la maturit\u00e9 acquise par la jeune athl\u00e8te depuis son sacre olympique. Ce qui frappe dans la gymnastique de Nemour, c&rsquo;est avant tout sa fluidit\u00e9 exceptionnelle. L\u00e0 o\u00f9 d&rsquo;autres gymnastes multiplient les bascules et les temps morts, l&rsquo;Alg\u00e9rienne r\u00e9duit ces phases au strict minimum, offrant un encha\u00eenement continu, rythm\u00e9 et ample qui \u00e9voque une v\u00e9ritable chor\u00e9graphie musicale. Chaque mouvement s&rsquo;encha\u00eene naturellement au suivant, cr\u00e9ant une impression de facilit\u00e9 trompeuse qui masque la difficult\u00e9 extr\u00eame de l&rsquo;exercice. Sa morphologie, avec son 1,66m de hauteur, parfois jug\u00e9e peu avantageuse pour certains agr\u00e8s, devient ici un atout majeur. Elle lui permet notamment de passer debout sur la barre, ajoutant une touche unique et spectaculaire \u00e0 sa routine. Au c\u0153ur de sa performance figure \u00e9videmment le mouvement qui porte d\u00e9sormais son nom. Le fameux \u00ab\u00a0Nemour\u00a0\u00bb, officiellement inscrit depuis ao\u00fbt 2024 au code de pointage de la F\u00e9d\u00e9ration internationale de gymnastique, a \u00e9t\u00e9 ex\u00e9cut\u00e9 avec une ma\u00eetrise absolue. Ce mouvement signature, d&rsquo;une difficult\u00e9 redoutable, est devenu l&#8217;embl\u00e8me de son style et la marque de fabrique d&rsquo;une gymnaste qui repousse constamment les limites de la discipline. Sa sortie en double temps, parfaitement ma\u00eetris\u00e9e, a scell\u00e9 une prestation qui restera dans les annales.<\/p>\n\n\n\n<p>L&rsquo;exploit de la championne alg\u00e9rienne n&rsquo;a pas manqu\u00e9 de susciter une vague d&rsquo;hommages \u00e0 travers le continent africain et le monde arabe. Le pr\u00e9sident de la R\u00e9publique, Abdelmadjid Tebboune, a \u00e9t\u00e9 parmi les premiers \u00e0 f\u00e9liciter la jeune prodige. Sur son compte personnel sur les r\u00e9seaux sociaux, le chef de l&rsquo;\u00c9tat a \u00e9crit : \u00ab\u00a0F\u00e9licitations \u00e0 la fiert\u00e9 de l&rsquo;Alg\u00e9rie, Kaylia Nemour, notre brillante championne olympique, pour sa nouvelle victoire. Mes chaleureuses f\u00e9licitations pour votre m\u00e9daille d&rsquo;or aux championnats du monde dans la capitale indon\u00e9sienne, Jakarta. Vous avez honor\u00e9 l&rsquo;Alg\u00e9rie avec brio. Merci beaucoup, Kaylia.\u00a0\u00bb Au niveau continental, le pr\u00e9sident de la Commission de l&rsquo;Union africaine, Mahmoud Ali Youssouf, a \u00e9galement tenu \u00e0 saluer cette performance historique. Il a f\u00e9licit\u00e9 samedi la championne alg\u00e9rienne en saluant sa \u00ab\u00a0performance \u00e9blouissante\u00a0\u00bb, estimant qu&rsquo;il s&rsquo;agit d'\u00a0\u00bbun moment de fiert\u00e9 pour l&rsquo;Afrique\u00a0\u00bb. Le responsable panafricain a soulign\u00e9 que Kaylia Nemour incarne \u00ab\u00a0un symbole d&rsquo;excellence et de l&rsquo;ascension irr\u00e9sistible des talents africains sur la sc\u00e8ne mondiale\u00a0\u00bb. Il a ajout\u00e9 que la victoire de la gymnaste alg\u00e9rienne \u00ab\u00a0inspirera une nouvelle g\u00e9n\u00e9ration de jeunes africains \u00e0 r\u00eaver plus grand et \u00e0 aller plus loin\u00a0\u00bb, affirmant qu'\u00a0\u00bbun investissement judicieux dans le sport permet aux athl\u00e8tes africains de rivaliser avec les meilleurs au monde, tout comme l&rsquo;a fait Kaylia\u00a0\u00bb.<\/p>\n\n\n\n<p>Le parcours de Kaylia Nemour aux Mondiaux de Jakarta ne s&rsquo;est pas limit\u00e9 \u00e0 ce sacre aux barres asym\u00e9triques. Jeudi, elle avait termin\u00e9 au pied du podium du concours g\u00e9n\u00e9ral individuel avec un total de 54,564 points, compos\u00e9 de 15,166 aux barres asym\u00e9triques, 13,066 \u00e0 la poutre, 12,866 aux exercices au sol et 13,466 au saut. La m\u00e9daille d&rsquo;or \u00e9tait revenue pour la deuxi\u00e8me fois \u00e0 la Russe Angelina Melnikova avec 55,066 points, devant l&rsquo;Am\u00e9ricaine Leanne Wong \u00e0 54,966 points et la Chinoise Qingying Zhang \u00e0 54,633 points. &nbsp;Samedi, Nemour a ajout\u00e9 une nouvelle ligne \u00e0 son palmar\u00e8s en d\u00e9crochant la m\u00e9daille d&rsquo;argent au concours de la poutre avec une note de 14,300 points. Elle s&rsquo;est inclin\u00e9e face \u00e0 la Chinoise Zhang Qingying, m\u00e9daill\u00e9e d&rsquo;or avec 15,166 points, mais a devanc\u00e9 la Japonaise Sugihara Aiko, m\u00e9daill\u00e9e de bronze avec 14,166 points. Cette deuxi\u00e8me m\u00e9daille confirme la r\u00e9gularit\u00e9 exceptionnelle de l&rsquo;Alg\u00e9rienne et sa capacit\u00e9 \u00e0 performer sur plusieurs agr\u00e8s lors des grandes comp\u00e9titions.<\/p>\n\n\n\n<p>Ces nouveaux succ\u00e8s s&rsquo;ajoutent \u00e0 un palmar\u00e8s d\u00e9j\u00e0 impressionnant qui comprend notamment sa m\u00e9daille d&rsquo;or olympique \u00e0 Paris 2024, ses multiples distinctions en Coupes du monde et sa m\u00e9daille d&rsquo;argent aux Mondiaux d&rsquo;Anvers 2023. \u00c0 seulement 18 ans, Kaylia Nemour s&rsquo;impose comme une r\u00e9f\u00e9rence absolue de la gymnastique mondiale, une source d&rsquo;inspiration pour toute une g\u00e9n\u00e9ration d&rsquo;athl\u00e8tes africains et arabes qui voient d\u00e9sormais qu&rsquo;il est possible d&rsquo;atteindre les sommets de leur discipline. La d\u00e9l\u00e9gation alg\u00e9rienne \u00e0 Jakarta ne se limite pas \u00e0 sa championne vedette. Six autres gymnastes repr\u00e9sentent les couleurs nationales : Adem Koughat, Houssam-Eddine Hamdouche, Bilel Bellaoui, Youcef Semani et Ahmed Ryad Aliouet chez les messieurs, ainsi que Sihem Hamidi chez les dames.<\/p>\n\n\n\n<p>M. Dahleb<\/p>\n","protected":false},"excerpt":{"rendered":"<p>L&rsquo;Alg\u00e9rienne Kaylia Nemour a inscrit vendredi son nom en lettres d&rsquo;or dans l&rsquo;histoire de la gymnastique mondiale en remportant le<\/p>\n","protected":false},"author":6,"featured_media":75222,"comment_status":"open","ping_status":"closed","sticky":false,"template":"","format":"standard","meta":{"colormag_page_container_layout":"default_layout","colormag_page_sidebar_layout":"default_layout","om_disable_all_campaigns":false,"_monsterinsights_skip_tracking":false,"_monsterinsights_sitenote_active":false,"_monsterinsights_sitenote_note":"","_monsterinsights_sitenote_category":0,"footnotes":"","_wpscppro_dont_share_socialmedia":false,"_wpscppro_custom_social_share_image":0,"_facebook_share_type":"default","_twitter_share_type":"default","_linkedin_share_type":"default","_pinterest_share_type":"default","_linkedin_share_type_page":"","_instagram_share_type":"default","_medium_share_type":"default","_threads_share_type":"default","_google_business_share_type":"default","_selected_social_profile":[],"_wpsp_enable_custom_social_template":false,"_wpsp_social_scheduling":{"enabled":false,"datetime":null,"platforms":[],"status":"template_only","dateOption":"today","timeOption":"now","customDays":"","customHours":"","customDate":"","customTime":"","schedulingType":"absolute"},"_wpsp_active_default_template":true},"categories":[33],"tags":[],"class_list":["post-75221","post","type-post","status-publish","format-standard","has-post-thumbnail","hentry","category-sports"],"aioseo_notices":[],"yoast_head":"<!-- This site is optimized with the Yoast SEO plugin v27.5 - https:\/\/yoast.com\/product\/yoast-seo-wordpress\/ -->\n<title>Mondiaux 2025 de gymnastique\u00a0: Nemour, premi\u00e8re championne arabe et africaine - La Sentinelle<\/title>\n<meta name=\"robots\" content=\"index, follow, max-snippet:-1, max-image-preview:large, max-video-preview:-1\" \/>\n<link rel=\"canonical\" href=\"https:\/\/lasentinelle.dz\/index.php\/2025\/10\/25\/mondiaux-2025-de-gymnastique-nemour-premiere-championne-arabe-et-africaine\/\" \/>\n<meta property=\"og:locale\" content=\"fr_FR\" \/>\n<meta property=\"og:type\" content=\"article\" \/>\n<meta property=\"og:title\" content=\"Mondiaux 2025 de gymnastique\u00a0: Nemour, premi\u00e8re championne arabe et africaine - La Sentinelle\" \/>\n<meta property=\"og:description\" content=\"L&rsquo;Alg\u00e9rienne Kaylia Nemour a inscrit vendredi son nom en lettres d&rsquo;or dans l&rsquo;histoire de la gymnastique mondiale en remportant le\" \/>\n<meta property=\"og:url\" content=\"https:\/\/lasentinelle.dz\/index.php\/2025\/10\/25\/mondiaux-2025-de-gymnastique-nemour-premiere-championne-arabe-et-africaine\/\" \/>\n<meta property=\"og:site_name\" content=\"La Sentinelle\" \/>\n<meta property=\"article:publisher\" content=\"https:\/\/www.facebook.com\/La-Sentinelle-104059864394773\" \/>\n<meta property=\"article:published_time\" content=\"2025-10-25T17:57:43+00:00\" \/>\n<meta property=\"article:modified_time\" content=\"2025-10-25T17:57:44+00:00\" \/>\n<meta property=\"og:image\" content=\"https:\/\/lasentinelle.dz\/wp-content\/uploads\/2025\/10\/nemour.jpg\" \/>\n\t<meta property=\"og:image:width\" content=\"1440\" \/>\n\t<meta property=\"og:image:height\" content=\"1440\" \/>\n\t<meta property=\"og:image:type\" content=\"image\/jpeg\" \/>\n<meta name=\"author\" content=\"admin\" \/>\n<meta name=\"twitter:card\" content=\"summary_large_image\" \/>\n<meta name=\"twitter:label1\" content=\"\u00c9crit par\" \/>\n\t<meta name=\"twitter:data1\" content=\"admin\" \/>\n\t<meta name=\"twitter:label2\" content=\"Dur\u00e9e de lecture estim\u00e9e\" \/>\n\t<meta name=\"twitter:data2\" content=\"6 minutes\" \/>\n<script type=\"application\/ld+json\" class=\"yoast-schema-graph\">{\"@context\":\"https:\\\/\\\/schema.org\",\"@graph\":[{\"@type\":\"Article\",\"@id\":\"https:\\\/\\\/lasentinelle.dz\\\/index.php\\\/2025\\\/10\\\/25\\\/mondiaux-2025-de-gymnastique-nemour-premiere-championne-arabe-et-africaine\\\/#article\",\"isPartOf\":{\"@id\":\"https:\\\/\\\/lasentinelle.dz\\\/index.php\\\/2025\\\/10\\\/25\\\/mondiaux-2025-de-gymnastique-nemour-premiere-championne-arabe-et-africaine\\\/\"},\"author\":{\"name\":\"admin\",\"@id\":\"https:\\\/\\\/lasentinelle.dz\\\/#\\\/schema\\\/person\\\/729ee0024f24e0b8c5ec17232f8e8b41\"},\"headline\":\"Mondiaux 2025 de gymnastique\u00a0: Nemour, premi\u00e8re championne arabe et africaine\",\"datePublished\":\"2025-10-25T17:57:43+00:00\",\"dateModified\":\"2025-10-25T17:57:44+00:00\",\"mainEntityOfPage\":{\"@id\":\"https:\\\/\\\/lasentinelle.dz\\\/index.php\\\/2025\\\/10\\\/25\\\/mondiaux-2025-de-gymnastique-nemour-premiere-championne-arabe-et-africaine\\\/\"},\"wordCount\":1065,\"commentCount\":0,\"publisher\":{\"@id\":\"https:\\\/\\\/lasentinelle.dz\\\/#organization\"},\"image\":{\"@id\":\"https:\\\/\\\/lasentinelle.dz\\\/index.php\\\/2025\\\/10\\\/25\\\/mondiaux-2025-de-gymnastique-nemour-premiere-championne-arabe-et-africaine\\\/#primaryimage\"},\"thumbnailUrl\":\"https:\\\/\\\/lasentinelle.dz\\\/wp-content\\\/uploads\\\/2025\\\/10\\\/nemour.jpg\",\"articleSection\":[\"Sports\"],\"inLanguage\":\"fr-FR\",\"potentialAction\":[{\"@type\":\"CommentAction\",\"name\":\"Comment\",\"target\":[\"https:\\\/\\\/lasentinelle.dz\\\/index.php\\\/2025\\\/10\\\/25\\\/mondiaux-2025-de-gymnastique-nemour-premiere-championne-arabe-et-africaine\\\/#respond\"]}]},{\"@type\":\"WebPage\",\"@id\":\"https:\\\/\\\/lasentinelle.dz\\\/index.php\\\/2025\\\/10\\\/25\\\/mondiaux-2025-de-gymnastique-nemour-premiere-championne-arabe-et-africaine\\\/\",\"url\":\"https:\\\/\\\/lasentinelle.dz\\\/index.php\\\/2025\\\/10\\\/25\\\/mondiaux-2025-de-gymnastique-nemour-premiere-championne-arabe-et-africaine\\\/\",\"name\":\"Mondiaux 2025 de gymnastique\u00a0: Nemour, premi\u00e8re championne arabe et africaine - La Sentinelle\",\"isPartOf\":{\"@id\":\"https:\\\/\\\/lasentinelle.dz\\\/#website\"},\"primaryImageOfPage\":{\"@id\":\"https:\\\/\\\/lasentinelle.dz\\\/index.php\\\/2025\\\/10\\\/25\\\/mondiaux-2025-de-gymnastique-nemour-premiere-championne-arabe-et-africaine\\\/#primaryimage\"},\"image\":{\"@id\":\"https:\\\/\\\/lasentinelle.dz\\\/index.php\\\/2025\\\/10\\\/25\\\/mondiaux-2025-de-gymnastique-nemour-premiere-championne-arabe-et-africaine\\\/#primaryimage\"},\"thumbnailUrl\":\"https:\\\/\\\/lasentinelle.dz\\\/wp-content\\\/uploads\\\/2025\\\/10\\\/nemour.jpg\",\"datePublished\":\"2025-10-25T17:57:43+00:00\",\"dateModified\":\"2025-10-25T17:57:44+00:00\",\"breadcrumb\":{\"@id\":\"https:\\\/\\\/lasentinelle.dz\\\/index.php\\\/2025\\\/10\\\/25\\\/mondiaux-2025-de-gymnastique-nemour-premiere-championne-arabe-et-africaine\\\/#breadcrumb\"},\"inLanguage\":\"fr-FR\",\"potentialAction\":[{\"@type\":\"ReadAction\",\"target\":[\"https:\\\/\\\/lasentinelle.dz\\\/index.php\\\/2025\\\/10\\\/25\\\/mondiaux-2025-de-gymnastique-nemour-premiere-championne-arabe-et-africaine\\\/\"]}]},{\"@type\":\"ImageObject\",\"inLanguage\":\"fr-FR\",\"@id\":\"https:\\\/\\\/lasentinelle.dz\\\/index.php\\\/2025\\\/10\\\/25\\\/mondiaux-2025-de-gymnastique-nemour-premiere-championne-arabe-et-africaine\\\/#primaryimage\",\"url\":\"https:\\\/\\\/lasentinelle.dz\\\/wp-content\\\/uploads\\\/2025\\\/10\\\/nemour.jpg\",\"contentUrl\":\"https:\\\/\\\/lasentinelle.dz\\\/wp-content\\\/uploads\\\/2025\\\/10\\\/nemour.jpg\",\"width\":1440,\"height\":1440},{\"@type\":\"BreadcrumbList\",\"@id\":\"https:\\\/\\\/lasentinelle.dz\\\/index.php\\\/2025\\\/10\\\/25\\\/mondiaux-2025-de-gymnastique-nemour-premiere-championne-arabe-et-africaine\\\/#breadcrumb\",\"itemListElement\":[{\"@type\":\"ListItem\",\"position\":1,\"name\":\"Accueil\",\"item\":\"https:\\\/\\\/lasentinelle.dz\\\/\"},{\"@type\":\"ListItem\",\"position\":2,\"name\":\"Mondiaux 2025 de gymnastique\u00a0: Nemour, premi\u00e8re championne arabe et africaine\"}]},{\"@type\":\"WebSite\",\"@id\":\"https:\\\/\\\/lasentinelle.dz\\\/#website\",\"url\":\"https:\\\/\\\/lasentinelle.dz\\\/\",\"name\":\"La Sentinelle\",\"description\":\"Quotidien national d&#039;information\",\"publisher\":{\"@id\":\"https:\\\/\\\/lasentinelle.dz\\\/#organization\"},\"potentialAction\":[{\"@type\":\"SearchAction\",\"target\":{\"@type\":\"EntryPoint\",\"urlTemplate\":\"https:\\\/\\\/lasentinelle.dz\\\/?s={search_term_string}\"},\"query-input\":{\"@type\":\"PropertyValueSpecification\",\"valueRequired\":true,\"valueName\":\"search_term_string\"}}],\"inLanguage\":\"fr-FR\"},{\"@type\":\"Organization\",\"@id\":\"https:\\\/\\\/lasentinelle.dz\\\/#organization\",\"name\":\"Quotidien La Sentinelle\",\"url\":\"https:\\\/\\\/lasentinelle.dz\\\/\",\"logo\":{\"@type\":\"ImageObject\",\"inLanguage\":\"fr-FR\",\"@id\":\"https:\\\/\\\/lasentinelle.dz\\\/#\\\/schema\\\/logo\\\/image\\\/\",\"url\":\"https:\\\/\\\/lasentinelle.dz\\\/wp-content\\\/uploads\\\/2021\\\/09\\\/logo-sentinelleSLOGAN-1.png\",\"contentUrl\":\"https:\\\/\\\/lasentinelle.dz\\\/wp-content\\\/uploads\\\/2021\\\/09\\\/logo-sentinelleSLOGAN-1.png\",\"width\":615,\"height\":142,\"caption\":\"Quotidien La Sentinelle\"},\"image\":{\"@id\":\"https:\\\/\\\/lasentinelle.dz\\\/#\\\/schema\\\/logo\\\/image\\\/\"},\"sameAs\":[\"https:\\\/\\\/www.facebook.com\\\/La-Sentinelle-104059864394773\"]},{\"@type\":\"Person\",\"@id\":\"https:\\\/\\\/lasentinelle.dz\\\/#\\\/schema\\\/person\\\/729ee0024f24e0b8c5ec17232f8e8b41\",\"name\":\"admin\",\"image\":{\"@type\":\"ImageObject\",\"inLanguage\":\"fr-FR\",\"@id\":\"https:\\\/\\\/secure.gravatar.com\\\/avatar\\\/4c81fed838786e9b53f540bf46533e750f5d292099ae3b66cfc6fb1982e29df7?s=96&d=mm&r=g\",\"url\":\"https:\\\/\\\/secure.gravatar.com\\\/avatar\\\/4c81fed838786e9b53f540bf46533e750f5d292099ae3b66cfc6fb1982e29df7?s=96&d=mm&r=g\",\"contentUrl\":\"https:\\\/\\\/secure.gravatar.com\\\/avatar\\\/4c81fed838786e9b53f540bf46533e750f5d292099ae3b66cfc6fb1982e29df7?s=96&d=mm&r=g\",\"caption\":\"admin\"},\"description\":\"admin\",\"url\":\"https:\\\/\\\/lasentinelle.dz\\\/author\\\/admin\\\/\"}]}<\/script>\n<!-- \/ Yoast SEO plugin. -->","yoast_head_json":{"title":"Mondiaux 2025 de gymnastique\u00a0: Nemour, premi\u00e8re championne arabe et africaine - La Sentinelle","robots":{"index":"index","follow":"follow","max-snippet":"max-snippet:-1","max-image-preview":"max-image-preview:large","max-video-preview":"max-video-preview:-1"},"canonical":"https:\/\/lasentinelle.dz\/index.php\/2025\/10\/25\/mondiaux-2025-de-gymnastique-nemour-premiere-championne-arabe-et-africaine\/","og_locale":"fr_FR","og_type":"article","og_title":"Mondiaux 2025 de gymnastique\u00a0: Nemour, premi\u00e8re championne arabe et africaine - La Sentinelle","og_description":"L&rsquo;Alg\u00e9rienne Kaylia Nemour a inscrit vendredi son nom en lettres d&rsquo;or dans l&rsquo;histoire de la gymnastique mondiale en remportant le","og_url":"https:\/\/lasentinelle.dz\/index.php\/2025\/10\/25\/mondiaux-2025-de-gymnastique-nemour-premiere-championne-arabe-et-africaine\/","og_site_name":"La Sentinelle","article_publisher":"https:\/\/www.facebook.com\/La-Sentinelle-104059864394773","article_published_time":"2025-10-25T17:57:43+00:00","article_modified_time":"2025-10-25T17:57:44+00:00","og_image":[{"width":1440,"height":1440,"url":"https:\/\/lasentinelle.dz\/wp-content\/uploads\/2025\/10\/nemour.jpg","type":"image\/jpeg"}],"author":"admin","twitter_card":"summary_large_image","twitter_misc":{"\u00c9crit par":"admin","Dur\u00e9e de lecture estim\u00e9e":"6 minutes"},"schema":{"@context":"https:\/\/schema.org","@graph":[{"@type":"Article","@id":"https:\/\/lasentinelle.dz\/index.php\/2025\/10\/25\/mondiaux-2025-de-gymnastique-nemour-premiere-championne-arabe-et-africaine\/#article","isPartOf":{"@id":"https:\/\/lasentinelle.dz\/index.php\/2025\/10\/25\/mondiaux-2025-de-gymnastique-nemour-premiere-championne-arabe-et-africaine\/"},"author":{"name":"admin","@id":"https:\/\/lasentinelle.dz\/#\/schema\/person\/729ee0024f24e0b8c5ec17232f8e8b41"},"headline":"Mondiaux 2025 de gymnastique\u00a0: Nemour, premi\u00e8re championne arabe et africaine","datePublished":"2025-10-25T17:57:43+00:00","dateModified":"2025-10-25T17:57:44+00:00","mainEntityOfPage":{"@id":"https:\/\/lasentinelle.dz\/index.php\/2025\/10\/25\/mondiaux-2025-de-gymnastique-nemour-premiere-championne-arabe-et-africaine\/"},"wordCount":1065,"commentCount":0,"publisher":{"@id":"https:\/\/lasentinelle.dz\/#organization"},"image":{"@id":"https:\/\/lasentinelle.dz\/index.php\/2025\/10\/25\/mondiaux-2025-de-gymnastique-nemour-premiere-championne-arabe-et-africaine\/#primaryimage"},"thumbnailUrl":"https:\/\/lasentinelle.dz\/wp-content\/uploads\/2025\/10\/nemour.jpg","articleSection":["Sports"],"inLanguage":"fr-FR","potentialAction":[{"@type":"CommentAction","name":"Comment","target":["https:\/\/lasentinelle.dz\/index.php\/2025\/10\/25\/mondiaux-2025-de-gymnastique-nemour-premiere-championne-arabe-et-africaine\/#respond"]}]},{"@type":"WebPage","@id":"https:\/\/lasentinelle.dz\/index.php\/2025\/10\/25\/mondiaux-2025-de-gymnastique-nemour-premiere-championne-arabe-et-africaine\/","url":"https:\/\/lasentinelle.dz\/index.php\/2025\/10\/25\/mondiaux-2025-de-gymnastique-nemour-premiere-championne-arabe-et-africaine\/","name":"Mondiaux 2025 de gymnastique\u00a0: Nemour, premi\u00e8re championne arabe et africaine - La Sentinelle","isPartOf":{"@id":"https:\/\/lasentinelle.dz\/#website"},"primaryImageOfPage":{"@id":"https:\/\/lasentinelle.dz\/index.php\/2025\/10\/25\/mondiaux-2025-de-gymnastique-nemour-premiere-championne-arabe-et-africaine\/#primaryimage"},"image":{"@id":"https:\/\/lasentinelle.dz\/index.php\/2025\/10\/25\/mondiaux-2025-de-gymnastique-nemour-premiere-championne-arabe-et-africaine\/#primaryimage"},"thumbnailUrl":"https:\/\/lasentinelle.dz\/wp-content\/uploads\/2025\/10\/nemour.jpg","datePublished":"2025-10-25T17:57:43+00:00","dateModified":"2025-10-25T17:57:44+00:00","breadcrumb":{"@id":"https:\/\/lasentinelle.dz\/index.php\/2025\/10\/25\/mondiaux-2025-de-gymnastique-nemour-premiere-championne-arabe-et-africaine\/#breadcrumb"},"inLanguage":"fr-FR","potentialAction":[{"@type":"ReadAction","target":["https:\/\/lasentinelle.dz\/index.php\/2025\/10\/25\/mondiaux-2025-de-gymnastique-nemour-premiere-championne-arabe-et-africaine\/"]}]},{"@type":"ImageObject","inLanguage":"fr-FR","@id":"https:\/\/lasentinelle.dz\/index.php\/2025\/10\/25\/mondiaux-2025-de-gymnastique-nemour-premiere-championne-arabe-et-africaine\/#primaryimage","url":"https:\/\/lasentinelle.dz\/wp-content\/uploads\/2025\/10\/nemour.jpg","contentUrl":"https:\/\/lasentinelle.dz\/wp-content\/uploads\/2025\/10\/nemour.jpg","width":1440,"height":1440},{"@type":"BreadcrumbList","@id":"https:\/\/lasentinelle.dz\/index.php\/2025\/10\/25\/mondiaux-2025-de-gymnastique-nemour-premiere-championne-arabe-et-africaine\/#breadcrumb","itemListElement":[{"@type":"ListItem","position":1,"name":"Accueil","item":"https:\/\/lasentinelle.dz\/"},{"@type":"ListItem","position":2,"name":"Mondiaux 2025 de gymnastique\u00a0: Nemour, premi\u00e8re championne arabe et africaine"}]},{"@type":"WebSite","@id":"https:\/\/lasentinelle.dz\/#website","url":"https:\/\/lasentinelle.dz\/","name":"La Sentinelle","description":"Quotidien national d&#039;information","publisher":{"@id":"https:\/\/lasentinelle.dz\/#organization"},"potentialAction":[{"@type":"SearchAction","target":{"@type":"EntryPoint","urlTemplate":"https:\/\/lasentinelle.dz\/?s={search_term_string}"},"query-input":{"@type":"PropertyValueSpecification","valueRequired":true,"valueName":"search_term_string"}}],"inLanguage":"fr-FR"},{"@type":"Organization","@id":"https:\/\/lasentinelle.dz\/#organization","name":"Quotidien La Sentinelle","url":"https:\/\/lasentinelle.dz\/","logo":{"@type":"ImageObject","inLanguage":"fr-FR","@id":"https:\/\/lasentinelle.dz\/#\/schema\/logo\/image\/","url":"https:\/\/lasentinelle.dz\/wp-content\/uploads\/2021\/09\/logo-sentinelleSLOGAN-1.png","contentUrl":"https:\/\/lasentinelle.dz\/wp-content\/uploads\/2021\/09\/logo-sentinelleSLOGAN-1.png","width":615,"height":142,"caption":"Quotidien La Sentinelle"},"image":{"@id":"https:\/\/lasentinelle.dz\/#\/schema\/logo\/image\/"},"sameAs":["https:\/\/www.facebook.com\/La-Sentinelle-104059864394773"]},{"@type":"Person","@id":"https:\/\/lasentinelle.dz\/#\/schema\/person\/729ee0024f24e0b8c5ec17232f8e8b41","name":"admin","image":{"@type":"ImageObject","inLanguage":"fr-FR","@id":"https:\/\/secure.gravatar.com\/avatar\/4c81fed838786e9b53f540bf46533e750f5d292099ae3b66cfc6fb1982e29df7?s=96&d=mm&r=g","url":"https:\/\/secure.gravatar.com\/avatar\/4c81fed838786e9b53f540bf46533e750f5d292099ae3b66cfc6fb1982e29df7?s=96&d=mm&r=g","contentUrl":"https:\/\/secure.gravatar.com\/avatar\/4c81fed838786e9b53f540bf46533e750f5d292099ae3b66cfc6fb1982e29df7?s=96&d=mm&r=g","caption":"admin"},"description":"admin","url":"https:\/\/lasentinelle.dz\/author\/admin\/"}]}},"_links":{"self":[{"href":"https:\/\/lasentinelle.dz\/index.php\/wp-json\/wp\/v2\/posts\/75221","targetHints":{"allow":["GET"]}}],"collection":[{"href":"https:\/\/lasentinelle.dz\/index.php\/wp-json\/wp\/v2\/posts"}],"about":[{"href":"https:\/\/lasentinelle.dz\/index.php\/wp-json\/wp\/v2\/types\/post"}],"author":[{"embeddable":true,"href":"https:\/\/lasentinelle.dz\/index.php\/wp-json\/wp\/v2\/users\/6"}],"replies":[{"embeddable":true,"href":"https:\/\/lasentinelle.dz\/index.php\/wp-json\/wp\/v2\/comments?post=75221"}],"version-history":[{"count":1,"href":"https:\/\/lasentinelle.dz\/index.php\/wp-json\/wp\/v2\/posts\/75221\/revisions"}],"predecessor-version":[{"id":75223,"href":"https:\/\/lasentinelle.dz\/index.php\/wp-json\/wp\/v2\/posts\/75221\/revisions\/75223"}],"wp:featuredmedia":[{"embeddable":true,"href":"https:\/\/lasentinelle.dz\/index.php\/wp-json\/wp\/v2\/media\/75222"}],"wp:attachment":[{"href":"https:\/\/lasentinelle.dz\/index.php\/wp-json\/wp\/v2\/media?parent=75221"}],"wp:term":[{"taxonomy":"category","embeddable":true,"href":"https:\/\/lasentinelle.dz\/index.php\/wp-json\/wp\/v2\/categories?post=75221"},{"taxonomy":"post_tag","embeddable":true,"href":"https:\/\/lasentinelle.dz\/index.php\/wp-json\/wp\/v2\/tags?post=75221"}],"curies":[{"name":"wp","href":"https:\/\/api.w.org\/{rel}","templated":true}]}}