{"id":75224,"date":"2025-10-25T19:00:28","date_gmt":"2025-10-25T18:00:28","guid":{"rendered":"https:\/\/lasentinelle.dz\/?p=75224"},"modified":"2025-10-25T19:00:29","modified_gmt":"2025-10-25T18:00:29","slug":"coupe-de-la-confederation-lusma-et-le-crb-en-phase-de-poules","status":"publish","type":"post","link":"https:\/\/lasentinelle.dz\/index.php\/2025\/10\/25\/coupe-de-la-confederation-lusma-et-le-crb-en-phase-de-poules\/","title":{"rendered":"Coupe de la Conf\u00e9d\u00e9ration\u00a0: L&rsquo;USMA et le CRB en phase de poules"},"content":{"rendered":"\n<p>Les deux repr\u00e9sentants alg\u00e9riens en Coupe de la Conf\u00e9d\u00e9ration africaine ont valid\u00e9 leur qualification pour la phase de groupes. Le CR Belouizdad a ouvert la voie vendredi en dominant Hafia Conakry 2-0, avant que l&rsquo;USM Alger ne fasse de m\u00eame samedi en \u00e9crasant l&rsquo;Acad\u00e9mie de FAD 3-0, renversant ainsi le handicap de l&rsquo;aller.Apr\u00e8s le CRB vendredi soir, l&rsquo;USMA a assur\u00e9 l&rsquo;essentiel samedi apr\u00e8s-midi au stade du 5-Juillet d&rsquo;Alger en s&rsquo;imposant largement face aux Ivoiriens de l&rsquo;Acad\u00e9mie de FAD. Le large succ\u00e8s 3-0 des Rouge et Noir efface la d\u00e9faite conc\u00e9d\u00e9e \u00e0 l&rsquo;aller \u00e0 Ebimp\u00e9 et propulse le tenant de la Coupe d&rsquo;Alg\u00e9rie en phase de poules pour la quatri\u00e8me ann\u00e9e cons\u00e9cutive. La rencontre a rapidement bascul\u00e9 en faveur des Usmistes. Ghacha a ouvert le score d\u00e8s la 13e minute, lib\u00e9rant ses co\u00e9quipiers du poids de la d\u00e9faite de l&rsquo;aller. Quinze minutes plus tard, Benzaza doublait la mise, offrant une confortable avance \u00e0 la pause. Malgr\u00e9 l&rsquo;absence de plusieurs cadres comme les d\u00e9fenseurs Alilet et Mahrouz ou les attaquants Khaldi et Benayad, l&rsquo;USMA a d\u00e9montr\u00e9 des ressources insoup\u00e7onn\u00e9es face \u00e0 une \u00e9quipe ivoirienne d\u00e9pass\u00e9e par l&rsquo;intensit\u00e9 alg\u00e9roise. Ghacha a parachev\u00e9 sa prestation en inscrivant son second but dans le temps additionnel, scellant d\u00e9finitivement la qualification. Cette performance tranche avec les difficult\u00e9s offensives r\u00e9centes des Usmistes, qui n&rsquo;avaient inscrit que quatre buts en sept matchs toutes comp\u00e9titions confondues. Mais dans les grands rendez-vous, le club alg\u00e9rois sait retrouver ses vertus, comme en t\u00e9moigne son sacre continental en 2023. Cette qualification constitue le quatri\u00e8me passage cons\u00e9cutif en phase de poules pour l&rsquo;USMA, confirmant le statut de formation majeure du football africain. La veille, le CR Belouizdad avait d\u00e9j\u00e0 assur\u00e9 sa place parmi les seize qualifi\u00e9s. Au stade Nelson-Mandela de Baraki, les Belouizdadis ont ma\u00eetris\u00e9 leur sujet face aux Guin\u00e9ens de Hafia Conakry. Apr\u00e8s une premi\u00e8re p\u00e9riode d&rsquo;observation o\u00f9 les locaux ont l\u00e9g\u00e8rement domin\u00e9 sans concr\u00e9tiser, le Chabab a hauss\u00e9 le ton au retour des vestiaires. La d\u00e9livrance est venue \u00e0 la 55e minute par une superbe reprise de vol\u00e9e de Meziane, r\u00e9compensant les efforts offensifs des co\u00e9quipiers de Naoufel Khacef, buteur au match aller au S\u00e9n\u00e9gal. Treize minutes plus tard, le jeune Boussouar, entr\u00e9 en jeu, mettait d\u00e9finitivement les siens \u00e0 l&rsquo;abri en profitant d&rsquo;une d\u00e9viation malheureuse du milieu sierra-l\u00e9onais Bekoe qui trompait son propre gardien. Ce succ\u00e8s permet au CRB de poursuivre son aventure africaine apr\u00e8s le match nul 1-1 conc\u00e9d\u00e9 lors de la premi\u00e8re manche disput\u00e9e au stade de Thi\u00e8s. Les deux clubs alg\u00e9riens conna\u00eetront leurs adversaires de la phase de groupes le 3 novembre prochain \u00e0 Johannesburg, lors du tirage au sort de la Ligue des champions et de la Coupe de la Conf\u00e9d\u00e9ration pour la saison 2025-2026.<\/p>\n\n\n\n<p>Moncef Dahleb<\/p>\n","protected":false},"excerpt":{"rendered":"<p>Les deux repr\u00e9sentants alg\u00e9riens en Coupe de la Conf\u00e9d\u00e9ration africaine ont valid\u00e9 leur qualification pour la phase de groupes. Le<\/p>\n","protected":false},"author":6,"featured_media":75225,"comment_status":"open","ping_status":"closed","sticky":false,"template":"","format":"standard","meta":{"colormag_page_container_layout":"default_layout","colormag_page_sidebar_layout":"default_layout","om_disable_all_campaigns":false,"_monsterinsights_skip_tracking":false,"_monsterinsights_sitenote_active":false,"_monsterinsights_sitenote_note":"","_monsterinsights_sitenote_category":0,"footnotes":"","_wpscppro_dont_share_socialmedia":false,"_wpscppro_custom_social_share_image":0,"_facebook_share_type":"default","_twitter_share_type":"default","_linkedin_share_type":"default","_pinterest_share_type":"default","_linkedin_share_type_page":"","_instagram_share_type":"default","_medium_share_type":"default","_threads_share_type":"default","_google_business_share_type":"default","_selected_social_profile":[],"_wpsp_enable_custom_social_template":false,"_wpsp_social_scheduling":{"enabled":false,"datetime":null,"platforms":[],"status":"template_only","dateOption":"today","timeOption":"now","customDays":"","customHours":"","customDate":"","customTime":"","schedulingType":"absolute"},"_wpsp_active_default_template":true},"categories":[33],"tags":[],"class_list":["post-75224","post","type-post","status-publish","format-standard","has-post-thumbnail","hentry","category-sports"],"aioseo_notices":[],"yoast_head":"<!-- This site is optimized with the Yoast SEO plugin v27.5 - https:\/\/yoast.com\/product\/yoast-seo-wordpress\/ -->\n<title>Coupe de la Conf\u00e9d\u00e9ration\u00a0: L&rsquo;USMA et le CRB en phase de poules - La Sentinelle<\/title>\n<meta name=\"robots\" content=\"index, follow, max-snippet:-1, max-image-preview:large, max-video-preview:-1\" \/>\n<link rel=\"canonical\" href=\"https:\/\/lasentinelle.dz\/index.php\/2025\/10\/25\/coupe-de-la-confederation-lusma-et-le-crb-en-phase-de-poules\/\" \/>\n<meta property=\"og:locale\" content=\"fr_FR\" \/>\n<meta property=\"og:type\" content=\"article\" \/>\n<meta property=\"og:title\" content=\"Coupe de la Conf\u00e9d\u00e9ration\u00a0: L&rsquo;USMA et le CRB en phase de poules - La Sentinelle\" \/>\n<meta property=\"og:description\" content=\"Les deux repr\u00e9sentants alg\u00e9riens en Coupe de la Conf\u00e9d\u00e9ration africaine ont valid\u00e9 leur qualification pour la phase de groupes. Le\" \/>\n<meta property=\"og:url\" content=\"https:\/\/lasentinelle.dz\/index.php\/2025\/10\/25\/coupe-de-la-confederation-lusma-et-le-crb-en-phase-de-poules\/\" \/>\n<meta property=\"og:site_name\" content=\"La Sentinelle\" \/>\n<meta property=\"article:publisher\" content=\"https:\/\/www.facebook.com\/La-Sentinelle-104059864394773\" \/>\n<meta property=\"article:published_time\" content=\"2025-10-25T18:00:28+00:00\" \/>\n<meta property=\"article:modified_time\" content=\"2025-10-25T18:00:29+00:00\" \/>\n<meta property=\"og:image\" content=\"https:\/\/lasentinelle.dz\/wp-content\/uploads\/2025\/10\/USMA-3.jpg\" \/>\n\t<meta property=\"og:image:width\" content=\"1193\" \/>\n\t<meta property=\"og:image:height\" content=\"681\" \/>\n\t<meta property=\"og:image:type\" content=\"image\/jpeg\" \/>\n<meta name=\"author\" content=\"admin\" \/>\n<meta name=\"twitter:card\" content=\"summary_large_image\" \/>\n<meta name=\"twitter:label1\" content=\"\u00c9crit par\" \/>\n\t<meta name=\"twitter:data1\" content=\"admin\" \/>\n\t<meta name=\"twitter:label2\" content=\"Dur\u00e9e de lecture estim\u00e9e\" \/>\n\t<meta name=\"twitter:data2\" content=\"3 minutes\" \/>\n<script type=\"application\/ld+json\" class=\"yoast-schema-graph\">{\"@context\":\"https:\\\/\\\/schema.org\",\"@graph\":[{\"@type\":\"Article\",\"@id\":\"https:\\\/\\\/lasentinelle.dz\\\/index.php\\\/2025\\\/10\\\/25\\\/coupe-de-la-confederation-lusma-et-le-crb-en-phase-de-poules\\\/#article\",\"isPartOf\":{\"@id\":\"https:\\\/\\\/lasentinelle.dz\\\/index.php\\\/2025\\\/10\\\/25\\\/coupe-de-la-confederation-lusma-et-le-crb-en-phase-de-poules\\\/\"},\"author\":{\"name\":\"admin\",\"@id\":\"https:\\\/\\\/lasentinelle.dz\\\/#\\\/schema\\\/person\\\/729ee0024f24e0b8c5ec17232f8e8b41\"},\"headline\":\"Coupe de la Conf\u00e9d\u00e9ration\u00a0: L&rsquo;USMA et le CRB en phase de poules\",\"datePublished\":\"2025-10-25T18:00:28+00:00\",\"dateModified\":\"2025-10-25T18:00:29+00:00\",\"mainEntityOfPage\":{\"@id\":\"https:\\\/\\\/lasentinelle.dz\\\/index.php\\\/2025\\\/10\\\/25\\\/coupe-de-la-confederation-lusma-et-le-crb-en-phase-de-poules\\\/\"},\"wordCount\":542,\"commentCount\":0,\"publisher\":{\"@id\":\"https:\\\/\\\/lasentinelle.dz\\\/#organization\"},\"image\":{\"@id\":\"https:\\\/\\\/lasentinelle.dz\\\/index.php\\\/2025\\\/10\\\/25\\\/coupe-de-la-confederation-lusma-et-le-crb-en-phase-de-poules\\\/#primaryimage\"},\"thumbnailUrl\":\"https:\\\/\\\/lasentinelle.dz\\\/wp-content\\\/uploads\\\/2025\\\/10\\\/USMA-3.jpg\",\"articleSection\":[\"Sports\"],\"inLanguage\":\"fr-FR\",\"potentialAction\":[{\"@type\":\"CommentAction\",\"name\":\"Comment\",\"target\":[\"https:\\\/\\\/lasentinelle.dz\\\/index.php\\\/2025\\\/10\\\/25\\\/coupe-de-la-confederation-lusma-et-le-crb-en-phase-de-poules\\\/#respond\"]}]},{\"@type\":\"WebPage\",\"@id\":\"https:\\\/\\\/lasentinelle.dz\\\/index.php\\\/2025\\\/10\\\/25\\\/coupe-de-la-confederation-lusma-et-le-crb-en-phase-de-poules\\\/\",\"url\":\"https:\\\/\\\/lasentinelle.dz\\\/index.php\\\/2025\\\/10\\\/25\\\/coupe-de-la-confederation-lusma-et-le-crb-en-phase-de-poules\\\/\",\"name\":\"Coupe de la Conf\u00e9d\u00e9ration\u00a0: L&rsquo;USMA et le CRB en phase de poules - La Sentinelle\",\"isPartOf\":{\"@id\":\"https:\\\/\\\/lasentinelle.dz\\\/#website\"},\"primaryImageOfPage\":{\"@id\":\"https:\\\/\\\/lasentinelle.dz\\\/index.php\\\/2025\\\/10\\\/25\\\/coupe-de-la-confederation-lusma-et-le-crb-en-phase-de-poules\\\/#primaryimage\"},\"image\":{\"@id\":\"https:\\\/\\\/lasentinelle.dz\\\/index.php\\\/2025\\\/10\\\/25\\\/coupe-de-la-confederation-lusma-et-le-crb-en-phase-de-poules\\\/#primaryimage\"},\"thumbnailUrl\":\"https:\\\/\\\/lasentinelle.dz\\\/wp-content\\\/uploads\\\/2025\\\/10\\\/USMA-3.jpg\",\"datePublished\":\"2025-10-25T18:00:28+00:00\",\"dateModified\":\"2025-10-25T18:00:29+00:00\",\"breadcrumb\":{\"@id\":\"https:\\\/\\\/lasentinelle.dz\\\/index.php\\\/2025\\\/10\\\/25\\\/coupe-de-la-confederation-lusma-et-le-crb-en-phase-de-poules\\\/#breadcrumb\"},\"inLanguage\":\"fr-FR\",\"potentialAction\":[{\"@type\":\"ReadAction\",\"target\":[\"https:\\\/\\\/lasentinelle.dz\\\/index.php\\\/2025\\\/10\\\/25\\\/coupe-de-la-confederation-lusma-et-le-crb-en-phase-de-poules\\\/\"]}]},{\"@type\":\"ImageObject\",\"inLanguage\":\"fr-FR\",\"@id\":\"https:\\\/\\\/lasentinelle.dz\\\/index.php\\\/2025\\\/10\\\/25\\\/coupe-de-la-confederation-lusma-et-le-crb-en-phase-de-poules\\\/#primaryimage\",\"url\":\"https:\\\/\\\/lasentinelle.dz\\\/wp-content\\\/uploads\\\/2025\\\/10\\\/USMA-3.jpg\",\"contentUrl\":\"https:\\\/\\\/lasentinelle.dz\\\/wp-content\\\/uploads\\\/2025\\\/10\\\/USMA-3.jpg\",\"width\":1193,\"height\":681},{\"@type\":\"BreadcrumbList\",\"@id\":\"https:\\\/\\\/lasentinelle.dz\\\/index.php\\\/2025\\\/10\\\/25\\\/coupe-de-la-confederation-lusma-et-le-crb-en-phase-de-poules\\\/#breadcrumb\",\"itemListElement\":[{\"@type\":\"ListItem\",\"position\":1,\"name\":\"Accueil\",\"item\":\"https:\\\/\\\/lasentinelle.dz\\\/\"},{\"@type\":\"ListItem\",\"position\":2,\"name\":\"Coupe de la Conf\u00e9d\u00e9ration\u00a0: L&rsquo;USMA et le CRB en phase de poules\"}]},{\"@type\":\"WebSite\",\"@id\":\"https:\\\/\\\/lasentinelle.dz\\\/#website\",\"url\":\"https:\\\/\\\/lasentinelle.dz\\\/\",\"name\":\"La Sentinelle\",\"description\":\"Quotidien national d&#039;information\",\"publisher\":{\"@id\":\"https:\\\/\\\/lasentinelle.dz\\\/#organization\"},\"potentialAction\":[{\"@type\":\"SearchAction\",\"target\":{\"@type\":\"EntryPoint\",\"urlTemplate\":\"https:\\\/\\\/lasentinelle.dz\\\/?s={search_term_string}\"},\"query-input\":{\"@type\":\"PropertyValueSpecification\",\"valueRequired\":true,\"valueName\":\"search_term_string\"}}],\"inLanguage\":\"fr-FR\"},{\"@type\":\"Organization\",\"@id\":\"https:\\\/\\\/lasentinelle.dz\\\/#organization\",\"name\":\"Quotidien La Sentinelle\",\"url\":\"https:\\\/\\\/lasentinelle.dz\\\/\",\"logo\":{\"@type\":\"ImageObject\",\"inLanguage\":\"fr-FR\",\"@id\":\"https:\\\/\\\/lasentinelle.dz\\\/#\\\/schema\\\/logo\\\/image\\\/\",\"url\":\"https:\\\/\\\/lasentinelle.dz\\\/wp-content\\\/uploads\\\/2021\\\/09\\\/logo-sentinelleSLOGAN-1.png\",\"contentUrl\":\"https:\\\/\\\/lasentinelle.dz\\\/wp-content\\\/uploads\\\/2021\\\/09\\\/logo-sentinelleSLOGAN-1.png\",\"width\":615,\"height\":142,\"caption\":\"Quotidien La Sentinelle\"},\"image\":{\"@id\":\"https:\\\/\\\/lasentinelle.dz\\\/#\\\/schema\\\/logo\\\/image\\\/\"},\"sameAs\":[\"https:\\\/\\\/www.facebook.com\\\/La-Sentinelle-104059864394773\"]},{\"@type\":\"Person\",\"@id\":\"https:\\\/\\\/lasentinelle.dz\\\/#\\\/schema\\\/person\\\/729ee0024f24e0b8c5ec17232f8e8b41\",\"name\":\"admin\",\"image\":{\"@type\":\"ImageObject\",\"inLanguage\":\"fr-FR\",\"@id\":\"https:\\\/\\\/secure.gravatar.com\\\/avatar\\\/4c81fed838786e9b53f540bf46533e750f5d292099ae3b66cfc6fb1982e29df7?s=96&d=mm&r=g\",\"url\":\"https:\\\/\\\/secure.gravatar.com\\\/avatar\\\/4c81fed838786e9b53f540bf46533e750f5d292099ae3b66cfc6fb1982e29df7?s=96&d=mm&r=g\",\"contentUrl\":\"https:\\\/\\\/secure.gravatar.com\\\/avatar\\\/4c81fed838786e9b53f540bf46533e750f5d292099ae3b66cfc6fb1982e29df7?s=96&d=mm&r=g\",\"caption\":\"admin\"},\"description\":\"admin\",\"url\":\"https:\\\/\\\/lasentinelle.dz\\\/author\\\/admin\\\/\"}]}<\/script>\n<!-- \/ Yoast SEO plugin. -->","yoast_head_json":{"title":"Coupe de la Conf\u00e9d\u00e9ration\u00a0: L&rsquo;USMA et le CRB en phase de poules - La Sentinelle","robots":{"index":"index","follow":"follow","max-snippet":"max-snippet:-1","max-image-preview":"max-image-preview:large","max-video-preview":"max-video-preview:-1"},"canonical":"https:\/\/lasentinelle.dz\/index.php\/2025\/10\/25\/coupe-de-la-confederation-lusma-et-le-crb-en-phase-de-poules\/","og_locale":"fr_FR","og_type":"article","og_title":"Coupe de la Conf\u00e9d\u00e9ration\u00a0: L&rsquo;USMA et le CRB en phase de poules - La Sentinelle","og_description":"Les deux repr\u00e9sentants alg\u00e9riens en Coupe de la Conf\u00e9d\u00e9ration africaine ont valid\u00e9 leur qualification pour la phase de groupes. Le","og_url":"https:\/\/lasentinelle.dz\/index.php\/2025\/10\/25\/coupe-de-la-confederation-lusma-et-le-crb-en-phase-de-poules\/","og_site_name":"La Sentinelle","article_publisher":"https:\/\/www.facebook.com\/La-Sentinelle-104059864394773","article_published_time":"2025-10-25T18:00:28+00:00","article_modified_time":"2025-10-25T18:00:29+00:00","og_image":[{"width":1193,"height":681,"url":"https:\/\/lasentinelle.dz\/wp-content\/uploads\/2025\/10\/USMA-3.jpg","type":"image\/jpeg"}],"author":"admin","twitter_card":"summary_large_image","twitter_misc":{"\u00c9crit par":"admin","Dur\u00e9e de lecture estim\u00e9e":"3 minutes"},"schema":{"@context":"https:\/\/schema.org","@graph":[{"@type":"Article","@id":"https:\/\/lasentinelle.dz\/index.php\/2025\/10\/25\/coupe-de-la-confederation-lusma-et-le-crb-en-phase-de-poules\/#article","isPartOf":{"@id":"https:\/\/lasentinelle.dz\/index.php\/2025\/10\/25\/coupe-de-la-confederation-lusma-et-le-crb-en-phase-de-poules\/"},"author":{"name":"admin","@id":"https:\/\/lasentinelle.dz\/#\/schema\/person\/729ee0024f24e0b8c5ec17232f8e8b41"},"headline":"Coupe de la Conf\u00e9d\u00e9ration\u00a0: L&rsquo;USMA et le CRB en phase de poules","datePublished":"2025-10-25T18:00:28+00:00","dateModified":"2025-10-25T18:00:29+00:00","mainEntityOfPage":{"@id":"https:\/\/lasentinelle.dz\/index.php\/2025\/10\/25\/coupe-de-la-confederation-lusma-et-le-crb-en-phase-de-poules\/"},"wordCount":542,"commentCount":0,"publisher":{"@id":"https:\/\/lasentinelle.dz\/#organization"},"image":{"@id":"https:\/\/lasentinelle.dz\/index.php\/2025\/10\/25\/coupe-de-la-confederation-lusma-et-le-crb-en-phase-de-poules\/#primaryimage"},"thumbnailUrl":"https:\/\/lasentinelle.dz\/wp-content\/uploads\/2025\/10\/USMA-3.jpg","articleSection":["Sports"],"inLanguage":"fr-FR","potentialAction":[{"@type":"CommentAction","name":"Comment","target":["https:\/\/lasentinelle.dz\/index.php\/2025\/10\/25\/coupe-de-la-confederation-lusma-et-le-crb-en-phase-de-poules\/#respond"]}]},{"@type":"WebPage","@id":"https:\/\/lasentinelle.dz\/index.php\/2025\/10\/25\/coupe-de-la-confederation-lusma-et-le-crb-en-phase-de-poules\/","url":"https:\/\/lasentinelle.dz\/index.php\/2025\/10\/25\/coupe-de-la-confederation-lusma-et-le-crb-en-phase-de-poules\/","name":"Coupe de la Conf\u00e9d\u00e9ration\u00a0: L&rsquo;USMA et le CRB en phase de poules - La Sentinelle","isPartOf":{"@id":"https:\/\/lasentinelle.dz\/#website"},"primaryImageOfPage":{"@id":"https:\/\/lasentinelle.dz\/index.php\/2025\/10\/25\/coupe-de-la-confederation-lusma-et-le-crb-en-phase-de-poules\/#primaryimage"},"image":{"@id":"https:\/\/lasentinelle.dz\/index.php\/2025\/10\/25\/coupe-de-la-confederation-lusma-et-le-crb-en-phase-de-poules\/#primaryimage"},"thumbnailUrl":"https:\/\/lasentinelle.dz\/wp-content\/uploads\/2025\/10\/USMA-3.jpg","datePublished":"2025-10-25T18:00:28+00:00","dateModified":"2025-10-25T18:00:29+00:00","breadcrumb":{"@id":"https:\/\/lasentinelle.dz\/index.php\/2025\/10\/25\/coupe-de-la-confederation-lusma-et-le-crb-en-phase-de-poules\/#breadcrumb"},"inLanguage":"fr-FR","potentialAction":[{"@type":"ReadAction","target":["https:\/\/lasentinelle.dz\/index.php\/2025\/10\/25\/coupe-de-la-confederation-lusma-et-le-crb-en-phase-de-poules\/"]}]},{"@type":"ImageObject","inLanguage":"fr-FR","@id":"https:\/\/lasentinelle.dz\/index.php\/2025\/10\/25\/coupe-de-la-confederation-lusma-et-le-crb-en-phase-de-poules\/#primaryimage","url":"https:\/\/lasentinelle.dz\/wp-content\/uploads\/2025\/10\/USMA-3.jpg","contentUrl":"https:\/\/lasentinelle.dz\/wp-content\/uploads\/2025\/10\/USMA-3.jpg","width":1193,"height":681},{"@type":"BreadcrumbList","@id":"https:\/\/lasentinelle.dz\/index.php\/2025\/10\/25\/coupe-de-la-confederation-lusma-et-le-crb-en-phase-de-poules\/#breadcrumb","itemListElement":[{"@type":"ListItem","position":1,"name":"Accueil","item":"https:\/\/lasentinelle.dz\/"},{"@type":"ListItem","position":2,"name":"Coupe de la Conf\u00e9d\u00e9ration\u00a0: L&rsquo;USMA et le CRB en phase de poules"}]},{"@type":"WebSite","@id":"https:\/\/lasentinelle.dz\/#website","url":"https:\/\/lasentinelle.dz\/","name":"La Sentinelle","description":"Quotidien national d&#039;information","publisher":{"@id":"https:\/\/lasentinelle.dz\/#organization"},"potentialAction":[{"@type":"SearchAction","target":{"@type":"EntryPoint","urlTemplate":"https:\/\/lasentinelle.dz\/?s={search_term_string}"},"query-input":{"@type":"PropertyValueSpecification","valueRequired":true,"valueName":"search_term_string"}}],"inLanguage":"fr-FR"},{"@type":"Organization","@id":"https:\/\/lasentinelle.dz\/#organization","name":"Quotidien La Sentinelle","url":"https:\/\/lasentinelle.dz\/","logo":{"@type":"ImageObject","inLanguage":"fr-FR","@id":"https:\/\/lasentinelle.dz\/#\/schema\/logo\/image\/","url":"https:\/\/lasentinelle.dz\/wp-content\/uploads\/2021\/09\/logo-sentinelleSLOGAN-1.png","contentUrl":"https:\/\/lasentinelle.dz\/wp-content\/uploads\/2021\/09\/logo-sentinelleSLOGAN-1.png","width":615,"height":142,"caption":"Quotidien La Sentinelle"},"image":{"@id":"https:\/\/lasentinelle.dz\/#\/schema\/logo\/image\/"},"sameAs":["https:\/\/www.facebook.com\/La-Sentinelle-104059864394773"]},{"@type":"Person","@id":"https:\/\/lasentinelle.dz\/#\/schema\/person\/729ee0024f24e0b8c5ec17232f8e8b41","name":"admin","image":{"@type":"ImageObject","inLanguage":"fr-FR","@id":"https:\/\/secure.gravatar.com\/avatar\/4c81fed838786e9b53f540bf46533e750f5d292099ae3b66cfc6fb1982e29df7?s=96&d=mm&r=g","url":"https:\/\/secure.gravatar.com\/avatar\/4c81fed838786e9b53f540bf46533e750f5d292099ae3b66cfc6fb1982e29df7?s=96&d=mm&r=g","contentUrl":"https:\/\/secure.gravatar.com\/avatar\/4c81fed838786e9b53f540bf46533e750f5d292099ae3b66cfc6fb1982e29df7?s=96&d=mm&r=g","caption":"admin"},"description":"admin","url":"https:\/\/lasentinelle.dz\/author\/admin\/"}]}},"_links":{"self":[{"href":"https:\/\/lasentinelle.dz\/index.php\/wp-json\/wp\/v2\/posts\/75224","targetHints":{"allow":["GET"]}}],"collection":[{"href":"https:\/\/lasentinelle.dz\/index.php\/wp-json\/wp\/v2\/posts"}],"about":[{"href":"https:\/\/lasentinelle.dz\/index.php\/wp-json\/wp\/v2\/types\/post"}],"author":[{"embeddable":true,"href":"https:\/\/lasentinelle.dz\/index.php\/wp-json\/wp\/v2\/users\/6"}],"replies":[{"embeddable":true,"href":"https:\/\/lasentinelle.dz\/index.php\/wp-json\/wp\/v2\/comments?post=75224"}],"version-history":[{"count":2,"href":"https:\/\/lasentinelle.dz\/index.php\/wp-json\/wp\/v2\/posts\/75224\/revisions"}],"predecessor-version":[{"id":75227,"href":"https:\/\/lasentinelle.dz\/index.php\/wp-json\/wp\/v2\/posts\/75224\/revisions\/75227"}],"wp:featuredmedia":[{"embeddable":true,"href":"https:\/\/lasentinelle.dz\/index.php\/wp-json\/wp\/v2\/media\/75225"}],"wp:attachment":[{"href":"https:\/\/lasentinelle.dz\/index.php\/wp-json\/wp\/v2\/media?parent=75224"}],"wp:term":[{"taxonomy":"category","embeddable":true,"href":"https:\/\/lasentinelle.dz\/index.php\/wp-json\/wp\/v2\/categories?post=75224"},{"taxonomy":"post_tag","embeddable":true,"href":"https:\/\/lasentinelle.dz\/index.php\/wp-json\/wp\/v2\/tags?post=75224"}],"curies":[{"name":"wp","href":"https:\/\/api.w.org\/{rel}","templated":true}]}}