{"id":75243,"date":"2025-10-25T19:07:25","date_gmt":"2025-10-25T18:07:25","guid":{"rendered":"https:\/\/lasentinelle.dz\/?p=75243"},"modified":"2025-10-25T19:07:25","modified_gmt":"2025-10-25T18:07:25","slug":"le-premier-salon-international-de-lindustrie-des-procedes-et-de-lequipement-du-27-au-30-octobre","status":"publish","type":"post","link":"https:\/\/lasentinelle.dz\/index.php\/2025\/10\/25\/le-premier-salon-international-de-lindustrie-des-procedes-et-de-lequipement-du-27-au-30-octobre\/","title":{"rendered":"Le premier Salon international de l\u2019industrie des proc\u00e9d\u00e9s et de l\u2019\u00e9quipement du 27 au 30 octobre"},"content":{"rendered":"\n<p>La premi\u00e8re \u00e9dition du Salon international de l\u2019industrie des proc\u00e9d\u00e9s et de l\u2019\u00e9quipement (Industry Grand Expo \u2013 IGE 2025), se tiendra du 27 au 30 octobre en cours au Centre des Conventions d\u2019Oran (CCO), a-t-on appris aupr\u00e8s des organisateurs. Plac\u00e9 sous le th\u00e8me \u00ab\u00a0Innovation et normalisation : l\u2019Alg\u00e9rie, hub industriel\u00a0\u00bb, cette manifestation vise \u00e0 cr\u00e9er un \u00e9cosyst\u00e8me r\u00e9unissant industriels, investisseurs, institutionnels et porteurs de projets autour des nouvelles technologies et des solutions de production durable, a-t-on soulign\u00e9. Il s&rsquo;agit d&rsquo;un rendez-vous professionnel d\u00e9di\u00e9 \u00e0 la promotion de l\u2019innovation et de la normalisation dans le secteur industriel alg\u00e9rien, a-t-on indiqu\u00e9. Le Salon propose quatre journ\u00e9es d\u2019expositions et de conf\u00e9rences anim\u00e9es par des experts nationaux et internationaux, ax\u00e9es sur des th\u00e9matiques telles que la recherche et d\u00e9veloppement, la digitalisation, la robotique, la gestion des ressources, ainsi que la mont\u00e9e en gamme des entreprises par la certification et la normalisation, a-t-on fait savoir de m\u00eame source. Des secteurs cl\u00e9s comme la chimie, l\u2019agroalimentaire, le textile, l\u2019\u00e9lectronique et l\u2019\u00e9nergie y sont repr\u00e9sent\u00e9s. En marge de l\u2019\u00e9v\u00e9nement, deux initiatives phares marquent cette \u00e9dition : le \u00ab\u00a0Kick Factory\u00a0\u00bb, un espace d\u00e9di\u00e9 \u00e0 la r\u00e9v\u00e9lation et \u00e0 l\u2019accompagnement de projets industriels innovants port\u00e9s par de jeunes ing\u00e9nieurs et entrepreneurs alg\u00e9riens, et le \u00ab\u00a0ILHAM Award\u00a0\u00bb, une c\u00e9r\u00e9monie de distinction, pr\u00e9vue le 29 octobre \u00e0 l&rsquo;h\u00f4tel Le M\u00e9ridien d\u2019Oran, visant \u00e0 r\u00e9compenser les entreprises les plus inspirantes par leur vision et leur impact industriel. Les organisateurs ambitionnent, \u00e0 travers ce Salon, de positionner l\u2019Alg\u00e9rie comme un acteur majeur dans la cha\u00eene industrielle mondiale, en valorisant ses atouts comp\u00e9titifs et en stimulant la coop\u00e9ration entre innovation locale, normalisation et ouverture \u00e0 l\u2019export. Le Salon est organis\u00e9 par \u00ab\u00a0AIR Group\u00a0\u00bb en partenariat avec l&rsquo;agence de marketing \u00ab\u00a0Momentum\u00a0\u00bb.<\/p>\n\n\n\n<p>APS<\/p>\n","protected":false},"excerpt":{"rendered":"<p>La premi\u00e8re \u00e9dition du Salon international de l\u2019industrie des proc\u00e9d\u00e9s et de l\u2019\u00e9quipement (Industry Grand Expo \u2013 IGE 2025), se<\/p>\n","protected":false},"author":6,"featured_media":75244,"comment_status":"open","ping_status":"closed","sticky":false,"template":"","format":"standard","meta":{"colormag_page_container_layout":"default_layout","colormag_page_sidebar_layout":"default_layout","om_disable_all_campaigns":false,"_monsterinsights_skip_tracking":false,"_monsterinsights_sitenote_active":false,"_monsterinsights_sitenote_note":"","_monsterinsights_sitenote_category":0,"footnotes":"","_wpscppro_dont_share_socialmedia":false,"_wpscppro_custom_social_share_image":0,"_facebook_share_type":"default","_twitter_share_type":"default","_linkedin_share_type":"default","_pinterest_share_type":"default","_linkedin_share_type_page":"","_instagram_share_type":"default","_medium_share_type":"default","_threads_share_type":"default","_google_business_share_type":"default","_selected_social_profile":[],"_wpsp_enable_custom_social_template":false,"_wpsp_social_scheduling":{"enabled":false,"datetime":null,"platforms":[],"status":"template_only","dateOption":"today","timeOption":"now","customDays":"","customHours":"","customDate":"","customTime":"","schedulingType":"absolute"},"_wpsp_active_default_template":true},"categories":[29],"tags":[],"class_list":["post-75243","post","type-post","status-publish","format-standard","has-post-thumbnail","hentry","category-economie"],"aioseo_notices":[],"yoast_head":"<!-- This site is optimized with the Yoast SEO plugin v27.5 - https:\/\/yoast.com\/product\/yoast-seo-wordpress\/ -->\n<title>Le premier Salon international de l\u2019industrie des proc\u00e9d\u00e9s et de l\u2019\u00e9quipement du 27 au 30 octobre - La Sentinelle<\/title>\n<meta name=\"robots\" content=\"index, follow, max-snippet:-1, max-image-preview:large, max-video-preview:-1\" \/>\n<link rel=\"canonical\" href=\"https:\/\/lasentinelle.dz\/index.php\/2025\/10\/25\/le-premier-salon-international-de-lindustrie-des-procedes-et-de-lequipement-du-27-au-30-octobre\/\" \/>\n<meta property=\"og:locale\" content=\"fr_FR\" \/>\n<meta property=\"og:type\" content=\"article\" \/>\n<meta property=\"og:title\" content=\"Le premier Salon international de l\u2019industrie des proc\u00e9d\u00e9s et de l\u2019\u00e9quipement du 27 au 30 octobre - La Sentinelle\" \/>\n<meta property=\"og:description\" content=\"La premi\u00e8re \u00e9dition du Salon international de l\u2019industrie des proc\u00e9d\u00e9s et de l\u2019\u00e9quipement (Industry Grand Expo \u2013 IGE 2025), se\" \/>\n<meta property=\"og:url\" content=\"https:\/\/lasentinelle.dz\/index.php\/2025\/10\/25\/le-premier-salon-international-de-lindustrie-des-procedes-et-de-lequipement-du-27-au-30-octobre\/\" \/>\n<meta property=\"og:site_name\" content=\"La Sentinelle\" \/>\n<meta property=\"article:publisher\" content=\"https:\/\/www.facebook.com\/La-Sentinelle-104059864394773\" \/>\n<meta property=\"article:published_time\" content=\"2025-10-25T18:07:25+00:00\" \/>\n<meta property=\"og:image\" content=\"https:\/\/lasentinelle.dz\/wp-content\/uploads\/2025\/10\/centre-des-conventions.jpg\" \/>\n\t<meta property=\"og:image:width\" content=\"1162\" \/>\n\t<meta property=\"og:image:height\" content=\"620\" \/>\n\t<meta property=\"og:image:type\" content=\"image\/jpeg\" \/>\n<meta name=\"author\" content=\"admin\" \/>\n<meta name=\"twitter:card\" content=\"summary_large_image\" \/>\n<meta name=\"twitter:label1\" content=\"\u00c9crit par\" \/>\n\t<meta name=\"twitter:data1\" content=\"admin\" \/>\n\t<meta name=\"twitter:label2\" content=\"Dur\u00e9e de lecture estim\u00e9e\" \/>\n\t<meta name=\"twitter:data2\" content=\"2 minutes\" \/>\n<script type=\"application\/ld+json\" class=\"yoast-schema-graph\">{\"@context\":\"https:\\\/\\\/schema.org\",\"@graph\":[{\"@type\":\"Article\",\"@id\":\"https:\\\/\\\/lasentinelle.dz\\\/index.php\\\/2025\\\/10\\\/25\\\/le-premier-salon-international-de-lindustrie-des-procedes-et-de-lequipement-du-27-au-30-octobre\\\/#article\",\"isPartOf\":{\"@id\":\"https:\\\/\\\/lasentinelle.dz\\\/index.php\\\/2025\\\/10\\\/25\\\/le-premier-salon-international-de-lindustrie-des-procedes-et-de-lequipement-du-27-au-30-octobre\\\/\"},\"author\":{\"name\":\"admin\",\"@id\":\"https:\\\/\\\/lasentinelle.dz\\\/#\\\/schema\\\/person\\\/729ee0024f24e0b8c5ec17232f8e8b41\"},\"headline\":\"Le premier Salon international de l\u2019industrie des proc\u00e9d\u00e9s et de l\u2019\u00e9quipement du 27 au 30 octobre\",\"datePublished\":\"2025-10-25T18:07:25+00:00\",\"mainEntityOfPage\":{\"@id\":\"https:\\\/\\\/lasentinelle.dz\\\/index.php\\\/2025\\\/10\\\/25\\\/le-premier-salon-international-de-lindustrie-des-procedes-et-de-lequipement-du-27-au-30-octobre\\\/\"},\"wordCount\":347,\"commentCount\":0,\"publisher\":{\"@id\":\"https:\\\/\\\/lasentinelle.dz\\\/#organization\"},\"image\":{\"@id\":\"https:\\\/\\\/lasentinelle.dz\\\/index.php\\\/2025\\\/10\\\/25\\\/le-premier-salon-international-de-lindustrie-des-procedes-et-de-lequipement-du-27-au-30-octobre\\\/#primaryimage\"},\"thumbnailUrl\":\"https:\\\/\\\/lasentinelle.dz\\\/wp-content\\\/uploads\\\/2025\\\/10\\\/centre-des-conventions.jpg\",\"articleSection\":[\"\u00c9conomie\"],\"inLanguage\":\"fr-FR\",\"potentialAction\":[{\"@type\":\"CommentAction\",\"name\":\"Comment\",\"target\":[\"https:\\\/\\\/lasentinelle.dz\\\/index.php\\\/2025\\\/10\\\/25\\\/le-premier-salon-international-de-lindustrie-des-procedes-et-de-lequipement-du-27-au-30-octobre\\\/#respond\"]}]},{\"@type\":\"WebPage\",\"@id\":\"https:\\\/\\\/lasentinelle.dz\\\/index.php\\\/2025\\\/10\\\/25\\\/le-premier-salon-international-de-lindustrie-des-procedes-et-de-lequipement-du-27-au-30-octobre\\\/\",\"url\":\"https:\\\/\\\/lasentinelle.dz\\\/index.php\\\/2025\\\/10\\\/25\\\/le-premier-salon-international-de-lindustrie-des-procedes-et-de-lequipement-du-27-au-30-octobre\\\/\",\"name\":\"Le premier Salon international de l\u2019industrie des proc\u00e9d\u00e9s et de l\u2019\u00e9quipement du 27 au 30 octobre - La Sentinelle\",\"isPartOf\":{\"@id\":\"https:\\\/\\\/lasentinelle.dz\\\/#website\"},\"primaryImageOfPage\":{\"@id\":\"https:\\\/\\\/lasentinelle.dz\\\/index.php\\\/2025\\\/10\\\/25\\\/le-premier-salon-international-de-lindustrie-des-procedes-et-de-lequipement-du-27-au-30-octobre\\\/#primaryimage\"},\"image\":{\"@id\":\"https:\\\/\\\/lasentinelle.dz\\\/index.php\\\/2025\\\/10\\\/25\\\/le-premier-salon-international-de-lindustrie-des-procedes-et-de-lequipement-du-27-au-30-octobre\\\/#primaryimage\"},\"thumbnailUrl\":\"https:\\\/\\\/lasentinelle.dz\\\/wp-content\\\/uploads\\\/2025\\\/10\\\/centre-des-conventions.jpg\",\"datePublished\":\"2025-10-25T18:07:25+00:00\",\"breadcrumb\":{\"@id\":\"https:\\\/\\\/lasentinelle.dz\\\/index.php\\\/2025\\\/10\\\/25\\\/le-premier-salon-international-de-lindustrie-des-procedes-et-de-lequipement-du-27-au-30-octobre\\\/#breadcrumb\"},\"inLanguage\":\"fr-FR\",\"potentialAction\":[{\"@type\":\"ReadAction\",\"target\":[\"https:\\\/\\\/lasentinelle.dz\\\/index.php\\\/2025\\\/10\\\/25\\\/le-premier-salon-international-de-lindustrie-des-procedes-et-de-lequipement-du-27-au-30-octobre\\\/\"]}]},{\"@type\":\"ImageObject\",\"inLanguage\":\"fr-FR\",\"@id\":\"https:\\\/\\\/lasentinelle.dz\\\/index.php\\\/2025\\\/10\\\/25\\\/le-premier-salon-international-de-lindustrie-des-procedes-et-de-lequipement-du-27-au-30-octobre\\\/#primaryimage\",\"url\":\"https:\\\/\\\/lasentinelle.dz\\\/wp-content\\\/uploads\\\/2025\\\/10\\\/centre-des-conventions.jpg\",\"contentUrl\":\"https:\\\/\\\/lasentinelle.dz\\\/wp-content\\\/uploads\\\/2025\\\/10\\\/centre-des-conventions.jpg\",\"width\":1162,\"height\":620},{\"@type\":\"BreadcrumbList\",\"@id\":\"https:\\\/\\\/lasentinelle.dz\\\/index.php\\\/2025\\\/10\\\/25\\\/le-premier-salon-international-de-lindustrie-des-procedes-et-de-lequipement-du-27-au-30-octobre\\\/#breadcrumb\",\"itemListElement\":[{\"@type\":\"ListItem\",\"position\":1,\"name\":\"Accueil\",\"item\":\"https:\\\/\\\/lasentinelle.dz\\\/\"},{\"@type\":\"ListItem\",\"position\":2,\"name\":\"Le premier Salon international de l\u2019industrie des proc\u00e9d\u00e9s et de l\u2019\u00e9quipement du 27 au 30 octobre\"}]},{\"@type\":\"WebSite\",\"@id\":\"https:\\\/\\\/lasentinelle.dz\\\/#website\",\"url\":\"https:\\\/\\\/lasentinelle.dz\\\/\",\"name\":\"La Sentinelle\",\"description\":\"Quotidien national d&#039;information\",\"publisher\":{\"@id\":\"https:\\\/\\\/lasentinelle.dz\\\/#organization\"},\"potentialAction\":[{\"@type\":\"SearchAction\",\"target\":{\"@type\":\"EntryPoint\",\"urlTemplate\":\"https:\\\/\\\/lasentinelle.dz\\\/?s={search_term_string}\"},\"query-input\":{\"@type\":\"PropertyValueSpecification\",\"valueRequired\":true,\"valueName\":\"search_term_string\"}}],\"inLanguage\":\"fr-FR\"},{\"@type\":\"Organization\",\"@id\":\"https:\\\/\\\/lasentinelle.dz\\\/#organization\",\"name\":\"Quotidien La Sentinelle\",\"url\":\"https:\\\/\\\/lasentinelle.dz\\\/\",\"logo\":{\"@type\":\"ImageObject\",\"inLanguage\":\"fr-FR\",\"@id\":\"https:\\\/\\\/lasentinelle.dz\\\/#\\\/schema\\\/logo\\\/image\\\/\",\"url\":\"https:\\\/\\\/lasentinelle.dz\\\/wp-content\\\/uploads\\\/2021\\\/09\\\/logo-sentinelleSLOGAN-1.png\",\"contentUrl\":\"https:\\\/\\\/lasentinelle.dz\\\/wp-content\\\/uploads\\\/2021\\\/09\\\/logo-sentinelleSLOGAN-1.png\",\"width\":615,\"height\":142,\"caption\":\"Quotidien La Sentinelle\"},\"image\":{\"@id\":\"https:\\\/\\\/lasentinelle.dz\\\/#\\\/schema\\\/logo\\\/image\\\/\"},\"sameAs\":[\"https:\\\/\\\/www.facebook.com\\\/La-Sentinelle-104059864394773\"]},{\"@type\":\"Person\",\"@id\":\"https:\\\/\\\/lasentinelle.dz\\\/#\\\/schema\\\/person\\\/729ee0024f24e0b8c5ec17232f8e8b41\",\"name\":\"admin\",\"image\":{\"@type\":\"ImageObject\",\"inLanguage\":\"fr-FR\",\"@id\":\"https:\\\/\\\/secure.gravatar.com\\\/avatar\\\/4c81fed838786e9b53f540bf46533e750f5d292099ae3b66cfc6fb1982e29df7?s=96&d=mm&r=g\",\"url\":\"https:\\\/\\\/secure.gravatar.com\\\/avatar\\\/4c81fed838786e9b53f540bf46533e750f5d292099ae3b66cfc6fb1982e29df7?s=96&d=mm&r=g\",\"contentUrl\":\"https:\\\/\\\/secure.gravatar.com\\\/avatar\\\/4c81fed838786e9b53f540bf46533e750f5d292099ae3b66cfc6fb1982e29df7?s=96&d=mm&r=g\",\"caption\":\"admin\"},\"description\":\"admin\",\"url\":\"https:\\\/\\\/lasentinelle.dz\\\/author\\\/admin\\\/\"}]}<\/script>\n<!-- \/ Yoast SEO plugin. -->","yoast_head_json":{"title":"Le premier Salon international de l\u2019industrie des proc\u00e9d\u00e9s et de l\u2019\u00e9quipement du 27 au 30 octobre - La Sentinelle","robots":{"index":"index","follow":"follow","max-snippet":"max-snippet:-1","max-image-preview":"max-image-preview:large","max-video-preview":"max-video-preview:-1"},"canonical":"https:\/\/lasentinelle.dz\/index.php\/2025\/10\/25\/le-premier-salon-international-de-lindustrie-des-procedes-et-de-lequipement-du-27-au-30-octobre\/","og_locale":"fr_FR","og_type":"article","og_title":"Le premier Salon international de l\u2019industrie des proc\u00e9d\u00e9s et de l\u2019\u00e9quipement du 27 au 30 octobre - La Sentinelle","og_description":"La premi\u00e8re \u00e9dition du Salon international de l\u2019industrie des proc\u00e9d\u00e9s et de l\u2019\u00e9quipement (Industry Grand Expo \u2013 IGE 2025), se","og_url":"https:\/\/lasentinelle.dz\/index.php\/2025\/10\/25\/le-premier-salon-international-de-lindustrie-des-procedes-et-de-lequipement-du-27-au-30-octobre\/","og_site_name":"La Sentinelle","article_publisher":"https:\/\/www.facebook.com\/La-Sentinelle-104059864394773","article_published_time":"2025-10-25T18:07:25+00:00","og_image":[{"width":1162,"height":620,"url":"https:\/\/lasentinelle.dz\/wp-content\/uploads\/2025\/10\/centre-des-conventions.jpg","type":"image\/jpeg"}],"author":"admin","twitter_card":"summary_large_image","twitter_misc":{"\u00c9crit par":"admin","Dur\u00e9e de lecture estim\u00e9e":"2 minutes"},"schema":{"@context":"https:\/\/schema.org","@graph":[{"@type":"Article","@id":"https:\/\/lasentinelle.dz\/index.php\/2025\/10\/25\/le-premier-salon-international-de-lindustrie-des-procedes-et-de-lequipement-du-27-au-30-octobre\/#article","isPartOf":{"@id":"https:\/\/lasentinelle.dz\/index.php\/2025\/10\/25\/le-premier-salon-international-de-lindustrie-des-procedes-et-de-lequipement-du-27-au-30-octobre\/"},"author":{"name":"admin","@id":"https:\/\/lasentinelle.dz\/#\/schema\/person\/729ee0024f24e0b8c5ec17232f8e8b41"},"headline":"Le premier Salon international de l\u2019industrie des proc\u00e9d\u00e9s et de l\u2019\u00e9quipement du 27 au 30 octobre","datePublished":"2025-10-25T18:07:25+00:00","mainEntityOfPage":{"@id":"https:\/\/lasentinelle.dz\/index.php\/2025\/10\/25\/le-premier-salon-international-de-lindustrie-des-procedes-et-de-lequipement-du-27-au-30-octobre\/"},"wordCount":347,"commentCount":0,"publisher":{"@id":"https:\/\/lasentinelle.dz\/#organization"},"image":{"@id":"https:\/\/lasentinelle.dz\/index.php\/2025\/10\/25\/le-premier-salon-international-de-lindustrie-des-procedes-et-de-lequipement-du-27-au-30-octobre\/#primaryimage"},"thumbnailUrl":"https:\/\/lasentinelle.dz\/wp-content\/uploads\/2025\/10\/centre-des-conventions.jpg","articleSection":["\u00c9conomie"],"inLanguage":"fr-FR","potentialAction":[{"@type":"CommentAction","name":"Comment","target":["https:\/\/lasentinelle.dz\/index.php\/2025\/10\/25\/le-premier-salon-international-de-lindustrie-des-procedes-et-de-lequipement-du-27-au-30-octobre\/#respond"]}]},{"@type":"WebPage","@id":"https:\/\/lasentinelle.dz\/index.php\/2025\/10\/25\/le-premier-salon-international-de-lindustrie-des-procedes-et-de-lequipement-du-27-au-30-octobre\/","url":"https:\/\/lasentinelle.dz\/index.php\/2025\/10\/25\/le-premier-salon-international-de-lindustrie-des-procedes-et-de-lequipement-du-27-au-30-octobre\/","name":"Le premier Salon international de l\u2019industrie des proc\u00e9d\u00e9s et de l\u2019\u00e9quipement du 27 au 30 octobre - La Sentinelle","isPartOf":{"@id":"https:\/\/lasentinelle.dz\/#website"},"primaryImageOfPage":{"@id":"https:\/\/lasentinelle.dz\/index.php\/2025\/10\/25\/le-premier-salon-international-de-lindustrie-des-procedes-et-de-lequipement-du-27-au-30-octobre\/#primaryimage"},"image":{"@id":"https:\/\/lasentinelle.dz\/index.php\/2025\/10\/25\/le-premier-salon-international-de-lindustrie-des-procedes-et-de-lequipement-du-27-au-30-octobre\/#primaryimage"},"thumbnailUrl":"https:\/\/lasentinelle.dz\/wp-content\/uploads\/2025\/10\/centre-des-conventions.jpg","datePublished":"2025-10-25T18:07:25+00:00","breadcrumb":{"@id":"https:\/\/lasentinelle.dz\/index.php\/2025\/10\/25\/le-premier-salon-international-de-lindustrie-des-procedes-et-de-lequipement-du-27-au-30-octobre\/#breadcrumb"},"inLanguage":"fr-FR","potentialAction":[{"@type":"ReadAction","target":["https:\/\/lasentinelle.dz\/index.php\/2025\/10\/25\/le-premier-salon-international-de-lindustrie-des-procedes-et-de-lequipement-du-27-au-30-octobre\/"]}]},{"@type":"ImageObject","inLanguage":"fr-FR","@id":"https:\/\/lasentinelle.dz\/index.php\/2025\/10\/25\/le-premier-salon-international-de-lindustrie-des-procedes-et-de-lequipement-du-27-au-30-octobre\/#primaryimage","url":"https:\/\/lasentinelle.dz\/wp-content\/uploads\/2025\/10\/centre-des-conventions.jpg","contentUrl":"https:\/\/lasentinelle.dz\/wp-content\/uploads\/2025\/10\/centre-des-conventions.jpg","width":1162,"height":620},{"@type":"BreadcrumbList","@id":"https:\/\/lasentinelle.dz\/index.php\/2025\/10\/25\/le-premier-salon-international-de-lindustrie-des-procedes-et-de-lequipement-du-27-au-30-octobre\/#breadcrumb","itemListElement":[{"@type":"ListItem","position":1,"name":"Accueil","item":"https:\/\/lasentinelle.dz\/"},{"@type":"ListItem","position":2,"name":"Le premier Salon international de l\u2019industrie des proc\u00e9d\u00e9s et de l\u2019\u00e9quipement du 27 au 30 octobre"}]},{"@type":"WebSite","@id":"https:\/\/lasentinelle.dz\/#website","url":"https:\/\/lasentinelle.dz\/","name":"La Sentinelle","description":"Quotidien national d&#039;information","publisher":{"@id":"https:\/\/lasentinelle.dz\/#organization"},"potentialAction":[{"@type":"SearchAction","target":{"@type":"EntryPoint","urlTemplate":"https:\/\/lasentinelle.dz\/?s={search_term_string}"},"query-input":{"@type":"PropertyValueSpecification","valueRequired":true,"valueName":"search_term_string"}}],"inLanguage":"fr-FR"},{"@type":"Organization","@id":"https:\/\/lasentinelle.dz\/#organization","name":"Quotidien La Sentinelle","url":"https:\/\/lasentinelle.dz\/","logo":{"@type":"ImageObject","inLanguage":"fr-FR","@id":"https:\/\/lasentinelle.dz\/#\/schema\/logo\/image\/","url":"https:\/\/lasentinelle.dz\/wp-content\/uploads\/2021\/09\/logo-sentinelleSLOGAN-1.png","contentUrl":"https:\/\/lasentinelle.dz\/wp-content\/uploads\/2021\/09\/logo-sentinelleSLOGAN-1.png","width":615,"height":142,"caption":"Quotidien La Sentinelle"},"image":{"@id":"https:\/\/lasentinelle.dz\/#\/schema\/logo\/image\/"},"sameAs":["https:\/\/www.facebook.com\/La-Sentinelle-104059864394773"]},{"@type":"Person","@id":"https:\/\/lasentinelle.dz\/#\/schema\/person\/729ee0024f24e0b8c5ec17232f8e8b41","name":"admin","image":{"@type":"ImageObject","inLanguage":"fr-FR","@id":"https:\/\/secure.gravatar.com\/avatar\/4c81fed838786e9b53f540bf46533e750f5d292099ae3b66cfc6fb1982e29df7?s=96&d=mm&r=g","url":"https:\/\/secure.gravatar.com\/avatar\/4c81fed838786e9b53f540bf46533e750f5d292099ae3b66cfc6fb1982e29df7?s=96&d=mm&r=g","contentUrl":"https:\/\/secure.gravatar.com\/avatar\/4c81fed838786e9b53f540bf46533e750f5d292099ae3b66cfc6fb1982e29df7?s=96&d=mm&r=g","caption":"admin"},"description":"admin","url":"https:\/\/lasentinelle.dz\/author\/admin\/"}]}},"_links":{"self":[{"href":"https:\/\/lasentinelle.dz\/index.php\/wp-json\/wp\/v2\/posts\/75243","targetHints":{"allow":["GET"]}}],"collection":[{"href":"https:\/\/lasentinelle.dz\/index.php\/wp-json\/wp\/v2\/posts"}],"about":[{"href":"https:\/\/lasentinelle.dz\/index.php\/wp-json\/wp\/v2\/types\/post"}],"author":[{"embeddable":true,"href":"https:\/\/lasentinelle.dz\/index.php\/wp-json\/wp\/v2\/users\/6"}],"replies":[{"embeddable":true,"href":"https:\/\/lasentinelle.dz\/index.php\/wp-json\/wp\/v2\/comments?post=75243"}],"version-history":[{"count":1,"href":"https:\/\/lasentinelle.dz\/index.php\/wp-json\/wp\/v2\/posts\/75243\/revisions"}],"predecessor-version":[{"id":75245,"href":"https:\/\/lasentinelle.dz\/index.php\/wp-json\/wp\/v2\/posts\/75243\/revisions\/75245"}],"wp:featuredmedia":[{"embeddable":true,"href":"https:\/\/lasentinelle.dz\/index.php\/wp-json\/wp\/v2\/media\/75244"}],"wp:attachment":[{"href":"https:\/\/lasentinelle.dz\/index.php\/wp-json\/wp\/v2\/media?parent=75243"}],"wp:term":[{"taxonomy":"category","embeddable":true,"href":"https:\/\/lasentinelle.dz\/index.php\/wp-json\/wp\/v2\/categories?post=75243"},{"taxonomy":"post_tag","embeddable":true,"href":"https:\/\/lasentinelle.dz\/index.php\/wp-json\/wp\/v2\/tags?post=75243"}],"curies":[{"name":"wp","href":"https:\/\/api.w.org\/{rel}","templated":true}]}}