{"id":75248,"date":"2025-10-25T19:08:59","date_gmt":"2025-10-25T18:08:59","guid":{"rendered":"https:\/\/lasentinelle.dz\/?p=75248"},"modified":"2025-10-25T19:09:00","modified_gmt":"2025-10-25T18:09:00","slug":"rezig-insiste-sur-lapprovisionnement-du-marche-16-milliard-usd-de-pieces-detachees-importees-en-2025","status":"publish","type":"post","link":"https:\/\/lasentinelle.dz\/index.php\/2025\/10\/25\/rezig-insiste-sur-lapprovisionnement-du-marche-16-milliard-usd-de-pieces-detachees-importees-en-2025\/","title":{"rendered":"Rezig insiste sur l\u2019approvisionnement du march\u00e9\u00a0: 1,6 milliard USD de pi\u00e8ces d\u00e9tach\u00e9es import\u00e9es en 2025"},"content":{"rendered":"\n<p>En un an, les op\u00e9rateurs \u00e9conomiques ont import\u00e9 pour 1,6 milliards de dollars de pi\u00e8ces de rechange.<\/p>\n\n\n\n<p>L&rsquo;Alg\u00e9rie a import\u00e9 pour 1,611 milliard de dollars de pi\u00e8ces de rechange durant l&rsquo;ann\u00e9e 2025, selon les chiffres officiels r\u00e9v\u00e9l\u00e9s par le ministre du Commerce ext\u00e9rieur, Kamel Rezig. &nbsp;Dans une r\u00e9ponse \u00e0 la question \u00e9crite du d\u00e9put\u00e9 de l\u2019Assembl\u00e9e populaire nationale Kessal Ali, le ministre du Commerce ext\u00e9rieur et de la Promotion des exportations a pr\u00e9cis\u00e9 qu\u2019au premier semestre 2025, 1.129 entreprises ont import\u00e9 pour 806 millions de dollars de pi\u00e8ces d\u00e9tach\u00e9es. Le second semestre a enregistr\u00e9 un volume quasi identique avec 806 millions de dollars suppl\u00e9mentaires, r\u00e9partis cette fois sur 1.240 entreprises. Au total, 2.369 op\u00e9rateurs \u00e9conomiques ont b\u00e9n\u00e9fici\u00e9 de certificats de domiciliation bancaire pour importer ces produits essentiels au fonctionnement de l&rsquo;\u00e9conomie nationale. Ces chiffres marquent une progression significative par rapport aux ann\u00e9es pr\u00e9c\u00e9dentes. En 2022, les importations s&rsquo;\u00e9levaient \u00e0 657 millions de dollars pour 872 entreprises. L&rsquo;ann\u00e9e 2023 a vu un bond spectaculaire avec 1,587 milliard de dollars import\u00e9s par 1.304 entreprises. En 2024, le montant s&rsquo;\u00e9tablissait \u00e0 1,2 milliard de dollars pour 1.357 op\u00e9rateurs. Le secteur des deux-roues repr\u00e9sente une part modeste mais croissante de ces importations. 96 entreprises sp\u00e9cialis\u00e9es dans les pi\u00e8ces de motos et v\u00e9los ont import\u00e9 pour 17,7 millions de dollars. Le ministre Rezig a justifi\u00e9 ces volumes d&rsquo;importation par \u00ab\u00a0la n\u00e9cessit\u00e9 de garantir un approvisionnement r\u00e9gulier du march\u00e9 national\u00a0\u00bb, le secteur des pi\u00e8ces de rechange \u00e9tant \u00ab\u00a0un \u00e9l\u00e9ment vital pour la continuit\u00e9 des activit\u00e9s industrielles et de services\u00a0\u00bb. Il a pr\u00e9cis\u00e9 que son d\u00e9partement avait mis en place des m\u00e9canismes de contr\u00f4le renforc\u00e9s, incluant \u00ab\u00a0l&rsquo;\u00e9tude et le suivi des demandes de domiciliation bancaire\u00a0\u00bb ainsi que \u00ab\u00a0la distribution des autorisations d&rsquo;importation aux op\u00e9rateurs \u00e9conomiques qualifi\u00e9s\u00a0\u00bb.<\/p>\n\n\n\n<p>Pour renforcer la transparence, les autorit\u00e9s ont instaur\u00e9 une coordination \u00e9troite entre le minist\u00e8re du Commerce ext\u00e9rieur, le minist\u00e8re du Commerce int\u00e9rieur, la Direction g\u00e9n\u00e9rale des douanes et l&rsquo;Association des banques et \u00e9tablissements financiers (ABEF). Cette collaboration vise \u00e0 \u00ab\u00a0assurer un suivi pr\u00e9cis des op\u00e9rations d&rsquo;importation avec l&rsquo;entr\u00e9e effective des marchandises sur le territoire national\u00a0\u00bb, afin de \u00ab\u00a0garantir le respect des proc\u00e9dures r\u00e9glementaires et des engagements contractuels\u00a0\u00bb, pr\u00e9cise le ministre.<\/p>\n\n\n\n<p>Rezig a \u00e9galement \u00e9voqu\u00e9 certains cas probl\u00e9matiques o\u00f9 des op\u00e9rateurs n&rsquo;ont pas respect\u00e9 leurs engagements lors des premiers mois de 2025. Des \u00ab\u00a0mesures l\u00e9gales et r\u00e9glementaires appropri\u00e9es\u00a0\u00bb ont \u00e9t\u00e9 prises \u00e0 leur encontre, en coordination avec les instances concern\u00e9es, soulignant la volont\u00e9 du gouvernement de moraliser le secteur.<\/p>\n\n\n\n<p>La r\u00e9ponse gouvernementale souligne \u00e9galement les efforts d\u00e9ploy\u00e9s pour s\u00e9curiser l&rsquo;approvisionnement r\u00e9gulier du march\u00e9 national en produits import\u00e9s, notamment dans le secteur des pi\u00e8ces de rechange, \u00ab\u00a0en garantie de la stabilit\u00e9 du march\u00e9 et du soutien \u00e0 l&rsquo;activit\u00e9 \u00e9conomique nationale\u00a0\u00bb. Cette politique s&rsquo;inscrit dans une strat\u00e9gie plus large de r\u00e9gulation du commerce ext\u00e9rieur, cherchant \u00e0 \u00e9quilibrer les besoins d&rsquo;importation avec les objectifs de d\u00e9veloppement de la production locale.<\/p>\n\n\n\n<p>Samir Benisid<\/p>\n","protected":false},"excerpt":{"rendered":"<p>En un an, les op\u00e9rateurs \u00e9conomiques ont import\u00e9 pour 1,6 milliards de dollars de pi\u00e8ces de rechange. L&rsquo;Alg\u00e9rie a import\u00e9<\/p>\n","protected":false},"author":6,"featured_media":75249,"comment_status":"open","ping_status":"closed","sticky":false,"template":"","format":"standard","meta":{"colormag_page_container_layout":"default_layout","colormag_page_sidebar_layout":"default_layout","om_disable_all_campaigns":false,"_monsterinsights_skip_tracking":false,"_monsterinsights_sitenote_active":false,"_monsterinsights_sitenote_note":"","_monsterinsights_sitenote_category":0,"footnotes":"","_wpscppro_dont_share_socialmedia":false,"_wpscppro_custom_social_share_image":0,"_facebook_share_type":"default","_twitter_share_type":"default","_linkedin_share_type":"default","_pinterest_share_type":"default","_linkedin_share_type_page":"","_instagram_share_type":"default","_medium_share_type":"default","_threads_share_type":"default","_google_business_share_type":"default","_selected_social_profile":[],"_wpsp_enable_custom_social_template":false,"_wpsp_social_scheduling":{"enabled":false,"datetime":null,"platforms":[],"status":"template_only","dateOption":"today","timeOption":"now","customDays":"","customHours":"","customDate":"","customTime":"","schedulingType":"absolute"},"_wpsp_active_default_template":true},"categories":[52,29],"tags":[],"class_list":["post-75248","post","type-post","status-publish","format-standard","has-post-thumbnail","hentry","category-a-la-une","category-economie"],"aioseo_notices":[],"yoast_head":"<!-- This site is optimized with the Yoast SEO plugin v27.5 - https:\/\/yoast.com\/product\/yoast-seo-wordpress\/ -->\n<title>Rezig insiste sur l\u2019approvisionnement du march\u00e9\u00a0: 1,6 milliard USD de pi\u00e8ces d\u00e9tach\u00e9es import\u00e9es en 2025 - La Sentinelle<\/title>\n<meta name=\"robots\" content=\"index, follow, max-snippet:-1, max-image-preview:large, max-video-preview:-1\" \/>\n<link rel=\"canonical\" href=\"https:\/\/lasentinelle.dz\/index.php\/2025\/10\/25\/rezig-insiste-sur-lapprovisionnement-du-marche-16-milliard-usd-de-pieces-detachees-importees-en-2025\/\" \/>\n<meta property=\"og:locale\" content=\"fr_FR\" \/>\n<meta property=\"og:type\" content=\"article\" \/>\n<meta property=\"og:title\" content=\"Rezig insiste sur l\u2019approvisionnement du march\u00e9\u00a0: 1,6 milliard USD de pi\u00e8ces d\u00e9tach\u00e9es import\u00e9es en 2025 - La Sentinelle\" \/>\n<meta property=\"og:description\" content=\"En un an, les op\u00e9rateurs \u00e9conomiques ont import\u00e9 pour 1,6 milliards de dollars de pi\u00e8ces de rechange. L&rsquo;Alg\u00e9rie a import\u00e9\" \/>\n<meta property=\"og:url\" content=\"https:\/\/lasentinelle.dz\/index.php\/2025\/10\/25\/rezig-insiste-sur-lapprovisionnement-du-marche-16-milliard-usd-de-pieces-detachees-importees-en-2025\/\" \/>\n<meta property=\"og:site_name\" content=\"La Sentinelle\" \/>\n<meta property=\"article:publisher\" content=\"https:\/\/www.facebook.com\/La-Sentinelle-104059864394773\" \/>\n<meta property=\"article:published_time\" content=\"2025-10-25T18:08:59+00:00\" \/>\n<meta property=\"article:modified_time\" content=\"2025-10-25T18:09:00+00:00\" \/>\n<meta property=\"og:image\" content=\"https:\/\/lasentinelle.dz\/wp-content\/uploads\/2025\/10\/pieces-detachees.jpg\" \/>\n\t<meta property=\"og:image:width\" content=\"612\" \/>\n\t<meta property=\"og:image:height\" content=\"408\" \/>\n\t<meta property=\"og:image:type\" content=\"image\/jpeg\" \/>\n<meta name=\"author\" content=\"admin\" \/>\n<meta name=\"twitter:card\" content=\"summary_large_image\" \/>\n<meta name=\"twitter:label1\" content=\"\u00c9crit par\" \/>\n\t<meta name=\"twitter:data1\" content=\"admin\" \/>\n\t<meta name=\"twitter:label2\" content=\"Dur\u00e9e de lecture estim\u00e9e\" \/>\n\t<meta name=\"twitter:data2\" content=\"3 minutes\" \/>\n<script type=\"application\/ld+json\" class=\"yoast-schema-graph\">{\"@context\":\"https:\\\/\\\/schema.org\",\"@graph\":[{\"@type\":\"Article\",\"@id\":\"https:\\\/\\\/lasentinelle.dz\\\/index.php\\\/2025\\\/10\\\/25\\\/rezig-insiste-sur-lapprovisionnement-du-marche-16-milliard-usd-de-pieces-detachees-importees-en-2025\\\/#article\",\"isPartOf\":{\"@id\":\"https:\\\/\\\/lasentinelle.dz\\\/index.php\\\/2025\\\/10\\\/25\\\/rezig-insiste-sur-lapprovisionnement-du-marche-16-milliard-usd-de-pieces-detachees-importees-en-2025\\\/\"},\"author\":{\"name\":\"admin\",\"@id\":\"https:\\\/\\\/lasentinelle.dz\\\/#\\\/schema\\\/person\\\/729ee0024f24e0b8c5ec17232f8e8b41\"},\"headline\":\"Rezig insiste sur l\u2019approvisionnement du march\u00e9\u00a0: 1,6 milliard USD de pi\u00e8ces d\u00e9tach\u00e9es import\u00e9es en 2025\",\"datePublished\":\"2025-10-25T18:08:59+00:00\",\"dateModified\":\"2025-10-25T18:09:00+00:00\",\"mainEntityOfPage\":{\"@id\":\"https:\\\/\\\/lasentinelle.dz\\\/index.php\\\/2025\\\/10\\\/25\\\/rezig-insiste-sur-lapprovisionnement-du-marche-16-milliard-usd-de-pieces-detachees-importees-en-2025\\\/\"},\"wordCount\":562,\"commentCount\":0,\"publisher\":{\"@id\":\"https:\\\/\\\/lasentinelle.dz\\\/#organization\"},\"image\":{\"@id\":\"https:\\\/\\\/lasentinelle.dz\\\/index.php\\\/2025\\\/10\\\/25\\\/rezig-insiste-sur-lapprovisionnement-du-marche-16-milliard-usd-de-pieces-detachees-importees-en-2025\\\/#primaryimage\"},\"thumbnailUrl\":\"https:\\\/\\\/lasentinelle.dz\\\/wp-content\\\/uploads\\\/2025\\\/10\\\/pieces-detachees.jpg\",\"articleSection\":[\"\u00c0 la Une\",\"\u00c9conomie\"],\"inLanguage\":\"fr-FR\",\"potentialAction\":[{\"@type\":\"CommentAction\",\"name\":\"Comment\",\"target\":[\"https:\\\/\\\/lasentinelle.dz\\\/index.php\\\/2025\\\/10\\\/25\\\/rezig-insiste-sur-lapprovisionnement-du-marche-16-milliard-usd-de-pieces-detachees-importees-en-2025\\\/#respond\"]}]},{\"@type\":\"WebPage\",\"@id\":\"https:\\\/\\\/lasentinelle.dz\\\/index.php\\\/2025\\\/10\\\/25\\\/rezig-insiste-sur-lapprovisionnement-du-marche-16-milliard-usd-de-pieces-detachees-importees-en-2025\\\/\",\"url\":\"https:\\\/\\\/lasentinelle.dz\\\/index.php\\\/2025\\\/10\\\/25\\\/rezig-insiste-sur-lapprovisionnement-du-marche-16-milliard-usd-de-pieces-detachees-importees-en-2025\\\/\",\"name\":\"Rezig insiste sur l\u2019approvisionnement du march\u00e9\u00a0: 1,6 milliard USD de pi\u00e8ces d\u00e9tach\u00e9es import\u00e9es en 2025 - La Sentinelle\",\"isPartOf\":{\"@id\":\"https:\\\/\\\/lasentinelle.dz\\\/#website\"},\"primaryImageOfPage\":{\"@id\":\"https:\\\/\\\/lasentinelle.dz\\\/index.php\\\/2025\\\/10\\\/25\\\/rezig-insiste-sur-lapprovisionnement-du-marche-16-milliard-usd-de-pieces-detachees-importees-en-2025\\\/#primaryimage\"},\"image\":{\"@id\":\"https:\\\/\\\/lasentinelle.dz\\\/index.php\\\/2025\\\/10\\\/25\\\/rezig-insiste-sur-lapprovisionnement-du-marche-16-milliard-usd-de-pieces-detachees-importees-en-2025\\\/#primaryimage\"},\"thumbnailUrl\":\"https:\\\/\\\/lasentinelle.dz\\\/wp-content\\\/uploads\\\/2025\\\/10\\\/pieces-detachees.jpg\",\"datePublished\":\"2025-10-25T18:08:59+00:00\",\"dateModified\":\"2025-10-25T18:09:00+00:00\",\"breadcrumb\":{\"@id\":\"https:\\\/\\\/lasentinelle.dz\\\/index.php\\\/2025\\\/10\\\/25\\\/rezig-insiste-sur-lapprovisionnement-du-marche-16-milliard-usd-de-pieces-detachees-importees-en-2025\\\/#breadcrumb\"},\"inLanguage\":\"fr-FR\",\"potentialAction\":[{\"@type\":\"ReadAction\",\"target\":[\"https:\\\/\\\/lasentinelle.dz\\\/index.php\\\/2025\\\/10\\\/25\\\/rezig-insiste-sur-lapprovisionnement-du-marche-16-milliard-usd-de-pieces-detachees-importees-en-2025\\\/\"]}]},{\"@type\":\"ImageObject\",\"inLanguage\":\"fr-FR\",\"@id\":\"https:\\\/\\\/lasentinelle.dz\\\/index.php\\\/2025\\\/10\\\/25\\\/rezig-insiste-sur-lapprovisionnement-du-marche-16-milliard-usd-de-pieces-detachees-importees-en-2025\\\/#primaryimage\",\"url\":\"https:\\\/\\\/lasentinelle.dz\\\/wp-content\\\/uploads\\\/2025\\\/10\\\/pieces-detachees.jpg\",\"contentUrl\":\"https:\\\/\\\/lasentinelle.dz\\\/wp-content\\\/uploads\\\/2025\\\/10\\\/pieces-detachees.jpg\",\"width\":612,\"height\":408},{\"@type\":\"BreadcrumbList\",\"@id\":\"https:\\\/\\\/lasentinelle.dz\\\/index.php\\\/2025\\\/10\\\/25\\\/rezig-insiste-sur-lapprovisionnement-du-marche-16-milliard-usd-de-pieces-detachees-importees-en-2025\\\/#breadcrumb\",\"itemListElement\":[{\"@type\":\"ListItem\",\"position\":1,\"name\":\"Accueil\",\"item\":\"https:\\\/\\\/lasentinelle.dz\\\/\"},{\"@type\":\"ListItem\",\"position\":2,\"name\":\"Rezig insiste sur l\u2019approvisionnement du march\u00e9\u00a0: 1,6 milliard USD de pi\u00e8ces d\u00e9tach\u00e9es import\u00e9es en 2025\"}]},{\"@type\":\"WebSite\",\"@id\":\"https:\\\/\\\/lasentinelle.dz\\\/#website\",\"url\":\"https:\\\/\\\/lasentinelle.dz\\\/\",\"name\":\"La Sentinelle\",\"description\":\"Quotidien national d&#039;information\",\"publisher\":{\"@id\":\"https:\\\/\\\/lasentinelle.dz\\\/#organization\"},\"potentialAction\":[{\"@type\":\"SearchAction\",\"target\":{\"@type\":\"EntryPoint\",\"urlTemplate\":\"https:\\\/\\\/lasentinelle.dz\\\/?s={search_term_string}\"},\"query-input\":{\"@type\":\"PropertyValueSpecification\",\"valueRequired\":true,\"valueName\":\"search_term_string\"}}],\"inLanguage\":\"fr-FR\"},{\"@type\":\"Organization\",\"@id\":\"https:\\\/\\\/lasentinelle.dz\\\/#organization\",\"name\":\"Quotidien La Sentinelle\",\"url\":\"https:\\\/\\\/lasentinelle.dz\\\/\",\"logo\":{\"@type\":\"ImageObject\",\"inLanguage\":\"fr-FR\",\"@id\":\"https:\\\/\\\/lasentinelle.dz\\\/#\\\/schema\\\/logo\\\/image\\\/\",\"url\":\"https:\\\/\\\/lasentinelle.dz\\\/wp-content\\\/uploads\\\/2021\\\/09\\\/logo-sentinelleSLOGAN-1.png\",\"contentUrl\":\"https:\\\/\\\/lasentinelle.dz\\\/wp-content\\\/uploads\\\/2021\\\/09\\\/logo-sentinelleSLOGAN-1.png\",\"width\":615,\"height\":142,\"caption\":\"Quotidien La Sentinelle\"},\"image\":{\"@id\":\"https:\\\/\\\/lasentinelle.dz\\\/#\\\/schema\\\/logo\\\/image\\\/\"},\"sameAs\":[\"https:\\\/\\\/www.facebook.com\\\/La-Sentinelle-104059864394773\"]},{\"@type\":\"Person\",\"@id\":\"https:\\\/\\\/lasentinelle.dz\\\/#\\\/schema\\\/person\\\/729ee0024f24e0b8c5ec17232f8e8b41\",\"name\":\"admin\",\"image\":{\"@type\":\"ImageObject\",\"inLanguage\":\"fr-FR\",\"@id\":\"https:\\\/\\\/secure.gravatar.com\\\/avatar\\\/4c81fed838786e9b53f540bf46533e750f5d292099ae3b66cfc6fb1982e29df7?s=96&d=mm&r=g\",\"url\":\"https:\\\/\\\/secure.gravatar.com\\\/avatar\\\/4c81fed838786e9b53f540bf46533e750f5d292099ae3b66cfc6fb1982e29df7?s=96&d=mm&r=g\",\"contentUrl\":\"https:\\\/\\\/secure.gravatar.com\\\/avatar\\\/4c81fed838786e9b53f540bf46533e750f5d292099ae3b66cfc6fb1982e29df7?s=96&d=mm&r=g\",\"caption\":\"admin\"},\"description\":\"admin\",\"url\":\"https:\\\/\\\/lasentinelle.dz\\\/author\\\/admin\\\/\"}]}<\/script>\n<!-- \/ Yoast SEO plugin. -->","yoast_head_json":{"title":"Rezig insiste sur l\u2019approvisionnement du march\u00e9\u00a0: 1,6 milliard USD de pi\u00e8ces d\u00e9tach\u00e9es import\u00e9es en 2025 - La Sentinelle","robots":{"index":"index","follow":"follow","max-snippet":"max-snippet:-1","max-image-preview":"max-image-preview:large","max-video-preview":"max-video-preview:-1"},"canonical":"https:\/\/lasentinelle.dz\/index.php\/2025\/10\/25\/rezig-insiste-sur-lapprovisionnement-du-marche-16-milliard-usd-de-pieces-detachees-importees-en-2025\/","og_locale":"fr_FR","og_type":"article","og_title":"Rezig insiste sur l\u2019approvisionnement du march\u00e9\u00a0: 1,6 milliard USD de pi\u00e8ces d\u00e9tach\u00e9es import\u00e9es en 2025 - La Sentinelle","og_description":"En un an, les op\u00e9rateurs \u00e9conomiques ont import\u00e9 pour 1,6 milliards de dollars de pi\u00e8ces de rechange. L&rsquo;Alg\u00e9rie a import\u00e9","og_url":"https:\/\/lasentinelle.dz\/index.php\/2025\/10\/25\/rezig-insiste-sur-lapprovisionnement-du-marche-16-milliard-usd-de-pieces-detachees-importees-en-2025\/","og_site_name":"La Sentinelle","article_publisher":"https:\/\/www.facebook.com\/La-Sentinelle-104059864394773","article_published_time":"2025-10-25T18:08:59+00:00","article_modified_time":"2025-10-25T18:09:00+00:00","og_image":[{"width":612,"height":408,"url":"https:\/\/lasentinelle.dz\/wp-content\/uploads\/2025\/10\/pieces-detachees.jpg","type":"image\/jpeg"}],"author":"admin","twitter_card":"summary_large_image","twitter_misc":{"\u00c9crit par":"admin","Dur\u00e9e de lecture estim\u00e9e":"3 minutes"},"schema":{"@context":"https:\/\/schema.org","@graph":[{"@type":"Article","@id":"https:\/\/lasentinelle.dz\/index.php\/2025\/10\/25\/rezig-insiste-sur-lapprovisionnement-du-marche-16-milliard-usd-de-pieces-detachees-importees-en-2025\/#article","isPartOf":{"@id":"https:\/\/lasentinelle.dz\/index.php\/2025\/10\/25\/rezig-insiste-sur-lapprovisionnement-du-marche-16-milliard-usd-de-pieces-detachees-importees-en-2025\/"},"author":{"name":"admin","@id":"https:\/\/lasentinelle.dz\/#\/schema\/person\/729ee0024f24e0b8c5ec17232f8e8b41"},"headline":"Rezig insiste sur l\u2019approvisionnement du march\u00e9\u00a0: 1,6 milliard USD de pi\u00e8ces d\u00e9tach\u00e9es import\u00e9es en 2025","datePublished":"2025-10-25T18:08:59+00:00","dateModified":"2025-10-25T18:09:00+00:00","mainEntityOfPage":{"@id":"https:\/\/lasentinelle.dz\/index.php\/2025\/10\/25\/rezig-insiste-sur-lapprovisionnement-du-marche-16-milliard-usd-de-pieces-detachees-importees-en-2025\/"},"wordCount":562,"commentCount":0,"publisher":{"@id":"https:\/\/lasentinelle.dz\/#organization"},"image":{"@id":"https:\/\/lasentinelle.dz\/index.php\/2025\/10\/25\/rezig-insiste-sur-lapprovisionnement-du-marche-16-milliard-usd-de-pieces-detachees-importees-en-2025\/#primaryimage"},"thumbnailUrl":"https:\/\/lasentinelle.dz\/wp-content\/uploads\/2025\/10\/pieces-detachees.jpg","articleSection":["\u00c0 la Une","\u00c9conomie"],"inLanguage":"fr-FR","potentialAction":[{"@type":"CommentAction","name":"Comment","target":["https:\/\/lasentinelle.dz\/index.php\/2025\/10\/25\/rezig-insiste-sur-lapprovisionnement-du-marche-16-milliard-usd-de-pieces-detachees-importees-en-2025\/#respond"]}]},{"@type":"WebPage","@id":"https:\/\/lasentinelle.dz\/index.php\/2025\/10\/25\/rezig-insiste-sur-lapprovisionnement-du-marche-16-milliard-usd-de-pieces-detachees-importees-en-2025\/","url":"https:\/\/lasentinelle.dz\/index.php\/2025\/10\/25\/rezig-insiste-sur-lapprovisionnement-du-marche-16-milliard-usd-de-pieces-detachees-importees-en-2025\/","name":"Rezig insiste sur l\u2019approvisionnement du march\u00e9\u00a0: 1,6 milliard USD de pi\u00e8ces d\u00e9tach\u00e9es import\u00e9es en 2025 - La Sentinelle","isPartOf":{"@id":"https:\/\/lasentinelle.dz\/#website"},"primaryImageOfPage":{"@id":"https:\/\/lasentinelle.dz\/index.php\/2025\/10\/25\/rezig-insiste-sur-lapprovisionnement-du-marche-16-milliard-usd-de-pieces-detachees-importees-en-2025\/#primaryimage"},"image":{"@id":"https:\/\/lasentinelle.dz\/index.php\/2025\/10\/25\/rezig-insiste-sur-lapprovisionnement-du-marche-16-milliard-usd-de-pieces-detachees-importees-en-2025\/#primaryimage"},"thumbnailUrl":"https:\/\/lasentinelle.dz\/wp-content\/uploads\/2025\/10\/pieces-detachees.jpg","datePublished":"2025-10-25T18:08:59+00:00","dateModified":"2025-10-25T18:09:00+00:00","breadcrumb":{"@id":"https:\/\/lasentinelle.dz\/index.php\/2025\/10\/25\/rezig-insiste-sur-lapprovisionnement-du-marche-16-milliard-usd-de-pieces-detachees-importees-en-2025\/#breadcrumb"},"inLanguage":"fr-FR","potentialAction":[{"@type":"ReadAction","target":["https:\/\/lasentinelle.dz\/index.php\/2025\/10\/25\/rezig-insiste-sur-lapprovisionnement-du-marche-16-milliard-usd-de-pieces-detachees-importees-en-2025\/"]}]},{"@type":"ImageObject","inLanguage":"fr-FR","@id":"https:\/\/lasentinelle.dz\/index.php\/2025\/10\/25\/rezig-insiste-sur-lapprovisionnement-du-marche-16-milliard-usd-de-pieces-detachees-importees-en-2025\/#primaryimage","url":"https:\/\/lasentinelle.dz\/wp-content\/uploads\/2025\/10\/pieces-detachees.jpg","contentUrl":"https:\/\/lasentinelle.dz\/wp-content\/uploads\/2025\/10\/pieces-detachees.jpg","width":612,"height":408},{"@type":"BreadcrumbList","@id":"https:\/\/lasentinelle.dz\/index.php\/2025\/10\/25\/rezig-insiste-sur-lapprovisionnement-du-marche-16-milliard-usd-de-pieces-detachees-importees-en-2025\/#breadcrumb","itemListElement":[{"@type":"ListItem","position":1,"name":"Accueil","item":"https:\/\/lasentinelle.dz\/"},{"@type":"ListItem","position":2,"name":"Rezig insiste sur l\u2019approvisionnement du march\u00e9\u00a0: 1,6 milliard USD de pi\u00e8ces d\u00e9tach\u00e9es import\u00e9es en 2025"}]},{"@type":"WebSite","@id":"https:\/\/lasentinelle.dz\/#website","url":"https:\/\/lasentinelle.dz\/","name":"La Sentinelle","description":"Quotidien national d&#039;information","publisher":{"@id":"https:\/\/lasentinelle.dz\/#organization"},"potentialAction":[{"@type":"SearchAction","target":{"@type":"EntryPoint","urlTemplate":"https:\/\/lasentinelle.dz\/?s={search_term_string}"},"query-input":{"@type":"PropertyValueSpecification","valueRequired":true,"valueName":"search_term_string"}}],"inLanguage":"fr-FR"},{"@type":"Organization","@id":"https:\/\/lasentinelle.dz\/#organization","name":"Quotidien La Sentinelle","url":"https:\/\/lasentinelle.dz\/","logo":{"@type":"ImageObject","inLanguage":"fr-FR","@id":"https:\/\/lasentinelle.dz\/#\/schema\/logo\/image\/","url":"https:\/\/lasentinelle.dz\/wp-content\/uploads\/2021\/09\/logo-sentinelleSLOGAN-1.png","contentUrl":"https:\/\/lasentinelle.dz\/wp-content\/uploads\/2021\/09\/logo-sentinelleSLOGAN-1.png","width":615,"height":142,"caption":"Quotidien La Sentinelle"},"image":{"@id":"https:\/\/lasentinelle.dz\/#\/schema\/logo\/image\/"},"sameAs":["https:\/\/www.facebook.com\/La-Sentinelle-104059864394773"]},{"@type":"Person","@id":"https:\/\/lasentinelle.dz\/#\/schema\/person\/729ee0024f24e0b8c5ec17232f8e8b41","name":"admin","image":{"@type":"ImageObject","inLanguage":"fr-FR","@id":"https:\/\/secure.gravatar.com\/avatar\/4c81fed838786e9b53f540bf46533e750f5d292099ae3b66cfc6fb1982e29df7?s=96&d=mm&r=g","url":"https:\/\/secure.gravatar.com\/avatar\/4c81fed838786e9b53f540bf46533e750f5d292099ae3b66cfc6fb1982e29df7?s=96&d=mm&r=g","contentUrl":"https:\/\/secure.gravatar.com\/avatar\/4c81fed838786e9b53f540bf46533e750f5d292099ae3b66cfc6fb1982e29df7?s=96&d=mm&r=g","caption":"admin"},"description":"admin","url":"https:\/\/lasentinelle.dz\/author\/admin\/"}]}},"_links":{"self":[{"href":"https:\/\/lasentinelle.dz\/index.php\/wp-json\/wp\/v2\/posts\/75248","targetHints":{"allow":["GET"]}}],"collection":[{"href":"https:\/\/lasentinelle.dz\/index.php\/wp-json\/wp\/v2\/posts"}],"about":[{"href":"https:\/\/lasentinelle.dz\/index.php\/wp-json\/wp\/v2\/types\/post"}],"author":[{"embeddable":true,"href":"https:\/\/lasentinelle.dz\/index.php\/wp-json\/wp\/v2\/users\/6"}],"replies":[{"embeddable":true,"href":"https:\/\/lasentinelle.dz\/index.php\/wp-json\/wp\/v2\/comments?post=75248"}],"version-history":[{"count":1,"href":"https:\/\/lasentinelle.dz\/index.php\/wp-json\/wp\/v2\/posts\/75248\/revisions"}],"predecessor-version":[{"id":75250,"href":"https:\/\/lasentinelle.dz\/index.php\/wp-json\/wp\/v2\/posts\/75248\/revisions\/75250"}],"wp:featuredmedia":[{"embeddable":true,"href":"https:\/\/lasentinelle.dz\/index.php\/wp-json\/wp\/v2\/media\/75249"}],"wp:attachment":[{"href":"https:\/\/lasentinelle.dz\/index.php\/wp-json\/wp\/v2\/media?parent=75248"}],"wp:term":[{"taxonomy":"category","embeddable":true,"href":"https:\/\/lasentinelle.dz\/index.php\/wp-json\/wp\/v2\/categories?post=75248"},{"taxonomy":"post_tag","embeddable":true,"href":"https:\/\/lasentinelle.dz\/index.php\/wp-json\/wp\/v2\/tags?post=75248"}],"curies":[{"name":"wp","href":"https:\/\/api.w.org\/{rel}","templated":true}]}}