{"id":75251,"date":"2025-10-25T19:12:52","date_gmt":"2025-10-25T18:12:52","guid":{"rendered":"https:\/\/lasentinelle.dz\/?p=75251"},"modified":"2025-10-25T19:12:53","modified_gmt":"2025-10-25T18:12:53","slug":"reforme-du-conseil-de-securite-lalgerie-reitere-son-appel-a-la-levee-de-linjustice-faite-a-lafrique","status":"publish","type":"post","link":"https:\/\/lasentinelle.dz\/index.php\/2025\/10\/25\/reforme-du-conseil-de-securite-lalgerie-reitere-son-appel-a-la-levee-de-linjustice-faite-a-lafrique\/","title":{"rendered":"R\u00e9forme du Conseil de s\u00e9curit\u00e9\u00a0: L&rsquo;Alg\u00e9rie r\u00e9it\u00e8re son appel \u00e0 la lev\u00e9e de l&rsquo;injustice faite \u00e0 l&rsquo;Afrique"},"content":{"rendered":"\n<p>L&rsquo;Alg\u00e9rie a r\u00e9it\u00e9r\u00e9, vendredi \u00e0 New York, par la voix de son repr\u00e9sentant permanent aupr\u00e8s des Nations Unies, Amar Bendjama, son appel \u00e0 la r\u00e9forme du Conseil de s\u00e9curit\u00e9 international et \u00e0 la lev\u00e9e de l&rsquo;injustice faite \u00e0 l&rsquo;Afrique, affirmant son attachement ferme aux principes et objectifs de la Charte onusienne ainsi que son engagement \u00e0 travailler de concert avec les autres pays membres pour construire une organisation plus forte, plus juste et efficace pour les g\u00e9n\u00e9rations actuelles et futures. Dans son allocution lors d&rsquo;une s\u00e9ance du Conseil de s\u00e9curit\u00e9 organis\u00e9e sous le th\u00e8me: \u00ab\u00a0Nations Unies: r\u00e9flexions sur l&rsquo;avenir\u00a0\u00bb, M. Bendjama a affirm\u00e9 que \u00ab\u00a080 ans se sont \u00e9coul\u00e9s depuis l&rsquo;entr\u00e9e en vigueur de la Charte des Nations Unies, et il est essentiel de ne pas se concentrer uniquement sur les r\u00e9alisations de l&rsquo;organisation, mais aussi sur sa capacit\u00e9 d&rsquo;adaptation avec ce paysage mondial en rapide \u00e9volution\u00a0\u00bb. Il a soulign\u00e9, en outre, que l&rsquo;application, dans son int\u00e9gralit\u00e9, de la Charte des Nations Unies qui demeure \u00ab\u00a0le fondement du multilat\u00e9ralisme, et la base de la paix et de la s\u00e9curit\u00e9 internationales, est toujours confront\u00e9e \u00e0 de s\u00e9rieux d\u00e9fis, dont des violations r\u00e9currentes de ses principes et objectifs, des approches s\u00e9lectives du droit international, la politique des deux poids deux mesures et la poursuite des divisions au sein de la communaut\u00e9 internationale\u00a0\u00bb, mettant en garde contre \u00ab\u00a0l&rsquo;unilat\u00e9ralisme et les mesures arbitraires, l&rsquo;interpr\u00e9tation s\u00e9lective des principes de cette Charte et l&rsquo;imposition de la politique de deux poids deux mesures, qui sont autant de facteurs qui menacent la confiance internationale et compromettent l&rsquo;efficacit\u00e9 des Nations Unies\u00a0\u00bb. M. Bendjama a r\u00e9affirm\u00e9, dans ce sens, que l&rsquo;Alg\u00e9rie est fermement convaincue que l&rsquo;ONU doit rester une tribune mondiale inclusive, soulignant que \u00ab\u00a0le renforcement du multilat\u00e9ralisme implique de r\u00e9tablir la confiance entre les Etats membres, \u00e0 travers le respect de la Charte, la conformit\u00e9 au droit international et l&rsquo;engagement renouvel\u00e9 \u00e0 la responsabilit\u00e9 collective\u00a0\u00bb. Dans cette optique, il a expliqu\u00e9 que \u00ab\u00a0le traitement de la crise de confiance actuelle dans le syst\u00e8me multilat\u00e9ral implique des r\u00e9formes urgentes et globales du Conseil de s\u00e9curit\u00e9\u00a0\u00bb, soulignant que \u00ab\u00a0l&rsquo;Alg\u00e9rie est fermement convaincue que le Conseil doit \u00eatre r\u00e9form\u00e9 au niveau de sa composition et de ses m\u00e9thodes de travail, afin de garantir une plus grande repr\u00e9sentativit\u00e9, une plus grande transparence et une plus grande responsabilit\u00e9\u00a0\u00bb. Le diplomate alg\u00e9rien a saisi cette occasion pour r\u00e9it\u00e9rer l&rsquo;appel de l&rsquo;Alg\u00e9rie \u00e0 \u00ab\u00a0r\u00e9parer l&rsquo;injustice historique inflig\u00e9e \u00e0 l&rsquo;Afrique, conform\u00e9ment au Consensus d&rsquo;Ezulwini et \u00e0 la D\u00e9claration de Syrte\u00a0\u00bb, soulignant que \u00ab\u00a0les aspirations l\u00e9gitimes de l&rsquo;Afrique \u00e0 une pleine repr\u00e9sentation doivent \u00eatre au c\u0153ur de toute r\u00e9forme, car c&rsquo;est \u00e0 travers un Conseil de s\u00e9curit\u00e9 plus d\u00e9mocratique, plus \u00e9quitable et plus repr\u00e9sentatif que nous pourrons renforcer sa l\u00e9gitimit\u00e9, sa cr\u00e9dibilit\u00e9 et sa d\u00e9termination commune\u00a0\u00bb. En outre, la relance des travaux de l&rsquo;Assembl\u00e9e g\u00e9n\u00e9rale est \u00ab\u00a0la cl\u00e9 du renforcement du r\u00f4le global des Nations Unies, en particulier dans les questions li\u00e9es \u00e0 la paix et \u00e0 la s\u00e9curit\u00e9\u00a0\u00bb, ce qui exige de \u00ab\u00a0permettre \u00e0 l&rsquo;Assembl\u00e9e g\u00e9n\u00e9rale, en tant qu&rsquo;organe le plus repr\u00e9sentatif dans cette organisation, d&rsquo;assumer son r\u00f4le dans la promotion de la diplomatie pr\u00e9ventive, la m\u00e9diation et le r\u00e8glement pacifique des conflits\u00a0\u00bb, a ajout\u00e9 M. Bendjama. A cette \u00e9gard, il a mis l&rsquo;accent sur \u00ab\u00a0l&rsquo;importance primordiale accord\u00e9e par l&rsquo;Alg\u00e9rie au r\u00f4le consultatif de la Cour internationale de justice (CIJ) et \u00e0 ses avis, qui contribuent \u00e0 clarifier les questions juridiques complexes et \u00e0 renforcer la primaut\u00e9 du droit\u00a0\u00bb. Alors que les Nations Unies entament la mise en \u0153uvre de l&rsquo;initiative \u00ab\u00a0ONU 80&Prime;, l&rsquo;Alg\u00e9rie a appel\u00e9, par la voie de son repr\u00e9sentant permanent, \u00e0 la mise en place de r\u00e9formes renfor\u00e7ant l&rsquo;efficacit\u00e9, la l\u00e9gitim\u00e9 et l&rsquo;universalit\u00e9 de l&rsquo;Organisation\u00a0\u00bb, soulignant qu&rsquo;\u00e0 l&rsquo;approche de l&rsquo;\u00e9ch\u00e9ance 2030, \u00ab\u00a0toute r\u00e9forme doit mobiliser les Nations Unies de mani\u00e8re urgente afin de mieux r\u00e9pondre aux besoins des pays en d\u00e9veloppement dans leurs processus de r\u00e9alisation des Objectifs de d\u00e9veloppement durable (ODD)\u00a0\u00bb. Dans ce cadre, M. Bendjama a soulign\u00e9 que l&rsquo;avenir de l&rsquo;ONU doit s&rsquo;inspirer d&rsquo;un renouveau de solidarit\u00e9 et de coop\u00e9ration multilat\u00e9rale\u00a0\u00bb, estimant qu&rsquo;il s&rsquo;agit de l&rsquo;unique voie efficace pour aller de l&rsquo;avant car donnant la priorit\u00e9 au dialogue plut\u00f4t qu&rsquo;\u00e0 la confrontation, \u00e0 la convergence de vues qu&rsquo;\u00e0 la division et \u00e0 la justice qu&rsquo;\u00e0 la politique de deux poids deux mesures\u00a0\u00bb. Il a, en outre, r\u00e9affirm\u00e9 \u00ab\u00a0l&rsquo;engagement ind\u00e9fectible de l&rsquo;Alg\u00e9rie aux principes et aux objectifs de la Charte onusienne ainsi que sa disposition \u00e0 \u0153uvrer avec les autres pays pour b\u00e2tir une Organisation onusienne plus solide et plus juste pour les g\u00e9n\u00e9rations actuelles et futures\u00a0\u00bb.<\/p>\n\n\n\n<p>APS<\/p>\n","protected":false},"excerpt":{"rendered":"<p>L&rsquo;Alg\u00e9rie a r\u00e9it\u00e9r\u00e9, vendredi \u00e0 New York, par la voix de son repr\u00e9sentant permanent aupr\u00e8s des Nations Unies, Amar Bendjama,<\/p>\n","protected":false},"author":6,"featured_media":62412,"comment_status":"open","ping_status":"closed","sticky":false,"template":"","format":"standard","meta":{"colormag_page_container_layout":"default_layout","colormag_page_sidebar_layout":"default_layout","om_disable_all_campaigns":false,"_monsterinsights_skip_tracking":false,"_monsterinsights_sitenote_active":false,"_monsterinsights_sitenote_note":"","_monsterinsights_sitenote_category":0,"footnotes":"","_wpscppro_dont_share_socialmedia":false,"_wpscppro_custom_social_share_image":0,"_facebook_share_type":"default","_twitter_share_type":"default","_linkedin_share_type":"default","_pinterest_share_type":"default","_linkedin_share_type_page":"","_instagram_share_type":"default","_medium_share_type":"default","_threads_share_type":"default","_google_business_share_type":"default","_selected_social_profile":[],"_wpsp_enable_custom_social_template":false,"_wpsp_social_scheduling":{"enabled":false,"datetime":null,"platforms":[],"status":"template_only","dateOption":"today","timeOption":"now","customDays":"","customHours":"","customDate":"","customTime":"","schedulingType":"absolute"},"_wpsp_active_default_template":true},"categories":[27],"tags":[],"class_list":["post-75251","post","type-post","status-publish","format-standard","has-post-thumbnail","hentry","category-actualite"],"aioseo_notices":[],"yoast_head":"<!-- This site is optimized with the Yoast SEO plugin v27.5 - https:\/\/yoast.com\/product\/yoast-seo-wordpress\/ -->\n<title>R\u00e9forme du Conseil de s\u00e9curit\u00e9\u00a0: L&rsquo;Alg\u00e9rie r\u00e9it\u00e8re son appel \u00e0 la lev\u00e9e de l&rsquo;injustice faite \u00e0 l&rsquo;Afrique - La Sentinelle<\/title>\n<meta name=\"robots\" content=\"index, follow, max-snippet:-1, max-image-preview:large, max-video-preview:-1\" \/>\n<link rel=\"canonical\" href=\"https:\/\/lasentinelle.dz\/index.php\/2025\/10\/25\/reforme-du-conseil-de-securite-lalgerie-reitere-son-appel-a-la-levee-de-linjustice-faite-a-lafrique\/\" \/>\n<meta property=\"og:locale\" content=\"fr_FR\" \/>\n<meta property=\"og:type\" content=\"article\" \/>\n<meta property=\"og:title\" content=\"R\u00e9forme du Conseil de s\u00e9curit\u00e9\u00a0: L&rsquo;Alg\u00e9rie r\u00e9it\u00e8re son appel \u00e0 la lev\u00e9e de l&rsquo;injustice faite \u00e0 l&rsquo;Afrique - La Sentinelle\" \/>\n<meta property=\"og:description\" content=\"L&rsquo;Alg\u00e9rie a r\u00e9it\u00e9r\u00e9, vendredi \u00e0 New York, par la voix de son repr\u00e9sentant permanent aupr\u00e8s des Nations Unies, Amar Bendjama,\" \/>\n<meta property=\"og:url\" content=\"https:\/\/lasentinelle.dz\/index.php\/2025\/10\/25\/reforme-du-conseil-de-securite-lalgerie-reitere-son-appel-a-la-levee-de-linjustice-faite-a-lafrique\/\" \/>\n<meta property=\"og:site_name\" content=\"La Sentinelle\" \/>\n<meta property=\"article:publisher\" content=\"https:\/\/www.facebook.com\/La-Sentinelle-104059864394773\" \/>\n<meta property=\"article:published_time\" content=\"2025-10-25T18:12:52+00:00\" \/>\n<meta property=\"article:modified_time\" content=\"2025-10-25T18:12:53+00:00\" \/>\n<meta property=\"og:image\" content=\"https:\/\/lasentinelle.dz\/wp-content\/uploads\/2025\/02\/bendjama.jpeg\" \/>\n\t<meta property=\"og:image:width\" content=\"900\" \/>\n\t<meta property=\"og:image:height\" content=\"675\" \/>\n\t<meta property=\"og:image:type\" content=\"image\/jpeg\" \/>\n<meta name=\"author\" content=\"admin\" \/>\n<meta name=\"twitter:card\" content=\"summary_large_image\" \/>\n<meta name=\"twitter:label1\" content=\"\u00c9crit par\" \/>\n\t<meta name=\"twitter:data1\" content=\"admin\" \/>\n\t<meta name=\"twitter:label2\" content=\"Dur\u00e9e de lecture estim\u00e9e\" \/>\n\t<meta name=\"twitter:data2\" content=\"5 minutes\" \/>\n<script type=\"application\/ld+json\" class=\"yoast-schema-graph\">{\"@context\":\"https:\\\/\\\/schema.org\",\"@graph\":[{\"@type\":\"Article\",\"@id\":\"https:\\\/\\\/lasentinelle.dz\\\/index.php\\\/2025\\\/10\\\/25\\\/reforme-du-conseil-de-securite-lalgerie-reitere-son-appel-a-la-levee-de-linjustice-faite-a-lafrique\\\/#article\",\"isPartOf\":{\"@id\":\"https:\\\/\\\/lasentinelle.dz\\\/index.php\\\/2025\\\/10\\\/25\\\/reforme-du-conseil-de-securite-lalgerie-reitere-son-appel-a-la-levee-de-linjustice-faite-a-lafrique\\\/\"},\"author\":{\"name\":\"admin\",\"@id\":\"https:\\\/\\\/lasentinelle.dz\\\/#\\\/schema\\\/person\\\/729ee0024f24e0b8c5ec17232f8e8b41\"},\"headline\":\"R\u00e9forme du Conseil de s\u00e9curit\u00e9\u00a0: L&rsquo;Alg\u00e9rie r\u00e9it\u00e8re son appel \u00e0 la lev\u00e9e de l&rsquo;injustice faite \u00e0 l&rsquo;Afrique\",\"datePublished\":\"2025-10-25T18:12:52+00:00\",\"dateModified\":\"2025-10-25T18:12:53+00:00\",\"mainEntityOfPage\":{\"@id\":\"https:\\\/\\\/lasentinelle.dz\\\/index.php\\\/2025\\\/10\\\/25\\\/reforme-du-conseil-de-securite-lalgerie-reitere-son-appel-a-la-levee-de-linjustice-faite-a-lafrique\\\/\"},\"wordCount\":901,\"commentCount\":0,\"publisher\":{\"@id\":\"https:\\\/\\\/lasentinelle.dz\\\/#organization\"},\"image\":{\"@id\":\"https:\\\/\\\/lasentinelle.dz\\\/index.php\\\/2025\\\/10\\\/25\\\/reforme-du-conseil-de-securite-lalgerie-reitere-son-appel-a-la-levee-de-linjustice-faite-a-lafrique\\\/#primaryimage\"},\"thumbnailUrl\":\"https:\\\/\\\/lasentinelle.dz\\\/wp-content\\\/uploads\\\/2025\\\/02\\\/bendjama.jpeg\",\"articleSection\":[\"Actualit\u00e9\"],\"inLanguage\":\"fr-FR\",\"potentialAction\":[{\"@type\":\"CommentAction\",\"name\":\"Comment\",\"target\":[\"https:\\\/\\\/lasentinelle.dz\\\/index.php\\\/2025\\\/10\\\/25\\\/reforme-du-conseil-de-securite-lalgerie-reitere-son-appel-a-la-levee-de-linjustice-faite-a-lafrique\\\/#respond\"]}]},{\"@type\":\"WebPage\",\"@id\":\"https:\\\/\\\/lasentinelle.dz\\\/index.php\\\/2025\\\/10\\\/25\\\/reforme-du-conseil-de-securite-lalgerie-reitere-son-appel-a-la-levee-de-linjustice-faite-a-lafrique\\\/\",\"url\":\"https:\\\/\\\/lasentinelle.dz\\\/index.php\\\/2025\\\/10\\\/25\\\/reforme-du-conseil-de-securite-lalgerie-reitere-son-appel-a-la-levee-de-linjustice-faite-a-lafrique\\\/\",\"name\":\"R\u00e9forme du Conseil de s\u00e9curit\u00e9\u00a0: L&rsquo;Alg\u00e9rie r\u00e9it\u00e8re son appel \u00e0 la lev\u00e9e de l&rsquo;injustice faite \u00e0 l&rsquo;Afrique - La Sentinelle\",\"isPartOf\":{\"@id\":\"https:\\\/\\\/lasentinelle.dz\\\/#website\"},\"primaryImageOfPage\":{\"@id\":\"https:\\\/\\\/lasentinelle.dz\\\/index.php\\\/2025\\\/10\\\/25\\\/reforme-du-conseil-de-securite-lalgerie-reitere-son-appel-a-la-levee-de-linjustice-faite-a-lafrique\\\/#primaryimage\"},\"image\":{\"@id\":\"https:\\\/\\\/lasentinelle.dz\\\/index.php\\\/2025\\\/10\\\/25\\\/reforme-du-conseil-de-securite-lalgerie-reitere-son-appel-a-la-levee-de-linjustice-faite-a-lafrique\\\/#primaryimage\"},\"thumbnailUrl\":\"https:\\\/\\\/lasentinelle.dz\\\/wp-content\\\/uploads\\\/2025\\\/02\\\/bendjama.jpeg\",\"datePublished\":\"2025-10-25T18:12:52+00:00\",\"dateModified\":\"2025-10-25T18:12:53+00:00\",\"breadcrumb\":{\"@id\":\"https:\\\/\\\/lasentinelle.dz\\\/index.php\\\/2025\\\/10\\\/25\\\/reforme-du-conseil-de-securite-lalgerie-reitere-son-appel-a-la-levee-de-linjustice-faite-a-lafrique\\\/#breadcrumb\"},\"inLanguage\":\"fr-FR\",\"potentialAction\":[{\"@type\":\"ReadAction\",\"target\":[\"https:\\\/\\\/lasentinelle.dz\\\/index.php\\\/2025\\\/10\\\/25\\\/reforme-du-conseil-de-securite-lalgerie-reitere-son-appel-a-la-levee-de-linjustice-faite-a-lafrique\\\/\"]}]},{\"@type\":\"ImageObject\",\"inLanguage\":\"fr-FR\",\"@id\":\"https:\\\/\\\/lasentinelle.dz\\\/index.php\\\/2025\\\/10\\\/25\\\/reforme-du-conseil-de-securite-lalgerie-reitere-son-appel-a-la-levee-de-linjustice-faite-a-lafrique\\\/#primaryimage\",\"url\":\"https:\\\/\\\/lasentinelle.dz\\\/wp-content\\\/uploads\\\/2025\\\/02\\\/bendjama.jpeg\",\"contentUrl\":\"https:\\\/\\\/lasentinelle.dz\\\/wp-content\\\/uploads\\\/2025\\\/02\\\/bendjama.jpeg\",\"width\":900,\"height\":675},{\"@type\":\"BreadcrumbList\",\"@id\":\"https:\\\/\\\/lasentinelle.dz\\\/index.php\\\/2025\\\/10\\\/25\\\/reforme-du-conseil-de-securite-lalgerie-reitere-son-appel-a-la-levee-de-linjustice-faite-a-lafrique\\\/#breadcrumb\",\"itemListElement\":[{\"@type\":\"ListItem\",\"position\":1,\"name\":\"Accueil\",\"item\":\"https:\\\/\\\/lasentinelle.dz\\\/\"},{\"@type\":\"ListItem\",\"position\":2,\"name\":\"R\u00e9forme du Conseil de s\u00e9curit\u00e9\u00a0: L&rsquo;Alg\u00e9rie r\u00e9it\u00e8re son appel \u00e0 la lev\u00e9e de l&rsquo;injustice faite \u00e0 l&rsquo;Afrique\"}]},{\"@type\":\"WebSite\",\"@id\":\"https:\\\/\\\/lasentinelle.dz\\\/#website\",\"url\":\"https:\\\/\\\/lasentinelle.dz\\\/\",\"name\":\"La Sentinelle\",\"description\":\"Quotidien national d&#039;information\",\"publisher\":{\"@id\":\"https:\\\/\\\/lasentinelle.dz\\\/#organization\"},\"potentialAction\":[{\"@type\":\"SearchAction\",\"target\":{\"@type\":\"EntryPoint\",\"urlTemplate\":\"https:\\\/\\\/lasentinelle.dz\\\/?s={search_term_string}\"},\"query-input\":{\"@type\":\"PropertyValueSpecification\",\"valueRequired\":true,\"valueName\":\"search_term_string\"}}],\"inLanguage\":\"fr-FR\"},{\"@type\":\"Organization\",\"@id\":\"https:\\\/\\\/lasentinelle.dz\\\/#organization\",\"name\":\"Quotidien La Sentinelle\",\"url\":\"https:\\\/\\\/lasentinelle.dz\\\/\",\"logo\":{\"@type\":\"ImageObject\",\"inLanguage\":\"fr-FR\",\"@id\":\"https:\\\/\\\/lasentinelle.dz\\\/#\\\/schema\\\/logo\\\/image\\\/\",\"url\":\"https:\\\/\\\/lasentinelle.dz\\\/wp-content\\\/uploads\\\/2021\\\/09\\\/logo-sentinelleSLOGAN-1.png\",\"contentUrl\":\"https:\\\/\\\/lasentinelle.dz\\\/wp-content\\\/uploads\\\/2021\\\/09\\\/logo-sentinelleSLOGAN-1.png\",\"width\":615,\"height\":142,\"caption\":\"Quotidien La Sentinelle\"},\"image\":{\"@id\":\"https:\\\/\\\/lasentinelle.dz\\\/#\\\/schema\\\/logo\\\/image\\\/\"},\"sameAs\":[\"https:\\\/\\\/www.facebook.com\\\/La-Sentinelle-104059864394773\"]},{\"@type\":\"Person\",\"@id\":\"https:\\\/\\\/lasentinelle.dz\\\/#\\\/schema\\\/person\\\/729ee0024f24e0b8c5ec17232f8e8b41\",\"name\":\"admin\",\"image\":{\"@type\":\"ImageObject\",\"inLanguage\":\"fr-FR\",\"@id\":\"https:\\\/\\\/secure.gravatar.com\\\/avatar\\\/4c81fed838786e9b53f540bf46533e750f5d292099ae3b66cfc6fb1982e29df7?s=96&d=mm&r=g\",\"url\":\"https:\\\/\\\/secure.gravatar.com\\\/avatar\\\/4c81fed838786e9b53f540bf46533e750f5d292099ae3b66cfc6fb1982e29df7?s=96&d=mm&r=g\",\"contentUrl\":\"https:\\\/\\\/secure.gravatar.com\\\/avatar\\\/4c81fed838786e9b53f540bf46533e750f5d292099ae3b66cfc6fb1982e29df7?s=96&d=mm&r=g\",\"caption\":\"admin\"},\"description\":\"admin\",\"url\":\"https:\\\/\\\/lasentinelle.dz\\\/author\\\/admin\\\/\"}]}<\/script>\n<!-- \/ Yoast SEO plugin. -->","yoast_head_json":{"title":"R\u00e9forme du Conseil de s\u00e9curit\u00e9\u00a0: L&rsquo;Alg\u00e9rie r\u00e9it\u00e8re son appel \u00e0 la lev\u00e9e de l&rsquo;injustice faite \u00e0 l&rsquo;Afrique - La Sentinelle","robots":{"index":"index","follow":"follow","max-snippet":"max-snippet:-1","max-image-preview":"max-image-preview:large","max-video-preview":"max-video-preview:-1"},"canonical":"https:\/\/lasentinelle.dz\/index.php\/2025\/10\/25\/reforme-du-conseil-de-securite-lalgerie-reitere-son-appel-a-la-levee-de-linjustice-faite-a-lafrique\/","og_locale":"fr_FR","og_type":"article","og_title":"R\u00e9forme du Conseil de s\u00e9curit\u00e9\u00a0: L&rsquo;Alg\u00e9rie r\u00e9it\u00e8re son appel \u00e0 la lev\u00e9e de l&rsquo;injustice faite \u00e0 l&rsquo;Afrique - La Sentinelle","og_description":"L&rsquo;Alg\u00e9rie a r\u00e9it\u00e9r\u00e9, vendredi \u00e0 New York, par la voix de son repr\u00e9sentant permanent aupr\u00e8s des Nations Unies, Amar Bendjama,","og_url":"https:\/\/lasentinelle.dz\/index.php\/2025\/10\/25\/reforme-du-conseil-de-securite-lalgerie-reitere-son-appel-a-la-levee-de-linjustice-faite-a-lafrique\/","og_site_name":"La Sentinelle","article_publisher":"https:\/\/www.facebook.com\/La-Sentinelle-104059864394773","article_published_time":"2025-10-25T18:12:52+00:00","article_modified_time":"2025-10-25T18:12:53+00:00","og_image":[{"width":900,"height":675,"url":"https:\/\/lasentinelle.dz\/wp-content\/uploads\/2025\/02\/bendjama.jpeg","type":"image\/jpeg"}],"author":"admin","twitter_card":"summary_large_image","twitter_misc":{"\u00c9crit par":"admin","Dur\u00e9e de lecture estim\u00e9e":"5 minutes"},"schema":{"@context":"https:\/\/schema.org","@graph":[{"@type":"Article","@id":"https:\/\/lasentinelle.dz\/index.php\/2025\/10\/25\/reforme-du-conseil-de-securite-lalgerie-reitere-son-appel-a-la-levee-de-linjustice-faite-a-lafrique\/#article","isPartOf":{"@id":"https:\/\/lasentinelle.dz\/index.php\/2025\/10\/25\/reforme-du-conseil-de-securite-lalgerie-reitere-son-appel-a-la-levee-de-linjustice-faite-a-lafrique\/"},"author":{"name":"admin","@id":"https:\/\/lasentinelle.dz\/#\/schema\/person\/729ee0024f24e0b8c5ec17232f8e8b41"},"headline":"R\u00e9forme du Conseil de s\u00e9curit\u00e9\u00a0: L&rsquo;Alg\u00e9rie r\u00e9it\u00e8re son appel \u00e0 la lev\u00e9e de l&rsquo;injustice faite \u00e0 l&rsquo;Afrique","datePublished":"2025-10-25T18:12:52+00:00","dateModified":"2025-10-25T18:12:53+00:00","mainEntityOfPage":{"@id":"https:\/\/lasentinelle.dz\/index.php\/2025\/10\/25\/reforme-du-conseil-de-securite-lalgerie-reitere-son-appel-a-la-levee-de-linjustice-faite-a-lafrique\/"},"wordCount":901,"commentCount":0,"publisher":{"@id":"https:\/\/lasentinelle.dz\/#organization"},"image":{"@id":"https:\/\/lasentinelle.dz\/index.php\/2025\/10\/25\/reforme-du-conseil-de-securite-lalgerie-reitere-son-appel-a-la-levee-de-linjustice-faite-a-lafrique\/#primaryimage"},"thumbnailUrl":"https:\/\/lasentinelle.dz\/wp-content\/uploads\/2025\/02\/bendjama.jpeg","articleSection":["Actualit\u00e9"],"inLanguage":"fr-FR","potentialAction":[{"@type":"CommentAction","name":"Comment","target":["https:\/\/lasentinelle.dz\/index.php\/2025\/10\/25\/reforme-du-conseil-de-securite-lalgerie-reitere-son-appel-a-la-levee-de-linjustice-faite-a-lafrique\/#respond"]}]},{"@type":"WebPage","@id":"https:\/\/lasentinelle.dz\/index.php\/2025\/10\/25\/reforme-du-conseil-de-securite-lalgerie-reitere-son-appel-a-la-levee-de-linjustice-faite-a-lafrique\/","url":"https:\/\/lasentinelle.dz\/index.php\/2025\/10\/25\/reforme-du-conseil-de-securite-lalgerie-reitere-son-appel-a-la-levee-de-linjustice-faite-a-lafrique\/","name":"R\u00e9forme du Conseil de s\u00e9curit\u00e9\u00a0: L&rsquo;Alg\u00e9rie r\u00e9it\u00e8re son appel \u00e0 la lev\u00e9e de l&rsquo;injustice faite \u00e0 l&rsquo;Afrique - La Sentinelle","isPartOf":{"@id":"https:\/\/lasentinelle.dz\/#website"},"primaryImageOfPage":{"@id":"https:\/\/lasentinelle.dz\/index.php\/2025\/10\/25\/reforme-du-conseil-de-securite-lalgerie-reitere-son-appel-a-la-levee-de-linjustice-faite-a-lafrique\/#primaryimage"},"image":{"@id":"https:\/\/lasentinelle.dz\/index.php\/2025\/10\/25\/reforme-du-conseil-de-securite-lalgerie-reitere-son-appel-a-la-levee-de-linjustice-faite-a-lafrique\/#primaryimage"},"thumbnailUrl":"https:\/\/lasentinelle.dz\/wp-content\/uploads\/2025\/02\/bendjama.jpeg","datePublished":"2025-10-25T18:12:52+00:00","dateModified":"2025-10-25T18:12:53+00:00","breadcrumb":{"@id":"https:\/\/lasentinelle.dz\/index.php\/2025\/10\/25\/reforme-du-conseil-de-securite-lalgerie-reitere-son-appel-a-la-levee-de-linjustice-faite-a-lafrique\/#breadcrumb"},"inLanguage":"fr-FR","potentialAction":[{"@type":"ReadAction","target":["https:\/\/lasentinelle.dz\/index.php\/2025\/10\/25\/reforme-du-conseil-de-securite-lalgerie-reitere-son-appel-a-la-levee-de-linjustice-faite-a-lafrique\/"]}]},{"@type":"ImageObject","inLanguage":"fr-FR","@id":"https:\/\/lasentinelle.dz\/index.php\/2025\/10\/25\/reforme-du-conseil-de-securite-lalgerie-reitere-son-appel-a-la-levee-de-linjustice-faite-a-lafrique\/#primaryimage","url":"https:\/\/lasentinelle.dz\/wp-content\/uploads\/2025\/02\/bendjama.jpeg","contentUrl":"https:\/\/lasentinelle.dz\/wp-content\/uploads\/2025\/02\/bendjama.jpeg","width":900,"height":675},{"@type":"BreadcrumbList","@id":"https:\/\/lasentinelle.dz\/index.php\/2025\/10\/25\/reforme-du-conseil-de-securite-lalgerie-reitere-son-appel-a-la-levee-de-linjustice-faite-a-lafrique\/#breadcrumb","itemListElement":[{"@type":"ListItem","position":1,"name":"Accueil","item":"https:\/\/lasentinelle.dz\/"},{"@type":"ListItem","position":2,"name":"R\u00e9forme du Conseil de s\u00e9curit\u00e9\u00a0: L&rsquo;Alg\u00e9rie r\u00e9it\u00e8re son appel \u00e0 la lev\u00e9e de l&rsquo;injustice faite \u00e0 l&rsquo;Afrique"}]},{"@type":"WebSite","@id":"https:\/\/lasentinelle.dz\/#website","url":"https:\/\/lasentinelle.dz\/","name":"La Sentinelle","description":"Quotidien national d&#039;information","publisher":{"@id":"https:\/\/lasentinelle.dz\/#organization"},"potentialAction":[{"@type":"SearchAction","target":{"@type":"EntryPoint","urlTemplate":"https:\/\/lasentinelle.dz\/?s={search_term_string}"},"query-input":{"@type":"PropertyValueSpecification","valueRequired":true,"valueName":"search_term_string"}}],"inLanguage":"fr-FR"},{"@type":"Organization","@id":"https:\/\/lasentinelle.dz\/#organization","name":"Quotidien La Sentinelle","url":"https:\/\/lasentinelle.dz\/","logo":{"@type":"ImageObject","inLanguage":"fr-FR","@id":"https:\/\/lasentinelle.dz\/#\/schema\/logo\/image\/","url":"https:\/\/lasentinelle.dz\/wp-content\/uploads\/2021\/09\/logo-sentinelleSLOGAN-1.png","contentUrl":"https:\/\/lasentinelle.dz\/wp-content\/uploads\/2021\/09\/logo-sentinelleSLOGAN-1.png","width":615,"height":142,"caption":"Quotidien La Sentinelle"},"image":{"@id":"https:\/\/lasentinelle.dz\/#\/schema\/logo\/image\/"},"sameAs":["https:\/\/www.facebook.com\/La-Sentinelle-104059864394773"]},{"@type":"Person","@id":"https:\/\/lasentinelle.dz\/#\/schema\/person\/729ee0024f24e0b8c5ec17232f8e8b41","name":"admin","image":{"@type":"ImageObject","inLanguage":"fr-FR","@id":"https:\/\/secure.gravatar.com\/avatar\/4c81fed838786e9b53f540bf46533e750f5d292099ae3b66cfc6fb1982e29df7?s=96&d=mm&r=g","url":"https:\/\/secure.gravatar.com\/avatar\/4c81fed838786e9b53f540bf46533e750f5d292099ae3b66cfc6fb1982e29df7?s=96&d=mm&r=g","contentUrl":"https:\/\/secure.gravatar.com\/avatar\/4c81fed838786e9b53f540bf46533e750f5d292099ae3b66cfc6fb1982e29df7?s=96&d=mm&r=g","caption":"admin"},"description":"admin","url":"https:\/\/lasentinelle.dz\/author\/admin\/"}]}},"_links":{"self":[{"href":"https:\/\/lasentinelle.dz\/index.php\/wp-json\/wp\/v2\/posts\/75251","targetHints":{"allow":["GET"]}}],"collection":[{"href":"https:\/\/lasentinelle.dz\/index.php\/wp-json\/wp\/v2\/posts"}],"about":[{"href":"https:\/\/lasentinelle.dz\/index.php\/wp-json\/wp\/v2\/types\/post"}],"author":[{"embeddable":true,"href":"https:\/\/lasentinelle.dz\/index.php\/wp-json\/wp\/v2\/users\/6"}],"replies":[{"embeddable":true,"href":"https:\/\/lasentinelle.dz\/index.php\/wp-json\/wp\/v2\/comments?post=75251"}],"version-history":[{"count":2,"href":"https:\/\/lasentinelle.dz\/index.php\/wp-json\/wp\/v2\/posts\/75251\/revisions"}],"predecessor-version":[{"id":75253,"href":"https:\/\/lasentinelle.dz\/index.php\/wp-json\/wp\/v2\/posts\/75251\/revisions\/75253"}],"wp:featuredmedia":[{"embeddable":true,"href":"https:\/\/lasentinelle.dz\/index.php\/wp-json\/wp\/v2\/media\/62412"}],"wp:attachment":[{"href":"https:\/\/lasentinelle.dz\/index.php\/wp-json\/wp\/v2\/media?parent=75251"}],"wp:term":[{"taxonomy":"category","embeddable":true,"href":"https:\/\/lasentinelle.dz\/index.php\/wp-json\/wp\/v2\/categories?post=75251"},{"taxonomy":"post_tag","embeddable":true,"href":"https:\/\/lasentinelle.dz\/index.php\/wp-json\/wp\/v2\/tags?post=75251"}],"curies":[{"name":"wp","href":"https:\/\/api.w.org\/{rel}","templated":true}]}}