{"id":75254,"date":"2025-10-25T19:13:32","date_gmt":"2025-10-25T18:13:32","guid":{"rendered":"https:\/\/lasentinelle.dz\/?p=75254"},"modified":"2025-10-25T19:13:33","modified_gmt":"2025-10-25T18:13:33","slug":"politique-zerouati-plebiscitee-a-la-tete-de-taj","status":"publish","type":"post","link":"https:\/\/lasentinelle.dz\/index.php\/2025\/10\/25\/politique-zerouati-plebiscitee-a-la-tete-de-taj\/","title":{"rendered":"Politique\u00a0: Zerouati pl\u00e9biscit\u00e9e \u00e0 la t\u00eate de TAJ"},"content":{"rendered":"\n<p>Trois formations politiques ont anim\u00e9 samedi la sc\u00e8ne partisane avec des \u00e9v\u00e9nements marqu\u00e9s par le renouvellement des instances dirigeantes, l&rsquo;appel \u00e0 l&rsquo;engagement citoyen et la promotion de la participation f\u00e9minine dans la vie politique nationale.<\/p>\n\n\n\n<p>\u00c0 Alger, Fatma-Zohra Zerouati a \u00e9t\u00e9 pl\u00e9biscit\u00e9e \u00e0 l&rsquo;unanimit\u00e9 \u00e0 la pr\u00e9sidence du parti Tajamou Amel El Djazair (TAJ) pour un nouveau mandat, lors de la s\u00e9ance d&rsquo;ouverture du deuxi\u00e8me congr\u00e8s national du parti qui s&rsquo;est tenu les 24 et 25 octobre. &nbsp;\u00c0 Mostaganem, le secr\u00e9taire g\u00e9n\u00e9ral du Rassemblement national d\u00e9mocratique (RND), Moundir Bouden, a trac\u00e9 les contours d&rsquo;une strat\u00e9gie de renouvellement partisan lors d&rsquo;un rassemblement r\u00e9gional r\u00e9unissant des d\u00e9l\u00e9gations de dix wilayas de l&rsquo;Ouest \u00e0 la salle de cin\u00e9ma Mohamed El-Habib Hachelaf. Le responsable a appel\u00e9 \u00e0 mobiliser les jeunes, les femmes et les comp\u00e9tences alg\u00e9riennes \u00e9tablies \u00e0 l&rsquo;\u00e9tranger afin de dynamiser l&rsquo;action politique et renforcer les rangs du parti. Cette d\u00e9marche constitue, selon lui, un \u00ab\u00a0pilier essentiel\u00a0\u00bb de la \u00ab\u00a0nouvelle feuille de route\u00a0\u00bb du RND visant \u00e0 impliquer toutes les forces vives du pays dans le service de la nation et du parti. Moundir Bouden a rappel\u00e9 que depuis son dernier congr\u00e8s, le RND a lanc\u00e9 plusieurs chantiers de formation politique ax\u00e9s sur la communication, la mobilisation et les relations entre \u00e9lus, militants et citoyens, tout en cr\u00e9ant de nouveaux espaces d&rsquo;\u00e9changes adapt\u00e9s aux d\u00e9fis actuels. Le secr\u00e9taire g\u00e9n\u00e9ral a \u00e9galement mis en garde contre les campagnes de d\u00e9sinformation visant \u00e0 \u00ab\u00a0semer le doute et occulter les r\u00e9alisations de l&rsquo;\u00c9tat\u00a0\u00bb, invitant les militants \u00e0 faire preuve de discernement face aux fausses informations diffus\u00e9es sur les r\u00e9seaux sociaux. Le responsable du RND a dress\u00e9 un bilan positif des progr\u00e8s r\u00e9alis\u00e9s par l&rsquo;Alg\u00e9rie dans plusieurs secteurs cl\u00e9s, notamment la s\u00e9curit\u00e9 alimentaire et hydrique, la r\u00e9duction des p\u00e9nuries, et la baisse des importations de mat\u00e9riaux de construction, de produits pharmaceutiques et d&rsquo;\u00e9lectrom\u00e9nager. \u00ab\u00a0L&rsquo;Alg\u00e9rie est m\u00eame devenue exportatrice dans certains domaines\u00a0\u00bb, a-t-il soulign\u00e9. \u00c9voquant le projet de loi de finances 2026, il a annonc\u00e9 la cr\u00e9ation pr\u00e9vue de 100.000 emplois, principalement dans les secteurs de la sant\u00e9 et de l&rsquo;\u00e9ducation. Moundir Bouden a salu\u00e9 le programme du pr\u00e9sident de la R\u00e9publique, Abdelmadjid Tebboune, ainsi que les succ\u00e8s de la diplomatie alg\u00e9rienne, en particulier son engagement constant en faveur de la cause palestinienne. \u00ab\u00a0L&rsquo;Alg\u00e9rie demeure la voix des opprim\u00e9s\u00a0\u00bb, a-t-il affirm\u00e9, avant d&rsquo;appeler les citoyens \u00e0 s&rsquo;inscrire massivement sur les listes \u00e9lectorales, estimant que \u00ab\u00a0l&rsquo;acte \u00e9lectoral est un devoir national qu&rsquo;aucun Alg\u00e9rien ne devrait n\u00e9gliger\u00a0\u00bb.<\/p>\n\n\n\n<p>\u00c0 Oran, le parti Sawt Echa\u00e2b a plac\u00e9 la question de la participation f\u00e9minine au c\u0153ur de ses pr\u00e9occupations lors d&rsquo;une rencontre r\u00e9gionale regroupant les militantes issues des wilayas de l&rsquo;Ouest du pays. Le pr\u00e9sident du parti, Lamine Osmani, a d\u00e9clar\u00e9 que la femme militante est devenue une \u00ab\u00a0pierre angulaire\u00a0\u00bb et un \u00ab\u00a0acteur r\u00e9el\u00a0\u00bb de la vie politique nationale. Il a soulign\u00e9 que son parti \u0153uvre \u00e0 promouvoir la participation des femmes dans la lutte politique, celles-ci ayant prouv\u00e9 leur capacit\u00e9 \u00e0 diriger et \u00e0 participer activement dans tous les domaines. Lamine Osmani a appel\u00e9 \u00e0 accorder une attention particuli\u00e8re au r\u00f4le de la femme dans la vie politique, en \u0153uvrant \u00e0 renforcer sa participation et \u00e0 lui permettre d&rsquo;assumer pleinement sa place dans le processus politique.<\/p>\n\n\n\n<p>Hocine Fadheli<\/p>\n","protected":false},"excerpt":{"rendered":"<p>Trois formations politiques ont anim\u00e9 samedi la sc\u00e8ne partisane avec des \u00e9v\u00e9nements marqu\u00e9s par le renouvellement des instances dirigeantes, l&rsquo;appel<\/p>\n","protected":false},"author":6,"featured_media":66011,"comment_status":"open","ping_status":"closed","sticky":false,"template":"","format":"standard","meta":{"colormag_page_container_layout":"default_layout","colormag_page_sidebar_layout":"default_layout","om_disable_all_campaigns":false,"_monsterinsights_skip_tracking":false,"_monsterinsights_sitenote_active":false,"_monsterinsights_sitenote_note":"","_monsterinsights_sitenote_category":0,"footnotes":"","_wpscppro_dont_share_socialmedia":false,"_wpscppro_custom_social_share_image":0,"_facebook_share_type":"default","_twitter_share_type":"default","_linkedin_share_type":"default","_pinterest_share_type":"default","_linkedin_share_type_page":"","_instagram_share_type":"default","_medium_share_type":"default","_threads_share_type":"default","_google_business_share_type":"default","_selected_social_profile":[],"_wpsp_enable_custom_social_template":false,"_wpsp_social_scheduling":{"enabled":false,"datetime":null,"platforms":[],"status":"template_only","dateOption":"today","timeOption":"now","customDays":"","customHours":"","customDate":"","customTime":"","schedulingType":"absolute"},"_wpsp_active_default_template":true},"categories":[28],"tags":[],"class_list":["post-75254","post","type-post","status-publish","format-standard","has-post-thumbnail","hentry","category-politique"],"aioseo_notices":[],"yoast_head":"<!-- This site is optimized with the Yoast SEO plugin v27.5 - https:\/\/yoast.com\/product\/yoast-seo-wordpress\/ -->\n<title>Politique\u00a0: Zerouati pl\u00e9biscit\u00e9e \u00e0 la t\u00eate de TAJ - La Sentinelle<\/title>\n<meta name=\"robots\" content=\"index, follow, max-snippet:-1, max-image-preview:large, max-video-preview:-1\" \/>\n<link rel=\"canonical\" href=\"https:\/\/lasentinelle.dz\/index.php\/2025\/10\/25\/politique-zerouati-plebiscitee-a-la-tete-de-taj\/\" \/>\n<meta property=\"og:locale\" content=\"fr_FR\" \/>\n<meta property=\"og:type\" content=\"article\" \/>\n<meta property=\"og:title\" content=\"Politique\u00a0: Zerouati pl\u00e9biscit\u00e9e \u00e0 la t\u00eate de TAJ - La Sentinelle\" \/>\n<meta property=\"og:description\" content=\"Trois formations politiques ont anim\u00e9 samedi la sc\u00e8ne partisane avec des \u00e9v\u00e9nements marqu\u00e9s par le renouvellement des instances dirigeantes, l&rsquo;appel\" \/>\n<meta property=\"og:url\" content=\"https:\/\/lasentinelle.dz\/index.php\/2025\/10\/25\/politique-zerouati-plebiscitee-a-la-tete-de-taj\/\" \/>\n<meta property=\"og:site_name\" content=\"La Sentinelle\" \/>\n<meta property=\"article:publisher\" content=\"https:\/\/www.facebook.com\/La-Sentinelle-104059864394773\" \/>\n<meta property=\"article:published_time\" content=\"2025-10-25T18:13:32+00:00\" \/>\n<meta property=\"article:modified_time\" content=\"2025-10-25T18:13:33+00:00\" \/>\n<meta property=\"og:image\" content=\"https:\/\/lasentinelle.dz\/wp-content\/uploads\/2025\/04\/zerouati.jpg\" \/>\n\t<meta property=\"og:image:width\" content=\"620\" \/>\n\t<meta property=\"og:image:height\" content=\"410\" \/>\n\t<meta property=\"og:image:type\" content=\"image\/jpeg\" \/>\n<meta name=\"author\" content=\"admin\" \/>\n<meta name=\"twitter:card\" content=\"summary_large_image\" \/>\n<meta name=\"twitter:label1\" content=\"\u00c9crit par\" \/>\n\t<meta name=\"twitter:data1\" content=\"admin\" \/>\n\t<meta name=\"twitter:label2\" content=\"Dur\u00e9e de lecture estim\u00e9e\" \/>\n\t<meta name=\"twitter:data2\" content=\"3 minutes\" \/>\n<script type=\"application\/ld+json\" class=\"yoast-schema-graph\">{\"@context\":\"https:\\\/\\\/schema.org\",\"@graph\":[{\"@type\":\"Article\",\"@id\":\"https:\\\/\\\/lasentinelle.dz\\\/index.php\\\/2025\\\/10\\\/25\\\/politique-zerouati-plebiscitee-a-la-tete-de-taj\\\/#article\",\"isPartOf\":{\"@id\":\"https:\\\/\\\/lasentinelle.dz\\\/index.php\\\/2025\\\/10\\\/25\\\/politique-zerouati-plebiscitee-a-la-tete-de-taj\\\/\"},\"author\":{\"name\":\"admin\",\"@id\":\"https:\\\/\\\/lasentinelle.dz\\\/#\\\/schema\\\/person\\\/729ee0024f24e0b8c5ec17232f8e8b41\"},\"headline\":\"Politique\u00a0: Zerouati pl\u00e9biscit\u00e9e \u00e0 la t\u00eate de TAJ\",\"datePublished\":\"2025-10-25T18:13:32+00:00\",\"dateModified\":\"2025-10-25T18:13:33+00:00\",\"mainEntityOfPage\":{\"@id\":\"https:\\\/\\\/lasentinelle.dz\\\/index.php\\\/2025\\\/10\\\/25\\\/politique-zerouati-plebiscitee-a-la-tete-de-taj\\\/\"},\"wordCount\":615,\"commentCount\":0,\"publisher\":{\"@id\":\"https:\\\/\\\/lasentinelle.dz\\\/#organization\"},\"image\":{\"@id\":\"https:\\\/\\\/lasentinelle.dz\\\/index.php\\\/2025\\\/10\\\/25\\\/politique-zerouati-plebiscitee-a-la-tete-de-taj\\\/#primaryimage\"},\"thumbnailUrl\":\"https:\\\/\\\/lasentinelle.dz\\\/wp-content\\\/uploads\\\/2025\\\/04\\\/zerouati.jpg\",\"articleSection\":[\"Politique\"],\"inLanguage\":\"fr-FR\",\"potentialAction\":[{\"@type\":\"CommentAction\",\"name\":\"Comment\",\"target\":[\"https:\\\/\\\/lasentinelle.dz\\\/index.php\\\/2025\\\/10\\\/25\\\/politique-zerouati-plebiscitee-a-la-tete-de-taj\\\/#respond\"]}]},{\"@type\":\"WebPage\",\"@id\":\"https:\\\/\\\/lasentinelle.dz\\\/index.php\\\/2025\\\/10\\\/25\\\/politique-zerouati-plebiscitee-a-la-tete-de-taj\\\/\",\"url\":\"https:\\\/\\\/lasentinelle.dz\\\/index.php\\\/2025\\\/10\\\/25\\\/politique-zerouati-plebiscitee-a-la-tete-de-taj\\\/\",\"name\":\"Politique\u00a0: Zerouati pl\u00e9biscit\u00e9e \u00e0 la t\u00eate de TAJ - La Sentinelle\",\"isPartOf\":{\"@id\":\"https:\\\/\\\/lasentinelle.dz\\\/#website\"},\"primaryImageOfPage\":{\"@id\":\"https:\\\/\\\/lasentinelle.dz\\\/index.php\\\/2025\\\/10\\\/25\\\/politique-zerouati-plebiscitee-a-la-tete-de-taj\\\/#primaryimage\"},\"image\":{\"@id\":\"https:\\\/\\\/lasentinelle.dz\\\/index.php\\\/2025\\\/10\\\/25\\\/politique-zerouati-plebiscitee-a-la-tete-de-taj\\\/#primaryimage\"},\"thumbnailUrl\":\"https:\\\/\\\/lasentinelle.dz\\\/wp-content\\\/uploads\\\/2025\\\/04\\\/zerouati.jpg\",\"datePublished\":\"2025-10-25T18:13:32+00:00\",\"dateModified\":\"2025-10-25T18:13:33+00:00\",\"breadcrumb\":{\"@id\":\"https:\\\/\\\/lasentinelle.dz\\\/index.php\\\/2025\\\/10\\\/25\\\/politique-zerouati-plebiscitee-a-la-tete-de-taj\\\/#breadcrumb\"},\"inLanguage\":\"fr-FR\",\"potentialAction\":[{\"@type\":\"ReadAction\",\"target\":[\"https:\\\/\\\/lasentinelle.dz\\\/index.php\\\/2025\\\/10\\\/25\\\/politique-zerouati-plebiscitee-a-la-tete-de-taj\\\/\"]}]},{\"@type\":\"ImageObject\",\"inLanguage\":\"fr-FR\",\"@id\":\"https:\\\/\\\/lasentinelle.dz\\\/index.php\\\/2025\\\/10\\\/25\\\/politique-zerouati-plebiscitee-a-la-tete-de-taj\\\/#primaryimage\",\"url\":\"https:\\\/\\\/lasentinelle.dz\\\/wp-content\\\/uploads\\\/2025\\\/04\\\/zerouati.jpg\",\"contentUrl\":\"https:\\\/\\\/lasentinelle.dz\\\/wp-content\\\/uploads\\\/2025\\\/04\\\/zerouati.jpg\",\"width\":620,\"height\":410},{\"@type\":\"BreadcrumbList\",\"@id\":\"https:\\\/\\\/lasentinelle.dz\\\/index.php\\\/2025\\\/10\\\/25\\\/politique-zerouati-plebiscitee-a-la-tete-de-taj\\\/#breadcrumb\",\"itemListElement\":[{\"@type\":\"ListItem\",\"position\":1,\"name\":\"Accueil\",\"item\":\"https:\\\/\\\/lasentinelle.dz\\\/\"},{\"@type\":\"ListItem\",\"position\":2,\"name\":\"Politique\u00a0: Zerouati pl\u00e9biscit\u00e9e \u00e0 la t\u00eate de TAJ\"}]},{\"@type\":\"WebSite\",\"@id\":\"https:\\\/\\\/lasentinelle.dz\\\/#website\",\"url\":\"https:\\\/\\\/lasentinelle.dz\\\/\",\"name\":\"La Sentinelle\",\"description\":\"Quotidien national d&#039;information\",\"publisher\":{\"@id\":\"https:\\\/\\\/lasentinelle.dz\\\/#organization\"},\"potentialAction\":[{\"@type\":\"SearchAction\",\"target\":{\"@type\":\"EntryPoint\",\"urlTemplate\":\"https:\\\/\\\/lasentinelle.dz\\\/?s={search_term_string}\"},\"query-input\":{\"@type\":\"PropertyValueSpecification\",\"valueRequired\":true,\"valueName\":\"search_term_string\"}}],\"inLanguage\":\"fr-FR\"},{\"@type\":\"Organization\",\"@id\":\"https:\\\/\\\/lasentinelle.dz\\\/#organization\",\"name\":\"Quotidien La Sentinelle\",\"url\":\"https:\\\/\\\/lasentinelle.dz\\\/\",\"logo\":{\"@type\":\"ImageObject\",\"inLanguage\":\"fr-FR\",\"@id\":\"https:\\\/\\\/lasentinelle.dz\\\/#\\\/schema\\\/logo\\\/image\\\/\",\"url\":\"https:\\\/\\\/lasentinelle.dz\\\/wp-content\\\/uploads\\\/2021\\\/09\\\/logo-sentinelleSLOGAN-1.png\",\"contentUrl\":\"https:\\\/\\\/lasentinelle.dz\\\/wp-content\\\/uploads\\\/2021\\\/09\\\/logo-sentinelleSLOGAN-1.png\",\"width\":615,\"height\":142,\"caption\":\"Quotidien La Sentinelle\"},\"image\":{\"@id\":\"https:\\\/\\\/lasentinelle.dz\\\/#\\\/schema\\\/logo\\\/image\\\/\"},\"sameAs\":[\"https:\\\/\\\/www.facebook.com\\\/La-Sentinelle-104059864394773\"]},{\"@type\":\"Person\",\"@id\":\"https:\\\/\\\/lasentinelle.dz\\\/#\\\/schema\\\/person\\\/729ee0024f24e0b8c5ec17232f8e8b41\",\"name\":\"admin\",\"image\":{\"@type\":\"ImageObject\",\"inLanguage\":\"fr-FR\",\"@id\":\"https:\\\/\\\/secure.gravatar.com\\\/avatar\\\/4c81fed838786e9b53f540bf46533e750f5d292099ae3b66cfc6fb1982e29df7?s=96&d=mm&r=g\",\"url\":\"https:\\\/\\\/secure.gravatar.com\\\/avatar\\\/4c81fed838786e9b53f540bf46533e750f5d292099ae3b66cfc6fb1982e29df7?s=96&d=mm&r=g\",\"contentUrl\":\"https:\\\/\\\/secure.gravatar.com\\\/avatar\\\/4c81fed838786e9b53f540bf46533e750f5d292099ae3b66cfc6fb1982e29df7?s=96&d=mm&r=g\",\"caption\":\"admin\"},\"description\":\"admin\",\"url\":\"https:\\\/\\\/lasentinelle.dz\\\/author\\\/admin\\\/\"}]}<\/script>\n<!-- \/ Yoast SEO plugin. -->","yoast_head_json":{"title":"Politique\u00a0: Zerouati pl\u00e9biscit\u00e9e \u00e0 la t\u00eate de TAJ - La Sentinelle","robots":{"index":"index","follow":"follow","max-snippet":"max-snippet:-1","max-image-preview":"max-image-preview:large","max-video-preview":"max-video-preview:-1"},"canonical":"https:\/\/lasentinelle.dz\/index.php\/2025\/10\/25\/politique-zerouati-plebiscitee-a-la-tete-de-taj\/","og_locale":"fr_FR","og_type":"article","og_title":"Politique\u00a0: Zerouati pl\u00e9biscit\u00e9e \u00e0 la t\u00eate de TAJ - La Sentinelle","og_description":"Trois formations politiques ont anim\u00e9 samedi la sc\u00e8ne partisane avec des \u00e9v\u00e9nements marqu\u00e9s par le renouvellement des instances dirigeantes, l&rsquo;appel","og_url":"https:\/\/lasentinelle.dz\/index.php\/2025\/10\/25\/politique-zerouati-plebiscitee-a-la-tete-de-taj\/","og_site_name":"La Sentinelle","article_publisher":"https:\/\/www.facebook.com\/La-Sentinelle-104059864394773","article_published_time":"2025-10-25T18:13:32+00:00","article_modified_time":"2025-10-25T18:13:33+00:00","og_image":[{"width":620,"height":410,"url":"https:\/\/lasentinelle.dz\/wp-content\/uploads\/2025\/04\/zerouati.jpg","type":"image\/jpeg"}],"author":"admin","twitter_card":"summary_large_image","twitter_misc":{"\u00c9crit par":"admin","Dur\u00e9e de lecture estim\u00e9e":"3 minutes"},"schema":{"@context":"https:\/\/schema.org","@graph":[{"@type":"Article","@id":"https:\/\/lasentinelle.dz\/index.php\/2025\/10\/25\/politique-zerouati-plebiscitee-a-la-tete-de-taj\/#article","isPartOf":{"@id":"https:\/\/lasentinelle.dz\/index.php\/2025\/10\/25\/politique-zerouati-plebiscitee-a-la-tete-de-taj\/"},"author":{"name":"admin","@id":"https:\/\/lasentinelle.dz\/#\/schema\/person\/729ee0024f24e0b8c5ec17232f8e8b41"},"headline":"Politique\u00a0: Zerouati pl\u00e9biscit\u00e9e \u00e0 la t\u00eate de TAJ","datePublished":"2025-10-25T18:13:32+00:00","dateModified":"2025-10-25T18:13:33+00:00","mainEntityOfPage":{"@id":"https:\/\/lasentinelle.dz\/index.php\/2025\/10\/25\/politique-zerouati-plebiscitee-a-la-tete-de-taj\/"},"wordCount":615,"commentCount":0,"publisher":{"@id":"https:\/\/lasentinelle.dz\/#organization"},"image":{"@id":"https:\/\/lasentinelle.dz\/index.php\/2025\/10\/25\/politique-zerouati-plebiscitee-a-la-tete-de-taj\/#primaryimage"},"thumbnailUrl":"https:\/\/lasentinelle.dz\/wp-content\/uploads\/2025\/04\/zerouati.jpg","articleSection":["Politique"],"inLanguage":"fr-FR","potentialAction":[{"@type":"CommentAction","name":"Comment","target":["https:\/\/lasentinelle.dz\/index.php\/2025\/10\/25\/politique-zerouati-plebiscitee-a-la-tete-de-taj\/#respond"]}]},{"@type":"WebPage","@id":"https:\/\/lasentinelle.dz\/index.php\/2025\/10\/25\/politique-zerouati-plebiscitee-a-la-tete-de-taj\/","url":"https:\/\/lasentinelle.dz\/index.php\/2025\/10\/25\/politique-zerouati-plebiscitee-a-la-tete-de-taj\/","name":"Politique\u00a0: Zerouati pl\u00e9biscit\u00e9e \u00e0 la t\u00eate de TAJ - La Sentinelle","isPartOf":{"@id":"https:\/\/lasentinelle.dz\/#website"},"primaryImageOfPage":{"@id":"https:\/\/lasentinelle.dz\/index.php\/2025\/10\/25\/politique-zerouati-plebiscitee-a-la-tete-de-taj\/#primaryimage"},"image":{"@id":"https:\/\/lasentinelle.dz\/index.php\/2025\/10\/25\/politique-zerouati-plebiscitee-a-la-tete-de-taj\/#primaryimage"},"thumbnailUrl":"https:\/\/lasentinelle.dz\/wp-content\/uploads\/2025\/04\/zerouati.jpg","datePublished":"2025-10-25T18:13:32+00:00","dateModified":"2025-10-25T18:13:33+00:00","breadcrumb":{"@id":"https:\/\/lasentinelle.dz\/index.php\/2025\/10\/25\/politique-zerouati-plebiscitee-a-la-tete-de-taj\/#breadcrumb"},"inLanguage":"fr-FR","potentialAction":[{"@type":"ReadAction","target":["https:\/\/lasentinelle.dz\/index.php\/2025\/10\/25\/politique-zerouati-plebiscitee-a-la-tete-de-taj\/"]}]},{"@type":"ImageObject","inLanguage":"fr-FR","@id":"https:\/\/lasentinelle.dz\/index.php\/2025\/10\/25\/politique-zerouati-plebiscitee-a-la-tete-de-taj\/#primaryimage","url":"https:\/\/lasentinelle.dz\/wp-content\/uploads\/2025\/04\/zerouati.jpg","contentUrl":"https:\/\/lasentinelle.dz\/wp-content\/uploads\/2025\/04\/zerouati.jpg","width":620,"height":410},{"@type":"BreadcrumbList","@id":"https:\/\/lasentinelle.dz\/index.php\/2025\/10\/25\/politique-zerouati-plebiscitee-a-la-tete-de-taj\/#breadcrumb","itemListElement":[{"@type":"ListItem","position":1,"name":"Accueil","item":"https:\/\/lasentinelle.dz\/"},{"@type":"ListItem","position":2,"name":"Politique\u00a0: Zerouati pl\u00e9biscit\u00e9e \u00e0 la t\u00eate de TAJ"}]},{"@type":"WebSite","@id":"https:\/\/lasentinelle.dz\/#website","url":"https:\/\/lasentinelle.dz\/","name":"La Sentinelle","description":"Quotidien national d&#039;information","publisher":{"@id":"https:\/\/lasentinelle.dz\/#organization"},"potentialAction":[{"@type":"SearchAction","target":{"@type":"EntryPoint","urlTemplate":"https:\/\/lasentinelle.dz\/?s={search_term_string}"},"query-input":{"@type":"PropertyValueSpecification","valueRequired":true,"valueName":"search_term_string"}}],"inLanguage":"fr-FR"},{"@type":"Organization","@id":"https:\/\/lasentinelle.dz\/#organization","name":"Quotidien La Sentinelle","url":"https:\/\/lasentinelle.dz\/","logo":{"@type":"ImageObject","inLanguage":"fr-FR","@id":"https:\/\/lasentinelle.dz\/#\/schema\/logo\/image\/","url":"https:\/\/lasentinelle.dz\/wp-content\/uploads\/2021\/09\/logo-sentinelleSLOGAN-1.png","contentUrl":"https:\/\/lasentinelle.dz\/wp-content\/uploads\/2021\/09\/logo-sentinelleSLOGAN-1.png","width":615,"height":142,"caption":"Quotidien La Sentinelle"},"image":{"@id":"https:\/\/lasentinelle.dz\/#\/schema\/logo\/image\/"},"sameAs":["https:\/\/www.facebook.com\/La-Sentinelle-104059864394773"]},{"@type":"Person","@id":"https:\/\/lasentinelle.dz\/#\/schema\/person\/729ee0024f24e0b8c5ec17232f8e8b41","name":"admin","image":{"@type":"ImageObject","inLanguage":"fr-FR","@id":"https:\/\/secure.gravatar.com\/avatar\/4c81fed838786e9b53f540bf46533e750f5d292099ae3b66cfc6fb1982e29df7?s=96&d=mm&r=g","url":"https:\/\/secure.gravatar.com\/avatar\/4c81fed838786e9b53f540bf46533e750f5d292099ae3b66cfc6fb1982e29df7?s=96&d=mm&r=g","contentUrl":"https:\/\/secure.gravatar.com\/avatar\/4c81fed838786e9b53f540bf46533e750f5d292099ae3b66cfc6fb1982e29df7?s=96&d=mm&r=g","caption":"admin"},"description":"admin","url":"https:\/\/lasentinelle.dz\/author\/admin\/"}]}},"_links":{"self":[{"href":"https:\/\/lasentinelle.dz\/index.php\/wp-json\/wp\/v2\/posts\/75254","targetHints":{"allow":["GET"]}}],"collection":[{"href":"https:\/\/lasentinelle.dz\/index.php\/wp-json\/wp\/v2\/posts"}],"about":[{"href":"https:\/\/lasentinelle.dz\/index.php\/wp-json\/wp\/v2\/types\/post"}],"author":[{"embeddable":true,"href":"https:\/\/lasentinelle.dz\/index.php\/wp-json\/wp\/v2\/users\/6"}],"replies":[{"embeddable":true,"href":"https:\/\/lasentinelle.dz\/index.php\/wp-json\/wp\/v2\/comments?post=75254"}],"version-history":[{"count":1,"href":"https:\/\/lasentinelle.dz\/index.php\/wp-json\/wp\/v2\/posts\/75254\/revisions"}],"predecessor-version":[{"id":75255,"href":"https:\/\/lasentinelle.dz\/index.php\/wp-json\/wp\/v2\/posts\/75254\/revisions\/75255"}],"wp:featuredmedia":[{"embeddable":true,"href":"https:\/\/lasentinelle.dz\/index.php\/wp-json\/wp\/v2\/media\/66011"}],"wp:attachment":[{"href":"https:\/\/lasentinelle.dz\/index.php\/wp-json\/wp\/v2\/media?parent=75254"}],"wp:term":[{"taxonomy":"category","embeddable":true,"href":"https:\/\/lasentinelle.dz\/index.php\/wp-json\/wp\/v2\/categories?post=75254"},{"taxonomy":"post_tag","embeddable":true,"href":"https:\/\/lasentinelle.dz\/index.php\/wp-json\/wp\/v2\/tags?post=75254"}],"curies":[{"name":"wp","href":"https:\/\/api.w.org\/{rel}","templated":true}]}}