{"id":75262,"date":"2025-10-25T19:16:10","date_gmt":"2025-10-25T18:16:10","guid":{"rendered":"https:\/\/lasentinelle.dz\/?p=75262"},"modified":"2025-10-25T19:16:18","modified_gmt":"2025-10-25T18:16:18","slug":"allocation-chomage-plus-de-100-000-beneficiaires-inseres-sur-le-marche-du-travail","status":"publish","type":"post","link":"https:\/\/lasentinelle.dz\/index.php\/2025\/10\/25\/allocation-chomage-plus-de-100-000-beneficiaires-inseres-sur-le-marche-du-travail\/","title":{"rendered":"Allocation ch\u00f4mage\u00a0: Plus de 100.000 b\u00e9n\u00e9ficiaires ins\u00e9r\u00e9s sur le march\u00e9 du travail"},"content":{"rendered":"\n<p>Trois ans apr\u00e8s son lancement, le dispositif d&rsquo;allocation ch\u00f4mage affiche un bilan d&rsquo;insertion professionnelle encourageant, avec plus de 100.000 placements effectifs, selon le minist\u00e8re du Travail qui d\u00e9fend l&rsquo;efficacit\u00e9 de ce programme dans la lutte contre le ch\u00f4mage. En r\u00e9ponse \u00e0 une question \u00e9crite du d\u00e9put\u00e9 Omar Mechri au sein de l&rsquo;Assembl\u00e9e populaire nationale, le ministre du Travail, de l&rsquo;Emploi et de la S\u00e9curit\u00e9 sociale a pr\u00e9sent\u00e9 le bilan du dispositif d&rsquo;allocation ch\u00f4mage institu\u00e9 par le d\u00e9cret ex\u00e9cutif 22-70 du 10 f\u00e9vrier 2022. Le ministre r\u00e9v\u00e8le que depuis le lancement du programme jusqu&rsquo;\u00e0 fin septembre 2025, pas moins de 100.799 b\u00e9n\u00e9ficiaires de l&rsquo;allocation ont \u00e9t\u00e9 effectivement plac\u00e9s dans des postes de travail, d\u00e9montrant ainsi la contribution concr\u00e8te de ce dispositif \u00e0 l&rsquo;insertion professionnelle. Cette allocation, qui constitue bien plus qu&rsquo;une simple aide financi\u00e8re, se veut un v\u00e9ritable programme d&rsquo;accompagnement. Selon le ministre, \u00ab\u00a0l&rsquo;allocation ch\u00f4mage constitue un programme d&rsquo;accompagnement des demandeurs d&#8217;emploi pour la premi\u00e8re fois et leur motivation lors de la phase de recherche d&#8217;emploi, en soutien \u00e0 la politique sociale adopt\u00e9e par l&rsquo;\u00c9tat dans le cadre de la lutte contre le ch\u00f4mage\u00a0\u00bb. L&rsquo;objectif affich\u00e9 est double : soutenir financi\u00e8rement les jeunes sans emploi tout en les orientant activement vers le march\u00e9 du travail. Pour assurer le suivi et l&rsquo;efficacit\u00e9 de ce dispositif, l&rsquo;Agence nationale pour l&#8217;emploi a mis en place une plateforme num\u00e9rique appel\u00e9e \u00ab\u00a0Minha\u00a0\u00bb, permettant de v\u00e9rifier le respect des conditions d&rsquo;octroi de l&rsquo;allocation et de suivre le parcours des b\u00e9n\u00e9ficiaires. Cette digitalisation facilite \u00e9galement le croisement des donn\u00e9es avec les diff\u00e9rents organismes concern\u00e9s, garantissant ainsi \u00ab\u00a0la r\u00e9ussite du dispositif et la pr\u00e9servation de l&rsquo;objectif pour lequel il a \u00e9t\u00e9 cr\u00e9\u00e9\u00a0\u00bb, pr\u00e9cise le ministre. Les statistiques communiqu\u00e9es par le minist\u00e8re r\u00e9v\u00e8lent l&rsquo;ampleur du programme : entre octobre 2022 et fin f\u00e9vrier 2025, sur un total de 520.272 b\u00e9n\u00e9ficiaires orient\u00e9s, 18.711 ont \u00e9t\u00e9 dirig\u00e9s vers des centres de formation professionnelle dans le cadre du cycle de f\u00e9vrier 2025, tandis que 282.331 personnes ont achev\u00e9 leur formation. Ces chiffres illustrent la strat\u00e9gie adopt\u00e9e qui consiste \u00e0 combiner soutien financier et renforcement des comp\u00e9tences professionnelles.<\/p>\n\n\n\n<p>Le ministre a d\u00e9taill\u00e9 les mesures d&rsquo;accompagnement mises en \u0153uvre pour maximiser les chances d&rsquo;insertion des b\u00e9n\u00e9ficiaires. Il s&rsquo;agit notamment de \u00ab\u00a0diriger les b\u00e9n\u00e9ficiaires sans qualification pr\u00e9alable pour obtenir une formation aupr\u00e8s des centres de formation professionnelle et les pr\u00e9parer en am\u00e9liorant leur employabilit\u00e9 et en les orientant vers le monde du travail\u00a0\u00bb, mais aussi de les encourager \u00ab\u00a0\u00e0 l&rsquo;esprit d&rsquo;initiative, d&rsquo;entrepreneuriat et d&rsquo;innovation \u00e0 travers la promotion de la culture de l&rsquo;entrepreneuriat, du travail libre et le soutien \u00e0 la cr\u00e9ation de projets ou d&rsquo;institutions \u00e9mergentes\u00a0\u00bb. Toutefois, le minist\u00e8re a tenu \u00e0 pr\u00e9ciser les conditions d&rsquo;acc\u00e8s aux services d&rsquo;accompagnement. Le non-respect des conditions d&rsquo;octroi et de suspension de l&rsquo;allocation ch\u00f4mage prive le demandeur d&#8217;emploi \u00ab\u00a0des autres services fournis par l&rsquo;Agence dans le cadre de la facilitation de l&rsquo;interm\u00e9diation sur le march\u00e9 du travail\u00a0\u00bb, a soulign\u00e9 le ministre. Les b\u00e9n\u00e9ficiaires sont ainsi orient\u00e9s vers des offres d&#8217;emploi \u00ab\u00a0qui correspondent \u00e0 leurs qualifications acad\u00e9miques et professionnelles\u00a0\u00bb. Pour renforcer la synergie entre les diff\u00e9rents acteurs de l&#8217;emploi, une convention-cadre a \u00e9t\u00e9 sign\u00e9e entre l&rsquo;Agence nationale pour l&#8217;emploi et l&rsquo;Agence nationale d&rsquo;appui et de d\u00e9veloppement de l&rsquo;entrepreneuriat, visant \u00e0 diversifier les options offertes aux b\u00e9n\u00e9ficiaires au-del\u00e0 du simple salariat. Dans sa conclusion, le ministre a replac\u00e9 ce dispositif dans une perspective \u00e9conomique plus large, rappelant que \u00ab\u00a0l&#8217;emploi est li\u00e9 \u00e0 la dynamique de l&rsquo;\u00e9conomie nationale\u00a0\u00bb et que \u00ab\u00a0la politique gouvernementale adopt\u00e9e en mati\u00e8re d&#8217;emploi repose sur une approche \u00e9conomique\u00a0\u00bb. Il a notamment soulign\u00e9 l&rsquo;importance \u00ab\u00a0des grands projets structurants que l&rsquo;\u00c9tat a initi\u00e9s depuis 2020, qui constituent une base \u00e9conomique susceptible de cr\u00e9er de la richesse et des postes d&#8217;emploi directs et indirects\u00a0\u00bb. Selon lui, \u00ab\u00a0la lutte contre le ch\u00f4mage n\u00e9cessite la coop\u00e9ration et la conjugaison des efforts de tous les secteurs d&rsquo;activit\u00e9 intervenant dans le march\u00e9 du travail\u00a0\u00bb.<\/p>\n\n\n\n<p>Malik Meziane<\/p>\n","protected":false},"excerpt":{"rendered":"<p>Trois ans apr\u00e8s son lancement, le dispositif d&rsquo;allocation ch\u00f4mage affiche un bilan d&rsquo;insertion professionnelle encourageant, avec plus de 100.000 placements<\/p>\n","protected":false},"author":6,"featured_media":17819,"comment_status":"open","ping_status":"closed","sticky":false,"template":"","format":"standard","meta":{"colormag_page_container_layout":"default_layout","colormag_page_sidebar_layout":"default_layout","om_disable_all_campaigns":false,"_monsterinsights_skip_tracking":false,"_monsterinsights_sitenote_active":false,"_monsterinsights_sitenote_note":"","_monsterinsights_sitenote_category":0,"footnotes":"","_wpscppro_dont_share_socialmedia":false,"_wpscppro_custom_social_share_image":0,"_facebook_share_type":"default","_twitter_share_type":"default","_linkedin_share_type":"default","_pinterest_share_type":"default","_linkedin_share_type_page":"","_instagram_share_type":"default","_medium_share_type":"default","_threads_share_type":"default","_google_business_share_type":"default","_selected_social_profile":[],"_wpsp_enable_custom_social_template":false,"_wpsp_social_scheduling":{"enabled":false,"datetime":null,"platforms":[],"status":"template_only","dateOption":"today","timeOption":"now","customDays":"","customHours":"","customDate":"","customTime":"","schedulingType":"absolute"},"_wpsp_active_default_template":true},"categories":[52,27],"tags":[],"class_list":["post-75262","post","type-post","status-publish","format-standard","has-post-thumbnail","hentry","category-a-la-une","category-actualite"],"aioseo_notices":[],"yoast_head":"<!-- This site is optimized with the Yoast SEO plugin v27.5 - https:\/\/yoast.com\/product\/yoast-seo-wordpress\/ -->\n<title>Allocation ch\u00f4mage\u00a0: Plus de 100.000 b\u00e9n\u00e9ficiaires ins\u00e9r\u00e9s sur le march\u00e9 du travail - La Sentinelle<\/title>\n<meta name=\"robots\" content=\"index, follow, max-snippet:-1, max-image-preview:large, max-video-preview:-1\" \/>\n<link rel=\"canonical\" href=\"https:\/\/lasentinelle.dz\/index.php\/2025\/10\/25\/allocation-chomage-plus-de-100-000-beneficiaires-inseres-sur-le-marche-du-travail\/\" \/>\n<meta property=\"og:locale\" content=\"fr_FR\" \/>\n<meta property=\"og:type\" content=\"article\" \/>\n<meta property=\"og:title\" content=\"Allocation ch\u00f4mage\u00a0: Plus de 100.000 b\u00e9n\u00e9ficiaires ins\u00e9r\u00e9s sur le march\u00e9 du travail - La Sentinelle\" \/>\n<meta property=\"og:description\" content=\"Trois ans apr\u00e8s son lancement, le dispositif d&rsquo;allocation ch\u00f4mage affiche un bilan d&rsquo;insertion professionnelle encourageant, avec plus de 100.000 placements\" \/>\n<meta property=\"og:url\" content=\"https:\/\/lasentinelle.dz\/index.php\/2025\/10\/25\/allocation-chomage-plus-de-100-000-beneficiaires-inseres-sur-le-marche-du-travail\/\" \/>\n<meta property=\"og:site_name\" content=\"La Sentinelle\" \/>\n<meta property=\"article:publisher\" content=\"https:\/\/www.facebook.com\/La-Sentinelle-104059864394773\" \/>\n<meta property=\"article:published_time\" content=\"2025-10-25T18:16:10+00:00\" \/>\n<meta property=\"article:modified_time\" content=\"2025-10-25T18:16:18+00:00\" \/>\n<meta property=\"og:image\" content=\"https:\/\/lasentinelle.dz\/wp-content\/uploads\/2022\/03\/anem-1.png\" \/>\n\t<meta property=\"og:image:width\" content=\"1445\" \/>\n\t<meta property=\"og:image:height\" content=\"900\" \/>\n\t<meta property=\"og:image:type\" content=\"image\/png\" \/>\n<meta name=\"author\" content=\"admin\" \/>\n<meta name=\"twitter:card\" content=\"summary_large_image\" \/>\n<meta name=\"twitter:label1\" content=\"\u00c9crit par\" \/>\n\t<meta name=\"twitter:data1\" content=\"admin\" \/>\n\t<meta name=\"twitter:label2\" content=\"Dur\u00e9e de lecture estim\u00e9e\" \/>\n\t<meta name=\"twitter:data2\" content=\"4 minutes\" \/>\n<script type=\"application\/ld+json\" class=\"yoast-schema-graph\">{\"@context\":\"https:\\\/\\\/schema.org\",\"@graph\":[{\"@type\":\"Article\",\"@id\":\"https:\\\/\\\/lasentinelle.dz\\\/index.php\\\/2025\\\/10\\\/25\\\/allocation-chomage-plus-de-100-000-beneficiaires-inseres-sur-le-marche-du-travail\\\/#article\",\"isPartOf\":{\"@id\":\"https:\\\/\\\/lasentinelle.dz\\\/index.php\\\/2025\\\/10\\\/25\\\/allocation-chomage-plus-de-100-000-beneficiaires-inseres-sur-le-marche-du-travail\\\/\"},\"author\":{\"name\":\"admin\",\"@id\":\"https:\\\/\\\/lasentinelle.dz\\\/#\\\/schema\\\/person\\\/729ee0024f24e0b8c5ec17232f8e8b41\"},\"headline\":\"Allocation ch\u00f4mage\u00a0: Plus de 100.000 b\u00e9n\u00e9ficiaires ins\u00e9r\u00e9s sur le march\u00e9 du travail\",\"datePublished\":\"2025-10-25T18:16:10+00:00\",\"dateModified\":\"2025-10-25T18:16:18+00:00\",\"mainEntityOfPage\":{\"@id\":\"https:\\\/\\\/lasentinelle.dz\\\/index.php\\\/2025\\\/10\\\/25\\\/allocation-chomage-plus-de-100-000-beneficiaires-inseres-sur-le-marche-du-travail\\\/\"},\"wordCount\":768,\"commentCount\":0,\"publisher\":{\"@id\":\"https:\\\/\\\/lasentinelle.dz\\\/#organization\"},\"image\":{\"@id\":\"https:\\\/\\\/lasentinelle.dz\\\/index.php\\\/2025\\\/10\\\/25\\\/allocation-chomage-plus-de-100-000-beneficiaires-inseres-sur-le-marche-du-travail\\\/#primaryimage\"},\"thumbnailUrl\":\"https:\\\/\\\/lasentinelle.dz\\\/wp-content\\\/uploads\\\/2022\\\/03\\\/anem-1.png\",\"articleSection\":[\"\u00c0 la Une\",\"Actualit\u00e9\"],\"inLanguage\":\"fr-FR\",\"potentialAction\":[{\"@type\":\"CommentAction\",\"name\":\"Comment\",\"target\":[\"https:\\\/\\\/lasentinelle.dz\\\/index.php\\\/2025\\\/10\\\/25\\\/allocation-chomage-plus-de-100-000-beneficiaires-inseres-sur-le-marche-du-travail\\\/#respond\"]}]},{\"@type\":\"WebPage\",\"@id\":\"https:\\\/\\\/lasentinelle.dz\\\/index.php\\\/2025\\\/10\\\/25\\\/allocation-chomage-plus-de-100-000-beneficiaires-inseres-sur-le-marche-du-travail\\\/\",\"url\":\"https:\\\/\\\/lasentinelle.dz\\\/index.php\\\/2025\\\/10\\\/25\\\/allocation-chomage-plus-de-100-000-beneficiaires-inseres-sur-le-marche-du-travail\\\/\",\"name\":\"Allocation ch\u00f4mage\u00a0: Plus de 100.000 b\u00e9n\u00e9ficiaires ins\u00e9r\u00e9s sur le march\u00e9 du travail - La Sentinelle\",\"isPartOf\":{\"@id\":\"https:\\\/\\\/lasentinelle.dz\\\/#website\"},\"primaryImageOfPage\":{\"@id\":\"https:\\\/\\\/lasentinelle.dz\\\/index.php\\\/2025\\\/10\\\/25\\\/allocation-chomage-plus-de-100-000-beneficiaires-inseres-sur-le-marche-du-travail\\\/#primaryimage\"},\"image\":{\"@id\":\"https:\\\/\\\/lasentinelle.dz\\\/index.php\\\/2025\\\/10\\\/25\\\/allocation-chomage-plus-de-100-000-beneficiaires-inseres-sur-le-marche-du-travail\\\/#primaryimage\"},\"thumbnailUrl\":\"https:\\\/\\\/lasentinelle.dz\\\/wp-content\\\/uploads\\\/2022\\\/03\\\/anem-1.png\",\"datePublished\":\"2025-10-25T18:16:10+00:00\",\"dateModified\":\"2025-10-25T18:16:18+00:00\",\"breadcrumb\":{\"@id\":\"https:\\\/\\\/lasentinelle.dz\\\/index.php\\\/2025\\\/10\\\/25\\\/allocation-chomage-plus-de-100-000-beneficiaires-inseres-sur-le-marche-du-travail\\\/#breadcrumb\"},\"inLanguage\":\"fr-FR\",\"potentialAction\":[{\"@type\":\"ReadAction\",\"target\":[\"https:\\\/\\\/lasentinelle.dz\\\/index.php\\\/2025\\\/10\\\/25\\\/allocation-chomage-plus-de-100-000-beneficiaires-inseres-sur-le-marche-du-travail\\\/\"]}]},{\"@type\":\"ImageObject\",\"inLanguage\":\"fr-FR\",\"@id\":\"https:\\\/\\\/lasentinelle.dz\\\/index.php\\\/2025\\\/10\\\/25\\\/allocation-chomage-plus-de-100-000-beneficiaires-inseres-sur-le-marche-du-travail\\\/#primaryimage\",\"url\":\"https:\\\/\\\/lasentinelle.dz\\\/wp-content\\\/uploads\\\/2022\\\/03\\\/anem-1.png\",\"contentUrl\":\"https:\\\/\\\/lasentinelle.dz\\\/wp-content\\\/uploads\\\/2022\\\/03\\\/anem-1.png\",\"width\":1445,\"height\":900},{\"@type\":\"BreadcrumbList\",\"@id\":\"https:\\\/\\\/lasentinelle.dz\\\/index.php\\\/2025\\\/10\\\/25\\\/allocation-chomage-plus-de-100-000-beneficiaires-inseres-sur-le-marche-du-travail\\\/#breadcrumb\",\"itemListElement\":[{\"@type\":\"ListItem\",\"position\":1,\"name\":\"Accueil\",\"item\":\"https:\\\/\\\/lasentinelle.dz\\\/\"},{\"@type\":\"ListItem\",\"position\":2,\"name\":\"Allocation ch\u00f4mage\u00a0: Plus de 100.000 b\u00e9n\u00e9ficiaires ins\u00e9r\u00e9s sur le march\u00e9 du travail\"}]},{\"@type\":\"WebSite\",\"@id\":\"https:\\\/\\\/lasentinelle.dz\\\/#website\",\"url\":\"https:\\\/\\\/lasentinelle.dz\\\/\",\"name\":\"La Sentinelle\",\"description\":\"Quotidien national d&#039;information\",\"publisher\":{\"@id\":\"https:\\\/\\\/lasentinelle.dz\\\/#organization\"},\"potentialAction\":[{\"@type\":\"SearchAction\",\"target\":{\"@type\":\"EntryPoint\",\"urlTemplate\":\"https:\\\/\\\/lasentinelle.dz\\\/?s={search_term_string}\"},\"query-input\":{\"@type\":\"PropertyValueSpecification\",\"valueRequired\":true,\"valueName\":\"search_term_string\"}}],\"inLanguage\":\"fr-FR\"},{\"@type\":\"Organization\",\"@id\":\"https:\\\/\\\/lasentinelle.dz\\\/#organization\",\"name\":\"Quotidien La Sentinelle\",\"url\":\"https:\\\/\\\/lasentinelle.dz\\\/\",\"logo\":{\"@type\":\"ImageObject\",\"inLanguage\":\"fr-FR\",\"@id\":\"https:\\\/\\\/lasentinelle.dz\\\/#\\\/schema\\\/logo\\\/image\\\/\",\"url\":\"https:\\\/\\\/lasentinelle.dz\\\/wp-content\\\/uploads\\\/2021\\\/09\\\/logo-sentinelleSLOGAN-1.png\",\"contentUrl\":\"https:\\\/\\\/lasentinelle.dz\\\/wp-content\\\/uploads\\\/2021\\\/09\\\/logo-sentinelleSLOGAN-1.png\",\"width\":615,\"height\":142,\"caption\":\"Quotidien La Sentinelle\"},\"image\":{\"@id\":\"https:\\\/\\\/lasentinelle.dz\\\/#\\\/schema\\\/logo\\\/image\\\/\"},\"sameAs\":[\"https:\\\/\\\/www.facebook.com\\\/La-Sentinelle-104059864394773\"]},{\"@type\":\"Person\",\"@id\":\"https:\\\/\\\/lasentinelle.dz\\\/#\\\/schema\\\/person\\\/729ee0024f24e0b8c5ec17232f8e8b41\",\"name\":\"admin\",\"image\":{\"@type\":\"ImageObject\",\"inLanguage\":\"fr-FR\",\"@id\":\"https:\\\/\\\/secure.gravatar.com\\\/avatar\\\/4c81fed838786e9b53f540bf46533e750f5d292099ae3b66cfc6fb1982e29df7?s=96&d=mm&r=g\",\"url\":\"https:\\\/\\\/secure.gravatar.com\\\/avatar\\\/4c81fed838786e9b53f540bf46533e750f5d292099ae3b66cfc6fb1982e29df7?s=96&d=mm&r=g\",\"contentUrl\":\"https:\\\/\\\/secure.gravatar.com\\\/avatar\\\/4c81fed838786e9b53f540bf46533e750f5d292099ae3b66cfc6fb1982e29df7?s=96&d=mm&r=g\",\"caption\":\"admin\"},\"description\":\"admin\",\"url\":\"https:\\\/\\\/lasentinelle.dz\\\/author\\\/admin\\\/\"}]}<\/script>\n<!-- \/ Yoast SEO plugin. -->","yoast_head_json":{"title":"Allocation ch\u00f4mage\u00a0: Plus de 100.000 b\u00e9n\u00e9ficiaires ins\u00e9r\u00e9s sur le march\u00e9 du travail - La Sentinelle","robots":{"index":"index","follow":"follow","max-snippet":"max-snippet:-1","max-image-preview":"max-image-preview:large","max-video-preview":"max-video-preview:-1"},"canonical":"https:\/\/lasentinelle.dz\/index.php\/2025\/10\/25\/allocation-chomage-plus-de-100-000-beneficiaires-inseres-sur-le-marche-du-travail\/","og_locale":"fr_FR","og_type":"article","og_title":"Allocation ch\u00f4mage\u00a0: Plus de 100.000 b\u00e9n\u00e9ficiaires ins\u00e9r\u00e9s sur le march\u00e9 du travail - La Sentinelle","og_description":"Trois ans apr\u00e8s son lancement, le dispositif d&rsquo;allocation ch\u00f4mage affiche un bilan d&rsquo;insertion professionnelle encourageant, avec plus de 100.000 placements","og_url":"https:\/\/lasentinelle.dz\/index.php\/2025\/10\/25\/allocation-chomage-plus-de-100-000-beneficiaires-inseres-sur-le-marche-du-travail\/","og_site_name":"La Sentinelle","article_publisher":"https:\/\/www.facebook.com\/La-Sentinelle-104059864394773","article_published_time":"2025-10-25T18:16:10+00:00","article_modified_time":"2025-10-25T18:16:18+00:00","og_image":[{"width":1445,"height":900,"url":"https:\/\/lasentinelle.dz\/wp-content\/uploads\/2022\/03\/anem-1.png","type":"image\/png"}],"author":"admin","twitter_card":"summary_large_image","twitter_misc":{"\u00c9crit par":"admin","Dur\u00e9e de lecture estim\u00e9e":"4 minutes"},"schema":{"@context":"https:\/\/schema.org","@graph":[{"@type":"Article","@id":"https:\/\/lasentinelle.dz\/index.php\/2025\/10\/25\/allocation-chomage-plus-de-100-000-beneficiaires-inseres-sur-le-marche-du-travail\/#article","isPartOf":{"@id":"https:\/\/lasentinelle.dz\/index.php\/2025\/10\/25\/allocation-chomage-plus-de-100-000-beneficiaires-inseres-sur-le-marche-du-travail\/"},"author":{"name":"admin","@id":"https:\/\/lasentinelle.dz\/#\/schema\/person\/729ee0024f24e0b8c5ec17232f8e8b41"},"headline":"Allocation ch\u00f4mage\u00a0: Plus de 100.000 b\u00e9n\u00e9ficiaires ins\u00e9r\u00e9s sur le march\u00e9 du travail","datePublished":"2025-10-25T18:16:10+00:00","dateModified":"2025-10-25T18:16:18+00:00","mainEntityOfPage":{"@id":"https:\/\/lasentinelle.dz\/index.php\/2025\/10\/25\/allocation-chomage-plus-de-100-000-beneficiaires-inseres-sur-le-marche-du-travail\/"},"wordCount":768,"commentCount":0,"publisher":{"@id":"https:\/\/lasentinelle.dz\/#organization"},"image":{"@id":"https:\/\/lasentinelle.dz\/index.php\/2025\/10\/25\/allocation-chomage-plus-de-100-000-beneficiaires-inseres-sur-le-marche-du-travail\/#primaryimage"},"thumbnailUrl":"https:\/\/lasentinelle.dz\/wp-content\/uploads\/2022\/03\/anem-1.png","articleSection":["\u00c0 la Une","Actualit\u00e9"],"inLanguage":"fr-FR","potentialAction":[{"@type":"CommentAction","name":"Comment","target":["https:\/\/lasentinelle.dz\/index.php\/2025\/10\/25\/allocation-chomage-plus-de-100-000-beneficiaires-inseres-sur-le-marche-du-travail\/#respond"]}]},{"@type":"WebPage","@id":"https:\/\/lasentinelle.dz\/index.php\/2025\/10\/25\/allocation-chomage-plus-de-100-000-beneficiaires-inseres-sur-le-marche-du-travail\/","url":"https:\/\/lasentinelle.dz\/index.php\/2025\/10\/25\/allocation-chomage-plus-de-100-000-beneficiaires-inseres-sur-le-marche-du-travail\/","name":"Allocation ch\u00f4mage\u00a0: Plus de 100.000 b\u00e9n\u00e9ficiaires ins\u00e9r\u00e9s sur le march\u00e9 du travail - La Sentinelle","isPartOf":{"@id":"https:\/\/lasentinelle.dz\/#website"},"primaryImageOfPage":{"@id":"https:\/\/lasentinelle.dz\/index.php\/2025\/10\/25\/allocation-chomage-plus-de-100-000-beneficiaires-inseres-sur-le-marche-du-travail\/#primaryimage"},"image":{"@id":"https:\/\/lasentinelle.dz\/index.php\/2025\/10\/25\/allocation-chomage-plus-de-100-000-beneficiaires-inseres-sur-le-marche-du-travail\/#primaryimage"},"thumbnailUrl":"https:\/\/lasentinelle.dz\/wp-content\/uploads\/2022\/03\/anem-1.png","datePublished":"2025-10-25T18:16:10+00:00","dateModified":"2025-10-25T18:16:18+00:00","breadcrumb":{"@id":"https:\/\/lasentinelle.dz\/index.php\/2025\/10\/25\/allocation-chomage-plus-de-100-000-beneficiaires-inseres-sur-le-marche-du-travail\/#breadcrumb"},"inLanguage":"fr-FR","potentialAction":[{"@type":"ReadAction","target":["https:\/\/lasentinelle.dz\/index.php\/2025\/10\/25\/allocation-chomage-plus-de-100-000-beneficiaires-inseres-sur-le-marche-du-travail\/"]}]},{"@type":"ImageObject","inLanguage":"fr-FR","@id":"https:\/\/lasentinelle.dz\/index.php\/2025\/10\/25\/allocation-chomage-plus-de-100-000-beneficiaires-inseres-sur-le-marche-du-travail\/#primaryimage","url":"https:\/\/lasentinelle.dz\/wp-content\/uploads\/2022\/03\/anem-1.png","contentUrl":"https:\/\/lasentinelle.dz\/wp-content\/uploads\/2022\/03\/anem-1.png","width":1445,"height":900},{"@type":"BreadcrumbList","@id":"https:\/\/lasentinelle.dz\/index.php\/2025\/10\/25\/allocation-chomage-plus-de-100-000-beneficiaires-inseres-sur-le-marche-du-travail\/#breadcrumb","itemListElement":[{"@type":"ListItem","position":1,"name":"Accueil","item":"https:\/\/lasentinelle.dz\/"},{"@type":"ListItem","position":2,"name":"Allocation ch\u00f4mage\u00a0: Plus de 100.000 b\u00e9n\u00e9ficiaires ins\u00e9r\u00e9s sur le march\u00e9 du travail"}]},{"@type":"WebSite","@id":"https:\/\/lasentinelle.dz\/#website","url":"https:\/\/lasentinelle.dz\/","name":"La Sentinelle","description":"Quotidien national d&#039;information","publisher":{"@id":"https:\/\/lasentinelle.dz\/#organization"},"potentialAction":[{"@type":"SearchAction","target":{"@type":"EntryPoint","urlTemplate":"https:\/\/lasentinelle.dz\/?s={search_term_string}"},"query-input":{"@type":"PropertyValueSpecification","valueRequired":true,"valueName":"search_term_string"}}],"inLanguage":"fr-FR"},{"@type":"Organization","@id":"https:\/\/lasentinelle.dz\/#organization","name":"Quotidien La Sentinelle","url":"https:\/\/lasentinelle.dz\/","logo":{"@type":"ImageObject","inLanguage":"fr-FR","@id":"https:\/\/lasentinelle.dz\/#\/schema\/logo\/image\/","url":"https:\/\/lasentinelle.dz\/wp-content\/uploads\/2021\/09\/logo-sentinelleSLOGAN-1.png","contentUrl":"https:\/\/lasentinelle.dz\/wp-content\/uploads\/2021\/09\/logo-sentinelleSLOGAN-1.png","width":615,"height":142,"caption":"Quotidien La Sentinelle"},"image":{"@id":"https:\/\/lasentinelle.dz\/#\/schema\/logo\/image\/"},"sameAs":["https:\/\/www.facebook.com\/La-Sentinelle-104059864394773"]},{"@type":"Person","@id":"https:\/\/lasentinelle.dz\/#\/schema\/person\/729ee0024f24e0b8c5ec17232f8e8b41","name":"admin","image":{"@type":"ImageObject","inLanguage":"fr-FR","@id":"https:\/\/secure.gravatar.com\/avatar\/4c81fed838786e9b53f540bf46533e750f5d292099ae3b66cfc6fb1982e29df7?s=96&d=mm&r=g","url":"https:\/\/secure.gravatar.com\/avatar\/4c81fed838786e9b53f540bf46533e750f5d292099ae3b66cfc6fb1982e29df7?s=96&d=mm&r=g","contentUrl":"https:\/\/secure.gravatar.com\/avatar\/4c81fed838786e9b53f540bf46533e750f5d292099ae3b66cfc6fb1982e29df7?s=96&d=mm&r=g","caption":"admin"},"description":"admin","url":"https:\/\/lasentinelle.dz\/author\/admin\/"}]}},"_links":{"self":[{"href":"https:\/\/lasentinelle.dz\/index.php\/wp-json\/wp\/v2\/posts\/75262","targetHints":{"allow":["GET"]}}],"collection":[{"href":"https:\/\/lasentinelle.dz\/index.php\/wp-json\/wp\/v2\/posts"}],"about":[{"href":"https:\/\/lasentinelle.dz\/index.php\/wp-json\/wp\/v2\/types\/post"}],"author":[{"embeddable":true,"href":"https:\/\/lasentinelle.dz\/index.php\/wp-json\/wp\/v2\/users\/6"}],"replies":[{"embeddable":true,"href":"https:\/\/lasentinelle.dz\/index.php\/wp-json\/wp\/v2\/comments?post=75262"}],"version-history":[{"count":1,"href":"https:\/\/lasentinelle.dz\/index.php\/wp-json\/wp\/v2\/posts\/75262\/revisions"}],"predecessor-version":[{"id":75263,"href":"https:\/\/lasentinelle.dz\/index.php\/wp-json\/wp\/v2\/posts\/75262\/revisions\/75263"}],"wp:featuredmedia":[{"embeddable":true,"href":"https:\/\/lasentinelle.dz\/index.php\/wp-json\/wp\/v2\/media\/17819"}],"wp:attachment":[{"href":"https:\/\/lasentinelle.dz\/index.php\/wp-json\/wp\/v2\/media?parent=75262"}],"wp:term":[{"taxonomy":"category","embeddable":true,"href":"https:\/\/lasentinelle.dz\/index.php\/wp-json\/wp\/v2\/categories?post=75262"},{"taxonomy":"post_tag","embeddable":true,"href":"https:\/\/lasentinelle.dz\/index.php\/wp-json\/wp\/v2\/tags?post=75262"}],"curies":[{"name":"wp","href":"https:\/\/api.w.org\/{rel}","templated":true}]}}