{"id":75264,"date":"2025-10-25T19:17:41","date_gmt":"2025-10-25T18:17:41","guid":{"rendered":"https:\/\/lasentinelle.dz\/?p=75264"},"modified":"2025-10-25T19:17:42","modified_gmt":"2025-10-25T18:17:42","slug":"une-campagne-citoyenne-nationale-lancee-un-million-darbres-pour-reverdir-lalgerie","status":"publish","type":"post","link":"https:\/\/lasentinelle.dz\/index.php\/2025\/10\/25\/une-campagne-citoyenne-nationale-lancee-un-million-darbres-pour-reverdir-lalgerie\/","title":{"rendered":"Une campagne citoyenne nationale lanc\u00e9e\u00a0: Un million d&rsquo;arbres pour reverdir l&rsquo;Alg\u00e9rie"},"content":{"rendered":"\n<p>Sous le slogan \u00ab\u00a0Verte si Dieu le veut\u00a0\u00bb, les pouvoirs publics ont lanc\u00e9 samedi une vaste campagne de reboisement mobilisant citoyens, associations et institutions \u00e0 travers l&rsquo;ensemble du territoire national. Une initiative qui d\u00e9passe largement son objectif initial pour s&rsquo;inscrire dans la strat\u00e9gie environnementale du pays face aux incendies et \u00e0 la d\u00e9sertification.<\/p>\n\n\n\n<p>C&rsquo;est depuis les hauteurs verdoyantes de Tizi-Ouzou que le coup d&rsquo;envoi d&rsquo;une ambitieuse campagne de plantation d&rsquo;un million d&rsquo;arbres a \u00e9t\u00e9 lanc\u00e9e. Samedi matin, le ministre de l&rsquo;Agriculture, du D\u00e9veloppement rural et de la P\u00eache, Yacine El Mahdi Oualid, accompagn\u00e9 de son homologue de la Jeunesse, Mustapha Hidaoui, a inaugur\u00e9 cette op\u00e9ration nationale dans la for\u00eat domaniale de ch\u00eane-li\u00e8ge d&rsquo;Oumalou, situ\u00e9e dans la commune d&rsquo;Ait Aggouacha. Un site symbolique, meurtri par les incendies, qui accueillera la plantation de 1.360 arbustes de ch\u00eane-li\u00e8ge pour r\u00e9habiliter cette essence noble et locale. L&rsquo;engouement populaire pour cette initiative a largement d\u00e9pass\u00e9 les esp\u00e9rances des organisateurs. D\u00e8s le lancement officiel, le ministre de l&rsquo;Agriculture n&rsquo;a pas cach\u00e9 sa satisfaction devant l&rsquo;ampleur de la mobilisation. \u00ab\u00a0L&rsquo;objectif initial d&rsquo;un million d&rsquo;arbres sera largement d\u00e9pass\u00e9, au vu des premiers chiffres qui nous parviennent des diff\u00e9rentes wilayas\u00a0\u00bb, a-t-il d\u00e9clar\u00e9 \u00e0 la presse, attribuant ce succ\u00e8s \u00e0 \u00ab\u00a0l&rsquo;esprit de solidarit\u00e9 citoyenne\u00a0\u00bb qui anime les Alg\u00e9riens. Il a \u00e9galement salu\u00e9 le travail de l&rsquo;association \u00ab\u00a0Alg\u00e9rie Verte\u00a0\u00bb, pr\u00e9sid\u00e9e par Fouad Ma\u00e2lla, tout en rappelant \u00ab\u00a0la grande importance accord\u00e9e par le pr\u00e9sident de la R\u00e9publique, M. Abdelmadjid Tebboune, \u00e0 l&rsquo;op\u00e9ration de reboisement\u00a0\u00bb. Pour Mustapha Hidaoui, cette campagne constitue bien plus qu&rsquo;une simple op\u00e9ration environnementale. \u00ab\u00a0Aujourd&rsquo;hui, les Alg\u00e9riens se rassemblent pour rendre l&rsquo;Alg\u00e9rie verte et florissante pour toujours\u00a0\u00bb, a affirm\u00e9 le ministre de la Jeunesse, saluant cette \u00ab\u00a0magnifique initiative qui met en \u00e9vidence les valeurs patriotiques de solidarit\u00e9 et d&rsquo;entraide du peuple alg\u00e9rien\u00a0\u00bb. Il a exprim\u00e9 le souhait que cette tradition devienne p\u00e9renne \u00ab\u00a0pour renforcer les valeurs de la citoyennet\u00e9\u00a0\u00bb.<\/p>\n\n\n\n<p><strong>Une strat\u00e9gie environnementale ambitieuse<\/strong><\/p>\n\n\n\n<p>Cette campagne s&rsquo;inscrit dans une vision \u00e0 long terme port\u00e9e par les pouvoirs publics. Le ministre de la Communication, Zoheir Bouamama, pr\u00e9sent aux abords de la coupole du complexe olympique Mohamed-Boudiaf \u00e0 Alger, a soulign\u00e9 \u00ab\u00a0la port\u00e9e symbolique\u00a0\u00bb de l&rsquo;initiative aupr\u00e8s des Alg\u00e9riens \u00ab\u00a0qui souhaitent que leur patrie demeure toujours verte, prosp\u00e8re et victorieuse\u00a0\u00bb. Il a rappel\u00e9 que l&rsquo;\u00c9tat vise \u00ab\u00a0la plantation de 4,7 millions d&rsquo;hectares de couvert v\u00e9g\u00e9tal forestier \u00e0 l&rsquo;horizon 2030, afin de compenser les pertes caus\u00e9es par les incendies au cours des derni\u00e8res ann\u00e9es\u00a0\u00bb. Le ministre a \u00e9galement insist\u00e9 sur la dimension citoyenne de l&rsquo;op\u00e9ration. Cette initiative \u00ab\u00a0ne consiste pas uniquement \u00e0 planter un million d&rsquo;arbres, mais \u00e9galement \u00e0 ancrer les valeurs de la citoyennet\u00e9 v\u00e9ritable aupr\u00e8s des Alg\u00e9riens qui r\u00e9pondent toujours \u00e0 l&rsquo;appel lorsqu&rsquo;il s&rsquo;agit de leur pays\u00a0\u00bb, a-t-il affirm\u00e9, estimant que cette dynamique \u00ab\u00a0confirme que nous sommes dans une autre phase du processus d&rsquo;\u00e9dification de l&rsquo;Alg\u00e9rie nouvelle et victorieuse\u00a0\u00bb. Le programme de plantation est soigneusement adapt\u00e9 aux sp\u00e9cificit\u00e9s r\u00e9gionales. Un million d&rsquo;arbres, dont 130.000 fruitiers fournis par la Direction g\u00e9n\u00e9rale des for\u00eats, seront plant\u00e9s \u00e0 travers l&rsquo;ensemble du territoire national, en tenant compte des conditions climatiques de chaque r\u00e9gion. \u00c0 Tizi-Ouzou seulement, plus de 25.000 arbustes de diverses esp\u00e8ces ont \u00e9t\u00e9 plant\u00e9s lors de cette journ\u00e9e inaugurale. La s\u00e9lection des essences refl\u00e8te une approche scientifique et pragmatique. Les zones incendi\u00e9es accueillent prioritairement du ch\u00eane-li\u00e8ge et du c\u00e8dre, essences foresti\u00e8res nobles \u00e0 forte valeur \u00e9cologique et \u00e9conomique. S&rsquo;y ajoutent des esp\u00e8ces fruiti\u00e8res comme le prunier sauvage, le jujubier, le figuier et l&rsquo;olivier, ainsi que des essences ornementales et aromatiques telles que l&rsquo;acacia, le cypr\u00e8s, le tilleul et le romarin.<\/p>\n\n\n\n<p>Cette dimension p\u00e9dagogique vise \u00e0 sensibiliser les jeunes g\u00e9n\u00e9rations \u00e0 la pr\u00e9servation de l&rsquo;environnement, enjeu crucial pour l&rsquo;avenir du pays. Cette mobilisation massive constitue un exemple de synergie entre institutions publiques et soci\u00e9t\u00e9 civile pour la pr\u00e9servation de l&rsquo;environnement. Elle s&rsquo;inscrit en droite ligne de la strat\u00e9gie nationale de lutte contre les changements climatiques et de promotion d&rsquo;une \u00e9conomie verte, r\u00e9pondant aux d\u00e9fis majeurs que sont la d\u00e9sertification et les incendies de for\u00eats qui ont durement frapp\u00e9 le pays ces derni\u00e8res ann\u00e9es. Apr\u00e8s Tizi-Ouzou, le ministre de l&rsquo;Agriculture a \u00e9galement supervis\u00e9 le lancement des op\u00e9rations de reboisement dans les wilayas de Bouira et Bordj Bou Arreridj, t\u00e9moignant de la dimension v\u00e9ritablement nationale de cette campagne qui marque une \u00e9tape importante dans la reconstitution du patrimoine forestier national.<\/p>\n\n\n\n<p><strong>Lyna Larbi<\/strong><\/p>\n","protected":false},"excerpt":{"rendered":"<p>Sous le slogan \u00ab\u00a0Verte si Dieu le veut\u00a0\u00bb, les pouvoirs publics ont lanc\u00e9 samedi une vaste campagne de reboisement mobilisant<\/p>\n","protected":false},"author":6,"featured_media":75265,"comment_status":"open","ping_status":"closed","sticky":false,"template":"","format":"standard","meta":{"colormag_page_container_layout":"default_layout","colormag_page_sidebar_layout":"default_layout","om_disable_all_campaigns":false,"_monsterinsights_skip_tracking":false,"_monsterinsights_sitenote_active":false,"_monsterinsights_sitenote_note":"","_monsterinsights_sitenote_category":0,"footnotes":"","_wpscppro_dont_share_socialmedia":false,"_wpscppro_custom_social_share_image":0,"_facebook_share_type":"default","_twitter_share_type":"default","_linkedin_share_type":"default","_pinterest_share_type":"default","_linkedin_share_type_page":"","_instagram_share_type":"default","_medium_share_type":"default","_threads_share_type":"default","_google_business_share_type":"default","_selected_social_profile":[],"_wpsp_enable_custom_social_template":false,"_wpsp_social_scheduling":{"enabled":false,"datetime":null,"platforms":[],"status":"template_only","dateOption":"today","timeOption":"now","customDays":"","customHours":"","customDate":"","customTime":"","schedulingType":"absolute"},"_wpsp_active_default_template":true},"categories":[52,27],"tags":[],"class_list":["post-75264","post","type-post","status-publish","format-standard","has-post-thumbnail","hentry","category-a-la-une","category-actualite"],"aioseo_notices":[],"yoast_head":"<!-- This site is optimized with the Yoast SEO plugin v27.5 - https:\/\/yoast.com\/product\/yoast-seo-wordpress\/ -->\n<title>Une campagne citoyenne nationale lanc\u00e9e\u00a0: Un million d&rsquo;arbres pour reverdir l&rsquo;Alg\u00e9rie - La Sentinelle<\/title>\n<meta name=\"robots\" content=\"index, follow, max-snippet:-1, max-image-preview:large, max-video-preview:-1\" \/>\n<link rel=\"canonical\" href=\"https:\/\/lasentinelle.dz\/index.php\/2025\/10\/25\/une-campagne-citoyenne-nationale-lancee-un-million-darbres-pour-reverdir-lalgerie\/\" \/>\n<meta property=\"og:locale\" content=\"fr_FR\" \/>\n<meta property=\"og:type\" content=\"article\" \/>\n<meta property=\"og:title\" content=\"Une campagne citoyenne nationale lanc\u00e9e\u00a0: Un million d&rsquo;arbres pour reverdir l&rsquo;Alg\u00e9rie - La Sentinelle\" \/>\n<meta property=\"og:description\" content=\"Sous le slogan \u00ab\u00a0Verte si Dieu le veut\u00a0\u00bb, les pouvoirs publics ont lanc\u00e9 samedi une vaste campagne de reboisement mobilisant\" \/>\n<meta property=\"og:url\" content=\"https:\/\/lasentinelle.dz\/index.php\/2025\/10\/25\/une-campagne-citoyenne-nationale-lancee-un-million-darbres-pour-reverdir-lalgerie\/\" \/>\n<meta property=\"og:site_name\" content=\"La Sentinelle\" \/>\n<meta property=\"article:publisher\" content=\"https:\/\/www.facebook.com\/La-Sentinelle-104059864394773\" \/>\n<meta property=\"article:published_time\" content=\"2025-10-25T18:17:41+00:00\" \/>\n<meta property=\"article:modified_time\" content=\"2025-10-25T18:17:42+00:00\" \/>\n<meta property=\"og:image\" content=\"https:\/\/lasentinelle.dz\/wp-content\/uploads\/2025\/10\/reboisement.jpg\" \/>\n\t<meta property=\"og:image:width\" content=\"1080\" \/>\n\t<meta property=\"og:image:height\" content=\"810\" \/>\n\t<meta property=\"og:image:type\" content=\"image\/jpeg\" \/>\n<meta name=\"author\" content=\"admin\" \/>\n<meta name=\"twitter:card\" content=\"summary_large_image\" \/>\n<meta name=\"twitter:label1\" content=\"\u00c9crit par\" \/>\n\t<meta name=\"twitter:data1\" content=\"admin\" \/>\n\t<meta name=\"twitter:label2\" content=\"Dur\u00e9e de lecture estim\u00e9e\" \/>\n\t<meta name=\"twitter:data2\" content=\"4 minutes\" \/>\n<script type=\"application\/ld+json\" class=\"yoast-schema-graph\">{\"@context\":\"https:\\\/\\\/schema.org\",\"@graph\":[{\"@type\":\"Article\",\"@id\":\"https:\\\/\\\/lasentinelle.dz\\\/index.php\\\/2025\\\/10\\\/25\\\/une-campagne-citoyenne-nationale-lancee-un-million-darbres-pour-reverdir-lalgerie\\\/#article\",\"isPartOf\":{\"@id\":\"https:\\\/\\\/lasentinelle.dz\\\/index.php\\\/2025\\\/10\\\/25\\\/une-campagne-citoyenne-nationale-lancee-un-million-darbres-pour-reverdir-lalgerie\\\/\"},\"author\":{\"name\":\"admin\",\"@id\":\"https:\\\/\\\/lasentinelle.dz\\\/#\\\/schema\\\/person\\\/729ee0024f24e0b8c5ec17232f8e8b41\"},\"headline\":\"Une campagne citoyenne nationale lanc\u00e9e\u00a0: Un million d&rsquo;arbres pour reverdir l&rsquo;Alg\u00e9rie\",\"datePublished\":\"2025-10-25T18:17:41+00:00\",\"dateModified\":\"2025-10-25T18:17:42+00:00\",\"mainEntityOfPage\":{\"@id\":\"https:\\\/\\\/lasentinelle.dz\\\/index.php\\\/2025\\\/10\\\/25\\\/une-campagne-citoyenne-nationale-lancee-un-million-darbres-pour-reverdir-lalgerie\\\/\"},\"wordCount\":849,\"commentCount\":0,\"publisher\":{\"@id\":\"https:\\\/\\\/lasentinelle.dz\\\/#organization\"},\"image\":{\"@id\":\"https:\\\/\\\/lasentinelle.dz\\\/index.php\\\/2025\\\/10\\\/25\\\/une-campagne-citoyenne-nationale-lancee-un-million-darbres-pour-reverdir-lalgerie\\\/#primaryimage\"},\"thumbnailUrl\":\"https:\\\/\\\/lasentinelle.dz\\\/wp-content\\\/uploads\\\/2025\\\/10\\\/reboisement.jpg\",\"articleSection\":[\"\u00c0 la Une\",\"Actualit\u00e9\"],\"inLanguage\":\"fr-FR\",\"potentialAction\":[{\"@type\":\"CommentAction\",\"name\":\"Comment\",\"target\":[\"https:\\\/\\\/lasentinelle.dz\\\/index.php\\\/2025\\\/10\\\/25\\\/une-campagne-citoyenne-nationale-lancee-un-million-darbres-pour-reverdir-lalgerie\\\/#respond\"]}]},{\"@type\":\"WebPage\",\"@id\":\"https:\\\/\\\/lasentinelle.dz\\\/index.php\\\/2025\\\/10\\\/25\\\/une-campagne-citoyenne-nationale-lancee-un-million-darbres-pour-reverdir-lalgerie\\\/\",\"url\":\"https:\\\/\\\/lasentinelle.dz\\\/index.php\\\/2025\\\/10\\\/25\\\/une-campagne-citoyenne-nationale-lancee-un-million-darbres-pour-reverdir-lalgerie\\\/\",\"name\":\"Une campagne citoyenne nationale lanc\u00e9e\u00a0: Un million d&rsquo;arbres pour reverdir l&rsquo;Alg\u00e9rie - La Sentinelle\",\"isPartOf\":{\"@id\":\"https:\\\/\\\/lasentinelle.dz\\\/#website\"},\"primaryImageOfPage\":{\"@id\":\"https:\\\/\\\/lasentinelle.dz\\\/index.php\\\/2025\\\/10\\\/25\\\/une-campagne-citoyenne-nationale-lancee-un-million-darbres-pour-reverdir-lalgerie\\\/#primaryimage\"},\"image\":{\"@id\":\"https:\\\/\\\/lasentinelle.dz\\\/index.php\\\/2025\\\/10\\\/25\\\/une-campagne-citoyenne-nationale-lancee-un-million-darbres-pour-reverdir-lalgerie\\\/#primaryimage\"},\"thumbnailUrl\":\"https:\\\/\\\/lasentinelle.dz\\\/wp-content\\\/uploads\\\/2025\\\/10\\\/reboisement.jpg\",\"datePublished\":\"2025-10-25T18:17:41+00:00\",\"dateModified\":\"2025-10-25T18:17:42+00:00\",\"breadcrumb\":{\"@id\":\"https:\\\/\\\/lasentinelle.dz\\\/index.php\\\/2025\\\/10\\\/25\\\/une-campagne-citoyenne-nationale-lancee-un-million-darbres-pour-reverdir-lalgerie\\\/#breadcrumb\"},\"inLanguage\":\"fr-FR\",\"potentialAction\":[{\"@type\":\"ReadAction\",\"target\":[\"https:\\\/\\\/lasentinelle.dz\\\/index.php\\\/2025\\\/10\\\/25\\\/une-campagne-citoyenne-nationale-lancee-un-million-darbres-pour-reverdir-lalgerie\\\/\"]}]},{\"@type\":\"ImageObject\",\"inLanguage\":\"fr-FR\",\"@id\":\"https:\\\/\\\/lasentinelle.dz\\\/index.php\\\/2025\\\/10\\\/25\\\/une-campagne-citoyenne-nationale-lancee-un-million-darbres-pour-reverdir-lalgerie\\\/#primaryimage\",\"url\":\"https:\\\/\\\/lasentinelle.dz\\\/wp-content\\\/uploads\\\/2025\\\/10\\\/reboisement.jpg\",\"contentUrl\":\"https:\\\/\\\/lasentinelle.dz\\\/wp-content\\\/uploads\\\/2025\\\/10\\\/reboisement.jpg\",\"width\":1080,\"height\":810},{\"@type\":\"BreadcrumbList\",\"@id\":\"https:\\\/\\\/lasentinelle.dz\\\/index.php\\\/2025\\\/10\\\/25\\\/une-campagne-citoyenne-nationale-lancee-un-million-darbres-pour-reverdir-lalgerie\\\/#breadcrumb\",\"itemListElement\":[{\"@type\":\"ListItem\",\"position\":1,\"name\":\"Accueil\",\"item\":\"https:\\\/\\\/lasentinelle.dz\\\/\"},{\"@type\":\"ListItem\",\"position\":2,\"name\":\"Une campagne citoyenne nationale lanc\u00e9e\u00a0: Un million d&rsquo;arbres pour reverdir l&rsquo;Alg\u00e9rie\"}]},{\"@type\":\"WebSite\",\"@id\":\"https:\\\/\\\/lasentinelle.dz\\\/#website\",\"url\":\"https:\\\/\\\/lasentinelle.dz\\\/\",\"name\":\"La Sentinelle\",\"description\":\"Quotidien national d&#039;information\",\"publisher\":{\"@id\":\"https:\\\/\\\/lasentinelle.dz\\\/#organization\"},\"potentialAction\":[{\"@type\":\"SearchAction\",\"target\":{\"@type\":\"EntryPoint\",\"urlTemplate\":\"https:\\\/\\\/lasentinelle.dz\\\/?s={search_term_string}\"},\"query-input\":{\"@type\":\"PropertyValueSpecification\",\"valueRequired\":true,\"valueName\":\"search_term_string\"}}],\"inLanguage\":\"fr-FR\"},{\"@type\":\"Organization\",\"@id\":\"https:\\\/\\\/lasentinelle.dz\\\/#organization\",\"name\":\"Quotidien La Sentinelle\",\"url\":\"https:\\\/\\\/lasentinelle.dz\\\/\",\"logo\":{\"@type\":\"ImageObject\",\"inLanguage\":\"fr-FR\",\"@id\":\"https:\\\/\\\/lasentinelle.dz\\\/#\\\/schema\\\/logo\\\/image\\\/\",\"url\":\"https:\\\/\\\/lasentinelle.dz\\\/wp-content\\\/uploads\\\/2021\\\/09\\\/logo-sentinelleSLOGAN-1.png\",\"contentUrl\":\"https:\\\/\\\/lasentinelle.dz\\\/wp-content\\\/uploads\\\/2021\\\/09\\\/logo-sentinelleSLOGAN-1.png\",\"width\":615,\"height\":142,\"caption\":\"Quotidien La Sentinelle\"},\"image\":{\"@id\":\"https:\\\/\\\/lasentinelle.dz\\\/#\\\/schema\\\/logo\\\/image\\\/\"},\"sameAs\":[\"https:\\\/\\\/www.facebook.com\\\/La-Sentinelle-104059864394773\"]},{\"@type\":\"Person\",\"@id\":\"https:\\\/\\\/lasentinelle.dz\\\/#\\\/schema\\\/person\\\/729ee0024f24e0b8c5ec17232f8e8b41\",\"name\":\"admin\",\"image\":{\"@type\":\"ImageObject\",\"inLanguage\":\"fr-FR\",\"@id\":\"https:\\\/\\\/secure.gravatar.com\\\/avatar\\\/4c81fed838786e9b53f540bf46533e750f5d292099ae3b66cfc6fb1982e29df7?s=96&d=mm&r=g\",\"url\":\"https:\\\/\\\/secure.gravatar.com\\\/avatar\\\/4c81fed838786e9b53f540bf46533e750f5d292099ae3b66cfc6fb1982e29df7?s=96&d=mm&r=g\",\"contentUrl\":\"https:\\\/\\\/secure.gravatar.com\\\/avatar\\\/4c81fed838786e9b53f540bf46533e750f5d292099ae3b66cfc6fb1982e29df7?s=96&d=mm&r=g\",\"caption\":\"admin\"},\"description\":\"admin\",\"url\":\"https:\\\/\\\/lasentinelle.dz\\\/author\\\/admin\\\/\"}]}<\/script>\n<!-- \/ Yoast SEO plugin. -->","yoast_head_json":{"title":"Une campagne citoyenne nationale lanc\u00e9e\u00a0: Un million d&rsquo;arbres pour reverdir l&rsquo;Alg\u00e9rie - La Sentinelle","robots":{"index":"index","follow":"follow","max-snippet":"max-snippet:-1","max-image-preview":"max-image-preview:large","max-video-preview":"max-video-preview:-1"},"canonical":"https:\/\/lasentinelle.dz\/index.php\/2025\/10\/25\/une-campagne-citoyenne-nationale-lancee-un-million-darbres-pour-reverdir-lalgerie\/","og_locale":"fr_FR","og_type":"article","og_title":"Une campagne citoyenne nationale lanc\u00e9e\u00a0: Un million d&rsquo;arbres pour reverdir l&rsquo;Alg\u00e9rie - La Sentinelle","og_description":"Sous le slogan \u00ab\u00a0Verte si Dieu le veut\u00a0\u00bb, les pouvoirs publics ont lanc\u00e9 samedi une vaste campagne de reboisement mobilisant","og_url":"https:\/\/lasentinelle.dz\/index.php\/2025\/10\/25\/une-campagne-citoyenne-nationale-lancee-un-million-darbres-pour-reverdir-lalgerie\/","og_site_name":"La Sentinelle","article_publisher":"https:\/\/www.facebook.com\/La-Sentinelle-104059864394773","article_published_time":"2025-10-25T18:17:41+00:00","article_modified_time":"2025-10-25T18:17:42+00:00","og_image":[{"width":1080,"height":810,"url":"https:\/\/lasentinelle.dz\/wp-content\/uploads\/2025\/10\/reboisement.jpg","type":"image\/jpeg"}],"author":"admin","twitter_card":"summary_large_image","twitter_misc":{"\u00c9crit par":"admin","Dur\u00e9e de lecture estim\u00e9e":"4 minutes"},"schema":{"@context":"https:\/\/schema.org","@graph":[{"@type":"Article","@id":"https:\/\/lasentinelle.dz\/index.php\/2025\/10\/25\/une-campagne-citoyenne-nationale-lancee-un-million-darbres-pour-reverdir-lalgerie\/#article","isPartOf":{"@id":"https:\/\/lasentinelle.dz\/index.php\/2025\/10\/25\/une-campagne-citoyenne-nationale-lancee-un-million-darbres-pour-reverdir-lalgerie\/"},"author":{"name":"admin","@id":"https:\/\/lasentinelle.dz\/#\/schema\/person\/729ee0024f24e0b8c5ec17232f8e8b41"},"headline":"Une campagne citoyenne nationale lanc\u00e9e\u00a0: Un million d&rsquo;arbres pour reverdir l&rsquo;Alg\u00e9rie","datePublished":"2025-10-25T18:17:41+00:00","dateModified":"2025-10-25T18:17:42+00:00","mainEntityOfPage":{"@id":"https:\/\/lasentinelle.dz\/index.php\/2025\/10\/25\/une-campagne-citoyenne-nationale-lancee-un-million-darbres-pour-reverdir-lalgerie\/"},"wordCount":849,"commentCount":0,"publisher":{"@id":"https:\/\/lasentinelle.dz\/#organization"},"image":{"@id":"https:\/\/lasentinelle.dz\/index.php\/2025\/10\/25\/une-campagne-citoyenne-nationale-lancee-un-million-darbres-pour-reverdir-lalgerie\/#primaryimage"},"thumbnailUrl":"https:\/\/lasentinelle.dz\/wp-content\/uploads\/2025\/10\/reboisement.jpg","articleSection":["\u00c0 la Une","Actualit\u00e9"],"inLanguage":"fr-FR","potentialAction":[{"@type":"CommentAction","name":"Comment","target":["https:\/\/lasentinelle.dz\/index.php\/2025\/10\/25\/une-campagne-citoyenne-nationale-lancee-un-million-darbres-pour-reverdir-lalgerie\/#respond"]}]},{"@type":"WebPage","@id":"https:\/\/lasentinelle.dz\/index.php\/2025\/10\/25\/une-campagne-citoyenne-nationale-lancee-un-million-darbres-pour-reverdir-lalgerie\/","url":"https:\/\/lasentinelle.dz\/index.php\/2025\/10\/25\/une-campagne-citoyenne-nationale-lancee-un-million-darbres-pour-reverdir-lalgerie\/","name":"Une campagne citoyenne nationale lanc\u00e9e\u00a0: Un million d&rsquo;arbres pour reverdir l&rsquo;Alg\u00e9rie - La Sentinelle","isPartOf":{"@id":"https:\/\/lasentinelle.dz\/#website"},"primaryImageOfPage":{"@id":"https:\/\/lasentinelle.dz\/index.php\/2025\/10\/25\/une-campagne-citoyenne-nationale-lancee-un-million-darbres-pour-reverdir-lalgerie\/#primaryimage"},"image":{"@id":"https:\/\/lasentinelle.dz\/index.php\/2025\/10\/25\/une-campagne-citoyenne-nationale-lancee-un-million-darbres-pour-reverdir-lalgerie\/#primaryimage"},"thumbnailUrl":"https:\/\/lasentinelle.dz\/wp-content\/uploads\/2025\/10\/reboisement.jpg","datePublished":"2025-10-25T18:17:41+00:00","dateModified":"2025-10-25T18:17:42+00:00","breadcrumb":{"@id":"https:\/\/lasentinelle.dz\/index.php\/2025\/10\/25\/une-campagne-citoyenne-nationale-lancee-un-million-darbres-pour-reverdir-lalgerie\/#breadcrumb"},"inLanguage":"fr-FR","potentialAction":[{"@type":"ReadAction","target":["https:\/\/lasentinelle.dz\/index.php\/2025\/10\/25\/une-campagne-citoyenne-nationale-lancee-un-million-darbres-pour-reverdir-lalgerie\/"]}]},{"@type":"ImageObject","inLanguage":"fr-FR","@id":"https:\/\/lasentinelle.dz\/index.php\/2025\/10\/25\/une-campagne-citoyenne-nationale-lancee-un-million-darbres-pour-reverdir-lalgerie\/#primaryimage","url":"https:\/\/lasentinelle.dz\/wp-content\/uploads\/2025\/10\/reboisement.jpg","contentUrl":"https:\/\/lasentinelle.dz\/wp-content\/uploads\/2025\/10\/reboisement.jpg","width":1080,"height":810},{"@type":"BreadcrumbList","@id":"https:\/\/lasentinelle.dz\/index.php\/2025\/10\/25\/une-campagne-citoyenne-nationale-lancee-un-million-darbres-pour-reverdir-lalgerie\/#breadcrumb","itemListElement":[{"@type":"ListItem","position":1,"name":"Accueil","item":"https:\/\/lasentinelle.dz\/"},{"@type":"ListItem","position":2,"name":"Une campagne citoyenne nationale lanc\u00e9e\u00a0: Un million d&rsquo;arbres pour reverdir l&rsquo;Alg\u00e9rie"}]},{"@type":"WebSite","@id":"https:\/\/lasentinelle.dz\/#website","url":"https:\/\/lasentinelle.dz\/","name":"La Sentinelle","description":"Quotidien national d&#039;information","publisher":{"@id":"https:\/\/lasentinelle.dz\/#organization"},"potentialAction":[{"@type":"SearchAction","target":{"@type":"EntryPoint","urlTemplate":"https:\/\/lasentinelle.dz\/?s={search_term_string}"},"query-input":{"@type":"PropertyValueSpecification","valueRequired":true,"valueName":"search_term_string"}}],"inLanguage":"fr-FR"},{"@type":"Organization","@id":"https:\/\/lasentinelle.dz\/#organization","name":"Quotidien La Sentinelle","url":"https:\/\/lasentinelle.dz\/","logo":{"@type":"ImageObject","inLanguage":"fr-FR","@id":"https:\/\/lasentinelle.dz\/#\/schema\/logo\/image\/","url":"https:\/\/lasentinelle.dz\/wp-content\/uploads\/2021\/09\/logo-sentinelleSLOGAN-1.png","contentUrl":"https:\/\/lasentinelle.dz\/wp-content\/uploads\/2021\/09\/logo-sentinelleSLOGAN-1.png","width":615,"height":142,"caption":"Quotidien La Sentinelle"},"image":{"@id":"https:\/\/lasentinelle.dz\/#\/schema\/logo\/image\/"},"sameAs":["https:\/\/www.facebook.com\/La-Sentinelle-104059864394773"]},{"@type":"Person","@id":"https:\/\/lasentinelle.dz\/#\/schema\/person\/729ee0024f24e0b8c5ec17232f8e8b41","name":"admin","image":{"@type":"ImageObject","inLanguage":"fr-FR","@id":"https:\/\/secure.gravatar.com\/avatar\/4c81fed838786e9b53f540bf46533e750f5d292099ae3b66cfc6fb1982e29df7?s=96&d=mm&r=g","url":"https:\/\/secure.gravatar.com\/avatar\/4c81fed838786e9b53f540bf46533e750f5d292099ae3b66cfc6fb1982e29df7?s=96&d=mm&r=g","contentUrl":"https:\/\/secure.gravatar.com\/avatar\/4c81fed838786e9b53f540bf46533e750f5d292099ae3b66cfc6fb1982e29df7?s=96&d=mm&r=g","caption":"admin"},"description":"admin","url":"https:\/\/lasentinelle.dz\/author\/admin\/"}]}},"_links":{"self":[{"href":"https:\/\/lasentinelle.dz\/index.php\/wp-json\/wp\/v2\/posts\/75264","targetHints":{"allow":["GET"]}}],"collection":[{"href":"https:\/\/lasentinelle.dz\/index.php\/wp-json\/wp\/v2\/posts"}],"about":[{"href":"https:\/\/lasentinelle.dz\/index.php\/wp-json\/wp\/v2\/types\/post"}],"author":[{"embeddable":true,"href":"https:\/\/lasentinelle.dz\/index.php\/wp-json\/wp\/v2\/users\/6"}],"replies":[{"embeddable":true,"href":"https:\/\/lasentinelle.dz\/index.php\/wp-json\/wp\/v2\/comments?post=75264"}],"version-history":[{"count":2,"href":"https:\/\/lasentinelle.dz\/index.php\/wp-json\/wp\/v2\/posts\/75264\/revisions"}],"predecessor-version":[{"id":75267,"href":"https:\/\/lasentinelle.dz\/index.php\/wp-json\/wp\/v2\/posts\/75264\/revisions\/75267"}],"wp:featuredmedia":[{"embeddable":true,"href":"https:\/\/lasentinelle.dz\/index.php\/wp-json\/wp\/v2\/media\/75265"}],"wp:attachment":[{"href":"https:\/\/lasentinelle.dz\/index.php\/wp-json\/wp\/v2\/media?parent=75264"}],"wp:term":[{"taxonomy":"category","embeddable":true,"href":"https:\/\/lasentinelle.dz\/index.php\/wp-json\/wp\/v2\/categories?post=75264"},{"taxonomy":"post_tag","embeddable":true,"href":"https:\/\/lasentinelle.dz\/index.php\/wp-json\/wp\/v2\/tags?post=75264"}],"curies":[{"name":"wp","href":"https:\/\/api.w.org\/{rel}","templated":true}]}}