{"id":75268,"date":"2025-10-25T19:19:54","date_gmt":"2025-10-25T18:19:54","guid":{"rendered":"https:\/\/lasentinelle.dz\/?p=75268"},"modified":"2025-10-25T19:19:55","modified_gmt":"2025-10-25T18:19:55","slug":"gaz-naturel-le-gecf-appelle-a-mobiliser-des-investissements-pour-repondre-a-la-demande","status":"publish","type":"post","link":"https:\/\/lasentinelle.dz\/index.php\/2025\/10\/25\/gaz-naturel-le-gecf-appelle-a-mobiliser-des-investissements-pour-repondre-a-la-demande\/","title":{"rendered":"Gaz naturel\u00a0: Le GECF appelle \u00e0 mobiliser des investissements pour r\u00e9pondre \u00e0 la demande"},"content":{"rendered":"\n<p>Les ministres du Forum des pays exportateurs de gaz r\u00e9unis jeudi \u00e0 Doha ont appel\u00e9 \u00e0 renforcer les investissements dans le secteur gazier pour r\u00e9pondre \u00e0 une demande mondiale pr\u00e9vue en hausse de 32% d&rsquo;ici 2050, tout en d\u00e9non\u00e7ant les mesures restrictives europ\u00e9ennes jug\u00e9es contraires aux accords climatiques internationaux. &nbsp;La 27e r\u00e9union minist\u00e9rielle du Forum des pays exportateurs de gaz, qui s&rsquo;est tenue sous la pr\u00e9sidence du ministre libyen du P\u00e9trole et du Gaz, Khalifa Rajab Abdulsadek, a \u00e9t\u00e9 marqu\u00e9e par un message clair des pays producteurs : le gaz naturel demeure une \u00e9nergie d&rsquo;avenir indispensable \u00e0 la s\u00e9curit\u00e9 \u00e9nerg\u00e9tique mondiale. Dans leur communiqu\u00e9 final, les ministres ont insist\u00e9 sur \u00ab\u00a0l&rsquo;importance d&rsquo;investir en temps opportun tout au long de la cha\u00eene de valeur du gaz, pour garantir des approvisionnements suffisants r\u00e9pondant \u00e0 la demande croissante\u00a0\u00bb. Cette position s&rsquo;appuie sur les projections du Forum qui anticipent une augmentation de pr\u00e8s de 32% de la demande de gaz naturel d&rsquo;ici 2050, sa part dans le mix \u00e9nerg\u00e9tique mondial devant passer de 23% \u00e0 26%. Apr\u00e8s avoir salu\u00e9 \u00ab\u00a0la capacit\u00e9 des pays membres \u00e0 assurer des approvisionnements stables malgr\u00e9 les fluctuations des march\u00e9s\u00a0\u00bb, les participants ont vertement critiqu\u00e9 ce qu&rsquo;ils qualifient d'\u00a0\u00bbappels trompeurs\u00a0\u00bb visant \u00e0 cesser les investissements dans le gaz naturel, \u00ab\u00a0une d\u00e9marche qui aura un impact n\u00e9gatif sur la s\u00e9curit\u00e9 \u00e9nerg\u00e9tique\u00a0\u00bb. &nbsp;Le ton s&rsquo;est durci lorsque les ministres ont exprim\u00e9 leur \u00ab\u00a0profonde pr\u00e9occupation quant \u00e0 la possibilit\u00e9 d&rsquo;imposer des mesures ou des r\u00e9glementations restrictives unilat\u00e9rales \u00e0 port\u00e9e extraterritoriale\u00a0\u00bb. Trois dispositifs europ\u00e9ens ont \u00e9t\u00e9 explicitement vis\u00e9s : le r\u00e8glement sur les \u00e9missions de m\u00e9thane, la directive sur le devoir de vigilance en mati\u00e8re de durabilit\u00e9 des entreprises et le m\u00e9canisme d&rsquo;ajustement carbone aux fronti\u00e8res. Selon le communiqu\u00e9, ces r\u00e9glementations \u00ab\u00a0imposent des obligations qui vont souvent \u00e0 l&rsquo;encontre des principes et des exigences de la Convention-cadre des Nations unies sur les changements climatiques, de l&rsquo;Accord de Paris et des r\u00e8gles de l&rsquo;Organisation mondiale du commerce\u00a0\u00bb. Face \u00e0 cette situation, le Forum a annonc\u00e9 la cr\u00e9ation d&rsquo;un groupe de travail temporaire charg\u00e9 de ces questions. Les participants ont appel\u00e9 \u00e0 mobiliser les ressources financi\u00e8res n\u00e9cessaires pour le soutien et le d\u00e9veloppement des infrastructures gazi\u00e8res, en coordination avec les institutions financi\u00e8res internationales, les banques multilat\u00e9rales de d\u00e9veloppement et le secteur priv\u00e9, afin de faciliter le financement des projets gaziers. Le communiqu\u00e9 final a \u00e9galement soulign\u00e9 \u00ab\u00a0l&rsquo;importance croissante des technologies num\u00e9riques dans le renforcement de l&rsquo;efficacit\u00e9 op\u00e9rationnelle, de la transparence et de la s\u00e9curit\u00e9 tout au long de la cha\u00eene de valeur du gaz naturel\u00a0\u00bb, encourageant \u00ab\u00a0les investissements dans l&rsquo;analyse des donn\u00e9es, les outils d&rsquo;intelligence artificielle et les infrastructures intelligentes pour une meilleure gestion des ressources\u00a0\u00bb.<\/p>\n\n\n\n<p><strong>Arkab plaide pour une transition juste et \u00e9quilibr\u00e9e<\/strong><\/p>\n\n\n\n<p>Dans son allocution \u00e0 l&rsquo;ouverture des travaux, le ministre d&rsquo;\u00c9tat, ministre des Hydrocarbures et des Mines Mohamed Arkab a soulign\u00e9 que \u00ab\u00a0la r\u00e9union de Doha intervient \u00e0 un moment sensible pour le secteur \u00e9nerg\u00e9tique mondial\u00a0\u00bb. Il a affirm\u00e9 que \u00ab\u00a0le forum s&rsquo;est affirm\u00e9 comme la voix collective et cr\u00e9dible d\u00e9fendant la place du gaz naturel en tant que source d&rsquo;\u00e9nergie propre, s\u00fbre et abondante, jouant un r\u00f4le pivot dans la garantie de la s\u00e9curit\u00e9 \u00e9nerg\u00e9tique et le soutien au d\u00e9veloppement durable\u00a0\u00bb. Le ministre alg\u00e9rien a r\u00e9it\u00e9r\u00e9 \u00ab\u00a0l&rsquo;attachement constant de l&rsquo;Alg\u00e9rie aux valeurs de partenariat, de dialogue et de solidarit\u00e9, qui constituent les fondements du GECF\u00a0\u00bb, tout en soulignant \u00ab\u00a0la disposition permanente de l&rsquo;Alg\u00e9rie \u00e0 contribuer activement au renforcement du r\u00f4le du forum en tant qu&rsquo;organisation fiable et influente d\u00e9fendant les int\u00e9r\u00eats de ses membres dans les fora r\u00e9gionaux et internationaux\u00a0\u00bb. Mohamed Arkab a insist\u00e9 sur \u00ab\u00a0la conviction de notre pays que le gaz naturel n&rsquo;est pas seulement une \u00e9nergie de transition, mais bien l&rsquo;\u00e9nergie de l&rsquo;avenir contribuant \u00e0 la s\u00e9curit\u00e9 \u00e9nerg\u00e9tique mondiale, au d\u00e9veloppement durable et \u00e0 l&rsquo;am\u00e9lioration du bien-\u00eatre des peuples\u00a0\u00bb. Le ministre a mis l&rsquo;accent sur \u00ab\u00a0l&rsquo;importance de la stabilit\u00e9 et de la s\u00e9curit\u00e9 des march\u00e9s du gaz naturel\u00a0\u00bb, soulignant que \u00ab\u00a0des march\u00e9s pr\u00e9visibles, \u00e9quilibr\u00e9s et transparents servent les int\u00e9r\u00eats des producteurs comme des consommateurs\u00a0\u00bb. Il a ajout\u00e9 que \u00ab\u00a0la r\u00e9alisation de cet objectif n\u00e9cessite des investissements suffisants dans les infrastructures et l&rsquo;approvisionnement, en sus d&rsquo;un dialogue constructif et durable entre toutes les parties concern\u00e9es\u00a0\u00bb. Sur la question climatique, Mohamed Arkab a rappel\u00e9 \u00ab\u00a0la n\u00e9cessit\u00e9 de maintenir les efforts internationaux fond\u00e9s sur le principe de la responsabilit\u00e9 commune mais diff\u00e9renci\u00e9e, tout en respectant le droit souverain de chaque \u00c9tat de choisir sa propre voie nationale pour une transition \u00e9nerg\u00e9tique juste et \u00e9quilibr\u00e9e\u00a0\u00bb. Il a mis en avant \u00ab\u00a0le r\u00f4le pivot du gaz naturel en tant que source d&rsquo;\u00e9nergie \u00e0 faibles \u00e9missions de carbone et levier indispensable \u00e0 la r\u00e9ussite de la transition \u00e9nerg\u00e9tique mondiale\u00a0\u00bb.<\/p>\n\n\n\n<p>Amar Malki<\/p>\n","protected":false},"excerpt":{"rendered":"<p>Les ministres du Forum des pays exportateurs de gaz r\u00e9unis jeudi \u00e0 Doha ont appel\u00e9 \u00e0 renforcer les investissements dans<\/p>\n","protected":false},"author":6,"featured_media":75269,"comment_status":"open","ping_status":"closed","sticky":false,"template":"","format":"standard","meta":{"colormag_page_container_layout":"default_layout","colormag_page_sidebar_layout":"default_layout","om_disable_all_campaigns":false,"_monsterinsights_skip_tracking":false,"_monsterinsights_sitenote_active":false,"_monsterinsights_sitenote_note":"","_monsterinsights_sitenote_category":0,"footnotes":"","_wpscppro_dont_share_socialmedia":false,"_wpscppro_custom_social_share_image":0,"_facebook_share_type":"default","_twitter_share_type":"default","_linkedin_share_type":"default","_pinterest_share_type":"default","_linkedin_share_type_page":"","_instagram_share_type":"default","_medium_share_type":"default","_threads_share_type":"default","_google_business_share_type":"default","_selected_social_profile":[],"_wpsp_enable_custom_social_template":false,"_wpsp_social_scheduling":{"enabled":false,"datetime":null,"platforms":[],"status":"template_only","dateOption":"today","timeOption":"now","customDays":"","customHours":"","customDate":"","customTime":"","schedulingType":"absolute"},"_wpsp_active_default_template":true},"categories":[29],"tags":[],"class_list":["post-75268","post","type-post","status-publish","format-standard","has-post-thumbnail","hentry","category-economie"],"aioseo_notices":[],"yoast_head":"<!-- This site is optimized with the Yoast SEO plugin v27.5 - https:\/\/yoast.com\/product\/yoast-seo-wordpress\/ -->\n<title>Gaz naturel\u00a0: Le GECF appelle \u00e0 mobiliser des investissements pour r\u00e9pondre \u00e0 la demande - La Sentinelle<\/title>\n<meta name=\"robots\" content=\"index, follow, max-snippet:-1, max-image-preview:large, max-video-preview:-1\" \/>\n<link rel=\"canonical\" href=\"https:\/\/lasentinelle.dz\/index.php\/2025\/10\/25\/gaz-naturel-le-gecf-appelle-a-mobiliser-des-investissements-pour-repondre-a-la-demande\/\" \/>\n<meta property=\"og:locale\" content=\"fr_FR\" \/>\n<meta property=\"og:type\" content=\"article\" \/>\n<meta property=\"og:title\" content=\"Gaz naturel\u00a0: Le GECF appelle \u00e0 mobiliser des investissements pour r\u00e9pondre \u00e0 la demande - La Sentinelle\" \/>\n<meta property=\"og:description\" content=\"Les ministres du Forum des pays exportateurs de gaz r\u00e9unis jeudi \u00e0 Doha ont appel\u00e9 \u00e0 renforcer les investissements dans\" \/>\n<meta property=\"og:url\" content=\"https:\/\/lasentinelle.dz\/index.php\/2025\/10\/25\/gaz-naturel-le-gecf-appelle-a-mobiliser-des-investissements-pour-repondre-a-la-demande\/\" \/>\n<meta property=\"og:site_name\" content=\"La Sentinelle\" \/>\n<meta property=\"article:publisher\" content=\"https:\/\/www.facebook.com\/La-Sentinelle-104059864394773\" \/>\n<meta property=\"article:published_time\" content=\"2025-10-25T18:19:54+00:00\" \/>\n<meta property=\"article:modified_time\" content=\"2025-10-25T18:19:55+00:00\" \/>\n<meta property=\"og:image\" content=\"https:\/\/lasentinelle.dz\/wp-content\/uploads\/2025\/10\/GECF.jpg\" \/>\n\t<meta property=\"og:image:width\" content=\"958\" \/>\n\t<meta property=\"og:image:height\" content=\"446\" \/>\n\t<meta property=\"og:image:type\" content=\"image\/jpeg\" \/>\n<meta name=\"author\" content=\"admin\" \/>\n<meta name=\"twitter:card\" content=\"summary_large_image\" \/>\n<meta name=\"twitter:label1\" content=\"\u00c9crit par\" \/>\n\t<meta name=\"twitter:data1\" content=\"admin\" \/>\n\t<meta name=\"twitter:label2\" content=\"Dur\u00e9e de lecture estim\u00e9e\" \/>\n\t<meta name=\"twitter:data2\" content=\"5 minutes\" \/>\n<script type=\"application\/ld+json\" class=\"yoast-schema-graph\">{\"@context\":\"https:\\\/\\\/schema.org\",\"@graph\":[{\"@type\":\"Article\",\"@id\":\"https:\\\/\\\/lasentinelle.dz\\\/index.php\\\/2025\\\/10\\\/25\\\/gaz-naturel-le-gecf-appelle-a-mobiliser-des-investissements-pour-repondre-a-la-demande\\\/#article\",\"isPartOf\":{\"@id\":\"https:\\\/\\\/lasentinelle.dz\\\/index.php\\\/2025\\\/10\\\/25\\\/gaz-naturel-le-gecf-appelle-a-mobiliser-des-investissements-pour-repondre-a-la-demande\\\/\"},\"author\":{\"name\":\"admin\",\"@id\":\"https:\\\/\\\/lasentinelle.dz\\\/#\\\/schema\\\/person\\\/729ee0024f24e0b8c5ec17232f8e8b41\"},\"headline\":\"Gaz naturel\u00a0: Le GECF appelle \u00e0 mobiliser des investissements pour r\u00e9pondre \u00e0 la demande\",\"datePublished\":\"2025-10-25T18:19:54+00:00\",\"dateModified\":\"2025-10-25T18:19:55+00:00\",\"mainEntityOfPage\":{\"@id\":\"https:\\\/\\\/lasentinelle.dz\\\/index.php\\\/2025\\\/10\\\/25\\\/gaz-naturel-le-gecf-appelle-a-mobiliser-des-investissements-pour-repondre-a-la-demande\\\/\"},\"wordCount\":894,\"commentCount\":0,\"publisher\":{\"@id\":\"https:\\\/\\\/lasentinelle.dz\\\/#organization\"},\"image\":{\"@id\":\"https:\\\/\\\/lasentinelle.dz\\\/index.php\\\/2025\\\/10\\\/25\\\/gaz-naturel-le-gecf-appelle-a-mobiliser-des-investissements-pour-repondre-a-la-demande\\\/#primaryimage\"},\"thumbnailUrl\":\"https:\\\/\\\/lasentinelle.dz\\\/wp-content\\\/uploads\\\/2025\\\/10\\\/GECF.jpg\",\"articleSection\":[\"\u00c9conomie\"],\"inLanguage\":\"fr-FR\",\"potentialAction\":[{\"@type\":\"CommentAction\",\"name\":\"Comment\",\"target\":[\"https:\\\/\\\/lasentinelle.dz\\\/index.php\\\/2025\\\/10\\\/25\\\/gaz-naturel-le-gecf-appelle-a-mobiliser-des-investissements-pour-repondre-a-la-demande\\\/#respond\"]}]},{\"@type\":\"WebPage\",\"@id\":\"https:\\\/\\\/lasentinelle.dz\\\/index.php\\\/2025\\\/10\\\/25\\\/gaz-naturel-le-gecf-appelle-a-mobiliser-des-investissements-pour-repondre-a-la-demande\\\/\",\"url\":\"https:\\\/\\\/lasentinelle.dz\\\/index.php\\\/2025\\\/10\\\/25\\\/gaz-naturel-le-gecf-appelle-a-mobiliser-des-investissements-pour-repondre-a-la-demande\\\/\",\"name\":\"Gaz naturel\u00a0: Le GECF appelle \u00e0 mobiliser des investissements pour r\u00e9pondre \u00e0 la demande - La Sentinelle\",\"isPartOf\":{\"@id\":\"https:\\\/\\\/lasentinelle.dz\\\/#website\"},\"primaryImageOfPage\":{\"@id\":\"https:\\\/\\\/lasentinelle.dz\\\/index.php\\\/2025\\\/10\\\/25\\\/gaz-naturel-le-gecf-appelle-a-mobiliser-des-investissements-pour-repondre-a-la-demande\\\/#primaryimage\"},\"image\":{\"@id\":\"https:\\\/\\\/lasentinelle.dz\\\/index.php\\\/2025\\\/10\\\/25\\\/gaz-naturel-le-gecf-appelle-a-mobiliser-des-investissements-pour-repondre-a-la-demande\\\/#primaryimage\"},\"thumbnailUrl\":\"https:\\\/\\\/lasentinelle.dz\\\/wp-content\\\/uploads\\\/2025\\\/10\\\/GECF.jpg\",\"datePublished\":\"2025-10-25T18:19:54+00:00\",\"dateModified\":\"2025-10-25T18:19:55+00:00\",\"breadcrumb\":{\"@id\":\"https:\\\/\\\/lasentinelle.dz\\\/index.php\\\/2025\\\/10\\\/25\\\/gaz-naturel-le-gecf-appelle-a-mobiliser-des-investissements-pour-repondre-a-la-demande\\\/#breadcrumb\"},\"inLanguage\":\"fr-FR\",\"potentialAction\":[{\"@type\":\"ReadAction\",\"target\":[\"https:\\\/\\\/lasentinelle.dz\\\/index.php\\\/2025\\\/10\\\/25\\\/gaz-naturel-le-gecf-appelle-a-mobiliser-des-investissements-pour-repondre-a-la-demande\\\/\"]}]},{\"@type\":\"ImageObject\",\"inLanguage\":\"fr-FR\",\"@id\":\"https:\\\/\\\/lasentinelle.dz\\\/index.php\\\/2025\\\/10\\\/25\\\/gaz-naturel-le-gecf-appelle-a-mobiliser-des-investissements-pour-repondre-a-la-demande\\\/#primaryimage\",\"url\":\"https:\\\/\\\/lasentinelle.dz\\\/wp-content\\\/uploads\\\/2025\\\/10\\\/GECF.jpg\",\"contentUrl\":\"https:\\\/\\\/lasentinelle.dz\\\/wp-content\\\/uploads\\\/2025\\\/10\\\/GECF.jpg\",\"width\":958,\"height\":446},{\"@type\":\"BreadcrumbList\",\"@id\":\"https:\\\/\\\/lasentinelle.dz\\\/index.php\\\/2025\\\/10\\\/25\\\/gaz-naturel-le-gecf-appelle-a-mobiliser-des-investissements-pour-repondre-a-la-demande\\\/#breadcrumb\",\"itemListElement\":[{\"@type\":\"ListItem\",\"position\":1,\"name\":\"Accueil\",\"item\":\"https:\\\/\\\/lasentinelle.dz\\\/\"},{\"@type\":\"ListItem\",\"position\":2,\"name\":\"Gaz naturel\u00a0: Le GECF appelle \u00e0 mobiliser des investissements pour r\u00e9pondre \u00e0 la demande\"}]},{\"@type\":\"WebSite\",\"@id\":\"https:\\\/\\\/lasentinelle.dz\\\/#website\",\"url\":\"https:\\\/\\\/lasentinelle.dz\\\/\",\"name\":\"La Sentinelle\",\"description\":\"Quotidien national d&#039;information\",\"publisher\":{\"@id\":\"https:\\\/\\\/lasentinelle.dz\\\/#organization\"},\"potentialAction\":[{\"@type\":\"SearchAction\",\"target\":{\"@type\":\"EntryPoint\",\"urlTemplate\":\"https:\\\/\\\/lasentinelle.dz\\\/?s={search_term_string}\"},\"query-input\":{\"@type\":\"PropertyValueSpecification\",\"valueRequired\":true,\"valueName\":\"search_term_string\"}}],\"inLanguage\":\"fr-FR\"},{\"@type\":\"Organization\",\"@id\":\"https:\\\/\\\/lasentinelle.dz\\\/#organization\",\"name\":\"Quotidien La Sentinelle\",\"url\":\"https:\\\/\\\/lasentinelle.dz\\\/\",\"logo\":{\"@type\":\"ImageObject\",\"inLanguage\":\"fr-FR\",\"@id\":\"https:\\\/\\\/lasentinelle.dz\\\/#\\\/schema\\\/logo\\\/image\\\/\",\"url\":\"https:\\\/\\\/lasentinelle.dz\\\/wp-content\\\/uploads\\\/2021\\\/09\\\/logo-sentinelleSLOGAN-1.png\",\"contentUrl\":\"https:\\\/\\\/lasentinelle.dz\\\/wp-content\\\/uploads\\\/2021\\\/09\\\/logo-sentinelleSLOGAN-1.png\",\"width\":615,\"height\":142,\"caption\":\"Quotidien La Sentinelle\"},\"image\":{\"@id\":\"https:\\\/\\\/lasentinelle.dz\\\/#\\\/schema\\\/logo\\\/image\\\/\"},\"sameAs\":[\"https:\\\/\\\/www.facebook.com\\\/La-Sentinelle-104059864394773\"]},{\"@type\":\"Person\",\"@id\":\"https:\\\/\\\/lasentinelle.dz\\\/#\\\/schema\\\/person\\\/729ee0024f24e0b8c5ec17232f8e8b41\",\"name\":\"admin\",\"image\":{\"@type\":\"ImageObject\",\"inLanguage\":\"fr-FR\",\"@id\":\"https:\\\/\\\/secure.gravatar.com\\\/avatar\\\/4c81fed838786e9b53f540bf46533e750f5d292099ae3b66cfc6fb1982e29df7?s=96&d=mm&r=g\",\"url\":\"https:\\\/\\\/secure.gravatar.com\\\/avatar\\\/4c81fed838786e9b53f540bf46533e750f5d292099ae3b66cfc6fb1982e29df7?s=96&d=mm&r=g\",\"contentUrl\":\"https:\\\/\\\/secure.gravatar.com\\\/avatar\\\/4c81fed838786e9b53f540bf46533e750f5d292099ae3b66cfc6fb1982e29df7?s=96&d=mm&r=g\",\"caption\":\"admin\"},\"description\":\"admin\",\"url\":\"https:\\\/\\\/lasentinelle.dz\\\/author\\\/admin\\\/\"}]}<\/script>\n<!-- \/ Yoast SEO plugin. -->","yoast_head_json":{"title":"Gaz naturel\u00a0: Le GECF appelle \u00e0 mobiliser des investissements pour r\u00e9pondre \u00e0 la demande - La Sentinelle","robots":{"index":"index","follow":"follow","max-snippet":"max-snippet:-1","max-image-preview":"max-image-preview:large","max-video-preview":"max-video-preview:-1"},"canonical":"https:\/\/lasentinelle.dz\/index.php\/2025\/10\/25\/gaz-naturel-le-gecf-appelle-a-mobiliser-des-investissements-pour-repondre-a-la-demande\/","og_locale":"fr_FR","og_type":"article","og_title":"Gaz naturel\u00a0: Le GECF appelle \u00e0 mobiliser des investissements pour r\u00e9pondre \u00e0 la demande - La Sentinelle","og_description":"Les ministres du Forum des pays exportateurs de gaz r\u00e9unis jeudi \u00e0 Doha ont appel\u00e9 \u00e0 renforcer les investissements dans","og_url":"https:\/\/lasentinelle.dz\/index.php\/2025\/10\/25\/gaz-naturel-le-gecf-appelle-a-mobiliser-des-investissements-pour-repondre-a-la-demande\/","og_site_name":"La Sentinelle","article_publisher":"https:\/\/www.facebook.com\/La-Sentinelle-104059864394773","article_published_time":"2025-10-25T18:19:54+00:00","article_modified_time":"2025-10-25T18:19:55+00:00","og_image":[{"width":958,"height":446,"url":"https:\/\/lasentinelle.dz\/wp-content\/uploads\/2025\/10\/GECF.jpg","type":"image\/jpeg"}],"author":"admin","twitter_card":"summary_large_image","twitter_misc":{"\u00c9crit par":"admin","Dur\u00e9e de lecture estim\u00e9e":"5 minutes"},"schema":{"@context":"https:\/\/schema.org","@graph":[{"@type":"Article","@id":"https:\/\/lasentinelle.dz\/index.php\/2025\/10\/25\/gaz-naturel-le-gecf-appelle-a-mobiliser-des-investissements-pour-repondre-a-la-demande\/#article","isPartOf":{"@id":"https:\/\/lasentinelle.dz\/index.php\/2025\/10\/25\/gaz-naturel-le-gecf-appelle-a-mobiliser-des-investissements-pour-repondre-a-la-demande\/"},"author":{"name":"admin","@id":"https:\/\/lasentinelle.dz\/#\/schema\/person\/729ee0024f24e0b8c5ec17232f8e8b41"},"headline":"Gaz naturel\u00a0: Le GECF appelle \u00e0 mobiliser des investissements pour r\u00e9pondre \u00e0 la demande","datePublished":"2025-10-25T18:19:54+00:00","dateModified":"2025-10-25T18:19:55+00:00","mainEntityOfPage":{"@id":"https:\/\/lasentinelle.dz\/index.php\/2025\/10\/25\/gaz-naturel-le-gecf-appelle-a-mobiliser-des-investissements-pour-repondre-a-la-demande\/"},"wordCount":894,"commentCount":0,"publisher":{"@id":"https:\/\/lasentinelle.dz\/#organization"},"image":{"@id":"https:\/\/lasentinelle.dz\/index.php\/2025\/10\/25\/gaz-naturel-le-gecf-appelle-a-mobiliser-des-investissements-pour-repondre-a-la-demande\/#primaryimage"},"thumbnailUrl":"https:\/\/lasentinelle.dz\/wp-content\/uploads\/2025\/10\/GECF.jpg","articleSection":["\u00c9conomie"],"inLanguage":"fr-FR","potentialAction":[{"@type":"CommentAction","name":"Comment","target":["https:\/\/lasentinelle.dz\/index.php\/2025\/10\/25\/gaz-naturel-le-gecf-appelle-a-mobiliser-des-investissements-pour-repondre-a-la-demande\/#respond"]}]},{"@type":"WebPage","@id":"https:\/\/lasentinelle.dz\/index.php\/2025\/10\/25\/gaz-naturel-le-gecf-appelle-a-mobiliser-des-investissements-pour-repondre-a-la-demande\/","url":"https:\/\/lasentinelle.dz\/index.php\/2025\/10\/25\/gaz-naturel-le-gecf-appelle-a-mobiliser-des-investissements-pour-repondre-a-la-demande\/","name":"Gaz naturel\u00a0: Le GECF appelle \u00e0 mobiliser des investissements pour r\u00e9pondre \u00e0 la demande - La Sentinelle","isPartOf":{"@id":"https:\/\/lasentinelle.dz\/#website"},"primaryImageOfPage":{"@id":"https:\/\/lasentinelle.dz\/index.php\/2025\/10\/25\/gaz-naturel-le-gecf-appelle-a-mobiliser-des-investissements-pour-repondre-a-la-demande\/#primaryimage"},"image":{"@id":"https:\/\/lasentinelle.dz\/index.php\/2025\/10\/25\/gaz-naturel-le-gecf-appelle-a-mobiliser-des-investissements-pour-repondre-a-la-demande\/#primaryimage"},"thumbnailUrl":"https:\/\/lasentinelle.dz\/wp-content\/uploads\/2025\/10\/GECF.jpg","datePublished":"2025-10-25T18:19:54+00:00","dateModified":"2025-10-25T18:19:55+00:00","breadcrumb":{"@id":"https:\/\/lasentinelle.dz\/index.php\/2025\/10\/25\/gaz-naturel-le-gecf-appelle-a-mobiliser-des-investissements-pour-repondre-a-la-demande\/#breadcrumb"},"inLanguage":"fr-FR","potentialAction":[{"@type":"ReadAction","target":["https:\/\/lasentinelle.dz\/index.php\/2025\/10\/25\/gaz-naturel-le-gecf-appelle-a-mobiliser-des-investissements-pour-repondre-a-la-demande\/"]}]},{"@type":"ImageObject","inLanguage":"fr-FR","@id":"https:\/\/lasentinelle.dz\/index.php\/2025\/10\/25\/gaz-naturel-le-gecf-appelle-a-mobiliser-des-investissements-pour-repondre-a-la-demande\/#primaryimage","url":"https:\/\/lasentinelle.dz\/wp-content\/uploads\/2025\/10\/GECF.jpg","contentUrl":"https:\/\/lasentinelle.dz\/wp-content\/uploads\/2025\/10\/GECF.jpg","width":958,"height":446},{"@type":"BreadcrumbList","@id":"https:\/\/lasentinelle.dz\/index.php\/2025\/10\/25\/gaz-naturel-le-gecf-appelle-a-mobiliser-des-investissements-pour-repondre-a-la-demande\/#breadcrumb","itemListElement":[{"@type":"ListItem","position":1,"name":"Accueil","item":"https:\/\/lasentinelle.dz\/"},{"@type":"ListItem","position":2,"name":"Gaz naturel\u00a0: Le GECF appelle \u00e0 mobiliser des investissements pour r\u00e9pondre \u00e0 la demande"}]},{"@type":"WebSite","@id":"https:\/\/lasentinelle.dz\/#website","url":"https:\/\/lasentinelle.dz\/","name":"La Sentinelle","description":"Quotidien national d&#039;information","publisher":{"@id":"https:\/\/lasentinelle.dz\/#organization"},"potentialAction":[{"@type":"SearchAction","target":{"@type":"EntryPoint","urlTemplate":"https:\/\/lasentinelle.dz\/?s={search_term_string}"},"query-input":{"@type":"PropertyValueSpecification","valueRequired":true,"valueName":"search_term_string"}}],"inLanguage":"fr-FR"},{"@type":"Organization","@id":"https:\/\/lasentinelle.dz\/#organization","name":"Quotidien La Sentinelle","url":"https:\/\/lasentinelle.dz\/","logo":{"@type":"ImageObject","inLanguage":"fr-FR","@id":"https:\/\/lasentinelle.dz\/#\/schema\/logo\/image\/","url":"https:\/\/lasentinelle.dz\/wp-content\/uploads\/2021\/09\/logo-sentinelleSLOGAN-1.png","contentUrl":"https:\/\/lasentinelle.dz\/wp-content\/uploads\/2021\/09\/logo-sentinelleSLOGAN-1.png","width":615,"height":142,"caption":"Quotidien La Sentinelle"},"image":{"@id":"https:\/\/lasentinelle.dz\/#\/schema\/logo\/image\/"},"sameAs":["https:\/\/www.facebook.com\/La-Sentinelle-104059864394773"]},{"@type":"Person","@id":"https:\/\/lasentinelle.dz\/#\/schema\/person\/729ee0024f24e0b8c5ec17232f8e8b41","name":"admin","image":{"@type":"ImageObject","inLanguage":"fr-FR","@id":"https:\/\/secure.gravatar.com\/avatar\/4c81fed838786e9b53f540bf46533e750f5d292099ae3b66cfc6fb1982e29df7?s=96&d=mm&r=g","url":"https:\/\/secure.gravatar.com\/avatar\/4c81fed838786e9b53f540bf46533e750f5d292099ae3b66cfc6fb1982e29df7?s=96&d=mm&r=g","contentUrl":"https:\/\/secure.gravatar.com\/avatar\/4c81fed838786e9b53f540bf46533e750f5d292099ae3b66cfc6fb1982e29df7?s=96&d=mm&r=g","caption":"admin"},"description":"admin","url":"https:\/\/lasentinelle.dz\/author\/admin\/"}]}},"_links":{"self":[{"href":"https:\/\/lasentinelle.dz\/index.php\/wp-json\/wp\/v2\/posts\/75268","targetHints":{"allow":["GET"]}}],"collection":[{"href":"https:\/\/lasentinelle.dz\/index.php\/wp-json\/wp\/v2\/posts"}],"about":[{"href":"https:\/\/lasentinelle.dz\/index.php\/wp-json\/wp\/v2\/types\/post"}],"author":[{"embeddable":true,"href":"https:\/\/lasentinelle.dz\/index.php\/wp-json\/wp\/v2\/users\/6"}],"replies":[{"embeddable":true,"href":"https:\/\/lasentinelle.dz\/index.php\/wp-json\/wp\/v2\/comments?post=75268"}],"version-history":[{"count":1,"href":"https:\/\/lasentinelle.dz\/index.php\/wp-json\/wp\/v2\/posts\/75268\/revisions"}],"predecessor-version":[{"id":75270,"href":"https:\/\/lasentinelle.dz\/index.php\/wp-json\/wp\/v2\/posts\/75268\/revisions\/75270"}],"wp:featuredmedia":[{"embeddable":true,"href":"https:\/\/lasentinelle.dz\/index.php\/wp-json\/wp\/v2\/media\/75269"}],"wp:attachment":[{"href":"https:\/\/lasentinelle.dz\/index.php\/wp-json\/wp\/v2\/media?parent=75268"}],"wp:term":[{"taxonomy":"category","embeddable":true,"href":"https:\/\/lasentinelle.dz\/index.php\/wp-json\/wp\/v2\/categories?post=75268"},{"taxonomy":"post_tag","embeddable":true,"href":"https:\/\/lasentinelle.dz\/index.php\/wp-json\/wp\/v2\/tags?post=75268"}],"curies":[{"name":"wp","href":"https:\/\/api.w.org\/{rel}","templated":true}]}}