{"id":75283,"date":"2025-10-26T19:14:28","date_gmt":"2025-10-26T18:14:28","guid":{"rendered":"https:\/\/lasentinelle.dz\/?p=75283"},"modified":"2025-10-26T19:14:30","modified_gmt":"2025-10-26T18:14:30","slug":"lutte-contre-les-incendies-de-foret-des-resultats-historiques-enregistres","status":"publish","type":"post","link":"https:\/\/lasentinelle.dz\/index.php\/2025\/10\/26\/lutte-contre-les-incendies-de-foret-des-resultats-historiques-enregistres\/","title":{"rendered":"Lutte contre les incendies de for\u00eat\u00a0: Des r\u00e9sultats historiques enregistr\u00e9s"},"content":{"rendered":"\n<p>Le Directeur G\u00e9n\u00e9ral des For\u00eats, Djamel Touahria, a annonc\u00e9 dimanche des r\u00e9sultats exceptionnels dans la lutte contre les incendies de for\u00eat pour la saison 2025, avec une r\u00e9duction drastique des superficies touch\u00e9es qui sont pass\u00e9es de 40.000 hectares les ann\u00e9es pr\u00e9c\u00e9dentes \u00e0 seulement 4.090 hectares, tandis que le nombre de sinistres a chut\u00e9 de 85%, s&rsquo;\u00e9tablissant \u00e0 880 incendies contre plusieurs milliers auparavant.Lors de son passage dans l&rsquo;\u00e9mission \u00ab\u00a0Invit\u00e9 du matin\u00a0\u00bb sur la Cha\u00eene 1 de la Radio nationale, le responsable a attribu\u00e9 ces performances remarquables \u00e0 l&rsquo;adoption de technologies modernes et \u00e0 la mobilisation coordonn\u00e9e de l&rsquo;ensemble des secteurs concern\u00e9s. \u00ab\u00a0Nous avons r\u00e9ussi \u00e0 atteindre une ma\u00eetrise optimale des feux de for\u00eat gr\u00e2ce \u00e0 l&rsquo;utilisation d&rsquo;avions bombardiers d&rsquo;eau de nouvelle g\u00e9n\u00e9ration, de drones de surveillance et de syst\u00e8mes d&rsquo;alerte pr\u00e9coce\u00a0\u00bb, a-t-il expliqu\u00e9, soulignant que cette approche technologique combin\u00e9e \u00e0 la coop\u00e9ration intersectorielle a permis de limiter consid\u00e9rablement les d\u00e9g\u00e2ts.Ce bilan provisoire t\u00e9moigne d&rsquo;un tournant d\u00e9cisif dans la strat\u00e9gie nationale de protection du patrimoine forestier, longtemps menac\u00e9 par des incendies d\u00e9vastateurs qui d\u00e9truisaient chaque \u00e9t\u00e9 des dizaines de milliers d&rsquo;hectares de couverture v\u00e9g\u00e9tale. La ma\u00eetrise technique acquise ces derni\u00e8res ann\u00e9es place d\u00e9sormais l&rsquo;Alg\u00e9rie parmi les pays qui ont r\u00e9ussi \u00e0 inverser la tendance face \u00e0 ce fl\u00e9au r\u00e9current.Par ailleurs, Djamel Touahria a salu\u00e9 le succ\u00e8s retentissant de la campagne nationale de reboisement qui a touch\u00e9 les 58 wilayas du pays, affirmant qu&rsquo;elle a largement d\u00e9pass\u00e9 les objectifs initialement fix\u00e9s gr\u00e2ce \u00e0 la participation massive des citoyens et des associations. L&rsquo;op\u00e9ration a permis de planter plus de 1,390 million arbres \u00e0 travers l&rsquo;ensemble du territoire national, port\u00e9e par un \u00e9lan populaire sans pr\u00e9c\u00e9dent. \u00ab\u00a0L&rsquo;engouement exceptionnel observ\u00e9 dans toutes les wilayas du pays refl\u00e8te une conscience environnementale croissante chez les citoyens face aux dangers du changement climatique, de la d\u00e9sertification et du r\u00e9chauffement plan\u00e9taire\u00a0\u00bb, a-t-il soulign\u00e9, estimant que ces r\u00e9sultats encourageants sont le fruit d&rsquo;une coop\u00e9ration efficace entre l&rsquo;\u00c9tat et la soci\u00e9t\u00e9 civile, et la preuve que l&rsquo;Alg\u00e9rie avance r\u00e9solument vers un avenir environnemental durable fond\u00e9 sur le reboisement, la protection des for\u00eats et la lutte contre la d\u00e9sertification. Dans un autre registre, Djamel Touahria a fait \u00e9tat des avanc\u00e9es du projet de relance du Barrage Vert, mis en \u0153uvre de mani\u00e8re r\u00e9guli\u00e8re depuis 2023 et qui se poursuivra jusqu&rsquo;en 2030. Ce projet ambitieux vise \u00e0 planter des essences foresti\u00e8res r\u00e9sistantes au r\u00e9chauffement climatique et \u00e0 l&rsquo;avanc\u00e9e du d\u00e9sert sur une superficie estim\u00e9e \u00e0 mille hectares. Le responsable a r\u00e9v\u00e9l\u00e9 que plus de 26.000 hectares ont d\u00e9j\u00e0 \u00e9t\u00e9 plant\u00e9s \u00e0 ce jour avec un taux de r\u00e9ussite d\u00e9passant 98%, gr\u00e2ce \u00e0 la supervision d&rsquo;\u00e9tablissements sp\u00e9cialis\u00e9s et d&rsquo;un bureau d&rsquo;\u00e9tudes qui assure le suivi des travaux sur le terrain. Ce projet strat\u00e9gique, v\u00e9ritable poumon vert de l&rsquo;Alg\u00e9rie \u00e0 l&rsquo;horizon 2030, constitue un rempart naturel contre la d\u00e9sertification et participe activement \u00e0 la r\u00e9g\u00e9n\u00e9ration \u00e9cologique des zones arides du pays.<\/p>\n\n\n\n<p><strong>Lyna Larbi<\/strong><\/p>\n","protected":false},"excerpt":{"rendered":"<p>Le Directeur G\u00e9n\u00e9ral des For\u00eats, Djamel Touahria, a annonc\u00e9 dimanche des r\u00e9sultats exceptionnels dans la lutte contre les incendies de<\/p>\n","protected":false},"author":6,"featured_media":72387,"comment_status":"open","ping_status":"closed","sticky":false,"template":"","format":"standard","meta":{"colormag_page_container_layout":"default_layout","colormag_page_sidebar_layout":"default_layout","om_disable_all_campaigns":false,"_monsterinsights_skip_tracking":false,"_monsterinsights_sitenote_active":false,"_monsterinsights_sitenote_note":"","_monsterinsights_sitenote_category":0,"footnotes":"","_wpscppro_dont_share_socialmedia":false,"_wpscppro_custom_social_share_image":0,"_facebook_share_type":"default","_twitter_share_type":"default","_linkedin_share_type":"default","_pinterest_share_type":"default","_linkedin_share_type_page":"","_instagram_share_type":"default","_medium_share_type":"default","_threads_share_type":"default","_google_business_share_type":"default","_selected_social_profile":[],"_wpsp_enable_custom_social_template":false,"_wpsp_social_scheduling":{"enabled":false,"datetime":null,"platforms":[],"status":"template_only","dateOption":"today","timeOption":"now","customDays":"","customHours":"","customDate":"","customTime":"","schedulingType":"absolute"},"_wpsp_active_default_template":true},"categories":[52,27],"tags":[],"class_list":["post-75283","post","type-post","status-publish","format-standard","has-post-thumbnail","hentry","category-a-la-une","category-actualite"],"aioseo_notices":[],"yoast_head":"<!-- This site is optimized with the Yoast SEO plugin v27.5 - https:\/\/yoast.com\/product\/yoast-seo-wordpress\/ -->\n<title>Lutte contre les incendies de for\u00eat\u00a0: Des r\u00e9sultats historiques enregistr\u00e9s - La Sentinelle<\/title>\n<meta name=\"robots\" content=\"index, follow, max-snippet:-1, max-image-preview:large, max-video-preview:-1\" \/>\n<link rel=\"canonical\" href=\"https:\/\/lasentinelle.dz\/index.php\/2025\/10\/26\/lutte-contre-les-incendies-de-foret-des-resultats-historiques-enregistres\/\" \/>\n<meta property=\"og:locale\" content=\"fr_FR\" \/>\n<meta property=\"og:type\" content=\"article\" \/>\n<meta property=\"og:title\" content=\"Lutte contre les incendies de for\u00eat\u00a0: Des r\u00e9sultats historiques enregistr\u00e9s - La Sentinelle\" \/>\n<meta property=\"og:description\" content=\"Le Directeur G\u00e9n\u00e9ral des For\u00eats, Djamel Touahria, a annonc\u00e9 dimanche des r\u00e9sultats exceptionnels dans la lutte contre les incendies de\" \/>\n<meta property=\"og:url\" content=\"https:\/\/lasentinelle.dz\/index.php\/2025\/10\/26\/lutte-contre-les-incendies-de-foret-des-resultats-historiques-enregistres\/\" \/>\n<meta property=\"og:site_name\" content=\"La Sentinelle\" \/>\n<meta property=\"article:publisher\" content=\"https:\/\/www.facebook.com\/La-Sentinelle-104059864394773\" \/>\n<meta property=\"article:published_time\" content=\"2025-10-26T18:14:28+00:00\" \/>\n<meta property=\"article:modified_time\" content=\"2025-10-26T18:14:30+00:00\" \/>\n<meta property=\"og:image\" content=\"https:\/\/lasentinelle.dz\/wp-content\/uploads\/2025\/08\/incendie.jpg\" \/>\n\t<meta property=\"og:image:width\" content=\"2048\" \/>\n\t<meta property=\"og:image:height\" content=\"1365\" \/>\n\t<meta property=\"og:image:type\" content=\"image\/jpeg\" \/>\n<meta name=\"author\" content=\"admin\" \/>\n<meta name=\"twitter:card\" content=\"summary_large_image\" \/>\n<meta name=\"twitter:label1\" content=\"\u00c9crit par\" \/>\n\t<meta name=\"twitter:data1\" content=\"admin\" \/>\n\t<meta name=\"twitter:label2\" content=\"Dur\u00e9e de lecture estim\u00e9e\" \/>\n\t<meta name=\"twitter:data2\" content=\"3 minutes\" \/>\n<script type=\"application\/ld+json\" class=\"yoast-schema-graph\">{\"@context\":\"https:\\\/\\\/schema.org\",\"@graph\":[{\"@type\":\"Article\",\"@id\":\"https:\\\/\\\/lasentinelle.dz\\\/index.php\\\/2025\\\/10\\\/26\\\/lutte-contre-les-incendies-de-foret-des-resultats-historiques-enregistres\\\/#article\",\"isPartOf\":{\"@id\":\"https:\\\/\\\/lasentinelle.dz\\\/index.php\\\/2025\\\/10\\\/26\\\/lutte-contre-les-incendies-de-foret-des-resultats-historiques-enregistres\\\/\"},\"author\":{\"name\":\"admin\",\"@id\":\"https:\\\/\\\/lasentinelle.dz\\\/#\\\/schema\\\/person\\\/729ee0024f24e0b8c5ec17232f8e8b41\"},\"headline\":\"Lutte contre les incendies de for\u00eat\u00a0: Des r\u00e9sultats historiques enregistr\u00e9s\",\"datePublished\":\"2025-10-26T18:14:28+00:00\",\"dateModified\":\"2025-10-26T18:14:30+00:00\",\"mainEntityOfPage\":{\"@id\":\"https:\\\/\\\/lasentinelle.dz\\\/index.php\\\/2025\\\/10\\\/26\\\/lutte-contre-les-incendies-de-foret-des-resultats-historiques-enregistres\\\/\"},\"wordCount\":575,\"commentCount\":0,\"publisher\":{\"@id\":\"https:\\\/\\\/lasentinelle.dz\\\/#organization\"},\"image\":{\"@id\":\"https:\\\/\\\/lasentinelle.dz\\\/index.php\\\/2025\\\/10\\\/26\\\/lutte-contre-les-incendies-de-foret-des-resultats-historiques-enregistres\\\/#primaryimage\"},\"thumbnailUrl\":\"https:\\\/\\\/lasentinelle.dz\\\/wp-content\\\/uploads\\\/2025\\\/08\\\/incendie.jpg\",\"articleSection\":[\"\u00c0 la Une\",\"Actualit\u00e9\"],\"inLanguage\":\"fr-FR\",\"potentialAction\":[{\"@type\":\"CommentAction\",\"name\":\"Comment\",\"target\":[\"https:\\\/\\\/lasentinelle.dz\\\/index.php\\\/2025\\\/10\\\/26\\\/lutte-contre-les-incendies-de-foret-des-resultats-historiques-enregistres\\\/#respond\"]}]},{\"@type\":\"WebPage\",\"@id\":\"https:\\\/\\\/lasentinelle.dz\\\/index.php\\\/2025\\\/10\\\/26\\\/lutte-contre-les-incendies-de-foret-des-resultats-historiques-enregistres\\\/\",\"url\":\"https:\\\/\\\/lasentinelle.dz\\\/index.php\\\/2025\\\/10\\\/26\\\/lutte-contre-les-incendies-de-foret-des-resultats-historiques-enregistres\\\/\",\"name\":\"Lutte contre les incendies de for\u00eat\u00a0: Des r\u00e9sultats historiques enregistr\u00e9s - La Sentinelle\",\"isPartOf\":{\"@id\":\"https:\\\/\\\/lasentinelle.dz\\\/#website\"},\"primaryImageOfPage\":{\"@id\":\"https:\\\/\\\/lasentinelle.dz\\\/index.php\\\/2025\\\/10\\\/26\\\/lutte-contre-les-incendies-de-foret-des-resultats-historiques-enregistres\\\/#primaryimage\"},\"image\":{\"@id\":\"https:\\\/\\\/lasentinelle.dz\\\/index.php\\\/2025\\\/10\\\/26\\\/lutte-contre-les-incendies-de-foret-des-resultats-historiques-enregistres\\\/#primaryimage\"},\"thumbnailUrl\":\"https:\\\/\\\/lasentinelle.dz\\\/wp-content\\\/uploads\\\/2025\\\/08\\\/incendie.jpg\",\"datePublished\":\"2025-10-26T18:14:28+00:00\",\"dateModified\":\"2025-10-26T18:14:30+00:00\",\"breadcrumb\":{\"@id\":\"https:\\\/\\\/lasentinelle.dz\\\/index.php\\\/2025\\\/10\\\/26\\\/lutte-contre-les-incendies-de-foret-des-resultats-historiques-enregistres\\\/#breadcrumb\"},\"inLanguage\":\"fr-FR\",\"potentialAction\":[{\"@type\":\"ReadAction\",\"target\":[\"https:\\\/\\\/lasentinelle.dz\\\/index.php\\\/2025\\\/10\\\/26\\\/lutte-contre-les-incendies-de-foret-des-resultats-historiques-enregistres\\\/\"]}]},{\"@type\":\"ImageObject\",\"inLanguage\":\"fr-FR\",\"@id\":\"https:\\\/\\\/lasentinelle.dz\\\/index.php\\\/2025\\\/10\\\/26\\\/lutte-contre-les-incendies-de-foret-des-resultats-historiques-enregistres\\\/#primaryimage\",\"url\":\"https:\\\/\\\/lasentinelle.dz\\\/wp-content\\\/uploads\\\/2025\\\/08\\\/incendie.jpg\",\"contentUrl\":\"https:\\\/\\\/lasentinelle.dz\\\/wp-content\\\/uploads\\\/2025\\\/08\\\/incendie.jpg\",\"width\":2048,\"height\":1365},{\"@type\":\"BreadcrumbList\",\"@id\":\"https:\\\/\\\/lasentinelle.dz\\\/index.php\\\/2025\\\/10\\\/26\\\/lutte-contre-les-incendies-de-foret-des-resultats-historiques-enregistres\\\/#breadcrumb\",\"itemListElement\":[{\"@type\":\"ListItem\",\"position\":1,\"name\":\"Accueil\",\"item\":\"https:\\\/\\\/lasentinelle.dz\\\/\"},{\"@type\":\"ListItem\",\"position\":2,\"name\":\"Lutte contre les incendies de for\u00eat\u00a0: Des r\u00e9sultats historiques enregistr\u00e9s\"}]},{\"@type\":\"WebSite\",\"@id\":\"https:\\\/\\\/lasentinelle.dz\\\/#website\",\"url\":\"https:\\\/\\\/lasentinelle.dz\\\/\",\"name\":\"La Sentinelle\",\"description\":\"Quotidien national d&#039;information\",\"publisher\":{\"@id\":\"https:\\\/\\\/lasentinelle.dz\\\/#organization\"},\"potentialAction\":[{\"@type\":\"SearchAction\",\"target\":{\"@type\":\"EntryPoint\",\"urlTemplate\":\"https:\\\/\\\/lasentinelle.dz\\\/?s={search_term_string}\"},\"query-input\":{\"@type\":\"PropertyValueSpecification\",\"valueRequired\":true,\"valueName\":\"search_term_string\"}}],\"inLanguage\":\"fr-FR\"},{\"@type\":\"Organization\",\"@id\":\"https:\\\/\\\/lasentinelle.dz\\\/#organization\",\"name\":\"Quotidien La Sentinelle\",\"url\":\"https:\\\/\\\/lasentinelle.dz\\\/\",\"logo\":{\"@type\":\"ImageObject\",\"inLanguage\":\"fr-FR\",\"@id\":\"https:\\\/\\\/lasentinelle.dz\\\/#\\\/schema\\\/logo\\\/image\\\/\",\"url\":\"https:\\\/\\\/lasentinelle.dz\\\/wp-content\\\/uploads\\\/2021\\\/09\\\/logo-sentinelleSLOGAN-1.png\",\"contentUrl\":\"https:\\\/\\\/lasentinelle.dz\\\/wp-content\\\/uploads\\\/2021\\\/09\\\/logo-sentinelleSLOGAN-1.png\",\"width\":615,\"height\":142,\"caption\":\"Quotidien La Sentinelle\"},\"image\":{\"@id\":\"https:\\\/\\\/lasentinelle.dz\\\/#\\\/schema\\\/logo\\\/image\\\/\"},\"sameAs\":[\"https:\\\/\\\/www.facebook.com\\\/La-Sentinelle-104059864394773\"]},{\"@type\":\"Person\",\"@id\":\"https:\\\/\\\/lasentinelle.dz\\\/#\\\/schema\\\/person\\\/729ee0024f24e0b8c5ec17232f8e8b41\",\"name\":\"admin\",\"image\":{\"@type\":\"ImageObject\",\"inLanguage\":\"fr-FR\",\"@id\":\"https:\\\/\\\/secure.gravatar.com\\\/avatar\\\/4c81fed838786e9b53f540bf46533e750f5d292099ae3b66cfc6fb1982e29df7?s=96&d=mm&r=g\",\"url\":\"https:\\\/\\\/secure.gravatar.com\\\/avatar\\\/4c81fed838786e9b53f540bf46533e750f5d292099ae3b66cfc6fb1982e29df7?s=96&d=mm&r=g\",\"contentUrl\":\"https:\\\/\\\/secure.gravatar.com\\\/avatar\\\/4c81fed838786e9b53f540bf46533e750f5d292099ae3b66cfc6fb1982e29df7?s=96&d=mm&r=g\",\"caption\":\"admin\"},\"description\":\"admin\",\"url\":\"https:\\\/\\\/lasentinelle.dz\\\/author\\\/admin\\\/\"}]}<\/script>\n<!-- \/ Yoast SEO plugin. -->","yoast_head_json":{"title":"Lutte contre les incendies de for\u00eat\u00a0: Des r\u00e9sultats historiques enregistr\u00e9s - La Sentinelle","robots":{"index":"index","follow":"follow","max-snippet":"max-snippet:-1","max-image-preview":"max-image-preview:large","max-video-preview":"max-video-preview:-1"},"canonical":"https:\/\/lasentinelle.dz\/index.php\/2025\/10\/26\/lutte-contre-les-incendies-de-foret-des-resultats-historiques-enregistres\/","og_locale":"fr_FR","og_type":"article","og_title":"Lutte contre les incendies de for\u00eat\u00a0: Des r\u00e9sultats historiques enregistr\u00e9s - La Sentinelle","og_description":"Le Directeur G\u00e9n\u00e9ral des For\u00eats, Djamel Touahria, a annonc\u00e9 dimanche des r\u00e9sultats exceptionnels dans la lutte contre les incendies de","og_url":"https:\/\/lasentinelle.dz\/index.php\/2025\/10\/26\/lutte-contre-les-incendies-de-foret-des-resultats-historiques-enregistres\/","og_site_name":"La Sentinelle","article_publisher":"https:\/\/www.facebook.com\/La-Sentinelle-104059864394773","article_published_time":"2025-10-26T18:14:28+00:00","article_modified_time":"2025-10-26T18:14:30+00:00","og_image":[{"width":2048,"height":1365,"url":"https:\/\/lasentinelle.dz\/wp-content\/uploads\/2025\/08\/incendie.jpg","type":"image\/jpeg"}],"author":"admin","twitter_card":"summary_large_image","twitter_misc":{"\u00c9crit par":"admin","Dur\u00e9e de lecture estim\u00e9e":"3 minutes"},"schema":{"@context":"https:\/\/schema.org","@graph":[{"@type":"Article","@id":"https:\/\/lasentinelle.dz\/index.php\/2025\/10\/26\/lutte-contre-les-incendies-de-foret-des-resultats-historiques-enregistres\/#article","isPartOf":{"@id":"https:\/\/lasentinelle.dz\/index.php\/2025\/10\/26\/lutte-contre-les-incendies-de-foret-des-resultats-historiques-enregistres\/"},"author":{"name":"admin","@id":"https:\/\/lasentinelle.dz\/#\/schema\/person\/729ee0024f24e0b8c5ec17232f8e8b41"},"headline":"Lutte contre les incendies de for\u00eat\u00a0: Des r\u00e9sultats historiques enregistr\u00e9s","datePublished":"2025-10-26T18:14:28+00:00","dateModified":"2025-10-26T18:14:30+00:00","mainEntityOfPage":{"@id":"https:\/\/lasentinelle.dz\/index.php\/2025\/10\/26\/lutte-contre-les-incendies-de-foret-des-resultats-historiques-enregistres\/"},"wordCount":575,"commentCount":0,"publisher":{"@id":"https:\/\/lasentinelle.dz\/#organization"},"image":{"@id":"https:\/\/lasentinelle.dz\/index.php\/2025\/10\/26\/lutte-contre-les-incendies-de-foret-des-resultats-historiques-enregistres\/#primaryimage"},"thumbnailUrl":"https:\/\/lasentinelle.dz\/wp-content\/uploads\/2025\/08\/incendie.jpg","articleSection":["\u00c0 la Une","Actualit\u00e9"],"inLanguage":"fr-FR","potentialAction":[{"@type":"CommentAction","name":"Comment","target":["https:\/\/lasentinelle.dz\/index.php\/2025\/10\/26\/lutte-contre-les-incendies-de-foret-des-resultats-historiques-enregistres\/#respond"]}]},{"@type":"WebPage","@id":"https:\/\/lasentinelle.dz\/index.php\/2025\/10\/26\/lutte-contre-les-incendies-de-foret-des-resultats-historiques-enregistres\/","url":"https:\/\/lasentinelle.dz\/index.php\/2025\/10\/26\/lutte-contre-les-incendies-de-foret-des-resultats-historiques-enregistres\/","name":"Lutte contre les incendies de for\u00eat\u00a0: Des r\u00e9sultats historiques enregistr\u00e9s - La Sentinelle","isPartOf":{"@id":"https:\/\/lasentinelle.dz\/#website"},"primaryImageOfPage":{"@id":"https:\/\/lasentinelle.dz\/index.php\/2025\/10\/26\/lutte-contre-les-incendies-de-foret-des-resultats-historiques-enregistres\/#primaryimage"},"image":{"@id":"https:\/\/lasentinelle.dz\/index.php\/2025\/10\/26\/lutte-contre-les-incendies-de-foret-des-resultats-historiques-enregistres\/#primaryimage"},"thumbnailUrl":"https:\/\/lasentinelle.dz\/wp-content\/uploads\/2025\/08\/incendie.jpg","datePublished":"2025-10-26T18:14:28+00:00","dateModified":"2025-10-26T18:14:30+00:00","breadcrumb":{"@id":"https:\/\/lasentinelle.dz\/index.php\/2025\/10\/26\/lutte-contre-les-incendies-de-foret-des-resultats-historiques-enregistres\/#breadcrumb"},"inLanguage":"fr-FR","potentialAction":[{"@type":"ReadAction","target":["https:\/\/lasentinelle.dz\/index.php\/2025\/10\/26\/lutte-contre-les-incendies-de-foret-des-resultats-historiques-enregistres\/"]}]},{"@type":"ImageObject","inLanguage":"fr-FR","@id":"https:\/\/lasentinelle.dz\/index.php\/2025\/10\/26\/lutte-contre-les-incendies-de-foret-des-resultats-historiques-enregistres\/#primaryimage","url":"https:\/\/lasentinelle.dz\/wp-content\/uploads\/2025\/08\/incendie.jpg","contentUrl":"https:\/\/lasentinelle.dz\/wp-content\/uploads\/2025\/08\/incendie.jpg","width":2048,"height":1365},{"@type":"BreadcrumbList","@id":"https:\/\/lasentinelle.dz\/index.php\/2025\/10\/26\/lutte-contre-les-incendies-de-foret-des-resultats-historiques-enregistres\/#breadcrumb","itemListElement":[{"@type":"ListItem","position":1,"name":"Accueil","item":"https:\/\/lasentinelle.dz\/"},{"@type":"ListItem","position":2,"name":"Lutte contre les incendies de for\u00eat\u00a0: Des r\u00e9sultats historiques enregistr\u00e9s"}]},{"@type":"WebSite","@id":"https:\/\/lasentinelle.dz\/#website","url":"https:\/\/lasentinelle.dz\/","name":"La Sentinelle","description":"Quotidien national d&#039;information","publisher":{"@id":"https:\/\/lasentinelle.dz\/#organization"},"potentialAction":[{"@type":"SearchAction","target":{"@type":"EntryPoint","urlTemplate":"https:\/\/lasentinelle.dz\/?s={search_term_string}"},"query-input":{"@type":"PropertyValueSpecification","valueRequired":true,"valueName":"search_term_string"}}],"inLanguage":"fr-FR"},{"@type":"Organization","@id":"https:\/\/lasentinelle.dz\/#organization","name":"Quotidien La Sentinelle","url":"https:\/\/lasentinelle.dz\/","logo":{"@type":"ImageObject","inLanguage":"fr-FR","@id":"https:\/\/lasentinelle.dz\/#\/schema\/logo\/image\/","url":"https:\/\/lasentinelle.dz\/wp-content\/uploads\/2021\/09\/logo-sentinelleSLOGAN-1.png","contentUrl":"https:\/\/lasentinelle.dz\/wp-content\/uploads\/2021\/09\/logo-sentinelleSLOGAN-1.png","width":615,"height":142,"caption":"Quotidien La Sentinelle"},"image":{"@id":"https:\/\/lasentinelle.dz\/#\/schema\/logo\/image\/"},"sameAs":["https:\/\/www.facebook.com\/La-Sentinelle-104059864394773"]},{"@type":"Person","@id":"https:\/\/lasentinelle.dz\/#\/schema\/person\/729ee0024f24e0b8c5ec17232f8e8b41","name":"admin","image":{"@type":"ImageObject","inLanguage":"fr-FR","@id":"https:\/\/secure.gravatar.com\/avatar\/4c81fed838786e9b53f540bf46533e750f5d292099ae3b66cfc6fb1982e29df7?s=96&d=mm&r=g","url":"https:\/\/secure.gravatar.com\/avatar\/4c81fed838786e9b53f540bf46533e750f5d292099ae3b66cfc6fb1982e29df7?s=96&d=mm&r=g","contentUrl":"https:\/\/secure.gravatar.com\/avatar\/4c81fed838786e9b53f540bf46533e750f5d292099ae3b66cfc6fb1982e29df7?s=96&d=mm&r=g","caption":"admin"},"description":"admin","url":"https:\/\/lasentinelle.dz\/author\/admin\/"}]}},"_links":{"self":[{"href":"https:\/\/lasentinelle.dz\/index.php\/wp-json\/wp\/v2\/posts\/75283","targetHints":{"allow":["GET"]}}],"collection":[{"href":"https:\/\/lasentinelle.dz\/index.php\/wp-json\/wp\/v2\/posts"}],"about":[{"href":"https:\/\/lasentinelle.dz\/index.php\/wp-json\/wp\/v2\/types\/post"}],"author":[{"embeddable":true,"href":"https:\/\/lasentinelle.dz\/index.php\/wp-json\/wp\/v2\/users\/6"}],"replies":[{"embeddable":true,"href":"https:\/\/lasentinelle.dz\/index.php\/wp-json\/wp\/v2\/comments?post=75283"}],"version-history":[{"count":1,"href":"https:\/\/lasentinelle.dz\/index.php\/wp-json\/wp\/v2\/posts\/75283\/revisions"}],"predecessor-version":[{"id":75284,"href":"https:\/\/lasentinelle.dz\/index.php\/wp-json\/wp\/v2\/posts\/75283\/revisions\/75284"}],"wp:featuredmedia":[{"embeddable":true,"href":"https:\/\/lasentinelle.dz\/index.php\/wp-json\/wp\/v2\/media\/72387"}],"wp:attachment":[{"href":"https:\/\/lasentinelle.dz\/index.php\/wp-json\/wp\/v2\/media?parent=75283"}],"wp:term":[{"taxonomy":"category","embeddable":true,"href":"https:\/\/lasentinelle.dz\/index.php\/wp-json\/wp\/v2\/categories?post=75283"},{"taxonomy":"post_tag","embeddable":true,"href":"https:\/\/lasentinelle.dz\/index.php\/wp-json\/wp\/v2\/tags?post=75283"}],"curies":[{"name":"wp","href":"https:\/\/api.w.org\/{rel}","templated":true}]}}