{"id":75286,"date":"2025-10-26T19:21:44","date_gmt":"2025-10-26T18:21:44","guid":{"rendered":"https:\/\/lasentinelle.dz\/?p=75286"},"modified":"2025-10-26T19:24:22","modified_gmt":"2025-10-26T18:24:22","slug":"libye-reouverture-de-laeroport-de-syrte-apres-12-ans-de-fermeture","status":"publish","type":"post","link":"https:\/\/lasentinelle.dz\/index.php\/2025\/10\/26\/libye-reouverture-de-laeroport-de-syrte-apres-12-ans-de-fermeture\/","title":{"rendered":"Libye\u00a0: R\u00e9ouverture de l&rsquo;a\u00e9roport de Syrte apr\u00e8s 12 ans de fermeture"},"content":{"rendered":"\n<p>L&rsquo;a\u00e9roport international du golfe de Syrte, situ\u00e9 dans la ville c\u00f4ti\u00e8re libyenne de Syrte, a rouvert samedi apr\u00e8s 12 ans de fermeture avec l&rsquo;arriv\u00e9e de trois vols domestiques, a rapport\u00e9 dimanche l&rsquo;Agence de presse libyenne. Deux des appareils provenaient de Tripoli (ouest) et le troisi\u00e8me de Benghazi (est), a pr\u00e9cis\u00e9 la m\u00eame source qui a ajout\u00e9 que l&rsquo;a\u00e9roport couvre une superficie d&rsquo;environ 25 km\u00b2 et est con\u00e7u pour accueillir jusqu&rsquo;\u00e0 500.000 passagers par an, selon l&rsquo;agence. L&rsquo;a\u00e9roport \u00e9tait hors service depuis 2013 en raison des dommages continus subis lors des \u00e9v\u00e8nements de 2011 et des combats qui ont suivi. Syrte se trouve \u00e0 mi-chemin entre Tripoli et Benghazi, \u00e0 proximit\u00e9 des principaux champs de production p\u00e9troli\u00e8re et des ports d&rsquo;exportation.<\/p>\n\n\n\n<p>APS<\/p>\n","protected":false},"excerpt":{"rendered":"<p>L&rsquo;a\u00e9roport international du golfe de Syrte, situ\u00e9 dans la ville c\u00f4ti\u00e8re libyenne de Syrte, a rouvert samedi apr\u00e8s 12 ans<\/p>\n","protected":false},"author":6,"featured_media":75287,"comment_status":"open","ping_status":"closed","sticky":false,"template":"","format":"standard","meta":{"colormag_page_container_layout":"default_layout","colormag_page_sidebar_layout":"default_layout","om_disable_all_campaigns":false,"_monsterinsights_skip_tracking":false,"_monsterinsights_sitenote_active":false,"_monsterinsights_sitenote_note":"","_monsterinsights_sitenote_category":0,"footnotes":"","_wpscppro_dont_share_socialmedia":false,"_wpscppro_custom_social_share_image":0,"_facebook_share_type":"default","_twitter_share_type":"default","_linkedin_share_type":"default","_pinterest_share_type":"default","_linkedin_share_type_page":"","_instagram_share_type":"default","_medium_share_type":"default","_threads_share_type":"default","_google_business_share_type":"default","_selected_social_profile":[],"_wpsp_enable_custom_social_template":false,"_wpsp_social_scheduling":{"enabled":false,"datetime":null,"platforms":[],"status":"template_only","dateOption":"today","timeOption":"now","customDays":"","customHours":"","customDate":"","customTime":"","schedulingType":"absolute"},"_wpsp_active_default_template":true},"categories":[37,1],"tags":[],"class_list":["post-75286","post","type-post","status-publish","format-standard","has-post-thumbnail","hentry","category-monde","category-uncategorized"],"aioseo_notices":[],"yoast_head":"<!-- This site is optimized with the Yoast SEO plugin v27.5 - https:\/\/yoast.com\/product\/yoast-seo-wordpress\/ -->\n<title>Libye\u00a0: R\u00e9ouverture de l&rsquo;a\u00e9roport de Syrte apr\u00e8s 12 ans de fermeture - La Sentinelle<\/title>\n<meta name=\"robots\" content=\"index, follow, max-snippet:-1, max-image-preview:large, max-video-preview:-1\" \/>\n<link rel=\"canonical\" href=\"https:\/\/lasentinelle.dz\/index.php\/2025\/10\/26\/libye-reouverture-de-laeroport-de-syrte-apres-12-ans-de-fermeture\/\" \/>\n<meta property=\"og:locale\" content=\"fr_FR\" \/>\n<meta property=\"og:type\" content=\"article\" \/>\n<meta property=\"og:title\" content=\"Libye\u00a0: R\u00e9ouverture de l&rsquo;a\u00e9roport de Syrte apr\u00e8s 12 ans de fermeture - La Sentinelle\" \/>\n<meta property=\"og:description\" content=\"L&rsquo;a\u00e9roport international du golfe de Syrte, situ\u00e9 dans la ville c\u00f4ti\u00e8re libyenne de Syrte, a rouvert samedi apr\u00e8s 12 ans\" \/>\n<meta property=\"og:url\" content=\"https:\/\/lasentinelle.dz\/index.php\/2025\/10\/26\/libye-reouverture-de-laeroport-de-syrte-apres-12-ans-de-fermeture\/\" \/>\n<meta property=\"og:site_name\" content=\"La Sentinelle\" \/>\n<meta property=\"article:publisher\" content=\"https:\/\/www.facebook.com\/La-Sentinelle-104059864394773\" \/>\n<meta property=\"article:published_time\" content=\"2025-10-26T18:21:44+00:00\" \/>\n<meta property=\"article:modified_time\" content=\"2025-10-26T18:24:22+00:00\" \/>\n<meta property=\"og:image\" content=\"https:\/\/lasentinelle.dz\/wp-content\/uploads\/2025\/10\/aeroport-de-syrte.jpg\" \/>\n\t<meta property=\"og:image:width\" content=\"850\" \/>\n\t<meta property=\"og:image:height\" content=\"480\" \/>\n\t<meta property=\"og:image:type\" content=\"image\/jpeg\" \/>\n<meta name=\"author\" content=\"admin\" \/>\n<meta name=\"twitter:card\" content=\"summary_large_image\" \/>\n<meta name=\"twitter:label1\" content=\"\u00c9crit par\" \/>\n\t<meta name=\"twitter:data1\" content=\"admin\" \/>\n\t<meta name=\"twitter:label2\" content=\"Dur\u00e9e de lecture estim\u00e9e\" \/>\n\t<meta name=\"twitter:data2\" content=\"1 minute\" \/>\n<script type=\"application\/ld+json\" class=\"yoast-schema-graph\">{\"@context\":\"https:\\\/\\\/schema.org\",\"@graph\":[{\"@type\":\"Article\",\"@id\":\"https:\\\/\\\/lasentinelle.dz\\\/index.php\\\/2025\\\/10\\\/26\\\/libye-reouverture-de-laeroport-de-syrte-apres-12-ans-de-fermeture\\\/#article\",\"isPartOf\":{\"@id\":\"https:\\\/\\\/lasentinelle.dz\\\/index.php\\\/2025\\\/10\\\/26\\\/libye-reouverture-de-laeroport-de-syrte-apres-12-ans-de-fermeture\\\/\"},\"author\":{\"name\":\"admin\",\"@id\":\"https:\\\/\\\/lasentinelle.dz\\\/#\\\/schema\\\/person\\\/729ee0024f24e0b8c5ec17232f8e8b41\"},\"headline\":\"Libye\u00a0: R\u00e9ouverture de l&rsquo;a\u00e9roport de Syrte apr\u00e8s 12 ans de fermeture\",\"datePublished\":\"2025-10-26T18:21:44+00:00\",\"dateModified\":\"2025-10-26T18:24:22+00:00\",\"mainEntityOfPage\":{\"@id\":\"https:\\\/\\\/lasentinelle.dz\\\/index.php\\\/2025\\\/10\\\/26\\\/libye-reouverture-de-laeroport-de-syrte-apres-12-ans-de-fermeture\\\/\"},\"wordCount\":151,\"commentCount\":0,\"publisher\":{\"@id\":\"https:\\\/\\\/lasentinelle.dz\\\/#organization\"},\"image\":{\"@id\":\"https:\\\/\\\/lasentinelle.dz\\\/index.php\\\/2025\\\/10\\\/26\\\/libye-reouverture-de-laeroport-de-syrte-apres-12-ans-de-fermeture\\\/#primaryimage\"},\"thumbnailUrl\":\"https:\\\/\\\/lasentinelle.dz\\\/wp-content\\\/uploads\\\/2025\\\/10\\\/aeroport-de-syrte.jpg\",\"articleSection\":[\"Monde\",\"Uncategorized\"],\"inLanguage\":\"fr-FR\",\"potentialAction\":[{\"@type\":\"CommentAction\",\"name\":\"Comment\",\"target\":[\"https:\\\/\\\/lasentinelle.dz\\\/index.php\\\/2025\\\/10\\\/26\\\/libye-reouverture-de-laeroport-de-syrte-apres-12-ans-de-fermeture\\\/#respond\"]}]},{\"@type\":\"WebPage\",\"@id\":\"https:\\\/\\\/lasentinelle.dz\\\/index.php\\\/2025\\\/10\\\/26\\\/libye-reouverture-de-laeroport-de-syrte-apres-12-ans-de-fermeture\\\/\",\"url\":\"https:\\\/\\\/lasentinelle.dz\\\/index.php\\\/2025\\\/10\\\/26\\\/libye-reouverture-de-laeroport-de-syrte-apres-12-ans-de-fermeture\\\/\",\"name\":\"Libye\u00a0: R\u00e9ouverture de l&rsquo;a\u00e9roport de Syrte apr\u00e8s 12 ans de fermeture - La Sentinelle\",\"isPartOf\":{\"@id\":\"https:\\\/\\\/lasentinelle.dz\\\/#website\"},\"primaryImageOfPage\":{\"@id\":\"https:\\\/\\\/lasentinelle.dz\\\/index.php\\\/2025\\\/10\\\/26\\\/libye-reouverture-de-laeroport-de-syrte-apres-12-ans-de-fermeture\\\/#primaryimage\"},\"image\":{\"@id\":\"https:\\\/\\\/lasentinelle.dz\\\/index.php\\\/2025\\\/10\\\/26\\\/libye-reouverture-de-laeroport-de-syrte-apres-12-ans-de-fermeture\\\/#primaryimage\"},\"thumbnailUrl\":\"https:\\\/\\\/lasentinelle.dz\\\/wp-content\\\/uploads\\\/2025\\\/10\\\/aeroport-de-syrte.jpg\",\"datePublished\":\"2025-10-26T18:21:44+00:00\",\"dateModified\":\"2025-10-26T18:24:22+00:00\",\"breadcrumb\":{\"@id\":\"https:\\\/\\\/lasentinelle.dz\\\/index.php\\\/2025\\\/10\\\/26\\\/libye-reouverture-de-laeroport-de-syrte-apres-12-ans-de-fermeture\\\/#breadcrumb\"},\"inLanguage\":\"fr-FR\",\"potentialAction\":[{\"@type\":\"ReadAction\",\"target\":[\"https:\\\/\\\/lasentinelle.dz\\\/index.php\\\/2025\\\/10\\\/26\\\/libye-reouverture-de-laeroport-de-syrte-apres-12-ans-de-fermeture\\\/\"]}]},{\"@type\":\"ImageObject\",\"inLanguage\":\"fr-FR\",\"@id\":\"https:\\\/\\\/lasentinelle.dz\\\/index.php\\\/2025\\\/10\\\/26\\\/libye-reouverture-de-laeroport-de-syrte-apres-12-ans-de-fermeture\\\/#primaryimage\",\"url\":\"https:\\\/\\\/lasentinelle.dz\\\/wp-content\\\/uploads\\\/2025\\\/10\\\/aeroport-de-syrte.jpg\",\"contentUrl\":\"https:\\\/\\\/lasentinelle.dz\\\/wp-content\\\/uploads\\\/2025\\\/10\\\/aeroport-de-syrte.jpg\",\"width\":850,\"height\":480},{\"@type\":\"BreadcrumbList\",\"@id\":\"https:\\\/\\\/lasentinelle.dz\\\/index.php\\\/2025\\\/10\\\/26\\\/libye-reouverture-de-laeroport-de-syrte-apres-12-ans-de-fermeture\\\/#breadcrumb\",\"itemListElement\":[{\"@type\":\"ListItem\",\"position\":1,\"name\":\"Accueil\",\"item\":\"https:\\\/\\\/lasentinelle.dz\\\/\"},{\"@type\":\"ListItem\",\"position\":2,\"name\":\"Libye\u00a0: R\u00e9ouverture de l&rsquo;a\u00e9roport de Syrte apr\u00e8s 12 ans de fermeture\"}]},{\"@type\":\"WebSite\",\"@id\":\"https:\\\/\\\/lasentinelle.dz\\\/#website\",\"url\":\"https:\\\/\\\/lasentinelle.dz\\\/\",\"name\":\"La Sentinelle\",\"description\":\"Quotidien national d&#039;information\",\"publisher\":{\"@id\":\"https:\\\/\\\/lasentinelle.dz\\\/#organization\"},\"potentialAction\":[{\"@type\":\"SearchAction\",\"target\":{\"@type\":\"EntryPoint\",\"urlTemplate\":\"https:\\\/\\\/lasentinelle.dz\\\/?s={search_term_string}\"},\"query-input\":{\"@type\":\"PropertyValueSpecification\",\"valueRequired\":true,\"valueName\":\"search_term_string\"}}],\"inLanguage\":\"fr-FR\"},{\"@type\":\"Organization\",\"@id\":\"https:\\\/\\\/lasentinelle.dz\\\/#organization\",\"name\":\"Quotidien La Sentinelle\",\"url\":\"https:\\\/\\\/lasentinelle.dz\\\/\",\"logo\":{\"@type\":\"ImageObject\",\"inLanguage\":\"fr-FR\",\"@id\":\"https:\\\/\\\/lasentinelle.dz\\\/#\\\/schema\\\/logo\\\/image\\\/\",\"url\":\"https:\\\/\\\/lasentinelle.dz\\\/wp-content\\\/uploads\\\/2021\\\/09\\\/logo-sentinelleSLOGAN-1.png\",\"contentUrl\":\"https:\\\/\\\/lasentinelle.dz\\\/wp-content\\\/uploads\\\/2021\\\/09\\\/logo-sentinelleSLOGAN-1.png\",\"width\":615,\"height\":142,\"caption\":\"Quotidien La Sentinelle\"},\"image\":{\"@id\":\"https:\\\/\\\/lasentinelle.dz\\\/#\\\/schema\\\/logo\\\/image\\\/\"},\"sameAs\":[\"https:\\\/\\\/www.facebook.com\\\/La-Sentinelle-104059864394773\"]},{\"@type\":\"Person\",\"@id\":\"https:\\\/\\\/lasentinelle.dz\\\/#\\\/schema\\\/person\\\/729ee0024f24e0b8c5ec17232f8e8b41\",\"name\":\"admin\",\"image\":{\"@type\":\"ImageObject\",\"inLanguage\":\"fr-FR\",\"@id\":\"https:\\\/\\\/secure.gravatar.com\\\/avatar\\\/4c81fed838786e9b53f540bf46533e750f5d292099ae3b66cfc6fb1982e29df7?s=96&d=mm&r=g\",\"url\":\"https:\\\/\\\/secure.gravatar.com\\\/avatar\\\/4c81fed838786e9b53f540bf46533e750f5d292099ae3b66cfc6fb1982e29df7?s=96&d=mm&r=g\",\"contentUrl\":\"https:\\\/\\\/secure.gravatar.com\\\/avatar\\\/4c81fed838786e9b53f540bf46533e750f5d292099ae3b66cfc6fb1982e29df7?s=96&d=mm&r=g\",\"caption\":\"admin\"},\"description\":\"admin\",\"url\":\"https:\\\/\\\/lasentinelle.dz\\\/author\\\/admin\\\/\"}]}<\/script>\n<!-- \/ Yoast SEO plugin. -->","yoast_head_json":{"title":"Libye\u00a0: R\u00e9ouverture de l&rsquo;a\u00e9roport de Syrte apr\u00e8s 12 ans de fermeture - La Sentinelle","robots":{"index":"index","follow":"follow","max-snippet":"max-snippet:-1","max-image-preview":"max-image-preview:large","max-video-preview":"max-video-preview:-1"},"canonical":"https:\/\/lasentinelle.dz\/index.php\/2025\/10\/26\/libye-reouverture-de-laeroport-de-syrte-apres-12-ans-de-fermeture\/","og_locale":"fr_FR","og_type":"article","og_title":"Libye\u00a0: R\u00e9ouverture de l&rsquo;a\u00e9roport de Syrte apr\u00e8s 12 ans de fermeture - La Sentinelle","og_description":"L&rsquo;a\u00e9roport international du golfe de Syrte, situ\u00e9 dans la ville c\u00f4ti\u00e8re libyenne de Syrte, a rouvert samedi apr\u00e8s 12 ans","og_url":"https:\/\/lasentinelle.dz\/index.php\/2025\/10\/26\/libye-reouverture-de-laeroport-de-syrte-apres-12-ans-de-fermeture\/","og_site_name":"La Sentinelle","article_publisher":"https:\/\/www.facebook.com\/La-Sentinelle-104059864394773","article_published_time":"2025-10-26T18:21:44+00:00","article_modified_time":"2025-10-26T18:24:22+00:00","og_image":[{"width":850,"height":480,"url":"https:\/\/lasentinelle.dz\/wp-content\/uploads\/2025\/10\/aeroport-de-syrte.jpg","type":"image\/jpeg"}],"author":"admin","twitter_card":"summary_large_image","twitter_misc":{"\u00c9crit par":"admin","Dur\u00e9e de lecture estim\u00e9e":"1 minute"},"schema":{"@context":"https:\/\/schema.org","@graph":[{"@type":"Article","@id":"https:\/\/lasentinelle.dz\/index.php\/2025\/10\/26\/libye-reouverture-de-laeroport-de-syrte-apres-12-ans-de-fermeture\/#article","isPartOf":{"@id":"https:\/\/lasentinelle.dz\/index.php\/2025\/10\/26\/libye-reouverture-de-laeroport-de-syrte-apres-12-ans-de-fermeture\/"},"author":{"name":"admin","@id":"https:\/\/lasentinelle.dz\/#\/schema\/person\/729ee0024f24e0b8c5ec17232f8e8b41"},"headline":"Libye\u00a0: R\u00e9ouverture de l&rsquo;a\u00e9roport de Syrte apr\u00e8s 12 ans de fermeture","datePublished":"2025-10-26T18:21:44+00:00","dateModified":"2025-10-26T18:24:22+00:00","mainEntityOfPage":{"@id":"https:\/\/lasentinelle.dz\/index.php\/2025\/10\/26\/libye-reouverture-de-laeroport-de-syrte-apres-12-ans-de-fermeture\/"},"wordCount":151,"commentCount":0,"publisher":{"@id":"https:\/\/lasentinelle.dz\/#organization"},"image":{"@id":"https:\/\/lasentinelle.dz\/index.php\/2025\/10\/26\/libye-reouverture-de-laeroport-de-syrte-apres-12-ans-de-fermeture\/#primaryimage"},"thumbnailUrl":"https:\/\/lasentinelle.dz\/wp-content\/uploads\/2025\/10\/aeroport-de-syrte.jpg","articleSection":["Monde","Uncategorized"],"inLanguage":"fr-FR","potentialAction":[{"@type":"CommentAction","name":"Comment","target":["https:\/\/lasentinelle.dz\/index.php\/2025\/10\/26\/libye-reouverture-de-laeroport-de-syrte-apres-12-ans-de-fermeture\/#respond"]}]},{"@type":"WebPage","@id":"https:\/\/lasentinelle.dz\/index.php\/2025\/10\/26\/libye-reouverture-de-laeroport-de-syrte-apres-12-ans-de-fermeture\/","url":"https:\/\/lasentinelle.dz\/index.php\/2025\/10\/26\/libye-reouverture-de-laeroport-de-syrte-apres-12-ans-de-fermeture\/","name":"Libye\u00a0: R\u00e9ouverture de l&rsquo;a\u00e9roport de Syrte apr\u00e8s 12 ans de fermeture - La Sentinelle","isPartOf":{"@id":"https:\/\/lasentinelle.dz\/#website"},"primaryImageOfPage":{"@id":"https:\/\/lasentinelle.dz\/index.php\/2025\/10\/26\/libye-reouverture-de-laeroport-de-syrte-apres-12-ans-de-fermeture\/#primaryimage"},"image":{"@id":"https:\/\/lasentinelle.dz\/index.php\/2025\/10\/26\/libye-reouverture-de-laeroport-de-syrte-apres-12-ans-de-fermeture\/#primaryimage"},"thumbnailUrl":"https:\/\/lasentinelle.dz\/wp-content\/uploads\/2025\/10\/aeroport-de-syrte.jpg","datePublished":"2025-10-26T18:21:44+00:00","dateModified":"2025-10-26T18:24:22+00:00","breadcrumb":{"@id":"https:\/\/lasentinelle.dz\/index.php\/2025\/10\/26\/libye-reouverture-de-laeroport-de-syrte-apres-12-ans-de-fermeture\/#breadcrumb"},"inLanguage":"fr-FR","potentialAction":[{"@type":"ReadAction","target":["https:\/\/lasentinelle.dz\/index.php\/2025\/10\/26\/libye-reouverture-de-laeroport-de-syrte-apres-12-ans-de-fermeture\/"]}]},{"@type":"ImageObject","inLanguage":"fr-FR","@id":"https:\/\/lasentinelle.dz\/index.php\/2025\/10\/26\/libye-reouverture-de-laeroport-de-syrte-apres-12-ans-de-fermeture\/#primaryimage","url":"https:\/\/lasentinelle.dz\/wp-content\/uploads\/2025\/10\/aeroport-de-syrte.jpg","contentUrl":"https:\/\/lasentinelle.dz\/wp-content\/uploads\/2025\/10\/aeroport-de-syrte.jpg","width":850,"height":480},{"@type":"BreadcrumbList","@id":"https:\/\/lasentinelle.dz\/index.php\/2025\/10\/26\/libye-reouverture-de-laeroport-de-syrte-apres-12-ans-de-fermeture\/#breadcrumb","itemListElement":[{"@type":"ListItem","position":1,"name":"Accueil","item":"https:\/\/lasentinelle.dz\/"},{"@type":"ListItem","position":2,"name":"Libye\u00a0: R\u00e9ouverture de l&rsquo;a\u00e9roport de Syrte apr\u00e8s 12 ans de fermeture"}]},{"@type":"WebSite","@id":"https:\/\/lasentinelle.dz\/#website","url":"https:\/\/lasentinelle.dz\/","name":"La Sentinelle","description":"Quotidien national d&#039;information","publisher":{"@id":"https:\/\/lasentinelle.dz\/#organization"},"potentialAction":[{"@type":"SearchAction","target":{"@type":"EntryPoint","urlTemplate":"https:\/\/lasentinelle.dz\/?s={search_term_string}"},"query-input":{"@type":"PropertyValueSpecification","valueRequired":true,"valueName":"search_term_string"}}],"inLanguage":"fr-FR"},{"@type":"Organization","@id":"https:\/\/lasentinelle.dz\/#organization","name":"Quotidien La Sentinelle","url":"https:\/\/lasentinelle.dz\/","logo":{"@type":"ImageObject","inLanguage":"fr-FR","@id":"https:\/\/lasentinelle.dz\/#\/schema\/logo\/image\/","url":"https:\/\/lasentinelle.dz\/wp-content\/uploads\/2021\/09\/logo-sentinelleSLOGAN-1.png","contentUrl":"https:\/\/lasentinelle.dz\/wp-content\/uploads\/2021\/09\/logo-sentinelleSLOGAN-1.png","width":615,"height":142,"caption":"Quotidien La Sentinelle"},"image":{"@id":"https:\/\/lasentinelle.dz\/#\/schema\/logo\/image\/"},"sameAs":["https:\/\/www.facebook.com\/La-Sentinelle-104059864394773"]},{"@type":"Person","@id":"https:\/\/lasentinelle.dz\/#\/schema\/person\/729ee0024f24e0b8c5ec17232f8e8b41","name":"admin","image":{"@type":"ImageObject","inLanguage":"fr-FR","@id":"https:\/\/secure.gravatar.com\/avatar\/4c81fed838786e9b53f540bf46533e750f5d292099ae3b66cfc6fb1982e29df7?s=96&d=mm&r=g","url":"https:\/\/secure.gravatar.com\/avatar\/4c81fed838786e9b53f540bf46533e750f5d292099ae3b66cfc6fb1982e29df7?s=96&d=mm&r=g","contentUrl":"https:\/\/secure.gravatar.com\/avatar\/4c81fed838786e9b53f540bf46533e750f5d292099ae3b66cfc6fb1982e29df7?s=96&d=mm&r=g","caption":"admin"},"description":"admin","url":"https:\/\/lasentinelle.dz\/author\/admin\/"}]}},"_links":{"self":[{"href":"https:\/\/lasentinelle.dz\/index.php\/wp-json\/wp\/v2\/posts\/75286","targetHints":{"allow":["GET"]}}],"collection":[{"href":"https:\/\/lasentinelle.dz\/index.php\/wp-json\/wp\/v2\/posts"}],"about":[{"href":"https:\/\/lasentinelle.dz\/index.php\/wp-json\/wp\/v2\/types\/post"}],"author":[{"embeddable":true,"href":"https:\/\/lasentinelle.dz\/index.php\/wp-json\/wp\/v2\/users\/6"}],"replies":[{"embeddable":true,"href":"https:\/\/lasentinelle.dz\/index.php\/wp-json\/wp\/v2\/comments?post=75286"}],"version-history":[{"count":2,"href":"https:\/\/lasentinelle.dz\/index.php\/wp-json\/wp\/v2\/posts\/75286\/revisions"}],"predecessor-version":[{"id":75289,"href":"https:\/\/lasentinelle.dz\/index.php\/wp-json\/wp\/v2\/posts\/75286\/revisions\/75289"}],"wp:featuredmedia":[{"embeddable":true,"href":"https:\/\/lasentinelle.dz\/index.php\/wp-json\/wp\/v2\/media\/75287"}],"wp:attachment":[{"href":"https:\/\/lasentinelle.dz\/index.php\/wp-json\/wp\/v2\/media?parent=75286"}],"wp:term":[{"taxonomy":"category","embeddable":true,"href":"https:\/\/lasentinelle.dz\/index.php\/wp-json\/wp\/v2\/categories?post=75286"},{"taxonomy":"post_tag","embeddable":true,"href":"https:\/\/lasentinelle.dz\/index.php\/wp-json\/wp\/v2\/tags?post=75286"}],"curies":[{"name":"wp","href":"https:\/\/api.w.org\/{rel}","templated":true}]}}