{"id":75290,"date":"2025-10-26T19:26:23","date_gmt":"2025-10-26T18:26:23","guid":{"rendered":"https:\/\/lasentinelle.dz\/?p=75290"},"modified":"2025-10-26T19:26:24","modified_gmt":"2025-10-26T18:26:24","slug":"hamas-affiche-sa-determination-a-respecter-laccord-sur-le-cessez-le-feu","status":"publish","type":"post","link":"https:\/\/lasentinelle.dz\/index.php\/2025\/10\/26\/hamas-affiche-sa-determination-a-respecter-laccord-sur-le-cessez-le-feu\/","title":{"rendered":"Hamas affiche sa d\u00e9termination \u00e0 respecter l&rsquo;accord sur le cessez-le-feu"},"content":{"rendered":"\n<p>Deux semaines apr\u00e8s l&rsquo;entr\u00e9e en vigueur du cessez-le-feu \u00e0 Ghaza, le chef du bureau politique du Hamas, Khalil Al-Hayya, a affirm\u00e9 dimanche que le mouvement de r\u00e9sistance ne donnerait aucun pr\u00e9texte \u00e0 l&rsquo;occupation pour reprendre la guerre, tout en d\u00e9non\u00e7ant les violations continues de l&rsquo;accord par l&rsquo;entit\u00e9 sioniste qui a tu\u00e9 45 Palestiniens depuis le 10 octobre et continue d&rsquo;entraver l&rsquo;acheminement de l&rsquo;aide humanitaire. Dans un entretien accord\u00e9 \u00e0 la cha\u00eene Al-Jazeera dimanche, Khalil Al-Hayya a dress\u00e9 un bilan sans concession de deux ann\u00e9es de guerre g\u00e9nocidaire contre la bande de Ghaza. \u00ab L&rsquo;occupation a \u00e9chou\u00e9 \u00e0 atteindre ses objectifs apr\u00e8s deux ans de guerre \u00bb, a-t-il affirm\u00e9. Le dirigeant du Hamas a \u00e9galement relev\u00e9 les d\u00e9clarations r\u00e9p\u00e9t\u00e9es de l&rsquo;administration am\u00e9ricaine confirmant la fin de la guerre, citant notamment le pr\u00e9sident Trump qui a proclam\u00e9 que \u00ab la guerre \u00e9tait termin\u00e9e \u00bb. Al-Hayya a insist\u00e9 sur la d\u00e9termination du Hamas \u00e0 honorer ses engagements dans le cadre de l&rsquo;accord de paix sign\u00e9 \u00e0 Charm Al-Cheikh. \u00ab Nous ne donnerons pas \u00e0 l&rsquo;occupation de pr\u00e9texte pour reprendre la guerre. Nous avons livr\u00e9 vingt otages de l&rsquo;occupation vivants soixante-douze heures apr\u00e8s le cessez-le-feu \u00bb, a-t-il d\u00e9clar\u00e9, d\u00e9montrant la bonne foi du mouvement de r\u00e9sistance. Il a pr\u00e9cis\u00e9 que de nouvelles zones seraient explor\u00e9es dimanche pour rechercher certaines d\u00e9pouilles appartenant \u00e0 des prisonniers de l&rsquo;occupation, r\u00e9affirmant que le mouvement ne l\u00e9sine pas sur les efforts pour respecter l&rsquo;accord et exprime son engagement total quant \u00e0 sa mise en vigueur. Cette position marque une \u00e9volution significative du Hamas sur la question sensible de l&rsquo;armement de la r\u00e9sistance, longtemps consid\u00e9r\u00e9e comme une ligne rouge non n\u00e9gociable. \u00ab Le maintien de nos armes est li\u00e9 \u00e0 l&rsquo;existence de l&rsquo;occupation sur le territoire et la continuation de l&rsquo;agression. Si l&rsquo;occupation prend fin, ces armes reviendront \u00e0 l&rsquo;\u00c9tat \u00bb, a expliqu\u00e9 Al-Hayya, adoptant une posture plus flexible tout en conditionnant tout d\u00e9sarmement au retrait total des forces d&rsquo;occupation de la bande de Ghaza. \u00ab La question des armes est toujours en discussion avec les factions et les m\u00e9diateurs, et l&rsquo;accord n&rsquo;en est qu&rsquo;\u00e0 ses d\u00e9buts \u00bb, a-t-il ajout\u00e9, soulignant la complexit\u00e9 des n\u00e9gociations en cours.<\/p>\n\n\n\n<p><strong>Une administration palestinienne unifi\u00e9e<\/strong><\/p>\n\n\n\n<p>Concernant l&rsquo;administration future de la bande de Ghaza, le dirigeant du Hamas a fait preuve d&rsquo;une ouverture remarquable. \u00ab Nous n&rsquo;avons aucune r\u00e9serve concernant la nomination d&rsquo;une personnalit\u00e9 patriotique r\u00e9sidant \u00e0 Ghaza pour g\u00e9rer le territoire \u00bb, a-t-il d\u00e9clar\u00e9, ajoutant que le mouvement s&rsquo;est mis d&rsquo;accord avec les autres factions palestiniennes sur le fait que la mission de reconstruction de Ghaza revient \u00e0 une entit\u00e9 onusienne. Al-Hayya a exprim\u00e9 le souhait du Hamas d&rsquo;organiser des \u00e9lections comme pr\u00e9lude \u00e0 l&rsquo;unification des rangs nationaux palestiniens. Le chef du bureau politique a \u00e9galement r\u00e9v\u00e9l\u00e9 avoir eu des rencontres directes avec des membres de l&rsquo;administration am\u00e9ricaine. \u00ab J&rsquo;ai dit \u00e0 Witkoff et Kushner que nous \u00e9tions des promoteurs de stabilit\u00e9, et que le pr\u00e9sident Trump \u00e9tait capable de mettre fin \u00e0 l&rsquo;occupation isra\u00e9lienne \u00bb, a-t-il confi\u00e9.<\/p>\n\n\n\n<p>Malgr\u00e9 l&rsquo;entr\u00e9e en vigueur du cessez-le-feu, la situation humanitaire \u00e0 Ghaza demeure catastrophique. \u00ab Ghaza a besoin de 6.000 camions d&rsquo;aide par jour, et non de seulement six cents \u00bb, a martel\u00e9 Al-Hayya, d\u00e9non\u00e7ant les entraves continues impos\u00e9es par l&rsquo;occupation. \u00ab L&rsquo;occupation retarde l&rsquo;entr\u00e9e de certains mat\u00e9riaux \u00e0 Ghaza, comme si nous \u00e9tions encore au milieu de la guerre. La question humanitaire nous inqui\u00e8te et l&rsquo;occupation continue d&rsquo;entraver l&rsquo;entr\u00e9e de l&rsquo;aide \u00e0 Ghaza \u00bb, a-t-il poursuivi, avertissant que ces violations inqui\u00e8tent les gens et exposent l&rsquo;accord \u00e0 des d\u00e9faillances. Le dirigeant du Hamas a lanc\u00e9 un appel pressant aux m\u00e9diateurs pour qu&rsquo;ils interviennent face \u00e0 l&rsquo;insuffisance criante de l&rsquo;aide achemin\u00e9e. Ces accusations trouvent \u00e9cho dans les d\u00e9clarations des organisations internationales pr\u00e9sentes sur le terrain. Le Fonds des Nations Unies pour l&rsquo;enfance a qualifi\u00e9 dimanche la situation humanitaire dans la bande de Ghaza de \u00ab choquante \u00bb, r\u00e9v\u00e9lant qu&rsquo;\u00ab un million d&rsquo;enfants ont subi des horreurs quotidiennes dans l&rsquo;endroit le plus dangereux du monde \u00bb. L&rsquo;UNICEF pr\u00e9cise que plus de 64.000 enfants sont tomb\u00e9s en martyrs ou ont \u00e9t\u00e9 bless\u00e9s, plus de 58.000 autres ont perdu un parent depuis le d\u00e9clenchement de l&rsquo;agression le 7 octobre 2023. L&rsquo;organisation a appel\u00e9 l&rsquo;entit\u00e9 sioniste \u00e0 ouvrir imm\u00e9diatement tous les points de passage menant \u00e0 la bande de Ghaza pour assurer la libre circulation de l&rsquo;aide vitale. L&rsquo;ONG M\u00e9decins sans fronti\u00e8res a d\u00e9nonc\u00e9 avec force la continuation de l&rsquo;utilisation de l&rsquo;aide humanitaire comme moyen de pression par l&rsquo;entit\u00e9 sioniste, en violation flagrante des termes de l&rsquo;accord de cessez-le-feu. \u00ab L&rsquo;aide humanitaire envoy\u00e9e \u00e0 la bande de Ghaza ne devrait en aucun cas \u00eatre utilis\u00e9e comme moyen de pression \u00bb, a d\u00e9clar\u00e9 la coordinatrice du projet MSF \u00e0 Ghaza, Caroline Willemen. Elle a not\u00e9 que malgr\u00e9 une certaine diminution des agressions depuis l&rsquo;entr\u00e9e en vigueur du cessez-le-feu, \u00ab la situation humanitaire \u00e0 Ghaza ne s&rsquo;est pas am\u00e9lior\u00e9e de mani\u00e8re significative, car les p\u00e9nuries d&rsquo;eau et d&rsquo;abris persistent et des centaines de milliers de personnes continuent de vivre sous des tentes \u00e0 l&rsquo;approche de l&rsquo;hiver \u00bb.<\/p>\n\n\n\n<p><strong>L&rsquo;occupation poursuit ses crimes en Cisjordanie<\/strong><\/p>\n\n\n\n<p>Pendant que l&rsquo;attention internationale se concentre sur Ghaza, l&rsquo;occupation poursuit sa politique de terreur en Cisjordanie. Al-Hayya a alert\u00e9 sur la situation explosive dans les territoires occup\u00e9s : \u00ab La Cisjordanie est sous l&#8217;emprise de la colonisation et nous avons un besoin urgent de r\u00e9organiser nos cartes \u00bb. Les statistiques sont accablantes : plus de 1507 Palestiniens ont \u00e9t\u00e9 tu\u00e9s, 10.300 bless\u00e9s et plus de 20.000 arr\u00eat\u00e9s, dont mille six cents enfants en Cisjordanie depuis le d\u00e9but de l&rsquo;agression sur Ghaza. Les colons ill\u00e9gaux ont men\u00e9 plus de 7.000 agressions contre des Palestiniens et leurs biens au cours des deux derni\u00e8res ann\u00e9es, entra\u00eenant la mort de 33 Palestiniens et le d\u00e9placement forc\u00e9 de 33 communaut\u00e9s b\u00e9douines. Les attaques se poursuivent quotidiennement sous la protection de l&rsquo;arm\u00e9e d&rsquo;occupation. Vendredi soir, environ cinquante colons ont pris d&rsquo;assaut le village d&rsquo;al-Mughayir \u00e0 l&rsquo;est de Ramallah, incendiant quatre v\u00e9hicules apr\u00e8s avoir bris\u00e9 les portes et portails des propri\u00e9t\u00e9s palestiniennes. Les forces d&rsquo;occupation sont ensuite entr\u00e9es dans le village, tirant des grenades assourdissantes et des gaz lacrymog\u00e8nes. Un habitant a mis en garde contre des agressions d\u00e9sormais \u00ab quasi quotidiennes, syst\u00e9matiques et coordonn\u00e9es entre l&rsquo;arm\u00e9e et les colons \u00bb. Face \u00e0 cette r\u00e9alit\u00e9, Al-Hayya a r\u00e9affirm\u00e9 que \u00ab la question des prisonniers est nationale et nous cherchons \u00e0 mettre fin \u00e0 la souffrance de tous \u00bb, d\u00e9plorant l&rsquo;intransigeance de l&rsquo;occupation concernant de nombreux noms de prisonniers. Le Hamas a \u00e9galement accept\u00e9 la pr\u00e9sence des Nations Unies comme force de s\u00e9paration, de surveillance des fronti\u00e8res et de suivi du cessez-le-feu \u00e0 Ghaza, d\u00e9montrant une fois de plus sa volont\u00e9 de cr\u00e9er les conditions d&rsquo;une paix durable.<\/p>\n\n\n\n<p>L.S.<\/p>\n","protected":false},"excerpt":{"rendered":"<p>Deux semaines apr\u00e8s l&rsquo;entr\u00e9e en vigueur du cessez-le-feu \u00e0 Ghaza, le chef du bureau politique du Hamas, Khalil Al-Hayya, a<\/p>\n","protected":false},"author":6,"featured_media":75291,"comment_status":"open","ping_status":"closed","sticky":false,"template":"","format":"standard","meta":{"colormag_page_container_layout":"default_layout","colormag_page_sidebar_layout":"default_layout","om_disable_all_campaigns":false,"_monsterinsights_skip_tracking":false,"_monsterinsights_sitenote_active":false,"_monsterinsights_sitenote_note":"","_monsterinsights_sitenote_category":0,"footnotes":"","_wpscppro_dont_share_socialmedia":false,"_wpscppro_custom_social_share_image":0,"_facebook_share_type":"default","_twitter_share_type":"default","_linkedin_share_type":"default","_pinterest_share_type":"default","_linkedin_share_type_page":"","_instagram_share_type":"default","_medium_share_type":"default","_threads_share_type":"default","_google_business_share_type":"default","_selected_social_profile":[],"_wpsp_enable_custom_social_template":false,"_wpsp_social_scheduling":{"enabled":false,"datetime":null,"platforms":[],"status":"template_only","dateOption":"today","timeOption":"now","customDays":"","customHours":"","customDate":"","customTime":"","schedulingType":"absolute"},"_wpsp_active_default_template":true},"categories":[37],"tags":[],"class_list":["post-75290","post","type-post","status-publish","format-standard","has-post-thumbnail","hentry","category-monde"],"aioseo_notices":[],"yoast_head":"<!-- This site is optimized with the Yoast SEO plugin v27.5 - https:\/\/yoast.com\/product\/yoast-seo-wordpress\/ -->\n<title>Hamas affiche sa d\u00e9termination \u00e0 respecter l&rsquo;accord sur le cessez-le-feu - La Sentinelle<\/title>\n<meta name=\"robots\" content=\"index, follow, max-snippet:-1, max-image-preview:large, max-video-preview:-1\" \/>\n<link rel=\"canonical\" href=\"https:\/\/lasentinelle.dz\/index.php\/2025\/10\/26\/hamas-affiche-sa-determination-a-respecter-laccord-sur-le-cessez-le-feu\/\" \/>\n<meta property=\"og:locale\" content=\"fr_FR\" \/>\n<meta property=\"og:type\" content=\"article\" \/>\n<meta property=\"og:title\" content=\"Hamas affiche sa d\u00e9termination \u00e0 respecter l&rsquo;accord sur le cessez-le-feu - La Sentinelle\" \/>\n<meta property=\"og:description\" content=\"Deux semaines apr\u00e8s l&rsquo;entr\u00e9e en vigueur du cessez-le-feu \u00e0 Ghaza, le chef du bureau politique du Hamas, Khalil Al-Hayya, a\" \/>\n<meta property=\"og:url\" content=\"https:\/\/lasentinelle.dz\/index.php\/2025\/10\/26\/hamas-affiche-sa-determination-a-respecter-laccord-sur-le-cessez-le-feu\/\" \/>\n<meta property=\"og:site_name\" content=\"La Sentinelle\" \/>\n<meta property=\"article:publisher\" content=\"https:\/\/www.facebook.com\/La-Sentinelle-104059864394773\" \/>\n<meta property=\"article:published_time\" content=\"2025-10-26T18:26:23+00:00\" \/>\n<meta property=\"article:modified_time\" content=\"2025-10-26T18:26:24+00:00\" \/>\n<meta property=\"og:image\" content=\"https:\/\/lasentinelle.dz\/wp-content\/uploads\/2025\/10\/Khalil-Al-Hayya.webp\" \/>\n\t<meta property=\"og:image:width\" content=\"1444\" \/>\n\t<meta property=\"og:image:height\" content=\"920\" \/>\n\t<meta property=\"og:image:type\" content=\"image\/webp\" \/>\n<meta name=\"author\" content=\"admin\" \/>\n<meta name=\"twitter:card\" content=\"summary_large_image\" \/>\n<meta name=\"twitter:label1\" content=\"\u00c9crit par\" \/>\n\t<meta name=\"twitter:data1\" content=\"admin\" \/>\n\t<meta name=\"twitter:label2\" content=\"Dur\u00e9e de lecture estim\u00e9e\" \/>\n\t<meta name=\"twitter:data2\" content=\"6 minutes\" \/>\n<script type=\"application\/ld+json\" class=\"yoast-schema-graph\">{\"@context\":\"https:\\\/\\\/schema.org\",\"@graph\":[{\"@type\":\"Article\",\"@id\":\"https:\\\/\\\/lasentinelle.dz\\\/index.php\\\/2025\\\/10\\\/26\\\/hamas-affiche-sa-determination-a-respecter-laccord-sur-le-cessez-le-feu\\\/#article\",\"isPartOf\":{\"@id\":\"https:\\\/\\\/lasentinelle.dz\\\/index.php\\\/2025\\\/10\\\/26\\\/hamas-affiche-sa-determination-a-respecter-laccord-sur-le-cessez-le-feu\\\/\"},\"author\":{\"name\":\"admin\",\"@id\":\"https:\\\/\\\/lasentinelle.dz\\\/#\\\/schema\\\/person\\\/729ee0024f24e0b8c5ec17232f8e8b41\"},\"headline\":\"Hamas affiche sa d\u00e9termination \u00e0 respecter l&rsquo;accord sur le cessez-le-feu\",\"datePublished\":\"2025-10-26T18:26:23+00:00\",\"dateModified\":\"2025-10-26T18:26:24+00:00\",\"mainEntityOfPage\":{\"@id\":\"https:\\\/\\\/lasentinelle.dz\\\/index.php\\\/2025\\\/10\\\/26\\\/hamas-affiche-sa-determination-a-respecter-laccord-sur-le-cessez-le-feu\\\/\"},\"wordCount\":1240,\"commentCount\":0,\"publisher\":{\"@id\":\"https:\\\/\\\/lasentinelle.dz\\\/#organization\"},\"image\":{\"@id\":\"https:\\\/\\\/lasentinelle.dz\\\/index.php\\\/2025\\\/10\\\/26\\\/hamas-affiche-sa-determination-a-respecter-laccord-sur-le-cessez-le-feu\\\/#primaryimage\"},\"thumbnailUrl\":\"https:\\\/\\\/lasentinelle.dz\\\/wp-content\\\/uploads\\\/2025\\\/10\\\/Khalil-Al-Hayya.webp\",\"articleSection\":[\"Monde\"],\"inLanguage\":\"fr-FR\",\"potentialAction\":[{\"@type\":\"CommentAction\",\"name\":\"Comment\",\"target\":[\"https:\\\/\\\/lasentinelle.dz\\\/index.php\\\/2025\\\/10\\\/26\\\/hamas-affiche-sa-determination-a-respecter-laccord-sur-le-cessez-le-feu\\\/#respond\"]}]},{\"@type\":\"WebPage\",\"@id\":\"https:\\\/\\\/lasentinelle.dz\\\/index.php\\\/2025\\\/10\\\/26\\\/hamas-affiche-sa-determination-a-respecter-laccord-sur-le-cessez-le-feu\\\/\",\"url\":\"https:\\\/\\\/lasentinelle.dz\\\/index.php\\\/2025\\\/10\\\/26\\\/hamas-affiche-sa-determination-a-respecter-laccord-sur-le-cessez-le-feu\\\/\",\"name\":\"Hamas affiche sa d\u00e9termination \u00e0 respecter l&rsquo;accord sur le cessez-le-feu - La Sentinelle\",\"isPartOf\":{\"@id\":\"https:\\\/\\\/lasentinelle.dz\\\/#website\"},\"primaryImageOfPage\":{\"@id\":\"https:\\\/\\\/lasentinelle.dz\\\/index.php\\\/2025\\\/10\\\/26\\\/hamas-affiche-sa-determination-a-respecter-laccord-sur-le-cessez-le-feu\\\/#primaryimage\"},\"image\":{\"@id\":\"https:\\\/\\\/lasentinelle.dz\\\/index.php\\\/2025\\\/10\\\/26\\\/hamas-affiche-sa-determination-a-respecter-laccord-sur-le-cessez-le-feu\\\/#primaryimage\"},\"thumbnailUrl\":\"https:\\\/\\\/lasentinelle.dz\\\/wp-content\\\/uploads\\\/2025\\\/10\\\/Khalil-Al-Hayya.webp\",\"datePublished\":\"2025-10-26T18:26:23+00:00\",\"dateModified\":\"2025-10-26T18:26:24+00:00\",\"breadcrumb\":{\"@id\":\"https:\\\/\\\/lasentinelle.dz\\\/index.php\\\/2025\\\/10\\\/26\\\/hamas-affiche-sa-determination-a-respecter-laccord-sur-le-cessez-le-feu\\\/#breadcrumb\"},\"inLanguage\":\"fr-FR\",\"potentialAction\":[{\"@type\":\"ReadAction\",\"target\":[\"https:\\\/\\\/lasentinelle.dz\\\/index.php\\\/2025\\\/10\\\/26\\\/hamas-affiche-sa-determination-a-respecter-laccord-sur-le-cessez-le-feu\\\/\"]}]},{\"@type\":\"ImageObject\",\"inLanguage\":\"fr-FR\",\"@id\":\"https:\\\/\\\/lasentinelle.dz\\\/index.php\\\/2025\\\/10\\\/26\\\/hamas-affiche-sa-determination-a-respecter-laccord-sur-le-cessez-le-feu\\\/#primaryimage\",\"url\":\"https:\\\/\\\/lasentinelle.dz\\\/wp-content\\\/uploads\\\/2025\\\/10\\\/Khalil-Al-Hayya.webp\",\"contentUrl\":\"https:\\\/\\\/lasentinelle.dz\\\/wp-content\\\/uploads\\\/2025\\\/10\\\/Khalil-Al-Hayya.webp\",\"width\":1444,\"height\":920},{\"@type\":\"BreadcrumbList\",\"@id\":\"https:\\\/\\\/lasentinelle.dz\\\/index.php\\\/2025\\\/10\\\/26\\\/hamas-affiche-sa-determination-a-respecter-laccord-sur-le-cessez-le-feu\\\/#breadcrumb\",\"itemListElement\":[{\"@type\":\"ListItem\",\"position\":1,\"name\":\"Accueil\",\"item\":\"https:\\\/\\\/lasentinelle.dz\\\/\"},{\"@type\":\"ListItem\",\"position\":2,\"name\":\"Hamas affiche sa d\u00e9termination \u00e0 respecter l&rsquo;accord sur le cessez-le-feu\"}]},{\"@type\":\"WebSite\",\"@id\":\"https:\\\/\\\/lasentinelle.dz\\\/#website\",\"url\":\"https:\\\/\\\/lasentinelle.dz\\\/\",\"name\":\"La Sentinelle\",\"description\":\"Quotidien national d&#039;information\",\"publisher\":{\"@id\":\"https:\\\/\\\/lasentinelle.dz\\\/#organization\"},\"potentialAction\":[{\"@type\":\"SearchAction\",\"target\":{\"@type\":\"EntryPoint\",\"urlTemplate\":\"https:\\\/\\\/lasentinelle.dz\\\/?s={search_term_string}\"},\"query-input\":{\"@type\":\"PropertyValueSpecification\",\"valueRequired\":true,\"valueName\":\"search_term_string\"}}],\"inLanguage\":\"fr-FR\"},{\"@type\":\"Organization\",\"@id\":\"https:\\\/\\\/lasentinelle.dz\\\/#organization\",\"name\":\"Quotidien La Sentinelle\",\"url\":\"https:\\\/\\\/lasentinelle.dz\\\/\",\"logo\":{\"@type\":\"ImageObject\",\"inLanguage\":\"fr-FR\",\"@id\":\"https:\\\/\\\/lasentinelle.dz\\\/#\\\/schema\\\/logo\\\/image\\\/\",\"url\":\"https:\\\/\\\/lasentinelle.dz\\\/wp-content\\\/uploads\\\/2021\\\/09\\\/logo-sentinelleSLOGAN-1.png\",\"contentUrl\":\"https:\\\/\\\/lasentinelle.dz\\\/wp-content\\\/uploads\\\/2021\\\/09\\\/logo-sentinelleSLOGAN-1.png\",\"width\":615,\"height\":142,\"caption\":\"Quotidien La Sentinelle\"},\"image\":{\"@id\":\"https:\\\/\\\/lasentinelle.dz\\\/#\\\/schema\\\/logo\\\/image\\\/\"},\"sameAs\":[\"https:\\\/\\\/www.facebook.com\\\/La-Sentinelle-104059864394773\"]},{\"@type\":\"Person\",\"@id\":\"https:\\\/\\\/lasentinelle.dz\\\/#\\\/schema\\\/person\\\/729ee0024f24e0b8c5ec17232f8e8b41\",\"name\":\"admin\",\"image\":{\"@type\":\"ImageObject\",\"inLanguage\":\"fr-FR\",\"@id\":\"https:\\\/\\\/secure.gravatar.com\\\/avatar\\\/4c81fed838786e9b53f540bf46533e750f5d292099ae3b66cfc6fb1982e29df7?s=96&d=mm&r=g\",\"url\":\"https:\\\/\\\/secure.gravatar.com\\\/avatar\\\/4c81fed838786e9b53f540bf46533e750f5d292099ae3b66cfc6fb1982e29df7?s=96&d=mm&r=g\",\"contentUrl\":\"https:\\\/\\\/secure.gravatar.com\\\/avatar\\\/4c81fed838786e9b53f540bf46533e750f5d292099ae3b66cfc6fb1982e29df7?s=96&d=mm&r=g\",\"caption\":\"admin\"},\"description\":\"admin\",\"url\":\"https:\\\/\\\/lasentinelle.dz\\\/author\\\/admin\\\/\"}]}<\/script>\n<!-- \/ Yoast SEO plugin. -->","yoast_head_json":{"title":"Hamas affiche sa d\u00e9termination \u00e0 respecter l&rsquo;accord sur le cessez-le-feu - La Sentinelle","robots":{"index":"index","follow":"follow","max-snippet":"max-snippet:-1","max-image-preview":"max-image-preview:large","max-video-preview":"max-video-preview:-1"},"canonical":"https:\/\/lasentinelle.dz\/index.php\/2025\/10\/26\/hamas-affiche-sa-determination-a-respecter-laccord-sur-le-cessez-le-feu\/","og_locale":"fr_FR","og_type":"article","og_title":"Hamas affiche sa d\u00e9termination \u00e0 respecter l&rsquo;accord sur le cessez-le-feu - La Sentinelle","og_description":"Deux semaines apr\u00e8s l&rsquo;entr\u00e9e en vigueur du cessez-le-feu \u00e0 Ghaza, le chef du bureau politique du Hamas, Khalil Al-Hayya, a","og_url":"https:\/\/lasentinelle.dz\/index.php\/2025\/10\/26\/hamas-affiche-sa-determination-a-respecter-laccord-sur-le-cessez-le-feu\/","og_site_name":"La Sentinelle","article_publisher":"https:\/\/www.facebook.com\/La-Sentinelle-104059864394773","article_published_time":"2025-10-26T18:26:23+00:00","article_modified_time":"2025-10-26T18:26:24+00:00","og_image":[{"width":1444,"height":920,"url":"https:\/\/lasentinelle.dz\/wp-content\/uploads\/2025\/10\/Khalil-Al-Hayya.webp","type":"image\/webp"}],"author":"admin","twitter_card":"summary_large_image","twitter_misc":{"\u00c9crit par":"admin","Dur\u00e9e de lecture estim\u00e9e":"6 minutes"},"schema":{"@context":"https:\/\/schema.org","@graph":[{"@type":"Article","@id":"https:\/\/lasentinelle.dz\/index.php\/2025\/10\/26\/hamas-affiche-sa-determination-a-respecter-laccord-sur-le-cessez-le-feu\/#article","isPartOf":{"@id":"https:\/\/lasentinelle.dz\/index.php\/2025\/10\/26\/hamas-affiche-sa-determination-a-respecter-laccord-sur-le-cessez-le-feu\/"},"author":{"name":"admin","@id":"https:\/\/lasentinelle.dz\/#\/schema\/person\/729ee0024f24e0b8c5ec17232f8e8b41"},"headline":"Hamas affiche sa d\u00e9termination \u00e0 respecter l&rsquo;accord sur le cessez-le-feu","datePublished":"2025-10-26T18:26:23+00:00","dateModified":"2025-10-26T18:26:24+00:00","mainEntityOfPage":{"@id":"https:\/\/lasentinelle.dz\/index.php\/2025\/10\/26\/hamas-affiche-sa-determination-a-respecter-laccord-sur-le-cessez-le-feu\/"},"wordCount":1240,"commentCount":0,"publisher":{"@id":"https:\/\/lasentinelle.dz\/#organization"},"image":{"@id":"https:\/\/lasentinelle.dz\/index.php\/2025\/10\/26\/hamas-affiche-sa-determination-a-respecter-laccord-sur-le-cessez-le-feu\/#primaryimage"},"thumbnailUrl":"https:\/\/lasentinelle.dz\/wp-content\/uploads\/2025\/10\/Khalil-Al-Hayya.webp","articleSection":["Monde"],"inLanguage":"fr-FR","potentialAction":[{"@type":"CommentAction","name":"Comment","target":["https:\/\/lasentinelle.dz\/index.php\/2025\/10\/26\/hamas-affiche-sa-determination-a-respecter-laccord-sur-le-cessez-le-feu\/#respond"]}]},{"@type":"WebPage","@id":"https:\/\/lasentinelle.dz\/index.php\/2025\/10\/26\/hamas-affiche-sa-determination-a-respecter-laccord-sur-le-cessez-le-feu\/","url":"https:\/\/lasentinelle.dz\/index.php\/2025\/10\/26\/hamas-affiche-sa-determination-a-respecter-laccord-sur-le-cessez-le-feu\/","name":"Hamas affiche sa d\u00e9termination \u00e0 respecter l&rsquo;accord sur le cessez-le-feu - La Sentinelle","isPartOf":{"@id":"https:\/\/lasentinelle.dz\/#website"},"primaryImageOfPage":{"@id":"https:\/\/lasentinelle.dz\/index.php\/2025\/10\/26\/hamas-affiche-sa-determination-a-respecter-laccord-sur-le-cessez-le-feu\/#primaryimage"},"image":{"@id":"https:\/\/lasentinelle.dz\/index.php\/2025\/10\/26\/hamas-affiche-sa-determination-a-respecter-laccord-sur-le-cessez-le-feu\/#primaryimage"},"thumbnailUrl":"https:\/\/lasentinelle.dz\/wp-content\/uploads\/2025\/10\/Khalil-Al-Hayya.webp","datePublished":"2025-10-26T18:26:23+00:00","dateModified":"2025-10-26T18:26:24+00:00","breadcrumb":{"@id":"https:\/\/lasentinelle.dz\/index.php\/2025\/10\/26\/hamas-affiche-sa-determination-a-respecter-laccord-sur-le-cessez-le-feu\/#breadcrumb"},"inLanguage":"fr-FR","potentialAction":[{"@type":"ReadAction","target":["https:\/\/lasentinelle.dz\/index.php\/2025\/10\/26\/hamas-affiche-sa-determination-a-respecter-laccord-sur-le-cessez-le-feu\/"]}]},{"@type":"ImageObject","inLanguage":"fr-FR","@id":"https:\/\/lasentinelle.dz\/index.php\/2025\/10\/26\/hamas-affiche-sa-determination-a-respecter-laccord-sur-le-cessez-le-feu\/#primaryimage","url":"https:\/\/lasentinelle.dz\/wp-content\/uploads\/2025\/10\/Khalil-Al-Hayya.webp","contentUrl":"https:\/\/lasentinelle.dz\/wp-content\/uploads\/2025\/10\/Khalil-Al-Hayya.webp","width":1444,"height":920},{"@type":"BreadcrumbList","@id":"https:\/\/lasentinelle.dz\/index.php\/2025\/10\/26\/hamas-affiche-sa-determination-a-respecter-laccord-sur-le-cessez-le-feu\/#breadcrumb","itemListElement":[{"@type":"ListItem","position":1,"name":"Accueil","item":"https:\/\/lasentinelle.dz\/"},{"@type":"ListItem","position":2,"name":"Hamas affiche sa d\u00e9termination \u00e0 respecter l&rsquo;accord sur le cessez-le-feu"}]},{"@type":"WebSite","@id":"https:\/\/lasentinelle.dz\/#website","url":"https:\/\/lasentinelle.dz\/","name":"La Sentinelle","description":"Quotidien national d&#039;information","publisher":{"@id":"https:\/\/lasentinelle.dz\/#organization"},"potentialAction":[{"@type":"SearchAction","target":{"@type":"EntryPoint","urlTemplate":"https:\/\/lasentinelle.dz\/?s={search_term_string}"},"query-input":{"@type":"PropertyValueSpecification","valueRequired":true,"valueName":"search_term_string"}}],"inLanguage":"fr-FR"},{"@type":"Organization","@id":"https:\/\/lasentinelle.dz\/#organization","name":"Quotidien La Sentinelle","url":"https:\/\/lasentinelle.dz\/","logo":{"@type":"ImageObject","inLanguage":"fr-FR","@id":"https:\/\/lasentinelle.dz\/#\/schema\/logo\/image\/","url":"https:\/\/lasentinelle.dz\/wp-content\/uploads\/2021\/09\/logo-sentinelleSLOGAN-1.png","contentUrl":"https:\/\/lasentinelle.dz\/wp-content\/uploads\/2021\/09\/logo-sentinelleSLOGAN-1.png","width":615,"height":142,"caption":"Quotidien La Sentinelle"},"image":{"@id":"https:\/\/lasentinelle.dz\/#\/schema\/logo\/image\/"},"sameAs":["https:\/\/www.facebook.com\/La-Sentinelle-104059864394773"]},{"@type":"Person","@id":"https:\/\/lasentinelle.dz\/#\/schema\/person\/729ee0024f24e0b8c5ec17232f8e8b41","name":"admin","image":{"@type":"ImageObject","inLanguage":"fr-FR","@id":"https:\/\/secure.gravatar.com\/avatar\/4c81fed838786e9b53f540bf46533e750f5d292099ae3b66cfc6fb1982e29df7?s=96&d=mm&r=g","url":"https:\/\/secure.gravatar.com\/avatar\/4c81fed838786e9b53f540bf46533e750f5d292099ae3b66cfc6fb1982e29df7?s=96&d=mm&r=g","contentUrl":"https:\/\/secure.gravatar.com\/avatar\/4c81fed838786e9b53f540bf46533e750f5d292099ae3b66cfc6fb1982e29df7?s=96&d=mm&r=g","caption":"admin"},"description":"admin","url":"https:\/\/lasentinelle.dz\/author\/admin\/"}]}},"_links":{"self":[{"href":"https:\/\/lasentinelle.dz\/index.php\/wp-json\/wp\/v2\/posts\/75290","targetHints":{"allow":["GET"]}}],"collection":[{"href":"https:\/\/lasentinelle.dz\/index.php\/wp-json\/wp\/v2\/posts"}],"about":[{"href":"https:\/\/lasentinelle.dz\/index.php\/wp-json\/wp\/v2\/types\/post"}],"author":[{"embeddable":true,"href":"https:\/\/lasentinelle.dz\/index.php\/wp-json\/wp\/v2\/users\/6"}],"replies":[{"embeddable":true,"href":"https:\/\/lasentinelle.dz\/index.php\/wp-json\/wp\/v2\/comments?post=75290"}],"version-history":[{"count":2,"href":"https:\/\/lasentinelle.dz\/index.php\/wp-json\/wp\/v2\/posts\/75290\/revisions"}],"predecessor-version":[{"id":75293,"href":"https:\/\/lasentinelle.dz\/index.php\/wp-json\/wp\/v2\/posts\/75290\/revisions\/75293"}],"wp:featuredmedia":[{"embeddable":true,"href":"https:\/\/lasentinelle.dz\/index.php\/wp-json\/wp\/v2\/media\/75291"}],"wp:attachment":[{"href":"https:\/\/lasentinelle.dz\/index.php\/wp-json\/wp\/v2\/media?parent=75290"}],"wp:term":[{"taxonomy":"category","embeddable":true,"href":"https:\/\/lasentinelle.dz\/index.php\/wp-json\/wp\/v2\/categories?post=75290"},{"taxonomy":"post_tag","embeddable":true,"href":"https:\/\/lasentinelle.dz\/index.php\/wp-json\/wp\/v2\/tags?post=75290"}],"curies":[{"name":"wp","href":"https:\/\/api.w.org\/{rel}","templated":true}]}}