{"id":75294,"date":"2025-10-26T19:27:56","date_gmt":"2025-10-26T18:27:56","guid":{"rendered":"https:\/\/lasentinelle.dz\/?p=75294"},"modified":"2025-10-26T19:27:57","modified_gmt":"2025-10-26T18:27:57","slug":"la-nature-du-regime-du-makhzen-mise-a-nu-une-repression-brutale-du-mouvement-genz-212","status":"publish","type":"post","link":"https:\/\/lasentinelle.dz\/index.php\/2025\/10\/26\/la-nature-du-regime-du-makhzen-mise-a-nu-une-repression-brutale-du-mouvement-genz-212\/","title":{"rendered":"La nature du r\u00e9gime du Makhzen mise \u00e0 nu\u00a0: Une r\u00e9pression brutale du mouvement GenZ 212"},"content":{"rendered":"\n<p>Plus de 2100 arrestations, trois morts et des centaines de condamnations \u00e0 de lourdes peines de prison : la r\u00e9ponse brutale du r\u00e9gime marocain aux manifestations pacifiques de la jeunesse GenZ 212 depuis fin septembre expose la fausset\u00e9 de fa\u00e7ade d\u00e9mocratique d&rsquo;un syst\u00e8me qui n&rsquo;a jamais rompu avec les m\u00e9thodes autoritaires des \u00ab\u00a0ann\u00e9es de plomb\u00a0\u00bb.<\/p>\n\n\n\n<p>Depuis la fin du mois de septembre, le Maroc conna\u00eet une vague de contestation sociale in\u00e9dite port\u00e9e par le mouvement GenZ 212. Des milliers de jeunes sont descendus dans les rues \u00e0 travers le pays avec des revendications simples mais fondamentales : une \u00e9ducation de qualit\u00e9, des soins de sant\u00e9 accessibles et la fin de la corruption end\u00e9mique qui gangr\u00e8ne les institutions. Leur slogan, \u00ab\u00a0Nous voulons des h\u00f4pitaux, pas des stades\u00a0\u00bb, r\u00e9sume la frustration d&rsquo;une g\u00e9n\u00e9ration face aux priorit\u00e9s d&rsquo;un r\u00e9gime qui multiplie les projets de prestige pendant que les services publics se d\u00e9labrent. La r\u00e9action du Makhzen, ce syst\u00e8me de pouvoir traditionnellement centr\u00e9 autour du palais royal, a \u00e9t\u00e9 aussi rapide que brutale. Selon l&rsquo;Association marocaine des droits humains, plus de 2100 personnes ont \u00e9t\u00e9 arr\u00eat\u00e9es depuis le d\u00e9but des manifestations, dont 330 mineurs. Environ 1400 manifestants font l&rsquo;objet de poursuites judiciaires, avec un millier actuellement en d\u00e9tention et 500 sous contr\u00f4le judiciaire. Les tribunaux ont prononc\u00e9 au moins 240 condamnations \u00e0 des peines de prison ferme, certaines atteignant quinze ans d&#8217;emprisonnement. \u00c0 Agadir, des dizaines de jeunes originaires de Kelaa, Tiznit et Taroudant ont \u00e9t\u00e9 condamn\u00e9s \u00e0 des peines allant de cinq \u00e0 quinze ans. Des \u00e9tudiants, des mineurs et m\u00eame des blogueurs sur les r\u00e9seaux sociaux figurent parmi les personnes poursuivies. L&rsquo;arbitraire de cette r\u00e9pression r\u00e9v\u00e8le la nature profond\u00e9ment autoritaire du r\u00e9gime du Makhzen. Des jeunes ont \u00e9t\u00e9 arr\u00eat\u00e9s pour avoir simplement port\u00e9 des t-shirts avec l&rsquo;inscription \u00ab\u00a0L&rsquo;\u00e9ducation et la sant\u00e9 d&rsquo;abord\u00a0\u00bb ou \u00ab\u00a0Libert\u00e9 pour la Palestine\u00a0\u00bb. Un mineur de 17 ans a \u00e9t\u00e9 interpell\u00e9 dans un caf\u00e9 pour avoir grav\u00e9 la lettre \u00ab\u00a0Z\u00a0\u00bb dans sa coupe de cheveux. Les chefs d&rsquo;accusation invoqu\u00e9s par les autorit\u00e9s, \u00ab\u00a0organisation de manifestations non autoris\u00e9es\u00a0\u00bb, \u00ab\u00a0usage d&rsquo;armes blanches\u00a0\u00bb, \u00ab\u00a0d\u00e9gradation de biens publics\u00a0\u00bb ou \u00ab\u00a0outrage \u00e0 la police\u00a0\u00bb, sont suffisamment vagues pour permettre de criminaliser toute forme de contestation sociale.<\/p>\n\n\n\n<p>Torture<\/p>\n\n\n\n<p>Les organisations de d\u00e9fense des droits humains documentent un usage excessif de la force par les services de s\u00e9curit\u00e9. Trois jeunes ont perdu la vie, \u00e9cras\u00e9s par des v\u00e9hicules de police \u00e0 Oujda et Kelaa, dont un \u00e9tudiant en cin\u00e9ma venu documenter les rassemblements. Des t\u00e9moignages font \u00e9tat de tortures physiques et psychologiques dans les centres de d\u00e9tention, de harc\u00e8lement sexuel dans les commissariats de Rabat, de d\u00e9tention de mineurs sans pr\u00e9sence de leurs tuteurs l\u00e9gaux, d&rsquo;extraction d&rsquo;aveux sous la contrainte et de refus d&rsquo;enregistrer les traces de violences dans les proc\u00e8s-verbaux. Ces pratiques rappellent de mani\u00e8re gla\u00e7ante les m\u00e9thodes des \u00ab\u00a0ann\u00e9es de plomb\u00a0\u00bb sous le r\u00e8gne de Hassan II, p\u00e9riode durant laquelle plus de 800 personnes ont \u00e9t\u00e9 victimes de disparitions forc\u00e9es selon les organisations des droits humains. Face \u00e0 la pression populaire croissante, le roi Mohammed VI a prononc\u00e9 un discours le 10 octobre promettant d&rsquo;acc\u00e9l\u00e9rer les r\u00e9formes sociales et d&rsquo;augmenter de treize milliards d&rsquo;euros le budget de la sant\u00e9 et de l&rsquo;\u00e9ducation pour 2026. Le mouvement GenZ 212 a imm\u00e9diatement qualifi\u00e9 ces annonces de \u00ab\u00a0poudre aux yeux\u00a0\u00bb, soulignant l&rsquo;absence de mesures concr\u00e8tes pour lutter contre la corruption, les conflits d&rsquo;int\u00e9r\u00eats et garantir la reddition des comptes. Le collectif r\u00e9it\u00e8re sa demande de lib\u00e9ration de tous les prisonniers d&rsquo;opinion et insiste sur la nature pacifique de son mouvement.<\/p>\n\n\n\n<p>Le timing est particuli\u00e8rement r\u00e9v\u00e9lateur. Alors que la r\u00e9pression bat son plein, une organisation de suivi des recommandations de la conf\u00e9rence nationale sur les violations graves des droits humains organise une veill\u00e9e symbolique le 29 octobre \u00e0 Rabat pour comm\u00e9morer le soixanti\u00e8me anniversaire de l&rsquo;enl\u00e8vement de Mehdi Ben Barka et le 53<sup>e<\/sup> anniversaire de l&rsquo;enl\u00e8vement de Hussein Manouzi. L&rsquo;organisation rappelle que la r\u00e9p\u00e9tition des arrestations arbitraires aujourd&rsquo;hui prouve que \u00ab\u00a0l&rsquo;\u00c9tat ne s&rsquo;est pas encore d\u00e9barrass\u00e9 des pratiques du pass\u00e9\u00a0\u00bb. Malgr\u00e9 la r\u00e9pression, le mouvement appelle \u00e0 poursuivre les manifestations pacifiques et affirme sa d\u00e9termination \u00e0 obtenir des changements structurels.<\/p>\n\n\n\n<p>Lyes Sa\u00efdi<\/p>\n","protected":false},"excerpt":{"rendered":"<p>Plus de 2100 arrestations, trois morts et des centaines de condamnations \u00e0 de lourdes peines de prison : la r\u00e9ponse<\/p>\n","protected":false},"author":6,"featured_media":75295,"comment_status":"open","ping_status":"closed","sticky":false,"template":"","format":"standard","meta":{"colormag_page_container_layout":"default_layout","colormag_page_sidebar_layout":"default_layout","om_disable_all_campaigns":false,"_monsterinsights_skip_tracking":false,"_monsterinsights_sitenote_active":false,"_monsterinsights_sitenote_note":"","_monsterinsights_sitenote_category":0,"footnotes":"","_wpscppro_dont_share_socialmedia":false,"_wpscppro_custom_social_share_image":0,"_facebook_share_type":"default","_twitter_share_type":"default","_linkedin_share_type":"default","_pinterest_share_type":"default","_linkedin_share_type_page":"","_instagram_share_type":"default","_medium_share_type":"default","_threads_share_type":"default","_google_business_share_type":"default","_selected_social_profile":[],"_wpsp_enable_custom_social_template":false,"_wpsp_social_scheduling":{"enabled":false,"datetime":null,"platforms":[],"status":"template_only","dateOption":"today","timeOption":"now","customDays":"","customHours":"","customDate":"","customTime":"","schedulingType":"absolute"},"_wpsp_active_default_template":true},"categories":[52,37],"tags":[],"class_list":["post-75294","post","type-post","status-publish","format-standard","has-post-thumbnail","hentry","category-a-la-une","category-monde"],"aioseo_notices":[],"yoast_head":"<!-- This site is optimized with the Yoast SEO plugin v27.5 - https:\/\/yoast.com\/product\/yoast-seo-wordpress\/ -->\n<title>La nature du r\u00e9gime du Makhzen mise \u00e0 nu\u00a0: Une r\u00e9pression brutale du mouvement GenZ 212 - La Sentinelle<\/title>\n<meta name=\"robots\" content=\"index, follow, max-snippet:-1, max-image-preview:large, max-video-preview:-1\" \/>\n<link rel=\"canonical\" href=\"https:\/\/lasentinelle.dz\/index.php\/2025\/10\/26\/la-nature-du-regime-du-makhzen-mise-a-nu-une-repression-brutale-du-mouvement-genz-212\/\" \/>\n<meta property=\"og:locale\" content=\"fr_FR\" \/>\n<meta property=\"og:type\" content=\"article\" \/>\n<meta property=\"og:title\" content=\"La nature du r\u00e9gime du Makhzen mise \u00e0 nu\u00a0: Une r\u00e9pression brutale du mouvement GenZ 212 - La Sentinelle\" \/>\n<meta property=\"og:description\" content=\"Plus de 2100 arrestations, trois morts et des centaines de condamnations \u00e0 de lourdes peines de prison : la r\u00e9ponse\" \/>\n<meta property=\"og:url\" content=\"https:\/\/lasentinelle.dz\/index.php\/2025\/10\/26\/la-nature-du-regime-du-makhzen-mise-a-nu-une-repression-brutale-du-mouvement-genz-212\/\" \/>\n<meta property=\"og:site_name\" content=\"La Sentinelle\" \/>\n<meta property=\"article:publisher\" content=\"https:\/\/www.facebook.com\/La-Sentinelle-104059864394773\" \/>\n<meta property=\"article:published_time\" content=\"2025-10-26T18:27:56+00:00\" \/>\n<meta property=\"article:modified_time\" content=\"2025-10-26T18:27:57+00:00\" \/>\n<meta property=\"og:image\" content=\"https:\/\/lasentinelle.dz\/wp-content\/uploads\/2025\/10\/repression-scaled.jpg\" \/>\n\t<meta property=\"og:image:width\" content=\"2560\" \/>\n\t<meta property=\"og:image:height\" content=\"1707\" \/>\n\t<meta property=\"og:image:type\" content=\"image\/jpeg\" \/>\n<meta name=\"author\" content=\"admin\" \/>\n<meta name=\"twitter:card\" content=\"summary_large_image\" \/>\n<meta name=\"twitter:label1\" content=\"\u00c9crit par\" \/>\n\t<meta name=\"twitter:data1\" content=\"admin\" \/>\n\t<meta name=\"twitter:label2\" content=\"Dur\u00e9e de lecture estim\u00e9e\" \/>\n\t<meta name=\"twitter:data2\" content=\"4 minutes\" \/>\n<script type=\"application\/ld+json\" class=\"yoast-schema-graph\">{\"@context\":\"https:\\\/\\\/schema.org\",\"@graph\":[{\"@type\":\"Article\",\"@id\":\"https:\\\/\\\/lasentinelle.dz\\\/index.php\\\/2025\\\/10\\\/26\\\/la-nature-du-regime-du-makhzen-mise-a-nu-une-repression-brutale-du-mouvement-genz-212\\\/#article\",\"isPartOf\":{\"@id\":\"https:\\\/\\\/lasentinelle.dz\\\/index.php\\\/2025\\\/10\\\/26\\\/la-nature-du-regime-du-makhzen-mise-a-nu-une-repression-brutale-du-mouvement-genz-212\\\/\"},\"author\":{\"name\":\"admin\",\"@id\":\"https:\\\/\\\/lasentinelle.dz\\\/#\\\/schema\\\/person\\\/729ee0024f24e0b8c5ec17232f8e8b41\"},\"headline\":\"La nature du r\u00e9gime du Makhzen mise \u00e0 nu\u00a0: Une r\u00e9pression brutale du mouvement GenZ 212\",\"datePublished\":\"2025-10-26T18:27:56+00:00\",\"dateModified\":\"2025-10-26T18:27:57+00:00\",\"mainEntityOfPage\":{\"@id\":\"https:\\\/\\\/lasentinelle.dz\\\/index.php\\\/2025\\\/10\\\/26\\\/la-nature-du-regime-du-makhzen-mise-a-nu-une-repression-brutale-du-mouvement-genz-212\\\/\"},\"wordCount\":787,\"commentCount\":0,\"publisher\":{\"@id\":\"https:\\\/\\\/lasentinelle.dz\\\/#organization\"},\"image\":{\"@id\":\"https:\\\/\\\/lasentinelle.dz\\\/index.php\\\/2025\\\/10\\\/26\\\/la-nature-du-regime-du-makhzen-mise-a-nu-une-repression-brutale-du-mouvement-genz-212\\\/#primaryimage\"},\"thumbnailUrl\":\"https:\\\/\\\/lasentinelle.dz\\\/wp-content\\\/uploads\\\/2025\\\/10\\\/repression-scaled.jpg\",\"articleSection\":[\"\u00c0 la Une\",\"Monde\"],\"inLanguage\":\"fr-FR\",\"potentialAction\":[{\"@type\":\"CommentAction\",\"name\":\"Comment\",\"target\":[\"https:\\\/\\\/lasentinelle.dz\\\/index.php\\\/2025\\\/10\\\/26\\\/la-nature-du-regime-du-makhzen-mise-a-nu-une-repression-brutale-du-mouvement-genz-212\\\/#respond\"]}]},{\"@type\":\"WebPage\",\"@id\":\"https:\\\/\\\/lasentinelle.dz\\\/index.php\\\/2025\\\/10\\\/26\\\/la-nature-du-regime-du-makhzen-mise-a-nu-une-repression-brutale-du-mouvement-genz-212\\\/\",\"url\":\"https:\\\/\\\/lasentinelle.dz\\\/index.php\\\/2025\\\/10\\\/26\\\/la-nature-du-regime-du-makhzen-mise-a-nu-une-repression-brutale-du-mouvement-genz-212\\\/\",\"name\":\"La nature du r\u00e9gime du Makhzen mise \u00e0 nu\u00a0: Une r\u00e9pression brutale du mouvement GenZ 212 - La Sentinelle\",\"isPartOf\":{\"@id\":\"https:\\\/\\\/lasentinelle.dz\\\/#website\"},\"primaryImageOfPage\":{\"@id\":\"https:\\\/\\\/lasentinelle.dz\\\/index.php\\\/2025\\\/10\\\/26\\\/la-nature-du-regime-du-makhzen-mise-a-nu-une-repression-brutale-du-mouvement-genz-212\\\/#primaryimage\"},\"image\":{\"@id\":\"https:\\\/\\\/lasentinelle.dz\\\/index.php\\\/2025\\\/10\\\/26\\\/la-nature-du-regime-du-makhzen-mise-a-nu-une-repression-brutale-du-mouvement-genz-212\\\/#primaryimage\"},\"thumbnailUrl\":\"https:\\\/\\\/lasentinelle.dz\\\/wp-content\\\/uploads\\\/2025\\\/10\\\/repression-scaled.jpg\",\"datePublished\":\"2025-10-26T18:27:56+00:00\",\"dateModified\":\"2025-10-26T18:27:57+00:00\",\"breadcrumb\":{\"@id\":\"https:\\\/\\\/lasentinelle.dz\\\/index.php\\\/2025\\\/10\\\/26\\\/la-nature-du-regime-du-makhzen-mise-a-nu-une-repression-brutale-du-mouvement-genz-212\\\/#breadcrumb\"},\"inLanguage\":\"fr-FR\",\"potentialAction\":[{\"@type\":\"ReadAction\",\"target\":[\"https:\\\/\\\/lasentinelle.dz\\\/index.php\\\/2025\\\/10\\\/26\\\/la-nature-du-regime-du-makhzen-mise-a-nu-une-repression-brutale-du-mouvement-genz-212\\\/\"]}]},{\"@type\":\"ImageObject\",\"inLanguage\":\"fr-FR\",\"@id\":\"https:\\\/\\\/lasentinelle.dz\\\/index.php\\\/2025\\\/10\\\/26\\\/la-nature-du-regime-du-makhzen-mise-a-nu-une-repression-brutale-du-mouvement-genz-212\\\/#primaryimage\",\"url\":\"https:\\\/\\\/lasentinelle.dz\\\/wp-content\\\/uploads\\\/2025\\\/10\\\/repression-scaled.jpg\",\"contentUrl\":\"https:\\\/\\\/lasentinelle.dz\\\/wp-content\\\/uploads\\\/2025\\\/10\\\/repression-scaled.jpg\",\"width\":2560,\"height\":1707,\"caption\":\"Moroccan security forces detain a protester during a youth-led demonstration for social justice and demanding improvements in the public health and education sectors, in front of the parliament building in Rabat, on September 28, 2025. (Photo by Abdel Majid BZIOUAT \\\/ AFP)\"},{\"@type\":\"BreadcrumbList\",\"@id\":\"https:\\\/\\\/lasentinelle.dz\\\/index.php\\\/2025\\\/10\\\/26\\\/la-nature-du-regime-du-makhzen-mise-a-nu-une-repression-brutale-du-mouvement-genz-212\\\/#breadcrumb\",\"itemListElement\":[{\"@type\":\"ListItem\",\"position\":1,\"name\":\"Accueil\",\"item\":\"https:\\\/\\\/lasentinelle.dz\\\/\"},{\"@type\":\"ListItem\",\"position\":2,\"name\":\"La nature du r\u00e9gime du Makhzen mise \u00e0 nu\u00a0: Une r\u00e9pression brutale du mouvement GenZ 212\"}]},{\"@type\":\"WebSite\",\"@id\":\"https:\\\/\\\/lasentinelle.dz\\\/#website\",\"url\":\"https:\\\/\\\/lasentinelle.dz\\\/\",\"name\":\"La Sentinelle\",\"description\":\"Quotidien national d&#039;information\",\"publisher\":{\"@id\":\"https:\\\/\\\/lasentinelle.dz\\\/#organization\"},\"potentialAction\":[{\"@type\":\"SearchAction\",\"target\":{\"@type\":\"EntryPoint\",\"urlTemplate\":\"https:\\\/\\\/lasentinelle.dz\\\/?s={search_term_string}\"},\"query-input\":{\"@type\":\"PropertyValueSpecification\",\"valueRequired\":true,\"valueName\":\"search_term_string\"}}],\"inLanguage\":\"fr-FR\"},{\"@type\":\"Organization\",\"@id\":\"https:\\\/\\\/lasentinelle.dz\\\/#organization\",\"name\":\"Quotidien La Sentinelle\",\"url\":\"https:\\\/\\\/lasentinelle.dz\\\/\",\"logo\":{\"@type\":\"ImageObject\",\"inLanguage\":\"fr-FR\",\"@id\":\"https:\\\/\\\/lasentinelle.dz\\\/#\\\/schema\\\/logo\\\/image\\\/\",\"url\":\"https:\\\/\\\/lasentinelle.dz\\\/wp-content\\\/uploads\\\/2021\\\/09\\\/logo-sentinelleSLOGAN-1.png\",\"contentUrl\":\"https:\\\/\\\/lasentinelle.dz\\\/wp-content\\\/uploads\\\/2021\\\/09\\\/logo-sentinelleSLOGAN-1.png\",\"width\":615,\"height\":142,\"caption\":\"Quotidien La Sentinelle\"},\"image\":{\"@id\":\"https:\\\/\\\/lasentinelle.dz\\\/#\\\/schema\\\/logo\\\/image\\\/\"},\"sameAs\":[\"https:\\\/\\\/www.facebook.com\\\/La-Sentinelle-104059864394773\"]},{\"@type\":\"Person\",\"@id\":\"https:\\\/\\\/lasentinelle.dz\\\/#\\\/schema\\\/person\\\/729ee0024f24e0b8c5ec17232f8e8b41\",\"name\":\"admin\",\"image\":{\"@type\":\"ImageObject\",\"inLanguage\":\"fr-FR\",\"@id\":\"https:\\\/\\\/secure.gravatar.com\\\/avatar\\\/4c81fed838786e9b53f540bf46533e750f5d292099ae3b66cfc6fb1982e29df7?s=96&d=mm&r=g\",\"url\":\"https:\\\/\\\/secure.gravatar.com\\\/avatar\\\/4c81fed838786e9b53f540bf46533e750f5d292099ae3b66cfc6fb1982e29df7?s=96&d=mm&r=g\",\"contentUrl\":\"https:\\\/\\\/secure.gravatar.com\\\/avatar\\\/4c81fed838786e9b53f540bf46533e750f5d292099ae3b66cfc6fb1982e29df7?s=96&d=mm&r=g\",\"caption\":\"admin\"},\"description\":\"admin\",\"url\":\"https:\\\/\\\/lasentinelle.dz\\\/author\\\/admin\\\/\"}]}<\/script>\n<!-- \/ Yoast SEO plugin. -->","yoast_head_json":{"title":"La nature du r\u00e9gime du Makhzen mise \u00e0 nu\u00a0: Une r\u00e9pression brutale du mouvement GenZ 212 - La Sentinelle","robots":{"index":"index","follow":"follow","max-snippet":"max-snippet:-1","max-image-preview":"max-image-preview:large","max-video-preview":"max-video-preview:-1"},"canonical":"https:\/\/lasentinelle.dz\/index.php\/2025\/10\/26\/la-nature-du-regime-du-makhzen-mise-a-nu-une-repression-brutale-du-mouvement-genz-212\/","og_locale":"fr_FR","og_type":"article","og_title":"La nature du r\u00e9gime du Makhzen mise \u00e0 nu\u00a0: Une r\u00e9pression brutale du mouvement GenZ 212 - La Sentinelle","og_description":"Plus de 2100 arrestations, trois morts et des centaines de condamnations \u00e0 de lourdes peines de prison : la r\u00e9ponse","og_url":"https:\/\/lasentinelle.dz\/index.php\/2025\/10\/26\/la-nature-du-regime-du-makhzen-mise-a-nu-une-repression-brutale-du-mouvement-genz-212\/","og_site_name":"La Sentinelle","article_publisher":"https:\/\/www.facebook.com\/La-Sentinelle-104059864394773","article_published_time":"2025-10-26T18:27:56+00:00","article_modified_time":"2025-10-26T18:27:57+00:00","og_image":[{"width":2560,"height":1707,"url":"https:\/\/lasentinelle.dz\/wp-content\/uploads\/2025\/10\/repression-scaled.jpg","type":"image\/jpeg"}],"author":"admin","twitter_card":"summary_large_image","twitter_misc":{"\u00c9crit par":"admin","Dur\u00e9e de lecture estim\u00e9e":"4 minutes"},"schema":{"@context":"https:\/\/schema.org","@graph":[{"@type":"Article","@id":"https:\/\/lasentinelle.dz\/index.php\/2025\/10\/26\/la-nature-du-regime-du-makhzen-mise-a-nu-une-repression-brutale-du-mouvement-genz-212\/#article","isPartOf":{"@id":"https:\/\/lasentinelle.dz\/index.php\/2025\/10\/26\/la-nature-du-regime-du-makhzen-mise-a-nu-une-repression-brutale-du-mouvement-genz-212\/"},"author":{"name":"admin","@id":"https:\/\/lasentinelle.dz\/#\/schema\/person\/729ee0024f24e0b8c5ec17232f8e8b41"},"headline":"La nature du r\u00e9gime du Makhzen mise \u00e0 nu\u00a0: Une r\u00e9pression brutale du mouvement GenZ 212","datePublished":"2025-10-26T18:27:56+00:00","dateModified":"2025-10-26T18:27:57+00:00","mainEntityOfPage":{"@id":"https:\/\/lasentinelle.dz\/index.php\/2025\/10\/26\/la-nature-du-regime-du-makhzen-mise-a-nu-une-repression-brutale-du-mouvement-genz-212\/"},"wordCount":787,"commentCount":0,"publisher":{"@id":"https:\/\/lasentinelle.dz\/#organization"},"image":{"@id":"https:\/\/lasentinelle.dz\/index.php\/2025\/10\/26\/la-nature-du-regime-du-makhzen-mise-a-nu-une-repression-brutale-du-mouvement-genz-212\/#primaryimage"},"thumbnailUrl":"https:\/\/lasentinelle.dz\/wp-content\/uploads\/2025\/10\/repression-scaled.jpg","articleSection":["\u00c0 la Une","Monde"],"inLanguage":"fr-FR","potentialAction":[{"@type":"CommentAction","name":"Comment","target":["https:\/\/lasentinelle.dz\/index.php\/2025\/10\/26\/la-nature-du-regime-du-makhzen-mise-a-nu-une-repression-brutale-du-mouvement-genz-212\/#respond"]}]},{"@type":"WebPage","@id":"https:\/\/lasentinelle.dz\/index.php\/2025\/10\/26\/la-nature-du-regime-du-makhzen-mise-a-nu-une-repression-brutale-du-mouvement-genz-212\/","url":"https:\/\/lasentinelle.dz\/index.php\/2025\/10\/26\/la-nature-du-regime-du-makhzen-mise-a-nu-une-repression-brutale-du-mouvement-genz-212\/","name":"La nature du r\u00e9gime du Makhzen mise \u00e0 nu\u00a0: Une r\u00e9pression brutale du mouvement GenZ 212 - La Sentinelle","isPartOf":{"@id":"https:\/\/lasentinelle.dz\/#website"},"primaryImageOfPage":{"@id":"https:\/\/lasentinelle.dz\/index.php\/2025\/10\/26\/la-nature-du-regime-du-makhzen-mise-a-nu-une-repression-brutale-du-mouvement-genz-212\/#primaryimage"},"image":{"@id":"https:\/\/lasentinelle.dz\/index.php\/2025\/10\/26\/la-nature-du-regime-du-makhzen-mise-a-nu-une-repression-brutale-du-mouvement-genz-212\/#primaryimage"},"thumbnailUrl":"https:\/\/lasentinelle.dz\/wp-content\/uploads\/2025\/10\/repression-scaled.jpg","datePublished":"2025-10-26T18:27:56+00:00","dateModified":"2025-10-26T18:27:57+00:00","breadcrumb":{"@id":"https:\/\/lasentinelle.dz\/index.php\/2025\/10\/26\/la-nature-du-regime-du-makhzen-mise-a-nu-une-repression-brutale-du-mouvement-genz-212\/#breadcrumb"},"inLanguage":"fr-FR","potentialAction":[{"@type":"ReadAction","target":["https:\/\/lasentinelle.dz\/index.php\/2025\/10\/26\/la-nature-du-regime-du-makhzen-mise-a-nu-une-repression-brutale-du-mouvement-genz-212\/"]}]},{"@type":"ImageObject","inLanguage":"fr-FR","@id":"https:\/\/lasentinelle.dz\/index.php\/2025\/10\/26\/la-nature-du-regime-du-makhzen-mise-a-nu-une-repression-brutale-du-mouvement-genz-212\/#primaryimage","url":"https:\/\/lasentinelle.dz\/wp-content\/uploads\/2025\/10\/repression-scaled.jpg","contentUrl":"https:\/\/lasentinelle.dz\/wp-content\/uploads\/2025\/10\/repression-scaled.jpg","width":2560,"height":1707,"caption":"Moroccan security forces detain a protester during a youth-led demonstration for social justice and demanding improvements in the public health and education sectors, in front of the parliament building in Rabat, on September 28, 2025. (Photo by Abdel Majid BZIOUAT \/ AFP)"},{"@type":"BreadcrumbList","@id":"https:\/\/lasentinelle.dz\/index.php\/2025\/10\/26\/la-nature-du-regime-du-makhzen-mise-a-nu-une-repression-brutale-du-mouvement-genz-212\/#breadcrumb","itemListElement":[{"@type":"ListItem","position":1,"name":"Accueil","item":"https:\/\/lasentinelle.dz\/"},{"@type":"ListItem","position":2,"name":"La nature du r\u00e9gime du Makhzen mise \u00e0 nu\u00a0: Une r\u00e9pression brutale du mouvement GenZ 212"}]},{"@type":"WebSite","@id":"https:\/\/lasentinelle.dz\/#website","url":"https:\/\/lasentinelle.dz\/","name":"La Sentinelle","description":"Quotidien national d&#039;information","publisher":{"@id":"https:\/\/lasentinelle.dz\/#organization"},"potentialAction":[{"@type":"SearchAction","target":{"@type":"EntryPoint","urlTemplate":"https:\/\/lasentinelle.dz\/?s={search_term_string}"},"query-input":{"@type":"PropertyValueSpecification","valueRequired":true,"valueName":"search_term_string"}}],"inLanguage":"fr-FR"},{"@type":"Organization","@id":"https:\/\/lasentinelle.dz\/#organization","name":"Quotidien La Sentinelle","url":"https:\/\/lasentinelle.dz\/","logo":{"@type":"ImageObject","inLanguage":"fr-FR","@id":"https:\/\/lasentinelle.dz\/#\/schema\/logo\/image\/","url":"https:\/\/lasentinelle.dz\/wp-content\/uploads\/2021\/09\/logo-sentinelleSLOGAN-1.png","contentUrl":"https:\/\/lasentinelle.dz\/wp-content\/uploads\/2021\/09\/logo-sentinelleSLOGAN-1.png","width":615,"height":142,"caption":"Quotidien La Sentinelle"},"image":{"@id":"https:\/\/lasentinelle.dz\/#\/schema\/logo\/image\/"},"sameAs":["https:\/\/www.facebook.com\/La-Sentinelle-104059864394773"]},{"@type":"Person","@id":"https:\/\/lasentinelle.dz\/#\/schema\/person\/729ee0024f24e0b8c5ec17232f8e8b41","name":"admin","image":{"@type":"ImageObject","inLanguage":"fr-FR","@id":"https:\/\/secure.gravatar.com\/avatar\/4c81fed838786e9b53f540bf46533e750f5d292099ae3b66cfc6fb1982e29df7?s=96&d=mm&r=g","url":"https:\/\/secure.gravatar.com\/avatar\/4c81fed838786e9b53f540bf46533e750f5d292099ae3b66cfc6fb1982e29df7?s=96&d=mm&r=g","contentUrl":"https:\/\/secure.gravatar.com\/avatar\/4c81fed838786e9b53f540bf46533e750f5d292099ae3b66cfc6fb1982e29df7?s=96&d=mm&r=g","caption":"admin"},"description":"admin","url":"https:\/\/lasentinelle.dz\/author\/admin\/"}]}},"_links":{"self":[{"href":"https:\/\/lasentinelle.dz\/index.php\/wp-json\/wp\/v2\/posts\/75294","targetHints":{"allow":["GET"]}}],"collection":[{"href":"https:\/\/lasentinelle.dz\/index.php\/wp-json\/wp\/v2\/posts"}],"about":[{"href":"https:\/\/lasentinelle.dz\/index.php\/wp-json\/wp\/v2\/types\/post"}],"author":[{"embeddable":true,"href":"https:\/\/lasentinelle.dz\/index.php\/wp-json\/wp\/v2\/users\/6"}],"replies":[{"embeddable":true,"href":"https:\/\/lasentinelle.dz\/index.php\/wp-json\/wp\/v2\/comments?post=75294"}],"version-history":[{"count":1,"href":"https:\/\/lasentinelle.dz\/index.php\/wp-json\/wp\/v2\/posts\/75294\/revisions"}],"predecessor-version":[{"id":75296,"href":"https:\/\/lasentinelle.dz\/index.php\/wp-json\/wp\/v2\/posts\/75294\/revisions\/75296"}],"wp:featuredmedia":[{"embeddable":true,"href":"https:\/\/lasentinelle.dz\/index.php\/wp-json\/wp\/v2\/media\/75295"}],"wp:attachment":[{"href":"https:\/\/lasentinelle.dz\/index.php\/wp-json\/wp\/v2\/media?parent=75294"}],"wp:term":[{"taxonomy":"category","embeddable":true,"href":"https:\/\/lasentinelle.dz\/index.php\/wp-json\/wp\/v2\/categories?post=75294"},{"taxonomy":"post_tag","embeddable":true,"href":"https:\/\/lasentinelle.dz\/index.php\/wp-json\/wp\/v2\/tags?post=75294"}],"curies":[{"name":"wp","href":"https:\/\/api.w.org\/{rel}","templated":true}]}}