{"id":75297,"date":"2025-10-26T19:30:18","date_gmt":"2025-10-26T18:30:18","guid":{"rendered":"https:\/\/lasentinelle.dz\/?p=75297"},"modified":"2025-10-26T19:30:19","modified_gmt":"2025-10-26T18:30:19","slug":"panorama-du-film-sahraoui-a-la-cinematheque-dalger-quand-le-cinema-se-fait-arme-de-resistance","status":"publish","type":"post","link":"https:\/\/lasentinelle.dz\/index.php\/2025\/10\/26\/panorama-du-film-sahraoui-a-la-cinematheque-dalger-quand-le-cinema-se-fait-arme-de-resistance\/","title":{"rendered":"\u00ab\u00a0Panorama du film sahraoui\u00a0\u00bb \u00e0 la Cin\u00e9math\u00e8que d&rsquo;Alger\u00a0: Quand le cin\u00e9ma se fait arme de r\u00e9sistance"},"content":{"rendered":"\n<p>La Cin\u00e9math\u00e8que d&rsquo;Alger a ouvert samedi les portes de la manifestation culturelle \u00ab\u00a0Panorama du film sahraoui\u00a0\u00bb, plac\u00e9e sous le th\u00e8me \u00ab\u00a0Cin\u00e9ma pour la libert\u00e9\u00a0\u00bb, un \u00e9v\u00e9nement qui rend hommage \u00e0 la lutte et \u00e0 la r\u00e9sistance du peuple sahraoui face \u00e0 l&rsquo;occupation marocaine, organis\u00e9 par le Centre Alg\u00e9rien du Cin\u00e9ma (CAC) sous le patronage du minist\u00e8re de la Culture et des Arts. Dans une d\u00e9claration inaugurale, le directeur de la Cin\u00e9math\u00e8que d&rsquo;Alger, Adel Mekhalfia, a donn\u00e9 le ton en affirmant que cette manifestation repr\u00e9sente \u00ab\u00a0une prise de position culturelle et un engagement moral aux valeurs du septi\u00e8me art lorsqu&rsquo;il est du c\u00f4t\u00e9 des opprim\u00e9s\u00a0\u00bb. Pour lui, l&rsquo;\u00e9v\u00e9nement se veut avant tout \u00ab\u00a0un hommage \u00e0 la cam\u00e9ra, qui a toujours \u00e9t\u00e9 \u00e0 l&rsquo;avant-garde pour consigner la v\u00e9rit\u00e9 et donner la parole \u00e0 ceux qui en sont priv\u00e9s\u00a0\u00bb. Ces mots r\u00e9sonnent comme un rappel de la fonction premi\u00e8re du cin\u00e9ma engag\u00e9 : \u00eatre le t\u00e9moin et le porte-voix des causes justes, des peuples en lutte pour leur dignit\u00e9 et leur libert\u00e9. Cette manifestation s&rsquo;inscrit dans la continuit\u00e9 des positions constantes de l&rsquo;Alg\u00e9rie en faveur des causes justes \u00e0 travers le monde. Adel Mekhalfia a d&rsquo;ailleurs tenu \u00e0 souligner que le soutien alg\u00e9rien au droit du peuple sahraoui \u00e0 l&rsquo;autod\u00e9termination \u00ab\u00a0n&rsquo;est pas une position conjoncturelle, mais un engagement national ancr\u00e9 et un des principes fondamentaux de sa politique ext\u00e9rieure\u00a0\u00bb. Cette fid\u00e9lit\u00e9 aux principes de solidarit\u00e9 entre les peuples, h\u00e9rit\u00e9e de la guerre de lib\u00e9ration nationale, fait de l&rsquo;Alg\u00e9rie un acteur incontournable dans le soutien aux mouvements de lib\u00e9ration, et le cin\u00e9ma devient ici un vecteur de cette diplomatie culturelle et humaniste.<\/p>\n\n\n\n<p>Le programme de cette \u00e9dition, qui se poursuit jusqu&rsquo;au 27 octobre, propose une immersion dans la r\u00e9alit\u00e9 sahraouie \u00e0 travers plusieurs productions documentaires et de fiction. L&rsquo;ouverture a \u00e9t\u00e9 marqu\u00e9e par la projection d&rsquo;un long m\u00e9trage documentaire du r\u00e9alisateur alg\u00e9rien Rabah Slimani, consacr\u00e9 \u00e0 la lutte du peuple sahraoui pour l&rsquo;ind\u00e9pendance. L&rsquo;\u0153uvre \u00e9voque notamment le mur de s\u00e9paration \u00e9rig\u00e9 par l&rsquo;occupant marocain au d\u00e9but des ann\u00e9es 1980, cette barri\u00e8re de sable et de pierres longue de pr\u00e8s de 2700 kilom\u00e8tres, devenue symbole d&rsquo;oppression. Le film suit \u00e9galement la vie d&rsquo;un groupe d&rsquo;\u00e9tudiants d&rsquo;une \u00e9cole de cin\u00e9ma install\u00e9e dans les camps de r\u00e9fugi\u00e9s sahraouis, qui pr\u00e9parent leur c\u00e9r\u00e9monie de fin d&rsquo;\u00e9tudes \u00e0 travers la r\u00e9alisation d&rsquo;un documentaire intitul\u00e9 \u00ab\u00a0Le mur de la honte\u00a0\u00bb, transformant ainsi leur formation artistique en acte de r\u00e9sistance et de m\u00e9moire.<\/p>\n\n\n\n<p>Au-del\u00e0 des projections, la manifestation propose des ateliers de formation portant sur des exp\u00e9riences cin\u00e9matographiques li\u00e9es aux luttes de lib\u00e9ration, notamment l&rsquo;exp\u00e9rience de l&rsquo;\u00c9cole du cin\u00e9ma sahraoui, une initiative unique qui forme de jeunes r\u00e9alisateurs dans des conditions extr\u00eames, au c\u0153ur du d\u00e9sert, loin de tout confort mat\u00e9riel mais anim\u00e9s par la conviction que l&rsquo;image peut changer le cours de l&rsquo;histoire. D&rsquo;autres films sont \u00e9galement au programme, dont \u00ab\u00a0La femme sahraouie\u00a0\u00bb, qui met en lumi\u00e8re le r\u00f4le central des femmes dans la pr\u00e9servation de l&rsquo;identit\u00e9 et de la r\u00e9sistance sahraouies, et \u00ab\u00a0Le droit de vivre\u00a0\u00bb, qui interroge les aspirations l\u00e9gitimes d&rsquo;un peuple \u00e0 disposer de lui-m\u00eame.<\/p>\n\n\n\n<p>M.S.<\/p>\n","protected":false},"excerpt":{"rendered":"<p>La Cin\u00e9math\u00e8que d&rsquo;Alger a ouvert samedi les portes de la manifestation culturelle \u00ab\u00a0Panorama du film sahraoui\u00a0\u00bb, plac\u00e9e sous le th\u00e8me<\/p>\n","protected":false},"author":6,"featured_media":75298,"comment_status":"open","ping_status":"closed","sticky":false,"template":"","format":"standard","meta":{"colormag_page_container_layout":"default_layout","colormag_page_sidebar_layout":"default_layout","om_disable_all_campaigns":false,"_monsterinsights_skip_tracking":false,"_monsterinsights_sitenote_active":false,"_monsterinsights_sitenote_note":"","_monsterinsights_sitenote_category":0,"footnotes":"","_wpscppro_dont_share_socialmedia":false,"_wpscppro_custom_social_share_image":0,"_facebook_share_type":"default","_twitter_share_type":"default","_linkedin_share_type":"default","_pinterest_share_type":"default","_linkedin_share_type_page":"","_instagram_share_type":"default","_medium_share_type":"default","_threads_share_type":"default","_google_business_share_type":"default","_selected_social_profile":[],"_wpsp_enable_custom_social_template":false,"_wpsp_social_scheduling":{"enabled":false,"datetime":null,"platforms":[],"status":"template_only","dateOption":"today","timeOption":"now","customDays":"","customHours":"","customDate":"","customTime":"","schedulingType":"absolute"},"_wpsp_active_default_template":true},"categories":[36],"tags":[],"class_list":["post-75297","post","type-post","status-publish","format-standard","has-post-thumbnail","hentry","category-culture"],"aioseo_notices":[],"yoast_head":"<!-- This site is optimized with the Yoast SEO plugin v27.5 - https:\/\/yoast.com\/product\/yoast-seo-wordpress\/ -->\n<title>\u00ab\u00a0Panorama du film sahraoui\u00a0\u00bb \u00e0 la Cin\u00e9math\u00e8que d&rsquo;Alger\u00a0: Quand le cin\u00e9ma se fait arme de r\u00e9sistance - La Sentinelle<\/title>\n<meta name=\"robots\" content=\"index, follow, max-snippet:-1, max-image-preview:large, max-video-preview:-1\" \/>\n<link rel=\"canonical\" href=\"https:\/\/lasentinelle.dz\/index.php\/2025\/10\/26\/panorama-du-film-sahraoui-a-la-cinematheque-dalger-quand-le-cinema-se-fait-arme-de-resistance\/\" \/>\n<meta property=\"og:locale\" content=\"fr_FR\" \/>\n<meta property=\"og:type\" content=\"article\" \/>\n<meta property=\"og:title\" content=\"\u00ab\u00a0Panorama du film sahraoui\u00a0\u00bb \u00e0 la Cin\u00e9math\u00e8que d&rsquo;Alger\u00a0: Quand le cin\u00e9ma se fait arme de r\u00e9sistance - La Sentinelle\" \/>\n<meta property=\"og:description\" content=\"La Cin\u00e9math\u00e8que d&rsquo;Alger a ouvert samedi les portes de la manifestation culturelle \u00ab\u00a0Panorama du film sahraoui\u00a0\u00bb, plac\u00e9e sous le th\u00e8me\" \/>\n<meta property=\"og:url\" content=\"https:\/\/lasentinelle.dz\/index.php\/2025\/10\/26\/panorama-du-film-sahraoui-a-la-cinematheque-dalger-quand-le-cinema-se-fait-arme-de-resistance\/\" \/>\n<meta property=\"og:site_name\" content=\"La Sentinelle\" \/>\n<meta property=\"article:publisher\" content=\"https:\/\/www.facebook.com\/La-Sentinelle-104059864394773\" \/>\n<meta property=\"article:published_time\" content=\"2025-10-26T18:30:18+00:00\" \/>\n<meta property=\"article:modified_time\" content=\"2025-10-26T18:30:19+00:00\" \/>\n<meta property=\"og:image\" content=\"https:\/\/lasentinelle.dz\/wp-content\/uploads\/2025\/10\/panorama.webp\" \/>\n\t<meta property=\"og:image:width\" content=\"900\" \/>\n\t<meta property=\"og:image:height\" content=\"675\" \/>\n\t<meta property=\"og:image:type\" content=\"image\/webp\" \/>\n<meta name=\"author\" content=\"admin\" \/>\n<meta name=\"twitter:card\" content=\"summary_large_image\" \/>\n<meta name=\"twitter:label1\" content=\"\u00c9crit par\" \/>\n\t<meta name=\"twitter:data1\" content=\"admin\" \/>\n\t<meta name=\"twitter:label2\" content=\"Dur\u00e9e de lecture estim\u00e9e\" \/>\n\t<meta name=\"twitter:data2\" content=\"3 minutes\" \/>\n<script type=\"application\/ld+json\" class=\"yoast-schema-graph\">{\"@context\":\"https:\\\/\\\/schema.org\",\"@graph\":[{\"@type\":\"Article\",\"@id\":\"https:\\\/\\\/lasentinelle.dz\\\/index.php\\\/2025\\\/10\\\/26\\\/panorama-du-film-sahraoui-a-la-cinematheque-dalger-quand-le-cinema-se-fait-arme-de-resistance\\\/#article\",\"isPartOf\":{\"@id\":\"https:\\\/\\\/lasentinelle.dz\\\/index.php\\\/2025\\\/10\\\/26\\\/panorama-du-film-sahraoui-a-la-cinematheque-dalger-quand-le-cinema-se-fait-arme-de-resistance\\\/\"},\"author\":{\"name\":\"admin\",\"@id\":\"https:\\\/\\\/lasentinelle.dz\\\/#\\\/schema\\\/person\\\/729ee0024f24e0b8c5ec17232f8e8b41\"},\"headline\":\"\u00ab\u00a0Panorama du film sahraoui\u00a0\u00bb \u00e0 la Cin\u00e9math\u00e8que d&rsquo;Alger\u00a0: Quand le cin\u00e9ma se fait arme de r\u00e9sistance\",\"datePublished\":\"2025-10-26T18:30:18+00:00\",\"dateModified\":\"2025-10-26T18:30:19+00:00\",\"mainEntityOfPage\":{\"@id\":\"https:\\\/\\\/lasentinelle.dz\\\/index.php\\\/2025\\\/10\\\/26\\\/panorama-du-film-sahraoui-a-la-cinematheque-dalger-quand-le-cinema-se-fait-arme-de-resistance\\\/\"},\"wordCount\":621,\"commentCount\":0,\"publisher\":{\"@id\":\"https:\\\/\\\/lasentinelle.dz\\\/#organization\"},\"image\":{\"@id\":\"https:\\\/\\\/lasentinelle.dz\\\/index.php\\\/2025\\\/10\\\/26\\\/panorama-du-film-sahraoui-a-la-cinematheque-dalger-quand-le-cinema-se-fait-arme-de-resistance\\\/#primaryimage\"},\"thumbnailUrl\":\"https:\\\/\\\/lasentinelle.dz\\\/wp-content\\\/uploads\\\/2025\\\/10\\\/panorama.webp\",\"articleSection\":[\"Culture\"],\"inLanguage\":\"fr-FR\",\"potentialAction\":[{\"@type\":\"CommentAction\",\"name\":\"Comment\",\"target\":[\"https:\\\/\\\/lasentinelle.dz\\\/index.php\\\/2025\\\/10\\\/26\\\/panorama-du-film-sahraoui-a-la-cinematheque-dalger-quand-le-cinema-se-fait-arme-de-resistance\\\/#respond\"]}]},{\"@type\":\"WebPage\",\"@id\":\"https:\\\/\\\/lasentinelle.dz\\\/index.php\\\/2025\\\/10\\\/26\\\/panorama-du-film-sahraoui-a-la-cinematheque-dalger-quand-le-cinema-se-fait-arme-de-resistance\\\/\",\"url\":\"https:\\\/\\\/lasentinelle.dz\\\/index.php\\\/2025\\\/10\\\/26\\\/panorama-du-film-sahraoui-a-la-cinematheque-dalger-quand-le-cinema-se-fait-arme-de-resistance\\\/\",\"name\":\"\u00ab\u00a0Panorama du film sahraoui\u00a0\u00bb \u00e0 la Cin\u00e9math\u00e8que d&rsquo;Alger\u00a0: Quand le cin\u00e9ma se fait arme de r\u00e9sistance - La Sentinelle\",\"isPartOf\":{\"@id\":\"https:\\\/\\\/lasentinelle.dz\\\/#website\"},\"primaryImageOfPage\":{\"@id\":\"https:\\\/\\\/lasentinelle.dz\\\/index.php\\\/2025\\\/10\\\/26\\\/panorama-du-film-sahraoui-a-la-cinematheque-dalger-quand-le-cinema-se-fait-arme-de-resistance\\\/#primaryimage\"},\"image\":{\"@id\":\"https:\\\/\\\/lasentinelle.dz\\\/index.php\\\/2025\\\/10\\\/26\\\/panorama-du-film-sahraoui-a-la-cinematheque-dalger-quand-le-cinema-se-fait-arme-de-resistance\\\/#primaryimage\"},\"thumbnailUrl\":\"https:\\\/\\\/lasentinelle.dz\\\/wp-content\\\/uploads\\\/2025\\\/10\\\/panorama.webp\",\"datePublished\":\"2025-10-26T18:30:18+00:00\",\"dateModified\":\"2025-10-26T18:30:19+00:00\",\"breadcrumb\":{\"@id\":\"https:\\\/\\\/lasentinelle.dz\\\/index.php\\\/2025\\\/10\\\/26\\\/panorama-du-film-sahraoui-a-la-cinematheque-dalger-quand-le-cinema-se-fait-arme-de-resistance\\\/#breadcrumb\"},\"inLanguage\":\"fr-FR\",\"potentialAction\":[{\"@type\":\"ReadAction\",\"target\":[\"https:\\\/\\\/lasentinelle.dz\\\/index.php\\\/2025\\\/10\\\/26\\\/panorama-du-film-sahraoui-a-la-cinematheque-dalger-quand-le-cinema-se-fait-arme-de-resistance\\\/\"]}]},{\"@type\":\"ImageObject\",\"inLanguage\":\"fr-FR\",\"@id\":\"https:\\\/\\\/lasentinelle.dz\\\/index.php\\\/2025\\\/10\\\/26\\\/panorama-du-film-sahraoui-a-la-cinematheque-dalger-quand-le-cinema-se-fait-arme-de-resistance\\\/#primaryimage\",\"url\":\"https:\\\/\\\/lasentinelle.dz\\\/wp-content\\\/uploads\\\/2025\\\/10\\\/panorama.webp\",\"contentUrl\":\"https:\\\/\\\/lasentinelle.dz\\\/wp-content\\\/uploads\\\/2025\\\/10\\\/panorama.webp\",\"width\":900,\"height\":675},{\"@type\":\"BreadcrumbList\",\"@id\":\"https:\\\/\\\/lasentinelle.dz\\\/index.php\\\/2025\\\/10\\\/26\\\/panorama-du-film-sahraoui-a-la-cinematheque-dalger-quand-le-cinema-se-fait-arme-de-resistance\\\/#breadcrumb\",\"itemListElement\":[{\"@type\":\"ListItem\",\"position\":1,\"name\":\"Accueil\",\"item\":\"https:\\\/\\\/lasentinelle.dz\\\/\"},{\"@type\":\"ListItem\",\"position\":2,\"name\":\"\u00ab\u00a0Panorama du film sahraoui\u00a0\u00bb \u00e0 la Cin\u00e9math\u00e8que d&rsquo;Alger\u00a0: Quand le cin\u00e9ma se fait arme de r\u00e9sistance\"}]},{\"@type\":\"WebSite\",\"@id\":\"https:\\\/\\\/lasentinelle.dz\\\/#website\",\"url\":\"https:\\\/\\\/lasentinelle.dz\\\/\",\"name\":\"La Sentinelle\",\"description\":\"Quotidien national d&#039;information\",\"publisher\":{\"@id\":\"https:\\\/\\\/lasentinelle.dz\\\/#organization\"},\"potentialAction\":[{\"@type\":\"SearchAction\",\"target\":{\"@type\":\"EntryPoint\",\"urlTemplate\":\"https:\\\/\\\/lasentinelle.dz\\\/?s={search_term_string}\"},\"query-input\":{\"@type\":\"PropertyValueSpecification\",\"valueRequired\":true,\"valueName\":\"search_term_string\"}}],\"inLanguage\":\"fr-FR\"},{\"@type\":\"Organization\",\"@id\":\"https:\\\/\\\/lasentinelle.dz\\\/#organization\",\"name\":\"Quotidien La Sentinelle\",\"url\":\"https:\\\/\\\/lasentinelle.dz\\\/\",\"logo\":{\"@type\":\"ImageObject\",\"inLanguage\":\"fr-FR\",\"@id\":\"https:\\\/\\\/lasentinelle.dz\\\/#\\\/schema\\\/logo\\\/image\\\/\",\"url\":\"https:\\\/\\\/lasentinelle.dz\\\/wp-content\\\/uploads\\\/2021\\\/09\\\/logo-sentinelleSLOGAN-1.png\",\"contentUrl\":\"https:\\\/\\\/lasentinelle.dz\\\/wp-content\\\/uploads\\\/2021\\\/09\\\/logo-sentinelleSLOGAN-1.png\",\"width\":615,\"height\":142,\"caption\":\"Quotidien La Sentinelle\"},\"image\":{\"@id\":\"https:\\\/\\\/lasentinelle.dz\\\/#\\\/schema\\\/logo\\\/image\\\/\"},\"sameAs\":[\"https:\\\/\\\/www.facebook.com\\\/La-Sentinelle-104059864394773\"]},{\"@type\":\"Person\",\"@id\":\"https:\\\/\\\/lasentinelle.dz\\\/#\\\/schema\\\/person\\\/729ee0024f24e0b8c5ec17232f8e8b41\",\"name\":\"admin\",\"image\":{\"@type\":\"ImageObject\",\"inLanguage\":\"fr-FR\",\"@id\":\"https:\\\/\\\/secure.gravatar.com\\\/avatar\\\/4c81fed838786e9b53f540bf46533e750f5d292099ae3b66cfc6fb1982e29df7?s=96&d=mm&r=g\",\"url\":\"https:\\\/\\\/secure.gravatar.com\\\/avatar\\\/4c81fed838786e9b53f540bf46533e750f5d292099ae3b66cfc6fb1982e29df7?s=96&d=mm&r=g\",\"contentUrl\":\"https:\\\/\\\/secure.gravatar.com\\\/avatar\\\/4c81fed838786e9b53f540bf46533e750f5d292099ae3b66cfc6fb1982e29df7?s=96&d=mm&r=g\",\"caption\":\"admin\"},\"description\":\"admin\",\"url\":\"https:\\\/\\\/lasentinelle.dz\\\/author\\\/admin\\\/\"}]}<\/script>\n<!-- \/ Yoast SEO plugin. -->","yoast_head_json":{"title":"\u00ab\u00a0Panorama du film sahraoui\u00a0\u00bb \u00e0 la Cin\u00e9math\u00e8que d&rsquo;Alger\u00a0: Quand le cin\u00e9ma se fait arme de r\u00e9sistance - La Sentinelle","robots":{"index":"index","follow":"follow","max-snippet":"max-snippet:-1","max-image-preview":"max-image-preview:large","max-video-preview":"max-video-preview:-1"},"canonical":"https:\/\/lasentinelle.dz\/index.php\/2025\/10\/26\/panorama-du-film-sahraoui-a-la-cinematheque-dalger-quand-le-cinema-se-fait-arme-de-resistance\/","og_locale":"fr_FR","og_type":"article","og_title":"\u00ab\u00a0Panorama du film sahraoui\u00a0\u00bb \u00e0 la Cin\u00e9math\u00e8que d&rsquo;Alger\u00a0: Quand le cin\u00e9ma se fait arme de r\u00e9sistance - La Sentinelle","og_description":"La Cin\u00e9math\u00e8que d&rsquo;Alger a ouvert samedi les portes de la manifestation culturelle \u00ab\u00a0Panorama du film sahraoui\u00a0\u00bb, plac\u00e9e sous le th\u00e8me","og_url":"https:\/\/lasentinelle.dz\/index.php\/2025\/10\/26\/panorama-du-film-sahraoui-a-la-cinematheque-dalger-quand-le-cinema-se-fait-arme-de-resistance\/","og_site_name":"La Sentinelle","article_publisher":"https:\/\/www.facebook.com\/La-Sentinelle-104059864394773","article_published_time":"2025-10-26T18:30:18+00:00","article_modified_time":"2025-10-26T18:30:19+00:00","og_image":[{"width":900,"height":675,"url":"https:\/\/lasentinelle.dz\/wp-content\/uploads\/2025\/10\/panorama.webp","type":"image\/webp"}],"author":"admin","twitter_card":"summary_large_image","twitter_misc":{"\u00c9crit par":"admin","Dur\u00e9e de lecture estim\u00e9e":"3 minutes"},"schema":{"@context":"https:\/\/schema.org","@graph":[{"@type":"Article","@id":"https:\/\/lasentinelle.dz\/index.php\/2025\/10\/26\/panorama-du-film-sahraoui-a-la-cinematheque-dalger-quand-le-cinema-se-fait-arme-de-resistance\/#article","isPartOf":{"@id":"https:\/\/lasentinelle.dz\/index.php\/2025\/10\/26\/panorama-du-film-sahraoui-a-la-cinematheque-dalger-quand-le-cinema-se-fait-arme-de-resistance\/"},"author":{"name":"admin","@id":"https:\/\/lasentinelle.dz\/#\/schema\/person\/729ee0024f24e0b8c5ec17232f8e8b41"},"headline":"\u00ab\u00a0Panorama du film sahraoui\u00a0\u00bb \u00e0 la Cin\u00e9math\u00e8que d&rsquo;Alger\u00a0: Quand le cin\u00e9ma se fait arme de r\u00e9sistance","datePublished":"2025-10-26T18:30:18+00:00","dateModified":"2025-10-26T18:30:19+00:00","mainEntityOfPage":{"@id":"https:\/\/lasentinelle.dz\/index.php\/2025\/10\/26\/panorama-du-film-sahraoui-a-la-cinematheque-dalger-quand-le-cinema-se-fait-arme-de-resistance\/"},"wordCount":621,"commentCount":0,"publisher":{"@id":"https:\/\/lasentinelle.dz\/#organization"},"image":{"@id":"https:\/\/lasentinelle.dz\/index.php\/2025\/10\/26\/panorama-du-film-sahraoui-a-la-cinematheque-dalger-quand-le-cinema-se-fait-arme-de-resistance\/#primaryimage"},"thumbnailUrl":"https:\/\/lasentinelle.dz\/wp-content\/uploads\/2025\/10\/panorama.webp","articleSection":["Culture"],"inLanguage":"fr-FR","potentialAction":[{"@type":"CommentAction","name":"Comment","target":["https:\/\/lasentinelle.dz\/index.php\/2025\/10\/26\/panorama-du-film-sahraoui-a-la-cinematheque-dalger-quand-le-cinema-se-fait-arme-de-resistance\/#respond"]}]},{"@type":"WebPage","@id":"https:\/\/lasentinelle.dz\/index.php\/2025\/10\/26\/panorama-du-film-sahraoui-a-la-cinematheque-dalger-quand-le-cinema-se-fait-arme-de-resistance\/","url":"https:\/\/lasentinelle.dz\/index.php\/2025\/10\/26\/panorama-du-film-sahraoui-a-la-cinematheque-dalger-quand-le-cinema-se-fait-arme-de-resistance\/","name":"\u00ab\u00a0Panorama du film sahraoui\u00a0\u00bb \u00e0 la Cin\u00e9math\u00e8que d&rsquo;Alger\u00a0: Quand le cin\u00e9ma se fait arme de r\u00e9sistance - La Sentinelle","isPartOf":{"@id":"https:\/\/lasentinelle.dz\/#website"},"primaryImageOfPage":{"@id":"https:\/\/lasentinelle.dz\/index.php\/2025\/10\/26\/panorama-du-film-sahraoui-a-la-cinematheque-dalger-quand-le-cinema-se-fait-arme-de-resistance\/#primaryimage"},"image":{"@id":"https:\/\/lasentinelle.dz\/index.php\/2025\/10\/26\/panorama-du-film-sahraoui-a-la-cinematheque-dalger-quand-le-cinema-se-fait-arme-de-resistance\/#primaryimage"},"thumbnailUrl":"https:\/\/lasentinelle.dz\/wp-content\/uploads\/2025\/10\/panorama.webp","datePublished":"2025-10-26T18:30:18+00:00","dateModified":"2025-10-26T18:30:19+00:00","breadcrumb":{"@id":"https:\/\/lasentinelle.dz\/index.php\/2025\/10\/26\/panorama-du-film-sahraoui-a-la-cinematheque-dalger-quand-le-cinema-se-fait-arme-de-resistance\/#breadcrumb"},"inLanguage":"fr-FR","potentialAction":[{"@type":"ReadAction","target":["https:\/\/lasentinelle.dz\/index.php\/2025\/10\/26\/panorama-du-film-sahraoui-a-la-cinematheque-dalger-quand-le-cinema-se-fait-arme-de-resistance\/"]}]},{"@type":"ImageObject","inLanguage":"fr-FR","@id":"https:\/\/lasentinelle.dz\/index.php\/2025\/10\/26\/panorama-du-film-sahraoui-a-la-cinematheque-dalger-quand-le-cinema-se-fait-arme-de-resistance\/#primaryimage","url":"https:\/\/lasentinelle.dz\/wp-content\/uploads\/2025\/10\/panorama.webp","contentUrl":"https:\/\/lasentinelle.dz\/wp-content\/uploads\/2025\/10\/panorama.webp","width":900,"height":675},{"@type":"BreadcrumbList","@id":"https:\/\/lasentinelle.dz\/index.php\/2025\/10\/26\/panorama-du-film-sahraoui-a-la-cinematheque-dalger-quand-le-cinema-se-fait-arme-de-resistance\/#breadcrumb","itemListElement":[{"@type":"ListItem","position":1,"name":"Accueil","item":"https:\/\/lasentinelle.dz\/"},{"@type":"ListItem","position":2,"name":"\u00ab\u00a0Panorama du film sahraoui\u00a0\u00bb \u00e0 la Cin\u00e9math\u00e8que d&rsquo;Alger\u00a0: Quand le cin\u00e9ma se fait arme de r\u00e9sistance"}]},{"@type":"WebSite","@id":"https:\/\/lasentinelle.dz\/#website","url":"https:\/\/lasentinelle.dz\/","name":"La Sentinelle","description":"Quotidien national d&#039;information","publisher":{"@id":"https:\/\/lasentinelle.dz\/#organization"},"potentialAction":[{"@type":"SearchAction","target":{"@type":"EntryPoint","urlTemplate":"https:\/\/lasentinelle.dz\/?s={search_term_string}"},"query-input":{"@type":"PropertyValueSpecification","valueRequired":true,"valueName":"search_term_string"}}],"inLanguage":"fr-FR"},{"@type":"Organization","@id":"https:\/\/lasentinelle.dz\/#organization","name":"Quotidien La Sentinelle","url":"https:\/\/lasentinelle.dz\/","logo":{"@type":"ImageObject","inLanguage":"fr-FR","@id":"https:\/\/lasentinelle.dz\/#\/schema\/logo\/image\/","url":"https:\/\/lasentinelle.dz\/wp-content\/uploads\/2021\/09\/logo-sentinelleSLOGAN-1.png","contentUrl":"https:\/\/lasentinelle.dz\/wp-content\/uploads\/2021\/09\/logo-sentinelleSLOGAN-1.png","width":615,"height":142,"caption":"Quotidien La Sentinelle"},"image":{"@id":"https:\/\/lasentinelle.dz\/#\/schema\/logo\/image\/"},"sameAs":["https:\/\/www.facebook.com\/La-Sentinelle-104059864394773"]},{"@type":"Person","@id":"https:\/\/lasentinelle.dz\/#\/schema\/person\/729ee0024f24e0b8c5ec17232f8e8b41","name":"admin","image":{"@type":"ImageObject","inLanguage":"fr-FR","@id":"https:\/\/secure.gravatar.com\/avatar\/4c81fed838786e9b53f540bf46533e750f5d292099ae3b66cfc6fb1982e29df7?s=96&d=mm&r=g","url":"https:\/\/secure.gravatar.com\/avatar\/4c81fed838786e9b53f540bf46533e750f5d292099ae3b66cfc6fb1982e29df7?s=96&d=mm&r=g","contentUrl":"https:\/\/secure.gravatar.com\/avatar\/4c81fed838786e9b53f540bf46533e750f5d292099ae3b66cfc6fb1982e29df7?s=96&d=mm&r=g","caption":"admin"},"description":"admin","url":"https:\/\/lasentinelle.dz\/author\/admin\/"}]}},"_links":{"self":[{"href":"https:\/\/lasentinelle.dz\/index.php\/wp-json\/wp\/v2\/posts\/75297","targetHints":{"allow":["GET"]}}],"collection":[{"href":"https:\/\/lasentinelle.dz\/index.php\/wp-json\/wp\/v2\/posts"}],"about":[{"href":"https:\/\/lasentinelle.dz\/index.php\/wp-json\/wp\/v2\/types\/post"}],"author":[{"embeddable":true,"href":"https:\/\/lasentinelle.dz\/index.php\/wp-json\/wp\/v2\/users\/6"}],"replies":[{"embeddable":true,"href":"https:\/\/lasentinelle.dz\/index.php\/wp-json\/wp\/v2\/comments?post=75297"}],"version-history":[{"count":2,"href":"https:\/\/lasentinelle.dz\/index.php\/wp-json\/wp\/v2\/posts\/75297\/revisions"}],"predecessor-version":[{"id":75300,"href":"https:\/\/lasentinelle.dz\/index.php\/wp-json\/wp\/v2\/posts\/75297\/revisions\/75300"}],"wp:featuredmedia":[{"embeddable":true,"href":"https:\/\/lasentinelle.dz\/index.php\/wp-json\/wp\/v2\/media\/75298"}],"wp:attachment":[{"href":"https:\/\/lasentinelle.dz\/index.php\/wp-json\/wp\/v2\/media?parent=75297"}],"wp:term":[{"taxonomy":"category","embeddable":true,"href":"https:\/\/lasentinelle.dz\/index.php\/wp-json\/wp\/v2\/categories?post=75297"},{"taxonomy":"post_tag","embeddable":true,"href":"https:\/\/lasentinelle.dz\/index.php\/wp-json\/wp\/v2\/tags?post=75297"}],"curies":[{"name":"wp","href":"https:\/\/api.w.org\/{rel}","templated":true}]}}