{"id":75301,"date":"2025-10-26T19:31:35","date_gmt":"2025-10-26T18:31:35","guid":{"rendered":"https:\/\/lasentinelle.dz\/?p=75301"},"modified":"2025-10-26T19:31:36","modified_gmt":"2025-10-26T18:31:36","slug":"bantu-film-festival-2025-triple-consecration-pour-tayara-safra","status":"publish","type":"post","link":"https:\/\/lasentinelle.dz\/index.php\/2025\/10\/26\/bantu-film-festival-2025-triple-consecration-pour-tayara-safra\/","title":{"rendered":"Bantu Film Festival 2025\u00a0: Triple cons\u00e9cration pour \u00ab\u00a0Tayara Safra\u00a0\u00bb"},"content":{"rendered":"\n<p>Le court-m\u00e9trage d&rsquo;Hadjer Sebata rafle trois prix au Bantu Film Festival 2025.<\/p>\n\n\n\n<p>Le film alg\u00e9rien \u00ab\u00a0Tayara Safra\u00a0\u00bb (L&rsquo;Avion jaune) de la r\u00e9alisatrice Hadjer Sebata a remport\u00e9 trois prix majeurs au Bantu Film Festival 2025 au Botswana : meilleur court-m\u00e9trage, meilleure photographie et meilleurs costumes et maquillage, confirmant le retour en force du cin\u00e9ma alg\u00e9rien sur les sc\u00e8nes africaine et internationale. Ce triple couronnement marque bien plus qu&rsquo;un succ\u00e8s artistique passager. Il t\u00e9moigne de la maturit\u00e9 d&rsquo;une nouvelle g\u00e9n\u00e9ration de cin\u00e9astes alg\u00e9riens qui affirme une voix singuli\u00e8re dans le paysage cin\u00e9matographique mondial. \u00ab\u00a0Tayara Safra\u00a0\u00bb transcende le simple exercice cin\u00e9matographique pour devenir un cri esth\u00e9tique et humaniste qui s&rsquo;envole des cendres de l&rsquo;histoire vers les espaces de libert\u00e9 et de dignit\u00e9. L&rsquo;\u0153uvre r\u00e9sonne parfaitement avec la th\u00e9matique du festival, consacr\u00e9e \u00e0 la \u00ab\u00a0d\u00e9construction du colonialisme dans le r\u00e9cit du cin\u00e9ma africain\u00a0\u00bb. Hadjer Sebata propose un traitement visuel raffin\u00e9 o\u00f9 se croisent m\u00e9moire, identit\u00e9 et r\u00e9sistance. Le film r\u00e9ussit \u00e0 r\u00e9investir la m\u00e9moire alg\u00e9rienne \u00e0 travers le personnage d&rsquo;une femme qui a port\u00e9 la patrie dans son c\u0153ur et affront\u00e9 le colonialisme avec patience, foi et d\u00e9termination, demeurant t\u00e9moin de la renaissance et de l&rsquo;\u00e9ternit\u00e9 nationale. Sur le plan symbolique, \u00a0\u00bb Tayara Safra\u00a0\u00bb convoque ce r\u00eave collectif qui a toujours anim\u00e9 la conscience alg\u00e9rienne : le r\u00eave d&rsquo;\u00e9mancipation de toute contrainte mat\u00e9rielle ou symbolique, l&rsquo;\u00e9l\u00e9vation de la dignit\u00e9 nationale au rang de l&rsquo;\u00e9ternit\u00e9. Cette vision se d\u00e9ploie dans un langage cin\u00e9matographique impr\u00e9gn\u00e9 de symbolisme, s&rsquo;appuyant sur l&rsquo;esth\u00e9tique de la lumi\u00e8re et de l&rsquo;ombre, l&rsquo;\u00e9quilibre du rythme et l&rsquo;authenticit\u00e9 de l&rsquo;interpr\u00e9tation, faisant parler l&rsquo;image avant les mots.<\/p>\n\n\n\n<p>Le film s&rsquo;inspire d&rsquo;un chant r\u00e9volutionnaire embl\u00e9matique du patrimoine alg\u00e9rien et met en lumi\u00e8re le combat m\u00e9connu des femmes alg\u00e9riennes face au colonialisme fran\u00e7ais. Au c\u0153ur du r\u00e9cit, Djamila, jeune Alg\u00e9rienne endeuill\u00e9e par la perte de son fr\u00e8re durant la guerre de lib\u00e9ration nationale, voit son deuil se muer en r\u00e9sistance, dans un voyage cin\u00e9matographique o\u00f9 se m\u00ealent r\u00e9alit\u00e9 historique et envol\u00e9es po\u00e9tiques. Combattantes sur le terrain ou piliers silencieux de la soci\u00e9t\u00e9, ces figures f\u00e9minines incarnent la m\u00e9moire collective d&rsquo;une nation en lutte pour son \u00e9mancipation. \u00ab\u00a0Ce film continue de s&rsquo;\u00e9lever, portant la m\u00e9moire d&rsquo;une nation et l&rsquo;identit\u00e9 d&rsquo;un cin\u00e9ma alg\u00e9rien qui tisse ses r\u00e9cits \u00e0 partir de la douleur de la m\u00e9moire et de la beaut\u00e9 de la r\u00e9sistance\u00a0\u00bb, confie la r\u00e9alisatrice. Pour elle, participer \u00e0 des festivals internationaux repr\u00e9sente \u00ab\u00a0une responsabilit\u00e9 accrue et un message artistique profond qui refl\u00e8te la capacit\u00e9 du cin\u00e9ma alg\u00e9rien \u00e0 porter ses histoires vers le monde\u00a0\u00bb. Elle conclut avec \u00e9motion : \u00ab\u00a0Ce film est un hommage \u00e0 toutes les femmes alg\u00e9riennes qui ont \u00e9crit un chapitre de la libert\u00e9, par leur sang, leur patience ou leur voix qui n&rsquo;a cess\u00e9 de raconter l&rsquo;histoire de la patrie.\u00a0\u00bb<\/p>\n\n\n\n<p>Soutenu par le minist\u00e8re de la Culture et des Arts \u00e0 travers le Centre Alg\u00e9rien de D\u00e9veloppement du Cin\u00e9ma (CADC), ce projet d\u00e9montre que le nouveau cin\u00e9ma alg\u00e9rien est capable de retrouver son r\u00f4le de pionnier lorsque le professionnalisme technique rencontre la passion cr\u00e9ative et la foi dans la mission de l&rsquo;art. Les trois r\u00e9compenses obtenues au Botswana s&rsquo;ajoutent \u00e0 un palmar\u00e8s d\u00e9j\u00e0 impressionnant, puisque \u00ab\u00a0Tayara Safra\u00a0\u00bb avait \u00e9t\u00e9 couronn\u00e9e meilleure fiction court et moyen m\u00e9trage \u00e0 la 41\u1d49 \u00e9dition du prestigieux Festival Vues d&rsquo;Afrique de Montr\u00e9al, le jury saluant \u00ab\u00a0l&rsquo;alternance r\u00e9ussie entre le pass\u00e9 et le pr\u00e9sent, un choix esth\u00e9tique tr\u00e8s original, une grande ma\u00eetrise des aspects techniques, ainsi qu&rsquo;un cadre et un d\u00e9cor d&rsquo;une justesse rare\u00a0\u00bb. Cette reconnaissance ne constitue pas seulement un hommage \u00e0 l&rsquo;excellence d&rsquo;un film ou d&rsquo;une \u00e9quipe, mais consacre l&rsquo;\u00e9mergence d&rsquo;un parcours esth\u00e9tique nouveau dans le cin\u00e9ma alg\u00e9rien, un parcours qui red\u00e9finit la relation entre l&rsquo;art et l&rsquo;identit\u00e9, entre la m\u00e9moire et l&rsquo;image, entre l&rsquo;humain et le r\u00eave.<\/p>\n\n\n\n<p>Mohand Seghir<\/p>\n","protected":false},"excerpt":{"rendered":"<p>Le court-m\u00e9trage d&rsquo;Hadjer Sebata rafle trois prix au Bantu Film Festival 2025. Le film alg\u00e9rien \u00ab\u00a0Tayara Safra\u00a0\u00bb (L&rsquo;Avion jaune) de<\/p>\n","protected":false},"author":6,"featured_media":49231,"comment_status":"open","ping_status":"closed","sticky":false,"template":"","format":"standard","meta":{"colormag_page_container_layout":"default_layout","colormag_page_sidebar_layout":"default_layout","om_disable_all_campaigns":false,"_monsterinsights_skip_tracking":false,"_monsterinsights_sitenote_active":false,"_monsterinsights_sitenote_note":"","_monsterinsights_sitenote_category":0,"footnotes":"","_wpscppro_dont_share_socialmedia":false,"_wpscppro_custom_social_share_image":0,"_facebook_share_type":"default","_twitter_share_type":"default","_linkedin_share_type":"default","_pinterest_share_type":"default","_linkedin_share_type_page":"","_instagram_share_type":"default","_medium_share_type":"default","_threads_share_type":"default","_google_business_share_type":"default","_selected_social_profile":[],"_wpsp_enable_custom_social_template":false,"_wpsp_social_scheduling":{"enabled":false,"datetime":null,"platforms":[],"status":"template_only","dateOption":"today","timeOption":"now","customDays":"","customHours":"","customDate":"","customTime":"","schedulingType":"absolute"},"_wpsp_active_default_template":true},"categories":[36],"tags":[],"class_list":["post-75301","post","type-post","status-publish","format-standard","has-post-thumbnail","hentry","category-culture"],"aioseo_notices":[],"yoast_head":"<!-- This site is optimized with the Yoast SEO plugin v27.5 - https:\/\/yoast.com\/product\/yoast-seo-wordpress\/ -->\n<title>Bantu Film Festival 2025\u00a0: Triple cons\u00e9cration pour \u00ab\u00a0Tayara Safra\u00a0\u00bb - La Sentinelle<\/title>\n<meta name=\"robots\" content=\"index, follow, max-snippet:-1, max-image-preview:large, max-video-preview:-1\" \/>\n<link rel=\"canonical\" href=\"https:\/\/lasentinelle.dz\/index.php\/2025\/10\/26\/bantu-film-festival-2025-triple-consecration-pour-tayara-safra\/\" \/>\n<meta property=\"og:locale\" content=\"fr_FR\" \/>\n<meta property=\"og:type\" content=\"article\" \/>\n<meta property=\"og:title\" content=\"Bantu Film Festival 2025\u00a0: Triple cons\u00e9cration pour \u00ab\u00a0Tayara Safra\u00a0\u00bb - La Sentinelle\" \/>\n<meta property=\"og:description\" content=\"Le court-m\u00e9trage d&rsquo;Hadjer Sebata rafle trois prix au Bantu Film Festival 2025. Le film alg\u00e9rien \u00ab\u00a0Tayara Safra\u00a0\u00bb (L&rsquo;Avion jaune) de\" \/>\n<meta property=\"og:url\" content=\"https:\/\/lasentinelle.dz\/index.php\/2025\/10\/26\/bantu-film-festival-2025-triple-consecration-pour-tayara-safra\/\" \/>\n<meta property=\"og:site_name\" content=\"La Sentinelle\" \/>\n<meta property=\"article:publisher\" content=\"https:\/\/www.facebook.com\/La-Sentinelle-104059864394773\" \/>\n<meta property=\"article:published_time\" content=\"2025-10-26T18:31:35+00:00\" \/>\n<meta property=\"article:modified_time\" content=\"2025-10-26T18:31:36+00:00\" \/>\n<meta property=\"og:image\" content=\"https:\/\/lasentinelle.dz\/wp-content\/uploads\/2024\/02\/Tayara-Safra-.png\" \/>\n\t<meta property=\"og:image:width\" content=\"586\" \/>\n\t<meta property=\"og:image:height\" content=\"446\" \/>\n\t<meta property=\"og:image:type\" content=\"image\/png\" \/>\n<meta name=\"author\" content=\"admin\" \/>\n<meta name=\"twitter:card\" content=\"summary_large_image\" \/>\n<meta name=\"twitter:label1\" content=\"\u00c9crit par\" \/>\n\t<meta name=\"twitter:data1\" content=\"admin\" \/>\n\t<meta name=\"twitter:label2\" content=\"Dur\u00e9e de lecture estim\u00e9e\" \/>\n\t<meta name=\"twitter:data2\" content=\"4 minutes\" \/>\n<script type=\"application\/ld+json\" class=\"yoast-schema-graph\">{\"@context\":\"https:\\\/\\\/schema.org\",\"@graph\":[{\"@type\":\"Article\",\"@id\":\"https:\\\/\\\/lasentinelle.dz\\\/index.php\\\/2025\\\/10\\\/26\\\/bantu-film-festival-2025-triple-consecration-pour-tayara-safra\\\/#article\",\"isPartOf\":{\"@id\":\"https:\\\/\\\/lasentinelle.dz\\\/index.php\\\/2025\\\/10\\\/26\\\/bantu-film-festival-2025-triple-consecration-pour-tayara-safra\\\/\"},\"author\":{\"name\":\"admin\",\"@id\":\"https:\\\/\\\/lasentinelle.dz\\\/#\\\/schema\\\/person\\\/729ee0024f24e0b8c5ec17232f8e8b41\"},\"headline\":\"Bantu Film Festival 2025\u00a0: Triple cons\u00e9cration pour \u00ab\u00a0Tayara Safra\u00a0\u00bb\",\"datePublished\":\"2025-10-26T18:31:35+00:00\",\"dateModified\":\"2025-10-26T18:31:36+00:00\",\"mainEntityOfPage\":{\"@id\":\"https:\\\/\\\/lasentinelle.dz\\\/index.php\\\/2025\\\/10\\\/26\\\/bantu-film-festival-2025-triple-consecration-pour-tayara-safra\\\/\"},\"wordCount\":761,\"commentCount\":0,\"publisher\":{\"@id\":\"https:\\\/\\\/lasentinelle.dz\\\/#organization\"},\"image\":{\"@id\":\"https:\\\/\\\/lasentinelle.dz\\\/index.php\\\/2025\\\/10\\\/26\\\/bantu-film-festival-2025-triple-consecration-pour-tayara-safra\\\/#primaryimage\"},\"thumbnailUrl\":\"https:\\\/\\\/lasentinelle.dz\\\/wp-content\\\/uploads\\\/2024\\\/02\\\/Tayara-Safra-.png\",\"articleSection\":[\"Culture\"],\"inLanguage\":\"fr-FR\",\"potentialAction\":[{\"@type\":\"CommentAction\",\"name\":\"Comment\",\"target\":[\"https:\\\/\\\/lasentinelle.dz\\\/index.php\\\/2025\\\/10\\\/26\\\/bantu-film-festival-2025-triple-consecration-pour-tayara-safra\\\/#respond\"]}]},{\"@type\":\"WebPage\",\"@id\":\"https:\\\/\\\/lasentinelle.dz\\\/index.php\\\/2025\\\/10\\\/26\\\/bantu-film-festival-2025-triple-consecration-pour-tayara-safra\\\/\",\"url\":\"https:\\\/\\\/lasentinelle.dz\\\/index.php\\\/2025\\\/10\\\/26\\\/bantu-film-festival-2025-triple-consecration-pour-tayara-safra\\\/\",\"name\":\"Bantu Film Festival 2025\u00a0: Triple cons\u00e9cration pour \u00ab\u00a0Tayara Safra\u00a0\u00bb - La Sentinelle\",\"isPartOf\":{\"@id\":\"https:\\\/\\\/lasentinelle.dz\\\/#website\"},\"primaryImageOfPage\":{\"@id\":\"https:\\\/\\\/lasentinelle.dz\\\/index.php\\\/2025\\\/10\\\/26\\\/bantu-film-festival-2025-triple-consecration-pour-tayara-safra\\\/#primaryimage\"},\"image\":{\"@id\":\"https:\\\/\\\/lasentinelle.dz\\\/index.php\\\/2025\\\/10\\\/26\\\/bantu-film-festival-2025-triple-consecration-pour-tayara-safra\\\/#primaryimage\"},\"thumbnailUrl\":\"https:\\\/\\\/lasentinelle.dz\\\/wp-content\\\/uploads\\\/2024\\\/02\\\/Tayara-Safra-.png\",\"datePublished\":\"2025-10-26T18:31:35+00:00\",\"dateModified\":\"2025-10-26T18:31:36+00:00\",\"breadcrumb\":{\"@id\":\"https:\\\/\\\/lasentinelle.dz\\\/index.php\\\/2025\\\/10\\\/26\\\/bantu-film-festival-2025-triple-consecration-pour-tayara-safra\\\/#breadcrumb\"},\"inLanguage\":\"fr-FR\",\"potentialAction\":[{\"@type\":\"ReadAction\",\"target\":[\"https:\\\/\\\/lasentinelle.dz\\\/index.php\\\/2025\\\/10\\\/26\\\/bantu-film-festival-2025-triple-consecration-pour-tayara-safra\\\/\"]}]},{\"@type\":\"ImageObject\",\"inLanguage\":\"fr-FR\",\"@id\":\"https:\\\/\\\/lasentinelle.dz\\\/index.php\\\/2025\\\/10\\\/26\\\/bantu-film-festival-2025-triple-consecration-pour-tayara-safra\\\/#primaryimage\",\"url\":\"https:\\\/\\\/lasentinelle.dz\\\/wp-content\\\/uploads\\\/2024\\\/02\\\/Tayara-Safra-.png\",\"contentUrl\":\"https:\\\/\\\/lasentinelle.dz\\\/wp-content\\\/uploads\\\/2024\\\/02\\\/Tayara-Safra-.png\",\"width\":586,\"height\":446},{\"@type\":\"BreadcrumbList\",\"@id\":\"https:\\\/\\\/lasentinelle.dz\\\/index.php\\\/2025\\\/10\\\/26\\\/bantu-film-festival-2025-triple-consecration-pour-tayara-safra\\\/#breadcrumb\",\"itemListElement\":[{\"@type\":\"ListItem\",\"position\":1,\"name\":\"Accueil\",\"item\":\"https:\\\/\\\/lasentinelle.dz\\\/\"},{\"@type\":\"ListItem\",\"position\":2,\"name\":\"Bantu Film Festival 2025\u00a0: Triple cons\u00e9cration pour \u00ab\u00a0Tayara Safra\u00a0\u00bb\"}]},{\"@type\":\"WebSite\",\"@id\":\"https:\\\/\\\/lasentinelle.dz\\\/#website\",\"url\":\"https:\\\/\\\/lasentinelle.dz\\\/\",\"name\":\"La Sentinelle\",\"description\":\"Quotidien national d&#039;information\",\"publisher\":{\"@id\":\"https:\\\/\\\/lasentinelle.dz\\\/#organization\"},\"potentialAction\":[{\"@type\":\"SearchAction\",\"target\":{\"@type\":\"EntryPoint\",\"urlTemplate\":\"https:\\\/\\\/lasentinelle.dz\\\/?s={search_term_string}\"},\"query-input\":{\"@type\":\"PropertyValueSpecification\",\"valueRequired\":true,\"valueName\":\"search_term_string\"}}],\"inLanguage\":\"fr-FR\"},{\"@type\":\"Organization\",\"@id\":\"https:\\\/\\\/lasentinelle.dz\\\/#organization\",\"name\":\"Quotidien La Sentinelle\",\"url\":\"https:\\\/\\\/lasentinelle.dz\\\/\",\"logo\":{\"@type\":\"ImageObject\",\"inLanguage\":\"fr-FR\",\"@id\":\"https:\\\/\\\/lasentinelle.dz\\\/#\\\/schema\\\/logo\\\/image\\\/\",\"url\":\"https:\\\/\\\/lasentinelle.dz\\\/wp-content\\\/uploads\\\/2021\\\/09\\\/logo-sentinelleSLOGAN-1.png\",\"contentUrl\":\"https:\\\/\\\/lasentinelle.dz\\\/wp-content\\\/uploads\\\/2021\\\/09\\\/logo-sentinelleSLOGAN-1.png\",\"width\":615,\"height\":142,\"caption\":\"Quotidien La Sentinelle\"},\"image\":{\"@id\":\"https:\\\/\\\/lasentinelle.dz\\\/#\\\/schema\\\/logo\\\/image\\\/\"},\"sameAs\":[\"https:\\\/\\\/www.facebook.com\\\/La-Sentinelle-104059864394773\"]},{\"@type\":\"Person\",\"@id\":\"https:\\\/\\\/lasentinelle.dz\\\/#\\\/schema\\\/person\\\/729ee0024f24e0b8c5ec17232f8e8b41\",\"name\":\"admin\",\"image\":{\"@type\":\"ImageObject\",\"inLanguage\":\"fr-FR\",\"@id\":\"https:\\\/\\\/secure.gravatar.com\\\/avatar\\\/4c81fed838786e9b53f540bf46533e750f5d292099ae3b66cfc6fb1982e29df7?s=96&d=mm&r=g\",\"url\":\"https:\\\/\\\/secure.gravatar.com\\\/avatar\\\/4c81fed838786e9b53f540bf46533e750f5d292099ae3b66cfc6fb1982e29df7?s=96&d=mm&r=g\",\"contentUrl\":\"https:\\\/\\\/secure.gravatar.com\\\/avatar\\\/4c81fed838786e9b53f540bf46533e750f5d292099ae3b66cfc6fb1982e29df7?s=96&d=mm&r=g\",\"caption\":\"admin\"},\"description\":\"admin\",\"url\":\"https:\\\/\\\/lasentinelle.dz\\\/author\\\/admin\\\/\"}]}<\/script>\n<!-- \/ Yoast SEO plugin. -->","yoast_head_json":{"title":"Bantu Film Festival 2025\u00a0: Triple cons\u00e9cration pour \u00ab\u00a0Tayara Safra\u00a0\u00bb - La Sentinelle","robots":{"index":"index","follow":"follow","max-snippet":"max-snippet:-1","max-image-preview":"max-image-preview:large","max-video-preview":"max-video-preview:-1"},"canonical":"https:\/\/lasentinelle.dz\/index.php\/2025\/10\/26\/bantu-film-festival-2025-triple-consecration-pour-tayara-safra\/","og_locale":"fr_FR","og_type":"article","og_title":"Bantu Film Festival 2025\u00a0: Triple cons\u00e9cration pour \u00ab\u00a0Tayara Safra\u00a0\u00bb - La Sentinelle","og_description":"Le court-m\u00e9trage d&rsquo;Hadjer Sebata rafle trois prix au Bantu Film Festival 2025. Le film alg\u00e9rien \u00ab\u00a0Tayara Safra\u00a0\u00bb (L&rsquo;Avion jaune) de","og_url":"https:\/\/lasentinelle.dz\/index.php\/2025\/10\/26\/bantu-film-festival-2025-triple-consecration-pour-tayara-safra\/","og_site_name":"La Sentinelle","article_publisher":"https:\/\/www.facebook.com\/La-Sentinelle-104059864394773","article_published_time":"2025-10-26T18:31:35+00:00","article_modified_time":"2025-10-26T18:31:36+00:00","og_image":[{"width":586,"height":446,"url":"https:\/\/lasentinelle.dz\/wp-content\/uploads\/2024\/02\/Tayara-Safra-.png","type":"image\/png"}],"author":"admin","twitter_card":"summary_large_image","twitter_misc":{"\u00c9crit par":"admin","Dur\u00e9e de lecture estim\u00e9e":"4 minutes"},"schema":{"@context":"https:\/\/schema.org","@graph":[{"@type":"Article","@id":"https:\/\/lasentinelle.dz\/index.php\/2025\/10\/26\/bantu-film-festival-2025-triple-consecration-pour-tayara-safra\/#article","isPartOf":{"@id":"https:\/\/lasentinelle.dz\/index.php\/2025\/10\/26\/bantu-film-festival-2025-triple-consecration-pour-tayara-safra\/"},"author":{"name":"admin","@id":"https:\/\/lasentinelle.dz\/#\/schema\/person\/729ee0024f24e0b8c5ec17232f8e8b41"},"headline":"Bantu Film Festival 2025\u00a0: Triple cons\u00e9cration pour \u00ab\u00a0Tayara Safra\u00a0\u00bb","datePublished":"2025-10-26T18:31:35+00:00","dateModified":"2025-10-26T18:31:36+00:00","mainEntityOfPage":{"@id":"https:\/\/lasentinelle.dz\/index.php\/2025\/10\/26\/bantu-film-festival-2025-triple-consecration-pour-tayara-safra\/"},"wordCount":761,"commentCount":0,"publisher":{"@id":"https:\/\/lasentinelle.dz\/#organization"},"image":{"@id":"https:\/\/lasentinelle.dz\/index.php\/2025\/10\/26\/bantu-film-festival-2025-triple-consecration-pour-tayara-safra\/#primaryimage"},"thumbnailUrl":"https:\/\/lasentinelle.dz\/wp-content\/uploads\/2024\/02\/Tayara-Safra-.png","articleSection":["Culture"],"inLanguage":"fr-FR","potentialAction":[{"@type":"CommentAction","name":"Comment","target":["https:\/\/lasentinelle.dz\/index.php\/2025\/10\/26\/bantu-film-festival-2025-triple-consecration-pour-tayara-safra\/#respond"]}]},{"@type":"WebPage","@id":"https:\/\/lasentinelle.dz\/index.php\/2025\/10\/26\/bantu-film-festival-2025-triple-consecration-pour-tayara-safra\/","url":"https:\/\/lasentinelle.dz\/index.php\/2025\/10\/26\/bantu-film-festival-2025-triple-consecration-pour-tayara-safra\/","name":"Bantu Film Festival 2025\u00a0: Triple cons\u00e9cration pour \u00ab\u00a0Tayara Safra\u00a0\u00bb - La Sentinelle","isPartOf":{"@id":"https:\/\/lasentinelle.dz\/#website"},"primaryImageOfPage":{"@id":"https:\/\/lasentinelle.dz\/index.php\/2025\/10\/26\/bantu-film-festival-2025-triple-consecration-pour-tayara-safra\/#primaryimage"},"image":{"@id":"https:\/\/lasentinelle.dz\/index.php\/2025\/10\/26\/bantu-film-festival-2025-triple-consecration-pour-tayara-safra\/#primaryimage"},"thumbnailUrl":"https:\/\/lasentinelle.dz\/wp-content\/uploads\/2024\/02\/Tayara-Safra-.png","datePublished":"2025-10-26T18:31:35+00:00","dateModified":"2025-10-26T18:31:36+00:00","breadcrumb":{"@id":"https:\/\/lasentinelle.dz\/index.php\/2025\/10\/26\/bantu-film-festival-2025-triple-consecration-pour-tayara-safra\/#breadcrumb"},"inLanguage":"fr-FR","potentialAction":[{"@type":"ReadAction","target":["https:\/\/lasentinelle.dz\/index.php\/2025\/10\/26\/bantu-film-festival-2025-triple-consecration-pour-tayara-safra\/"]}]},{"@type":"ImageObject","inLanguage":"fr-FR","@id":"https:\/\/lasentinelle.dz\/index.php\/2025\/10\/26\/bantu-film-festival-2025-triple-consecration-pour-tayara-safra\/#primaryimage","url":"https:\/\/lasentinelle.dz\/wp-content\/uploads\/2024\/02\/Tayara-Safra-.png","contentUrl":"https:\/\/lasentinelle.dz\/wp-content\/uploads\/2024\/02\/Tayara-Safra-.png","width":586,"height":446},{"@type":"BreadcrumbList","@id":"https:\/\/lasentinelle.dz\/index.php\/2025\/10\/26\/bantu-film-festival-2025-triple-consecration-pour-tayara-safra\/#breadcrumb","itemListElement":[{"@type":"ListItem","position":1,"name":"Accueil","item":"https:\/\/lasentinelle.dz\/"},{"@type":"ListItem","position":2,"name":"Bantu Film Festival 2025\u00a0: Triple cons\u00e9cration pour \u00ab\u00a0Tayara Safra\u00a0\u00bb"}]},{"@type":"WebSite","@id":"https:\/\/lasentinelle.dz\/#website","url":"https:\/\/lasentinelle.dz\/","name":"La Sentinelle","description":"Quotidien national d&#039;information","publisher":{"@id":"https:\/\/lasentinelle.dz\/#organization"},"potentialAction":[{"@type":"SearchAction","target":{"@type":"EntryPoint","urlTemplate":"https:\/\/lasentinelle.dz\/?s={search_term_string}"},"query-input":{"@type":"PropertyValueSpecification","valueRequired":true,"valueName":"search_term_string"}}],"inLanguage":"fr-FR"},{"@type":"Organization","@id":"https:\/\/lasentinelle.dz\/#organization","name":"Quotidien La Sentinelle","url":"https:\/\/lasentinelle.dz\/","logo":{"@type":"ImageObject","inLanguage":"fr-FR","@id":"https:\/\/lasentinelle.dz\/#\/schema\/logo\/image\/","url":"https:\/\/lasentinelle.dz\/wp-content\/uploads\/2021\/09\/logo-sentinelleSLOGAN-1.png","contentUrl":"https:\/\/lasentinelle.dz\/wp-content\/uploads\/2021\/09\/logo-sentinelleSLOGAN-1.png","width":615,"height":142,"caption":"Quotidien La Sentinelle"},"image":{"@id":"https:\/\/lasentinelle.dz\/#\/schema\/logo\/image\/"},"sameAs":["https:\/\/www.facebook.com\/La-Sentinelle-104059864394773"]},{"@type":"Person","@id":"https:\/\/lasentinelle.dz\/#\/schema\/person\/729ee0024f24e0b8c5ec17232f8e8b41","name":"admin","image":{"@type":"ImageObject","inLanguage":"fr-FR","@id":"https:\/\/secure.gravatar.com\/avatar\/4c81fed838786e9b53f540bf46533e750f5d292099ae3b66cfc6fb1982e29df7?s=96&d=mm&r=g","url":"https:\/\/secure.gravatar.com\/avatar\/4c81fed838786e9b53f540bf46533e750f5d292099ae3b66cfc6fb1982e29df7?s=96&d=mm&r=g","contentUrl":"https:\/\/secure.gravatar.com\/avatar\/4c81fed838786e9b53f540bf46533e750f5d292099ae3b66cfc6fb1982e29df7?s=96&d=mm&r=g","caption":"admin"},"description":"admin","url":"https:\/\/lasentinelle.dz\/author\/admin\/"}]}},"_links":{"self":[{"href":"https:\/\/lasentinelle.dz\/index.php\/wp-json\/wp\/v2\/posts\/75301","targetHints":{"allow":["GET"]}}],"collection":[{"href":"https:\/\/lasentinelle.dz\/index.php\/wp-json\/wp\/v2\/posts"}],"about":[{"href":"https:\/\/lasentinelle.dz\/index.php\/wp-json\/wp\/v2\/types\/post"}],"author":[{"embeddable":true,"href":"https:\/\/lasentinelle.dz\/index.php\/wp-json\/wp\/v2\/users\/6"}],"replies":[{"embeddable":true,"href":"https:\/\/lasentinelle.dz\/index.php\/wp-json\/wp\/v2\/comments?post=75301"}],"version-history":[{"count":2,"href":"https:\/\/lasentinelle.dz\/index.php\/wp-json\/wp\/v2\/posts\/75301\/revisions"}],"predecessor-version":[{"id":75303,"href":"https:\/\/lasentinelle.dz\/index.php\/wp-json\/wp\/v2\/posts\/75301\/revisions\/75303"}],"wp:featuredmedia":[{"embeddable":true,"href":"https:\/\/lasentinelle.dz\/index.php\/wp-json\/wp\/v2\/media\/49231"}],"wp:attachment":[{"href":"https:\/\/lasentinelle.dz\/index.php\/wp-json\/wp\/v2\/media?parent=75301"}],"wp:term":[{"taxonomy":"category","embeddable":true,"href":"https:\/\/lasentinelle.dz\/index.php\/wp-json\/wp\/v2\/categories?post=75301"},{"taxonomy":"post_tag","embeddable":true,"href":"https:\/\/lasentinelle.dz\/index.php\/wp-json\/wp\/v2\/tags?post=75301"}],"curies":[{"name":"wp","href":"https:\/\/api.w.org\/{rel}","templated":true}]}}