{"id":75304,"date":"2025-10-26T19:42:25","date_gmt":"2025-10-26T18:42:25","guid":{"rendered":"https:\/\/lasentinelle.dz\/?p=75304"},"modified":"2025-10-26T19:42:25","modified_gmt":"2025-10-26T18:42:25","slug":"sport-scolaire-un-engagement-au-service-de-la-formation-des-champions-de-demain","status":"publish","type":"post","link":"https:\/\/lasentinelle.dz\/index.php\/2025\/10\/26\/sport-scolaire-un-engagement-au-service-de-la-formation-des-champions-de-demain\/","title":{"rendered":"Sport scolaire\u00a0: Un engagement au service de la formation des champions de demain"},"content":{"rendered":"\n<p>Le ministre de l&rsquo;\u00c9ducation nationale, Mohamed Seghir Sa\u00e2daoui, et le ministre des Sports, Walid Sadi, ont lanc\u00e9 samedi \u00e0 Ouargla la nouvelle saison sportive scolaire 2025-2026, plac\u00e9e sous le signe \u00ab\u00a0Nos champions dans nos \u00e9coles\u00a0\u00bb. Cette c\u00e9r\u00e9monie, organis\u00e9e au complexe sportif Moudjahid Abdelkrim Bouzegueg, consacre la volont\u00e9 des pouvoirs publics de faire du sport scolaire un pilier fondamental de l&rsquo;\u00e9ducation et un vivier pour les talents sportifs de demain. Lors de son intervention devant un parterre compos\u00e9 de responsables locaux, de cadres de l&rsquo;\u00e9ducation et du sport, ainsi que de nombreux \u00e9l\u00e8ves et athl\u00e8tes scolaires, le ministre de l&rsquo;\u00c9ducation nationale a tenu \u00e0 contextualiser cette initiative dans le cadre d&rsquo;une vision globale et structur\u00e9e. Mohamed Seghir Sa\u00e2daoui a ainsi soulign\u00e9 que \u00ab\u00a0le lancement de cette saison est le fruit d&rsquo;une coordination avec le minist\u00e8re des Sports et la F\u00e9d\u00e9ration alg\u00e9rienne des sports scolaires (FASS) \u00e0 l&rsquo;effet de programmer et structurer la saison sportive scolaire et de lui conf\u00e9rer plus d&rsquo;organisation et d&rsquo;attractivit\u00e9 en vue de permettre aux scolaris\u00e9s d&rsquo;adh\u00e9rer aux multiples manifestations sportives\u00a0\u00bb. La coordination interminist\u00e9rielle \u00e9voqu\u00e9e par M. Sa\u00e2daoui traduit une prise de conscience collective de la n\u00e9cessit\u00e9 d&rsquo;int\u00e9grer pleinement la dimension sportive dans le parcours \u00e9ducatif des jeunes Alg\u00e9riens. Le ministre de l&rsquo;\u00c9ducation nationale a \u00e9galement inscrit cette d\u00e9marche dans le cadre des orientations pr\u00e9sidentielles en mati\u00e8re d&rsquo;\u00e9ducation et de jeunesse. M. Sa\u00e2daoui a en effet affirm\u00e9 que \u00ab\u00a0cette d\u00e9marche intervient en application de l&rsquo;engagement du pr\u00e9sident de la R\u00e9publique visant \u00e0 faire de l&rsquo;\u00e9tablissement p\u00e9dagogique un cadre d&rsquo;\u00e9ducation et d&rsquo;\u00e9veil intellectuel, physique et sportif\u00a0\u00bb. De son c\u00f4t\u00e9, le ministre des Sports, Walid Sadi, a apport\u00e9 un \u00e9clairage compl\u00e9mentaire sur la philosophie qui sous-tend cette nouvelle dynamique du sport scolaire. Avec des mots forts et une conviction affich\u00e9e, M. Sadi a d\u00e9clar\u00e9 que \u00ab\u00a0le sport scolaire n&rsquo;est pas seulement une activit\u00e9 r\u00e9cr\u00e9ative et une pratique compl\u00e9mentaire dans les \u00e9coles alg\u00e9riennes, mais plut\u00f4t un \u00e9l\u00e9ment essentiel d&rsquo;un projet sportif et \u00e9ducatif national int\u00e9gr\u00e9 alliant l&rsquo;\u00e9ducation physique \u00e0 l&rsquo;\u00e9ducation nationale, et le d\u00e9veloppement cognitif et physique\u00a0\u00bb. Poursuivant son intervention, Walid Sadi a rappel\u00e9 l&rsquo;engagement personnel du pr\u00e9sident de la R\u00e9publique en faveur du sport scolaire. \u00ab\u00a0Les orientations du pr\u00e9sident de la R\u00e9publique \u00e9taient claires et nettes pour accorder toute l&rsquo;importance voulue au sport scolaire en tant que r\u00e9servoir des talents et l&rsquo;essence m\u00eame des g\u00e9n\u00e9rations qui hisseront haut les couleurs nationales lors des diff\u00e9rentes \u00e9v\u00e8nements\u00a0\u00bb, a-t-il d\u00e9clar\u00e9, soulignant ainsi la dimension patriotique et la port\u00e9e \u00e0 long terme de cette politique sportive scolaire. Le ministre des Sports a \u00e9galement mis l&rsquo;accent sur les actions concr\u00e8tes entreprises pour traduire ces ambitions en r\u00e9alit\u00e9. \u00ab\u00a0Le minist\u00e8re des Sports s&rsquo;est employ\u00e9 \u00e0 consolider son partenariat avec le minist\u00e8re de l&rsquo;\u00c9ducation \u00e0 la faveur de la conclusion d&rsquo;une s\u00e9rie de conventions portant mise des structures et installations sportives \u00e0 la disposition des \u00e9l\u00e8ves pour faciliter la pratique du sport, ainsi que l&rsquo;accueil des diff\u00e9rentes manifestations dans le cadre de la coop\u00e9ration et de compl\u00e9mentarit\u00e9 des efforts sur le terrain, initiative dont on est fier et qu&rsquo;on \u0153uvre \u00e0 mettre en valeur\u00a0\u00bb, a affirm\u00e9 M. Sadi. Le slogan choisi pour cette saison 2025-2026, \u00ab\u00a0Nos champions dans nos \u00e9coles\u00a0\u00bb, rev\u00eat une double signification particuli\u00e8rement inspirante. D&rsquo;une part, il \u00e9voque la pr\u00e9sence dans les \u00e9tablissements scolaires des champions actuels qui peuvent venir t\u00e9moigner, inspirer et transmettre leur passion aux jeunes \u00e9l\u00e8ves. Ces rencontres entre champions confirm\u00e9s et futurs athl\u00e8tes cr\u00e9ent une dynamique vertueuse o\u00f9 les mod\u00e8les de r\u00e9ussite sportive deviennent accessibles et tangibles pour les jeunes.<\/p>\n\n\n\n<p>R.S.<\/p>\n","protected":false},"excerpt":{"rendered":"<p>Le ministre de l&rsquo;\u00c9ducation nationale, Mohamed Seghir Sa\u00e2daoui, et le ministre des Sports, Walid Sadi, ont lanc\u00e9 samedi \u00e0 Ouargla<\/p>\n","protected":false},"author":6,"featured_media":75305,"comment_status":"open","ping_status":"closed","sticky":false,"template":"","format":"standard","meta":{"colormag_page_container_layout":"default_layout","colormag_page_sidebar_layout":"default_layout","om_disable_all_campaigns":false,"_monsterinsights_skip_tracking":false,"_monsterinsights_sitenote_active":false,"_monsterinsights_sitenote_note":"","_monsterinsights_sitenote_category":0,"footnotes":"","_wpscppro_dont_share_socialmedia":false,"_wpscppro_custom_social_share_image":0,"_facebook_share_type":"default","_twitter_share_type":"default","_linkedin_share_type":"default","_pinterest_share_type":"default","_linkedin_share_type_page":"","_instagram_share_type":"default","_medium_share_type":"default","_threads_share_type":"default","_google_business_share_type":"default","_selected_social_profile":[],"_wpsp_enable_custom_social_template":false,"_wpsp_social_scheduling":{"enabled":false,"datetime":null,"platforms":[],"status":"template_only","dateOption":"today","timeOption":"now","customDays":"","customHours":"","customDate":"","customTime":"","schedulingType":"absolute"},"_wpsp_active_default_template":true},"categories":[33],"tags":[],"class_list":["post-75304","post","type-post","status-publish","format-standard","has-post-thumbnail","hentry","category-sports"],"aioseo_notices":[],"yoast_head":"<!-- This site is optimized with the Yoast SEO plugin v27.5 - https:\/\/yoast.com\/product\/yoast-seo-wordpress\/ -->\n<title>Sport scolaire\u00a0: Un engagement au service de la formation des champions de demain - La Sentinelle<\/title>\n<meta name=\"robots\" content=\"index, follow, max-snippet:-1, max-image-preview:large, max-video-preview:-1\" \/>\n<link rel=\"canonical\" href=\"https:\/\/lasentinelle.dz\/index.php\/2025\/10\/26\/sport-scolaire-un-engagement-au-service-de-la-formation-des-champions-de-demain\/\" \/>\n<meta property=\"og:locale\" content=\"fr_FR\" \/>\n<meta property=\"og:type\" content=\"article\" \/>\n<meta property=\"og:title\" content=\"Sport scolaire\u00a0: Un engagement au service de la formation des champions de demain - La Sentinelle\" \/>\n<meta property=\"og:description\" content=\"Le ministre de l&rsquo;\u00c9ducation nationale, Mohamed Seghir Sa\u00e2daoui, et le ministre des Sports, Walid Sadi, ont lanc\u00e9 samedi \u00e0 Ouargla\" \/>\n<meta property=\"og:url\" content=\"https:\/\/lasentinelle.dz\/index.php\/2025\/10\/26\/sport-scolaire-un-engagement-au-service-de-la-formation-des-champions-de-demain\/\" \/>\n<meta property=\"og:site_name\" content=\"La Sentinelle\" \/>\n<meta property=\"article:publisher\" content=\"https:\/\/www.facebook.com\/La-Sentinelle-104059864394773\" \/>\n<meta property=\"article:published_time\" content=\"2025-10-26T18:42:25+00:00\" \/>\n<meta property=\"og:image\" content=\"https:\/\/lasentinelle.dz\/wp-content\/uploads\/2025\/10\/sport-scolaire.jpg\" \/>\n\t<meta property=\"og:image:width\" content=\"2048\" \/>\n\t<meta property=\"og:image:height\" content=\"1367\" \/>\n\t<meta property=\"og:image:type\" content=\"image\/jpeg\" \/>\n<meta name=\"author\" content=\"admin\" \/>\n<meta name=\"twitter:card\" content=\"summary_large_image\" \/>\n<meta name=\"twitter:label1\" content=\"\u00c9crit par\" \/>\n\t<meta name=\"twitter:data1\" content=\"admin\" \/>\n\t<meta name=\"twitter:label2\" content=\"Dur\u00e9e de lecture estim\u00e9e\" \/>\n\t<meta name=\"twitter:data2\" content=\"4 minutes\" \/>\n<script type=\"application\/ld+json\" class=\"yoast-schema-graph\">{\"@context\":\"https:\\\/\\\/schema.org\",\"@graph\":[{\"@type\":\"Article\",\"@id\":\"https:\\\/\\\/lasentinelle.dz\\\/index.php\\\/2025\\\/10\\\/26\\\/sport-scolaire-un-engagement-au-service-de-la-formation-des-champions-de-demain\\\/#article\",\"isPartOf\":{\"@id\":\"https:\\\/\\\/lasentinelle.dz\\\/index.php\\\/2025\\\/10\\\/26\\\/sport-scolaire-un-engagement-au-service-de-la-formation-des-champions-de-demain\\\/\"},\"author\":{\"name\":\"admin\",\"@id\":\"https:\\\/\\\/lasentinelle.dz\\\/#\\\/schema\\\/person\\\/729ee0024f24e0b8c5ec17232f8e8b41\"},\"headline\":\"Sport scolaire\u00a0: Un engagement au service de la formation des champions de demain\",\"datePublished\":\"2025-10-26T18:42:25+00:00\",\"mainEntityOfPage\":{\"@id\":\"https:\\\/\\\/lasentinelle.dz\\\/index.php\\\/2025\\\/10\\\/26\\\/sport-scolaire-un-engagement-au-service-de-la-formation-des-champions-de-demain\\\/\"},\"wordCount\":688,\"commentCount\":0,\"publisher\":{\"@id\":\"https:\\\/\\\/lasentinelle.dz\\\/#organization\"},\"image\":{\"@id\":\"https:\\\/\\\/lasentinelle.dz\\\/index.php\\\/2025\\\/10\\\/26\\\/sport-scolaire-un-engagement-au-service-de-la-formation-des-champions-de-demain\\\/#primaryimage\"},\"thumbnailUrl\":\"https:\\\/\\\/lasentinelle.dz\\\/wp-content\\\/uploads\\\/2025\\\/10\\\/sport-scolaire.jpg\",\"articleSection\":[\"Sports\"],\"inLanguage\":\"fr-FR\",\"potentialAction\":[{\"@type\":\"CommentAction\",\"name\":\"Comment\",\"target\":[\"https:\\\/\\\/lasentinelle.dz\\\/index.php\\\/2025\\\/10\\\/26\\\/sport-scolaire-un-engagement-au-service-de-la-formation-des-champions-de-demain\\\/#respond\"]}]},{\"@type\":\"WebPage\",\"@id\":\"https:\\\/\\\/lasentinelle.dz\\\/index.php\\\/2025\\\/10\\\/26\\\/sport-scolaire-un-engagement-au-service-de-la-formation-des-champions-de-demain\\\/\",\"url\":\"https:\\\/\\\/lasentinelle.dz\\\/index.php\\\/2025\\\/10\\\/26\\\/sport-scolaire-un-engagement-au-service-de-la-formation-des-champions-de-demain\\\/\",\"name\":\"Sport scolaire\u00a0: Un engagement au service de la formation des champions de demain - La Sentinelle\",\"isPartOf\":{\"@id\":\"https:\\\/\\\/lasentinelle.dz\\\/#website\"},\"primaryImageOfPage\":{\"@id\":\"https:\\\/\\\/lasentinelle.dz\\\/index.php\\\/2025\\\/10\\\/26\\\/sport-scolaire-un-engagement-au-service-de-la-formation-des-champions-de-demain\\\/#primaryimage\"},\"image\":{\"@id\":\"https:\\\/\\\/lasentinelle.dz\\\/index.php\\\/2025\\\/10\\\/26\\\/sport-scolaire-un-engagement-au-service-de-la-formation-des-champions-de-demain\\\/#primaryimage\"},\"thumbnailUrl\":\"https:\\\/\\\/lasentinelle.dz\\\/wp-content\\\/uploads\\\/2025\\\/10\\\/sport-scolaire.jpg\",\"datePublished\":\"2025-10-26T18:42:25+00:00\",\"breadcrumb\":{\"@id\":\"https:\\\/\\\/lasentinelle.dz\\\/index.php\\\/2025\\\/10\\\/26\\\/sport-scolaire-un-engagement-au-service-de-la-formation-des-champions-de-demain\\\/#breadcrumb\"},\"inLanguage\":\"fr-FR\",\"potentialAction\":[{\"@type\":\"ReadAction\",\"target\":[\"https:\\\/\\\/lasentinelle.dz\\\/index.php\\\/2025\\\/10\\\/26\\\/sport-scolaire-un-engagement-au-service-de-la-formation-des-champions-de-demain\\\/\"]}]},{\"@type\":\"ImageObject\",\"inLanguage\":\"fr-FR\",\"@id\":\"https:\\\/\\\/lasentinelle.dz\\\/index.php\\\/2025\\\/10\\\/26\\\/sport-scolaire-un-engagement-au-service-de-la-formation-des-champions-de-demain\\\/#primaryimage\",\"url\":\"https:\\\/\\\/lasentinelle.dz\\\/wp-content\\\/uploads\\\/2025\\\/10\\\/sport-scolaire.jpg\",\"contentUrl\":\"https:\\\/\\\/lasentinelle.dz\\\/wp-content\\\/uploads\\\/2025\\\/10\\\/sport-scolaire.jpg\",\"width\":2048,\"height\":1367},{\"@type\":\"BreadcrumbList\",\"@id\":\"https:\\\/\\\/lasentinelle.dz\\\/index.php\\\/2025\\\/10\\\/26\\\/sport-scolaire-un-engagement-au-service-de-la-formation-des-champions-de-demain\\\/#breadcrumb\",\"itemListElement\":[{\"@type\":\"ListItem\",\"position\":1,\"name\":\"Accueil\",\"item\":\"https:\\\/\\\/lasentinelle.dz\\\/\"},{\"@type\":\"ListItem\",\"position\":2,\"name\":\"Sport scolaire\u00a0: Un engagement au service de la formation des champions de demain\"}]},{\"@type\":\"WebSite\",\"@id\":\"https:\\\/\\\/lasentinelle.dz\\\/#website\",\"url\":\"https:\\\/\\\/lasentinelle.dz\\\/\",\"name\":\"La Sentinelle\",\"description\":\"Quotidien national d&#039;information\",\"publisher\":{\"@id\":\"https:\\\/\\\/lasentinelle.dz\\\/#organization\"},\"potentialAction\":[{\"@type\":\"SearchAction\",\"target\":{\"@type\":\"EntryPoint\",\"urlTemplate\":\"https:\\\/\\\/lasentinelle.dz\\\/?s={search_term_string}\"},\"query-input\":{\"@type\":\"PropertyValueSpecification\",\"valueRequired\":true,\"valueName\":\"search_term_string\"}}],\"inLanguage\":\"fr-FR\"},{\"@type\":\"Organization\",\"@id\":\"https:\\\/\\\/lasentinelle.dz\\\/#organization\",\"name\":\"Quotidien La Sentinelle\",\"url\":\"https:\\\/\\\/lasentinelle.dz\\\/\",\"logo\":{\"@type\":\"ImageObject\",\"inLanguage\":\"fr-FR\",\"@id\":\"https:\\\/\\\/lasentinelle.dz\\\/#\\\/schema\\\/logo\\\/image\\\/\",\"url\":\"https:\\\/\\\/lasentinelle.dz\\\/wp-content\\\/uploads\\\/2021\\\/09\\\/logo-sentinelleSLOGAN-1.png\",\"contentUrl\":\"https:\\\/\\\/lasentinelle.dz\\\/wp-content\\\/uploads\\\/2021\\\/09\\\/logo-sentinelleSLOGAN-1.png\",\"width\":615,\"height\":142,\"caption\":\"Quotidien La Sentinelle\"},\"image\":{\"@id\":\"https:\\\/\\\/lasentinelle.dz\\\/#\\\/schema\\\/logo\\\/image\\\/\"},\"sameAs\":[\"https:\\\/\\\/www.facebook.com\\\/La-Sentinelle-104059864394773\"]},{\"@type\":\"Person\",\"@id\":\"https:\\\/\\\/lasentinelle.dz\\\/#\\\/schema\\\/person\\\/729ee0024f24e0b8c5ec17232f8e8b41\",\"name\":\"admin\",\"image\":{\"@type\":\"ImageObject\",\"inLanguage\":\"fr-FR\",\"@id\":\"https:\\\/\\\/secure.gravatar.com\\\/avatar\\\/4c81fed838786e9b53f540bf46533e750f5d292099ae3b66cfc6fb1982e29df7?s=96&d=mm&r=g\",\"url\":\"https:\\\/\\\/secure.gravatar.com\\\/avatar\\\/4c81fed838786e9b53f540bf46533e750f5d292099ae3b66cfc6fb1982e29df7?s=96&d=mm&r=g\",\"contentUrl\":\"https:\\\/\\\/secure.gravatar.com\\\/avatar\\\/4c81fed838786e9b53f540bf46533e750f5d292099ae3b66cfc6fb1982e29df7?s=96&d=mm&r=g\",\"caption\":\"admin\"},\"description\":\"admin\",\"url\":\"https:\\\/\\\/lasentinelle.dz\\\/author\\\/admin\\\/\"}]}<\/script>\n<!-- \/ Yoast SEO plugin. -->","yoast_head_json":{"title":"Sport scolaire\u00a0: Un engagement au service de la formation des champions de demain - La Sentinelle","robots":{"index":"index","follow":"follow","max-snippet":"max-snippet:-1","max-image-preview":"max-image-preview:large","max-video-preview":"max-video-preview:-1"},"canonical":"https:\/\/lasentinelle.dz\/index.php\/2025\/10\/26\/sport-scolaire-un-engagement-au-service-de-la-formation-des-champions-de-demain\/","og_locale":"fr_FR","og_type":"article","og_title":"Sport scolaire\u00a0: Un engagement au service de la formation des champions de demain - La Sentinelle","og_description":"Le ministre de l&rsquo;\u00c9ducation nationale, Mohamed Seghir Sa\u00e2daoui, et le ministre des Sports, Walid Sadi, ont lanc\u00e9 samedi \u00e0 Ouargla","og_url":"https:\/\/lasentinelle.dz\/index.php\/2025\/10\/26\/sport-scolaire-un-engagement-au-service-de-la-formation-des-champions-de-demain\/","og_site_name":"La Sentinelle","article_publisher":"https:\/\/www.facebook.com\/La-Sentinelle-104059864394773","article_published_time":"2025-10-26T18:42:25+00:00","og_image":[{"width":2048,"height":1367,"url":"https:\/\/lasentinelle.dz\/wp-content\/uploads\/2025\/10\/sport-scolaire.jpg","type":"image\/jpeg"}],"author":"admin","twitter_card":"summary_large_image","twitter_misc":{"\u00c9crit par":"admin","Dur\u00e9e de lecture estim\u00e9e":"4 minutes"},"schema":{"@context":"https:\/\/schema.org","@graph":[{"@type":"Article","@id":"https:\/\/lasentinelle.dz\/index.php\/2025\/10\/26\/sport-scolaire-un-engagement-au-service-de-la-formation-des-champions-de-demain\/#article","isPartOf":{"@id":"https:\/\/lasentinelle.dz\/index.php\/2025\/10\/26\/sport-scolaire-un-engagement-au-service-de-la-formation-des-champions-de-demain\/"},"author":{"name":"admin","@id":"https:\/\/lasentinelle.dz\/#\/schema\/person\/729ee0024f24e0b8c5ec17232f8e8b41"},"headline":"Sport scolaire\u00a0: Un engagement au service de la formation des champions de demain","datePublished":"2025-10-26T18:42:25+00:00","mainEntityOfPage":{"@id":"https:\/\/lasentinelle.dz\/index.php\/2025\/10\/26\/sport-scolaire-un-engagement-au-service-de-la-formation-des-champions-de-demain\/"},"wordCount":688,"commentCount":0,"publisher":{"@id":"https:\/\/lasentinelle.dz\/#organization"},"image":{"@id":"https:\/\/lasentinelle.dz\/index.php\/2025\/10\/26\/sport-scolaire-un-engagement-au-service-de-la-formation-des-champions-de-demain\/#primaryimage"},"thumbnailUrl":"https:\/\/lasentinelle.dz\/wp-content\/uploads\/2025\/10\/sport-scolaire.jpg","articleSection":["Sports"],"inLanguage":"fr-FR","potentialAction":[{"@type":"CommentAction","name":"Comment","target":["https:\/\/lasentinelle.dz\/index.php\/2025\/10\/26\/sport-scolaire-un-engagement-au-service-de-la-formation-des-champions-de-demain\/#respond"]}]},{"@type":"WebPage","@id":"https:\/\/lasentinelle.dz\/index.php\/2025\/10\/26\/sport-scolaire-un-engagement-au-service-de-la-formation-des-champions-de-demain\/","url":"https:\/\/lasentinelle.dz\/index.php\/2025\/10\/26\/sport-scolaire-un-engagement-au-service-de-la-formation-des-champions-de-demain\/","name":"Sport scolaire\u00a0: Un engagement au service de la formation des champions de demain - La Sentinelle","isPartOf":{"@id":"https:\/\/lasentinelle.dz\/#website"},"primaryImageOfPage":{"@id":"https:\/\/lasentinelle.dz\/index.php\/2025\/10\/26\/sport-scolaire-un-engagement-au-service-de-la-formation-des-champions-de-demain\/#primaryimage"},"image":{"@id":"https:\/\/lasentinelle.dz\/index.php\/2025\/10\/26\/sport-scolaire-un-engagement-au-service-de-la-formation-des-champions-de-demain\/#primaryimage"},"thumbnailUrl":"https:\/\/lasentinelle.dz\/wp-content\/uploads\/2025\/10\/sport-scolaire.jpg","datePublished":"2025-10-26T18:42:25+00:00","breadcrumb":{"@id":"https:\/\/lasentinelle.dz\/index.php\/2025\/10\/26\/sport-scolaire-un-engagement-au-service-de-la-formation-des-champions-de-demain\/#breadcrumb"},"inLanguage":"fr-FR","potentialAction":[{"@type":"ReadAction","target":["https:\/\/lasentinelle.dz\/index.php\/2025\/10\/26\/sport-scolaire-un-engagement-au-service-de-la-formation-des-champions-de-demain\/"]}]},{"@type":"ImageObject","inLanguage":"fr-FR","@id":"https:\/\/lasentinelle.dz\/index.php\/2025\/10\/26\/sport-scolaire-un-engagement-au-service-de-la-formation-des-champions-de-demain\/#primaryimage","url":"https:\/\/lasentinelle.dz\/wp-content\/uploads\/2025\/10\/sport-scolaire.jpg","contentUrl":"https:\/\/lasentinelle.dz\/wp-content\/uploads\/2025\/10\/sport-scolaire.jpg","width":2048,"height":1367},{"@type":"BreadcrumbList","@id":"https:\/\/lasentinelle.dz\/index.php\/2025\/10\/26\/sport-scolaire-un-engagement-au-service-de-la-formation-des-champions-de-demain\/#breadcrumb","itemListElement":[{"@type":"ListItem","position":1,"name":"Accueil","item":"https:\/\/lasentinelle.dz\/"},{"@type":"ListItem","position":2,"name":"Sport scolaire\u00a0: Un engagement au service de la formation des champions de demain"}]},{"@type":"WebSite","@id":"https:\/\/lasentinelle.dz\/#website","url":"https:\/\/lasentinelle.dz\/","name":"La Sentinelle","description":"Quotidien national d&#039;information","publisher":{"@id":"https:\/\/lasentinelle.dz\/#organization"},"potentialAction":[{"@type":"SearchAction","target":{"@type":"EntryPoint","urlTemplate":"https:\/\/lasentinelle.dz\/?s={search_term_string}"},"query-input":{"@type":"PropertyValueSpecification","valueRequired":true,"valueName":"search_term_string"}}],"inLanguage":"fr-FR"},{"@type":"Organization","@id":"https:\/\/lasentinelle.dz\/#organization","name":"Quotidien La Sentinelle","url":"https:\/\/lasentinelle.dz\/","logo":{"@type":"ImageObject","inLanguage":"fr-FR","@id":"https:\/\/lasentinelle.dz\/#\/schema\/logo\/image\/","url":"https:\/\/lasentinelle.dz\/wp-content\/uploads\/2021\/09\/logo-sentinelleSLOGAN-1.png","contentUrl":"https:\/\/lasentinelle.dz\/wp-content\/uploads\/2021\/09\/logo-sentinelleSLOGAN-1.png","width":615,"height":142,"caption":"Quotidien La Sentinelle"},"image":{"@id":"https:\/\/lasentinelle.dz\/#\/schema\/logo\/image\/"},"sameAs":["https:\/\/www.facebook.com\/La-Sentinelle-104059864394773"]},{"@type":"Person","@id":"https:\/\/lasentinelle.dz\/#\/schema\/person\/729ee0024f24e0b8c5ec17232f8e8b41","name":"admin","image":{"@type":"ImageObject","inLanguage":"fr-FR","@id":"https:\/\/secure.gravatar.com\/avatar\/4c81fed838786e9b53f540bf46533e750f5d292099ae3b66cfc6fb1982e29df7?s=96&d=mm&r=g","url":"https:\/\/secure.gravatar.com\/avatar\/4c81fed838786e9b53f540bf46533e750f5d292099ae3b66cfc6fb1982e29df7?s=96&d=mm&r=g","contentUrl":"https:\/\/secure.gravatar.com\/avatar\/4c81fed838786e9b53f540bf46533e750f5d292099ae3b66cfc6fb1982e29df7?s=96&d=mm&r=g","caption":"admin"},"description":"admin","url":"https:\/\/lasentinelle.dz\/author\/admin\/"}]}},"_links":{"self":[{"href":"https:\/\/lasentinelle.dz\/index.php\/wp-json\/wp\/v2\/posts\/75304","targetHints":{"allow":["GET"]}}],"collection":[{"href":"https:\/\/lasentinelle.dz\/index.php\/wp-json\/wp\/v2\/posts"}],"about":[{"href":"https:\/\/lasentinelle.dz\/index.php\/wp-json\/wp\/v2\/types\/post"}],"author":[{"embeddable":true,"href":"https:\/\/lasentinelle.dz\/index.php\/wp-json\/wp\/v2\/users\/6"}],"replies":[{"embeddable":true,"href":"https:\/\/lasentinelle.dz\/index.php\/wp-json\/wp\/v2\/comments?post=75304"}],"version-history":[{"count":1,"href":"https:\/\/lasentinelle.dz\/index.php\/wp-json\/wp\/v2\/posts\/75304\/revisions"}],"predecessor-version":[{"id":75306,"href":"https:\/\/lasentinelle.dz\/index.php\/wp-json\/wp\/v2\/posts\/75304\/revisions\/75306"}],"wp:featuredmedia":[{"embeddable":true,"href":"https:\/\/lasentinelle.dz\/index.php\/wp-json\/wp\/v2\/media\/75305"}],"wp:attachment":[{"href":"https:\/\/lasentinelle.dz\/index.php\/wp-json\/wp\/v2\/media?parent=75304"}],"wp:term":[{"taxonomy":"category","embeddable":true,"href":"https:\/\/lasentinelle.dz\/index.php\/wp-json\/wp\/v2\/categories?post=75304"},{"taxonomy":"post_tag","embeddable":true,"href":"https:\/\/lasentinelle.dz\/index.php\/wp-json\/wp\/v2\/tags?post=75304"}],"curies":[{"name":"wp","href":"https:\/\/api.w.org\/{rel}","templated":true}]}}