{"id":75307,"date":"2025-10-26T19:43:12","date_gmt":"2025-10-26T18:43:12","guid":{"rendered":"https:\/\/lasentinelle.dz\/?p=75307"},"modified":"2025-10-26T19:43:13","modified_gmt":"2025-10-26T18:43:13","slug":"can-feminine-2026-les-vertes-affutent-leurs-armes","status":"publish","type":"post","link":"https:\/\/lasentinelle.dz\/index.php\/2025\/10\/26\/can-feminine-2026-les-vertes-affutent-leurs-armes\/","title":{"rendered":"CAN f\u00e9minine 2026\u00a0: Les Vertes aff\u00fbtent leurs armes"},"content":{"rendered":"\n<p>La s\u00e9lection alg\u00e9rienne f\u00e9minine de football poursuit sa pr\u00e9paration au Centre technique national de Sidi Moussa en vue du match retour d\u00e9cisif face au Cameroun, pr\u00e9vu mardi \u00e0 15h30 au stade de la R\u00e9unification \u00e0 Douala. Fortes de leur victoire 2-1 \u00e0 l&rsquo;aller jeudi \u00e0 Oran, les Vertes s&rsquo;appr\u00eatent \u00e0 d\u00e9fendre leur avance dans ce deuxi\u00e8me et dernier tour qualificatif pour la phase finale de la CAN-2026.<\/p>\n\n\n\n<p>Au lendemain de leur pr\u00e9cieux succ\u00e8s obtenu au stade olympique Miloud-Hadefi d&rsquo;Oran, les joueuses de la s\u00e9lection alg\u00e9rienne n&rsquo;ont pas le temps de savourer. Le staff technique, conscient de l&rsquo;importance du rendez-vous qui se profile mardi \u00e0 Douala, a imm\u00e9diatement remis ses prot\u00e9g\u00e9es au travail au Centre technique national de Sidi Moussa. Samedi, les Vertes ont pris part \u00e0 une nouvelle s\u00e9ance d&rsquo;entra\u00eenement ax\u00e9e sur la correction des erreurs observ\u00e9es lors de la premi\u00e8re manche, selon les informations communiqu\u00e9es par la F\u00e9d\u00e9ration alg\u00e9rienne de football sur son site officiel. Si la victoire de jeudi constitue un premier pas encourageant vers la qualification, le staff technique n&rsquo;entend pas verser dans l&rsquo;euphorie et pr\u00e9pare minutieusement la d\u00e9licate mission qui attend ses joueuses en terre camerounaise. L&rsquo;avantage d&rsquo;un but acquis \u00e0 domicile devra \u00eatre g\u00e9r\u00e9 avec intelligence face \u00e0 des Lionnes indomptables qui auront \u00e0 c\u0153ur de renverser la situation devant leur public. La pr\u00e9paration s&rsquo;articule donc autour d&rsquo;un travail tactique rigoureux, visant \u00e0 combler les lacunes constat\u00e9es lors du match aller et \u00e0 renforcer la solidit\u00e9 d\u00e9fensive de l&rsquo;\u00e9quipe nationale. Sur le plan m\u00e9dical, le staff a fait preuve de prudence en m\u00e9nageant deux joueuses lors de la s\u00e9ance de samedi. Lina Boussaha et M\u00e9linne D&rsquo;Oria, qui pr\u00e9sentaient quelques signes de fatigue apr\u00e8s l&rsquo;intensit\u00e9 du match de jeudi, ont \u00e9t\u00e9 mises au repos sur recommandation du d\u00e9partement m\u00e9dical. Cette gestion pr\u00e9cautionneuse du groupe vise \u00e0 s&rsquo;assurer que l&rsquo;effectif sera au complet et dans les meilleures dispositions physiques pour affronter le d\u00e9fi camerounais dans des conditions climatiques et atmosph\u00e9riques qui s&rsquo;annoncent difficiles. Au-del\u00e0 des aspects purement sportifs, cette pr\u00e9paration a \u00e9galement \u00e9t\u00e9 marqu\u00e9e par un moment symbolique fort. L&rsquo;enjeu du d\u00e9placement \u00e0 Douala est consid\u00e9rable pour le football f\u00e9minin alg\u00e9rien. Une qualification pour la phase finale de la CAN-2026, pr\u00e9vue du 17 mars au 3 avril 2026, repr\u00e9senterait une \u00e9tape majeure dans le d\u00e9veloppement de la discipline au pays et offrirait aux Vertes une vitrine exceptionnelle pour d\u00e9montrer les progr\u00e8s accomplis ces derni\u00e8res ann\u00e9es. Au-del\u00e0 de l&rsquo;objectif continental, cette CAN constitue \u00e9galement un tournant dans la perspective du Mondial f\u00e9minin 2027 qui se d\u00e9roulera du 24 juin au 25 juillet au Br\u00e9sil. Cette dixi\u00e8me \u00e9dition du tournoi mondial verra pour la premi\u00e8re fois trente-deux nations en lice pour le titre supr\u00eame, offrant ainsi davantage d&rsquo;opportunit\u00e9s aux s\u00e9lections \u00e9mergentes de se frotter \u00e0 l&rsquo;\u00e9lite mondiale.<\/p>\n\n\n\n<p><strong>M. Dahleb<\/strong><\/p>\n","protected":false},"excerpt":{"rendered":"<p>La s\u00e9lection alg\u00e9rienne f\u00e9minine de football poursuit sa pr\u00e9paration au Centre technique national de Sidi Moussa en vue du match<\/p>\n","protected":false},"author":6,"featured_media":75308,"comment_status":"open","ping_status":"closed","sticky":false,"template":"","format":"standard","meta":{"colormag_page_container_layout":"default_layout","colormag_page_sidebar_layout":"default_layout","om_disable_all_campaigns":false,"_monsterinsights_skip_tracking":false,"_monsterinsights_sitenote_active":false,"_monsterinsights_sitenote_note":"","_monsterinsights_sitenote_category":0,"footnotes":"","_wpscppro_dont_share_socialmedia":false,"_wpscppro_custom_social_share_image":0,"_facebook_share_type":"default","_twitter_share_type":"default","_linkedin_share_type":"default","_pinterest_share_type":"default","_linkedin_share_type_page":"","_instagram_share_type":"default","_medium_share_type":"default","_threads_share_type":"default","_google_business_share_type":"default","_selected_social_profile":[],"_wpsp_enable_custom_social_template":false,"_wpsp_social_scheduling":{"enabled":false,"datetime":null,"platforms":[],"status":"template_only","dateOption":"today","timeOption":"now","customDays":"","customHours":"","customDate":"","customTime":"","schedulingType":"absolute"},"_wpsp_active_default_template":true},"categories":[33],"tags":[],"class_list":["post-75307","post","type-post","status-publish","format-standard","has-post-thumbnail","hentry","category-sports"],"aioseo_notices":[],"yoast_head":"<!-- This site is optimized with the Yoast SEO plugin v27.5 - https:\/\/yoast.com\/product\/yoast-seo-wordpress\/ -->\n<title>CAN f\u00e9minine 2026\u00a0: Les Vertes aff\u00fbtent leurs armes - La Sentinelle<\/title>\n<meta name=\"robots\" content=\"index, follow, max-snippet:-1, max-image-preview:large, max-video-preview:-1\" \/>\n<link rel=\"canonical\" href=\"https:\/\/lasentinelle.dz\/index.php\/2025\/10\/26\/can-feminine-2026-les-vertes-affutent-leurs-armes\/\" \/>\n<meta property=\"og:locale\" content=\"fr_FR\" \/>\n<meta property=\"og:type\" content=\"article\" \/>\n<meta property=\"og:title\" content=\"CAN f\u00e9minine 2026\u00a0: Les Vertes aff\u00fbtent leurs armes - La Sentinelle\" \/>\n<meta property=\"og:description\" content=\"La s\u00e9lection alg\u00e9rienne f\u00e9minine de football poursuit sa pr\u00e9paration au Centre technique national de Sidi Moussa en vue du match\" \/>\n<meta property=\"og:url\" content=\"https:\/\/lasentinelle.dz\/index.php\/2025\/10\/26\/can-feminine-2026-les-vertes-affutent-leurs-armes\/\" \/>\n<meta property=\"og:site_name\" content=\"La Sentinelle\" \/>\n<meta property=\"article:publisher\" content=\"https:\/\/www.facebook.com\/La-Sentinelle-104059864394773\" \/>\n<meta property=\"article:published_time\" content=\"2025-10-26T18:43:12+00:00\" \/>\n<meta property=\"article:modified_time\" content=\"2025-10-26T18:43:13+00:00\" \/>\n<meta property=\"og:image\" content=\"https:\/\/lasentinelle.dz\/wp-content\/uploads\/2025\/10\/dames-2.jpeg\" \/>\n\t<meta property=\"og:image:width\" content=\"2084\" \/>\n\t<meta property=\"og:image:height\" content=\"1417\" \/>\n\t<meta property=\"og:image:type\" content=\"image\/jpeg\" \/>\n<meta name=\"author\" content=\"admin\" \/>\n<meta name=\"twitter:card\" content=\"summary_large_image\" \/>\n<meta name=\"twitter:label1\" content=\"\u00c9crit par\" \/>\n\t<meta name=\"twitter:data1\" content=\"admin\" \/>\n\t<meta name=\"twitter:label2\" content=\"Dur\u00e9e de lecture estim\u00e9e\" \/>\n\t<meta name=\"twitter:data2\" content=\"3 minutes\" \/>\n<script type=\"application\/ld+json\" class=\"yoast-schema-graph\">{\"@context\":\"https:\\\/\\\/schema.org\",\"@graph\":[{\"@type\":\"Article\",\"@id\":\"https:\\\/\\\/lasentinelle.dz\\\/index.php\\\/2025\\\/10\\\/26\\\/can-feminine-2026-les-vertes-affutent-leurs-armes\\\/#article\",\"isPartOf\":{\"@id\":\"https:\\\/\\\/lasentinelle.dz\\\/index.php\\\/2025\\\/10\\\/26\\\/can-feminine-2026-les-vertes-affutent-leurs-armes\\\/\"},\"author\":{\"name\":\"admin\",\"@id\":\"https:\\\/\\\/lasentinelle.dz\\\/#\\\/schema\\\/person\\\/729ee0024f24e0b8c5ec17232f8e8b41\"},\"headline\":\"CAN f\u00e9minine 2026\u00a0: Les Vertes aff\u00fbtent leurs armes\",\"datePublished\":\"2025-10-26T18:43:12+00:00\",\"dateModified\":\"2025-10-26T18:43:13+00:00\",\"mainEntityOfPage\":{\"@id\":\"https:\\\/\\\/lasentinelle.dz\\\/index.php\\\/2025\\\/10\\\/26\\\/can-feminine-2026-les-vertes-affutent-leurs-armes\\\/\"},\"wordCount\":535,\"commentCount\":0,\"publisher\":{\"@id\":\"https:\\\/\\\/lasentinelle.dz\\\/#organization\"},\"image\":{\"@id\":\"https:\\\/\\\/lasentinelle.dz\\\/index.php\\\/2025\\\/10\\\/26\\\/can-feminine-2026-les-vertes-affutent-leurs-armes\\\/#primaryimage\"},\"thumbnailUrl\":\"https:\\\/\\\/lasentinelle.dz\\\/wp-content\\\/uploads\\\/2025\\\/10\\\/dames-2.jpeg\",\"articleSection\":[\"Sports\"],\"inLanguage\":\"fr-FR\",\"potentialAction\":[{\"@type\":\"CommentAction\",\"name\":\"Comment\",\"target\":[\"https:\\\/\\\/lasentinelle.dz\\\/index.php\\\/2025\\\/10\\\/26\\\/can-feminine-2026-les-vertes-affutent-leurs-armes\\\/#respond\"]}]},{\"@type\":\"WebPage\",\"@id\":\"https:\\\/\\\/lasentinelle.dz\\\/index.php\\\/2025\\\/10\\\/26\\\/can-feminine-2026-les-vertes-affutent-leurs-armes\\\/\",\"url\":\"https:\\\/\\\/lasentinelle.dz\\\/index.php\\\/2025\\\/10\\\/26\\\/can-feminine-2026-les-vertes-affutent-leurs-armes\\\/\",\"name\":\"CAN f\u00e9minine 2026\u00a0: Les Vertes aff\u00fbtent leurs armes - La Sentinelle\",\"isPartOf\":{\"@id\":\"https:\\\/\\\/lasentinelle.dz\\\/#website\"},\"primaryImageOfPage\":{\"@id\":\"https:\\\/\\\/lasentinelle.dz\\\/index.php\\\/2025\\\/10\\\/26\\\/can-feminine-2026-les-vertes-affutent-leurs-armes\\\/#primaryimage\"},\"image\":{\"@id\":\"https:\\\/\\\/lasentinelle.dz\\\/index.php\\\/2025\\\/10\\\/26\\\/can-feminine-2026-les-vertes-affutent-leurs-armes\\\/#primaryimage\"},\"thumbnailUrl\":\"https:\\\/\\\/lasentinelle.dz\\\/wp-content\\\/uploads\\\/2025\\\/10\\\/dames-2.jpeg\",\"datePublished\":\"2025-10-26T18:43:12+00:00\",\"dateModified\":\"2025-10-26T18:43:13+00:00\",\"breadcrumb\":{\"@id\":\"https:\\\/\\\/lasentinelle.dz\\\/index.php\\\/2025\\\/10\\\/26\\\/can-feminine-2026-les-vertes-affutent-leurs-armes\\\/#breadcrumb\"},\"inLanguage\":\"fr-FR\",\"potentialAction\":[{\"@type\":\"ReadAction\",\"target\":[\"https:\\\/\\\/lasentinelle.dz\\\/index.php\\\/2025\\\/10\\\/26\\\/can-feminine-2026-les-vertes-affutent-leurs-armes\\\/\"]}]},{\"@type\":\"ImageObject\",\"inLanguage\":\"fr-FR\",\"@id\":\"https:\\\/\\\/lasentinelle.dz\\\/index.php\\\/2025\\\/10\\\/26\\\/can-feminine-2026-les-vertes-affutent-leurs-armes\\\/#primaryimage\",\"url\":\"https:\\\/\\\/lasentinelle.dz\\\/wp-content\\\/uploads\\\/2025\\\/10\\\/dames-2.jpeg\",\"contentUrl\":\"https:\\\/\\\/lasentinelle.dz\\\/wp-content\\\/uploads\\\/2025\\\/10\\\/dames-2.jpeg\",\"width\":2084,\"height\":1417},{\"@type\":\"BreadcrumbList\",\"@id\":\"https:\\\/\\\/lasentinelle.dz\\\/index.php\\\/2025\\\/10\\\/26\\\/can-feminine-2026-les-vertes-affutent-leurs-armes\\\/#breadcrumb\",\"itemListElement\":[{\"@type\":\"ListItem\",\"position\":1,\"name\":\"Accueil\",\"item\":\"https:\\\/\\\/lasentinelle.dz\\\/\"},{\"@type\":\"ListItem\",\"position\":2,\"name\":\"CAN f\u00e9minine 2026\u00a0: Les Vertes aff\u00fbtent leurs armes\"}]},{\"@type\":\"WebSite\",\"@id\":\"https:\\\/\\\/lasentinelle.dz\\\/#website\",\"url\":\"https:\\\/\\\/lasentinelle.dz\\\/\",\"name\":\"La Sentinelle\",\"description\":\"Quotidien national d&#039;information\",\"publisher\":{\"@id\":\"https:\\\/\\\/lasentinelle.dz\\\/#organization\"},\"potentialAction\":[{\"@type\":\"SearchAction\",\"target\":{\"@type\":\"EntryPoint\",\"urlTemplate\":\"https:\\\/\\\/lasentinelle.dz\\\/?s={search_term_string}\"},\"query-input\":{\"@type\":\"PropertyValueSpecification\",\"valueRequired\":true,\"valueName\":\"search_term_string\"}}],\"inLanguage\":\"fr-FR\"},{\"@type\":\"Organization\",\"@id\":\"https:\\\/\\\/lasentinelle.dz\\\/#organization\",\"name\":\"Quotidien La Sentinelle\",\"url\":\"https:\\\/\\\/lasentinelle.dz\\\/\",\"logo\":{\"@type\":\"ImageObject\",\"inLanguage\":\"fr-FR\",\"@id\":\"https:\\\/\\\/lasentinelle.dz\\\/#\\\/schema\\\/logo\\\/image\\\/\",\"url\":\"https:\\\/\\\/lasentinelle.dz\\\/wp-content\\\/uploads\\\/2021\\\/09\\\/logo-sentinelleSLOGAN-1.png\",\"contentUrl\":\"https:\\\/\\\/lasentinelle.dz\\\/wp-content\\\/uploads\\\/2021\\\/09\\\/logo-sentinelleSLOGAN-1.png\",\"width\":615,\"height\":142,\"caption\":\"Quotidien La Sentinelle\"},\"image\":{\"@id\":\"https:\\\/\\\/lasentinelle.dz\\\/#\\\/schema\\\/logo\\\/image\\\/\"},\"sameAs\":[\"https:\\\/\\\/www.facebook.com\\\/La-Sentinelle-104059864394773\"]},{\"@type\":\"Person\",\"@id\":\"https:\\\/\\\/lasentinelle.dz\\\/#\\\/schema\\\/person\\\/729ee0024f24e0b8c5ec17232f8e8b41\",\"name\":\"admin\",\"image\":{\"@type\":\"ImageObject\",\"inLanguage\":\"fr-FR\",\"@id\":\"https:\\\/\\\/secure.gravatar.com\\\/avatar\\\/4c81fed838786e9b53f540bf46533e750f5d292099ae3b66cfc6fb1982e29df7?s=96&d=mm&r=g\",\"url\":\"https:\\\/\\\/secure.gravatar.com\\\/avatar\\\/4c81fed838786e9b53f540bf46533e750f5d292099ae3b66cfc6fb1982e29df7?s=96&d=mm&r=g\",\"contentUrl\":\"https:\\\/\\\/secure.gravatar.com\\\/avatar\\\/4c81fed838786e9b53f540bf46533e750f5d292099ae3b66cfc6fb1982e29df7?s=96&d=mm&r=g\",\"caption\":\"admin\"},\"description\":\"admin\",\"url\":\"https:\\\/\\\/lasentinelle.dz\\\/author\\\/admin\\\/\"}]}<\/script>\n<!-- \/ Yoast SEO plugin. -->","yoast_head_json":{"title":"CAN f\u00e9minine 2026\u00a0: Les Vertes aff\u00fbtent leurs armes - La Sentinelle","robots":{"index":"index","follow":"follow","max-snippet":"max-snippet:-1","max-image-preview":"max-image-preview:large","max-video-preview":"max-video-preview:-1"},"canonical":"https:\/\/lasentinelle.dz\/index.php\/2025\/10\/26\/can-feminine-2026-les-vertes-affutent-leurs-armes\/","og_locale":"fr_FR","og_type":"article","og_title":"CAN f\u00e9minine 2026\u00a0: Les Vertes aff\u00fbtent leurs armes - La Sentinelle","og_description":"La s\u00e9lection alg\u00e9rienne f\u00e9minine de football poursuit sa pr\u00e9paration au Centre technique national de Sidi Moussa en vue du match","og_url":"https:\/\/lasentinelle.dz\/index.php\/2025\/10\/26\/can-feminine-2026-les-vertes-affutent-leurs-armes\/","og_site_name":"La Sentinelle","article_publisher":"https:\/\/www.facebook.com\/La-Sentinelle-104059864394773","article_published_time":"2025-10-26T18:43:12+00:00","article_modified_time":"2025-10-26T18:43:13+00:00","og_image":[{"width":2084,"height":1417,"url":"https:\/\/lasentinelle.dz\/wp-content\/uploads\/2025\/10\/dames-2.jpeg","type":"image\/jpeg"}],"author":"admin","twitter_card":"summary_large_image","twitter_misc":{"\u00c9crit par":"admin","Dur\u00e9e de lecture estim\u00e9e":"3 minutes"},"schema":{"@context":"https:\/\/schema.org","@graph":[{"@type":"Article","@id":"https:\/\/lasentinelle.dz\/index.php\/2025\/10\/26\/can-feminine-2026-les-vertes-affutent-leurs-armes\/#article","isPartOf":{"@id":"https:\/\/lasentinelle.dz\/index.php\/2025\/10\/26\/can-feminine-2026-les-vertes-affutent-leurs-armes\/"},"author":{"name":"admin","@id":"https:\/\/lasentinelle.dz\/#\/schema\/person\/729ee0024f24e0b8c5ec17232f8e8b41"},"headline":"CAN f\u00e9minine 2026\u00a0: Les Vertes aff\u00fbtent leurs armes","datePublished":"2025-10-26T18:43:12+00:00","dateModified":"2025-10-26T18:43:13+00:00","mainEntityOfPage":{"@id":"https:\/\/lasentinelle.dz\/index.php\/2025\/10\/26\/can-feminine-2026-les-vertes-affutent-leurs-armes\/"},"wordCount":535,"commentCount":0,"publisher":{"@id":"https:\/\/lasentinelle.dz\/#organization"},"image":{"@id":"https:\/\/lasentinelle.dz\/index.php\/2025\/10\/26\/can-feminine-2026-les-vertes-affutent-leurs-armes\/#primaryimage"},"thumbnailUrl":"https:\/\/lasentinelle.dz\/wp-content\/uploads\/2025\/10\/dames-2.jpeg","articleSection":["Sports"],"inLanguage":"fr-FR","potentialAction":[{"@type":"CommentAction","name":"Comment","target":["https:\/\/lasentinelle.dz\/index.php\/2025\/10\/26\/can-feminine-2026-les-vertes-affutent-leurs-armes\/#respond"]}]},{"@type":"WebPage","@id":"https:\/\/lasentinelle.dz\/index.php\/2025\/10\/26\/can-feminine-2026-les-vertes-affutent-leurs-armes\/","url":"https:\/\/lasentinelle.dz\/index.php\/2025\/10\/26\/can-feminine-2026-les-vertes-affutent-leurs-armes\/","name":"CAN f\u00e9minine 2026\u00a0: Les Vertes aff\u00fbtent leurs armes - La Sentinelle","isPartOf":{"@id":"https:\/\/lasentinelle.dz\/#website"},"primaryImageOfPage":{"@id":"https:\/\/lasentinelle.dz\/index.php\/2025\/10\/26\/can-feminine-2026-les-vertes-affutent-leurs-armes\/#primaryimage"},"image":{"@id":"https:\/\/lasentinelle.dz\/index.php\/2025\/10\/26\/can-feminine-2026-les-vertes-affutent-leurs-armes\/#primaryimage"},"thumbnailUrl":"https:\/\/lasentinelle.dz\/wp-content\/uploads\/2025\/10\/dames-2.jpeg","datePublished":"2025-10-26T18:43:12+00:00","dateModified":"2025-10-26T18:43:13+00:00","breadcrumb":{"@id":"https:\/\/lasentinelle.dz\/index.php\/2025\/10\/26\/can-feminine-2026-les-vertes-affutent-leurs-armes\/#breadcrumb"},"inLanguage":"fr-FR","potentialAction":[{"@type":"ReadAction","target":["https:\/\/lasentinelle.dz\/index.php\/2025\/10\/26\/can-feminine-2026-les-vertes-affutent-leurs-armes\/"]}]},{"@type":"ImageObject","inLanguage":"fr-FR","@id":"https:\/\/lasentinelle.dz\/index.php\/2025\/10\/26\/can-feminine-2026-les-vertes-affutent-leurs-armes\/#primaryimage","url":"https:\/\/lasentinelle.dz\/wp-content\/uploads\/2025\/10\/dames-2.jpeg","contentUrl":"https:\/\/lasentinelle.dz\/wp-content\/uploads\/2025\/10\/dames-2.jpeg","width":2084,"height":1417},{"@type":"BreadcrumbList","@id":"https:\/\/lasentinelle.dz\/index.php\/2025\/10\/26\/can-feminine-2026-les-vertes-affutent-leurs-armes\/#breadcrumb","itemListElement":[{"@type":"ListItem","position":1,"name":"Accueil","item":"https:\/\/lasentinelle.dz\/"},{"@type":"ListItem","position":2,"name":"CAN f\u00e9minine 2026\u00a0: Les Vertes aff\u00fbtent leurs armes"}]},{"@type":"WebSite","@id":"https:\/\/lasentinelle.dz\/#website","url":"https:\/\/lasentinelle.dz\/","name":"La Sentinelle","description":"Quotidien national d&#039;information","publisher":{"@id":"https:\/\/lasentinelle.dz\/#organization"},"potentialAction":[{"@type":"SearchAction","target":{"@type":"EntryPoint","urlTemplate":"https:\/\/lasentinelle.dz\/?s={search_term_string}"},"query-input":{"@type":"PropertyValueSpecification","valueRequired":true,"valueName":"search_term_string"}}],"inLanguage":"fr-FR"},{"@type":"Organization","@id":"https:\/\/lasentinelle.dz\/#organization","name":"Quotidien La Sentinelle","url":"https:\/\/lasentinelle.dz\/","logo":{"@type":"ImageObject","inLanguage":"fr-FR","@id":"https:\/\/lasentinelle.dz\/#\/schema\/logo\/image\/","url":"https:\/\/lasentinelle.dz\/wp-content\/uploads\/2021\/09\/logo-sentinelleSLOGAN-1.png","contentUrl":"https:\/\/lasentinelle.dz\/wp-content\/uploads\/2021\/09\/logo-sentinelleSLOGAN-1.png","width":615,"height":142,"caption":"Quotidien La Sentinelle"},"image":{"@id":"https:\/\/lasentinelle.dz\/#\/schema\/logo\/image\/"},"sameAs":["https:\/\/www.facebook.com\/La-Sentinelle-104059864394773"]},{"@type":"Person","@id":"https:\/\/lasentinelle.dz\/#\/schema\/person\/729ee0024f24e0b8c5ec17232f8e8b41","name":"admin","image":{"@type":"ImageObject","inLanguage":"fr-FR","@id":"https:\/\/secure.gravatar.com\/avatar\/4c81fed838786e9b53f540bf46533e750f5d292099ae3b66cfc6fb1982e29df7?s=96&d=mm&r=g","url":"https:\/\/secure.gravatar.com\/avatar\/4c81fed838786e9b53f540bf46533e750f5d292099ae3b66cfc6fb1982e29df7?s=96&d=mm&r=g","contentUrl":"https:\/\/secure.gravatar.com\/avatar\/4c81fed838786e9b53f540bf46533e750f5d292099ae3b66cfc6fb1982e29df7?s=96&d=mm&r=g","caption":"admin"},"description":"admin","url":"https:\/\/lasentinelle.dz\/author\/admin\/"}]}},"_links":{"self":[{"href":"https:\/\/lasentinelle.dz\/index.php\/wp-json\/wp\/v2\/posts\/75307","targetHints":{"allow":["GET"]}}],"collection":[{"href":"https:\/\/lasentinelle.dz\/index.php\/wp-json\/wp\/v2\/posts"}],"about":[{"href":"https:\/\/lasentinelle.dz\/index.php\/wp-json\/wp\/v2\/types\/post"}],"author":[{"embeddable":true,"href":"https:\/\/lasentinelle.dz\/index.php\/wp-json\/wp\/v2\/users\/6"}],"replies":[{"embeddable":true,"href":"https:\/\/lasentinelle.dz\/index.php\/wp-json\/wp\/v2\/comments?post=75307"}],"version-history":[{"count":1,"href":"https:\/\/lasentinelle.dz\/index.php\/wp-json\/wp\/v2\/posts\/75307\/revisions"}],"predecessor-version":[{"id":75309,"href":"https:\/\/lasentinelle.dz\/index.php\/wp-json\/wp\/v2\/posts\/75307\/revisions\/75309"}],"wp:featuredmedia":[{"embeddable":true,"href":"https:\/\/lasentinelle.dz\/index.php\/wp-json\/wp\/v2\/media\/75308"}],"wp:attachment":[{"href":"https:\/\/lasentinelle.dz\/index.php\/wp-json\/wp\/v2\/media?parent=75307"}],"wp:term":[{"taxonomy":"category","embeddable":true,"href":"https:\/\/lasentinelle.dz\/index.php\/wp-json\/wp\/v2\/categories?post=75307"},{"taxonomy":"post_tag","embeddable":true,"href":"https:\/\/lasentinelle.dz\/index.php\/wp-json\/wp\/v2\/tags?post=75307"}],"curies":[{"name":"wp","href":"https:\/\/api.w.org\/{rel}","templated":true}]}}