{"id":75310,"date":"2025-10-26T19:44:37","date_gmt":"2025-10-26T18:44:37","guid":{"rendered":"https:\/\/lasentinelle.dz\/?p=75310"},"modified":"2025-10-26T19:44:38","modified_gmt":"2025-10-26T18:44:38","slug":"ligue-1-mobilis-le-mc-oran-sinstalle-sur-le-podium","status":"publish","type":"post","link":"https:\/\/lasentinelle.dz\/index.php\/2025\/10\/26\/ligue-1-mobilis-le-mc-oran-sinstalle-sur-le-podium\/","title":{"rendered":"Ligue 1 Mobilis\u00a0: Le MC Oran s&rsquo;installe sur le podium"},"content":{"rendered":"\n<p>La neuvi\u00e8me journ\u00e9e de Ligue 1 Mobilis a redistribu\u00e9 les cartes en t\u00eate du championnat.<\/p>\n\n\n\n<p>Samedi, le MC Oran a r\u00e9alis\u00e9 une excellente op\u00e9ration en s&rsquo;imposant pour la premi\u00e8re fois de la saison loin de ses bases, sur la pelouse du MC El-Bayadh. Cette victoire probante permet aux Hamraoua de grimper provisoirement \u00e0 la deuxi\u00e8me place, au m\u00eame niveau que l&rsquo;Olympique Akbou, tous deux affichant quatorze points au compteur. Face \u00e0 des Bayadhis en grande difficult\u00e9 depuis l&rsquo;entame de l&rsquo;exercice, les Oranais n&rsquo;ont pas trembl\u00e9. Aoudjane a ouvert le score en premi\u00e8re p\u00e9riode, inscrivant son but \u00e0 la 35<sup>e<\/sup> minute, avant que Kerroum ne double la mise sur penalty peu apr\u00e8s le retour des vestiaires. Cette sixi\u00e8me d\u00e9faite en neuf rencontres plonge un peu plus le MCEB dans la crise, clou\u00e9 \u00e0 l&rsquo;avant-derni\u00e8re place du classement avec seulement trois unit\u00e9s. L&rsquo;entra\u00eeneur Mohamed Lacet voit la mission maintien se compliquer dangereusement pour ses hommes, incapables de remporter le moindre match depuis le d\u00e9but de la comp\u00e9tition. Du c\u00f4t\u00e9 de Constantine, les Sanafir ont retrouv\u00e9 le sourire apr\u00e8s une s\u00e9rie de cinq matchs d\u00e9cevants marqu\u00e9s par deux d\u00e9faites et trois nuls. Face \u00e0 l&rsquo;Olympique Akbou, pourtant aur\u00e9ol\u00e9 d&rsquo;une victoire la semaine pr\u00e9c\u00e9dente contre El-Bayadh, les Constantinois ont parfaitement ma\u00eetris\u00e9 leur sujet. L&rsquo;ancien Mouloud\u00e9en Fath-Allah a rapidement mis son \u00e9quipe sur de bons rails d\u00e8s la 11<sup>e<\/sup> minute. Le capitaine Dib a ensuite enfonc\u00e9 le clou au retour des vestiaires, marquant \u00e0 la 53<sup>e<\/sup> minute. La r\u00e9duction du score de Hamroune dans le dernier quart d&rsquo;heure n&rsquo;a pas suffi aux Akbouciens pour esp\u00e9rer arracher le nul, qui leur aurait permis de rejoindre provisoirement la JS Saoura en t\u00eate du championnat. Cette victoire redonne de la confiance au technicien bosnien Cviko Rusmir, qui peut d\u00e9sormais poursuivre son travail dans des conditions plus sereines. \u00c0 Ouargla, le MB Rouissat n&rsquo;a pu faire mieux qu&rsquo;un match nul vierge face \u00e0 une surprenante \u00e9quipe de l&rsquo;ES Ben Aknoun. Le promu alg\u00e9rois continue d&rsquo;impressionner depuis son retour parmi l&rsquo;\u00e9lite. Les hommes de Mounir Zeghdoud restent sur une s\u00e9rie remarquable de sept matchs sans d\u00e9faite, n&rsquo;ayant connu la d\u00e9faite qu&rsquo;une seule fois cette saison, lors de la journ\u00e9e inaugurale \u00e0 Oran. Cette performance place provisoirement les deux formations \u00e0 la quatri\u00e8me place aux c\u00f4t\u00e9s du MC Alger, avec treize points chacune. Pour le MBR en revanche, ce partage des points confirme une baisse de r\u00e9gime apr\u00e8s un d\u00e9but de saison prometteur, encha\u00eenant d\u00e9sormais trois matchs sans victoire.<\/p>\n\n\n\n<p>Le programme de cette neuvi\u00e8me journ\u00e9e se poursuivra mercredi et jeudi prochains avec les derni\u00e8res affiches. L&rsquo;attention se portera particuli\u00e8rement sur le choc au sommet entre la JS Saoura, actuelle leader avec quinze points, et la JS Kabylie, sixi\u00e8me avec onze unit\u00e9s.<\/p>\n\n\n\n<p>Moncef Dahleb<\/p>\n\n\n\n<p><strong>ES Mostaganem<\/strong><\/p>\n\n\n\n<p><strong>M&rsquo;bolhi convoqu\u00e9 face au Paradou AC apr\u00e8s plusieurs semaines d&rsquo;absence<\/strong><\/p>\n\n\n\n<p>Le gardien international alg\u00e9rien, Rais Ouahab M&rsquo;Bolhi, renoue avec la comp\u00e9tition sous les couleurs de son \u00e9quipe l&rsquo;ES Mostaganem apr\u00e8s plusieurs semaines d&rsquo;\u00e9loignement des terrains, a indiqu\u00e9, samedi, le club de Ligue 1 de football. Le portier de 39 ans, qui s&rsquo;est engag\u00e9 avec l&rsquo;Esp\u00e9rance l&rsquo;\u00e9t\u00e9 dernier, a \u00e9t\u00e9 convoqu\u00e9 pour le match en d\u00e9placement face au Paradou AC, dimanche (15h00), dans le cadre de la 9e journ\u00e9e du championnat, a pr\u00e9cis\u00e9 la m\u00eame source. L&rsquo;ancien portier de l&rsquo;\u00e9quipe nationale, champion d&rsquo;Afrique en 2019, avait manqu\u00e9 plusieurs rencontres en raison de probl\u00e8mes personnels. Il a repris le travail collectif il y a quelques jours. Le retour de M&rsquo;bolhi, qui vit sa deuxi\u00e8me exp\u00e9rience dans le championnat alg\u00e9rien apr\u00e8s un court passage, la saison pass\u00e9e au CR Belouizdad, a r\u00e9ussi des d\u00e9buts encourageants, selon les sp\u00e9cialistes, en encaissant seulement deux buts en quatre matchs.<\/p>\n","protected":false},"excerpt":{"rendered":"<p>La neuvi\u00e8me journ\u00e9e de Ligue 1 Mobilis a redistribu\u00e9 les cartes en t\u00eate du championnat. Samedi, le MC Oran a<\/p>\n","protected":false},"author":6,"featured_media":75311,"comment_status":"open","ping_status":"closed","sticky":false,"template":"","format":"standard","meta":{"colormag_page_container_layout":"default_layout","colormag_page_sidebar_layout":"default_layout","om_disable_all_campaigns":false,"_monsterinsights_skip_tracking":false,"_monsterinsights_sitenote_active":false,"_monsterinsights_sitenote_note":"","_monsterinsights_sitenote_category":0,"footnotes":"","_wpscppro_dont_share_socialmedia":false,"_wpscppro_custom_social_share_image":0,"_facebook_share_type":"default","_twitter_share_type":"default","_linkedin_share_type":"default","_pinterest_share_type":"default","_linkedin_share_type_page":"","_instagram_share_type":"default","_medium_share_type":"default","_threads_share_type":"default","_google_business_share_type":"default","_selected_social_profile":[],"_wpsp_enable_custom_social_template":false,"_wpsp_social_scheduling":{"enabled":false,"datetime":null,"platforms":[],"status":"template_only","dateOption":"today","timeOption":"now","customDays":"","customHours":"","customDate":"","customTime":"","schedulingType":"absolute"},"_wpsp_active_default_template":true},"categories":[33],"tags":[],"class_list":["post-75310","post","type-post","status-publish","format-standard","has-post-thumbnail","hentry","category-sports"],"aioseo_notices":[],"yoast_head":"<!-- This site is optimized with the Yoast SEO plugin v27.5 - https:\/\/yoast.com\/product\/yoast-seo-wordpress\/ -->\n<title>Ligue 1 Mobilis\u00a0: Le MC Oran s&rsquo;installe sur le podium - La Sentinelle<\/title>\n<meta name=\"robots\" content=\"index, follow, max-snippet:-1, max-image-preview:large, max-video-preview:-1\" \/>\n<link rel=\"canonical\" href=\"https:\/\/lasentinelle.dz\/index.php\/2025\/10\/26\/ligue-1-mobilis-le-mc-oran-sinstalle-sur-le-podium\/\" \/>\n<meta property=\"og:locale\" content=\"fr_FR\" \/>\n<meta property=\"og:type\" content=\"article\" \/>\n<meta property=\"og:title\" content=\"Ligue 1 Mobilis\u00a0: Le MC Oran s&rsquo;installe sur le podium - La Sentinelle\" \/>\n<meta property=\"og:description\" content=\"La neuvi\u00e8me journ\u00e9e de Ligue 1 Mobilis a redistribu\u00e9 les cartes en t\u00eate du championnat. Samedi, le MC Oran a\" \/>\n<meta property=\"og:url\" content=\"https:\/\/lasentinelle.dz\/index.php\/2025\/10\/26\/ligue-1-mobilis-le-mc-oran-sinstalle-sur-le-podium\/\" \/>\n<meta property=\"og:site_name\" content=\"La Sentinelle\" \/>\n<meta property=\"article:publisher\" content=\"https:\/\/www.facebook.com\/La-Sentinelle-104059864394773\" \/>\n<meta property=\"article:published_time\" content=\"2025-10-26T18:44:37+00:00\" \/>\n<meta property=\"article:modified_time\" content=\"2025-10-26T18:44:38+00:00\" \/>\n<meta property=\"og:image\" content=\"https:\/\/lasentinelle.dz\/wp-content\/uploads\/2025\/10\/MCO-e1761504262794.jpg\" \/>\n\t<meta property=\"og:image:width\" content=\"870\" \/>\n\t<meta property=\"og:image:height\" content=\"578\" \/>\n\t<meta property=\"og:image:type\" content=\"image\/jpeg\" \/>\n<meta name=\"author\" content=\"admin\" \/>\n<meta name=\"twitter:card\" content=\"summary_large_image\" \/>\n<meta name=\"twitter:label1\" content=\"\u00c9crit par\" \/>\n\t<meta name=\"twitter:data1\" content=\"admin\" \/>\n\t<meta name=\"twitter:label2\" content=\"Dur\u00e9e de lecture estim\u00e9e\" \/>\n\t<meta name=\"twitter:data2\" content=\"4 minutes\" \/>\n<script type=\"application\/ld+json\" class=\"yoast-schema-graph\">{\"@context\":\"https:\\\/\\\/schema.org\",\"@graph\":[{\"@type\":\"Article\",\"@id\":\"https:\\\/\\\/lasentinelle.dz\\\/index.php\\\/2025\\\/10\\\/26\\\/ligue-1-mobilis-le-mc-oran-sinstalle-sur-le-podium\\\/#article\",\"isPartOf\":{\"@id\":\"https:\\\/\\\/lasentinelle.dz\\\/index.php\\\/2025\\\/10\\\/26\\\/ligue-1-mobilis-le-mc-oran-sinstalle-sur-le-podium\\\/\"},\"author\":{\"name\":\"admin\",\"@id\":\"https:\\\/\\\/lasentinelle.dz\\\/#\\\/schema\\\/person\\\/729ee0024f24e0b8c5ec17232f8e8b41\"},\"headline\":\"Ligue 1 Mobilis\u00a0: Le MC Oran s&rsquo;installe sur le podium\",\"datePublished\":\"2025-10-26T18:44:37+00:00\",\"dateModified\":\"2025-10-26T18:44:38+00:00\",\"mainEntityOfPage\":{\"@id\":\"https:\\\/\\\/lasentinelle.dz\\\/index.php\\\/2025\\\/10\\\/26\\\/ligue-1-mobilis-le-mc-oran-sinstalle-sur-le-podium\\\/\"},\"wordCount\":707,\"commentCount\":0,\"publisher\":{\"@id\":\"https:\\\/\\\/lasentinelle.dz\\\/#organization\"},\"image\":{\"@id\":\"https:\\\/\\\/lasentinelle.dz\\\/index.php\\\/2025\\\/10\\\/26\\\/ligue-1-mobilis-le-mc-oran-sinstalle-sur-le-podium\\\/#primaryimage\"},\"thumbnailUrl\":\"https:\\\/\\\/lasentinelle.dz\\\/wp-content\\\/uploads\\\/2025\\\/10\\\/MCO-e1761504262794.jpg\",\"articleSection\":[\"Sports\"],\"inLanguage\":\"fr-FR\",\"potentialAction\":[{\"@type\":\"CommentAction\",\"name\":\"Comment\",\"target\":[\"https:\\\/\\\/lasentinelle.dz\\\/index.php\\\/2025\\\/10\\\/26\\\/ligue-1-mobilis-le-mc-oran-sinstalle-sur-le-podium\\\/#respond\"]}]},{\"@type\":\"WebPage\",\"@id\":\"https:\\\/\\\/lasentinelle.dz\\\/index.php\\\/2025\\\/10\\\/26\\\/ligue-1-mobilis-le-mc-oran-sinstalle-sur-le-podium\\\/\",\"url\":\"https:\\\/\\\/lasentinelle.dz\\\/index.php\\\/2025\\\/10\\\/26\\\/ligue-1-mobilis-le-mc-oran-sinstalle-sur-le-podium\\\/\",\"name\":\"Ligue 1 Mobilis\u00a0: Le MC Oran s&rsquo;installe sur le podium - La Sentinelle\",\"isPartOf\":{\"@id\":\"https:\\\/\\\/lasentinelle.dz\\\/#website\"},\"primaryImageOfPage\":{\"@id\":\"https:\\\/\\\/lasentinelle.dz\\\/index.php\\\/2025\\\/10\\\/26\\\/ligue-1-mobilis-le-mc-oran-sinstalle-sur-le-podium\\\/#primaryimage\"},\"image\":{\"@id\":\"https:\\\/\\\/lasentinelle.dz\\\/index.php\\\/2025\\\/10\\\/26\\\/ligue-1-mobilis-le-mc-oran-sinstalle-sur-le-podium\\\/#primaryimage\"},\"thumbnailUrl\":\"https:\\\/\\\/lasentinelle.dz\\\/wp-content\\\/uploads\\\/2025\\\/10\\\/MCO-e1761504262794.jpg\",\"datePublished\":\"2025-10-26T18:44:37+00:00\",\"dateModified\":\"2025-10-26T18:44:38+00:00\",\"breadcrumb\":{\"@id\":\"https:\\\/\\\/lasentinelle.dz\\\/index.php\\\/2025\\\/10\\\/26\\\/ligue-1-mobilis-le-mc-oran-sinstalle-sur-le-podium\\\/#breadcrumb\"},\"inLanguage\":\"fr-FR\",\"potentialAction\":[{\"@type\":\"ReadAction\",\"target\":[\"https:\\\/\\\/lasentinelle.dz\\\/index.php\\\/2025\\\/10\\\/26\\\/ligue-1-mobilis-le-mc-oran-sinstalle-sur-le-podium\\\/\"]}]},{\"@type\":\"ImageObject\",\"inLanguage\":\"fr-FR\",\"@id\":\"https:\\\/\\\/lasentinelle.dz\\\/index.php\\\/2025\\\/10\\\/26\\\/ligue-1-mobilis-le-mc-oran-sinstalle-sur-le-podium\\\/#primaryimage\",\"url\":\"https:\\\/\\\/lasentinelle.dz\\\/wp-content\\\/uploads\\\/2025\\\/10\\\/MCO-e1761504262794.jpg\",\"contentUrl\":\"https:\\\/\\\/lasentinelle.dz\\\/wp-content\\\/uploads\\\/2025\\\/10\\\/MCO-e1761504262794.jpg\",\"width\":870,\"height\":578},{\"@type\":\"BreadcrumbList\",\"@id\":\"https:\\\/\\\/lasentinelle.dz\\\/index.php\\\/2025\\\/10\\\/26\\\/ligue-1-mobilis-le-mc-oran-sinstalle-sur-le-podium\\\/#breadcrumb\",\"itemListElement\":[{\"@type\":\"ListItem\",\"position\":1,\"name\":\"Accueil\",\"item\":\"https:\\\/\\\/lasentinelle.dz\\\/\"},{\"@type\":\"ListItem\",\"position\":2,\"name\":\"Ligue 1 Mobilis\u00a0: Le MC Oran s&rsquo;installe sur le podium\"}]},{\"@type\":\"WebSite\",\"@id\":\"https:\\\/\\\/lasentinelle.dz\\\/#website\",\"url\":\"https:\\\/\\\/lasentinelle.dz\\\/\",\"name\":\"La Sentinelle\",\"description\":\"Quotidien national d&#039;information\",\"publisher\":{\"@id\":\"https:\\\/\\\/lasentinelle.dz\\\/#organization\"},\"potentialAction\":[{\"@type\":\"SearchAction\",\"target\":{\"@type\":\"EntryPoint\",\"urlTemplate\":\"https:\\\/\\\/lasentinelle.dz\\\/?s={search_term_string}\"},\"query-input\":{\"@type\":\"PropertyValueSpecification\",\"valueRequired\":true,\"valueName\":\"search_term_string\"}}],\"inLanguage\":\"fr-FR\"},{\"@type\":\"Organization\",\"@id\":\"https:\\\/\\\/lasentinelle.dz\\\/#organization\",\"name\":\"Quotidien La Sentinelle\",\"url\":\"https:\\\/\\\/lasentinelle.dz\\\/\",\"logo\":{\"@type\":\"ImageObject\",\"inLanguage\":\"fr-FR\",\"@id\":\"https:\\\/\\\/lasentinelle.dz\\\/#\\\/schema\\\/logo\\\/image\\\/\",\"url\":\"https:\\\/\\\/lasentinelle.dz\\\/wp-content\\\/uploads\\\/2021\\\/09\\\/logo-sentinelleSLOGAN-1.png\",\"contentUrl\":\"https:\\\/\\\/lasentinelle.dz\\\/wp-content\\\/uploads\\\/2021\\\/09\\\/logo-sentinelleSLOGAN-1.png\",\"width\":615,\"height\":142,\"caption\":\"Quotidien La Sentinelle\"},\"image\":{\"@id\":\"https:\\\/\\\/lasentinelle.dz\\\/#\\\/schema\\\/logo\\\/image\\\/\"},\"sameAs\":[\"https:\\\/\\\/www.facebook.com\\\/La-Sentinelle-104059864394773\"]},{\"@type\":\"Person\",\"@id\":\"https:\\\/\\\/lasentinelle.dz\\\/#\\\/schema\\\/person\\\/729ee0024f24e0b8c5ec17232f8e8b41\",\"name\":\"admin\",\"image\":{\"@type\":\"ImageObject\",\"inLanguage\":\"fr-FR\",\"@id\":\"https:\\\/\\\/secure.gravatar.com\\\/avatar\\\/4c81fed838786e9b53f540bf46533e750f5d292099ae3b66cfc6fb1982e29df7?s=96&d=mm&r=g\",\"url\":\"https:\\\/\\\/secure.gravatar.com\\\/avatar\\\/4c81fed838786e9b53f540bf46533e750f5d292099ae3b66cfc6fb1982e29df7?s=96&d=mm&r=g\",\"contentUrl\":\"https:\\\/\\\/secure.gravatar.com\\\/avatar\\\/4c81fed838786e9b53f540bf46533e750f5d292099ae3b66cfc6fb1982e29df7?s=96&d=mm&r=g\",\"caption\":\"admin\"},\"description\":\"admin\",\"url\":\"https:\\\/\\\/lasentinelle.dz\\\/author\\\/admin\\\/\"}]}<\/script>\n<!-- \/ Yoast SEO plugin. -->","yoast_head_json":{"title":"Ligue 1 Mobilis\u00a0: Le MC Oran s&rsquo;installe sur le podium - La Sentinelle","robots":{"index":"index","follow":"follow","max-snippet":"max-snippet:-1","max-image-preview":"max-image-preview:large","max-video-preview":"max-video-preview:-1"},"canonical":"https:\/\/lasentinelle.dz\/index.php\/2025\/10\/26\/ligue-1-mobilis-le-mc-oran-sinstalle-sur-le-podium\/","og_locale":"fr_FR","og_type":"article","og_title":"Ligue 1 Mobilis\u00a0: Le MC Oran s&rsquo;installe sur le podium - La Sentinelle","og_description":"La neuvi\u00e8me journ\u00e9e de Ligue 1 Mobilis a redistribu\u00e9 les cartes en t\u00eate du championnat. Samedi, le MC Oran a","og_url":"https:\/\/lasentinelle.dz\/index.php\/2025\/10\/26\/ligue-1-mobilis-le-mc-oran-sinstalle-sur-le-podium\/","og_site_name":"La Sentinelle","article_publisher":"https:\/\/www.facebook.com\/La-Sentinelle-104059864394773","article_published_time":"2025-10-26T18:44:37+00:00","article_modified_time":"2025-10-26T18:44:38+00:00","og_image":[{"width":870,"height":578,"url":"https:\/\/lasentinelle.dz\/wp-content\/uploads\/2025\/10\/MCO-e1761504262794.jpg","type":"image\/jpeg"}],"author":"admin","twitter_card":"summary_large_image","twitter_misc":{"\u00c9crit par":"admin","Dur\u00e9e de lecture estim\u00e9e":"4 minutes"},"schema":{"@context":"https:\/\/schema.org","@graph":[{"@type":"Article","@id":"https:\/\/lasentinelle.dz\/index.php\/2025\/10\/26\/ligue-1-mobilis-le-mc-oran-sinstalle-sur-le-podium\/#article","isPartOf":{"@id":"https:\/\/lasentinelle.dz\/index.php\/2025\/10\/26\/ligue-1-mobilis-le-mc-oran-sinstalle-sur-le-podium\/"},"author":{"name":"admin","@id":"https:\/\/lasentinelle.dz\/#\/schema\/person\/729ee0024f24e0b8c5ec17232f8e8b41"},"headline":"Ligue 1 Mobilis\u00a0: Le MC Oran s&rsquo;installe sur le podium","datePublished":"2025-10-26T18:44:37+00:00","dateModified":"2025-10-26T18:44:38+00:00","mainEntityOfPage":{"@id":"https:\/\/lasentinelle.dz\/index.php\/2025\/10\/26\/ligue-1-mobilis-le-mc-oran-sinstalle-sur-le-podium\/"},"wordCount":707,"commentCount":0,"publisher":{"@id":"https:\/\/lasentinelle.dz\/#organization"},"image":{"@id":"https:\/\/lasentinelle.dz\/index.php\/2025\/10\/26\/ligue-1-mobilis-le-mc-oran-sinstalle-sur-le-podium\/#primaryimage"},"thumbnailUrl":"https:\/\/lasentinelle.dz\/wp-content\/uploads\/2025\/10\/MCO-e1761504262794.jpg","articleSection":["Sports"],"inLanguage":"fr-FR","potentialAction":[{"@type":"CommentAction","name":"Comment","target":["https:\/\/lasentinelle.dz\/index.php\/2025\/10\/26\/ligue-1-mobilis-le-mc-oran-sinstalle-sur-le-podium\/#respond"]}]},{"@type":"WebPage","@id":"https:\/\/lasentinelle.dz\/index.php\/2025\/10\/26\/ligue-1-mobilis-le-mc-oran-sinstalle-sur-le-podium\/","url":"https:\/\/lasentinelle.dz\/index.php\/2025\/10\/26\/ligue-1-mobilis-le-mc-oran-sinstalle-sur-le-podium\/","name":"Ligue 1 Mobilis\u00a0: Le MC Oran s&rsquo;installe sur le podium - La Sentinelle","isPartOf":{"@id":"https:\/\/lasentinelle.dz\/#website"},"primaryImageOfPage":{"@id":"https:\/\/lasentinelle.dz\/index.php\/2025\/10\/26\/ligue-1-mobilis-le-mc-oran-sinstalle-sur-le-podium\/#primaryimage"},"image":{"@id":"https:\/\/lasentinelle.dz\/index.php\/2025\/10\/26\/ligue-1-mobilis-le-mc-oran-sinstalle-sur-le-podium\/#primaryimage"},"thumbnailUrl":"https:\/\/lasentinelle.dz\/wp-content\/uploads\/2025\/10\/MCO-e1761504262794.jpg","datePublished":"2025-10-26T18:44:37+00:00","dateModified":"2025-10-26T18:44:38+00:00","breadcrumb":{"@id":"https:\/\/lasentinelle.dz\/index.php\/2025\/10\/26\/ligue-1-mobilis-le-mc-oran-sinstalle-sur-le-podium\/#breadcrumb"},"inLanguage":"fr-FR","potentialAction":[{"@type":"ReadAction","target":["https:\/\/lasentinelle.dz\/index.php\/2025\/10\/26\/ligue-1-mobilis-le-mc-oran-sinstalle-sur-le-podium\/"]}]},{"@type":"ImageObject","inLanguage":"fr-FR","@id":"https:\/\/lasentinelle.dz\/index.php\/2025\/10\/26\/ligue-1-mobilis-le-mc-oran-sinstalle-sur-le-podium\/#primaryimage","url":"https:\/\/lasentinelle.dz\/wp-content\/uploads\/2025\/10\/MCO-e1761504262794.jpg","contentUrl":"https:\/\/lasentinelle.dz\/wp-content\/uploads\/2025\/10\/MCO-e1761504262794.jpg","width":870,"height":578},{"@type":"BreadcrumbList","@id":"https:\/\/lasentinelle.dz\/index.php\/2025\/10\/26\/ligue-1-mobilis-le-mc-oran-sinstalle-sur-le-podium\/#breadcrumb","itemListElement":[{"@type":"ListItem","position":1,"name":"Accueil","item":"https:\/\/lasentinelle.dz\/"},{"@type":"ListItem","position":2,"name":"Ligue 1 Mobilis\u00a0: Le MC Oran s&rsquo;installe sur le podium"}]},{"@type":"WebSite","@id":"https:\/\/lasentinelle.dz\/#website","url":"https:\/\/lasentinelle.dz\/","name":"La Sentinelle","description":"Quotidien national d&#039;information","publisher":{"@id":"https:\/\/lasentinelle.dz\/#organization"},"potentialAction":[{"@type":"SearchAction","target":{"@type":"EntryPoint","urlTemplate":"https:\/\/lasentinelle.dz\/?s={search_term_string}"},"query-input":{"@type":"PropertyValueSpecification","valueRequired":true,"valueName":"search_term_string"}}],"inLanguage":"fr-FR"},{"@type":"Organization","@id":"https:\/\/lasentinelle.dz\/#organization","name":"Quotidien La Sentinelle","url":"https:\/\/lasentinelle.dz\/","logo":{"@type":"ImageObject","inLanguage":"fr-FR","@id":"https:\/\/lasentinelle.dz\/#\/schema\/logo\/image\/","url":"https:\/\/lasentinelle.dz\/wp-content\/uploads\/2021\/09\/logo-sentinelleSLOGAN-1.png","contentUrl":"https:\/\/lasentinelle.dz\/wp-content\/uploads\/2021\/09\/logo-sentinelleSLOGAN-1.png","width":615,"height":142,"caption":"Quotidien La Sentinelle"},"image":{"@id":"https:\/\/lasentinelle.dz\/#\/schema\/logo\/image\/"},"sameAs":["https:\/\/www.facebook.com\/La-Sentinelle-104059864394773"]},{"@type":"Person","@id":"https:\/\/lasentinelle.dz\/#\/schema\/person\/729ee0024f24e0b8c5ec17232f8e8b41","name":"admin","image":{"@type":"ImageObject","inLanguage":"fr-FR","@id":"https:\/\/secure.gravatar.com\/avatar\/4c81fed838786e9b53f540bf46533e750f5d292099ae3b66cfc6fb1982e29df7?s=96&d=mm&r=g","url":"https:\/\/secure.gravatar.com\/avatar\/4c81fed838786e9b53f540bf46533e750f5d292099ae3b66cfc6fb1982e29df7?s=96&d=mm&r=g","contentUrl":"https:\/\/secure.gravatar.com\/avatar\/4c81fed838786e9b53f540bf46533e750f5d292099ae3b66cfc6fb1982e29df7?s=96&d=mm&r=g","caption":"admin"},"description":"admin","url":"https:\/\/lasentinelle.dz\/author\/admin\/"}]}},"_links":{"self":[{"href":"https:\/\/lasentinelle.dz\/index.php\/wp-json\/wp\/v2\/posts\/75310","targetHints":{"allow":["GET"]}}],"collection":[{"href":"https:\/\/lasentinelle.dz\/index.php\/wp-json\/wp\/v2\/posts"}],"about":[{"href":"https:\/\/lasentinelle.dz\/index.php\/wp-json\/wp\/v2\/types\/post"}],"author":[{"embeddable":true,"href":"https:\/\/lasentinelle.dz\/index.php\/wp-json\/wp\/v2\/users\/6"}],"replies":[{"embeddable":true,"href":"https:\/\/lasentinelle.dz\/index.php\/wp-json\/wp\/v2\/comments?post=75310"}],"version-history":[{"count":2,"href":"https:\/\/lasentinelle.dz\/index.php\/wp-json\/wp\/v2\/posts\/75310\/revisions"}],"predecessor-version":[{"id":75313,"href":"https:\/\/lasentinelle.dz\/index.php\/wp-json\/wp\/v2\/posts\/75310\/revisions\/75313"}],"wp:featuredmedia":[{"embeddable":true,"href":"https:\/\/lasentinelle.dz\/index.php\/wp-json\/wp\/v2\/media\/75311"}],"wp:attachment":[{"href":"https:\/\/lasentinelle.dz\/index.php\/wp-json\/wp\/v2\/media?parent=75310"}],"wp:term":[{"taxonomy":"category","embeddable":true,"href":"https:\/\/lasentinelle.dz\/index.php\/wp-json\/wp\/v2\/categories?post=75310"},{"taxonomy":"post_tag","embeddable":true,"href":"https:\/\/lasentinelle.dz\/index.php\/wp-json\/wp\/v2\/tags?post=75310"}],"curies":[{"name":"wp","href":"https:\/\/api.w.org\/{rel}","templated":true}]}}