{"id":75325,"date":"2025-10-26T19:52:57","date_gmt":"2025-10-26T18:52:57","guid":{"rendered":"https:\/\/lasentinelle.dz\/?p=75325"},"modified":"2025-10-26T19:52:58","modified_gmt":"2025-10-26T18:52:58","slug":"crise-entre-alger-et-paris-jean-paul-vesco-plaide-pour-une-reconciliation-des-memoires","status":"publish","type":"post","link":"https:\/\/lasentinelle.dz\/index.php\/2025\/10\/26\/crise-entre-alger-et-paris-jean-paul-vesco-plaide-pour-une-reconciliation-des-memoires\/","title":{"rendered":"Crise entre Alger et Paris\u00a0: Jean-Paul Vesco plaide pour une r\u00e9conciliation des m\u00e9moires"},"content":{"rendered":"\n<p>L&rsquo;Archev\u00eaque d&rsquo;Alger, Jean-Paul Vesco, a qualifi\u00e9 la politique alg\u00e9rienne en mati\u00e8re de dialogue interreligieux d&rsquo;exemple \u00e0 suivre, tout en appelant \u00e0 une r\u00e9conciliation des m\u00e9moires entre l&rsquo;Alg\u00e9rie et la France dans un entretien publi\u00e9 dimanche par le quotidien Horizons. Le cardinal, qui vit depuis plus de vingt ans en Alg\u00e9rie, a notamment salu\u00e9 la rencontre historique de juillet dernier entre le pr\u00e9sident de la R\u00e9publique Abdelmadjid Tebboune et le Pape L\u00e9on XIV au Vatican, premi\u00e8re visite d&rsquo;un chef d&rsquo;\u00c9tat alg\u00e9rien au Saint-Si\u00e8ge depuis deux d\u00e9cennies. Cette rencontre au sommet a marqu\u00e9, selon Jean-Paul Vesco, un tournant dans les relations entre l&rsquo;Alg\u00e9rie et le Vatican. \u00ab\u00a0Cette rencontre a d&rsquo;abord \u00e9t\u00e9 profond\u00e9ment humaine. Elle a fait tomber bien des barri\u00e8res\u00a0\u00bb, a-t-il d\u00e9clar\u00e9, soulignant les liens particuliers qui unissent le Pape L\u00e9on XIV \u00e0 l&rsquo;Alg\u00e9rie. \u00ab\u00a0Le Pape L\u00e9on XIV conna\u00eet bien l&rsquo;Alg\u00e9rie, il y est venu \u00e0 deux reprises avant son \u00e9lection. Il porte une affection sinc\u00e8re pour ce pays et pour son peuple\u00a0\u00bb, a pr\u00e9cis\u00e9 l&rsquo;Archev\u00eaque, ajoutant que le pr\u00e9sident Tebboune \u00ab\u00a0a toujours exprim\u00e9 son respect pour l&rsquo;\u00c9glise catholique\u00a0\u00bb et que \u00ab\u00a0ce respect est pleinement r\u00e9ciproque\u00a0\u00bb. L&rsquo;Archev\u00eaque d&rsquo;Alger a qualifi\u00e9 cette rencontre d&rsquo;extr\u00eamement importante et de signe fort de bonnes relations entre le Saint-Si\u00e8ge et l&rsquo;Alg\u00e9rie. Cette dynamique diplomatique avait d\u00e9j\u00e0 \u00e9t\u00e9 consolid\u00e9e lors de la visite de Monseigneur Gallagher, l&rsquo;\u00e9quivalent du ministre des Affaires \u00e9trang\u00e8res du Pape, en octobre 2022, \u00e0 l&rsquo;occasion du cinquantenaire des relations diplomatiques entre les deux \u00c9tats. Pour Jean-Paul Vesco, ces \u00e9changes t\u00e9moignent d&rsquo;un approfondissement r\u00e9el des relations bilat\u00e9rales.<\/p>\n\n\n\n<p><strong>L\u2019Alg\u00e9rie un mod\u00e8le de dialogue interreligieux<\/strong><\/p>\n\n\n\n<p>Sur le plan du dialogue interreligieux, le cardinal a soulign\u00e9 que l&rsquo;Alg\u00e9rie repr\u00e9sente un mod\u00e8le en la mati\u00e8re. Il a rappel\u00e9 que l\u2019Alg\u00e9rie a de tout temps r\u00e9serv\u00e9 une place aux minorit\u00e9s, dont la minorit\u00e9 chr\u00e9tienne, soulignant la pr\u00e9sence ancienne de l&rsquo;\u00c9glise en Alg\u00e9rie avec Saint Augustin comme figure embl\u00e9matique. Apr\u00e8s l&rsquo;ind\u00e9pendance en 1962, le Cardinal Duval avait encourag\u00e9 les religieux \u00e0 rester pour t\u00e9moigner qu&rsquo;il \u00e9tait possible de vivre ensemble, a-t-il rappel\u00e9. Interrog\u00e9 sur la mont\u00e9e de l&rsquo;islamophobie en Occident, Jean-Paul Vesco a reconnu que ce ph\u00e9nom\u00e8ne \u00ab\u00a0existe effectivement\u00a0\u00bb et se nourrit de \u00ab\u00a0la peur, de la m\u00e9connaissance et du repli communautaire\u00a0\u00bb. Il a estim\u00e9 que \u00ab\u00a0l&rsquo;Alg\u00e9rie, de par son histoire et sa g\u00e9ographie, se trouvant \u00e0 la crois\u00e9e du monde occidental et du monde arabo-musulman, peut jouer un r\u00f4le de passerelle\u00a0\u00bb pour contrer cette tendance inqui\u00e9tante. C&rsquo;est sur la question coloniale que l&rsquo;Archev\u00eaque s&rsquo;est exprim\u00e9 avec le plus de force. Il a affirm\u00e9 qu&rsquo;il existe en Alg\u00e9rie une \u00ab\u00a0blessure de m\u00e9moire profonde li\u00e9e \u00e0 l&rsquo;histoire coloniale\u00a0\u00bb. \u00ab\u00a0Cette m\u00e9moire n&rsquo;est pas encore apais\u00e9e. Ayant v\u00e9cu plus de vingt ans ici, je ressens cette douleur : elle n&rsquo;est pas seulement historique, elle est intime\u00a0\u00bb, a-t-il t\u00e9moign\u00e9 avec \u00e9motion. Le cardinal a ensuite prononc\u00e9 des mots sans ambigu\u00eft\u00e9 : \u00ab\u00a0Toute colonisation est une violence, un viol du peuple. Le drame, c&rsquo;est que cette violence n&rsquo;a pas \u00e9t\u00e9 pleinement reconnue. Ce silence entretient les tensions actuelles entre l&rsquo;Alg\u00e9rie et la France.\u00a0\u00bb<\/p>\n\n\n\n<p>Face \u00e0 cette situation, Jean-Paul Vesco a plaid\u00e9 pour une d\u00e9marche courageuse de r\u00e9conciliation. \u00ab\u00a0Il faut oser une r\u00e9conciliation des m\u00e9moires, non pour accuser, mais pour lib\u00e9rer les g\u00e9n\u00e9rations \u00e0 venir\u00a0\u00bb, a-t-il d\u00e9clar\u00e9, ajoutant avec conviction : \u00ab\u00a0Je le dis avec conviction, il est temps de se reconna\u00eetre et de construire une fraternit\u00e9 r\u00e9elle. Ce n&rsquo;est pas seulement une parole d&rsquo;archev\u00eaque, mais celle d&rsquo;un homme attach\u00e9 \u00e0 la v\u00e9rit\u00e9 et \u00e0 l&rsquo;amiti\u00e9 entre les peuples.\u00a0\u00bb<\/p>\n\n\n\n<p>Ces d\u00e9clarations interviennent dans un contexte particuli\u00e8rement tendu, marqu\u00e9 par la mont\u00e9e de l\u2019alg\u00e9rophobie et un n\u00e9gationnisme historique en France pour s&rsquo;opposer \u00e0 toute reconnaissance des crimes coloniaux commis en Alg\u00e9rie entre 1830 et 1962. Le ministre fran\u00e7ais des Transports, Philippe Tabarot, dont le p\u00e8re \u00e9tait un chef de l&rsquo;OAS \u00e0 Oran, a ainsi d\u00e9clar\u00e9 vendredi sur la cha\u00eene d&rsquo;extr\u00eame droite CNews : \u00ab\u00a0On n&rsquo;a pas \u00e0 s&rsquo;excuser ni du pass\u00e9 ni du pr\u00e9sent\u00a0\u00bb, illustrant les r\u00e9sistances qui persistent dans les milieux politiques fran\u00e7ais et la persistance des discours de haine port\u00e9s par les nostalgiques de l\u2019Alg\u00e9rie fran\u00e7aise.<\/p>\n\n\n\n<p>Salim Amokrane<\/p>\n","protected":false},"excerpt":{"rendered":"<p>L&rsquo;Archev\u00eaque d&rsquo;Alger, Jean-Paul Vesco, a qualifi\u00e9 la politique alg\u00e9rienne en mati\u00e8re de dialogue interreligieux d&rsquo;exemple \u00e0 suivre, tout en appelant<\/p>\n","protected":false},"author":6,"featured_media":75326,"comment_status":"open","ping_status":"closed","sticky":false,"template":"","format":"standard","meta":{"colormag_page_container_layout":"default_layout","colormag_page_sidebar_layout":"default_layout","om_disable_all_campaigns":false,"_monsterinsights_skip_tracking":false,"_monsterinsights_sitenote_active":false,"_monsterinsights_sitenote_note":"","_monsterinsights_sitenote_category":0,"footnotes":"","_wpscppro_dont_share_socialmedia":false,"_wpscppro_custom_social_share_image":0,"_facebook_share_type":"default","_twitter_share_type":"default","_linkedin_share_type":"default","_pinterest_share_type":"default","_linkedin_share_type_page":"","_instagram_share_type":"default","_medium_share_type":"default","_threads_share_type":"default","_google_business_share_type":"default","_selected_social_profile":[],"_wpsp_enable_custom_social_template":false,"_wpsp_social_scheduling":{"enabled":false,"datetime":null,"platforms":[],"status":"template_only","dateOption":"today","timeOption":"now","customDays":"","customHours":"","customDate":"","customTime":"","schedulingType":"absolute"},"_wpsp_active_default_template":true},"categories":[27],"tags":[],"class_list":["post-75325","post","type-post","status-publish","format-standard","has-post-thumbnail","hentry","category-actualite"],"aioseo_notices":[],"yoast_head":"<!-- This site is optimized with the Yoast SEO plugin v27.5 - https:\/\/yoast.com\/product\/yoast-seo-wordpress\/ -->\n<title>Crise entre Alger et Paris\u00a0: Jean-Paul Vesco plaide pour une r\u00e9conciliation des m\u00e9moires - La Sentinelle<\/title>\n<meta name=\"robots\" content=\"index, follow, max-snippet:-1, max-image-preview:large, max-video-preview:-1\" \/>\n<link rel=\"canonical\" href=\"https:\/\/lasentinelle.dz\/index.php\/2025\/10\/26\/crise-entre-alger-et-paris-jean-paul-vesco-plaide-pour-une-reconciliation-des-memoires\/\" \/>\n<meta property=\"og:locale\" content=\"fr_FR\" \/>\n<meta property=\"og:type\" content=\"article\" \/>\n<meta property=\"og:title\" content=\"Crise entre Alger et Paris\u00a0: Jean-Paul Vesco plaide pour une r\u00e9conciliation des m\u00e9moires - La Sentinelle\" \/>\n<meta property=\"og:description\" content=\"L&rsquo;Archev\u00eaque d&rsquo;Alger, Jean-Paul Vesco, a qualifi\u00e9 la politique alg\u00e9rienne en mati\u00e8re de dialogue interreligieux d&rsquo;exemple \u00e0 suivre, tout en appelant\" \/>\n<meta property=\"og:url\" content=\"https:\/\/lasentinelle.dz\/index.php\/2025\/10\/26\/crise-entre-alger-et-paris-jean-paul-vesco-plaide-pour-une-reconciliation-des-memoires\/\" \/>\n<meta property=\"og:site_name\" content=\"La Sentinelle\" \/>\n<meta property=\"article:publisher\" content=\"https:\/\/www.facebook.com\/La-Sentinelle-104059864394773\" \/>\n<meta property=\"article:published_time\" content=\"2025-10-26T18:52:57+00:00\" \/>\n<meta property=\"article:modified_time\" content=\"2025-10-26T18:52:58+00:00\" \/>\n<meta property=\"og:image\" content=\"https:\/\/lasentinelle.dz\/wp-content\/uploads\/2025\/10\/VESCO.jpg\" \/>\n\t<meta property=\"og:image:width\" content=\"670\" \/>\n\t<meta property=\"og:image:height\" content=\"447\" \/>\n\t<meta property=\"og:image:type\" content=\"image\/jpeg\" \/>\n<meta name=\"author\" content=\"admin\" \/>\n<meta name=\"twitter:card\" content=\"summary_large_image\" \/>\n<meta name=\"twitter:label1\" content=\"\u00c9crit par\" \/>\n\t<meta name=\"twitter:data1\" content=\"admin\" \/>\n\t<meta name=\"twitter:label2\" content=\"Dur\u00e9e de lecture estim\u00e9e\" \/>\n\t<meta name=\"twitter:data2\" content=\"4 minutes\" \/>\n<script type=\"application\/ld+json\" class=\"yoast-schema-graph\">{\"@context\":\"https:\\\/\\\/schema.org\",\"@graph\":[{\"@type\":\"Article\",\"@id\":\"https:\\\/\\\/lasentinelle.dz\\\/index.php\\\/2025\\\/10\\\/26\\\/crise-entre-alger-et-paris-jean-paul-vesco-plaide-pour-une-reconciliation-des-memoires\\\/#article\",\"isPartOf\":{\"@id\":\"https:\\\/\\\/lasentinelle.dz\\\/index.php\\\/2025\\\/10\\\/26\\\/crise-entre-alger-et-paris-jean-paul-vesco-plaide-pour-une-reconciliation-des-memoires\\\/\"},\"author\":{\"name\":\"admin\",\"@id\":\"https:\\\/\\\/lasentinelle.dz\\\/#\\\/schema\\\/person\\\/729ee0024f24e0b8c5ec17232f8e8b41\"},\"headline\":\"Crise entre Alger et Paris\u00a0: Jean-Paul Vesco plaide pour une r\u00e9conciliation des m\u00e9moires\",\"datePublished\":\"2025-10-26T18:52:57+00:00\",\"dateModified\":\"2025-10-26T18:52:58+00:00\",\"mainEntityOfPage\":{\"@id\":\"https:\\\/\\\/lasentinelle.dz\\\/index.php\\\/2025\\\/10\\\/26\\\/crise-entre-alger-et-paris-jean-paul-vesco-plaide-pour-une-reconciliation-des-memoires\\\/\"},\"wordCount\":814,\"commentCount\":0,\"publisher\":{\"@id\":\"https:\\\/\\\/lasentinelle.dz\\\/#organization\"},\"image\":{\"@id\":\"https:\\\/\\\/lasentinelle.dz\\\/index.php\\\/2025\\\/10\\\/26\\\/crise-entre-alger-et-paris-jean-paul-vesco-plaide-pour-une-reconciliation-des-memoires\\\/#primaryimage\"},\"thumbnailUrl\":\"https:\\\/\\\/lasentinelle.dz\\\/wp-content\\\/uploads\\\/2025\\\/10\\\/VESCO.jpg\",\"articleSection\":[\"Actualit\u00e9\"],\"inLanguage\":\"fr-FR\",\"potentialAction\":[{\"@type\":\"CommentAction\",\"name\":\"Comment\",\"target\":[\"https:\\\/\\\/lasentinelle.dz\\\/index.php\\\/2025\\\/10\\\/26\\\/crise-entre-alger-et-paris-jean-paul-vesco-plaide-pour-une-reconciliation-des-memoires\\\/#respond\"]}]},{\"@type\":\"WebPage\",\"@id\":\"https:\\\/\\\/lasentinelle.dz\\\/index.php\\\/2025\\\/10\\\/26\\\/crise-entre-alger-et-paris-jean-paul-vesco-plaide-pour-une-reconciliation-des-memoires\\\/\",\"url\":\"https:\\\/\\\/lasentinelle.dz\\\/index.php\\\/2025\\\/10\\\/26\\\/crise-entre-alger-et-paris-jean-paul-vesco-plaide-pour-une-reconciliation-des-memoires\\\/\",\"name\":\"Crise entre Alger et Paris\u00a0: Jean-Paul Vesco plaide pour une r\u00e9conciliation des m\u00e9moires - La Sentinelle\",\"isPartOf\":{\"@id\":\"https:\\\/\\\/lasentinelle.dz\\\/#website\"},\"primaryImageOfPage\":{\"@id\":\"https:\\\/\\\/lasentinelle.dz\\\/index.php\\\/2025\\\/10\\\/26\\\/crise-entre-alger-et-paris-jean-paul-vesco-plaide-pour-une-reconciliation-des-memoires\\\/#primaryimage\"},\"image\":{\"@id\":\"https:\\\/\\\/lasentinelle.dz\\\/index.php\\\/2025\\\/10\\\/26\\\/crise-entre-alger-et-paris-jean-paul-vesco-plaide-pour-une-reconciliation-des-memoires\\\/#primaryimage\"},\"thumbnailUrl\":\"https:\\\/\\\/lasentinelle.dz\\\/wp-content\\\/uploads\\\/2025\\\/10\\\/VESCO.jpg\",\"datePublished\":\"2025-10-26T18:52:57+00:00\",\"dateModified\":\"2025-10-26T18:52:58+00:00\",\"breadcrumb\":{\"@id\":\"https:\\\/\\\/lasentinelle.dz\\\/index.php\\\/2025\\\/10\\\/26\\\/crise-entre-alger-et-paris-jean-paul-vesco-plaide-pour-une-reconciliation-des-memoires\\\/#breadcrumb\"},\"inLanguage\":\"fr-FR\",\"potentialAction\":[{\"@type\":\"ReadAction\",\"target\":[\"https:\\\/\\\/lasentinelle.dz\\\/index.php\\\/2025\\\/10\\\/26\\\/crise-entre-alger-et-paris-jean-paul-vesco-plaide-pour-une-reconciliation-des-memoires\\\/\"]}]},{\"@type\":\"ImageObject\",\"inLanguage\":\"fr-FR\",\"@id\":\"https:\\\/\\\/lasentinelle.dz\\\/index.php\\\/2025\\\/10\\\/26\\\/crise-entre-alger-et-paris-jean-paul-vesco-plaide-pour-une-reconciliation-des-memoires\\\/#primaryimage\",\"url\":\"https:\\\/\\\/lasentinelle.dz\\\/wp-content\\\/uploads\\\/2025\\\/10\\\/VESCO.jpg\",\"contentUrl\":\"https:\\\/\\\/lasentinelle.dz\\\/wp-content\\\/uploads\\\/2025\\\/10\\\/VESCO.jpg\",\"width\":670,\"height\":447},{\"@type\":\"BreadcrumbList\",\"@id\":\"https:\\\/\\\/lasentinelle.dz\\\/index.php\\\/2025\\\/10\\\/26\\\/crise-entre-alger-et-paris-jean-paul-vesco-plaide-pour-une-reconciliation-des-memoires\\\/#breadcrumb\",\"itemListElement\":[{\"@type\":\"ListItem\",\"position\":1,\"name\":\"Accueil\",\"item\":\"https:\\\/\\\/lasentinelle.dz\\\/\"},{\"@type\":\"ListItem\",\"position\":2,\"name\":\"Crise entre Alger et Paris\u00a0: Jean-Paul Vesco plaide pour une r\u00e9conciliation des m\u00e9moires\"}]},{\"@type\":\"WebSite\",\"@id\":\"https:\\\/\\\/lasentinelle.dz\\\/#website\",\"url\":\"https:\\\/\\\/lasentinelle.dz\\\/\",\"name\":\"La Sentinelle\",\"description\":\"Quotidien national d&#039;information\",\"publisher\":{\"@id\":\"https:\\\/\\\/lasentinelle.dz\\\/#organization\"},\"potentialAction\":[{\"@type\":\"SearchAction\",\"target\":{\"@type\":\"EntryPoint\",\"urlTemplate\":\"https:\\\/\\\/lasentinelle.dz\\\/?s={search_term_string}\"},\"query-input\":{\"@type\":\"PropertyValueSpecification\",\"valueRequired\":true,\"valueName\":\"search_term_string\"}}],\"inLanguage\":\"fr-FR\"},{\"@type\":\"Organization\",\"@id\":\"https:\\\/\\\/lasentinelle.dz\\\/#organization\",\"name\":\"Quotidien La Sentinelle\",\"url\":\"https:\\\/\\\/lasentinelle.dz\\\/\",\"logo\":{\"@type\":\"ImageObject\",\"inLanguage\":\"fr-FR\",\"@id\":\"https:\\\/\\\/lasentinelle.dz\\\/#\\\/schema\\\/logo\\\/image\\\/\",\"url\":\"https:\\\/\\\/lasentinelle.dz\\\/wp-content\\\/uploads\\\/2021\\\/09\\\/logo-sentinelleSLOGAN-1.png\",\"contentUrl\":\"https:\\\/\\\/lasentinelle.dz\\\/wp-content\\\/uploads\\\/2021\\\/09\\\/logo-sentinelleSLOGAN-1.png\",\"width\":615,\"height\":142,\"caption\":\"Quotidien La Sentinelle\"},\"image\":{\"@id\":\"https:\\\/\\\/lasentinelle.dz\\\/#\\\/schema\\\/logo\\\/image\\\/\"},\"sameAs\":[\"https:\\\/\\\/www.facebook.com\\\/La-Sentinelle-104059864394773\"]},{\"@type\":\"Person\",\"@id\":\"https:\\\/\\\/lasentinelle.dz\\\/#\\\/schema\\\/person\\\/729ee0024f24e0b8c5ec17232f8e8b41\",\"name\":\"admin\",\"image\":{\"@type\":\"ImageObject\",\"inLanguage\":\"fr-FR\",\"@id\":\"https:\\\/\\\/secure.gravatar.com\\\/avatar\\\/4c81fed838786e9b53f540bf46533e750f5d292099ae3b66cfc6fb1982e29df7?s=96&d=mm&r=g\",\"url\":\"https:\\\/\\\/secure.gravatar.com\\\/avatar\\\/4c81fed838786e9b53f540bf46533e750f5d292099ae3b66cfc6fb1982e29df7?s=96&d=mm&r=g\",\"contentUrl\":\"https:\\\/\\\/secure.gravatar.com\\\/avatar\\\/4c81fed838786e9b53f540bf46533e750f5d292099ae3b66cfc6fb1982e29df7?s=96&d=mm&r=g\",\"caption\":\"admin\"},\"description\":\"admin\",\"url\":\"https:\\\/\\\/lasentinelle.dz\\\/author\\\/admin\\\/\"}]}<\/script>\n<!-- \/ Yoast SEO plugin. -->","yoast_head_json":{"title":"Crise entre Alger et Paris\u00a0: Jean-Paul Vesco plaide pour une r\u00e9conciliation des m\u00e9moires - La Sentinelle","robots":{"index":"index","follow":"follow","max-snippet":"max-snippet:-1","max-image-preview":"max-image-preview:large","max-video-preview":"max-video-preview:-1"},"canonical":"https:\/\/lasentinelle.dz\/index.php\/2025\/10\/26\/crise-entre-alger-et-paris-jean-paul-vesco-plaide-pour-une-reconciliation-des-memoires\/","og_locale":"fr_FR","og_type":"article","og_title":"Crise entre Alger et Paris\u00a0: Jean-Paul Vesco plaide pour une r\u00e9conciliation des m\u00e9moires - La Sentinelle","og_description":"L&rsquo;Archev\u00eaque d&rsquo;Alger, Jean-Paul Vesco, a qualifi\u00e9 la politique alg\u00e9rienne en mati\u00e8re de dialogue interreligieux d&rsquo;exemple \u00e0 suivre, tout en appelant","og_url":"https:\/\/lasentinelle.dz\/index.php\/2025\/10\/26\/crise-entre-alger-et-paris-jean-paul-vesco-plaide-pour-une-reconciliation-des-memoires\/","og_site_name":"La Sentinelle","article_publisher":"https:\/\/www.facebook.com\/La-Sentinelle-104059864394773","article_published_time":"2025-10-26T18:52:57+00:00","article_modified_time":"2025-10-26T18:52:58+00:00","og_image":[{"width":670,"height":447,"url":"https:\/\/lasentinelle.dz\/wp-content\/uploads\/2025\/10\/VESCO.jpg","type":"image\/jpeg"}],"author":"admin","twitter_card":"summary_large_image","twitter_misc":{"\u00c9crit par":"admin","Dur\u00e9e de lecture estim\u00e9e":"4 minutes"},"schema":{"@context":"https:\/\/schema.org","@graph":[{"@type":"Article","@id":"https:\/\/lasentinelle.dz\/index.php\/2025\/10\/26\/crise-entre-alger-et-paris-jean-paul-vesco-plaide-pour-une-reconciliation-des-memoires\/#article","isPartOf":{"@id":"https:\/\/lasentinelle.dz\/index.php\/2025\/10\/26\/crise-entre-alger-et-paris-jean-paul-vesco-plaide-pour-une-reconciliation-des-memoires\/"},"author":{"name":"admin","@id":"https:\/\/lasentinelle.dz\/#\/schema\/person\/729ee0024f24e0b8c5ec17232f8e8b41"},"headline":"Crise entre Alger et Paris\u00a0: Jean-Paul Vesco plaide pour une r\u00e9conciliation des m\u00e9moires","datePublished":"2025-10-26T18:52:57+00:00","dateModified":"2025-10-26T18:52:58+00:00","mainEntityOfPage":{"@id":"https:\/\/lasentinelle.dz\/index.php\/2025\/10\/26\/crise-entre-alger-et-paris-jean-paul-vesco-plaide-pour-une-reconciliation-des-memoires\/"},"wordCount":814,"commentCount":0,"publisher":{"@id":"https:\/\/lasentinelle.dz\/#organization"},"image":{"@id":"https:\/\/lasentinelle.dz\/index.php\/2025\/10\/26\/crise-entre-alger-et-paris-jean-paul-vesco-plaide-pour-une-reconciliation-des-memoires\/#primaryimage"},"thumbnailUrl":"https:\/\/lasentinelle.dz\/wp-content\/uploads\/2025\/10\/VESCO.jpg","articleSection":["Actualit\u00e9"],"inLanguage":"fr-FR","potentialAction":[{"@type":"CommentAction","name":"Comment","target":["https:\/\/lasentinelle.dz\/index.php\/2025\/10\/26\/crise-entre-alger-et-paris-jean-paul-vesco-plaide-pour-une-reconciliation-des-memoires\/#respond"]}]},{"@type":"WebPage","@id":"https:\/\/lasentinelle.dz\/index.php\/2025\/10\/26\/crise-entre-alger-et-paris-jean-paul-vesco-plaide-pour-une-reconciliation-des-memoires\/","url":"https:\/\/lasentinelle.dz\/index.php\/2025\/10\/26\/crise-entre-alger-et-paris-jean-paul-vesco-plaide-pour-une-reconciliation-des-memoires\/","name":"Crise entre Alger et Paris\u00a0: Jean-Paul Vesco plaide pour une r\u00e9conciliation des m\u00e9moires - La Sentinelle","isPartOf":{"@id":"https:\/\/lasentinelle.dz\/#website"},"primaryImageOfPage":{"@id":"https:\/\/lasentinelle.dz\/index.php\/2025\/10\/26\/crise-entre-alger-et-paris-jean-paul-vesco-plaide-pour-une-reconciliation-des-memoires\/#primaryimage"},"image":{"@id":"https:\/\/lasentinelle.dz\/index.php\/2025\/10\/26\/crise-entre-alger-et-paris-jean-paul-vesco-plaide-pour-une-reconciliation-des-memoires\/#primaryimage"},"thumbnailUrl":"https:\/\/lasentinelle.dz\/wp-content\/uploads\/2025\/10\/VESCO.jpg","datePublished":"2025-10-26T18:52:57+00:00","dateModified":"2025-10-26T18:52:58+00:00","breadcrumb":{"@id":"https:\/\/lasentinelle.dz\/index.php\/2025\/10\/26\/crise-entre-alger-et-paris-jean-paul-vesco-plaide-pour-une-reconciliation-des-memoires\/#breadcrumb"},"inLanguage":"fr-FR","potentialAction":[{"@type":"ReadAction","target":["https:\/\/lasentinelle.dz\/index.php\/2025\/10\/26\/crise-entre-alger-et-paris-jean-paul-vesco-plaide-pour-une-reconciliation-des-memoires\/"]}]},{"@type":"ImageObject","inLanguage":"fr-FR","@id":"https:\/\/lasentinelle.dz\/index.php\/2025\/10\/26\/crise-entre-alger-et-paris-jean-paul-vesco-plaide-pour-une-reconciliation-des-memoires\/#primaryimage","url":"https:\/\/lasentinelle.dz\/wp-content\/uploads\/2025\/10\/VESCO.jpg","contentUrl":"https:\/\/lasentinelle.dz\/wp-content\/uploads\/2025\/10\/VESCO.jpg","width":670,"height":447},{"@type":"BreadcrumbList","@id":"https:\/\/lasentinelle.dz\/index.php\/2025\/10\/26\/crise-entre-alger-et-paris-jean-paul-vesco-plaide-pour-une-reconciliation-des-memoires\/#breadcrumb","itemListElement":[{"@type":"ListItem","position":1,"name":"Accueil","item":"https:\/\/lasentinelle.dz\/"},{"@type":"ListItem","position":2,"name":"Crise entre Alger et Paris\u00a0: Jean-Paul Vesco plaide pour une r\u00e9conciliation des m\u00e9moires"}]},{"@type":"WebSite","@id":"https:\/\/lasentinelle.dz\/#website","url":"https:\/\/lasentinelle.dz\/","name":"La Sentinelle","description":"Quotidien national d&#039;information","publisher":{"@id":"https:\/\/lasentinelle.dz\/#organization"},"potentialAction":[{"@type":"SearchAction","target":{"@type":"EntryPoint","urlTemplate":"https:\/\/lasentinelle.dz\/?s={search_term_string}"},"query-input":{"@type":"PropertyValueSpecification","valueRequired":true,"valueName":"search_term_string"}}],"inLanguage":"fr-FR"},{"@type":"Organization","@id":"https:\/\/lasentinelle.dz\/#organization","name":"Quotidien La Sentinelle","url":"https:\/\/lasentinelle.dz\/","logo":{"@type":"ImageObject","inLanguage":"fr-FR","@id":"https:\/\/lasentinelle.dz\/#\/schema\/logo\/image\/","url":"https:\/\/lasentinelle.dz\/wp-content\/uploads\/2021\/09\/logo-sentinelleSLOGAN-1.png","contentUrl":"https:\/\/lasentinelle.dz\/wp-content\/uploads\/2021\/09\/logo-sentinelleSLOGAN-1.png","width":615,"height":142,"caption":"Quotidien La Sentinelle"},"image":{"@id":"https:\/\/lasentinelle.dz\/#\/schema\/logo\/image\/"},"sameAs":["https:\/\/www.facebook.com\/La-Sentinelle-104059864394773"]},{"@type":"Person","@id":"https:\/\/lasentinelle.dz\/#\/schema\/person\/729ee0024f24e0b8c5ec17232f8e8b41","name":"admin","image":{"@type":"ImageObject","inLanguage":"fr-FR","@id":"https:\/\/secure.gravatar.com\/avatar\/4c81fed838786e9b53f540bf46533e750f5d292099ae3b66cfc6fb1982e29df7?s=96&d=mm&r=g","url":"https:\/\/secure.gravatar.com\/avatar\/4c81fed838786e9b53f540bf46533e750f5d292099ae3b66cfc6fb1982e29df7?s=96&d=mm&r=g","contentUrl":"https:\/\/secure.gravatar.com\/avatar\/4c81fed838786e9b53f540bf46533e750f5d292099ae3b66cfc6fb1982e29df7?s=96&d=mm&r=g","caption":"admin"},"description":"admin","url":"https:\/\/lasentinelle.dz\/author\/admin\/"}]}},"_links":{"self":[{"href":"https:\/\/lasentinelle.dz\/index.php\/wp-json\/wp\/v2\/posts\/75325","targetHints":{"allow":["GET"]}}],"collection":[{"href":"https:\/\/lasentinelle.dz\/index.php\/wp-json\/wp\/v2\/posts"}],"about":[{"href":"https:\/\/lasentinelle.dz\/index.php\/wp-json\/wp\/v2\/types\/post"}],"author":[{"embeddable":true,"href":"https:\/\/lasentinelle.dz\/index.php\/wp-json\/wp\/v2\/users\/6"}],"replies":[{"embeddable":true,"href":"https:\/\/lasentinelle.dz\/index.php\/wp-json\/wp\/v2\/comments?post=75325"}],"version-history":[{"count":1,"href":"https:\/\/lasentinelle.dz\/index.php\/wp-json\/wp\/v2\/posts\/75325\/revisions"}],"predecessor-version":[{"id":75327,"href":"https:\/\/lasentinelle.dz\/index.php\/wp-json\/wp\/v2\/posts\/75325\/revisions\/75327"}],"wp:featuredmedia":[{"embeddable":true,"href":"https:\/\/lasentinelle.dz\/index.php\/wp-json\/wp\/v2\/media\/75326"}],"wp:attachment":[{"href":"https:\/\/lasentinelle.dz\/index.php\/wp-json\/wp\/v2\/media?parent=75325"}],"wp:term":[{"taxonomy":"category","embeddable":true,"href":"https:\/\/lasentinelle.dz\/index.php\/wp-json\/wp\/v2\/categories?post=75325"},{"taxonomy":"post_tag","embeddable":true,"href":"https:\/\/lasentinelle.dz\/index.php\/wp-json\/wp\/v2\/tags?post=75325"}],"curies":[{"name":"wp","href":"https:\/\/api.w.org\/{rel}","templated":true}]}}