{"id":75328,"date":"2025-10-26T19:53:52","date_gmt":"2025-10-26T18:53:52","guid":{"rendered":"https:\/\/lasentinelle.dz\/?p=75328"},"modified":"2025-10-26T19:53:53","modified_gmt":"2025-10-26T18:53:53","slug":"un-engagement-reaffirme-pour-le-multilateralisme","status":"publish","type":"post","link":"https:\/\/lasentinelle.dz\/index.php\/2025\/10\/26\/un-engagement-reaffirme-pour-le-multilateralisme\/","title":{"rendered":"Un engagement r\u00e9affirm\u00e9 pour le multilat\u00e9ralisme"},"content":{"rendered":"\n<p><strong>Loun\u00e8s Magramane a soulign\u00e9 le r\u00f4le de l&rsquo;Alg\u00e9rie dans l&rsquo;\u00e9laboration de cet instrument juridique international et r\u00e9affirme l&rsquo;engagement du pays en faveur du multilat\u00e9ralisme.<\/strong><\/p>\n\n\n\n<p>Le Secr\u00e9taire g\u00e9n\u00e9ral du minist\u00e8re des Affaires \u00e9trang\u00e8res, de la Communaut\u00e9 nationale \u00e0 l&rsquo;\u00e9tranger et des Affaires africaines, Loun\u00e8s Magramane, a sign\u00e9 samedi \u00e0 Hano\u00ef la Convention des Nations Unies contre la cybercriminalit\u00e9 au nom de l&rsquo;Alg\u00e9rie, lors d&rsquo;une c\u00e9r\u00e9monie de haut niveau organis\u00e9e dans la capitale vietnamienne. Dans une allocution prononc\u00e9e \u00e0 cette occasion, le diplomate alg\u00e9rien a soulign\u00e9 que cette signature constitue une r\u00e9affirmation de l&rsquo;engagement constant de l&rsquo;Alg\u00e9rie en faveur du multilat\u00e9ralisme et de la coop\u00e9ration internationale, en tant qu&rsquo;instrument essentiel pour relever les d\u00e9fis mondiaux \u00e9mergents. Loun\u00e8s Magramane a tenu \u00e0 saluer le r\u00f4le central jou\u00e9 par l&rsquo;Alg\u00e9rie dans l&rsquo;\u00e9laboration de cette convention internationale. Le pays a en effet pr\u00e9sid\u00e9 le Comit\u00e9 sp\u00e9cial charg\u00e9 de r\u00e9diger ce texte, confiant cette mission d\u00e9licate \u00e0 l&rsquo;ambassadrice Fouzia Mebarki qui a conduit avec succ\u00e8s le processus de n\u00e9gociation pendant quatre ann\u00e9es. Selon le secr\u00e9taire g\u00e9n\u00e9ral du minist\u00e8re des Affaires \u00e9trang\u00e8res, \u00ab\u00a0la signature officielle de cette convention par l&rsquo;Alg\u00e9rie traduit son engagement constant en faveur du multilat\u00e9ralisme et de la coop\u00e9ration internationale, en tant qu&rsquo;instrument essentiel pour relever les d\u00e9fis mondiaux \u00e9mergents\u00a0\u00bb. Cette convention repr\u00e9sente bien plus qu&rsquo;un simple accord diplomatique. Elle constitue un cadre juridique contraignant pour une r\u00e9ponse collective aux risques multiformes li\u00e9s \u00e0 la cybercriminalit\u00e9, un ph\u00e9nom\u00e8ne en constante expansion qui menace la s\u00e9curit\u00e9 des \u00c9tats et des citoyens \u00e0 travers le monde. Le texte pr\u00e9voit notamment la cr\u00e9ation de m\u00e9canismes visant \u00e0 adapter les enqu\u00eates p\u00e9nales traditionnelles \u00e0 l&rsquo;environnement des technologies de l&rsquo;information, ainsi que la mise en place d&rsquo;un m\u00e9canisme mondial d&rsquo;\u00e9change de preuves \u00e9lectroniques concernant les crimes graves.<\/p>\n\n\n\n<p>Loun\u00e8s Magramane a profit\u00e9 de cette tribune internationale pour mettre en avant les efforts de l&rsquo;Alg\u00e9rie sur le plan national en mati\u00e8re de transformation num\u00e9rique. Il a soulign\u00e9 \u00ab\u00a0l&rsquo;int\u00e9r\u00eat majeur port\u00e9 par le pr\u00e9sident de la R\u00e9publique, M. Abdelmadjid Tebboune, \u00e0 la transformation num\u00e9rique, qu&rsquo;il a plac\u00e9e au c\u0153ur des priorit\u00e9s nationales, \u00e0 travers l&rsquo;adoption d&rsquo;une strat\u00e9gie ambitieuse dans ce domaine\u00a0\u00bb. Cette approche volontariste t\u00e9moigne de la d\u00e9termination des autorit\u00e9s \u00e0 faire de la transition num\u00e9rique un levier de d\u00e9veloppement tout en se dotant des outils juridiques n\u00e9cessaires pour faire face aux menaces cybercriminelles. Les organisateurs de la c\u00e9r\u00e9monie de Hano\u00ef ont rendu un hommage appuy\u00e9 au travail accompli par la diplomatie alg\u00e9rienne. Ils ont particuli\u00e8rement salu\u00e9 le r\u00f4le et les efforts soutenus de l&rsquo;ambassadrice Fouzia Mebarki qui, en sa qualit\u00e9 de pr\u00e9sidente du Comit\u00e9 sp\u00e9cial charg\u00e9 d&rsquo;\u00e9laborer le texte de cette convention, a men\u00e9 \u00e0 bien un processus de n\u00e9gociation complexe impliquant de nombreux \u00c9tats aux int\u00e9r\u00eats parfois divergents. Ces efforts ont finalement abouti \u00e0 l&rsquo;adoption de la convention par l&rsquo;ONU et \u00e0 l&rsquo;ouverture de la c\u00e9r\u00e9monie de signature dans la capitale vietnamienne.<\/p>\n\n\n\n<p>Cette r\u00e9ussite diplomatique s&rsquo;inscrit dans une s\u00e9rie de succ\u00e8s enregistr\u00e9s par la diplomatie alg\u00e9rienne au cours des derni\u00e8res ann\u00e9es sous la conduite du pr\u00e9sident Abdelmadjid Tebboune. L&rsquo;adoption de cette convention vient ainsi renforcer le positionnement de l&rsquo;Alg\u00e9rie sur la sc\u00e8ne internationale et confirmer son r\u00f4le actif dans les instances multilat\u00e9rales, notamment au sein du syst\u00e8me onusien. Le secr\u00e9taire g\u00e9n\u00e9ral des Nations unies, Antonio Guterres, s&rsquo;est f\u00e9licit\u00e9 de l&rsquo;adoption de cette nouvelle convention lors d&rsquo;une allocution prononc\u00e9e vendredi \u00e0 New York. Il a appel\u00e9 les gouvernements \u00e0 bien se servir du cyberespace et \u00e0 veiller \u00e0 ce que ce dernier apporte \u00ab\u00a0paix, s\u00e9curit\u00e9 et prosp\u00e9rit\u00e9 \u00e0 tous\u00a0\u00bb. Selon le chef de l&rsquo;ONU, la convention repr\u00e9sente \u00ab\u00a0une victoire pour les victimes d&rsquo;abus en ligne et une voie claire pour les enqu\u00eateurs et les procureurs, afin de surmonter les obstacles \u00e0 la justice lorsque les crimes et les preuves traversent de multiples fronti\u00e8res\u00a0\u00bb.<\/p>\n\n\n\n<p>Antonio Guterres a \u00e9galement soulign\u00e9 que le trait\u00e9 vise \u00e0 am\u00e9liorer la coop\u00e9ration entre les services de r\u00e9pression tout en pr\u00e9servant la vie priv\u00e9e, la dignit\u00e9 et les droits humains fondamentaux. \u00ab\u00a0En \u00e9tablissant une norme mondiale pour les preuves \u00e9lectroniques, le trait\u00e9 vise \u00e0 am\u00e9liorer la coop\u00e9ration entre les services de r\u00e9pression tout en pr\u00e9servant la vie priv\u00e9e, la dignit\u00e9 et les droits humains fondamentaux\u00a0\u00bb, a-t-il pr\u00e9cis\u00e9.<\/p>\n\n\n\n<p>L&rsquo;urgence d&rsquo;une telle convention s&rsquo;explique par l&rsquo;ampleur croissante de la menace cybercriminelle. Selon les experts du secteur cit\u00e9s par l&rsquo;ONU, le co\u00fbt mondial de la cybercriminalit\u00e9 devrait atteindre 10.500 milliards de dollars par an d&rsquo;ici 2025. Pour de nombreux gouvernements, notamment ceux des pays du Sud, ce trait\u00e9 repr\u00e9sente une opportunit\u00e9 pr\u00e9cieuse d&rsquo;acc\u00e9der \u00e0 des formations, \u00e0 une assistance technique et \u00e0 des canaux de coop\u00e9ration en temps r\u00e9el, essentiels pour faire face efficacement \u00e0 des menaces num\u00e9riques de plus en plus sophistiqu\u00e9es.<\/p>\n\n\n\n<p>Hocine Fadheli<\/p>\n","protected":false},"excerpt":{"rendered":"<p>Loun\u00e8s Magramane a soulign\u00e9 le r\u00f4le de l&rsquo;Alg\u00e9rie dans l&rsquo;\u00e9laboration de cet instrument juridique international et r\u00e9affirme l&rsquo;engagement du pays<\/p>\n","protected":false},"author":6,"featured_media":75329,"comment_status":"open","ping_status":"closed","sticky":false,"template":"","format":"standard","meta":{"colormag_page_container_layout":"default_layout","colormag_page_sidebar_layout":"default_layout","om_disable_all_campaigns":false,"_monsterinsights_skip_tracking":false,"_monsterinsights_sitenote_active":false,"_monsterinsights_sitenote_note":"","_monsterinsights_sitenote_category":0,"footnotes":"","_wpscppro_dont_share_socialmedia":false,"_wpscppro_custom_social_share_image":0,"_facebook_share_type":"default","_twitter_share_type":"default","_linkedin_share_type":"default","_pinterest_share_type":"default","_linkedin_share_type_page":"","_instagram_share_type":"default","_medium_share_type":"default","_threads_share_type":"default","_google_business_share_type":"default","_selected_social_profile":[],"_wpsp_enable_custom_social_template":false,"_wpsp_social_scheduling":{"enabled":false,"datetime":null,"platforms":[],"status":"template_only","dateOption":"today","timeOption":"now","customDays":"","customHours":"","customDate":"","customTime":"","schedulingType":"absolute"},"_wpsp_active_default_template":true},"categories":[27],"tags":[],"class_list":["post-75328","post","type-post","status-publish","format-standard","has-post-thumbnail","hentry","category-actualite"],"aioseo_notices":[],"yoast_head":"<!-- This site is optimized with the Yoast SEO plugin v27.5 - https:\/\/yoast.com\/product\/yoast-seo-wordpress\/ -->\n<title>Un engagement r\u00e9affirm\u00e9 pour le multilat\u00e9ralisme - La Sentinelle<\/title>\n<meta name=\"robots\" content=\"index, follow, max-snippet:-1, max-image-preview:large, max-video-preview:-1\" \/>\n<link rel=\"canonical\" href=\"https:\/\/lasentinelle.dz\/index.php\/2025\/10\/26\/un-engagement-reaffirme-pour-le-multilateralisme\/\" \/>\n<meta property=\"og:locale\" content=\"fr_FR\" \/>\n<meta property=\"og:type\" content=\"article\" \/>\n<meta property=\"og:title\" content=\"Un engagement r\u00e9affirm\u00e9 pour le multilat\u00e9ralisme - La Sentinelle\" \/>\n<meta property=\"og:description\" content=\"Loun\u00e8s Magramane a soulign\u00e9 le r\u00f4le de l&rsquo;Alg\u00e9rie dans l&rsquo;\u00e9laboration de cet instrument juridique international et r\u00e9affirme l&rsquo;engagement du pays\" \/>\n<meta property=\"og:url\" content=\"https:\/\/lasentinelle.dz\/index.php\/2025\/10\/26\/un-engagement-reaffirme-pour-le-multilateralisme\/\" \/>\n<meta property=\"og:site_name\" content=\"La Sentinelle\" \/>\n<meta property=\"article:publisher\" content=\"https:\/\/www.facebook.com\/La-Sentinelle-104059864394773\" \/>\n<meta property=\"article:published_time\" content=\"2025-10-26T18:53:52+00:00\" \/>\n<meta property=\"article:modified_time\" content=\"2025-10-26T18:53:53+00:00\" \/>\n<meta property=\"og:image\" content=\"https:\/\/lasentinelle.dz\/wp-content\/uploads\/2025\/10\/magramane.jpg\" \/>\n\t<meta property=\"og:image:width\" content=\"1029\" \/>\n\t<meta property=\"og:image:height\" content=\"596\" \/>\n\t<meta property=\"og:image:type\" content=\"image\/jpeg\" \/>\n<meta name=\"author\" content=\"admin\" \/>\n<meta name=\"twitter:card\" content=\"summary_large_image\" \/>\n<meta name=\"twitter:label1\" content=\"\u00c9crit par\" \/>\n\t<meta name=\"twitter:data1\" content=\"admin\" \/>\n\t<meta name=\"twitter:label2\" content=\"Dur\u00e9e de lecture estim\u00e9e\" \/>\n\t<meta name=\"twitter:data2\" content=\"5 minutes\" \/>\n<script type=\"application\/ld+json\" class=\"yoast-schema-graph\">{\"@context\":\"https:\\\/\\\/schema.org\",\"@graph\":[{\"@type\":\"Article\",\"@id\":\"https:\\\/\\\/lasentinelle.dz\\\/index.php\\\/2025\\\/10\\\/26\\\/un-engagement-reaffirme-pour-le-multilateralisme\\\/#article\",\"isPartOf\":{\"@id\":\"https:\\\/\\\/lasentinelle.dz\\\/index.php\\\/2025\\\/10\\\/26\\\/un-engagement-reaffirme-pour-le-multilateralisme\\\/\"},\"author\":{\"name\":\"admin\",\"@id\":\"https:\\\/\\\/lasentinelle.dz\\\/#\\\/schema\\\/person\\\/729ee0024f24e0b8c5ec17232f8e8b41\"},\"headline\":\"Un engagement r\u00e9affirm\u00e9 pour le multilat\u00e9ralisme\",\"datePublished\":\"2025-10-26T18:53:52+00:00\",\"dateModified\":\"2025-10-26T18:53:53+00:00\",\"mainEntityOfPage\":{\"@id\":\"https:\\\/\\\/lasentinelle.dz\\\/index.php\\\/2025\\\/10\\\/26\\\/un-engagement-reaffirme-pour-le-multilateralisme\\\/\"},\"wordCount\":924,\"commentCount\":0,\"publisher\":{\"@id\":\"https:\\\/\\\/lasentinelle.dz\\\/#organization\"},\"image\":{\"@id\":\"https:\\\/\\\/lasentinelle.dz\\\/index.php\\\/2025\\\/10\\\/26\\\/un-engagement-reaffirme-pour-le-multilateralisme\\\/#primaryimage\"},\"thumbnailUrl\":\"https:\\\/\\\/lasentinelle.dz\\\/wp-content\\\/uploads\\\/2025\\\/10\\\/magramane.jpg\",\"articleSection\":[\"Actualit\u00e9\"],\"inLanguage\":\"fr-FR\",\"potentialAction\":[{\"@type\":\"CommentAction\",\"name\":\"Comment\",\"target\":[\"https:\\\/\\\/lasentinelle.dz\\\/index.php\\\/2025\\\/10\\\/26\\\/un-engagement-reaffirme-pour-le-multilateralisme\\\/#respond\"]}]},{\"@type\":\"WebPage\",\"@id\":\"https:\\\/\\\/lasentinelle.dz\\\/index.php\\\/2025\\\/10\\\/26\\\/un-engagement-reaffirme-pour-le-multilateralisme\\\/\",\"url\":\"https:\\\/\\\/lasentinelle.dz\\\/index.php\\\/2025\\\/10\\\/26\\\/un-engagement-reaffirme-pour-le-multilateralisme\\\/\",\"name\":\"Un engagement r\u00e9affirm\u00e9 pour le multilat\u00e9ralisme - La Sentinelle\",\"isPartOf\":{\"@id\":\"https:\\\/\\\/lasentinelle.dz\\\/#website\"},\"primaryImageOfPage\":{\"@id\":\"https:\\\/\\\/lasentinelle.dz\\\/index.php\\\/2025\\\/10\\\/26\\\/un-engagement-reaffirme-pour-le-multilateralisme\\\/#primaryimage\"},\"image\":{\"@id\":\"https:\\\/\\\/lasentinelle.dz\\\/index.php\\\/2025\\\/10\\\/26\\\/un-engagement-reaffirme-pour-le-multilateralisme\\\/#primaryimage\"},\"thumbnailUrl\":\"https:\\\/\\\/lasentinelle.dz\\\/wp-content\\\/uploads\\\/2025\\\/10\\\/magramane.jpg\",\"datePublished\":\"2025-10-26T18:53:52+00:00\",\"dateModified\":\"2025-10-26T18:53:53+00:00\",\"breadcrumb\":{\"@id\":\"https:\\\/\\\/lasentinelle.dz\\\/index.php\\\/2025\\\/10\\\/26\\\/un-engagement-reaffirme-pour-le-multilateralisme\\\/#breadcrumb\"},\"inLanguage\":\"fr-FR\",\"potentialAction\":[{\"@type\":\"ReadAction\",\"target\":[\"https:\\\/\\\/lasentinelle.dz\\\/index.php\\\/2025\\\/10\\\/26\\\/un-engagement-reaffirme-pour-le-multilateralisme\\\/\"]}]},{\"@type\":\"ImageObject\",\"inLanguage\":\"fr-FR\",\"@id\":\"https:\\\/\\\/lasentinelle.dz\\\/index.php\\\/2025\\\/10\\\/26\\\/un-engagement-reaffirme-pour-le-multilateralisme\\\/#primaryimage\",\"url\":\"https:\\\/\\\/lasentinelle.dz\\\/wp-content\\\/uploads\\\/2025\\\/10\\\/magramane.jpg\",\"contentUrl\":\"https:\\\/\\\/lasentinelle.dz\\\/wp-content\\\/uploads\\\/2025\\\/10\\\/magramane.jpg\",\"width\":1029,\"height\":596},{\"@type\":\"BreadcrumbList\",\"@id\":\"https:\\\/\\\/lasentinelle.dz\\\/index.php\\\/2025\\\/10\\\/26\\\/un-engagement-reaffirme-pour-le-multilateralisme\\\/#breadcrumb\",\"itemListElement\":[{\"@type\":\"ListItem\",\"position\":1,\"name\":\"Accueil\",\"item\":\"https:\\\/\\\/lasentinelle.dz\\\/\"},{\"@type\":\"ListItem\",\"position\":2,\"name\":\"Un engagement r\u00e9affirm\u00e9 pour le multilat\u00e9ralisme\"}]},{\"@type\":\"WebSite\",\"@id\":\"https:\\\/\\\/lasentinelle.dz\\\/#website\",\"url\":\"https:\\\/\\\/lasentinelle.dz\\\/\",\"name\":\"La Sentinelle\",\"description\":\"Quotidien national d&#039;information\",\"publisher\":{\"@id\":\"https:\\\/\\\/lasentinelle.dz\\\/#organization\"},\"potentialAction\":[{\"@type\":\"SearchAction\",\"target\":{\"@type\":\"EntryPoint\",\"urlTemplate\":\"https:\\\/\\\/lasentinelle.dz\\\/?s={search_term_string}\"},\"query-input\":{\"@type\":\"PropertyValueSpecification\",\"valueRequired\":true,\"valueName\":\"search_term_string\"}}],\"inLanguage\":\"fr-FR\"},{\"@type\":\"Organization\",\"@id\":\"https:\\\/\\\/lasentinelle.dz\\\/#organization\",\"name\":\"Quotidien La Sentinelle\",\"url\":\"https:\\\/\\\/lasentinelle.dz\\\/\",\"logo\":{\"@type\":\"ImageObject\",\"inLanguage\":\"fr-FR\",\"@id\":\"https:\\\/\\\/lasentinelle.dz\\\/#\\\/schema\\\/logo\\\/image\\\/\",\"url\":\"https:\\\/\\\/lasentinelle.dz\\\/wp-content\\\/uploads\\\/2021\\\/09\\\/logo-sentinelleSLOGAN-1.png\",\"contentUrl\":\"https:\\\/\\\/lasentinelle.dz\\\/wp-content\\\/uploads\\\/2021\\\/09\\\/logo-sentinelleSLOGAN-1.png\",\"width\":615,\"height\":142,\"caption\":\"Quotidien La Sentinelle\"},\"image\":{\"@id\":\"https:\\\/\\\/lasentinelle.dz\\\/#\\\/schema\\\/logo\\\/image\\\/\"},\"sameAs\":[\"https:\\\/\\\/www.facebook.com\\\/La-Sentinelle-104059864394773\"]},{\"@type\":\"Person\",\"@id\":\"https:\\\/\\\/lasentinelle.dz\\\/#\\\/schema\\\/person\\\/729ee0024f24e0b8c5ec17232f8e8b41\",\"name\":\"admin\",\"image\":{\"@type\":\"ImageObject\",\"inLanguage\":\"fr-FR\",\"@id\":\"https:\\\/\\\/secure.gravatar.com\\\/avatar\\\/4c81fed838786e9b53f540bf46533e750f5d292099ae3b66cfc6fb1982e29df7?s=96&d=mm&r=g\",\"url\":\"https:\\\/\\\/secure.gravatar.com\\\/avatar\\\/4c81fed838786e9b53f540bf46533e750f5d292099ae3b66cfc6fb1982e29df7?s=96&d=mm&r=g\",\"contentUrl\":\"https:\\\/\\\/secure.gravatar.com\\\/avatar\\\/4c81fed838786e9b53f540bf46533e750f5d292099ae3b66cfc6fb1982e29df7?s=96&d=mm&r=g\",\"caption\":\"admin\"},\"description\":\"admin\",\"url\":\"https:\\\/\\\/lasentinelle.dz\\\/author\\\/admin\\\/\"}]}<\/script>\n<!-- \/ Yoast SEO plugin. -->","yoast_head_json":{"title":"Un engagement r\u00e9affirm\u00e9 pour le multilat\u00e9ralisme - La Sentinelle","robots":{"index":"index","follow":"follow","max-snippet":"max-snippet:-1","max-image-preview":"max-image-preview:large","max-video-preview":"max-video-preview:-1"},"canonical":"https:\/\/lasentinelle.dz\/index.php\/2025\/10\/26\/un-engagement-reaffirme-pour-le-multilateralisme\/","og_locale":"fr_FR","og_type":"article","og_title":"Un engagement r\u00e9affirm\u00e9 pour le multilat\u00e9ralisme - La Sentinelle","og_description":"Loun\u00e8s Magramane a soulign\u00e9 le r\u00f4le de l&rsquo;Alg\u00e9rie dans l&rsquo;\u00e9laboration de cet instrument juridique international et r\u00e9affirme l&rsquo;engagement du pays","og_url":"https:\/\/lasentinelle.dz\/index.php\/2025\/10\/26\/un-engagement-reaffirme-pour-le-multilateralisme\/","og_site_name":"La Sentinelle","article_publisher":"https:\/\/www.facebook.com\/La-Sentinelle-104059864394773","article_published_time":"2025-10-26T18:53:52+00:00","article_modified_time":"2025-10-26T18:53:53+00:00","og_image":[{"width":1029,"height":596,"url":"https:\/\/lasentinelle.dz\/wp-content\/uploads\/2025\/10\/magramane.jpg","type":"image\/jpeg"}],"author":"admin","twitter_card":"summary_large_image","twitter_misc":{"\u00c9crit par":"admin","Dur\u00e9e de lecture estim\u00e9e":"5 minutes"},"schema":{"@context":"https:\/\/schema.org","@graph":[{"@type":"Article","@id":"https:\/\/lasentinelle.dz\/index.php\/2025\/10\/26\/un-engagement-reaffirme-pour-le-multilateralisme\/#article","isPartOf":{"@id":"https:\/\/lasentinelle.dz\/index.php\/2025\/10\/26\/un-engagement-reaffirme-pour-le-multilateralisme\/"},"author":{"name":"admin","@id":"https:\/\/lasentinelle.dz\/#\/schema\/person\/729ee0024f24e0b8c5ec17232f8e8b41"},"headline":"Un engagement r\u00e9affirm\u00e9 pour le multilat\u00e9ralisme","datePublished":"2025-10-26T18:53:52+00:00","dateModified":"2025-10-26T18:53:53+00:00","mainEntityOfPage":{"@id":"https:\/\/lasentinelle.dz\/index.php\/2025\/10\/26\/un-engagement-reaffirme-pour-le-multilateralisme\/"},"wordCount":924,"commentCount":0,"publisher":{"@id":"https:\/\/lasentinelle.dz\/#organization"},"image":{"@id":"https:\/\/lasentinelle.dz\/index.php\/2025\/10\/26\/un-engagement-reaffirme-pour-le-multilateralisme\/#primaryimage"},"thumbnailUrl":"https:\/\/lasentinelle.dz\/wp-content\/uploads\/2025\/10\/magramane.jpg","articleSection":["Actualit\u00e9"],"inLanguage":"fr-FR","potentialAction":[{"@type":"CommentAction","name":"Comment","target":["https:\/\/lasentinelle.dz\/index.php\/2025\/10\/26\/un-engagement-reaffirme-pour-le-multilateralisme\/#respond"]}]},{"@type":"WebPage","@id":"https:\/\/lasentinelle.dz\/index.php\/2025\/10\/26\/un-engagement-reaffirme-pour-le-multilateralisme\/","url":"https:\/\/lasentinelle.dz\/index.php\/2025\/10\/26\/un-engagement-reaffirme-pour-le-multilateralisme\/","name":"Un engagement r\u00e9affirm\u00e9 pour le multilat\u00e9ralisme - La Sentinelle","isPartOf":{"@id":"https:\/\/lasentinelle.dz\/#website"},"primaryImageOfPage":{"@id":"https:\/\/lasentinelle.dz\/index.php\/2025\/10\/26\/un-engagement-reaffirme-pour-le-multilateralisme\/#primaryimage"},"image":{"@id":"https:\/\/lasentinelle.dz\/index.php\/2025\/10\/26\/un-engagement-reaffirme-pour-le-multilateralisme\/#primaryimage"},"thumbnailUrl":"https:\/\/lasentinelle.dz\/wp-content\/uploads\/2025\/10\/magramane.jpg","datePublished":"2025-10-26T18:53:52+00:00","dateModified":"2025-10-26T18:53:53+00:00","breadcrumb":{"@id":"https:\/\/lasentinelle.dz\/index.php\/2025\/10\/26\/un-engagement-reaffirme-pour-le-multilateralisme\/#breadcrumb"},"inLanguage":"fr-FR","potentialAction":[{"@type":"ReadAction","target":["https:\/\/lasentinelle.dz\/index.php\/2025\/10\/26\/un-engagement-reaffirme-pour-le-multilateralisme\/"]}]},{"@type":"ImageObject","inLanguage":"fr-FR","@id":"https:\/\/lasentinelle.dz\/index.php\/2025\/10\/26\/un-engagement-reaffirme-pour-le-multilateralisme\/#primaryimage","url":"https:\/\/lasentinelle.dz\/wp-content\/uploads\/2025\/10\/magramane.jpg","contentUrl":"https:\/\/lasentinelle.dz\/wp-content\/uploads\/2025\/10\/magramane.jpg","width":1029,"height":596},{"@type":"BreadcrumbList","@id":"https:\/\/lasentinelle.dz\/index.php\/2025\/10\/26\/un-engagement-reaffirme-pour-le-multilateralisme\/#breadcrumb","itemListElement":[{"@type":"ListItem","position":1,"name":"Accueil","item":"https:\/\/lasentinelle.dz\/"},{"@type":"ListItem","position":2,"name":"Un engagement r\u00e9affirm\u00e9 pour le multilat\u00e9ralisme"}]},{"@type":"WebSite","@id":"https:\/\/lasentinelle.dz\/#website","url":"https:\/\/lasentinelle.dz\/","name":"La Sentinelle","description":"Quotidien national d&#039;information","publisher":{"@id":"https:\/\/lasentinelle.dz\/#organization"},"potentialAction":[{"@type":"SearchAction","target":{"@type":"EntryPoint","urlTemplate":"https:\/\/lasentinelle.dz\/?s={search_term_string}"},"query-input":{"@type":"PropertyValueSpecification","valueRequired":true,"valueName":"search_term_string"}}],"inLanguage":"fr-FR"},{"@type":"Organization","@id":"https:\/\/lasentinelle.dz\/#organization","name":"Quotidien La Sentinelle","url":"https:\/\/lasentinelle.dz\/","logo":{"@type":"ImageObject","inLanguage":"fr-FR","@id":"https:\/\/lasentinelle.dz\/#\/schema\/logo\/image\/","url":"https:\/\/lasentinelle.dz\/wp-content\/uploads\/2021\/09\/logo-sentinelleSLOGAN-1.png","contentUrl":"https:\/\/lasentinelle.dz\/wp-content\/uploads\/2021\/09\/logo-sentinelleSLOGAN-1.png","width":615,"height":142,"caption":"Quotidien La Sentinelle"},"image":{"@id":"https:\/\/lasentinelle.dz\/#\/schema\/logo\/image\/"},"sameAs":["https:\/\/www.facebook.com\/La-Sentinelle-104059864394773"]},{"@type":"Person","@id":"https:\/\/lasentinelle.dz\/#\/schema\/person\/729ee0024f24e0b8c5ec17232f8e8b41","name":"admin","image":{"@type":"ImageObject","inLanguage":"fr-FR","@id":"https:\/\/secure.gravatar.com\/avatar\/4c81fed838786e9b53f540bf46533e750f5d292099ae3b66cfc6fb1982e29df7?s=96&d=mm&r=g","url":"https:\/\/secure.gravatar.com\/avatar\/4c81fed838786e9b53f540bf46533e750f5d292099ae3b66cfc6fb1982e29df7?s=96&d=mm&r=g","contentUrl":"https:\/\/secure.gravatar.com\/avatar\/4c81fed838786e9b53f540bf46533e750f5d292099ae3b66cfc6fb1982e29df7?s=96&d=mm&r=g","caption":"admin"},"description":"admin","url":"https:\/\/lasentinelle.dz\/author\/admin\/"}]}},"_links":{"self":[{"href":"https:\/\/lasentinelle.dz\/index.php\/wp-json\/wp\/v2\/posts\/75328","targetHints":{"allow":["GET"]}}],"collection":[{"href":"https:\/\/lasentinelle.dz\/index.php\/wp-json\/wp\/v2\/posts"}],"about":[{"href":"https:\/\/lasentinelle.dz\/index.php\/wp-json\/wp\/v2\/types\/post"}],"author":[{"embeddable":true,"href":"https:\/\/lasentinelle.dz\/index.php\/wp-json\/wp\/v2\/users\/6"}],"replies":[{"embeddable":true,"href":"https:\/\/lasentinelle.dz\/index.php\/wp-json\/wp\/v2\/comments?post=75328"}],"version-history":[{"count":1,"href":"https:\/\/lasentinelle.dz\/index.php\/wp-json\/wp\/v2\/posts\/75328\/revisions"}],"predecessor-version":[{"id":75330,"href":"https:\/\/lasentinelle.dz\/index.php\/wp-json\/wp\/v2\/posts\/75328\/revisions\/75330"}],"wp:featuredmedia":[{"embeddable":true,"href":"https:\/\/lasentinelle.dz\/index.php\/wp-json\/wp\/v2\/media\/75329"}],"wp:attachment":[{"href":"https:\/\/lasentinelle.dz\/index.php\/wp-json\/wp\/v2\/media?parent=75328"}],"wp:term":[{"taxonomy":"category","embeddable":true,"href":"https:\/\/lasentinelle.dz\/index.php\/wp-json\/wp\/v2\/categories?post=75328"},{"taxonomy":"post_tag","embeddable":true,"href":"https:\/\/lasentinelle.dz\/index.php\/wp-json\/wp\/v2\/tags?post=75328"}],"curies":[{"name":"wp","href":"https:\/\/api.w.org\/{rel}","templated":true}]}}