{"id":75331,"date":"2025-10-26T19:56:43","date_gmt":"2025-10-26T18:56:43","guid":{"rendered":"https:\/\/lasentinelle.dz\/?p=75331"},"modified":"2025-10-26T19:56:44","modified_gmt":"2025-10-26T18:56:44","slug":"medecine-des-catastrophes-lalgerie-accueille-une-session-de-formation-internationale","status":"publish","type":"post","link":"https:\/\/lasentinelle.dz\/index.php\/2025\/10\/26\/medecine-des-catastrophes-lalgerie-accueille-une-session-de-formation-internationale\/","title":{"rendered":"M\u00e9decine des catastrophes\u00a0: L\u2019Alg\u00e9rie accueille une session de formation internationale"},"content":{"rendered":"\n<p>Face \u00e0 la multiplication des catastrophes naturelles et technologiques, l&rsquo;Alg\u00e9rie accueille une session internationale pour renforcer les capacit\u00e9s de gestion des crises dans le monde arabe et africain. L&rsquo;Unit\u00e9 nationale d&rsquo;entra\u00eenement et d&rsquo;intervention de Dar El Beida accueille depuis dimanche une session de formation internationale en m\u00e9decine de catastrophe, organis\u00e9e par la Direction g\u00e9n\u00e9rale de la protection civile en collaboration avec l&rsquo;Organisation internationale de la protection civile. Jusqu&rsquo;au 30 octobre, des stagiaires issus de quatorze pays arabes et africains membres de l&rsquo;OIPC b\u00e9n\u00e9ficieront de cette formation strat\u00e9gique dans un contexte mondial marqu\u00e9 par la recrudescence des risques majeurs. Cette troisi\u00e8me \u00e9dition r\u00e9unit des participants venus du Royaume d&rsquo;Arabie Saoudite, de Tunisie, de Palestine, de Jordanie, du Liban, d&rsquo;\u00c9gypte, du Soudan, du B\u00e9nin, du S\u00e9n\u00e9gal, de Guin\u00e9e, de R\u00e9publique Centrafricaine, de C\u00f4te d&rsquo;Ivoire, du Burkina Faso et du Niger. Un panel repr\u00e9sentatif des d\u00e9fis auxquels font face les services de secours sur les deux continents, confront\u00e9s \u00e0 des catastrophes de plus en plus d\u00e9vastatrices. Le directeur g\u00e9n\u00e9ral de la Protection civile, le colonel Boualem Bourelaf, a soulign\u00e9 que cette session s&rsquo;inscrit dans le cadre de \u00ab\u00a0l&rsquo;\u00e9change d&rsquo;exp\u00e9riences et vise \u00e0 renforcer les capacit\u00e9s des stagiaires dans la gestion des crises et la ma\u00eetrise des catastrophes naturelles et technologiques, dans une conjoncture mondiale marqu\u00e9e par des risques de plus en plus complexes et multiples, comme les s\u00e9ismes, les inondations, les incendies de for\u00eat, les accidents industriels et les pand\u00e9mies\u00a0\u00bb. Face \u00e0 ces d\u00e9fis, le colonel Bourelaf a mis en avant l&rsquo;importance de coordonner les efforts entre les intervenants, \u00e0 travers la mobilisation de l&rsquo;ensemble des moyens humains et mat\u00e9riels, afin de prendre en charge les victimes et intensifier les op\u00e9rations de formation, en vue de rehausser le niveau d&rsquo;op\u00e9rationnalit\u00e9 et de pr\u00e9paration et de r\u00e9duire les impacts de ces catastrophes sur l&rsquo;homme et les biens. Selon le directeur g\u00e9n\u00e9ral, cette session constitue aussi une opportunit\u00e9 pour \u00e9changer les visions, les pratiques, les expertises et les exp\u00e9riences, de m\u00eame qu&rsquo;elle incarne l&rsquo;esprit de solidarit\u00e9 arabe et africaine et consacre le principe de coop\u00e9ration entre les \u00c9tats membres de l&rsquo;OIPC, afin d&rsquo;\u00e9tablir \u00ab\u00a0un syst\u00e8me efficace et coh\u00e9rent en vue de faire face aux catastrophes et de r\u00e9aliser la s\u00e9curit\u00e9 pour les habitants de la plan\u00e8te\u00a0\u00bb. Au-del\u00e0 de la dimension technique, cette initiative porte une forte charge symbolique de coop\u00e9ration Sud-Sud dans un domaine o\u00f9 l&rsquo;entraide internationale peut sauver des milliers de vies. Le colonel Bourelaf a assur\u00e9 que la Protection civile alg\u00e9rienne, \u00e0 travers ses experts parmi les cadres et m\u00e9decins, \u00ab\u00a0ne m\u00e9nagera aucun effort afin de r\u00e9unir toutes les conditions pour la r\u00e9ussite de cette session\u00a0\u00bb, notamment \u00e0 travers la pr\u00e9sentation de \u00ab\u00a0sa longue exp\u00e9rience dans le domaine de la m\u00e9decine de catastrophe, acquise \u00e0 travers ses nombreuses interventions dans diff\u00e9rentes catastrophes naturelles et divers accidents industriels en Alg\u00e9rie et dans des pays du monde, dans le cadre de la solidarit\u00e9 internationale\u00a0\u00bb. L&rsquo;Alg\u00e9rie capitalise ainsi sur son expertise forg\u00e9e lors de s\u00e9ismes d\u00e9vastateurs, d&rsquo;inondations meurtri\u00e8res et d&rsquo;incendies de grande ampleur qui ont marqu\u00e9 son histoire r\u00e9cente. Le programme de cette session allie th\u00e9orie et pratique. Il pr\u00e9voit des conf\u00e9rences scientifiques sp\u00e9cialis\u00e9es, des ateliers pratiques, ainsi qu&rsquo;une simulation d&rsquo;op\u00e9rations d&rsquo;intervention lors de catastrophes, \u00e0 travers plusieurs axes strat\u00e9giques. Les participants travailleront sur \u00ab\u00a0la coordination et l&rsquo;organisation entre diff\u00e9rents secteurs dans les op\u00e9rations de sauvetage\u00a0\u00bb, \u00ab\u00a0la cha\u00eene m\u00e9dicale de secours en situation de catastrophes\u00a0\u00bb, \u00ab\u00a0l&rsquo;ex\u00e9cution des plans d&rsquo;urgence\u00a0\u00bb, \u00ab\u00a0la logistique m\u00e9dicale en situation de catastrophes\u00a0\u00bb, ainsi que \u00ab\u00a0communication et contact durant les crises\u00a0\u00bb. Cette initiative s&rsquo;inscrit dans le cadre du renforcement de la coop\u00e9ration internationale dans le domaine de la protection civile pour une meilleure gestion et ma\u00eetrise des catastrophes naturelles et technologiques. Elle t\u00e9moigne du r\u00f4le croissant de l&rsquo;Alg\u00e9rie comme p\u00f4le de formation et d&rsquo;expertise en mati\u00e8re de s\u00e9curit\u00e9 civile dans l&rsquo;espace arabo-africain, participant ainsi \u00e0 la construction d&rsquo;une r\u00e9silience collective face aux menaces qui ne connaissent pas de fronti\u00e8res.<\/p>\n\n\n\n<p>Chokri Hafed<\/p>\n","protected":false},"excerpt":{"rendered":"<p>Face \u00e0 la multiplication des catastrophes naturelles et technologiques, l&rsquo;Alg\u00e9rie accueille une session internationale pour renforcer les capacit\u00e9s de gestion<\/p>\n","protected":false},"author":6,"featured_media":75332,"comment_status":"open","ping_status":"closed","sticky":false,"template":"","format":"standard","meta":{"colormag_page_container_layout":"default_layout","colormag_page_sidebar_layout":"default_layout","om_disable_all_campaigns":false,"_monsterinsights_skip_tracking":false,"_monsterinsights_sitenote_active":false,"_monsterinsights_sitenote_note":"","_monsterinsights_sitenote_category":0,"footnotes":"","_wpscppro_dont_share_socialmedia":false,"_wpscppro_custom_social_share_image":0,"_facebook_share_type":"default","_twitter_share_type":"default","_linkedin_share_type":"default","_pinterest_share_type":"default","_linkedin_share_type_page":"","_instagram_share_type":"default","_medium_share_type":"default","_threads_share_type":"default","_google_business_share_type":"default","_selected_social_profile":[],"_wpsp_enable_custom_social_template":false,"_wpsp_social_scheduling":{"enabled":false,"datetime":null,"platforms":[],"status":"template_only","dateOption":"today","timeOption":"now","customDays":"","customHours":"","customDate":"","customTime":"","schedulingType":"absolute"},"_wpsp_active_default_template":true},"categories":[27],"tags":[],"class_list":["post-75331","post","type-post","status-publish","format-standard","has-post-thumbnail","hentry","category-actualite"],"aioseo_notices":[],"yoast_head":"<!-- This site is optimized with the Yoast SEO plugin v27.5 - https:\/\/yoast.com\/product\/yoast-seo-wordpress\/ -->\n<title>M\u00e9decine des catastrophes\u00a0: L\u2019Alg\u00e9rie accueille une session de formation internationale - La Sentinelle<\/title>\n<meta name=\"robots\" content=\"index, follow, max-snippet:-1, max-image-preview:large, max-video-preview:-1\" \/>\n<link rel=\"canonical\" href=\"https:\/\/lasentinelle.dz\/index.php\/2025\/10\/26\/medecine-des-catastrophes-lalgerie-accueille-une-session-de-formation-internationale\/\" \/>\n<meta property=\"og:locale\" content=\"fr_FR\" \/>\n<meta property=\"og:type\" content=\"article\" \/>\n<meta property=\"og:title\" content=\"M\u00e9decine des catastrophes\u00a0: L\u2019Alg\u00e9rie accueille une session de formation internationale - La Sentinelle\" \/>\n<meta property=\"og:description\" content=\"Face \u00e0 la multiplication des catastrophes naturelles et technologiques, l&rsquo;Alg\u00e9rie accueille une session internationale pour renforcer les capacit\u00e9s de gestion\" \/>\n<meta property=\"og:url\" content=\"https:\/\/lasentinelle.dz\/index.php\/2025\/10\/26\/medecine-des-catastrophes-lalgerie-accueille-une-session-de-formation-internationale\/\" \/>\n<meta property=\"og:site_name\" content=\"La Sentinelle\" \/>\n<meta property=\"article:publisher\" content=\"https:\/\/www.facebook.com\/La-Sentinelle-104059864394773\" \/>\n<meta property=\"article:published_time\" content=\"2025-10-26T18:56:43+00:00\" \/>\n<meta property=\"article:modified_time\" content=\"2025-10-26T18:56:44+00:00\" \/>\n<meta property=\"og:image\" content=\"https:\/\/lasentinelle.dz\/wp-content\/uploads\/2025\/10\/atelier-protection-civile.webp\" \/>\n\t<meta property=\"og:image:width\" content=\"900\" \/>\n\t<meta property=\"og:image:height\" content=\"675\" \/>\n\t<meta property=\"og:image:type\" content=\"image\/webp\" \/>\n<meta name=\"author\" content=\"admin\" \/>\n<meta name=\"twitter:card\" content=\"summary_large_image\" \/>\n<meta name=\"twitter:label1\" content=\"\u00c9crit par\" \/>\n\t<meta name=\"twitter:data1\" content=\"admin\" \/>\n\t<meta name=\"twitter:label2\" content=\"Dur\u00e9e de lecture estim\u00e9e\" \/>\n\t<meta name=\"twitter:data2\" content=\"4 minutes\" \/>\n<script type=\"application\/ld+json\" class=\"yoast-schema-graph\">{\"@context\":\"https:\\\/\\\/schema.org\",\"@graph\":[{\"@type\":\"Article\",\"@id\":\"https:\\\/\\\/lasentinelle.dz\\\/index.php\\\/2025\\\/10\\\/26\\\/medecine-des-catastrophes-lalgerie-accueille-une-session-de-formation-internationale\\\/#article\",\"isPartOf\":{\"@id\":\"https:\\\/\\\/lasentinelle.dz\\\/index.php\\\/2025\\\/10\\\/26\\\/medecine-des-catastrophes-lalgerie-accueille-une-session-de-formation-internationale\\\/\"},\"author\":{\"name\":\"admin\",\"@id\":\"https:\\\/\\\/lasentinelle.dz\\\/#\\\/schema\\\/person\\\/729ee0024f24e0b8c5ec17232f8e8b41\"},\"headline\":\"M\u00e9decine des catastrophes\u00a0: L\u2019Alg\u00e9rie accueille une session de formation internationale\",\"datePublished\":\"2025-10-26T18:56:43+00:00\",\"dateModified\":\"2025-10-26T18:56:44+00:00\",\"mainEntityOfPage\":{\"@id\":\"https:\\\/\\\/lasentinelle.dz\\\/index.php\\\/2025\\\/10\\\/26\\\/medecine-des-catastrophes-lalgerie-accueille-une-session-de-formation-internationale\\\/\"},\"wordCount\":773,\"commentCount\":0,\"publisher\":{\"@id\":\"https:\\\/\\\/lasentinelle.dz\\\/#organization\"},\"image\":{\"@id\":\"https:\\\/\\\/lasentinelle.dz\\\/index.php\\\/2025\\\/10\\\/26\\\/medecine-des-catastrophes-lalgerie-accueille-une-session-de-formation-internationale\\\/#primaryimage\"},\"thumbnailUrl\":\"https:\\\/\\\/lasentinelle.dz\\\/wp-content\\\/uploads\\\/2025\\\/10\\\/atelier-protection-civile.webp\",\"articleSection\":[\"Actualit\u00e9\"],\"inLanguage\":\"fr-FR\",\"potentialAction\":[{\"@type\":\"CommentAction\",\"name\":\"Comment\",\"target\":[\"https:\\\/\\\/lasentinelle.dz\\\/index.php\\\/2025\\\/10\\\/26\\\/medecine-des-catastrophes-lalgerie-accueille-une-session-de-formation-internationale\\\/#respond\"]}]},{\"@type\":\"WebPage\",\"@id\":\"https:\\\/\\\/lasentinelle.dz\\\/index.php\\\/2025\\\/10\\\/26\\\/medecine-des-catastrophes-lalgerie-accueille-une-session-de-formation-internationale\\\/\",\"url\":\"https:\\\/\\\/lasentinelle.dz\\\/index.php\\\/2025\\\/10\\\/26\\\/medecine-des-catastrophes-lalgerie-accueille-une-session-de-formation-internationale\\\/\",\"name\":\"M\u00e9decine des catastrophes\u00a0: L\u2019Alg\u00e9rie accueille une session de formation internationale - La Sentinelle\",\"isPartOf\":{\"@id\":\"https:\\\/\\\/lasentinelle.dz\\\/#website\"},\"primaryImageOfPage\":{\"@id\":\"https:\\\/\\\/lasentinelle.dz\\\/index.php\\\/2025\\\/10\\\/26\\\/medecine-des-catastrophes-lalgerie-accueille-une-session-de-formation-internationale\\\/#primaryimage\"},\"image\":{\"@id\":\"https:\\\/\\\/lasentinelle.dz\\\/index.php\\\/2025\\\/10\\\/26\\\/medecine-des-catastrophes-lalgerie-accueille-une-session-de-formation-internationale\\\/#primaryimage\"},\"thumbnailUrl\":\"https:\\\/\\\/lasentinelle.dz\\\/wp-content\\\/uploads\\\/2025\\\/10\\\/atelier-protection-civile.webp\",\"datePublished\":\"2025-10-26T18:56:43+00:00\",\"dateModified\":\"2025-10-26T18:56:44+00:00\",\"breadcrumb\":{\"@id\":\"https:\\\/\\\/lasentinelle.dz\\\/index.php\\\/2025\\\/10\\\/26\\\/medecine-des-catastrophes-lalgerie-accueille-une-session-de-formation-internationale\\\/#breadcrumb\"},\"inLanguage\":\"fr-FR\",\"potentialAction\":[{\"@type\":\"ReadAction\",\"target\":[\"https:\\\/\\\/lasentinelle.dz\\\/index.php\\\/2025\\\/10\\\/26\\\/medecine-des-catastrophes-lalgerie-accueille-une-session-de-formation-internationale\\\/\"]}]},{\"@type\":\"ImageObject\",\"inLanguage\":\"fr-FR\",\"@id\":\"https:\\\/\\\/lasentinelle.dz\\\/index.php\\\/2025\\\/10\\\/26\\\/medecine-des-catastrophes-lalgerie-accueille-une-session-de-formation-internationale\\\/#primaryimage\",\"url\":\"https:\\\/\\\/lasentinelle.dz\\\/wp-content\\\/uploads\\\/2025\\\/10\\\/atelier-protection-civile.webp\",\"contentUrl\":\"https:\\\/\\\/lasentinelle.dz\\\/wp-content\\\/uploads\\\/2025\\\/10\\\/atelier-protection-civile.webp\",\"width\":900,\"height\":675},{\"@type\":\"BreadcrumbList\",\"@id\":\"https:\\\/\\\/lasentinelle.dz\\\/index.php\\\/2025\\\/10\\\/26\\\/medecine-des-catastrophes-lalgerie-accueille-une-session-de-formation-internationale\\\/#breadcrumb\",\"itemListElement\":[{\"@type\":\"ListItem\",\"position\":1,\"name\":\"Accueil\",\"item\":\"https:\\\/\\\/lasentinelle.dz\\\/\"},{\"@type\":\"ListItem\",\"position\":2,\"name\":\"M\u00e9decine des catastrophes\u00a0: L\u2019Alg\u00e9rie accueille une session de formation internationale\"}]},{\"@type\":\"WebSite\",\"@id\":\"https:\\\/\\\/lasentinelle.dz\\\/#website\",\"url\":\"https:\\\/\\\/lasentinelle.dz\\\/\",\"name\":\"La Sentinelle\",\"description\":\"Quotidien national d&#039;information\",\"publisher\":{\"@id\":\"https:\\\/\\\/lasentinelle.dz\\\/#organization\"},\"potentialAction\":[{\"@type\":\"SearchAction\",\"target\":{\"@type\":\"EntryPoint\",\"urlTemplate\":\"https:\\\/\\\/lasentinelle.dz\\\/?s={search_term_string}\"},\"query-input\":{\"@type\":\"PropertyValueSpecification\",\"valueRequired\":true,\"valueName\":\"search_term_string\"}}],\"inLanguage\":\"fr-FR\"},{\"@type\":\"Organization\",\"@id\":\"https:\\\/\\\/lasentinelle.dz\\\/#organization\",\"name\":\"Quotidien La Sentinelle\",\"url\":\"https:\\\/\\\/lasentinelle.dz\\\/\",\"logo\":{\"@type\":\"ImageObject\",\"inLanguage\":\"fr-FR\",\"@id\":\"https:\\\/\\\/lasentinelle.dz\\\/#\\\/schema\\\/logo\\\/image\\\/\",\"url\":\"https:\\\/\\\/lasentinelle.dz\\\/wp-content\\\/uploads\\\/2021\\\/09\\\/logo-sentinelleSLOGAN-1.png\",\"contentUrl\":\"https:\\\/\\\/lasentinelle.dz\\\/wp-content\\\/uploads\\\/2021\\\/09\\\/logo-sentinelleSLOGAN-1.png\",\"width\":615,\"height\":142,\"caption\":\"Quotidien La Sentinelle\"},\"image\":{\"@id\":\"https:\\\/\\\/lasentinelle.dz\\\/#\\\/schema\\\/logo\\\/image\\\/\"},\"sameAs\":[\"https:\\\/\\\/www.facebook.com\\\/La-Sentinelle-104059864394773\"]},{\"@type\":\"Person\",\"@id\":\"https:\\\/\\\/lasentinelle.dz\\\/#\\\/schema\\\/person\\\/729ee0024f24e0b8c5ec17232f8e8b41\",\"name\":\"admin\",\"image\":{\"@type\":\"ImageObject\",\"inLanguage\":\"fr-FR\",\"@id\":\"https:\\\/\\\/secure.gravatar.com\\\/avatar\\\/4c81fed838786e9b53f540bf46533e750f5d292099ae3b66cfc6fb1982e29df7?s=96&d=mm&r=g\",\"url\":\"https:\\\/\\\/secure.gravatar.com\\\/avatar\\\/4c81fed838786e9b53f540bf46533e750f5d292099ae3b66cfc6fb1982e29df7?s=96&d=mm&r=g\",\"contentUrl\":\"https:\\\/\\\/secure.gravatar.com\\\/avatar\\\/4c81fed838786e9b53f540bf46533e750f5d292099ae3b66cfc6fb1982e29df7?s=96&d=mm&r=g\",\"caption\":\"admin\"},\"description\":\"admin\",\"url\":\"https:\\\/\\\/lasentinelle.dz\\\/author\\\/admin\\\/\"}]}<\/script>\n<!-- \/ Yoast SEO plugin. -->","yoast_head_json":{"title":"M\u00e9decine des catastrophes\u00a0: L\u2019Alg\u00e9rie accueille une session de formation internationale - La Sentinelle","robots":{"index":"index","follow":"follow","max-snippet":"max-snippet:-1","max-image-preview":"max-image-preview:large","max-video-preview":"max-video-preview:-1"},"canonical":"https:\/\/lasentinelle.dz\/index.php\/2025\/10\/26\/medecine-des-catastrophes-lalgerie-accueille-une-session-de-formation-internationale\/","og_locale":"fr_FR","og_type":"article","og_title":"M\u00e9decine des catastrophes\u00a0: L\u2019Alg\u00e9rie accueille une session de formation internationale - La Sentinelle","og_description":"Face \u00e0 la multiplication des catastrophes naturelles et technologiques, l&rsquo;Alg\u00e9rie accueille une session internationale pour renforcer les capacit\u00e9s de gestion","og_url":"https:\/\/lasentinelle.dz\/index.php\/2025\/10\/26\/medecine-des-catastrophes-lalgerie-accueille-une-session-de-formation-internationale\/","og_site_name":"La Sentinelle","article_publisher":"https:\/\/www.facebook.com\/La-Sentinelle-104059864394773","article_published_time":"2025-10-26T18:56:43+00:00","article_modified_time":"2025-10-26T18:56:44+00:00","og_image":[{"width":900,"height":675,"url":"https:\/\/lasentinelle.dz\/wp-content\/uploads\/2025\/10\/atelier-protection-civile.webp","type":"image\/webp"}],"author":"admin","twitter_card":"summary_large_image","twitter_misc":{"\u00c9crit par":"admin","Dur\u00e9e de lecture estim\u00e9e":"4 minutes"},"schema":{"@context":"https:\/\/schema.org","@graph":[{"@type":"Article","@id":"https:\/\/lasentinelle.dz\/index.php\/2025\/10\/26\/medecine-des-catastrophes-lalgerie-accueille-une-session-de-formation-internationale\/#article","isPartOf":{"@id":"https:\/\/lasentinelle.dz\/index.php\/2025\/10\/26\/medecine-des-catastrophes-lalgerie-accueille-une-session-de-formation-internationale\/"},"author":{"name":"admin","@id":"https:\/\/lasentinelle.dz\/#\/schema\/person\/729ee0024f24e0b8c5ec17232f8e8b41"},"headline":"M\u00e9decine des catastrophes\u00a0: L\u2019Alg\u00e9rie accueille une session de formation internationale","datePublished":"2025-10-26T18:56:43+00:00","dateModified":"2025-10-26T18:56:44+00:00","mainEntityOfPage":{"@id":"https:\/\/lasentinelle.dz\/index.php\/2025\/10\/26\/medecine-des-catastrophes-lalgerie-accueille-une-session-de-formation-internationale\/"},"wordCount":773,"commentCount":0,"publisher":{"@id":"https:\/\/lasentinelle.dz\/#organization"},"image":{"@id":"https:\/\/lasentinelle.dz\/index.php\/2025\/10\/26\/medecine-des-catastrophes-lalgerie-accueille-une-session-de-formation-internationale\/#primaryimage"},"thumbnailUrl":"https:\/\/lasentinelle.dz\/wp-content\/uploads\/2025\/10\/atelier-protection-civile.webp","articleSection":["Actualit\u00e9"],"inLanguage":"fr-FR","potentialAction":[{"@type":"CommentAction","name":"Comment","target":["https:\/\/lasentinelle.dz\/index.php\/2025\/10\/26\/medecine-des-catastrophes-lalgerie-accueille-une-session-de-formation-internationale\/#respond"]}]},{"@type":"WebPage","@id":"https:\/\/lasentinelle.dz\/index.php\/2025\/10\/26\/medecine-des-catastrophes-lalgerie-accueille-une-session-de-formation-internationale\/","url":"https:\/\/lasentinelle.dz\/index.php\/2025\/10\/26\/medecine-des-catastrophes-lalgerie-accueille-une-session-de-formation-internationale\/","name":"M\u00e9decine des catastrophes\u00a0: L\u2019Alg\u00e9rie accueille une session de formation internationale - La Sentinelle","isPartOf":{"@id":"https:\/\/lasentinelle.dz\/#website"},"primaryImageOfPage":{"@id":"https:\/\/lasentinelle.dz\/index.php\/2025\/10\/26\/medecine-des-catastrophes-lalgerie-accueille-une-session-de-formation-internationale\/#primaryimage"},"image":{"@id":"https:\/\/lasentinelle.dz\/index.php\/2025\/10\/26\/medecine-des-catastrophes-lalgerie-accueille-une-session-de-formation-internationale\/#primaryimage"},"thumbnailUrl":"https:\/\/lasentinelle.dz\/wp-content\/uploads\/2025\/10\/atelier-protection-civile.webp","datePublished":"2025-10-26T18:56:43+00:00","dateModified":"2025-10-26T18:56:44+00:00","breadcrumb":{"@id":"https:\/\/lasentinelle.dz\/index.php\/2025\/10\/26\/medecine-des-catastrophes-lalgerie-accueille-une-session-de-formation-internationale\/#breadcrumb"},"inLanguage":"fr-FR","potentialAction":[{"@type":"ReadAction","target":["https:\/\/lasentinelle.dz\/index.php\/2025\/10\/26\/medecine-des-catastrophes-lalgerie-accueille-une-session-de-formation-internationale\/"]}]},{"@type":"ImageObject","inLanguage":"fr-FR","@id":"https:\/\/lasentinelle.dz\/index.php\/2025\/10\/26\/medecine-des-catastrophes-lalgerie-accueille-une-session-de-formation-internationale\/#primaryimage","url":"https:\/\/lasentinelle.dz\/wp-content\/uploads\/2025\/10\/atelier-protection-civile.webp","contentUrl":"https:\/\/lasentinelle.dz\/wp-content\/uploads\/2025\/10\/atelier-protection-civile.webp","width":900,"height":675},{"@type":"BreadcrumbList","@id":"https:\/\/lasentinelle.dz\/index.php\/2025\/10\/26\/medecine-des-catastrophes-lalgerie-accueille-une-session-de-formation-internationale\/#breadcrumb","itemListElement":[{"@type":"ListItem","position":1,"name":"Accueil","item":"https:\/\/lasentinelle.dz\/"},{"@type":"ListItem","position":2,"name":"M\u00e9decine des catastrophes\u00a0: L\u2019Alg\u00e9rie accueille une session de formation internationale"}]},{"@type":"WebSite","@id":"https:\/\/lasentinelle.dz\/#website","url":"https:\/\/lasentinelle.dz\/","name":"La Sentinelle","description":"Quotidien national d&#039;information","publisher":{"@id":"https:\/\/lasentinelle.dz\/#organization"},"potentialAction":[{"@type":"SearchAction","target":{"@type":"EntryPoint","urlTemplate":"https:\/\/lasentinelle.dz\/?s={search_term_string}"},"query-input":{"@type":"PropertyValueSpecification","valueRequired":true,"valueName":"search_term_string"}}],"inLanguage":"fr-FR"},{"@type":"Organization","@id":"https:\/\/lasentinelle.dz\/#organization","name":"Quotidien La Sentinelle","url":"https:\/\/lasentinelle.dz\/","logo":{"@type":"ImageObject","inLanguage":"fr-FR","@id":"https:\/\/lasentinelle.dz\/#\/schema\/logo\/image\/","url":"https:\/\/lasentinelle.dz\/wp-content\/uploads\/2021\/09\/logo-sentinelleSLOGAN-1.png","contentUrl":"https:\/\/lasentinelle.dz\/wp-content\/uploads\/2021\/09\/logo-sentinelleSLOGAN-1.png","width":615,"height":142,"caption":"Quotidien La Sentinelle"},"image":{"@id":"https:\/\/lasentinelle.dz\/#\/schema\/logo\/image\/"},"sameAs":["https:\/\/www.facebook.com\/La-Sentinelle-104059864394773"]},{"@type":"Person","@id":"https:\/\/lasentinelle.dz\/#\/schema\/person\/729ee0024f24e0b8c5ec17232f8e8b41","name":"admin","image":{"@type":"ImageObject","inLanguage":"fr-FR","@id":"https:\/\/secure.gravatar.com\/avatar\/4c81fed838786e9b53f540bf46533e750f5d292099ae3b66cfc6fb1982e29df7?s=96&d=mm&r=g","url":"https:\/\/secure.gravatar.com\/avatar\/4c81fed838786e9b53f540bf46533e750f5d292099ae3b66cfc6fb1982e29df7?s=96&d=mm&r=g","contentUrl":"https:\/\/secure.gravatar.com\/avatar\/4c81fed838786e9b53f540bf46533e750f5d292099ae3b66cfc6fb1982e29df7?s=96&d=mm&r=g","caption":"admin"},"description":"admin","url":"https:\/\/lasentinelle.dz\/author\/admin\/"}]}},"_links":{"self":[{"href":"https:\/\/lasentinelle.dz\/index.php\/wp-json\/wp\/v2\/posts\/75331","targetHints":{"allow":["GET"]}}],"collection":[{"href":"https:\/\/lasentinelle.dz\/index.php\/wp-json\/wp\/v2\/posts"}],"about":[{"href":"https:\/\/lasentinelle.dz\/index.php\/wp-json\/wp\/v2\/types\/post"}],"author":[{"embeddable":true,"href":"https:\/\/lasentinelle.dz\/index.php\/wp-json\/wp\/v2\/users\/6"}],"replies":[{"embeddable":true,"href":"https:\/\/lasentinelle.dz\/index.php\/wp-json\/wp\/v2\/comments?post=75331"}],"version-history":[{"count":1,"href":"https:\/\/lasentinelle.dz\/index.php\/wp-json\/wp\/v2\/posts\/75331\/revisions"}],"predecessor-version":[{"id":75333,"href":"https:\/\/lasentinelle.dz\/index.php\/wp-json\/wp\/v2\/posts\/75331\/revisions\/75333"}],"wp:featuredmedia":[{"embeddable":true,"href":"https:\/\/lasentinelle.dz\/index.php\/wp-json\/wp\/v2\/media\/75332"}],"wp:attachment":[{"href":"https:\/\/lasentinelle.dz\/index.php\/wp-json\/wp\/v2\/media?parent=75331"}],"wp:term":[{"taxonomy":"category","embeddable":true,"href":"https:\/\/lasentinelle.dz\/index.php\/wp-json\/wp\/v2\/categories?post=75331"},{"taxonomy":"post_tag","embeddable":true,"href":"https:\/\/lasentinelle.dz\/index.php\/wp-json\/wp\/v2\/tags?post=75331"}],"curies":[{"name":"wp","href":"https:\/\/api.w.org\/{rel}","templated":true}]}}