{"id":75334,"date":"2025-10-26T19:58:11","date_gmt":"2025-10-26T18:58:11","guid":{"rendered":"https:\/\/lasentinelle.dz\/?p=75334"},"modified":"2025-10-26T19:58:12","modified_gmt":"2025-10-26T18:58:12","slug":"sante-mobiliser-les-competences-medicales-de-la-diaspora","status":"publish","type":"post","link":"https:\/\/lasentinelle.dz\/index.php\/2025\/10\/26\/sante-mobiliser-les-competences-medicales-de-la-diaspora\/","title":{"rendered":"Sant\u00e9\u00a0: Mobiliser les comp\u00e9tences m\u00e9dicales de la diaspora `"},"content":{"rendered":"\n<p>Le secr\u00e9taire d&rsquo;\u00c9tat Sofiane Chaib et le ministre de la Sant\u00e9 Mohamed Seddik Ait Messaoudene ont copr\u00e9sid\u00e9 une rencontre virtuelle avec des m\u00e9decins alg\u00e9riens exer\u00e7ant dans plusieurs pays europ\u00e9ens, vendredi, dans le cadre d&rsquo;une d\u00e9marche visant \u00e0 impliquer les comp\u00e9tences de la diaspora dans le d\u00e9veloppement du syst\u00e8me de sant\u00e9 national. Cette initiative s&rsquo;inscrit dans une strat\u00e9gie plus large de \u00ab\u00a0participation effective et efficiente\u00a0\u00bb des talents alg\u00e9riens \u00e9tablis \u00e0 l&rsquo;\u00e9tranger \u00e0 la \u00ab\u00a0dynamique de renouveau et de d\u00e9veloppement national\u00a0\u00bb, comme l&rsquo;ont rappel\u00e9 les deux responsables gouvernementaux. L&rsquo;enjeu est de taille : mobiliser l&rsquo;expertise et le savoir-faire acquis par ces praticiens dans des syst\u00e8mes de sant\u00e9 europ\u00e9ens r\u00e9put\u00e9s, pour renforcer un secteur qualifi\u00e9 de \u00ab\u00a0vital et strat\u00e9gique\u00a0\u00bb par le minist\u00e8re des Affaires \u00e9trang\u00e8res. La rencontre a permis, selon le communiqu\u00e9 officiel, \u00ab\u00a0d&rsquo;associer les \u00e9lites et les comp\u00e9tences parmi les m\u00e9decins alg\u00e9riens \u00e9tablis \u00e0 l&rsquo;\u00e9tranger \u00e0 un \u00e9change et \u00e0 une r\u00e9flexion autour des d\u00e9fis dans le secteur de la sant\u00e9 en Alg\u00e9rie\u00a0\u00bb. Au-del\u00e0 du diagnostic, les discussions ont port\u00e9 sur \u00ab\u00a0les perspectives de contribution des comp\u00e9tences m\u00e9dicales alg\u00e9riennes \u00e9tablies \u00e0 l&rsquo;\u00e9tranger au d\u00e9veloppement de ce secteur\u00a0\u00bb dans leur pays d&rsquo;origine.<\/p>\n\n\n\n<p>La r\u00e9ponse des praticiens concern\u00e9s t\u00e9moigne d&rsquo;un r\u00e9el engagement. Ces derniers \u00ab\u00a0ont exprim\u00e9 leur satisfaction de cette rencontre, qui s&rsquo;est d\u00e9roul\u00e9e dans une atmosph\u00e8re conviviale et interactive\u00a0\u00bb, tout en affirmant \u00ab\u00a0leur volont\u00e9 et leur enti\u00e8re disponibilit\u00e9 \u00e0 participer activement au processus de d\u00e9veloppement du syst\u00e8me de sant\u00e9\u00a0\u00bb. Concr\u00e8tement, ils se disent pr\u00eats \u00e0 contribuer \u00ab\u00a0\u00e0 travers le transfert de leurs exp\u00e9riences r\u00e9ussies, ainsi que le partage de leurs connaissances, expertises et acquis dans les divers projets de d\u00e9veloppement national li\u00e9s au secteur de la sant\u00e9\u00a0\u00bb. Cette rencontre virtuelle fait partie d&rsquo;une \u00ab\u00a0s\u00e9rie de rencontres p\u00e9riodiques avec les membres de la communaut\u00e9 nationale \u00e9tablie \u00e0 l&rsquo;\u00e9tranger\u00a0\u00bb, soulignant une approche syst\u00e9matique du gouvernement alg\u00e9rien pour maintenir le lien avec sa diaspora qualifi\u00e9e et transformer ce capital humain expatri\u00e9 en levier de d\u00e9veloppement national. L&rsquo;initiative illustre \u00e9galement la reconnaissance croissante du r\u00f4le que peuvent jouer les comp\u00e9tences alg\u00e9riennes dispers\u00e9es \u00e0 travers l&rsquo;Europe dans la modernisation des infrastructures sanitaires du pays.<\/p>\n\n\n\n<p>Lyna Larbi<\/p>\n","protected":false},"excerpt":{"rendered":"<p>Le secr\u00e9taire d&rsquo;\u00c9tat Sofiane Chaib et le ministre de la Sant\u00e9 Mohamed Seddik Ait Messaoudene ont copr\u00e9sid\u00e9 une rencontre virtuelle<\/p>\n","protected":false},"author":6,"featured_media":75335,"comment_status":"open","ping_status":"closed","sticky":false,"template":"","format":"standard","meta":{"colormag_page_container_layout":"default_layout","colormag_page_sidebar_layout":"default_layout","om_disable_all_campaigns":false,"_monsterinsights_skip_tracking":false,"_monsterinsights_sitenote_active":false,"_monsterinsights_sitenote_note":"","_monsterinsights_sitenote_category":0,"footnotes":"","_wpscppro_dont_share_socialmedia":false,"_wpscppro_custom_social_share_image":0,"_facebook_share_type":"default","_twitter_share_type":"default","_linkedin_share_type":"default","_pinterest_share_type":"default","_linkedin_share_type_page":"","_instagram_share_type":"default","_medium_share_type":"default","_threads_share_type":"default","_google_business_share_type":"default","_selected_social_profile":[],"_wpsp_enable_custom_social_template":false,"_wpsp_social_scheduling":{"enabled":false,"datetime":null,"platforms":[],"status":"template_only","dateOption":"today","timeOption":"now","customDays":"","customHours":"","customDate":"","customTime":"","schedulingType":"absolute"},"_wpsp_active_default_template":true},"categories":[27],"tags":[],"class_list":["post-75334","post","type-post","status-publish","format-standard","has-post-thumbnail","hentry","category-actualite"],"aioseo_notices":[],"yoast_head":"<!-- This site is optimized with the Yoast SEO plugin v27.5 - https:\/\/yoast.com\/product\/yoast-seo-wordpress\/ -->\n<title>Sant\u00e9\u00a0: Mobiliser les comp\u00e9tences m\u00e9dicales de la diaspora ` - La Sentinelle<\/title>\n<meta name=\"robots\" content=\"index, follow, max-snippet:-1, max-image-preview:large, max-video-preview:-1\" \/>\n<link rel=\"canonical\" href=\"https:\/\/lasentinelle.dz\/index.php\/2025\/10\/26\/sante-mobiliser-les-competences-medicales-de-la-diaspora\/\" \/>\n<meta property=\"og:locale\" content=\"fr_FR\" \/>\n<meta property=\"og:type\" content=\"article\" \/>\n<meta property=\"og:title\" content=\"Sant\u00e9\u00a0: Mobiliser les comp\u00e9tences m\u00e9dicales de la diaspora ` - La Sentinelle\" \/>\n<meta property=\"og:description\" content=\"Le secr\u00e9taire d&rsquo;\u00c9tat Sofiane Chaib et le ministre de la Sant\u00e9 Mohamed Seddik Ait Messaoudene ont copr\u00e9sid\u00e9 une rencontre virtuelle\" \/>\n<meta property=\"og:url\" content=\"https:\/\/lasentinelle.dz\/index.php\/2025\/10\/26\/sante-mobiliser-les-competences-medicales-de-la-diaspora\/\" \/>\n<meta property=\"og:site_name\" content=\"La Sentinelle\" \/>\n<meta property=\"article:publisher\" content=\"https:\/\/www.facebook.com\/La-Sentinelle-104059864394773\" \/>\n<meta property=\"article:published_time\" content=\"2025-10-26T18:58:11+00:00\" \/>\n<meta property=\"article:modified_time\" content=\"2025-10-26T18:58:12+00:00\" \/>\n<meta property=\"og:image\" content=\"https:\/\/lasentinelle.dz\/wp-content\/uploads\/2025\/10\/chaib.webp\" \/>\n\t<meta property=\"og:image:width\" content=\"900\" \/>\n\t<meta property=\"og:image:height\" content=\"675\" \/>\n\t<meta property=\"og:image:type\" content=\"image\/webp\" \/>\n<meta name=\"author\" content=\"admin\" \/>\n<meta name=\"twitter:card\" content=\"summary_large_image\" \/>\n<meta name=\"twitter:label1\" content=\"\u00c9crit par\" \/>\n\t<meta name=\"twitter:data1\" content=\"admin\" \/>\n\t<meta name=\"twitter:label2\" content=\"Dur\u00e9e de lecture estim\u00e9e\" \/>\n\t<meta name=\"twitter:data2\" content=\"2 minutes\" \/>\n<script type=\"application\/ld+json\" class=\"yoast-schema-graph\">{\"@context\":\"https:\\\/\\\/schema.org\",\"@graph\":[{\"@type\":\"Article\",\"@id\":\"https:\\\/\\\/lasentinelle.dz\\\/index.php\\\/2025\\\/10\\\/26\\\/sante-mobiliser-les-competences-medicales-de-la-diaspora\\\/#article\",\"isPartOf\":{\"@id\":\"https:\\\/\\\/lasentinelle.dz\\\/index.php\\\/2025\\\/10\\\/26\\\/sante-mobiliser-les-competences-medicales-de-la-diaspora\\\/\"},\"author\":{\"name\":\"admin\",\"@id\":\"https:\\\/\\\/lasentinelle.dz\\\/#\\\/schema\\\/person\\\/729ee0024f24e0b8c5ec17232f8e8b41\"},\"headline\":\"Sant\u00e9\u00a0: Mobiliser les comp\u00e9tences m\u00e9dicales de la diaspora `\",\"datePublished\":\"2025-10-26T18:58:11+00:00\",\"dateModified\":\"2025-10-26T18:58:12+00:00\",\"mainEntityOfPage\":{\"@id\":\"https:\\\/\\\/lasentinelle.dz\\\/index.php\\\/2025\\\/10\\\/26\\\/sante-mobiliser-les-competences-medicales-de-la-diaspora\\\/\"},\"wordCount\":418,\"commentCount\":0,\"publisher\":{\"@id\":\"https:\\\/\\\/lasentinelle.dz\\\/#organization\"},\"image\":{\"@id\":\"https:\\\/\\\/lasentinelle.dz\\\/index.php\\\/2025\\\/10\\\/26\\\/sante-mobiliser-les-competences-medicales-de-la-diaspora\\\/#primaryimage\"},\"thumbnailUrl\":\"https:\\\/\\\/lasentinelle.dz\\\/wp-content\\\/uploads\\\/2025\\\/10\\\/chaib.webp\",\"articleSection\":[\"Actualit\u00e9\"],\"inLanguage\":\"fr-FR\",\"potentialAction\":[{\"@type\":\"CommentAction\",\"name\":\"Comment\",\"target\":[\"https:\\\/\\\/lasentinelle.dz\\\/index.php\\\/2025\\\/10\\\/26\\\/sante-mobiliser-les-competences-medicales-de-la-diaspora\\\/#respond\"]}]},{\"@type\":\"WebPage\",\"@id\":\"https:\\\/\\\/lasentinelle.dz\\\/index.php\\\/2025\\\/10\\\/26\\\/sante-mobiliser-les-competences-medicales-de-la-diaspora\\\/\",\"url\":\"https:\\\/\\\/lasentinelle.dz\\\/index.php\\\/2025\\\/10\\\/26\\\/sante-mobiliser-les-competences-medicales-de-la-diaspora\\\/\",\"name\":\"Sant\u00e9\u00a0: Mobiliser les comp\u00e9tences m\u00e9dicales de la diaspora ` - La Sentinelle\",\"isPartOf\":{\"@id\":\"https:\\\/\\\/lasentinelle.dz\\\/#website\"},\"primaryImageOfPage\":{\"@id\":\"https:\\\/\\\/lasentinelle.dz\\\/index.php\\\/2025\\\/10\\\/26\\\/sante-mobiliser-les-competences-medicales-de-la-diaspora\\\/#primaryimage\"},\"image\":{\"@id\":\"https:\\\/\\\/lasentinelle.dz\\\/index.php\\\/2025\\\/10\\\/26\\\/sante-mobiliser-les-competences-medicales-de-la-diaspora\\\/#primaryimage\"},\"thumbnailUrl\":\"https:\\\/\\\/lasentinelle.dz\\\/wp-content\\\/uploads\\\/2025\\\/10\\\/chaib.webp\",\"datePublished\":\"2025-10-26T18:58:11+00:00\",\"dateModified\":\"2025-10-26T18:58:12+00:00\",\"breadcrumb\":{\"@id\":\"https:\\\/\\\/lasentinelle.dz\\\/index.php\\\/2025\\\/10\\\/26\\\/sante-mobiliser-les-competences-medicales-de-la-diaspora\\\/#breadcrumb\"},\"inLanguage\":\"fr-FR\",\"potentialAction\":[{\"@type\":\"ReadAction\",\"target\":[\"https:\\\/\\\/lasentinelle.dz\\\/index.php\\\/2025\\\/10\\\/26\\\/sante-mobiliser-les-competences-medicales-de-la-diaspora\\\/\"]}]},{\"@type\":\"ImageObject\",\"inLanguage\":\"fr-FR\",\"@id\":\"https:\\\/\\\/lasentinelle.dz\\\/index.php\\\/2025\\\/10\\\/26\\\/sante-mobiliser-les-competences-medicales-de-la-diaspora\\\/#primaryimage\",\"url\":\"https:\\\/\\\/lasentinelle.dz\\\/wp-content\\\/uploads\\\/2025\\\/10\\\/chaib.webp\",\"contentUrl\":\"https:\\\/\\\/lasentinelle.dz\\\/wp-content\\\/uploads\\\/2025\\\/10\\\/chaib.webp\",\"width\":900,\"height\":675},{\"@type\":\"BreadcrumbList\",\"@id\":\"https:\\\/\\\/lasentinelle.dz\\\/index.php\\\/2025\\\/10\\\/26\\\/sante-mobiliser-les-competences-medicales-de-la-diaspora\\\/#breadcrumb\",\"itemListElement\":[{\"@type\":\"ListItem\",\"position\":1,\"name\":\"Accueil\",\"item\":\"https:\\\/\\\/lasentinelle.dz\\\/\"},{\"@type\":\"ListItem\",\"position\":2,\"name\":\"Sant\u00e9\u00a0: Mobiliser les comp\u00e9tences m\u00e9dicales de la diaspora `\"}]},{\"@type\":\"WebSite\",\"@id\":\"https:\\\/\\\/lasentinelle.dz\\\/#website\",\"url\":\"https:\\\/\\\/lasentinelle.dz\\\/\",\"name\":\"La Sentinelle\",\"description\":\"Quotidien national d&#039;information\",\"publisher\":{\"@id\":\"https:\\\/\\\/lasentinelle.dz\\\/#organization\"},\"potentialAction\":[{\"@type\":\"SearchAction\",\"target\":{\"@type\":\"EntryPoint\",\"urlTemplate\":\"https:\\\/\\\/lasentinelle.dz\\\/?s={search_term_string}\"},\"query-input\":{\"@type\":\"PropertyValueSpecification\",\"valueRequired\":true,\"valueName\":\"search_term_string\"}}],\"inLanguage\":\"fr-FR\"},{\"@type\":\"Organization\",\"@id\":\"https:\\\/\\\/lasentinelle.dz\\\/#organization\",\"name\":\"Quotidien La Sentinelle\",\"url\":\"https:\\\/\\\/lasentinelle.dz\\\/\",\"logo\":{\"@type\":\"ImageObject\",\"inLanguage\":\"fr-FR\",\"@id\":\"https:\\\/\\\/lasentinelle.dz\\\/#\\\/schema\\\/logo\\\/image\\\/\",\"url\":\"https:\\\/\\\/lasentinelle.dz\\\/wp-content\\\/uploads\\\/2021\\\/09\\\/logo-sentinelleSLOGAN-1.png\",\"contentUrl\":\"https:\\\/\\\/lasentinelle.dz\\\/wp-content\\\/uploads\\\/2021\\\/09\\\/logo-sentinelleSLOGAN-1.png\",\"width\":615,\"height\":142,\"caption\":\"Quotidien La Sentinelle\"},\"image\":{\"@id\":\"https:\\\/\\\/lasentinelle.dz\\\/#\\\/schema\\\/logo\\\/image\\\/\"},\"sameAs\":[\"https:\\\/\\\/www.facebook.com\\\/La-Sentinelle-104059864394773\"]},{\"@type\":\"Person\",\"@id\":\"https:\\\/\\\/lasentinelle.dz\\\/#\\\/schema\\\/person\\\/729ee0024f24e0b8c5ec17232f8e8b41\",\"name\":\"admin\",\"image\":{\"@type\":\"ImageObject\",\"inLanguage\":\"fr-FR\",\"@id\":\"https:\\\/\\\/secure.gravatar.com\\\/avatar\\\/4c81fed838786e9b53f540bf46533e750f5d292099ae3b66cfc6fb1982e29df7?s=96&d=mm&r=g\",\"url\":\"https:\\\/\\\/secure.gravatar.com\\\/avatar\\\/4c81fed838786e9b53f540bf46533e750f5d292099ae3b66cfc6fb1982e29df7?s=96&d=mm&r=g\",\"contentUrl\":\"https:\\\/\\\/secure.gravatar.com\\\/avatar\\\/4c81fed838786e9b53f540bf46533e750f5d292099ae3b66cfc6fb1982e29df7?s=96&d=mm&r=g\",\"caption\":\"admin\"},\"description\":\"admin\",\"url\":\"https:\\\/\\\/lasentinelle.dz\\\/author\\\/admin\\\/\"}]}<\/script>\n<!-- \/ Yoast SEO plugin. -->","yoast_head_json":{"title":"Sant\u00e9\u00a0: Mobiliser les comp\u00e9tences m\u00e9dicales de la diaspora ` - La Sentinelle","robots":{"index":"index","follow":"follow","max-snippet":"max-snippet:-1","max-image-preview":"max-image-preview:large","max-video-preview":"max-video-preview:-1"},"canonical":"https:\/\/lasentinelle.dz\/index.php\/2025\/10\/26\/sante-mobiliser-les-competences-medicales-de-la-diaspora\/","og_locale":"fr_FR","og_type":"article","og_title":"Sant\u00e9\u00a0: Mobiliser les comp\u00e9tences m\u00e9dicales de la diaspora ` - La Sentinelle","og_description":"Le secr\u00e9taire d&rsquo;\u00c9tat Sofiane Chaib et le ministre de la Sant\u00e9 Mohamed Seddik Ait Messaoudene ont copr\u00e9sid\u00e9 une rencontre virtuelle","og_url":"https:\/\/lasentinelle.dz\/index.php\/2025\/10\/26\/sante-mobiliser-les-competences-medicales-de-la-diaspora\/","og_site_name":"La Sentinelle","article_publisher":"https:\/\/www.facebook.com\/La-Sentinelle-104059864394773","article_published_time":"2025-10-26T18:58:11+00:00","article_modified_time":"2025-10-26T18:58:12+00:00","og_image":[{"width":900,"height":675,"url":"https:\/\/lasentinelle.dz\/wp-content\/uploads\/2025\/10\/chaib.webp","type":"image\/webp"}],"author":"admin","twitter_card":"summary_large_image","twitter_misc":{"\u00c9crit par":"admin","Dur\u00e9e de lecture estim\u00e9e":"2 minutes"},"schema":{"@context":"https:\/\/schema.org","@graph":[{"@type":"Article","@id":"https:\/\/lasentinelle.dz\/index.php\/2025\/10\/26\/sante-mobiliser-les-competences-medicales-de-la-diaspora\/#article","isPartOf":{"@id":"https:\/\/lasentinelle.dz\/index.php\/2025\/10\/26\/sante-mobiliser-les-competences-medicales-de-la-diaspora\/"},"author":{"name":"admin","@id":"https:\/\/lasentinelle.dz\/#\/schema\/person\/729ee0024f24e0b8c5ec17232f8e8b41"},"headline":"Sant\u00e9\u00a0: Mobiliser les comp\u00e9tences m\u00e9dicales de la diaspora `","datePublished":"2025-10-26T18:58:11+00:00","dateModified":"2025-10-26T18:58:12+00:00","mainEntityOfPage":{"@id":"https:\/\/lasentinelle.dz\/index.php\/2025\/10\/26\/sante-mobiliser-les-competences-medicales-de-la-diaspora\/"},"wordCount":418,"commentCount":0,"publisher":{"@id":"https:\/\/lasentinelle.dz\/#organization"},"image":{"@id":"https:\/\/lasentinelle.dz\/index.php\/2025\/10\/26\/sante-mobiliser-les-competences-medicales-de-la-diaspora\/#primaryimage"},"thumbnailUrl":"https:\/\/lasentinelle.dz\/wp-content\/uploads\/2025\/10\/chaib.webp","articleSection":["Actualit\u00e9"],"inLanguage":"fr-FR","potentialAction":[{"@type":"CommentAction","name":"Comment","target":["https:\/\/lasentinelle.dz\/index.php\/2025\/10\/26\/sante-mobiliser-les-competences-medicales-de-la-diaspora\/#respond"]}]},{"@type":"WebPage","@id":"https:\/\/lasentinelle.dz\/index.php\/2025\/10\/26\/sante-mobiliser-les-competences-medicales-de-la-diaspora\/","url":"https:\/\/lasentinelle.dz\/index.php\/2025\/10\/26\/sante-mobiliser-les-competences-medicales-de-la-diaspora\/","name":"Sant\u00e9\u00a0: Mobiliser les comp\u00e9tences m\u00e9dicales de la diaspora ` - La Sentinelle","isPartOf":{"@id":"https:\/\/lasentinelle.dz\/#website"},"primaryImageOfPage":{"@id":"https:\/\/lasentinelle.dz\/index.php\/2025\/10\/26\/sante-mobiliser-les-competences-medicales-de-la-diaspora\/#primaryimage"},"image":{"@id":"https:\/\/lasentinelle.dz\/index.php\/2025\/10\/26\/sante-mobiliser-les-competences-medicales-de-la-diaspora\/#primaryimage"},"thumbnailUrl":"https:\/\/lasentinelle.dz\/wp-content\/uploads\/2025\/10\/chaib.webp","datePublished":"2025-10-26T18:58:11+00:00","dateModified":"2025-10-26T18:58:12+00:00","breadcrumb":{"@id":"https:\/\/lasentinelle.dz\/index.php\/2025\/10\/26\/sante-mobiliser-les-competences-medicales-de-la-diaspora\/#breadcrumb"},"inLanguage":"fr-FR","potentialAction":[{"@type":"ReadAction","target":["https:\/\/lasentinelle.dz\/index.php\/2025\/10\/26\/sante-mobiliser-les-competences-medicales-de-la-diaspora\/"]}]},{"@type":"ImageObject","inLanguage":"fr-FR","@id":"https:\/\/lasentinelle.dz\/index.php\/2025\/10\/26\/sante-mobiliser-les-competences-medicales-de-la-diaspora\/#primaryimage","url":"https:\/\/lasentinelle.dz\/wp-content\/uploads\/2025\/10\/chaib.webp","contentUrl":"https:\/\/lasentinelle.dz\/wp-content\/uploads\/2025\/10\/chaib.webp","width":900,"height":675},{"@type":"BreadcrumbList","@id":"https:\/\/lasentinelle.dz\/index.php\/2025\/10\/26\/sante-mobiliser-les-competences-medicales-de-la-diaspora\/#breadcrumb","itemListElement":[{"@type":"ListItem","position":1,"name":"Accueil","item":"https:\/\/lasentinelle.dz\/"},{"@type":"ListItem","position":2,"name":"Sant\u00e9\u00a0: Mobiliser les comp\u00e9tences m\u00e9dicales de la diaspora `"}]},{"@type":"WebSite","@id":"https:\/\/lasentinelle.dz\/#website","url":"https:\/\/lasentinelle.dz\/","name":"La Sentinelle","description":"Quotidien national d&#039;information","publisher":{"@id":"https:\/\/lasentinelle.dz\/#organization"},"potentialAction":[{"@type":"SearchAction","target":{"@type":"EntryPoint","urlTemplate":"https:\/\/lasentinelle.dz\/?s={search_term_string}"},"query-input":{"@type":"PropertyValueSpecification","valueRequired":true,"valueName":"search_term_string"}}],"inLanguage":"fr-FR"},{"@type":"Organization","@id":"https:\/\/lasentinelle.dz\/#organization","name":"Quotidien La Sentinelle","url":"https:\/\/lasentinelle.dz\/","logo":{"@type":"ImageObject","inLanguage":"fr-FR","@id":"https:\/\/lasentinelle.dz\/#\/schema\/logo\/image\/","url":"https:\/\/lasentinelle.dz\/wp-content\/uploads\/2021\/09\/logo-sentinelleSLOGAN-1.png","contentUrl":"https:\/\/lasentinelle.dz\/wp-content\/uploads\/2021\/09\/logo-sentinelleSLOGAN-1.png","width":615,"height":142,"caption":"Quotidien La Sentinelle"},"image":{"@id":"https:\/\/lasentinelle.dz\/#\/schema\/logo\/image\/"},"sameAs":["https:\/\/www.facebook.com\/La-Sentinelle-104059864394773"]},{"@type":"Person","@id":"https:\/\/lasentinelle.dz\/#\/schema\/person\/729ee0024f24e0b8c5ec17232f8e8b41","name":"admin","image":{"@type":"ImageObject","inLanguage":"fr-FR","@id":"https:\/\/secure.gravatar.com\/avatar\/4c81fed838786e9b53f540bf46533e750f5d292099ae3b66cfc6fb1982e29df7?s=96&d=mm&r=g","url":"https:\/\/secure.gravatar.com\/avatar\/4c81fed838786e9b53f540bf46533e750f5d292099ae3b66cfc6fb1982e29df7?s=96&d=mm&r=g","contentUrl":"https:\/\/secure.gravatar.com\/avatar\/4c81fed838786e9b53f540bf46533e750f5d292099ae3b66cfc6fb1982e29df7?s=96&d=mm&r=g","caption":"admin"},"description":"admin","url":"https:\/\/lasentinelle.dz\/author\/admin\/"}]}},"_links":{"self":[{"href":"https:\/\/lasentinelle.dz\/index.php\/wp-json\/wp\/v2\/posts\/75334","targetHints":{"allow":["GET"]}}],"collection":[{"href":"https:\/\/lasentinelle.dz\/index.php\/wp-json\/wp\/v2\/posts"}],"about":[{"href":"https:\/\/lasentinelle.dz\/index.php\/wp-json\/wp\/v2\/types\/post"}],"author":[{"embeddable":true,"href":"https:\/\/lasentinelle.dz\/index.php\/wp-json\/wp\/v2\/users\/6"}],"replies":[{"embeddable":true,"href":"https:\/\/lasentinelle.dz\/index.php\/wp-json\/wp\/v2\/comments?post=75334"}],"version-history":[{"count":1,"href":"https:\/\/lasentinelle.dz\/index.php\/wp-json\/wp\/v2\/posts\/75334\/revisions"}],"predecessor-version":[{"id":75336,"href":"https:\/\/lasentinelle.dz\/index.php\/wp-json\/wp\/v2\/posts\/75334\/revisions\/75336"}],"wp:featuredmedia":[{"embeddable":true,"href":"https:\/\/lasentinelle.dz\/index.php\/wp-json\/wp\/v2\/media\/75335"}],"wp:attachment":[{"href":"https:\/\/lasentinelle.dz\/index.php\/wp-json\/wp\/v2\/media?parent=75334"}],"wp:term":[{"taxonomy":"category","embeddable":true,"href":"https:\/\/lasentinelle.dz\/index.php\/wp-json\/wp\/v2\/categories?post=75334"},{"taxonomy":"post_tag","embeddable":true,"href":"https:\/\/lasentinelle.dz\/index.php\/wp-json\/wp\/v2\/tags?post=75334"}],"curies":[{"name":"wp","href":"https:\/\/api.w.org\/{rel}","templated":true}]}}