{"id":75337,"date":"2025-10-26T19:59:10","date_gmt":"2025-10-26T18:59:10","guid":{"rendered":"https:\/\/lasentinelle.dz\/?p=75337"},"modified":"2025-10-26T19:59:11","modified_gmt":"2025-10-26T18:59:11","slug":"angem-deux-millions-demplois-crees-grace-au-microcredit","status":"publish","type":"post","link":"https:\/\/lasentinelle.dz\/index.php\/2025\/10\/26\/angem-deux-millions-demplois-crees-grace-au-microcredit\/","title":{"rendered":"Angem\u00a0: Deux millions d&#8217;emplois cr\u00e9\u00e9s gr\u00e2ce au microcr\u00e9dit"},"content":{"rendered":"\n<p>21 apr\u00e8s sa cr\u00e9ation, l&rsquo;Agence nationale de gestion du microcr\u00e9dit affiche un bilan spectaculaire : un million de projets financ\u00e9s et deux millions d&#8217;emplois g\u00e9n\u00e9r\u00e9s, confirmant son r\u00f4le strat\u00e9gique dans le d\u00e9veloppement de l&rsquo;\u00e9conomie locale.<\/p>\n\n\n\n<p>La directrice g\u00e9n\u00e9rale de l&rsquo;Agence nationale de gestion du microcr\u00e9dit, Souad Bendjemil, a d\u00e9voil\u00e9 dimanche les r\u00e9sultats de son institution depuis 2004, lors de son passage dans l&rsquo;\u00e9mission \u00ab\u00a0L&rsquo;invit\u00e9 du jour\u00a0\u00bb de la Cha\u00eene 3 de la Radio alg\u00e9rienne. L&rsquo;ANGEM a particip\u00e9 au financement d&rsquo;un million de projets, permettant la cr\u00e9ation de deux millions d&#8217;emplois sur l&rsquo;ensemble du territoire national, un bilan que la responsable qualifie de \u00ab\u00a0r\u00e9ussite\u00a0\u00bb.<\/p>\n\n\n\n<p>Cr\u00e9\u00e9e il y a plus de deux d\u00e9cennies pour soutenir les micro-entreprises et stimuler l&rsquo;entrepreneuriat local, l&rsquo;ANGEM s&rsquo;est impos\u00e9e comme un acteur incontournable du paysage \u00e9conomique alg\u00e9rien. L&rsquo;agence intervient principalement dans le financement des micro-entreprises et micro-activit\u00e9s, contribuant ainsi au d\u00e9veloppement de l&rsquo;\u00e9conomie locale et \u00e0 la r\u00e9duction du ch\u00f4mage. \u00ab\u00a0L&rsquo;ANGEM est aujourd&rsquo;hui un acteur tr\u00e8s actif, et incontournable, dans le paysage \u00e9conomique national, notamment en ce qui concerne le d\u00e9veloppement de l&rsquo;\u00e9conomie locale avec le financement des micro-entreprises et micro-activit\u00e9s\u00a0\u00bb, a soulign\u00e9 Souad Bendjemil. Les chiffres avanc\u00e9s par la directrice g\u00e9n\u00e9rale t\u00e9moignent de la vitalit\u00e9 du dispositif. Pour le seul premier semestre 2025, pas moins de 11 000 projets ont b\u00e9n\u00e9fici\u00e9 du financement de l&rsquo;agence, d\u00e9montrant une dynamique soutenue malgr\u00e9 les d\u00e9fis \u00e9conomiques. Ces b\u00e9n\u00e9ficiaires ne sont pas de simples statistiques : selon la responsable, ce million d&rsquo;entrepreneurs reste actif et visible sur la base de donn\u00e9es de l&rsquo;ANGEM, participant r\u00e9guli\u00e8rement aux manifestations, salons et expositions organis\u00e9s par l&rsquo;agence pour les aider \u00e0 commercialiser leurs produits. L&rsquo;impact de ces micro-entreprises d\u00e9passe d\u00e9sormais les fronti\u00e8res nationales. Souad Bendjemil a mis en avant plusieurs success stories \u00e9loquentes, notamment celle de sept b\u00e9n\u00e9ficiaires qui ont expos\u00e9 leurs produits lors de la derni\u00e8re Foire commerciale intra-africaine tenue en septembre \u00e0 Alger. Ces entreprises, sp\u00e9cialis\u00e9es dans des domaines vari\u00e9s comme la production d&rsquo;huile d&rsquo;argan, de savon naturel, de pi\u00e8ces de rechange ou encore de fruits exotiques, ont sign\u00e9 des contrats d&rsquo;exportation pour trois millions de dollars avec des pays africains tels que le Mali, le Niger et la Mauritanie.<\/p>\n\n\n\n<p>L&rsquo;ANGEM s&rsquo;inscrit \u00e9galement dans les nouvelles tendances de l&rsquo;\u00e9conomie verte, un secteur porteur que l&rsquo;agence entend structurer et professionnaliser. Interrog\u00e9e sur les orientations actuelles, la directrice g\u00e9n\u00e9rale a \u00e9voqu\u00e9 la collecte du plastique comme une opportunit\u00e9 majeure. \u00ab\u00a0Actuellement, il y a une grande tendance, tourn\u00e9e vers l&rsquo;\u00e9conomie verte, qui est la collecte des d\u00e9chets plastiques. Toutefois, elle se fait d&rsquo;une fa\u00e7on informelle\u00a0\u00bb, a-t-elle regrett\u00e9. Pour formaliser cette activit\u00e9, l&rsquo;ANGEM a lanc\u00e9 une op\u00e9ration ambitieuse visant \u00e0 financer mille collecteurs pour l&rsquo;acquisition de tricycles, outils indispensables \u00e0 leur activit\u00e9.<\/p>\n\n\n\n<p>Cette initiative ne se limite pas \u00e0 la simple distribution de mat\u00e9riel. Les b\u00e9n\u00e9ficiaires recevront au pr\u00e9alable une formation de qualit\u00e9, \u00e9labor\u00e9e en partenariat avec le minist\u00e8re de l&rsquo;Environnement et de la Qualit\u00e9 de vie, pour garantir le respect des normes environnementales. \u00ab\u00a0Nous allons aussi les orienter vers les entreprises qui font le recyclage de ce plastique. Donc, ces jeunes vont \u00eatre form\u00e9s et vont exercer dans le formel pour vendre leur produit qui est mati\u00e8re premi\u00e8re par excellence maintenant\u00a0\u00bb, a pr\u00e9cis\u00e9 Souad Bendjemil. Cette d\u00e9marche permettra de transformer une activit\u00e9 informelle en fili\u00e8re structur\u00e9e, cr\u00e9ant ainsi des emplois durables tout en contribuant \u00e0 la protection de l&rsquo;environnement. Au-del\u00e0 des chiffres, l&rsquo;ANGEM incarne une politique publique volontariste de soutien \u00e0 l&rsquo;entrepreneuriat et d&rsquo;inclusion \u00e9conomique.<\/p>\n\n\n\n<p>Samir Benisid<\/p>\n","protected":false},"excerpt":{"rendered":"<p>21 apr\u00e8s sa cr\u00e9ation, l&rsquo;Agence nationale de gestion du microcr\u00e9dit affiche un bilan spectaculaire : un million de projets financ\u00e9s<\/p>\n","protected":false},"author":6,"featured_media":61169,"comment_status":"open","ping_status":"closed","sticky":false,"template":"","format":"standard","meta":{"colormag_page_container_layout":"default_layout","colormag_page_sidebar_layout":"default_layout","om_disable_all_campaigns":false,"_monsterinsights_skip_tracking":false,"_monsterinsights_sitenote_active":false,"_monsterinsights_sitenote_note":"","_monsterinsights_sitenote_category":0,"footnotes":"","_wpscppro_dont_share_socialmedia":false,"_wpscppro_custom_social_share_image":0,"_facebook_share_type":"default","_twitter_share_type":"default","_linkedin_share_type":"default","_pinterest_share_type":"default","_linkedin_share_type_page":"","_instagram_share_type":"default","_medium_share_type":"default","_threads_share_type":"default","_google_business_share_type":"default","_selected_social_profile":[],"_wpsp_enable_custom_social_template":false,"_wpsp_social_scheduling":{"enabled":false,"datetime":null,"platforms":[],"status":"template_only","dateOption":"today","timeOption":"now","customDays":"","customHours":"","customDate":"","customTime":"","schedulingType":"absolute"},"_wpsp_active_default_template":true},"categories":[52,27],"tags":[],"class_list":["post-75337","post","type-post","status-publish","format-standard","has-post-thumbnail","hentry","category-a-la-une","category-actualite"],"aioseo_notices":[],"yoast_head":"<!-- This site is optimized with the Yoast SEO plugin v27.5 - https:\/\/yoast.com\/product\/yoast-seo-wordpress\/ -->\n<title>Angem\u00a0: Deux millions d&#8217;emplois cr\u00e9\u00e9s gr\u00e2ce au microcr\u00e9dit - La Sentinelle<\/title>\n<meta name=\"robots\" content=\"index, follow, max-snippet:-1, max-image-preview:large, max-video-preview:-1\" \/>\n<link rel=\"canonical\" href=\"https:\/\/lasentinelle.dz\/index.php\/2025\/10\/26\/angem-deux-millions-demplois-crees-grace-au-microcredit\/\" \/>\n<meta property=\"og:locale\" content=\"fr_FR\" \/>\n<meta property=\"og:type\" content=\"article\" \/>\n<meta property=\"og:title\" content=\"Angem\u00a0: Deux millions d&#8217;emplois cr\u00e9\u00e9s gr\u00e2ce au microcr\u00e9dit - La Sentinelle\" \/>\n<meta property=\"og:description\" content=\"21 apr\u00e8s sa cr\u00e9ation, l&rsquo;Agence nationale de gestion du microcr\u00e9dit affiche un bilan spectaculaire : un million de projets financ\u00e9s\" \/>\n<meta property=\"og:url\" content=\"https:\/\/lasentinelle.dz\/index.php\/2025\/10\/26\/angem-deux-millions-demplois-crees-grace-au-microcredit\/\" \/>\n<meta property=\"og:site_name\" content=\"La Sentinelle\" \/>\n<meta property=\"article:publisher\" content=\"https:\/\/www.facebook.com\/La-Sentinelle-104059864394773\" \/>\n<meta property=\"article:published_time\" content=\"2025-10-26T18:59:10+00:00\" \/>\n<meta property=\"article:modified_time\" content=\"2025-10-26T18:59:11+00:00\" \/>\n<meta property=\"og:image\" content=\"https:\/\/lasentinelle.dz\/wp-content\/uploads\/2025\/01\/angem.jpg\" \/>\n\t<meta property=\"og:image:width\" content=\"2500\" \/>\n\t<meta property=\"og:image:height\" content=\"1875\" \/>\n\t<meta property=\"og:image:type\" content=\"image\/jpeg\" \/>\n<meta name=\"author\" content=\"admin\" \/>\n<meta name=\"twitter:card\" content=\"summary_large_image\" \/>\n<meta name=\"twitter:label1\" content=\"\u00c9crit par\" \/>\n\t<meta name=\"twitter:data1\" content=\"admin\" \/>\n\t<meta name=\"twitter:label2\" content=\"Dur\u00e9e de lecture estim\u00e9e\" \/>\n\t<meta name=\"twitter:data2\" content=\"4 minutes\" \/>\n<script type=\"application\/ld+json\" class=\"yoast-schema-graph\">{\"@context\":\"https:\\\/\\\/schema.org\",\"@graph\":[{\"@type\":\"Article\",\"@id\":\"https:\\\/\\\/lasentinelle.dz\\\/index.php\\\/2025\\\/10\\\/26\\\/angem-deux-millions-demplois-crees-grace-au-microcredit\\\/#article\",\"isPartOf\":{\"@id\":\"https:\\\/\\\/lasentinelle.dz\\\/index.php\\\/2025\\\/10\\\/26\\\/angem-deux-millions-demplois-crees-grace-au-microcredit\\\/\"},\"author\":{\"name\":\"admin\",\"@id\":\"https:\\\/\\\/lasentinelle.dz\\\/#\\\/schema\\\/person\\\/729ee0024f24e0b8c5ec17232f8e8b41\"},\"headline\":\"Angem\u00a0: Deux millions d&#8217;emplois cr\u00e9\u00e9s gr\u00e2ce au microcr\u00e9dit\",\"datePublished\":\"2025-10-26T18:59:10+00:00\",\"dateModified\":\"2025-10-26T18:59:11+00:00\",\"mainEntityOfPage\":{\"@id\":\"https:\\\/\\\/lasentinelle.dz\\\/index.php\\\/2025\\\/10\\\/26\\\/angem-deux-millions-demplois-crees-grace-au-microcredit\\\/\"},\"wordCount\":682,\"commentCount\":0,\"publisher\":{\"@id\":\"https:\\\/\\\/lasentinelle.dz\\\/#organization\"},\"image\":{\"@id\":\"https:\\\/\\\/lasentinelle.dz\\\/index.php\\\/2025\\\/10\\\/26\\\/angem-deux-millions-demplois-crees-grace-au-microcredit\\\/#primaryimage\"},\"thumbnailUrl\":\"https:\\\/\\\/lasentinelle.dz\\\/wp-content\\\/uploads\\\/2025\\\/01\\\/angem.jpg\",\"articleSection\":[\"\u00c0 la Une\",\"Actualit\u00e9\"],\"inLanguage\":\"fr-FR\",\"potentialAction\":[{\"@type\":\"CommentAction\",\"name\":\"Comment\",\"target\":[\"https:\\\/\\\/lasentinelle.dz\\\/index.php\\\/2025\\\/10\\\/26\\\/angem-deux-millions-demplois-crees-grace-au-microcredit\\\/#respond\"]}]},{\"@type\":\"WebPage\",\"@id\":\"https:\\\/\\\/lasentinelle.dz\\\/index.php\\\/2025\\\/10\\\/26\\\/angem-deux-millions-demplois-crees-grace-au-microcredit\\\/\",\"url\":\"https:\\\/\\\/lasentinelle.dz\\\/index.php\\\/2025\\\/10\\\/26\\\/angem-deux-millions-demplois-crees-grace-au-microcredit\\\/\",\"name\":\"Angem\u00a0: Deux millions d&#8217;emplois cr\u00e9\u00e9s gr\u00e2ce au microcr\u00e9dit - La Sentinelle\",\"isPartOf\":{\"@id\":\"https:\\\/\\\/lasentinelle.dz\\\/#website\"},\"primaryImageOfPage\":{\"@id\":\"https:\\\/\\\/lasentinelle.dz\\\/index.php\\\/2025\\\/10\\\/26\\\/angem-deux-millions-demplois-crees-grace-au-microcredit\\\/#primaryimage\"},\"image\":{\"@id\":\"https:\\\/\\\/lasentinelle.dz\\\/index.php\\\/2025\\\/10\\\/26\\\/angem-deux-millions-demplois-crees-grace-au-microcredit\\\/#primaryimage\"},\"thumbnailUrl\":\"https:\\\/\\\/lasentinelle.dz\\\/wp-content\\\/uploads\\\/2025\\\/01\\\/angem.jpg\",\"datePublished\":\"2025-10-26T18:59:10+00:00\",\"dateModified\":\"2025-10-26T18:59:11+00:00\",\"breadcrumb\":{\"@id\":\"https:\\\/\\\/lasentinelle.dz\\\/index.php\\\/2025\\\/10\\\/26\\\/angem-deux-millions-demplois-crees-grace-au-microcredit\\\/#breadcrumb\"},\"inLanguage\":\"fr-FR\",\"potentialAction\":[{\"@type\":\"ReadAction\",\"target\":[\"https:\\\/\\\/lasentinelle.dz\\\/index.php\\\/2025\\\/10\\\/26\\\/angem-deux-millions-demplois-crees-grace-au-microcredit\\\/\"]}]},{\"@type\":\"ImageObject\",\"inLanguage\":\"fr-FR\",\"@id\":\"https:\\\/\\\/lasentinelle.dz\\\/index.php\\\/2025\\\/10\\\/26\\\/angem-deux-millions-demplois-crees-grace-au-microcredit\\\/#primaryimage\",\"url\":\"https:\\\/\\\/lasentinelle.dz\\\/wp-content\\\/uploads\\\/2025\\\/01\\\/angem.jpg\",\"contentUrl\":\"https:\\\/\\\/lasentinelle.dz\\\/wp-content\\\/uploads\\\/2025\\\/01\\\/angem.jpg\",\"width\":2500,\"height\":1875},{\"@type\":\"BreadcrumbList\",\"@id\":\"https:\\\/\\\/lasentinelle.dz\\\/index.php\\\/2025\\\/10\\\/26\\\/angem-deux-millions-demplois-crees-grace-au-microcredit\\\/#breadcrumb\",\"itemListElement\":[{\"@type\":\"ListItem\",\"position\":1,\"name\":\"Accueil\",\"item\":\"https:\\\/\\\/lasentinelle.dz\\\/\"},{\"@type\":\"ListItem\",\"position\":2,\"name\":\"Angem\u00a0: Deux millions d&#8217;emplois cr\u00e9\u00e9s gr\u00e2ce au microcr\u00e9dit\"}]},{\"@type\":\"WebSite\",\"@id\":\"https:\\\/\\\/lasentinelle.dz\\\/#website\",\"url\":\"https:\\\/\\\/lasentinelle.dz\\\/\",\"name\":\"La Sentinelle\",\"description\":\"Quotidien national d&#039;information\",\"publisher\":{\"@id\":\"https:\\\/\\\/lasentinelle.dz\\\/#organization\"},\"potentialAction\":[{\"@type\":\"SearchAction\",\"target\":{\"@type\":\"EntryPoint\",\"urlTemplate\":\"https:\\\/\\\/lasentinelle.dz\\\/?s={search_term_string}\"},\"query-input\":{\"@type\":\"PropertyValueSpecification\",\"valueRequired\":true,\"valueName\":\"search_term_string\"}}],\"inLanguage\":\"fr-FR\"},{\"@type\":\"Organization\",\"@id\":\"https:\\\/\\\/lasentinelle.dz\\\/#organization\",\"name\":\"Quotidien La Sentinelle\",\"url\":\"https:\\\/\\\/lasentinelle.dz\\\/\",\"logo\":{\"@type\":\"ImageObject\",\"inLanguage\":\"fr-FR\",\"@id\":\"https:\\\/\\\/lasentinelle.dz\\\/#\\\/schema\\\/logo\\\/image\\\/\",\"url\":\"https:\\\/\\\/lasentinelle.dz\\\/wp-content\\\/uploads\\\/2021\\\/09\\\/logo-sentinelleSLOGAN-1.png\",\"contentUrl\":\"https:\\\/\\\/lasentinelle.dz\\\/wp-content\\\/uploads\\\/2021\\\/09\\\/logo-sentinelleSLOGAN-1.png\",\"width\":615,\"height\":142,\"caption\":\"Quotidien La Sentinelle\"},\"image\":{\"@id\":\"https:\\\/\\\/lasentinelle.dz\\\/#\\\/schema\\\/logo\\\/image\\\/\"},\"sameAs\":[\"https:\\\/\\\/www.facebook.com\\\/La-Sentinelle-104059864394773\"]},{\"@type\":\"Person\",\"@id\":\"https:\\\/\\\/lasentinelle.dz\\\/#\\\/schema\\\/person\\\/729ee0024f24e0b8c5ec17232f8e8b41\",\"name\":\"admin\",\"image\":{\"@type\":\"ImageObject\",\"inLanguage\":\"fr-FR\",\"@id\":\"https:\\\/\\\/secure.gravatar.com\\\/avatar\\\/4c81fed838786e9b53f540bf46533e750f5d292099ae3b66cfc6fb1982e29df7?s=96&d=mm&r=g\",\"url\":\"https:\\\/\\\/secure.gravatar.com\\\/avatar\\\/4c81fed838786e9b53f540bf46533e750f5d292099ae3b66cfc6fb1982e29df7?s=96&d=mm&r=g\",\"contentUrl\":\"https:\\\/\\\/secure.gravatar.com\\\/avatar\\\/4c81fed838786e9b53f540bf46533e750f5d292099ae3b66cfc6fb1982e29df7?s=96&d=mm&r=g\",\"caption\":\"admin\"},\"description\":\"admin\",\"url\":\"https:\\\/\\\/lasentinelle.dz\\\/author\\\/admin\\\/\"}]}<\/script>\n<!-- \/ Yoast SEO plugin. -->","yoast_head_json":{"title":"Angem\u00a0: Deux millions d&#8217;emplois cr\u00e9\u00e9s gr\u00e2ce au microcr\u00e9dit - La Sentinelle","robots":{"index":"index","follow":"follow","max-snippet":"max-snippet:-1","max-image-preview":"max-image-preview:large","max-video-preview":"max-video-preview:-1"},"canonical":"https:\/\/lasentinelle.dz\/index.php\/2025\/10\/26\/angem-deux-millions-demplois-crees-grace-au-microcredit\/","og_locale":"fr_FR","og_type":"article","og_title":"Angem\u00a0: Deux millions d&#8217;emplois cr\u00e9\u00e9s gr\u00e2ce au microcr\u00e9dit - La Sentinelle","og_description":"21 apr\u00e8s sa cr\u00e9ation, l&rsquo;Agence nationale de gestion du microcr\u00e9dit affiche un bilan spectaculaire : un million de projets financ\u00e9s","og_url":"https:\/\/lasentinelle.dz\/index.php\/2025\/10\/26\/angem-deux-millions-demplois-crees-grace-au-microcredit\/","og_site_name":"La Sentinelle","article_publisher":"https:\/\/www.facebook.com\/La-Sentinelle-104059864394773","article_published_time":"2025-10-26T18:59:10+00:00","article_modified_time":"2025-10-26T18:59:11+00:00","og_image":[{"width":2500,"height":1875,"url":"https:\/\/lasentinelle.dz\/wp-content\/uploads\/2025\/01\/angem.jpg","type":"image\/jpeg"}],"author":"admin","twitter_card":"summary_large_image","twitter_misc":{"\u00c9crit par":"admin","Dur\u00e9e de lecture estim\u00e9e":"4 minutes"},"schema":{"@context":"https:\/\/schema.org","@graph":[{"@type":"Article","@id":"https:\/\/lasentinelle.dz\/index.php\/2025\/10\/26\/angem-deux-millions-demplois-crees-grace-au-microcredit\/#article","isPartOf":{"@id":"https:\/\/lasentinelle.dz\/index.php\/2025\/10\/26\/angem-deux-millions-demplois-crees-grace-au-microcredit\/"},"author":{"name":"admin","@id":"https:\/\/lasentinelle.dz\/#\/schema\/person\/729ee0024f24e0b8c5ec17232f8e8b41"},"headline":"Angem\u00a0: Deux millions d&#8217;emplois cr\u00e9\u00e9s gr\u00e2ce au microcr\u00e9dit","datePublished":"2025-10-26T18:59:10+00:00","dateModified":"2025-10-26T18:59:11+00:00","mainEntityOfPage":{"@id":"https:\/\/lasentinelle.dz\/index.php\/2025\/10\/26\/angem-deux-millions-demplois-crees-grace-au-microcredit\/"},"wordCount":682,"commentCount":0,"publisher":{"@id":"https:\/\/lasentinelle.dz\/#organization"},"image":{"@id":"https:\/\/lasentinelle.dz\/index.php\/2025\/10\/26\/angem-deux-millions-demplois-crees-grace-au-microcredit\/#primaryimage"},"thumbnailUrl":"https:\/\/lasentinelle.dz\/wp-content\/uploads\/2025\/01\/angem.jpg","articleSection":["\u00c0 la Une","Actualit\u00e9"],"inLanguage":"fr-FR","potentialAction":[{"@type":"CommentAction","name":"Comment","target":["https:\/\/lasentinelle.dz\/index.php\/2025\/10\/26\/angem-deux-millions-demplois-crees-grace-au-microcredit\/#respond"]}]},{"@type":"WebPage","@id":"https:\/\/lasentinelle.dz\/index.php\/2025\/10\/26\/angem-deux-millions-demplois-crees-grace-au-microcredit\/","url":"https:\/\/lasentinelle.dz\/index.php\/2025\/10\/26\/angem-deux-millions-demplois-crees-grace-au-microcredit\/","name":"Angem\u00a0: Deux millions d&#8217;emplois cr\u00e9\u00e9s gr\u00e2ce au microcr\u00e9dit - La Sentinelle","isPartOf":{"@id":"https:\/\/lasentinelle.dz\/#website"},"primaryImageOfPage":{"@id":"https:\/\/lasentinelle.dz\/index.php\/2025\/10\/26\/angem-deux-millions-demplois-crees-grace-au-microcredit\/#primaryimage"},"image":{"@id":"https:\/\/lasentinelle.dz\/index.php\/2025\/10\/26\/angem-deux-millions-demplois-crees-grace-au-microcredit\/#primaryimage"},"thumbnailUrl":"https:\/\/lasentinelle.dz\/wp-content\/uploads\/2025\/01\/angem.jpg","datePublished":"2025-10-26T18:59:10+00:00","dateModified":"2025-10-26T18:59:11+00:00","breadcrumb":{"@id":"https:\/\/lasentinelle.dz\/index.php\/2025\/10\/26\/angem-deux-millions-demplois-crees-grace-au-microcredit\/#breadcrumb"},"inLanguage":"fr-FR","potentialAction":[{"@type":"ReadAction","target":["https:\/\/lasentinelle.dz\/index.php\/2025\/10\/26\/angem-deux-millions-demplois-crees-grace-au-microcredit\/"]}]},{"@type":"ImageObject","inLanguage":"fr-FR","@id":"https:\/\/lasentinelle.dz\/index.php\/2025\/10\/26\/angem-deux-millions-demplois-crees-grace-au-microcredit\/#primaryimage","url":"https:\/\/lasentinelle.dz\/wp-content\/uploads\/2025\/01\/angem.jpg","contentUrl":"https:\/\/lasentinelle.dz\/wp-content\/uploads\/2025\/01\/angem.jpg","width":2500,"height":1875},{"@type":"BreadcrumbList","@id":"https:\/\/lasentinelle.dz\/index.php\/2025\/10\/26\/angem-deux-millions-demplois-crees-grace-au-microcredit\/#breadcrumb","itemListElement":[{"@type":"ListItem","position":1,"name":"Accueil","item":"https:\/\/lasentinelle.dz\/"},{"@type":"ListItem","position":2,"name":"Angem\u00a0: Deux millions d&#8217;emplois cr\u00e9\u00e9s gr\u00e2ce au microcr\u00e9dit"}]},{"@type":"WebSite","@id":"https:\/\/lasentinelle.dz\/#website","url":"https:\/\/lasentinelle.dz\/","name":"La Sentinelle","description":"Quotidien national d&#039;information","publisher":{"@id":"https:\/\/lasentinelle.dz\/#organization"},"potentialAction":[{"@type":"SearchAction","target":{"@type":"EntryPoint","urlTemplate":"https:\/\/lasentinelle.dz\/?s={search_term_string}"},"query-input":{"@type":"PropertyValueSpecification","valueRequired":true,"valueName":"search_term_string"}}],"inLanguage":"fr-FR"},{"@type":"Organization","@id":"https:\/\/lasentinelle.dz\/#organization","name":"Quotidien La Sentinelle","url":"https:\/\/lasentinelle.dz\/","logo":{"@type":"ImageObject","inLanguage":"fr-FR","@id":"https:\/\/lasentinelle.dz\/#\/schema\/logo\/image\/","url":"https:\/\/lasentinelle.dz\/wp-content\/uploads\/2021\/09\/logo-sentinelleSLOGAN-1.png","contentUrl":"https:\/\/lasentinelle.dz\/wp-content\/uploads\/2021\/09\/logo-sentinelleSLOGAN-1.png","width":615,"height":142,"caption":"Quotidien La Sentinelle"},"image":{"@id":"https:\/\/lasentinelle.dz\/#\/schema\/logo\/image\/"},"sameAs":["https:\/\/www.facebook.com\/La-Sentinelle-104059864394773"]},{"@type":"Person","@id":"https:\/\/lasentinelle.dz\/#\/schema\/person\/729ee0024f24e0b8c5ec17232f8e8b41","name":"admin","image":{"@type":"ImageObject","inLanguage":"fr-FR","@id":"https:\/\/secure.gravatar.com\/avatar\/4c81fed838786e9b53f540bf46533e750f5d292099ae3b66cfc6fb1982e29df7?s=96&d=mm&r=g","url":"https:\/\/secure.gravatar.com\/avatar\/4c81fed838786e9b53f540bf46533e750f5d292099ae3b66cfc6fb1982e29df7?s=96&d=mm&r=g","contentUrl":"https:\/\/secure.gravatar.com\/avatar\/4c81fed838786e9b53f540bf46533e750f5d292099ae3b66cfc6fb1982e29df7?s=96&d=mm&r=g","caption":"admin"},"description":"admin","url":"https:\/\/lasentinelle.dz\/author\/admin\/"}]}},"_links":{"self":[{"href":"https:\/\/lasentinelle.dz\/index.php\/wp-json\/wp\/v2\/posts\/75337","targetHints":{"allow":["GET"]}}],"collection":[{"href":"https:\/\/lasentinelle.dz\/index.php\/wp-json\/wp\/v2\/posts"}],"about":[{"href":"https:\/\/lasentinelle.dz\/index.php\/wp-json\/wp\/v2\/types\/post"}],"author":[{"embeddable":true,"href":"https:\/\/lasentinelle.dz\/index.php\/wp-json\/wp\/v2\/users\/6"}],"replies":[{"embeddable":true,"href":"https:\/\/lasentinelle.dz\/index.php\/wp-json\/wp\/v2\/comments?post=75337"}],"version-history":[{"count":2,"href":"https:\/\/lasentinelle.dz\/index.php\/wp-json\/wp\/v2\/posts\/75337\/revisions"}],"predecessor-version":[{"id":75339,"href":"https:\/\/lasentinelle.dz\/index.php\/wp-json\/wp\/v2\/posts\/75337\/revisions\/75339"}],"wp:featuredmedia":[{"embeddable":true,"href":"https:\/\/lasentinelle.dz\/index.php\/wp-json\/wp\/v2\/media\/61169"}],"wp:attachment":[{"href":"https:\/\/lasentinelle.dz\/index.php\/wp-json\/wp\/v2\/media?parent=75337"}],"wp:term":[{"taxonomy":"category","embeddable":true,"href":"https:\/\/lasentinelle.dz\/index.php\/wp-json\/wp\/v2\/categories?post=75337"},{"taxonomy":"post_tag","embeddable":true,"href":"https:\/\/lasentinelle.dz\/index.php\/wp-json\/wp\/v2\/tags?post=75337"}],"curies":[{"name":"wp","href":"https:\/\/api.w.org\/{rel}","templated":true}]}}