{"id":75340,"date":"2025-10-26T20:01:23","date_gmt":"2025-10-26T19:01:23","guid":{"rendered":"https:\/\/lasentinelle.dz\/?p=75340"},"modified":"2025-10-26T20:01:24","modified_gmt":"2025-10-26T19:01:24","slug":"bachir-devoile-une-strategie-de-modernisation-et-dinnovation-doubler-la-part-de-lindustrie-dans-le-pib-dici-2027","status":"publish","type":"post","link":"https:\/\/lasentinelle.dz\/index.php\/2025\/10\/26\/bachir-devoile-une-strategie-de-modernisation-et-dinnovation-doubler-la-part-de-lindustrie-dans-le-pib-dici-2027\/","title":{"rendered":"Bachir d\u00e9voile une strat\u00e9gie de modernisation et d\u2019innovation\u00a0: Doubler la part de l\u2019industrie dans le PIB d\u2019ici 2027"},"content":{"rendered":"\n<p>Le ministre de l&rsquo;Industrie, Yahia Bachir, a r\u00e9affirm\u00e9 samedi l&rsquo;engagement de l&rsquo;Alg\u00e9rie \u00e0 porter la part du secteur industriel \u00e0 13% du Produit int\u00e9rieur brut d&rsquo;ici 2027, conform\u00e9ment \u00e0 l&rsquo;objectif fix\u00e9 par le pr\u00e9sident de la R\u00e9publique Abdelmadjid Tebboune. Intervenant devant la commission des finances et du budget de l&rsquo;Assembl\u00e9e populaire nationale dans le cadre de l&rsquo;examen du projet de loi de finances 2026, le ministre a pr\u00e9sent\u00e9 une vision ambitieuse pour transformer le paysage industriel du pays. Cette ambition intervient dans un contexte o\u00f9 l&rsquo;Alg\u00e9rie cherche \u00e0 diversifier son \u00e9conomie, longtemps d\u00e9pendante des hydrocarbures, et \u00e0 b\u00e2tir un tissu industriel capable de rivaliser sur les march\u00e9s internationaux. L&rsquo;objectif de 13% du PIB repr\u00e9sente un d\u00e9fi de taille pour un secteur qui doit encore combler son retard en mati\u00e8re de comp\u00e9titivit\u00e9 et d&rsquo;innovation. Mais pour Yahia Bachir, l&rsquo;enjeu est \u00e0 port\u00e9e de main. \u00ab\u00a0Atteindre l&rsquo;objectif fix\u00e9 par le pr\u00e9sident de la R\u00e9publique, \u00e0 savoir porter la contribution du secteur de l&rsquo;industrie \u00e0 13% du PIB, ne rel\u00e8ve pas de l&rsquo;impossible, si nous joignons nos efforts\u00a0\u00bb, a-t-il d\u00e9clar\u00e9, qualifiant l&rsquo;industrie de \u00ab\u00a0locomotive\u00a0\u00bb du d\u00e9veloppement national. Pour concr\u00e9tiser cette ambition, le minist\u00e8re de l&rsquo;Industrie d\u00e9ploie un programme global qui repose sur plusieurs piliers strat\u00e9giques. Le d\u00e9veloppement de l&rsquo;infrastructure de base constitue la premi\u00e8re pierre de cet \u00e9difice. Le ministre a notamment \u00e9voqu\u00e9 les efforts en cours pour accro\u00eetre la disponibilit\u00e9 du foncier industriel et d\u00e9velopper les zones d&rsquo;activit\u00e9s ainsi que les zones industrielles. Ces efforts passent par une coordination renforc\u00e9e avec les diff\u00e9rentes instances concern\u00e9es et le parach\u00e8vement des op\u00e9rations d&rsquo;am\u00e9nagement et de raccordement aux divers r\u00e9seaux. Une base de donn\u00e9es nationale actualis\u00e9e sur le foncier industriel est \u00e9galement en cours de constitution pour am\u00e9liorer la transparence et l&rsquo;efficacit\u00e9 de la gestion de ces espaces strat\u00e9giques. Le renforcement de la comp\u00e9titivit\u00e9 des entreprises industrielles et des laboratoires nationaux figure au c\u0153ur de la strat\u00e9gie gouvernementale. \u00ab\u00a0Le minist\u00e8re de l&rsquo;Industrie \u0153uvre, dans le cadre d&rsquo;une vision globale, \u00e0 renforcer la comp\u00e9titivit\u00e9 des entreprises industrielles et des laboratoires nationaux, \u00e0 travers le d\u00e9veloppement des activit\u00e9s de normalisation, d&rsquo;accr\u00e9ditation et d&rsquo;\u00e9valuation de la conformit\u00e9, conform\u00e9ment aux normes internationales\u00a0\u00bb, a soulign\u00e9 Yahia Bachir. Cette d\u00e9marche s&rsquo;accompagne de la mise en place de fiches techniques des produits et op\u00e9rations industrielles, \u00e9labor\u00e9es en coordination avec les secteurs concern\u00e9s.<\/p>\n\n\n\n<p>L&rsquo;innovation et le transfert technologique occupent une place centrale dans cette nouvelle approche. Le minist\u00e8re s&#8217;emploie \u00e0 am\u00e9liorer le cadre l\u00e9gislatif et r\u00e9glementaire qui r\u00e9git l&rsquo;innovation et la propri\u00e9t\u00e9 industrielle, tout en promouvant le syst\u00e8me national de transformation technologique. Les autorit\u00e9s entendent identifier les activit\u00e9s industrielles \u00e0 haut potentiel d&rsquo;innovation et soutenir les start-up dans les domaines de la technologie et de l&rsquo;industrie high-tech \u00e0 travers des programmes incitatifs. La coop\u00e9ration avec les universit\u00e9s et les centres de recherche sera encourag\u00e9e pour cr\u00e9er un \u00e9cosyst\u00e8me favorable \u00e0 l&rsquo;\u00e9mergence d&rsquo;une industrie nationale tourn\u00e9e vers l&rsquo;avenir.<\/p>\n\n\n\n<p>Sous-traitance et int\u00e9gration industrielle<\/p>\n\n\n\n<p>Le d\u00e9veloppement de la sous-traitance et de l&rsquo;int\u00e9gration industrielle repr\u00e9sente une autre priorit\u00e9 fondamentale. Le ministre a annonc\u00e9 la mise en \u0153uvre de programmes et de plans d&rsquo;action visant \u00e0 renforcer l&rsquo;int\u00e9gration nationale, avec notamment l&rsquo;\u00e9laboration d&rsquo;une feuille de route nationale pour les activit\u00e9s de sous-traitance. L&rsquo;objectif est d&rsquo;encourager la cr\u00e9ation de r\u00e9seaux industriels entre les entreprises et les groupes professionnels pour renforcer l&rsquo;int\u00e9gration entre les fili\u00e8res et constituer des cha\u00eenes de valeur solides. La modernisation des petites et moyennes entreprises, qui constituent l&rsquo;\u00e9pine dorsale du tissu industriel alg\u00e9rien, fait \u00e9galement l&rsquo;objet d&rsquo;une attention particuli\u00e8re. Le secteur poursuit la mise en \u0153uvre de programmes visant \u00e0 renforcer leur comp\u00e9titivit\u00e9 et \u00e0 les adapter aux mutations technologiques, particuli\u00e8rement dans les domaines de l&rsquo;\u00e9conomie verte et num\u00e9rique. Cette orientation refl\u00e8te la volont\u00e9 des autorit\u00e9s d&rsquo;inscrire le d\u00e9veloppement industriel dans une perspective durable et respectueuse de l&rsquo;environnement. Sur le plan financier, le projet de loi de finances 2026 consacre la majeure partie du budget du secteur de l&rsquo;Industrie au parach\u00e8vement des projets en cours, avec plus de 88% des allocations destin\u00e9es \u00e0 l&rsquo;investissement. Parmi les projets embl\u00e9matiques figure la Maison de la qualit\u00e9, qui sera financ\u00e9e en partie par l&rsquo;Institut national alg\u00e9rien de la propri\u00e9t\u00e9 industrielle. Les r\u00e9formes fiscales propos\u00e9es visent quant \u00e0 elles \u00e0 encourager les activit\u00e9s \u00e9conomiques \u00e0 dimension sociale et de d\u00e9veloppement. En d\u00e9finitive, le ministre a assur\u00e9 que le travail \u00ab\u00a0se poursuit selon une vision int\u00e9gr\u00e9e qui nous permet de hisser notre pays \u00e0 la place qui lui sied dans le concert des nations\u00a0\u00bb.<\/p>\n\n\n\n<p>Amar Malki<\/p>\n","protected":false},"excerpt":{"rendered":"<p>Le ministre de l&rsquo;Industrie, Yahia Bachir, a r\u00e9affirm\u00e9 samedi l&rsquo;engagement de l&rsquo;Alg\u00e9rie \u00e0 porter la part du secteur industriel \u00e0<\/p>\n","protected":false},"author":6,"featured_media":75341,"comment_status":"open","ping_status":"closed","sticky":false,"template":"","format":"standard","meta":{"colormag_page_container_layout":"default_layout","colormag_page_sidebar_layout":"default_layout","om_disable_all_campaigns":false,"_monsterinsights_skip_tracking":false,"_monsterinsights_sitenote_active":false,"_monsterinsights_sitenote_note":"","_monsterinsights_sitenote_category":0,"footnotes":"","_wpscppro_dont_share_socialmedia":false,"_wpscppro_custom_social_share_image":0,"_facebook_share_type":"default","_twitter_share_type":"default","_linkedin_share_type":"default","_pinterest_share_type":"default","_linkedin_share_type_page":"","_instagram_share_type":"default","_medium_share_type":"default","_threads_share_type":"default","_google_business_share_type":"default","_selected_social_profile":[],"_wpsp_enable_custom_social_template":false,"_wpsp_social_scheduling":{"enabled":false,"datetime":null,"platforms":[],"status":"template_only","dateOption":"today","timeOption":"now","customDays":"","customHours":"","customDate":"","customTime":"","schedulingType":"absolute"},"_wpsp_active_default_template":true},"categories":[29],"tags":[],"class_list":["post-75340","post","type-post","status-publish","format-standard","has-post-thumbnail","hentry","category-economie"],"aioseo_notices":[],"yoast_head":"<!-- This site is optimized with the Yoast SEO plugin v27.5 - https:\/\/yoast.com\/product\/yoast-seo-wordpress\/ -->\n<title>Bachir d\u00e9voile une strat\u00e9gie de modernisation et d\u2019innovation\u00a0: Doubler la part de l\u2019industrie dans le PIB d\u2019ici 2027 - La Sentinelle<\/title>\n<meta name=\"robots\" content=\"index, follow, max-snippet:-1, max-image-preview:large, max-video-preview:-1\" \/>\n<link rel=\"canonical\" href=\"https:\/\/lasentinelle.dz\/index.php\/2025\/10\/26\/bachir-devoile-une-strategie-de-modernisation-et-dinnovation-doubler-la-part-de-lindustrie-dans-le-pib-dici-2027\/\" \/>\n<meta property=\"og:locale\" content=\"fr_FR\" \/>\n<meta property=\"og:type\" content=\"article\" \/>\n<meta property=\"og:title\" content=\"Bachir d\u00e9voile une strat\u00e9gie de modernisation et d\u2019innovation\u00a0: Doubler la part de l\u2019industrie dans le PIB d\u2019ici 2027 - La Sentinelle\" \/>\n<meta property=\"og:description\" content=\"Le ministre de l&rsquo;Industrie, Yahia Bachir, a r\u00e9affirm\u00e9 samedi l&rsquo;engagement de l&rsquo;Alg\u00e9rie \u00e0 porter la part du secteur industriel \u00e0\" \/>\n<meta property=\"og:url\" content=\"https:\/\/lasentinelle.dz\/index.php\/2025\/10\/26\/bachir-devoile-une-strategie-de-modernisation-et-dinnovation-doubler-la-part-de-lindustrie-dans-le-pib-dici-2027\/\" \/>\n<meta property=\"og:site_name\" content=\"La Sentinelle\" \/>\n<meta property=\"article:publisher\" content=\"https:\/\/www.facebook.com\/La-Sentinelle-104059864394773\" \/>\n<meta property=\"article:published_time\" content=\"2025-10-26T19:01:23+00:00\" \/>\n<meta property=\"article:modified_time\" content=\"2025-10-26T19:01:24+00:00\" \/>\n<meta property=\"og:image\" content=\"https:\/\/lasentinelle.dz\/wp-content\/uploads\/2025\/10\/571191974_1277434111091148_5253478952383511174_n.jpg\" \/>\n\t<meta property=\"og:image:width\" content=\"2048\" \/>\n\t<meta property=\"og:image:height\" content=\"1184\" \/>\n\t<meta property=\"og:image:type\" content=\"image\/jpeg\" \/>\n<meta name=\"author\" content=\"admin\" \/>\n<meta name=\"twitter:card\" content=\"summary_large_image\" \/>\n<meta name=\"twitter:label1\" content=\"\u00c9crit par\" \/>\n\t<meta name=\"twitter:data1\" content=\"admin\" \/>\n\t<meta name=\"twitter:label2\" content=\"Dur\u00e9e de lecture estim\u00e9e\" \/>\n\t<meta name=\"twitter:data2\" content=\"4 minutes\" \/>\n<script type=\"application\/ld+json\" class=\"yoast-schema-graph\">{\"@context\":\"https:\\\/\\\/schema.org\",\"@graph\":[{\"@type\":\"Article\",\"@id\":\"https:\\\/\\\/lasentinelle.dz\\\/index.php\\\/2025\\\/10\\\/26\\\/bachir-devoile-une-strategie-de-modernisation-et-dinnovation-doubler-la-part-de-lindustrie-dans-le-pib-dici-2027\\\/#article\",\"isPartOf\":{\"@id\":\"https:\\\/\\\/lasentinelle.dz\\\/index.php\\\/2025\\\/10\\\/26\\\/bachir-devoile-une-strategie-de-modernisation-et-dinnovation-doubler-la-part-de-lindustrie-dans-le-pib-dici-2027\\\/\"},\"author\":{\"name\":\"admin\",\"@id\":\"https:\\\/\\\/lasentinelle.dz\\\/#\\\/schema\\\/person\\\/729ee0024f24e0b8c5ec17232f8e8b41\"},\"headline\":\"Bachir d\u00e9voile une strat\u00e9gie de modernisation et d\u2019innovation\u00a0: Doubler la part de l\u2019industrie dans le PIB d\u2019ici 2027\",\"datePublished\":\"2025-10-26T19:01:23+00:00\",\"dateModified\":\"2025-10-26T19:01:24+00:00\",\"mainEntityOfPage\":{\"@id\":\"https:\\\/\\\/lasentinelle.dz\\\/index.php\\\/2025\\\/10\\\/26\\\/bachir-devoile-une-strategie-de-modernisation-et-dinnovation-doubler-la-part-de-lindustrie-dans-le-pib-dici-2027\\\/\"},\"wordCount\":880,\"commentCount\":0,\"publisher\":{\"@id\":\"https:\\\/\\\/lasentinelle.dz\\\/#organization\"},\"image\":{\"@id\":\"https:\\\/\\\/lasentinelle.dz\\\/index.php\\\/2025\\\/10\\\/26\\\/bachir-devoile-une-strategie-de-modernisation-et-dinnovation-doubler-la-part-de-lindustrie-dans-le-pib-dici-2027\\\/#primaryimage\"},\"thumbnailUrl\":\"https:\\\/\\\/lasentinelle.dz\\\/wp-content\\\/uploads\\\/2025\\\/10\\\/571191974_1277434111091148_5253478952383511174_n.jpg\",\"articleSection\":[\"\u00c9conomie\"],\"inLanguage\":\"fr-FR\",\"potentialAction\":[{\"@type\":\"CommentAction\",\"name\":\"Comment\",\"target\":[\"https:\\\/\\\/lasentinelle.dz\\\/index.php\\\/2025\\\/10\\\/26\\\/bachir-devoile-une-strategie-de-modernisation-et-dinnovation-doubler-la-part-de-lindustrie-dans-le-pib-dici-2027\\\/#respond\"]}]},{\"@type\":\"WebPage\",\"@id\":\"https:\\\/\\\/lasentinelle.dz\\\/index.php\\\/2025\\\/10\\\/26\\\/bachir-devoile-une-strategie-de-modernisation-et-dinnovation-doubler-la-part-de-lindustrie-dans-le-pib-dici-2027\\\/\",\"url\":\"https:\\\/\\\/lasentinelle.dz\\\/index.php\\\/2025\\\/10\\\/26\\\/bachir-devoile-une-strategie-de-modernisation-et-dinnovation-doubler-la-part-de-lindustrie-dans-le-pib-dici-2027\\\/\",\"name\":\"Bachir d\u00e9voile une strat\u00e9gie de modernisation et d\u2019innovation\u00a0: Doubler la part de l\u2019industrie dans le PIB d\u2019ici 2027 - La Sentinelle\",\"isPartOf\":{\"@id\":\"https:\\\/\\\/lasentinelle.dz\\\/#website\"},\"primaryImageOfPage\":{\"@id\":\"https:\\\/\\\/lasentinelle.dz\\\/index.php\\\/2025\\\/10\\\/26\\\/bachir-devoile-une-strategie-de-modernisation-et-dinnovation-doubler-la-part-de-lindustrie-dans-le-pib-dici-2027\\\/#primaryimage\"},\"image\":{\"@id\":\"https:\\\/\\\/lasentinelle.dz\\\/index.php\\\/2025\\\/10\\\/26\\\/bachir-devoile-une-strategie-de-modernisation-et-dinnovation-doubler-la-part-de-lindustrie-dans-le-pib-dici-2027\\\/#primaryimage\"},\"thumbnailUrl\":\"https:\\\/\\\/lasentinelle.dz\\\/wp-content\\\/uploads\\\/2025\\\/10\\\/571191974_1277434111091148_5253478952383511174_n.jpg\",\"datePublished\":\"2025-10-26T19:01:23+00:00\",\"dateModified\":\"2025-10-26T19:01:24+00:00\",\"breadcrumb\":{\"@id\":\"https:\\\/\\\/lasentinelle.dz\\\/index.php\\\/2025\\\/10\\\/26\\\/bachir-devoile-une-strategie-de-modernisation-et-dinnovation-doubler-la-part-de-lindustrie-dans-le-pib-dici-2027\\\/#breadcrumb\"},\"inLanguage\":\"fr-FR\",\"potentialAction\":[{\"@type\":\"ReadAction\",\"target\":[\"https:\\\/\\\/lasentinelle.dz\\\/index.php\\\/2025\\\/10\\\/26\\\/bachir-devoile-une-strategie-de-modernisation-et-dinnovation-doubler-la-part-de-lindustrie-dans-le-pib-dici-2027\\\/\"]}]},{\"@type\":\"ImageObject\",\"inLanguage\":\"fr-FR\",\"@id\":\"https:\\\/\\\/lasentinelle.dz\\\/index.php\\\/2025\\\/10\\\/26\\\/bachir-devoile-une-strategie-de-modernisation-et-dinnovation-doubler-la-part-de-lindustrie-dans-le-pib-dici-2027\\\/#primaryimage\",\"url\":\"https:\\\/\\\/lasentinelle.dz\\\/wp-content\\\/uploads\\\/2025\\\/10\\\/571191974_1277434111091148_5253478952383511174_n.jpg\",\"contentUrl\":\"https:\\\/\\\/lasentinelle.dz\\\/wp-content\\\/uploads\\\/2025\\\/10\\\/571191974_1277434111091148_5253478952383511174_n.jpg\",\"width\":2048,\"height\":1184},{\"@type\":\"BreadcrumbList\",\"@id\":\"https:\\\/\\\/lasentinelle.dz\\\/index.php\\\/2025\\\/10\\\/26\\\/bachir-devoile-une-strategie-de-modernisation-et-dinnovation-doubler-la-part-de-lindustrie-dans-le-pib-dici-2027\\\/#breadcrumb\",\"itemListElement\":[{\"@type\":\"ListItem\",\"position\":1,\"name\":\"Accueil\",\"item\":\"https:\\\/\\\/lasentinelle.dz\\\/\"},{\"@type\":\"ListItem\",\"position\":2,\"name\":\"Bachir d\u00e9voile une strat\u00e9gie de modernisation et d\u2019innovation\u00a0: Doubler la part de l\u2019industrie dans le PIB d\u2019ici 2027\"}]},{\"@type\":\"WebSite\",\"@id\":\"https:\\\/\\\/lasentinelle.dz\\\/#website\",\"url\":\"https:\\\/\\\/lasentinelle.dz\\\/\",\"name\":\"La Sentinelle\",\"description\":\"Quotidien national d&#039;information\",\"publisher\":{\"@id\":\"https:\\\/\\\/lasentinelle.dz\\\/#organization\"},\"potentialAction\":[{\"@type\":\"SearchAction\",\"target\":{\"@type\":\"EntryPoint\",\"urlTemplate\":\"https:\\\/\\\/lasentinelle.dz\\\/?s={search_term_string}\"},\"query-input\":{\"@type\":\"PropertyValueSpecification\",\"valueRequired\":true,\"valueName\":\"search_term_string\"}}],\"inLanguage\":\"fr-FR\"},{\"@type\":\"Organization\",\"@id\":\"https:\\\/\\\/lasentinelle.dz\\\/#organization\",\"name\":\"Quotidien La Sentinelle\",\"url\":\"https:\\\/\\\/lasentinelle.dz\\\/\",\"logo\":{\"@type\":\"ImageObject\",\"inLanguage\":\"fr-FR\",\"@id\":\"https:\\\/\\\/lasentinelle.dz\\\/#\\\/schema\\\/logo\\\/image\\\/\",\"url\":\"https:\\\/\\\/lasentinelle.dz\\\/wp-content\\\/uploads\\\/2021\\\/09\\\/logo-sentinelleSLOGAN-1.png\",\"contentUrl\":\"https:\\\/\\\/lasentinelle.dz\\\/wp-content\\\/uploads\\\/2021\\\/09\\\/logo-sentinelleSLOGAN-1.png\",\"width\":615,\"height\":142,\"caption\":\"Quotidien La Sentinelle\"},\"image\":{\"@id\":\"https:\\\/\\\/lasentinelle.dz\\\/#\\\/schema\\\/logo\\\/image\\\/\"},\"sameAs\":[\"https:\\\/\\\/www.facebook.com\\\/La-Sentinelle-104059864394773\"]},{\"@type\":\"Person\",\"@id\":\"https:\\\/\\\/lasentinelle.dz\\\/#\\\/schema\\\/person\\\/729ee0024f24e0b8c5ec17232f8e8b41\",\"name\":\"admin\",\"image\":{\"@type\":\"ImageObject\",\"inLanguage\":\"fr-FR\",\"@id\":\"https:\\\/\\\/secure.gravatar.com\\\/avatar\\\/4c81fed838786e9b53f540bf46533e750f5d292099ae3b66cfc6fb1982e29df7?s=96&d=mm&r=g\",\"url\":\"https:\\\/\\\/secure.gravatar.com\\\/avatar\\\/4c81fed838786e9b53f540bf46533e750f5d292099ae3b66cfc6fb1982e29df7?s=96&d=mm&r=g\",\"contentUrl\":\"https:\\\/\\\/secure.gravatar.com\\\/avatar\\\/4c81fed838786e9b53f540bf46533e750f5d292099ae3b66cfc6fb1982e29df7?s=96&d=mm&r=g\",\"caption\":\"admin\"},\"description\":\"admin\",\"url\":\"https:\\\/\\\/lasentinelle.dz\\\/author\\\/admin\\\/\"}]}<\/script>\n<!-- \/ Yoast SEO plugin. -->","yoast_head_json":{"title":"Bachir d\u00e9voile une strat\u00e9gie de modernisation et d\u2019innovation\u00a0: Doubler la part de l\u2019industrie dans le PIB d\u2019ici 2027 - La Sentinelle","robots":{"index":"index","follow":"follow","max-snippet":"max-snippet:-1","max-image-preview":"max-image-preview:large","max-video-preview":"max-video-preview:-1"},"canonical":"https:\/\/lasentinelle.dz\/index.php\/2025\/10\/26\/bachir-devoile-une-strategie-de-modernisation-et-dinnovation-doubler-la-part-de-lindustrie-dans-le-pib-dici-2027\/","og_locale":"fr_FR","og_type":"article","og_title":"Bachir d\u00e9voile une strat\u00e9gie de modernisation et d\u2019innovation\u00a0: Doubler la part de l\u2019industrie dans le PIB d\u2019ici 2027 - La Sentinelle","og_description":"Le ministre de l&rsquo;Industrie, Yahia Bachir, a r\u00e9affirm\u00e9 samedi l&rsquo;engagement de l&rsquo;Alg\u00e9rie \u00e0 porter la part du secteur industriel \u00e0","og_url":"https:\/\/lasentinelle.dz\/index.php\/2025\/10\/26\/bachir-devoile-une-strategie-de-modernisation-et-dinnovation-doubler-la-part-de-lindustrie-dans-le-pib-dici-2027\/","og_site_name":"La Sentinelle","article_publisher":"https:\/\/www.facebook.com\/La-Sentinelle-104059864394773","article_published_time":"2025-10-26T19:01:23+00:00","article_modified_time":"2025-10-26T19:01:24+00:00","og_image":[{"width":2048,"height":1184,"url":"https:\/\/lasentinelle.dz\/wp-content\/uploads\/2025\/10\/571191974_1277434111091148_5253478952383511174_n.jpg","type":"image\/jpeg"}],"author":"admin","twitter_card":"summary_large_image","twitter_misc":{"\u00c9crit par":"admin","Dur\u00e9e de lecture estim\u00e9e":"4 minutes"},"schema":{"@context":"https:\/\/schema.org","@graph":[{"@type":"Article","@id":"https:\/\/lasentinelle.dz\/index.php\/2025\/10\/26\/bachir-devoile-une-strategie-de-modernisation-et-dinnovation-doubler-la-part-de-lindustrie-dans-le-pib-dici-2027\/#article","isPartOf":{"@id":"https:\/\/lasentinelle.dz\/index.php\/2025\/10\/26\/bachir-devoile-une-strategie-de-modernisation-et-dinnovation-doubler-la-part-de-lindustrie-dans-le-pib-dici-2027\/"},"author":{"name":"admin","@id":"https:\/\/lasentinelle.dz\/#\/schema\/person\/729ee0024f24e0b8c5ec17232f8e8b41"},"headline":"Bachir d\u00e9voile une strat\u00e9gie de modernisation et d\u2019innovation\u00a0: Doubler la part de l\u2019industrie dans le PIB d\u2019ici 2027","datePublished":"2025-10-26T19:01:23+00:00","dateModified":"2025-10-26T19:01:24+00:00","mainEntityOfPage":{"@id":"https:\/\/lasentinelle.dz\/index.php\/2025\/10\/26\/bachir-devoile-une-strategie-de-modernisation-et-dinnovation-doubler-la-part-de-lindustrie-dans-le-pib-dici-2027\/"},"wordCount":880,"commentCount":0,"publisher":{"@id":"https:\/\/lasentinelle.dz\/#organization"},"image":{"@id":"https:\/\/lasentinelle.dz\/index.php\/2025\/10\/26\/bachir-devoile-une-strategie-de-modernisation-et-dinnovation-doubler-la-part-de-lindustrie-dans-le-pib-dici-2027\/#primaryimage"},"thumbnailUrl":"https:\/\/lasentinelle.dz\/wp-content\/uploads\/2025\/10\/571191974_1277434111091148_5253478952383511174_n.jpg","articleSection":["\u00c9conomie"],"inLanguage":"fr-FR","potentialAction":[{"@type":"CommentAction","name":"Comment","target":["https:\/\/lasentinelle.dz\/index.php\/2025\/10\/26\/bachir-devoile-une-strategie-de-modernisation-et-dinnovation-doubler-la-part-de-lindustrie-dans-le-pib-dici-2027\/#respond"]}]},{"@type":"WebPage","@id":"https:\/\/lasentinelle.dz\/index.php\/2025\/10\/26\/bachir-devoile-une-strategie-de-modernisation-et-dinnovation-doubler-la-part-de-lindustrie-dans-le-pib-dici-2027\/","url":"https:\/\/lasentinelle.dz\/index.php\/2025\/10\/26\/bachir-devoile-une-strategie-de-modernisation-et-dinnovation-doubler-la-part-de-lindustrie-dans-le-pib-dici-2027\/","name":"Bachir d\u00e9voile une strat\u00e9gie de modernisation et d\u2019innovation\u00a0: Doubler la part de l\u2019industrie dans le PIB d\u2019ici 2027 - La Sentinelle","isPartOf":{"@id":"https:\/\/lasentinelle.dz\/#website"},"primaryImageOfPage":{"@id":"https:\/\/lasentinelle.dz\/index.php\/2025\/10\/26\/bachir-devoile-une-strategie-de-modernisation-et-dinnovation-doubler-la-part-de-lindustrie-dans-le-pib-dici-2027\/#primaryimage"},"image":{"@id":"https:\/\/lasentinelle.dz\/index.php\/2025\/10\/26\/bachir-devoile-une-strategie-de-modernisation-et-dinnovation-doubler-la-part-de-lindustrie-dans-le-pib-dici-2027\/#primaryimage"},"thumbnailUrl":"https:\/\/lasentinelle.dz\/wp-content\/uploads\/2025\/10\/571191974_1277434111091148_5253478952383511174_n.jpg","datePublished":"2025-10-26T19:01:23+00:00","dateModified":"2025-10-26T19:01:24+00:00","breadcrumb":{"@id":"https:\/\/lasentinelle.dz\/index.php\/2025\/10\/26\/bachir-devoile-une-strategie-de-modernisation-et-dinnovation-doubler-la-part-de-lindustrie-dans-le-pib-dici-2027\/#breadcrumb"},"inLanguage":"fr-FR","potentialAction":[{"@type":"ReadAction","target":["https:\/\/lasentinelle.dz\/index.php\/2025\/10\/26\/bachir-devoile-une-strategie-de-modernisation-et-dinnovation-doubler-la-part-de-lindustrie-dans-le-pib-dici-2027\/"]}]},{"@type":"ImageObject","inLanguage":"fr-FR","@id":"https:\/\/lasentinelle.dz\/index.php\/2025\/10\/26\/bachir-devoile-une-strategie-de-modernisation-et-dinnovation-doubler-la-part-de-lindustrie-dans-le-pib-dici-2027\/#primaryimage","url":"https:\/\/lasentinelle.dz\/wp-content\/uploads\/2025\/10\/571191974_1277434111091148_5253478952383511174_n.jpg","contentUrl":"https:\/\/lasentinelle.dz\/wp-content\/uploads\/2025\/10\/571191974_1277434111091148_5253478952383511174_n.jpg","width":2048,"height":1184},{"@type":"BreadcrumbList","@id":"https:\/\/lasentinelle.dz\/index.php\/2025\/10\/26\/bachir-devoile-une-strategie-de-modernisation-et-dinnovation-doubler-la-part-de-lindustrie-dans-le-pib-dici-2027\/#breadcrumb","itemListElement":[{"@type":"ListItem","position":1,"name":"Accueil","item":"https:\/\/lasentinelle.dz\/"},{"@type":"ListItem","position":2,"name":"Bachir d\u00e9voile une strat\u00e9gie de modernisation et d\u2019innovation\u00a0: Doubler la part de l\u2019industrie dans le PIB d\u2019ici 2027"}]},{"@type":"WebSite","@id":"https:\/\/lasentinelle.dz\/#website","url":"https:\/\/lasentinelle.dz\/","name":"La Sentinelle","description":"Quotidien national d&#039;information","publisher":{"@id":"https:\/\/lasentinelle.dz\/#organization"},"potentialAction":[{"@type":"SearchAction","target":{"@type":"EntryPoint","urlTemplate":"https:\/\/lasentinelle.dz\/?s={search_term_string}"},"query-input":{"@type":"PropertyValueSpecification","valueRequired":true,"valueName":"search_term_string"}}],"inLanguage":"fr-FR"},{"@type":"Organization","@id":"https:\/\/lasentinelle.dz\/#organization","name":"Quotidien La Sentinelle","url":"https:\/\/lasentinelle.dz\/","logo":{"@type":"ImageObject","inLanguage":"fr-FR","@id":"https:\/\/lasentinelle.dz\/#\/schema\/logo\/image\/","url":"https:\/\/lasentinelle.dz\/wp-content\/uploads\/2021\/09\/logo-sentinelleSLOGAN-1.png","contentUrl":"https:\/\/lasentinelle.dz\/wp-content\/uploads\/2021\/09\/logo-sentinelleSLOGAN-1.png","width":615,"height":142,"caption":"Quotidien La Sentinelle"},"image":{"@id":"https:\/\/lasentinelle.dz\/#\/schema\/logo\/image\/"},"sameAs":["https:\/\/www.facebook.com\/La-Sentinelle-104059864394773"]},{"@type":"Person","@id":"https:\/\/lasentinelle.dz\/#\/schema\/person\/729ee0024f24e0b8c5ec17232f8e8b41","name":"admin","image":{"@type":"ImageObject","inLanguage":"fr-FR","@id":"https:\/\/secure.gravatar.com\/avatar\/4c81fed838786e9b53f540bf46533e750f5d292099ae3b66cfc6fb1982e29df7?s=96&d=mm&r=g","url":"https:\/\/secure.gravatar.com\/avatar\/4c81fed838786e9b53f540bf46533e750f5d292099ae3b66cfc6fb1982e29df7?s=96&d=mm&r=g","contentUrl":"https:\/\/secure.gravatar.com\/avatar\/4c81fed838786e9b53f540bf46533e750f5d292099ae3b66cfc6fb1982e29df7?s=96&d=mm&r=g","caption":"admin"},"description":"admin","url":"https:\/\/lasentinelle.dz\/author\/admin\/"}]}},"_links":{"self":[{"href":"https:\/\/lasentinelle.dz\/index.php\/wp-json\/wp\/v2\/posts\/75340","targetHints":{"allow":["GET"]}}],"collection":[{"href":"https:\/\/lasentinelle.dz\/index.php\/wp-json\/wp\/v2\/posts"}],"about":[{"href":"https:\/\/lasentinelle.dz\/index.php\/wp-json\/wp\/v2\/types\/post"}],"author":[{"embeddable":true,"href":"https:\/\/lasentinelle.dz\/index.php\/wp-json\/wp\/v2\/users\/6"}],"replies":[{"embeddable":true,"href":"https:\/\/lasentinelle.dz\/index.php\/wp-json\/wp\/v2\/comments?post=75340"}],"version-history":[{"count":1,"href":"https:\/\/lasentinelle.dz\/index.php\/wp-json\/wp\/v2\/posts\/75340\/revisions"}],"predecessor-version":[{"id":75342,"href":"https:\/\/lasentinelle.dz\/index.php\/wp-json\/wp\/v2\/posts\/75340\/revisions\/75342"}],"wp:featuredmedia":[{"embeddable":true,"href":"https:\/\/lasentinelle.dz\/index.php\/wp-json\/wp\/v2\/media\/75341"}],"wp:attachment":[{"href":"https:\/\/lasentinelle.dz\/index.php\/wp-json\/wp\/v2\/media?parent=75340"}],"wp:term":[{"taxonomy":"category","embeddable":true,"href":"https:\/\/lasentinelle.dz\/index.php\/wp-json\/wp\/v2\/categories?post=75340"},{"taxonomy":"post_tag","embeddable":true,"href":"https:\/\/lasentinelle.dz\/index.php\/wp-json\/wp\/v2\/tags?post=75340"}],"curies":[{"name":"wp","href":"https:\/\/api.w.org\/{rel}","templated":true}]}}