{"id":75343,"date":"2025-10-26T20:03:12","date_gmt":"2025-10-26T19:03:12","guid":{"rendered":"https:\/\/lasentinelle.dz\/?p=75343"},"modified":"2025-10-26T20:03:12","modified_gmt":"2025-10-26T19:03:12","slug":"mohamed-reda-boudab-prend-les-renes-de-la-seaal","status":"publish","type":"post","link":"https:\/\/lasentinelle.dz\/index.php\/2025\/10\/26\/mohamed-reda-boudab-prend-les-renes-de-la-seaal\/","title":{"rendered":"Mohamed Reda Boudab prend les r\u00eanes de la SEAAL"},"content":{"rendered":"\n<p>Le pr\u00e9sident du conseil d&rsquo;administration de la SEAAL, Hocine Zair, a pr\u00e9sid\u00e9 dimanche la c\u00e9r\u00e9monie d&rsquo;installation de Mohamed Reda Boudab en tant que nouveau directeur g\u00e9n\u00e9ral de la Soci\u00e9t\u00e9 des eaux et de l&rsquo;assainissement d&rsquo;Alger, en remplacement d&rsquo;Ilyes Mihoubi, appel\u00e9 \u00e0 occuper d&rsquo;autres fonctions, selon un communiqu\u00e9 de l&rsquo;entreprise. Le nouveau patron de la SEAAL apporte avec lui une expertise de plus de trente ann\u00e9es dans les domaines de la production d&rsquo;eau potable, de l&rsquo;assainissement et de la gestion des syst\u00e8mes hydrauliques. Dipl\u00f4m\u00e9 en 1992 de l&rsquo;Universit\u00e9 des sciences et de la technologie Houari Boumediene avec un dipl\u00f4me d&rsquo;ing\u00e9nieur d&rsquo;\u00c9tat en hydraulique, Mohamed Reda Boudab a enrichi sa formation en obtenant un Master of Business Administration de l&rsquo;\u00c9cole sup\u00e9rieure des techniques de gestion de Hydra en 1999.<\/p>\n\n\n\n<p>Son parcours professionnel t\u00e9moigne d&rsquo;une connaissance approfondie des enjeux du secteur. Entre 2022 et 2025, il a occup\u00e9 le poste de directeur de la production et des ressources, supervisant la gestion des syst\u00e8mes de production d&rsquo;eau potable de la wilaya d&rsquo;Alger, le suivi des programmes de maintenance et l&rsquo;application des politiques de sant\u00e9, s\u00e9curit\u00e9 et qualit\u00e9. De 2012 \u00e0 2021, en tant que directeur de l&rsquo;exploitation de l&rsquo;assainissement, il a dirig\u00e9 les \u00e9quipes responsables de la gestion des r\u00e9seaux d&rsquo;assainissement des wilayas d&rsquo;Alger et de Tipaza, contribuant \u00e0 la r\u00e9alisation et \u00e0 la r\u00e9ception de plusieurs projets strat\u00e9giques, notamment les stations d&rsquo;\u00e9puration de Baraki et Beni Messous, ainsi que le syst\u00e8me de Cap Djinet et plusieurs stations de relevage. Entre 2010 et 2011, comme directeur adjoint de l&rsquo;assainissement, il a particip\u00e9 \u00e0 l&rsquo;\u00e9laboration du sch\u00e9ma directeur d&rsquo;assainissement de la wilaya d&rsquo;Alger et repr\u00e9sent\u00e9 l&rsquo;entreprise en tant qu&rsquo;expert r\u00e9f\u00e9rent en r\u00e9seaux d&rsquo;assainissement lors du Congr\u00e8s mondial des m\u00e9tiers de l&rsquo;eau. Cette nomination intervient dans un contexte o\u00f9 la SEAAL, qui dessert plus de trois millions d&rsquo;habitants dans la capitale, fait face \u00e0 des d\u00e9fis majeurs en mati\u00e8re d&rsquo;alimentation en eau potable et de gestion des infrastructures d&rsquo;assainissement.<\/p>\n\n\n\n<p>R.E.<\/p>\n\n\n\n<p><\/p>\n","protected":false},"excerpt":{"rendered":"<p>Le pr\u00e9sident du conseil d&rsquo;administration de la SEAAL, Hocine Zair, a pr\u00e9sid\u00e9 dimanche la c\u00e9r\u00e9monie d&rsquo;installation de Mohamed Reda Boudab<\/p>\n","protected":false},"author":6,"featured_media":75344,"comment_status":"open","ping_status":"closed","sticky":false,"template":"","format":"standard","meta":{"colormag_page_container_layout":"default_layout","colormag_page_sidebar_layout":"default_layout","om_disable_all_campaigns":false,"_monsterinsights_skip_tracking":false,"_monsterinsights_sitenote_active":false,"_monsterinsights_sitenote_note":"","_monsterinsights_sitenote_category":0,"footnotes":"","_wpscppro_dont_share_socialmedia":false,"_wpscppro_custom_social_share_image":0,"_facebook_share_type":"default","_twitter_share_type":"default","_linkedin_share_type":"default","_pinterest_share_type":"default","_linkedin_share_type_page":"","_instagram_share_type":"default","_medium_share_type":"default","_threads_share_type":"default","_google_business_share_type":"default","_selected_social_profile":[],"_wpsp_enable_custom_social_template":false,"_wpsp_social_scheduling":{"enabled":false,"datetime":null,"platforms":[],"status":"template_only","dateOption":"today","timeOption":"now","customDays":"","customHours":"","customDate":"","customTime":"","schedulingType":"absolute"},"_wpsp_active_default_template":true},"categories":[29],"tags":[],"class_list":["post-75343","post","type-post","status-publish","format-standard","has-post-thumbnail","hentry","category-economie"],"aioseo_notices":[],"yoast_head":"<!-- This site is optimized with the Yoast SEO plugin v27.5 - https:\/\/yoast.com\/product\/yoast-seo-wordpress\/ -->\n<title>Mohamed Reda Boudab prend les r\u00eanes de la SEAAL - La Sentinelle<\/title>\n<meta name=\"robots\" content=\"index, follow, max-snippet:-1, max-image-preview:large, max-video-preview:-1\" \/>\n<link rel=\"canonical\" href=\"https:\/\/lasentinelle.dz\/index.php\/2025\/10\/26\/mohamed-reda-boudab-prend-les-renes-de-la-seaal\/\" \/>\n<meta property=\"og:locale\" content=\"fr_FR\" \/>\n<meta property=\"og:type\" content=\"article\" \/>\n<meta property=\"og:title\" content=\"Mohamed Reda Boudab prend les r\u00eanes de la SEAAL - La Sentinelle\" \/>\n<meta property=\"og:description\" content=\"Le pr\u00e9sident du conseil d&rsquo;administration de la SEAAL, Hocine Zair, a pr\u00e9sid\u00e9 dimanche la c\u00e9r\u00e9monie d&rsquo;installation de Mohamed Reda Boudab\" \/>\n<meta property=\"og:url\" content=\"https:\/\/lasentinelle.dz\/index.php\/2025\/10\/26\/mohamed-reda-boudab-prend-les-renes-de-la-seaal\/\" \/>\n<meta property=\"og:site_name\" content=\"La Sentinelle\" \/>\n<meta property=\"article:publisher\" content=\"https:\/\/www.facebook.com\/La-Sentinelle-104059864394773\" \/>\n<meta property=\"article:published_time\" content=\"2025-10-26T19:03:12+00:00\" \/>\n<meta property=\"og:image\" content=\"https:\/\/lasentinelle.dz\/wp-content\/uploads\/2025\/10\/Mohamed-Reda-Boudab-e1761505379118.jpg\" \/>\n\t<meta property=\"og:image:width\" content=\"418\" \/>\n\t<meta property=\"og:image:height\" content=\"264\" \/>\n\t<meta property=\"og:image:type\" content=\"image\/jpeg\" \/>\n<meta name=\"author\" content=\"admin\" \/>\n<meta name=\"twitter:card\" content=\"summary_large_image\" \/>\n<meta name=\"twitter:label1\" content=\"\u00c9crit par\" \/>\n\t<meta name=\"twitter:data1\" content=\"admin\" \/>\n\t<meta name=\"twitter:label2\" content=\"Dur\u00e9e de lecture estim\u00e9e\" \/>\n\t<meta name=\"twitter:data2\" content=\"2 minutes\" \/>\n<script type=\"application\/ld+json\" class=\"yoast-schema-graph\">{\"@context\":\"https:\\\/\\\/schema.org\",\"@graph\":[{\"@type\":\"Article\",\"@id\":\"https:\\\/\\\/lasentinelle.dz\\\/index.php\\\/2025\\\/10\\\/26\\\/mohamed-reda-boudab-prend-les-renes-de-la-seaal\\\/#article\",\"isPartOf\":{\"@id\":\"https:\\\/\\\/lasentinelle.dz\\\/index.php\\\/2025\\\/10\\\/26\\\/mohamed-reda-boudab-prend-les-renes-de-la-seaal\\\/\"},\"author\":{\"name\":\"admin\",\"@id\":\"https:\\\/\\\/lasentinelle.dz\\\/#\\\/schema\\\/person\\\/729ee0024f24e0b8c5ec17232f8e8b41\"},\"headline\":\"Mohamed Reda Boudab prend les r\u00eanes de la SEAAL\",\"datePublished\":\"2025-10-26T19:03:12+00:00\",\"mainEntityOfPage\":{\"@id\":\"https:\\\/\\\/lasentinelle.dz\\\/index.php\\\/2025\\\/10\\\/26\\\/mohamed-reda-boudab-prend-les-renes-de-la-seaal\\\/\"},\"wordCount\":384,\"commentCount\":0,\"publisher\":{\"@id\":\"https:\\\/\\\/lasentinelle.dz\\\/#organization\"},\"image\":{\"@id\":\"https:\\\/\\\/lasentinelle.dz\\\/index.php\\\/2025\\\/10\\\/26\\\/mohamed-reda-boudab-prend-les-renes-de-la-seaal\\\/#primaryimage\"},\"thumbnailUrl\":\"https:\\\/\\\/lasentinelle.dz\\\/wp-content\\\/uploads\\\/2025\\\/10\\\/Mohamed-Reda-Boudab-e1761505379118.jpg\",\"articleSection\":[\"\u00c9conomie\"],\"inLanguage\":\"fr-FR\",\"potentialAction\":[{\"@type\":\"CommentAction\",\"name\":\"Comment\",\"target\":[\"https:\\\/\\\/lasentinelle.dz\\\/index.php\\\/2025\\\/10\\\/26\\\/mohamed-reda-boudab-prend-les-renes-de-la-seaal\\\/#respond\"]}]},{\"@type\":\"WebPage\",\"@id\":\"https:\\\/\\\/lasentinelle.dz\\\/index.php\\\/2025\\\/10\\\/26\\\/mohamed-reda-boudab-prend-les-renes-de-la-seaal\\\/\",\"url\":\"https:\\\/\\\/lasentinelle.dz\\\/index.php\\\/2025\\\/10\\\/26\\\/mohamed-reda-boudab-prend-les-renes-de-la-seaal\\\/\",\"name\":\"Mohamed Reda Boudab prend les r\u00eanes de la SEAAL - La Sentinelle\",\"isPartOf\":{\"@id\":\"https:\\\/\\\/lasentinelle.dz\\\/#website\"},\"primaryImageOfPage\":{\"@id\":\"https:\\\/\\\/lasentinelle.dz\\\/index.php\\\/2025\\\/10\\\/26\\\/mohamed-reda-boudab-prend-les-renes-de-la-seaal\\\/#primaryimage\"},\"image\":{\"@id\":\"https:\\\/\\\/lasentinelle.dz\\\/index.php\\\/2025\\\/10\\\/26\\\/mohamed-reda-boudab-prend-les-renes-de-la-seaal\\\/#primaryimage\"},\"thumbnailUrl\":\"https:\\\/\\\/lasentinelle.dz\\\/wp-content\\\/uploads\\\/2025\\\/10\\\/Mohamed-Reda-Boudab-e1761505379118.jpg\",\"datePublished\":\"2025-10-26T19:03:12+00:00\",\"breadcrumb\":{\"@id\":\"https:\\\/\\\/lasentinelle.dz\\\/index.php\\\/2025\\\/10\\\/26\\\/mohamed-reda-boudab-prend-les-renes-de-la-seaal\\\/#breadcrumb\"},\"inLanguage\":\"fr-FR\",\"potentialAction\":[{\"@type\":\"ReadAction\",\"target\":[\"https:\\\/\\\/lasentinelle.dz\\\/index.php\\\/2025\\\/10\\\/26\\\/mohamed-reda-boudab-prend-les-renes-de-la-seaal\\\/\"]}]},{\"@type\":\"ImageObject\",\"inLanguage\":\"fr-FR\",\"@id\":\"https:\\\/\\\/lasentinelle.dz\\\/index.php\\\/2025\\\/10\\\/26\\\/mohamed-reda-boudab-prend-les-renes-de-la-seaal\\\/#primaryimage\",\"url\":\"https:\\\/\\\/lasentinelle.dz\\\/wp-content\\\/uploads\\\/2025\\\/10\\\/Mohamed-Reda-Boudab-e1761505379118.jpg\",\"contentUrl\":\"https:\\\/\\\/lasentinelle.dz\\\/wp-content\\\/uploads\\\/2025\\\/10\\\/Mohamed-Reda-Boudab-e1761505379118.jpg\",\"width\":418,\"height\":264},{\"@type\":\"BreadcrumbList\",\"@id\":\"https:\\\/\\\/lasentinelle.dz\\\/index.php\\\/2025\\\/10\\\/26\\\/mohamed-reda-boudab-prend-les-renes-de-la-seaal\\\/#breadcrumb\",\"itemListElement\":[{\"@type\":\"ListItem\",\"position\":1,\"name\":\"Accueil\",\"item\":\"https:\\\/\\\/lasentinelle.dz\\\/\"},{\"@type\":\"ListItem\",\"position\":2,\"name\":\"Mohamed Reda Boudab prend les r\u00eanes de la SEAAL\"}]},{\"@type\":\"WebSite\",\"@id\":\"https:\\\/\\\/lasentinelle.dz\\\/#website\",\"url\":\"https:\\\/\\\/lasentinelle.dz\\\/\",\"name\":\"La Sentinelle\",\"description\":\"Quotidien national d&#039;information\",\"publisher\":{\"@id\":\"https:\\\/\\\/lasentinelle.dz\\\/#organization\"},\"potentialAction\":[{\"@type\":\"SearchAction\",\"target\":{\"@type\":\"EntryPoint\",\"urlTemplate\":\"https:\\\/\\\/lasentinelle.dz\\\/?s={search_term_string}\"},\"query-input\":{\"@type\":\"PropertyValueSpecification\",\"valueRequired\":true,\"valueName\":\"search_term_string\"}}],\"inLanguage\":\"fr-FR\"},{\"@type\":\"Organization\",\"@id\":\"https:\\\/\\\/lasentinelle.dz\\\/#organization\",\"name\":\"Quotidien La Sentinelle\",\"url\":\"https:\\\/\\\/lasentinelle.dz\\\/\",\"logo\":{\"@type\":\"ImageObject\",\"inLanguage\":\"fr-FR\",\"@id\":\"https:\\\/\\\/lasentinelle.dz\\\/#\\\/schema\\\/logo\\\/image\\\/\",\"url\":\"https:\\\/\\\/lasentinelle.dz\\\/wp-content\\\/uploads\\\/2021\\\/09\\\/logo-sentinelleSLOGAN-1.png\",\"contentUrl\":\"https:\\\/\\\/lasentinelle.dz\\\/wp-content\\\/uploads\\\/2021\\\/09\\\/logo-sentinelleSLOGAN-1.png\",\"width\":615,\"height\":142,\"caption\":\"Quotidien La Sentinelle\"},\"image\":{\"@id\":\"https:\\\/\\\/lasentinelle.dz\\\/#\\\/schema\\\/logo\\\/image\\\/\"},\"sameAs\":[\"https:\\\/\\\/www.facebook.com\\\/La-Sentinelle-104059864394773\"]},{\"@type\":\"Person\",\"@id\":\"https:\\\/\\\/lasentinelle.dz\\\/#\\\/schema\\\/person\\\/729ee0024f24e0b8c5ec17232f8e8b41\",\"name\":\"admin\",\"image\":{\"@type\":\"ImageObject\",\"inLanguage\":\"fr-FR\",\"@id\":\"https:\\\/\\\/secure.gravatar.com\\\/avatar\\\/4c81fed838786e9b53f540bf46533e750f5d292099ae3b66cfc6fb1982e29df7?s=96&d=mm&r=g\",\"url\":\"https:\\\/\\\/secure.gravatar.com\\\/avatar\\\/4c81fed838786e9b53f540bf46533e750f5d292099ae3b66cfc6fb1982e29df7?s=96&d=mm&r=g\",\"contentUrl\":\"https:\\\/\\\/secure.gravatar.com\\\/avatar\\\/4c81fed838786e9b53f540bf46533e750f5d292099ae3b66cfc6fb1982e29df7?s=96&d=mm&r=g\",\"caption\":\"admin\"},\"description\":\"admin\",\"url\":\"https:\\\/\\\/lasentinelle.dz\\\/author\\\/admin\\\/\"}]}<\/script>\n<!-- \/ Yoast SEO plugin. -->","yoast_head_json":{"title":"Mohamed Reda Boudab prend les r\u00eanes de la SEAAL - La Sentinelle","robots":{"index":"index","follow":"follow","max-snippet":"max-snippet:-1","max-image-preview":"max-image-preview:large","max-video-preview":"max-video-preview:-1"},"canonical":"https:\/\/lasentinelle.dz\/index.php\/2025\/10\/26\/mohamed-reda-boudab-prend-les-renes-de-la-seaal\/","og_locale":"fr_FR","og_type":"article","og_title":"Mohamed Reda Boudab prend les r\u00eanes de la SEAAL - La Sentinelle","og_description":"Le pr\u00e9sident du conseil d&rsquo;administration de la SEAAL, Hocine Zair, a pr\u00e9sid\u00e9 dimanche la c\u00e9r\u00e9monie d&rsquo;installation de Mohamed Reda Boudab","og_url":"https:\/\/lasentinelle.dz\/index.php\/2025\/10\/26\/mohamed-reda-boudab-prend-les-renes-de-la-seaal\/","og_site_name":"La Sentinelle","article_publisher":"https:\/\/www.facebook.com\/La-Sentinelle-104059864394773","article_published_time":"2025-10-26T19:03:12+00:00","og_image":[{"width":418,"height":264,"url":"https:\/\/lasentinelle.dz\/wp-content\/uploads\/2025\/10\/Mohamed-Reda-Boudab-e1761505379118.jpg","type":"image\/jpeg"}],"author":"admin","twitter_card":"summary_large_image","twitter_misc":{"\u00c9crit par":"admin","Dur\u00e9e de lecture estim\u00e9e":"2 minutes"},"schema":{"@context":"https:\/\/schema.org","@graph":[{"@type":"Article","@id":"https:\/\/lasentinelle.dz\/index.php\/2025\/10\/26\/mohamed-reda-boudab-prend-les-renes-de-la-seaal\/#article","isPartOf":{"@id":"https:\/\/lasentinelle.dz\/index.php\/2025\/10\/26\/mohamed-reda-boudab-prend-les-renes-de-la-seaal\/"},"author":{"name":"admin","@id":"https:\/\/lasentinelle.dz\/#\/schema\/person\/729ee0024f24e0b8c5ec17232f8e8b41"},"headline":"Mohamed Reda Boudab prend les r\u00eanes de la SEAAL","datePublished":"2025-10-26T19:03:12+00:00","mainEntityOfPage":{"@id":"https:\/\/lasentinelle.dz\/index.php\/2025\/10\/26\/mohamed-reda-boudab-prend-les-renes-de-la-seaal\/"},"wordCount":384,"commentCount":0,"publisher":{"@id":"https:\/\/lasentinelle.dz\/#organization"},"image":{"@id":"https:\/\/lasentinelle.dz\/index.php\/2025\/10\/26\/mohamed-reda-boudab-prend-les-renes-de-la-seaal\/#primaryimage"},"thumbnailUrl":"https:\/\/lasentinelle.dz\/wp-content\/uploads\/2025\/10\/Mohamed-Reda-Boudab-e1761505379118.jpg","articleSection":["\u00c9conomie"],"inLanguage":"fr-FR","potentialAction":[{"@type":"CommentAction","name":"Comment","target":["https:\/\/lasentinelle.dz\/index.php\/2025\/10\/26\/mohamed-reda-boudab-prend-les-renes-de-la-seaal\/#respond"]}]},{"@type":"WebPage","@id":"https:\/\/lasentinelle.dz\/index.php\/2025\/10\/26\/mohamed-reda-boudab-prend-les-renes-de-la-seaal\/","url":"https:\/\/lasentinelle.dz\/index.php\/2025\/10\/26\/mohamed-reda-boudab-prend-les-renes-de-la-seaal\/","name":"Mohamed Reda Boudab prend les r\u00eanes de la SEAAL - La Sentinelle","isPartOf":{"@id":"https:\/\/lasentinelle.dz\/#website"},"primaryImageOfPage":{"@id":"https:\/\/lasentinelle.dz\/index.php\/2025\/10\/26\/mohamed-reda-boudab-prend-les-renes-de-la-seaal\/#primaryimage"},"image":{"@id":"https:\/\/lasentinelle.dz\/index.php\/2025\/10\/26\/mohamed-reda-boudab-prend-les-renes-de-la-seaal\/#primaryimage"},"thumbnailUrl":"https:\/\/lasentinelle.dz\/wp-content\/uploads\/2025\/10\/Mohamed-Reda-Boudab-e1761505379118.jpg","datePublished":"2025-10-26T19:03:12+00:00","breadcrumb":{"@id":"https:\/\/lasentinelle.dz\/index.php\/2025\/10\/26\/mohamed-reda-boudab-prend-les-renes-de-la-seaal\/#breadcrumb"},"inLanguage":"fr-FR","potentialAction":[{"@type":"ReadAction","target":["https:\/\/lasentinelle.dz\/index.php\/2025\/10\/26\/mohamed-reda-boudab-prend-les-renes-de-la-seaal\/"]}]},{"@type":"ImageObject","inLanguage":"fr-FR","@id":"https:\/\/lasentinelle.dz\/index.php\/2025\/10\/26\/mohamed-reda-boudab-prend-les-renes-de-la-seaal\/#primaryimage","url":"https:\/\/lasentinelle.dz\/wp-content\/uploads\/2025\/10\/Mohamed-Reda-Boudab-e1761505379118.jpg","contentUrl":"https:\/\/lasentinelle.dz\/wp-content\/uploads\/2025\/10\/Mohamed-Reda-Boudab-e1761505379118.jpg","width":418,"height":264},{"@type":"BreadcrumbList","@id":"https:\/\/lasentinelle.dz\/index.php\/2025\/10\/26\/mohamed-reda-boudab-prend-les-renes-de-la-seaal\/#breadcrumb","itemListElement":[{"@type":"ListItem","position":1,"name":"Accueil","item":"https:\/\/lasentinelle.dz\/"},{"@type":"ListItem","position":2,"name":"Mohamed Reda Boudab prend les r\u00eanes de la SEAAL"}]},{"@type":"WebSite","@id":"https:\/\/lasentinelle.dz\/#website","url":"https:\/\/lasentinelle.dz\/","name":"La Sentinelle","description":"Quotidien national d&#039;information","publisher":{"@id":"https:\/\/lasentinelle.dz\/#organization"},"potentialAction":[{"@type":"SearchAction","target":{"@type":"EntryPoint","urlTemplate":"https:\/\/lasentinelle.dz\/?s={search_term_string}"},"query-input":{"@type":"PropertyValueSpecification","valueRequired":true,"valueName":"search_term_string"}}],"inLanguage":"fr-FR"},{"@type":"Organization","@id":"https:\/\/lasentinelle.dz\/#organization","name":"Quotidien La Sentinelle","url":"https:\/\/lasentinelle.dz\/","logo":{"@type":"ImageObject","inLanguage":"fr-FR","@id":"https:\/\/lasentinelle.dz\/#\/schema\/logo\/image\/","url":"https:\/\/lasentinelle.dz\/wp-content\/uploads\/2021\/09\/logo-sentinelleSLOGAN-1.png","contentUrl":"https:\/\/lasentinelle.dz\/wp-content\/uploads\/2021\/09\/logo-sentinelleSLOGAN-1.png","width":615,"height":142,"caption":"Quotidien La Sentinelle"},"image":{"@id":"https:\/\/lasentinelle.dz\/#\/schema\/logo\/image\/"},"sameAs":["https:\/\/www.facebook.com\/La-Sentinelle-104059864394773"]},{"@type":"Person","@id":"https:\/\/lasentinelle.dz\/#\/schema\/person\/729ee0024f24e0b8c5ec17232f8e8b41","name":"admin","image":{"@type":"ImageObject","inLanguage":"fr-FR","@id":"https:\/\/secure.gravatar.com\/avatar\/4c81fed838786e9b53f540bf46533e750f5d292099ae3b66cfc6fb1982e29df7?s=96&d=mm&r=g","url":"https:\/\/secure.gravatar.com\/avatar\/4c81fed838786e9b53f540bf46533e750f5d292099ae3b66cfc6fb1982e29df7?s=96&d=mm&r=g","contentUrl":"https:\/\/secure.gravatar.com\/avatar\/4c81fed838786e9b53f540bf46533e750f5d292099ae3b66cfc6fb1982e29df7?s=96&d=mm&r=g","caption":"admin"},"description":"admin","url":"https:\/\/lasentinelle.dz\/author\/admin\/"}]}},"_links":{"self":[{"href":"https:\/\/lasentinelle.dz\/index.php\/wp-json\/wp\/v2\/posts\/75343","targetHints":{"allow":["GET"]}}],"collection":[{"href":"https:\/\/lasentinelle.dz\/index.php\/wp-json\/wp\/v2\/posts"}],"about":[{"href":"https:\/\/lasentinelle.dz\/index.php\/wp-json\/wp\/v2\/types\/post"}],"author":[{"embeddable":true,"href":"https:\/\/lasentinelle.dz\/index.php\/wp-json\/wp\/v2\/users\/6"}],"replies":[{"embeddable":true,"href":"https:\/\/lasentinelle.dz\/index.php\/wp-json\/wp\/v2\/comments?post=75343"}],"version-history":[{"count":1,"href":"https:\/\/lasentinelle.dz\/index.php\/wp-json\/wp\/v2\/posts\/75343\/revisions"}],"predecessor-version":[{"id":75345,"href":"https:\/\/lasentinelle.dz\/index.php\/wp-json\/wp\/v2\/posts\/75343\/revisions\/75345"}],"wp:featuredmedia":[{"embeddable":true,"href":"https:\/\/lasentinelle.dz\/index.php\/wp-json\/wp\/v2\/media\/75344"}],"wp:attachment":[{"href":"https:\/\/lasentinelle.dz\/index.php\/wp-json\/wp\/v2\/media?parent=75343"}],"wp:term":[{"taxonomy":"category","embeddable":true,"href":"https:\/\/lasentinelle.dz\/index.php\/wp-json\/wp\/v2\/categories?post=75343"},{"taxonomy":"post_tag","embeddable":true,"href":"https:\/\/lasentinelle.dz\/index.php\/wp-json\/wp\/v2\/tags?post=75343"}],"curies":[{"name":"wp","href":"https:\/\/api.w.org\/{rel}","templated":true}]}}