{"id":75349,"date":"2025-10-26T20:06:11","date_gmt":"2025-10-26T19:06:11","guid":{"rendered":"https:\/\/lasentinelle.dz\/?p=75349"},"modified":"2025-10-26T20:06:12","modified_gmt":"2025-10-26T19:06:12","slug":"noureddine-daoudi-remplace-rachid-hachichi-a-la-tete-du-groupe-une-nouvelle-feuille-de-route-pour-sonatrach","status":"publish","type":"post","link":"https:\/\/lasentinelle.dz\/index.php\/2025\/10\/26\/noureddine-daoudi-remplace-rachid-hachichi-a-la-tete-du-groupe-une-nouvelle-feuille-de-route-pour-sonatrach\/","title":{"rendered":"Noureddine Daoudi remplace Rachid Hachichi \u00e0 la t\u00eate du Groupe\u00a0: Une nouvelle feuille de route pour Sonatrach"},"content":{"rendered":"\n<p>Changement \u00e0 la t\u00eate du groupe Sonatrach. Rachid Hachichi qui occupe le poste de PDG depuis octobre 2023 s\u2019est vue signifier sa fin de mission et laisse la place \u00e0 Noureddine Daoudi.<\/p>\n\n\n\n<p>Le ministre d&rsquo;\u00c9tat, ministre des Hydrocarbures et des Mines, Mohamed Arkab, a supervis\u00e9 dimanche l&rsquo;installation de Noureddine Daoudi au poste de pr\u00e9sident-directeur g\u00e9n\u00e9ral de Sonatrach, en remplacement de Rachid Hachichi. Cette nomination s&rsquo;inscrit dans une dynamique de relance du secteur \u00e9nerg\u00e9tique alg\u00e9rien et trace de nouveaux axes strat\u00e9giques pour le g\u00e9ant p\u00e9trolier national. La c\u00e9r\u00e9monie d&rsquo;installation, qui s&rsquo;est d\u00e9roul\u00e9e au si\u00e8ge de la direction g\u00e9n\u00e9rale de Sonatrach, a r\u00e9uni les membres du conseil d&rsquo;administration du groupe, le pr\u00e9sident de l&rsquo;Agence nationale pour la valorisation des ressources en hydrocarbures, Samir Bekhti, ainsi que le pr\u00e9sident de l&rsquo;Autorit\u00e9 de r\u00e9gulation des hydrocarbures, Amine Remini, en pr\u00e9sence de cadres sup\u00e9rieurs du minist\u00e8re et du groupe. Selon le communiqu\u00e9 du minist\u00e8re, cette nomination traduit la vision strat\u00e9gique du pr\u00e9sident de la R\u00e9publique, Abdelmadjid Tebboune, visant \u00e0 consolider la position de l&rsquo;Alg\u00e9rie comme fournisseur \u00e9nerg\u00e9tique fiable et \u00e0 renforcer le d\u00e9veloppement durable. Dans son discours, Mohamed Arkab a soulign\u00e9 que le groupe Sonatrach, repr\u00e9sentant le c\u0153ur battant de l&rsquo;\u00e9conomie nationale, est appel\u00e9 \u00e0 s&rsquo;engager r\u00e9solument dans une nouvelle phase de d\u00e9collage institutionnel et d&rsquo;innovation technique, particuli\u00e8rement dans le contexte des transformations mondiales profondes dans le domaine de l&rsquo;\u00e9nergie. Le ministre d&rsquo;\u00c9tat a d\u00e9fini plusieurs priorit\u00e9s strat\u00e9giques pour le groupe, articul\u00e9es autour de cinq axes majeurs.<\/p>\n\n\n\n<p>L&rsquo;augmentation des capacit\u00e9s de production nationale de gaz naturel, en tant qu&rsquo;\u00e9nergie propre et s\u00fbre, constitue le premier pilier de cette feuille de route. Cette orientation r\u00e9pond aux enjeux de s\u00e9curit\u00e9 \u00e9nerg\u00e9tique et aux engagements internationaux de l&rsquo;Alg\u00e9rie en mati\u00e8re de transition \u00e9cologique. Le deuxi\u00e8me axe porte sur le renforcement de l&rsquo;industrie de transformation par le d\u00e9veloppement de projets p\u00e9trochimiques destin\u00e9s \u00e0 accro\u00eetre la valeur ajout\u00e9e des hydrocarbures nationaux, une strat\u00e9gie visant \u00e0 d\u00e9passer la simple exportation de mati\u00e8res premi\u00e8res. L&rsquo;\u00e9largissement du champ de coop\u00e9ration et de partenariat international figure \u00e9galement parmi les priorit\u00e9s \u00e9nonc\u00e9es par le ministre. Cette ambition se concr\u00e9tise d\u00e9j\u00e0 par la signature de contrats de qualit\u00e9 avec les plus grandes entreprises mondiales telles que Chevron et ExxonMobil, t\u00e9moignant de l&rsquo;attractivit\u00e9 retrouv\u00e9e du secteur alg\u00e9rien des hydrocarbures. Le quatri\u00e8me pilier strat\u00e9gique concerne l&rsquo;acc\u00e9l\u00e9ration du rythme de la transition \u00e9nerg\u00e9tique, avec un engagement ferme dans la r\u00e9duction des \u00e9missions de carbone et le d\u00e9veloppement de projets de capture et de stockage du carbone. Enfin, la modernisation des syst\u00e8mes d&rsquo;exploration et de production par l&rsquo;utilisation des technologies num\u00e9riques les plus avanc\u00e9es et de l&rsquo;intelligence artificielle constitue le cinqui\u00e8me axe de cette nouvelle politique.<\/p>\n\n\n\n<p><strong>Expertise<\/strong><\/p>\n\n\n\n<p>Le profil du nouveau PDG appara\u00eet en ad\u00e9quation avec ces ambitions. Noureddine Daoudi est d\u00e9crit dans le communiqu\u00e9 comme une comp\u00e9tence de r\u00e9f\u00e9rence dans le secteur \u00e9nerg\u00e9tique, fort d&rsquo;une carri\u00e8re professionnelle d\u00e9passant 35 ann\u00e9es dans des domaines techniques et des postes de direction strat\u00e9gique. Son parcours comprend 32 ann\u00e9es dans le domaine de l&rsquo;exploration p\u00e9troli\u00e8re, notamment comme directeur du service d&rsquo;exploration chez Sonatrach. Il a \u00e9galement occup\u00e9 le poste de pr\u00e9sident de l&rsquo;Agence nationale pour la valorisation des ressources en hydrocarbures entre avril 2020 et ao\u00fbt 2023. Le communiqu\u00e9 souligne \u00ab&nbsp;son expertise dans la conduite de projets complexes et ses comp\u00e9tences \u00e9lev\u00e9es dans la n\u00e9gociation de partenariats strat\u00e9giques internationaux&nbsp;\u00bb. Il est \u00e9galement pr\u00e9sent\u00e9 comme \u00ab&nbsp;un pionnier de la transformation num\u00e9rique dans le domaine de l&rsquo;exploration, ayant supervis\u00e9 le lancement d&rsquo;une plateforme digitale au sein d&rsquo;ALNAFT pour am\u00e9liorer l&rsquo;efficacit\u00e9 de la promotion des projets p\u00e9troliers&nbsp;\u00bb. Mohamed Arkab a par ailleurs adress\u00e9 ses remerciements et sa reconnaissance \u00e0 Rachid Hachichi pour les efforts fournis et les r\u00e9alisations accomplies durant sa p\u00e9riode \u00e0 la t\u00eate du groupe. Hachichi, qui avait occup\u00e9 le poste de PDG une premi\u00e8re fois pendant quelques mois en 2019, avant d&rsquo;\u00eatre nomm\u00e9 \u00e0 nouveau en octobre 2023, quitte ses fonctions apr\u00e8s deux ann\u00e9es marqu\u00e9es par la consolidation des partenariats internationaux.<\/p>\n\n\n\n<p>En conclusion de son intervention, le ministre d&rsquo;\u00c9tat a appel\u00e9 le nouveau PDG \u00e0 redoubler d&rsquo;efforts et \u00e0 travailler avec un esprit patriotique \u00e9lev\u00e9, affirmant que \u00ab\u00a0la responsabilit\u00e9 qu&rsquo;il assume est une charge avant d&rsquo;\u00eatre un honneur\u00a0\u00bb. Il a exprim\u00e9 sa confiance dans le fait que l&rsquo;expertise et la comp\u00e9tence de Daoudi lui permettront \u00ab&nbsp;de r\u00e9aliser davantage de succ\u00e8s en collaboration avec les cadres de Sonatrach, afin que l&rsquo;entreprise demeure une source de fiert\u00e9 pour les Alg\u00e9riens et poursuive son r\u00f4le de leader dans la r\u00e9alisation de la s\u00e9curit\u00e9 \u00e9nerg\u00e9tique et la contribution aux grands projets de d\u00e9veloppement, notamment les projets de dessalement d&rsquo;eau de mer dans lesquels le secteur joue un r\u00f4le actif&nbsp;\u00bb.<\/p>\n\n\n\n<p>Samira Ghrib<\/p>\n","protected":false},"excerpt":{"rendered":"<p>Changement \u00e0 la t\u00eate du groupe Sonatrach. Rachid Hachichi qui occupe le poste de PDG depuis octobre 2023 s\u2019est vue<\/p>\n","protected":false},"author":6,"featured_media":75350,"comment_status":"open","ping_status":"closed","sticky":false,"template":"","format":"standard","meta":{"colormag_page_container_layout":"default_layout","colormag_page_sidebar_layout":"default_layout","om_disable_all_campaigns":false,"_monsterinsights_skip_tracking":false,"_monsterinsights_sitenote_active":false,"_monsterinsights_sitenote_note":"","_monsterinsights_sitenote_category":0,"footnotes":"","_wpscppro_dont_share_socialmedia":false,"_wpscppro_custom_social_share_image":0,"_facebook_share_type":"default","_twitter_share_type":"default","_linkedin_share_type":"default","_pinterest_share_type":"default","_linkedin_share_type_page":"","_instagram_share_type":"default","_medium_share_type":"default","_threads_share_type":"default","_google_business_share_type":"default","_selected_social_profile":[],"_wpsp_enable_custom_social_template":false,"_wpsp_social_scheduling":{"enabled":false,"datetime":null,"platforms":[],"status":"template_only","dateOption":"today","timeOption":"now","customDays":"","customHours":"","customDate":"","customTime":"","schedulingType":"absolute"},"_wpsp_active_default_template":true},"categories":[52,29],"tags":[],"class_list":["post-75349","post","type-post","status-publish","format-standard","has-post-thumbnail","hentry","category-a-la-une","category-economie"],"aioseo_notices":[],"yoast_head":"<!-- This site is optimized with the Yoast SEO plugin v27.5 - https:\/\/yoast.com\/product\/yoast-seo-wordpress\/ -->\n<title>Noureddine Daoudi remplace Rachid Hachichi \u00e0 la t\u00eate du Groupe\u00a0: Une nouvelle feuille de route pour Sonatrach - La Sentinelle<\/title>\n<meta name=\"robots\" content=\"index, follow, max-snippet:-1, max-image-preview:large, max-video-preview:-1\" \/>\n<link rel=\"canonical\" href=\"https:\/\/lasentinelle.dz\/index.php\/2025\/10\/26\/noureddine-daoudi-remplace-rachid-hachichi-a-la-tete-du-groupe-une-nouvelle-feuille-de-route-pour-sonatrach\/\" \/>\n<meta property=\"og:locale\" content=\"fr_FR\" \/>\n<meta property=\"og:type\" content=\"article\" \/>\n<meta property=\"og:title\" content=\"Noureddine Daoudi remplace Rachid Hachichi \u00e0 la t\u00eate du Groupe\u00a0: Une nouvelle feuille de route pour Sonatrach - La Sentinelle\" \/>\n<meta property=\"og:description\" content=\"Changement \u00e0 la t\u00eate du groupe Sonatrach. Rachid Hachichi qui occupe le poste de PDG depuis octobre 2023 s\u2019est vue\" \/>\n<meta property=\"og:url\" content=\"https:\/\/lasentinelle.dz\/index.php\/2025\/10\/26\/noureddine-daoudi-remplace-rachid-hachichi-a-la-tete-du-groupe-une-nouvelle-feuille-de-route-pour-sonatrach\/\" \/>\n<meta property=\"og:site_name\" content=\"La Sentinelle\" \/>\n<meta property=\"article:publisher\" content=\"https:\/\/www.facebook.com\/La-Sentinelle-104059864394773\" \/>\n<meta property=\"article:published_time\" content=\"2025-10-26T19:06:11+00:00\" \/>\n<meta property=\"article:modified_time\" content=\"2025-10-26T19:06:12+00:00\" \/>\n<meta property=\"og:image\" content=\"https:\/\/lasentinelle.dz\/wp-content\/uploads\/2025\/10\/Arkab-4.jpg\" \/>\n\t<meta property=\"og:image:width\" content=\"2048\" \/>\n\t<meta property=\"og:image:height\" content=\"1365\" \/>\n\t<meta property=\"og:image:type\" content=\"image\/jpeg\" \/>\n<meta name=\"author\" content=\"admin\" \/>\n<meta name=\"twitter:card\" content=\"summary_large_image\" \/>\n<meta name=\"twitter:label1\" content=\"\u00c9crit par\" \/>\n\t<meta name=\"twitter:data1\" content=\"admin\" \/>\n\t<meta name=\"twitter:label2\" content=\"Dur\u00e9e de lecture estim\u00e9e\" \/>\n\t<meta name=\"twitter:data2\" content=\"5 minutes\" \/>\n<script type=\"application\/ld+json\" class=\"yoast-schema-graph\">{\"@context\":\"https:\\\/\\\/schema.org\",\"@graph\":[{\"@type\":\"Article\",\"@id\":\"https:\\\/\\\/lasentinelle.dz\\\/index.php\\\/2025\\\/10\\\/26\\\/noureddine-daoudi-remplace-rachid-hachichi-a-la-tete-du-groupe-une-nouvelle-feuille-de-route-pour-sonatrach\\\/#article\",\"isPartOf\":{\"@id\":\"https:\\\/\\\/lasentinelle.dz\\\/index.php\\\/2025\\\/10\\\/26\\\/noureddine-daoudi-remplace-rachid-hachichi-a-la-tete-du-groupe-une-nouvelle-feuille-de-route-pour-sonatrach\\\/\"},\"author\":{\"name\":\"admin\",\"@id\":\"https:\\\/\\\/lasentinelle.dz\\\/#\\\/schema\\\/person\\\/729ee0024f24e0b8c5ec17232f8e8b41\"},\"headline\":\"Noureddine Daoudi remplace Rachid Hachichi \u00e0 la t\u00eate du Groupe\u00a0: Une nouvelle feuille de route pour Sonatrach\",\"datePublished\":\"2025-10-26T19:06:11+00:00\",\"dateModified\":\"2025-10-26T19:06:12+00:00\",\"mainEntityOfPage\":{\"@id\":\"https:\\\/\\\/lasentinelle.dz\\\/index.php\\\/2025\\\/10\\\/26\\\/noureddine-daoudi-remplace-rachid-hachichi-a-la-tete-du-groupe-une-nouvelle-feuille-de-route-pour-sonatrach\\\/\"},\"wordCount\":925,\"commentCount\":0,\"publisher\":{\"@id\":\"https:\\\/\\\/lasentinelle.dz\\\/#organization\"},\"image\":{\"@id\":\"https:\\\/\\\/lasentinelle.dz\\\/index.php\\\/2025\\\/10\\\/26\\\/noureddine-daoudi-remplace-rachid-hachichi-a-la-tete-du-groupe-une-nouvelle-feuille-de-route-pour-sonatrach\\\/#primaryimage\"},\"thumbnailUrl\":\"https:\\\/\\\/lasentinelle.dz\\\/wp-content\\\/uploads\\\/2025\\\/10\\\/Arkab-4.jpg\",\"articleSection\":[\"\u00c0 la Une\",\"\u00c9conomie\"],\"inLanguage\":\"fr-FR\",\"potentialAction\":[{\"@type\":\"CommentAction\",\"name\":\"Comment\",\"target\":[\"https:\\\/\\\/lasentinelle.dz\\\/index.php\\\/2025\\\/10\\\/26\\\/noureddine-daoudi-remplace-rachid-hachichi-a-la-tete-du-groupe-une-nouvelle-feuille-de-route-pour-sonatrach\\\/#respond\"]}]},{\"@type\":\"WebPage\",\"@id\":\"https:\\\/\\\/lasentinelle.dz\\\/index.php\\\/2025\\\/10\\\/26\\\/noureddine-daoudi-remplace-rachid-hachichi-a-la-tete-du-groupe-une-nouvelle-feuille-de-route-pour-sonatrach\\\/\",\"url\":\"https:\\\/\\\/lasentinelle.dz\\\/index.php\\\/2025\\\/10\\\/26\\\/noureddine-daoudi-remplace-rachid-hachichi-a-la-tete-du-groupe-une-nouvelle-feuille-de-route-pour-sonatrach\\\/\",\"name\":\"Noureddine Daoudi remplace Rachid Hachichi \u00e0 la t\u00eate du Groupe\u00a0: Une nouvelle feuille de route pour Sonatrach - La Sentinelle\",\"isPartOf\":{\"@id\":\"https:\\\/\\\/lasentinelle.dz\\\/#website\"},\"primaryImageOfPage\":{\"@id\":\"https:\\\/\\\/lasentinelle.dz\\\/index.php\\\/2025\\\/10\\\/26\\\/noureddine-daoudi-remplace-rachid-hachichi-a-la-tete-du-groupe-une-nouvelle-feuille-de-route-pour-sonatrach\\\/#primaryimage\"},\"image\":{\"@id\":\"https:\\\/\\\/lasentinelle.dz\\\/index.php\\\/2025\\\/10\\\/26\\\/noureddine-daoudi-remplace-rachid-hachichi-a-la-tete-du-groupe-une-nouvelle-feuille-de-route-pour-sonatrach\\\/#primaryimage\"},\"thumbnailUrl\":\"https:\\\/\\\/lasentinelle.dz\\\/wp-content\\\/uploads\\\/2025\\\/10\\\/Arkab-4.jpg\",\"datePublished\":\"2025-10-26T19:06:11+00:00\",\"dateModified\":\"2025-10-26T19:06:12+00:00\",\"breadcrumb\":{\"@id\":\"https:\\\/\\\/lasentinelle.dz\\\/index.php\\\/2025\\\/10\\\/26\\\/noureddine-daoudi-remplace-rachid-hachichi-a-la-tete-du-groupe-une-nouvelle-feuille-de-route-pour-sonatrach\\\/#breadcrumb\"},\"inLanguage\":\"fr-FR\",\"potentialAction\":[{\"@type\":\"ReadAction\",\"target\":[\"https:\\\/\\\/lasentinelle.dz\\\/index.php\\\/2025\\\/10\\\/26\\\/noureddine-daoudi-remplace-rachid-hachichi-a-la-tete-du-groupe-une-nouvelle-feuille-de-route-pour-sonatrach\\\/\"]}]},{\"@type\":\"ImageObject\",\"inLanguage\":\"fr-FR\",\"@id\":\"https:\\\/\\\/lasentinelle.dz\\\/index.php\\\/2025\\\/10\\\/26\\\/noureddine-daoudi-remplace-rachid-hachichi-a-la-tete-du-groupe-une-nouvelle-feuille-de-route-pour-sonatrach\\\/#primaryimage\",\"url\":\"https:\\\/\\\/lasentinelle.dz\\\/wp-content\\\/uploads\\\/2025\\\/10\\\/Arkab-4.jpg\",\"contentUrl\":\"https:\\\/\\\/lasentinelle.dz\\\/wp-content\\\/uploads\\\/2025\\\/10\\\/Arkab-4.jpg\",\"width\":2048,\"height\":1365},{\"@type\":\"BreadcrumbList\",\"@id\":\"https:\\\/\\\/lasentinelle.dz\\\/index.php\\\/2025\\\/10\\\/26\\\/noureddine-daoudi-remplace-rachid-hachichi-a-la-tete-du-groupe-une-nouvelle-feuille-de-route-pour-sonatrach\\\/#breadcrumb\",\"itemListElement\":[{\"@type\":\"ListItem\",\"position\":1,\"name\":\"Accueil\",\"item\":\"https:\\\/\\\/lasentinelle.dz\\\/\"},{\"@type\":\"ListItem\",\"position\":2,\"name\":\"Noureddine Daoudi remplace Rachid Hachichi \u00e0 la t\u00eate du Groupe\u00a0: Une nouvelle feuille de route pour Sonatrach\"}]},{\"@type\":\"WebSite\",\"@id\":\"https:\\\/\\\/lasentinelle.dz\\\/#website\",\"url\":\"https:\\\/\\\/lasentinelle.dz\\\/\",\"name\":\"La Sentinelle\",\"description\":\"Quotidien national d&#039;information\",\"publisher\":{\"@id\":\"https:\\\/\\\/lasentinelle.dz\\\/#organization\"},\"potentialAction\":[{\"@type\":\"SearchAction\",\"target\":{\"@type\":\"EntryPoint\",\"urlTemplate\":\"https:\\\/\\\/lasentinelle.dz\\\/?s={search_term_string}\"},\"query-input\":{\"@type\":\"PropertyValueSpecification\",\"valueRequired\":true,\"valueName\":\"search_term_string\"}}],\"inLanguage\":\"fr-FR\"},{\"@type\":\"Organization\",\"@id\":\"https:\\\/\\\/lasentinelle.dz\\\/#organization\",\"name\":\"Quotidien La Sentinelle\",\"url\":\"https:\\\/\\\/lasentinelle.dz\\\/\",\"logo\":{\"@type\":\"ImageObject\",\"inLanguage\":\"fr-FR\",\"@id\":\"https:\\\/\\\/lasentinelle.dz\\\/#\\\/schema\\\/logo\\\/image\\\/\",\"url\":\"https:\\\/\\\/lasentinelle.dz\\\/wp-content\\\/uploads\\\/2021\\\/09\\\/logo-sentinelleSLOGAN-1.png\",\"contentUrl\":\"https:\\\/\\\/lasentinelle.dz\\\/wp-content\\\/uploads\\\/2021\\\/09\\\/logo-sentinelleSLOGAN-1.png\",\"width\":615,\"height\":142,\"caption\":\"Quotidien La Sentinelle\"},\"image\":{\"@id\":\"https:\\\/\\\/lasentinelle.dz\\\/#\\\/schema\\\/logo\\\/image\\\/\"},\"sameAs\":[\"https:\\\/\\\/www.facebook.com\\\/La-Sentinelle-104059864394773\"]},{\"@type\":\"Person\",\"@id\":\"https:\\\/\\\/lasentinelle.dz\\\/#\\\/schema\\\/person\\\/729ee0024f24e0b8c5ec17232f8e8b41\",\"name\":\"admin\",\"image\":{\"@type\":\"ImageObject\",\"inLanguage\":\"fr-FR\",\"@id\":\"https:\\\/\\\/secure.gravatar.com\\\/avatar\\\/4c81fed838786e9b53f540bf46533e750f5d292099ae3b66cfc6fb1982e29df7?s=96&d=mm&r=g\",\"url\":\"https:\\\/\\\/secure.gravatar.com\\\/avatar\\\/4c81fed838786e9b53f540bf46533e750f5d292099ae3b66cfc6fb1982e29df7?s=96&d=mm&r=g\",\"contentUrl\":\"https:\\\/\\\/secure.gravatar.com\\\/avatar\\\/4c81fed838786e9b53f540bf46533e750f5d292099ae3b66cfc6fb1982e29df7?s=96&d=mm&r=g\",\"caption\":\"admin\"},\"description\":\"admin\",\"url\":\"https:\\\/\\\/lasentinelle.dz\\\/author\\\/admin\\\/\"}]}<\/script>\n<!-- \/ Yoast SEO plugin. -->","yoast_head_json":{"title":"Noureddine Daoudi remplace Rachid Hachichi \u00e0 la t\u00eate du Groupe\u00a0: Une nouvelle feuille de route pour Sonatrach - La Sentinelle","robots":{"index":"index","follow":"follow","max-snippet":"max-snippet:-1","max-image-preview":"max-image-preview:large","max-video-preview":"max-video-preview:-1"},"canonical":"https:\/\/lasentinelle.dz\/index.php\/2025\/10\/26\/noureddine-daoudi-remplace-rachid-hachichi-a-la-tete-du-groupe-une-nouvelle-feuille-de-route-pour-sonatrach\/","og_locale":"fr_FR","og_type":"article","og_title":"Noureddine Daoudi remplace Rachid Hachichi \u00e0 la t\u00eate du Groupe\u00a0: Une nouvelle feuille de route pour Sonatrach - La Sentinelle","og_description":"Changement \u00e0 la t\u00eate du groupe Sonatrach. Rachid Hachichi qui occupe le poste de PDG depuis octobre 2023 s\u2019est vue","og_url":"https:\/\/lasentinelle.dz\/index.php\/2025\/10\/26\/noureddine-daoudi-remplace-rachid-hachichi-a-la-tete-du-groupe-une-nouvelle-feuille-de-route-pour-sonatrach\/","og_site_name":"La Sentinelle","article_publisher":"https:\/\/www.facebook.com\/La-Sentinelle-104059864394773","article_published_time":"2025-10-26T19:06:11+00:00","article_modified_time":"2025-10-26T19:06:12+00:00","og_image":[{"width":2048,"height":1365,"url":"https:\/\/lasentinelle.dz\/wp-content\/uploads\/2025\/10\/Arkab-4.jpg","type":"image\/jpeg"}],"author":"admin","twitter_card":"summary_large_image","twitter_misc":{"\u00c9crit par":"admin","Dur\u00e9e de lecture estim\u00e9e":"5 minutes"},"schema":{"@context":"https:\/\/schema.org","@graph":[{"@type":"Article","@id":"https:\/\/lasentinelle.dz\/index.php\/2025\/10\/26\/noureddine-daoudi-remplace-rachid-hachichi-a-la-tete-du-groupe-une-nouvelle-feuille-de-route-pour-sonatrach\/#article","isPartOf":{"@id":"https:\/\/lasentinelle.dz\/index.php\/2025\/10\/26\/noureddine-daoudi-remplace-rachid-hachichi-a-la-tete-du-groupe-une-nouvelle-feuille-de-route-pour-sonatrach\/"},"author":{"name":"admin","@id":"https:\/\/lasentinelle.dz\/#\/schema\/person\/729ee0024f24e0b8c5ec17232f8e8b41"},"headline":"Noureddine Daoudi remplace Rachid Hachichi \u00e0 la t\u00eate du Groupe\u00a0: Une nouvelle feuille de route pour Sonatrach","datePublished":"2025-10-26T19:06:11+00:00","dateModified":"2025-10-26T19:06:12+00:00","mainEntityOfPage":{"@id":"https:\/\/lasentinelle.dz\/index.php\/2025\/10\/26\/noureddine-daoudi-remplace-rachid-hachichi-a-la-tete-du-groupe-une-nouvelle-feuille-de-route-pour-sonatrach\/"},"wordCount":925,"commentCount":0,"publisher":{"@id":"https:\/\/lasentinelle.dz\/#organization"},"image":{"@id":"https:\/\/lasentinelle.dz\/index.php\/2025\/10\/26\/noureddine-daoudi-remplace-rachid-hachichi-a-la-tete-du-groupe-une-nouvelle-feuille-de-route-pour-sonatrach\/#primaryimage"},"thumbnailUrl":"https:\/\/lasentinelle.dz\/wp-content\/uploads\/2025\/10\/Arkab-4.jpg","articleSection":["\u00c0 la Une","\u00c9conomie"],"inLanguage":"fr-FR","potentialAction":[{"@type":"CommentAction","name":"Comment","target":["https:\/\/lasentinelle.dz\/index.php\/2025\/10\/26\/noureddine-daoudi-remplace-rachid-hachichi-a-la-tete-du-groupe-une-nouvelle-feuille-de-route-pour-sonatrach\/#respond"]}]},{"@type":"WebPage","@id":"https:\/\/lasentinelle.dz\/index.php\/2025\/10\/26\/noureddine-daoudi-remplace-rachid-hachichi-a-la-tete-du-groupe-une-nouvelle-feuille-de-route-pour-sonatrach\/","url":"https:\/\/lasentinelle.dz\/index.php\/2025\/10\/26\/noureddine-daoudi-remplace-rachid-hachichi-a-la-tete-du-groupe-une-nouvelle-feuille-de-route-pour-sonatrach\/","name":"Noureddine Daoudi remplace Rachid Hachichi \u00e0 la t\u00eate du Groupe\u00a0: Une nouvelle feuille de route pour Sonatrach - La Sentinelle","isPartOf":{"@id":"https:\/\/lasentinelle.dz\/#website"},"primaryImageOfPage":{"@id":"https:\/\/lasentinelle.dz\/index.php\/2025\/10\/26\/noureddine-daoudi-remplace-rachid-hachichi-a-la-tete-du-groupe-une-nouvelle-feuille-de-route-pour-sonatrach\/#primaryimage"},"image":{"@id":"https:\/\/lasentinelle.dz\/index.php\/2025\/10\/26\/noureddine-daoudi-remplace-rachid-hachichi-a-la-tete-du-groupe-une-nouvelle-feuille-de-route-pour-sonatrach\/#primaryimage"},"thumbnailUrl":"https:\/\/lasentinelle.dz\/wp-content\/uploads\/2025\/10\/Arkab-4.jpg","datePublished":"2025-10-26T19:06:11+00:00","dateModified":"2025-10-26T19:06:12+00:00","breadcrumb":{"@id":"https:\/\/lasentinelle.dz\/index.php\/2025\/10\/26\/noureddine-daoudi-remplace-rachid-hachichi-a-la-tete-du-groupe-une-nouvelle-feuille-de-route-pour-sonatrach\/#breadcrumb"},"inLanguage":"fr-FR","potentialAction":[{"@type":"ReadAction","target":["https:\/\/lasentinelle.dz\/index.php\/2025\/10\/26\/noureddine-daoudi-remplace-rachid-hachichi-a-la-tete-du-groupe-une-nouvelle-feuille-de-route-pour-sonatrach\/"]}]},{"@type":"ImageObject","inLanguage":"fr-FR","@id":"https:\/\/lasentinelle.dz\/index.php\/2025\/10\/26\/noureddine-daoudi-remplace-rachid-hachichi-a-la-tete-du-groupe-une-nouvelle-feuille-de-route-pour-sonatrach\/#primaryimage","url":"https:\/\/lasentinelle.dz\/wp-content\/uploads\/2025\/10\/Arkab-4.jpg","contentUrl":"https:\/\/lasentinelle.dz\/wp-content\/uploads\/2025\/10\/Arkab-4.jpg","width":2048,"height":1365},{"@type":"BreadcrumbList","@id":"https:\/\/lasentinelle.dz\/index.php\/2025\/10\/26\/noureddine-daoudi-remplace-rachid-hachichi-a-la-tete-du-groupe-une-nouvelle-feuille-de-route-pour-sonatrach\/#breadcrumb","itemListElement":[{"@type":"ListItem","position":1,"name":"Accueil","item":"https:\/\/lasentinelle.dz\/"},{"@type":"ListItem","position":2,"name":"Noureddine Daoudi remplace Rachid Hachichi \u00e0 la t\u00eate du Groupe\u00a0: Une nouvelle feuille de route pour Sonatrach"}]},{"@type":"WebSite","@id":"https:\/\/lasentinelle.dz\/#website","url":"https:\/\/lasentinelle.dz\/","name":"La Sentinelle","description":"Quotidien national d&#039;information","publisher":{"@id":"https:\/\/lasentinelle.dz\/#organization"},"potentialAction":[{"@type":"SearchAction","target":{"@type":"EntryPoint","urlTemplate":"https:\/\/lasentinelle.dz\/?s={search_term_string}"},"query-input":{"@type":"PropertyValueSpecification","valueRequired":true,"valueName":"search_term_string"}}],"inLanguage":"fr-FR"},{"@type":"Organization","@id":"https:\/\/lasentinelle.dz\/#organization","name":"Quotidien La Sentinelle","url":"https:\/\/lasentinelle.dz\/","logo":{"@type":"ImageObject","inLanguage":"fr-FR","@id":"https:\/\/lasentinelle.dz\/#\/schema\/logo\/image\/","url":"https:\/\/lasentinelle.dz\/wp-content\/uploads\/2021\/09\/logo-sentinelleSLOGAN-1.png","contentUrl":"https:\/\/lasentinelle.dz\/wp-content\/uploads\/2021\/09\/logo-sentinelleSLOGAN-1.png","width":615,"height":142,"caption":"Quotidien La Sentinelle"},"image":{"@id":"https:\/\/lasentinelle.dz\/#\/schema\/logo\/image\/"},"sameAs":["https:\/\/www.facebook.com\/La-Sentinelle-104059864394773"]},{"@type":"Person","@id":"https:\/\/lasentinelle.dz\/#\/schema\/person\/729ee0024f24e0b8c5ec17232f8e8b41","name":"admin","image":{"@type":"ImageObject","inLanguage":"fr-FR","@id":"https:\/\/secure.gravatar.com\/avatar\/4c81fed838786e9b53f540bf46533e750f5d292099ae3b66cfc6fb1982e29df7?s=96&d=mm&r=g","url":"https:\/\/secure.gravatar.com\/avatar\/4c81fed838786e9b53f540bf46533e750f5d292099ae3b66cfc6fb1982e29df7?s=96&d=mm&r=g","contentUrl":"https:\/\/secure.gravatar.com\/avatar\/4c81fed838786e9b53f540bf46533e750f5d292099ae3b66cfc6fb1982e29df7?s=96&d=mm&r=g","caption":"admin"},"description":"admin","url":"https:\/\/lasentinelle.dz\/author\/admin\/"}]}},"_links":{"self":[{"href":"https:\/\/lasentinelle.dz\/index.php\/wp-json\/wp\/v2\/posts\/75349","targetHints":{"allow":["GET"]}}],"collection":[{"href":"https:\/\/lasentinelle.dz\/index.php\/wp-json\/wp\/v2\/posts"}],"about":[{"href":"https:\/\/lasentinelle.dz\/index.php\/wp-json\/wp\/v2\/types\/post"}],"author":[{"embeddable":true,"href":"https:\/\/lasentinelle.dz\/index.php\/wp-json\/wp\/v2\/users\/6"}],"replies":[{"embeddable":true,"href":"https:\/\/lasentinelle.dz\/index.php\/wp-json\/wp\/v2\/comments?post=75349"}],"version-history":[{"count":1,"href":"https:\/\/lasentinelle.dz\/index.php\/wp-json\/wp\/v2\/posts\/75349\/revisions"}],"predecessor-version":[{"id":75352,"href":"https:\/\/lasentinelle.dz\/index.php\/wp-json\/wp\/v2\/posts\/75349\/revisions\/75352"}],"wp:featuredmedia":[{"embeddable":true,"href":"https:\/\/lasentinelle.dz\/index.php\/wp-json\/wp\/v2\/media\/75350"}],"wp:attachment":[{"href":"https:\/\/lasentinelle.dz\/index.php\/wp-json\/wp\/v2\/media?parent=75349"}],"wp:term":[{"taxonomy":"category","embeddable":true,"href":"https:\/\/lasentinelle.dz\/index.php\/wp-json\/wp\/v2\/categories?post=75349"},{"taxonomy":"post_tag","embeddable":true,"href":"https:\/\/lasentinelle.dz\/index.php\/wp-json\/wp\/v2\/tags?post=75349"}],"curies":[{"name":"wp","href":"https:\/\/api.w.org\/{rel}","templated":true}]}}