{"id":75353,"date":"2025-10-26T20:07:40","date_gmt":"2025-10-26T19:07:40","guid":{"rendered":"https:\/\/lasentinelle.dz\/?p=75353"},"modified":"2025-10-26T20:07:41","modified_gmt":"2025-10-26T19:07:41","slug":"lalgerie-mise-sur-la-modernisation-de-lagriculture-repondre-au-defi-de-la-securite-alimentaire","status":"publish","type":"post","link":"https:\/\/lasentinelle.dz\/index.php\/2025\/10\/26\/lalgerie-mise-sur-la-modernisation-de-lagriculture-repondre-au-defi-de-la-securite-alimentaire\/","title":{"rendered":"L\u2019Alg\u00e9rie mise sur la modernisation de l&rsquo;agriculture\u00a0: R\u00e9pondre au d\u00e9fi de la s\u00e9curit\u00e9 alimentaire"},"content":{"rendered":"\n<p><strong>L&rsquo;Alg\u00e9rie mise sur la technologie et l&rsquo;innovation pour transformer son agriculture et garantir son autonomie alimentaire face aux d\u00e9fis climatiques.<\/strong><\/p>\n\n\n\n<p>Le Centre international des conf\u00e9rences Abdelatif-Rahal d&rsquo;Alger accueillera d\u00e8s ce lundi une conf\u00e9rence nationale de deux jours qui se veut d\u00e9terminante pour l&rsquo;avenir de l&rsquo;agriculture alg\u00e9rienne. Organis\u00e9e par le minist\u00e8re de l&rsquo;Agriculture, du D\u00e9veloppement rural et de la P\u00eache, cette rencontre r\u00e9unira experts nationaux et internationaux autour d&rsquo;un objectif majeur : b\u00e2tir un syst\u00e8me agricole moderne, durable et capable d&rsquo;assurer la s\u00e9curit\u00e9 alimentaire du pays. Selon le communiqu\u00e9 du minist\u00e8re publi\u00e9 il y a quelques jours, cette conf\u00e9rence abordera une s\u00e9rie de questions \u00ab\u00a0strat\u00e9giques importantes\u00a0\u00bb, notamment \u00ab\u00a0l&rsquo;utilisation des nouvelles technologies pour accro\u00eetre la productivit\u00e9 et la rentabilit\u00e9, l&rsquo;optimisation des ressources en eau, la modernisation des \u00e9quipements et des infrastructures agricoles, le d\u00e9veloppement des m\u00e9canismes de financement agricole et la num\u00e9risation compl\u00e8te du secteur agricole\u00a0\u00bb. Le programme refl\u00e8te une ambition sans pr\u00e9c\u00e9dent : transformer en profondeur un secteur jug\u00e9 vital pour l&rsquo;\u00e9conomie nationale.<\/p>\n\n\n\n<p>La conf\u00e9rence marque un tournant dans l&rsquo;approche gouvernementale. Le communiqu\u00e9 souligne qu&rsquo;elle refl\u00e8te \u00ab\u00a0une nouvelle vision de l&rsquo;agriculture fond\u00e9e sur la coop\u00e9ration entre experts, l&rsquo;innovation scientifique et le progr\u00e8s technologique, \u00e0 travers le renforcement du dialogue entre chercheurs, cadres du secteur et partenaires \u00e9conomiques\u00a0\u00bb. Cette volont\u00e9 de rapprocher monde scientifique, administration et acteurs \u00e9conomiques constitue une nouveaut\u00e9 dans un secteur longtemps marqu\u00e9 par le cloisonnement. Parmi les th\u00e8mes prioritaires figure la restructuration institutionnelle.<\/p>\n\n\n\n<p><strong>Restructuration institutionnelle et num\u00e9risation<\/strong><\/p>\n\n\n\n<p>La conf\u00e9rence \u00e9voquera \u00ab\u00a0la restructuration et l&rsquo;organisation du minist\u00e8re et des \u00e9tablissements sous tutelle\u00a0\u00bb, ainsi que \u00ab\u00a0l&rsquo;utilisation des nouvelles technologies dans la gestion du foncier agricole et le recours aux biotechnologies pour d\u00e9velopper des esp\u00e8ces plus adapt\u00e9es au changement climatique\u00a0\u00bb. Face \u00e0 la s\u00e9cheresse r\u00e9currente qui frappe l&rsquo;Alg\u00e9rie, l&rsquo;adaptation climatique devient une priorit\u00e9 absolue, passant par le d\u00e9veloppement de vari\u00e9t\u00e9s v\u00e9g\u00e9tales r\u00e9sistantes et l&rsquo;optimisation drastique de l&rsquo;usage de l&rsquo;eau. La dimension num\u00e9rique occupe une place centrale dans cette strat\u00e9gie de modernisation. Intervenant jeudi devant l&rsquo;Assembl\u00e9e populaire nationale, le ministre de l&rsquo;Agriculture, Yacine El-Mahdi Oualid, a d\u00e9taill\u00e9 les avanc\u00e9es concr\u00e8tes d\u00e9j\u00e0 engag\u00e9es. Il a affirm\u00e9 que le secteur avait \u00ab\u00a0proc\u00e9d\u00e9 au lancement de plusieurs projets visant le d\u00e9veloppement et la modernisation de son syst\u00e8me d&rsquo;information, \u00e0 travers la mise en place de plateformes num\u00e9riques d\u00e9di\u00e9es \u00e0 chaque fili\u00e8re agricole\u00a0\u00bb. Ces outils permettront \u00ab\u00a0une identification pr\u00e9cise des besoins en intrants et en \u00e9quipements ainsi que des quantit\u00e9s produites et stock\u00e9es des diff\u00e9rentes r\u00e9coltes\u00a0\u00bb. L&rsquo;objectif, a pr\u00e9cis\u00e9 le ministre, est de \u00ab\u00a0suivre et de traiter, en temps r\u00e9el, les contraintes rencontr\u00e9es par les diff\u00e9rentes fili\u00e8res\u00a0\u00bb, contribuant ainsi \u00e0 \u00ab\u00a0r\u00e9unir toutes les conditions n\u00e9cessaires \u00e0 la r\u00e9alisation de l&rsquo;autosuffisance et \u00e0 l&rsquo;orientation vers l&rsquo;exportation pour plusieurs fili\u00e8res\u00a0\u00bb. Cette approche data-driven vise \u00e0 am\u00e9liorer la r\u00e9activit\u00e9 du secteur face aux crises et \u00e0 optimiser la planification agricole.<\/p>\n\n\n\n<p>Les infrastructures constituent l&rsquo;autre grand chantier. Le ministre a rappel\u00e9 les efforts d\u00e9ploy\u00e9s pour le raccordement des exploitations au r\u00e9seau \u00e9lectrique : sur 79.343 exploitations non raccord\u00e9es recens\u00e9es en 2020, quelque 48.710 ont depuis \u00e9t\u00e9 connect\u00e9es gr\u00e2ce \u00e0 une enveloppe de plus de 111 milliards de dinars. Pour la fili\u00e8re c\u00e9r\u00e9ali\u00e8re, jug\u00e9e strat\u00e9gique, le gouvernement a lanc\u00e9 la construction de 30 silos d&rsquo;une capacit\u00e9 de 100.000 tonnes chacun, ainsi que 350 centres de proximit\u00e9 pour la collecte, dont 232 sont d\u00e9j\u00e0 op\u00e9rationnels. Yacine El-Mahdi Oualid a \u00e9galement soulign\u00e9 les mesures d&rsquo;accompagnement mises en place : 78 guichets uniques ouverts depuis juillet pour faciliter l&rsquo;acc\u00e8s aux semences et engrais, mobilisation du cr\u00e9dit \u00ab\u00a0R&rsquo;FIG\u00a0\u00bb, campagnes de sensibilisation aupr\u00e8s des agriculteurs pour \u00ab\u00a0respecter le parcours technique\u00a0\u00bb, et promotion de l&rsquo;investissement technologique. Le ministre a insist\u00e9 sur \u00ab\u00a0le r\u00f4le essentiel de la recherche scientifique et de la coop\u00e9ration internationale pour d\u00e9velopper la fili\u00e8re\u00a0\u00bb, notamment pour cr\u00e9er de \u00ab\u00a0nouvelles vari\u00e9t\u00e9s r\u00e9sistantes \u00e0 la s\u00e9cheresse et aux maladies\u00a0\u00bb.<\/p>\n\n\n\n<p>Cette conf\u00e9rence intervient dans un contexte o\u00f9 l&rsquo;Alg\u00e9rie cherche \u00e0 r\u00e9duire sa d\u00e9pendance aux importations alimentaires, particuli\u00e8rement co\u00fbteuse en devises. Le communiqu\u00e9 du minist\u00e8re indique que la rencontre vise \u00e0 \u00ab\u00a0proposer des solutions pratiques pour assurer la s\u00e9curit\u00e9 alimentaire, am\u00e9liorer l&rsquo;efficacit\u00e9 des politiques agricoles et construire un secteur agricole durable, capable de relever les d\u00e9fis futurs\u00a0\u00bb. L&rsquo;enjeu d\u00e9passe la simple modernisation technique : il s&rsquo;agit de repenser un mod\u00e8le agricole longtemps marqu\u00e9 par une approche productiviste, pour int\u00e9grer durabilit\u00e9 environnementale, efficience \u00e9conomique et r\u00e9silience climatique. Les conclusions de cette conf\u00e9rence dessineront la feuille de route agricole de l&rsquo;Alg\u00e9rie pour les prochaines ann\u00e9es.<\/p>\n\n\n\n<p>Malik Meziane<\/p>\n","protected":false},"excerpt":{"rendered":"<p>L&rsquo;Alg\u00e9rie mise sur la technologie et l&rsquo;innovation pour transformer son agriculture et garantir son autonomie alimentaire face aux d\u00e9fis climatiques.<\/p>\n","protected":false},"author":6,"featured_media":75354,"comment_status":"open","ping_status":"closed","sticky":false,"template":"","format":"standard","meta":{"colormag_page_container_layout":"default_layout","colormag_page_sidebar_layout":"default_layout","om_disable_all_campaigns":false,"_monsterinsights_skip_tracking":false,"_monsterinsights_sitenote_active":false,"_monsterinsights_sitenote_note":"","_monsterinsights_sitenote_category":0,"footnotes":"","_wpscppro_dont_share_socialmedia":false,"_wpscppro_custom_social_share_image":0,"_facebook_share_type":"default","_twitter_share_type":"default","_linkedin_share_type":"default","_pinterest_share_type":"default","_linkedin_share_type_page":"","_instagram_share_type":"default","_medium_share_type":"default","_threads_share_type":"default","_google_business_share_type":"default","_selected_social_profile":[],"_wpsp_enable_custom_social_template":false,"_wpsp_social_scheduling":{"enabled":false,"datetime":null,"platforms":[],"status":"template_only","dateOption":"today","timeOption":"now","customDays":"","customHours":"","customDate":"","customTime":"","schedulingType":"absolute"},"_wpsp_active_default_template":true},"categories":[52,29],"tags":[],"class_list":["post-75353","post","type-post","status-publish","format-standard","has-post-thumbnail","hentry","category-a-la-une","category-economie"],"aioseo_notices":[],"yoast_head":"<!-- This site is optimized with the Yoast SEO plugin v27.5 - https:\/\/yoast.com\/product\/yoast-seo-wordpress\/ -->\n<title>L\u2019Alg\u00e9rie mise sur la modernisation de l&rsquo;agriculture\u00a0: R\u00e9pondre au d\u00e9fi de la s\u00e9curit\u00e9 alimentaire - La Sentinelle<\/title>\n<meta name=\"robots\" content=\"index, follow, max-snippet:-1, max-image-preview:large, max-video-preview:-1\" \/>\n<link rel=\"canonical\" href=\"https:\/\/lasentinelle.dz\/index.php\/2025\/10\/26\/lalgerie-mise-sur-la-modernisation-de-lagriculture-repondre-au-defi-de-la-securite-alimentaire\/\" \/>\n<meta property=\"og:locale\" content=\"fr_FR\" \/>\n<meta property=\"og:type\" content=\"article\" \/>\n<meta property=\"og:title\" content=\"L\u2019Alg\u00e9rie mise sur la modernisation de l&rsquo;agriculture\u00a0: R\u00e9pondre au d\u00e9fi de la s\u00e9curit\u00e9 alimentaire - La Sentinelle\" \/>\n<meta property=\"og:description\" content=\"L&rsquo;Alg\u00e9rie mise sur la technologie et l&rsquo;innovation pour transformer son agriculture et garantir son autonomie alimentaire face aux d\u00e9fis climatiques.\" \/>\n<meta property=\"og:url\" content=\"https:\/\/lasentinelle.dz\/index.php\/2025\/10\/26\/lalgerie-mise-sur-la-modernisation-de-lagriculture-repondre-au-defi-de-la-securite-alimentaire\/\" \/>\n<meta property=\"og:site_name\" content=\"La Sentinelle\" \/>\n<meta property=\"article:publisher\" content=\"https:\/\/www.facebook.com\/La-Sentinelle-104059864394773\" \/>\n<meta property=\"article:published_time\" content=\"2025-10-26T19:07:40+00:00\" \/>\n<meta property=\"article:modified_time\" content=\"2025-10-26T19:07:41+00:00\" \/>\n<meta property=\"og:image\" content=\"https:\/\/lasentinelle.dz\/wp-content\/uploads\/2025\/10\/agri-1024x611.png\" \/>\n\t<meta property=\"og:image:width\" content=\"1024\" \/>\n\t<meta property=\"og:image:height\" content=\"611\" \/>\n\t<meta property=\"og:image:type\" content=\"image\/png\" \/>\n<meta name=\"author\" content=\"admin\" \/>\n<meta name=\"twitter:card\" content=\"summary_large_image\" \/>\n<meta name=\"twitter:label1\" content=\"\u00c9crit par\" \/>\n\t<meta name=\"twitter:data1\" content=\"admin\" \/>\n\t<meta name=\"twitter:label2\" content=\"Dur\u00e9e de lecture estim\u00e9e\" \/>\n\t<meta name=\"twitter:data2\" content=\"4 minutes\" \/>\n<script type=\"application\/ld+json\" class=\"yoast-schema-graph\">{\"@context\":\"https:\\\/\\\/schema.org\",\"@graph\":[{\"@type\":\"Article\",\"@id\":\"https:\\\/\\\/lasentinelle.dz\\\/index.php\\\/2025\\\/10\\\/26\\\/lalgerie-mise-sur-la-modernisation-de-lagriculture-repondre-au-defi-de-la-securite-alimentaire\\\/#article\",\"isPartOf\":{\"@id\":\"https:\\\/\\\/lasentinelle.dz\\\/index.php\\\/2025\\\/10\\\/26\\\/lalgerie-mise-sur-la-modernisation-de-lagriculture-repondre-au-defi-de-la-securite-alimentaire\\\/\"},\"author\":{\"name\":\"admin\",\"@id\":\"https:\\\/\\\/lasentinelle.dz\\\/#\\\/schema\\\/person\\\/729ee0024f24e0b8c5ec17232f8e8b41\"},\"headline\":\"L\u2019Alg\u00e9rie mise sur la modernisation de l&rsquo;agriculture\u00a0: R\u00e9pondre au d\u00e9fi de la s\u00e9curit\u00e9 alimentaire\",\"datePublished\":\"2025-10-26T19:07:40+00:00\",\"dateModified\":\"2025-10-26T19:07:41+00:00\",\"mainEntityOfPage\":{\"@id\":\"https:\\\/\\\/lasentinelle.dz\\\/index.php\\\/2025\\\/10\\\/26\\\/lalgerie-mise-sur-la-modernisation-de-lagriculture-repondre-au-defi-de-la-securite-alimentaire\\\/\"},\"wordCount\":884,\"commentCount\":0,\"publisher\":{\"@id\":\"https:\\\/\\\/lasentinelle.dz\\\/#organization\"},\"image\":{\"@id\":\"https:\\\/\\\/lasentinelle.dz\\\/index.php\\\/2025\\\/10\\\/26\\\/lalgerie-mise-sur-la-modernisation-de-lagriculture-repondre-au-defi-de-la-securite-alimentaire\\\/#primaryimage\"},\"thumbnailUrl\":\"https:\\\/\\\/lasentinelle.dz\\\/wp-content\\\/uploads\\\/2025\\\/10\\\/agri.png\",\"articleSection\":[\"\u00c0 la Une\",\"\u00c9conomie\"],\"inLanguage\":\"fr-FR\",\"potentialAction\":[{\"@type\":\"CommentAction\",\"name\":\"Comment\",\"target\":[\"https:\\\/\\\/lasentinelle.dz\\\/index.php\\\/2025\\\/10\\\/26\\\/lalgerie-mise-sur-la-modernisation-de-lagriculture-repondre-au-defi-de-la-securite-alimentaire\\\/#respond\"]}]},{\"@type\":\"WebPage\",\"@id\":\"https:\\\/\\\/lasentinelle.dz\\\/index.php\\\/2025\\\/10\\\/26\\\/lalgerie-mise-sur-la-modernisation-de-lagriculture-repondre-au-defi-de-la-securite-alimentaire\\\/\",\"url\":\"https:\\\/\\\/lasentinelle.dz\\\/index.php\\\/2025\\\/10\\\/26\\\/lalgerie-mise-sur-la-modernisation-de-lagriculture-repondre-au-defi-de-la-securite-alimentaire\\\/\",\"name\":\"L\u2019Alg\u00e9rie mise sur la modernisation de l&rsquo;agriculture\u00a0: R\u00e9pondre au d\u00e9fi de la s\u00e9curit\u00e9 alimentaire - La Sentinelle\",\"isPartOf\":{\"@id\":\"https:\\\/\\\/lasentinelle.dz\\\/#website\"},\"primaryImageOfPage\":{\"@id\":\"https:\\\/\\\/lasentinelle.dz\\\/index.php\\\/2025\\\/10\\\/26\\\/lalgerie-mise-sur-la-modernisation-de-lagriculture-repondre-au-defi-de-la-securite-alimentaire\\\/#primaryimage\"},\"image\":{\"@id\":\"https:\\\/\\\/lasentinelle.dz\\\/index.php\\\/2025\\\/10\\\/26\\\/lalgerie-mise-sur-la-modernisation-de-lagriculture-repondre-au-defi-de-la-securite-alimentaire\\\/#primaryimage\"},\"thumbnailUrl\":\"https:\\\/\\\/lasentinelle.dz\\\/wp-content\\\/uploads\\\/2025\\\/10\\\/agri.png\",\"datePublished\":\"2025-10-26T19:07:40+00:00\",\"dateModified\":\"2025-10-26T19:07:41+00:00\",\"breadcrumb\":{\"@id\":\"https:\\\/\\\/lasentinelle.dz\\\/index.php\\\/2025\\\/10\\\/26\\\/lalgerie-mise-sur-la-modernisation-de-lagriculture-repondre-au-defi-de-la-securite-alimentaire\\\/#breadcrumb\"},\"inLanguage\":\"fr-FR\",\"potentialAction\":[{\"@type\":\"ReadAction\",\"target\":[\"https:\\\/\\\/lasentinelle.dz\\\/index.php\\\/2025\\\/10\\\/26\\\/lalgerie-mise-sur-la-modernisation-de-lagriculture-repondre-au-defi-de-la-securite-alimentaire\\\/\"]}]},{\"@type\":\"ImageObject\",\"inLanguage\":\"fr-FR\",\"@id\":\"https:\\\/\\\/lasentinelle.dz\\\/index.php\\\/2025\\\/10\\\/26\\\/lalgerie-mise-sur-la-modernisation-de-lagriculture-repondre-au-defi-de-la-securite-alimentaire\\\/#primaryimage\",\"url\":\"https:\\\/\\\/lasentinelle.dz\\\/wp-content\\\/uploads\\\/2025\\\/10\\\/agri.png\",\"contentUrl\":\"https:\\\/\\\/lasentinelle.dz\\\/wp-content\\\/uploads\\\/2025\\\/10\\\/agri.png\",\"width\":2016,\"height\":1202},{\"@type\":\"BreadcrumbList\",\"@id\":\"https:\\\/\\\/lasentinelle.dz\\\/index.php\\\/2025\\\/10\\\/26\\\/lalgerie-mise-sur-la-modernisation-de-lagriculture-repondre-au-defi-de-la-securite-alimentaire\\\/#breadcrumb\",\"itemListElement\":[{\"@type\":\"ListItem\",\"position\":1,\"name\":\"Accueil\",\"item\":\"https:\\\/\\\/lasentinelle.dz\\\/\"},{\"@type\":\"ListItem\",\"position\":2,\"name\":\"L\u2019Alg\u00e9rie mise sur la modernisation de l&rsquo;agriculture\u00a0: R\u00e9pondre au d\u00e9fi de la s\u00e9curit\u00e9 alimentaire\"}]},{\"@type\":\"WebSite\",\"@id\":\"https:\\\/\\\/lasentinelle.dz\\\/#website\",\"url\":\"https:\\\/\\\/lasentinelle.dz\\\/\",\"name\":\"La Sentinelle\",\"description\":\"Quotidien national d&#039;information\",\"publisher\":{\"@id\":\"https:\\\/\\\/lasentinelle.dz\\\/#organization\"},\"potentialAction\":[{\"@type\":\"SearchAction\",\"target\":{\"@type\":\"EntryPoint\",\"urlTemplate\":\"https:\\\/\\\/lasentinelle.dz\\\/?s={search_term_string}\"},\"query-input\":{\"@type\":\"PropertyValueSpecification\",\"valueRequired\":true,\"valueName\":\"search_term_string\"}}],\"inLanguage\":\"fr-FR\"},{\"@type\":\"Organization\",\"@id\":\"https:\\\/\\\/lasentinelle.dz\\\/#organization\",\"name\":\"Quotidien La Sentinelle\",\"url\":\"https:\\\/\\\/lasentinelle.dz\\\/\",\"logo\":{\"@type\":\"ImageObject\",\"inLanguage\":\"fr-FR\",\"@id\":\"https:\\\/\\\/lasentinelle.dz\\\/#\\\/schema\\\/logo\\\/image\\\/\",\"url\":\"https:\\\/\\\/lasentinelle.dz\\\/wp-content\\\/uploads\\\/2021\\\/09\\\/logo-sentinelleSLOGAN-1.png\",\"contentUrl\":\"https:\\\/\\\/lasentinelle.dz\\\/wp-content\\\/uploads\\\/2021\\\/09\\\/logo-sentinelleSLOGAN-1.png\",\"width\":615,\"height\":142,\"caption\":\"Quotidien La Sentinelle\"},\"image\":{\"@id\":\"https:\\\/\\\/lasentinelle.dz\\\/#\\\/schema\\\/logo\\\/image\\\/\"},\"sameAs\":[\"https:\\\/\\\/www.facebook.com\\\/La-Sentinelle-104059864394773\"]},{\"@type\":\"Person\",\"@id\":\"https:\\\/\\\/lasentinelle.dz\\\/#\\\/schema\\\/person\\\/729ee0024f24e0b8c5ec17232f8e8b41\",\"name\":\"admin\",\"image\":{\"@type\":\"ImageObject\",\"inLanguage\":\"fr-FR\",\"@id\":\"https:\\\/\\\/secure.gravatar.com\\\/avatar\\\/4c81fed838786e9b53f540bf46533e750f5d292099ae3b66cfc6fb1982e29df7?s=96&d=mm&r=g\",\"url\":\"https:\\\/\\\/secure.gravatar.com\\\/avatar\\\/4c81fed838786e9b53f540bf46533e750f5d292099ae3b66cfc6fb1982e29df7?s=96&d=mm&r=g\",\"contentUrl\":\"https:\\\/\\\/secure.gravatar.com\\\/avatar\\\/4c81fed838786e9b53f540bf46533e750f5d292099ae3b66cfc6fb1982e29df7?s=96&d=mm&r=g\",\"caption\":\"admin\"},\"description\":\"admin\",\"url\":\"https:\\\/\\\/lasentinelle.dz\\\/author\\\/admin\\\/\"}]}<\/script>\n<!-- \/ Yoast SEO plugin. -->","yoast_head_json":{"title":"L\u2019Alg\u00e9rie mise sur la modernisation de l&rsquo;agriculture\u00a0: R\u00e9pondre au d\u00e9fi de la s\u00e9curit\u00e9 alimentaire - La Sentinelle","robots":{"index":"index","follow":"follow","max-snippet":"max-snippet:-1","max-image-preview":"max-image-preview:large","max-video-preview":"max-video-preview:-1"},"canonical":"https:\/\/lasentinelle.dz\/index.php\/2025\/10\/26\/lalgerie-mise-sur-la-modernisation-de-lagriculture-repondre-au-defi-de-la-securite-alimentaire\/","og_locale":"fr_FR","og_type":"article","og_title":"L\u2019Alg\u00e9rie mise sur la modernisation de l&rsquo;agriculture\u00a0: R\u00e9pondre au d\u00e9fi de la s\u00e9curit\u00e9 alimentaire - La Sentinelle","og_description":"L&rsquo;Alg\u00e9rie mise sur la technologie et l&rsquo;innovation pour transformer son agriculture et garantir son autonomie alimentaire face aux d\u00e9fis climatiques.","og_url":"https:\/\/lasentinelle.dz\/index.php\/2025\/10\/26\/lalgerie-mise-sur-la-modernisation-de-lagriculture-repondre-au-defi-de-la-securite-alimentaire\/","og_site_name":"La Sentinelle","article_publisher":"https:\/\/www.facebook.com\/La-Sentinelle-104059864394773","article_published_time":"2025-10-26T19:07:40+00:00","article_modified_time":"2025-10-26T19:07:41+00:00","og_image":[{"width":1024,"height":611,"url":"https:\/\/lasentinelle.dz\/wp-content\/uploads\/2025\/10\/agri-1024x611.png","type":"image\/png"}],"author":"admin","twitter_card":"summary_large_image","twitter_misc":{"\u00c9crit par":"admin","Dur\u00e9e de lecture estim\u00e9e":"4 minutes"},"schema":{"@context":"https:\/\/schema.org","@graph":[{"@type":"Article","@id":"https:\/\/lasentinelle.dz\/index.php\/2025\/10\/26\/lalgerie-mise-sur-la-modernisation-de-lagriculture-repondre-au-defi-de-la-securite-alimentaire\/#article","isPartOf":{"@id":"https:\/\/lasentinelle.dz\/index.php\/2025\/10\/26\/lalgerie-mise-sur-la-modernisation-de-lagriculture-repondre-au-defi-de-la-securite-alimentaire\/"},"author":{"name":"admin","@id":"https:\/\/lasentinelle.dz\/#\/schema\/person\/729ee0024f24e0b8c5ec17232f8e8b41"},"headline":"L\u2019Alg\u00e9rie mise sur la modernisation de l&rsquo;agriculture\u00a0: R\u00e9pondre au d\u00e9fi de la s\u00e9curit\u00e9 alimentaire","datePublished":"2025-10-26T19:07:40+00:00","dateModified":"2025-10-26T19:07:41+00:00","mainEntityOfPage":{"@id":"https:\/\/lasentinelle.dz\/index.php\/2025\/10\/26\/lalgerie-mise-sur-la-modernisation-de-lagriculture-repondre-au-defi-de-la-securite-alimentaire\/"},"wordCount":884,"commentCount":0,"publisher":{"@id":"https:\/\/lasentinelle.dz\/#organization"},"image":{"@id":"https:\/\/lasentinelle.dz\/index.php\/2025\/10\/26\/lalgerie-mise-sur-la-modernisation-de-lagriculture-repondre-au-defi-de-la-securite-alimentaire\/#primaryimage"},"thumbnailUrl":"https:\/\/lasentinelle.dz\/wp-content\/uploads\/2025\/10\/agri.png","articleSection":["\u00c0 la Une","\u00c9conomie"],"inLanguage":"fr-FR","potentialAction":[{"@type":"CommentAction","name":"Comment","target":["https:\/\/lasentinelle.dz\/index.php\/2025\/10\/26\/lalgerie-mise-sur-la-modernisation-de-lagriculture-repondre-au-defi-de-la-securite-alimentaire\/#respond"]}]},{"@type":"WebPage","@id":"https:\/\/lasentinelle.dz\/index.php\/2025\/10\/26\/lalgerie-mise-sur-la-modernisation-de-lagriculture-repondre-au-defi-de-la-securite-alimentaire\/","url":"https:\/\/lasentinelle.dz\/index.php\/2025\/10\/26\/lalgerie-mise-sur-la-modernisation-de-lagriculture-repondre-au-defi-de-la-securite-alimentaire\/","name":"L\u2019Alg\u00e9rie mise sur la modernisation de l&rsquo;agriculture\u00a0: R\u00e9pondre au d\u00e9fi de la s\u00e9curit\u00e9 alimentaire - La Sentinelle","isPartOf":{"@id":"https:\/\/lasentinelle.dz\/#website"},"primaryImageOfPage":{"@id":"https:\/\/lasentinelle.dz\/index.php\/2025\/10\/26\/lalgerie-mise-sur-la-modernisation-de-lagriculture-repondre-au-defi-de-la-securite-alimentaire\/#primaryimage"},"image":{"@id":"https:\/\/lasentinelle.dz\/index.php\/2025\/10\/26\/lalgerie-mise-sur-la-modernisation-de-lagriculture-repondre-au-defi-de-la-securite-alimentaire\/#primaryimage"},"thumbnailUrl":"https:\/\/lasentinelle.dz\/wp-content\/uploads\/2025\/10\/agri.png","datePublished":"2025-10-26T19:07:40+00:00","dateModified":"2025-10-26T19:07:41+00:00","breadcrumb":{"@id":"https:\/\/lasentinelle.dz\/index.php\/2025\/10\/26\/lalgerie-mise-sur-la-modernisation-de-lagriculture-repondre-au-defi-de-la-securite-alimentaire\/#breadcrumb"},"inLanguage":"fr-FR","potentialAction":[{"@type":"ReadAction","target":["https:\/\/lasentinelle.dz\/index.php\/2025\/10\/26\/lalgerie-mise-sur-la-modernisation-de-lagriculture-repondre-au-defi-de-la-securite-alimentaire\/"]}]},{"@type":"ImageObject","inLanguage":"fr-FR","@id":"https:\/\/lasentinelle.dz\/index.php\/2025\/10\/26\/lalgerie-mise-sur-la-modernisation-de-lagriculture-repondre-au-defi-de-la-securite-alimentaire\/#primaryimage","url":"https:\/\/lasentinelle.dz\/wp-content\/uploads\/2025\/10\/agri.png","contentUrl":"https:\/\/lasentinelle.dz\/wp-content\/uploads\/2025\/10\/agri.png","width":2016,"height":1202},{"@type":"BreadcrumbList","@id":"https:\/\/lasentinelle.dz\/index.php\/2025\/10\/26\/lalgerie-mise-sur-la-modernisation-de-lagriculture-repondre-au-defi-de-la-securite-alimentaire\/#breadcrumb","itemListElement":[{"@type":"ListItem","position":1,"name":"Accueil","item":"https:\/\/lasentinelle.dz\/"},{"@type":"ListItem","position":2,"name":"L\u2019Alg\u00e9rie mise sur la modernisation de l&rsquo;agriculture\u00a0: R\u00e9pondre au d\u00e9fi de la s\u00e9curit\u00e9 alimentaire"}]},{"@type":"WebSite","@id":"https:\/\/lasentinelle.dz\/#website","url":"https:\/\/lasentinelle.dz\/","name":"La Sentinelle","description":"Quotidien national d&#039;information","publisher":{"@id":"https:\/\/lasentinelle.dz\/#organization"},"potentialAction":[{"@type":"SearchAction","target":{"@type":"EntryPoint","urlTemplate":"https:\/\/lasentinelle.dz\/?s={search_term_string}"},"query-input":{"@type":"PropertyValueSpecification","valueRequired":true,"valueName":"search_term_string"}}],"inLanguage":"fr-FR"},{"@type":"Organization","@id":"https:\/\/lasentinelle.dz\/#organization","name":"Quotidien La Sentinelle","url":"https:\/\/lasentinelle.dz\/","logo":{"@type":"ImageObject","inLanguage":"fr-FR","@id":"https:\/\/lasentinelle.dz\/#\/schema\/logo\/image\/","url":"https:\/\/lasentinelle.dz\/wp-content\/uploads\/2021\/09\/logo-sentinelleSLOGAN-1.png","contentUrl":"https:\/\/lasentinelle.dz\/wp-content\/uploads\/2021\/09\/logo-sentinelleSLOGAN-1.png","width":615,"height":142,"caption":"Quotidien La Sentinelle"},"image":{"@id":"https:\/\/lasentinelle.dz\/#\/schema\/logo\/image\/"},"sameAs":["https:\/\/www.facebook.com\/La-Sentinelle-104059864394773"]},{"@type":"Person","@id":"https:\/\/lasentinelle.dz\/#\/schema\/person\/729ee0024f24e0b8c5ec17232f8e8b41","name":"admin","image":{"@type":"ImageObject","inLanguage":"fr-FR","@id":"https:\/\/secure.gravatar.com\/avatar\/4c81fed838786e9b53f540bf46533e750f5d292099ae3b66cfc6fb1982e29df7?s=96&d=mm&r=g","url":"https:\/\/secure.gravatar.com\/avatar\/4c81fed838786e9b53f540bf46533e750f5d292099ae3b66cfc6fb1982e29df7?s=96&d=mm&r=g","contentUrl":"https:\/\/secure.gravatar.com\/avatar\/4c81fed838786e9b53f540bf46533e750f5d292099ae3b66cfc6fb1982e29df7?s=96&d=mm&r=g","caption":"admin"},"description":"admin","url":"https:\/\/lasentinelle.dz\/author\/admin\/"}]}},"_links":{"self":[{"href":"https:\/\/lasentinelle.dz\/index.php\/wp-json\/wp\/v2\/posts\/75353","targetHints":{"allow":["GET"]}}],"collection":[{"href":"https:\/\/lasentinelle.dz\/index.php\/wp-json\/wp\/v2\/posts"}],"about":[{"href":"https:\/\/lasentinelle.dz\/index.php\/wp-json\/wp\/v2\/types\/post"}],"author":[{"embeddable":true,"href":"https:\/\/lasentinelle.dz\/index.php\/wp-json\/wp\/v2\/users\/6"}],"replies":[{"embeddable":true,"href":"https:\/\/lasentinelle.dz\/index.php\/wp-json\/wp\/v2\/comments?post=75353"}],"version-history":[{"count":2,"href":"https:\/\/lasentinelle.dz\/index.php\/wp-json\/wp\/v2\/posts\/75353\/revisions"}],"predecessor-version":[{"id":75356,"href":"https:\/\/lasentinelle.dz\/index.php\/wp-json\/wp\/v2\/posts\/75353\/revisions\/75356"}],"wp:featuredmedia":[{"embeddable":true,"href":"https:\/\/lasentinelle.dz\/index.php\/wp-json\/wp\/v2\/media\/75354"}],"wp:attachment":[{"href":"https:\/\/lasentinelle.dz\/index.php\/wp-json\/wp\/v2\/media?parent=75353"}],"wp:term":[{"taxonomy":"category","embeddable":true,"href":"https:\/\/lasentinelle.dz\/index.php\/wp-json\/wp\/v2\/categories?post=75353"},{"taxonomy":"post_tag","embeddable":true,"href":"https:\/\/lasentinelle.dz\/index.php\/wp-json\/wp\/v2\/tags?post=75353"}],"curies":[{"name":"wp","href":"https:\/\/api.w.org\/{rel}","templated":true}]}}