{"id":75371,"date":"2025-10-28T12:16:26","date_gmt":"2025-10-28T11:16:26","guid":{"rendered":"https:\/\/lasentinelle.dz\/?p=75371"},"modified":"2025-10-28T12:16:27","modified_gmt":"2025-10-28T11:16:27","slug":"chlef-cartenna-un-projet-pour-mobiliser-la-jeunesse-autour-du-patrimoine-culturel","status":"publish","type":"post","link":"https:\/\/lasentinelle.dz\/index.php\/2025\/10\/28\/chlef-cartenna-un-projet-pour-mobiliser-la-jeunesse-autour-du-patrimoine-culturel\/","title":{"rendered":"Chlef\u00a0: \u00ab\u00a0Cartenna\u00a0\u00bb, un projet pour mobiliser la jeunesse autour du patrimoine culturel"},"content":{"rendered":"\n<p>L&rsquo;association \u00ab\u00a0Khouloud\u00a0\u00bb pour les activit\u00e9s de jeunesse de la wilaya de Chlef a lanc\u00e9 le projet \u00ab\u00a0Cartenna\u00a0\u00bb, une initiative ambitieuse visant \u00e0 impliquer les jeunes dans la promotion et la valorisation du patrimoine culturel de la r\u00e9gion \u00e0 travers des outils num\u00e9riques modernes et des activit\u00e9s culturelles diversifi\u00e9es. Cette initiative s&rsquo;inscrit dans une dynamique de pr\u00e9servation et de transmission du patrimoine aux nouvelles g\u00e9n\u00e9rations en mobilisant leurs comp\u00e9tences et leur cr\u00e9ativit\u00e9. Le pr\u00e9sident de l&rsquo;association, Abdelkader Boukabcha, a expliqu\u00e9 que ce projet, dont le nom fait r\u00e9f\u00e9rence \u00e0 l&rsquo;ancienne appellation de la ville de T\u00e9n\u00e8s, \u00ab\u00a0a pour objectif de valoriser le patrimoine mat\u00e9riel et immat\u00e9riel local \u00e0 travers la cr\u00e9ation de contenus num\u00e9riques sur les r\u00e9seaux sociaux et l&rsquo;organisation d&rsquo;activit\u00e9s culturelles vari\u00e9es, en partenariat avec des jeunes et d&rsquo;autres associations\u00a0\u00bb. Cette approche novatrice r\u00e9pond \u00e0 la n\u00e9cessit\u00e9 de moderniser les outils de sensibilisation patrimoniale en s&rsquo;adaptant aux modes de communication privil\u00e9gi\u00e9s par la jeunesse. Financ\u00e9 par le minist\u00e8re de la Culture et des Arts, le projet \u00ab\u00a0Cartenna\u00a0\u00bb d\u00e9ploiera dans sa premi\u00e8re phase un effort consid\u00e9rable de formation destin\u00e9 \u00e0 cinquante jeunes. Ces derniers b\u00e9n\u00e9ficieront d&rsquo;une initiation aux techniques de la photographie, du montage et de la r\u00e9alisation audiovisuelle durant une session de deux semaines qui sera abrit\u00e9e par l&rsquo;annexe locale du secteur prot\u00e9g\u00e9 \u00e0 T\u00e9n\u00e8s. Une fois form\u00e9s, ces jeunes seront appel\u00e9s \u00e0 contribuer \u00e0 la production d&rsquo;une s\u00e9rie de vid\u00e9os sur le patrimoine culturel sous le slogan \u00e9vocateur \u00ab\u00a0Reste chez toi et d\u00e9couvre le patrimoine de ton pays\u00a0\u00bb, une d\u00e9marche visant \u00e0 rendre accessible et attractive la richesse patrimoniale locale aupr\u00e8s d&rsquo;un large public. Au-del\u00e0 de la dimension num\u00e9rique, le projet s&rsquo;enrichit d&rsquo;un programme culturel dense articul\u00e9 autour d&rsquo;\u00e9v\u00e9nements nationaux et historiques. Une exposition de produits artisanaux locaux marquera ainsi la Journ\u00e9e nationale de l&rsquo;artisan du 9 novembre, tandis que la comm\u00e9moration des manifestations du 11 d\u00e9cembre sera l&rsquo;occasion de r\u00e9compenser la meilleure vid\u00e9o de promotion du patrimoine culturel r\u00e9alis\u00e9e dans le cadre du projet. Les organisateurs pr\u00e9voient \u00e9galement une op\u00e9ration de jumelage avec une autre association dans le cadre du renforcement des \u00e9changes culturels, une journ\u00e9e d&rsquo;\u00e9tude consacr\u00e9e \u00e0 la valeur \u00e9conomique du patrimoine culturel, un concours du meilleur couscous c\u00e9l\u00e9brant le savoir-faire culinaire ancestral, ainsi que des visites guid\u00e9es des sites arch\u00e9ologiques et historiques de la r\u00e9gion.<\/p>\n\n\n\n<p>Programm\u00e9es du 1er novembre au 18 d\u00e9cembre 2025, les activit\u00e9s du projet \u00ab\u00a0Cartenna\u00a0\u00bb poursuivent des objectifs multiples clairement d\u00e9finis par les organisateurs. Il s&rsquo;agit notamment d&rsquo;attirer les touristes vers la r\u00e9gion, de susciter l&rsquo;int\u00e9r\u00eat des \u00e9tudiants en arch\u00e9ologie pour le patrimoine local, d&rsquo;impliquer davantage les jeunes dans sa promotion et sa sauvegarde, et de valoriser le r\u00f4le essentiel de la femme artisane dans la dynamique \u00e9conomique et culturelle. Cette initiative illustre la volont\u00e9 des acteurs associatifs de placer la jeunesse au c\u0153ur des efforts de pr\u00e9servation patrimoniale en conjuguant tradition et modernit\u00e9.<\/p>\n\n\n\n<p>Mohand S.<\/p>\n","protected":false},"excerpt":{"rendered":"<p>L&rsquo;association \u00ab\u00a0Khouloud\u00a0\u00bb pour les activit\u00e9s de jeunesse de la wilaya de Chlef a lanc\u00e9 le projet \u00ab\u00a0Cartenna\u00a0\u00bb, une initiative ambitieuse<\/p>\n","protected":false},"author":6,"featured_media":75372,"comment_status":"open","ping_status":"closed","sticky":false,"template":"","format":"standard","meta":{"colormag_page_container_layout":"default_layout","colormag_page_sidebar_layout":"default_layout","om_disable_all_campaigns":false,"_monsterinsights_skip_tracking":false,"_monsterinsights_sitenote_active":false,"_monsterinsights_sitenote_note":"","_monsterinsights_sitenote_category":0,"footnotes":"","_wpscppro_dont_share_socialmedia":false,"_wpscppro_custom_social_share_image":0,"_facebook_share_type":"default","_twitter_share_type":"default","_linkedin_share_type":"default","_pinterest_share_type":"default","_linkedin_share_type_page":"","_instagram_share_type":"default","_medium_share_type":"default","_threads_share_type":"default","_google_business_share_type":"default","_selected_social_profile":[],"_wpsp_enable_custom_social_template":false,"_wpsp_social_scheduling":{"enabled":false,"datetime":null,"platforms":[],"status":"template_only","dateOption":"today","timeOption":"now","customDays":"","customHours":"","customDate":"","customTime":"","schedulingType":"absolute"},"_wpsp_active_default_template":true},"categories":[36],"tags":[],"class_list":["post-75371","post","type-post","status-publish","format-standard","has-post-thumbnail","hentry","category-culture"],"aioseo_notices":[],"yoast_head":"<!-- This site is optimized with the Yoast SEO plugin v27.5 - https:\/\/yoast.com\/product\/yoast-seo-wordpress\/ -->\n<title>Chlef\u00a0: \u00ab\u00a0Cartenna\u00a0\u00bb, un projet pour mobiliser la jeunesse autour du patrimoine culturel - La Sentinelle<\/title>\n<meta name=\"robots\" content=\"index, follow, max-snippet:-1, max-image-preview:large, max-video-preview:-1\" \/>\n<link rel=\"canonical\" href=\"https:\/\/lasentinelle.dz\/index.php\/2025\/10\/28\/chlef-cartenna-un-projet-pour-mobiliser-la-jeunesse-autour-du-patrimoine-culturel\/\" \/>\n<meta property=\"og:locale\" content=\"fr_FR\" \/>\n<meta property=\"og:type\" content=\"article\" \/>\n<meta property=\"og:title\" content=\"Chlef\u00a0: \u00ab\u00a0Cartenna\u00a0\u00bb, un projet pour mobiliser la jeunesse autour du patrimoine culturel - La Sentinelle\" \/>\n<meta property=\"og:description\" content=\"L&rsquo;association \u00ab\u00a0Khouloud\u00a0\u00bb pour les activit\u00e9s de jeunesse de la wilaya de Chlef a lanc\u00e9 le projet \u00ab\u00a0Cartenna\u00a0\u00bb, une initiative ambitieuse\" \/>\n<meta property=\"og:url\" content=\"https:\/\/lasentinelle.dz\/index.php\/2025\/10\/28\/chlef-cartenna-un-projet-pour-mobiliser-la-jeunesse-autour-du-patrimoine-culturel\/\" \/>\n<meta property=\"og:site_name\" content=\"La Sentinelle\" \/>\n<meta property=\"article:publisher\" content=\"https:\/\/www.facebook.com\/La-Sentinelle-104059864394773\" \/>\n<meta property=\"article:published_time\" content=\"2025-10-28T11:16:26+00:00\" \/>\n<meta property=\"article:modified_time\" content=\"2025-10-28T11:16:27+00:00\" \/>\n<meta property=\"og:image\" content=\"https:\/\/lasentinelle.dz\/wp-content\/uploads\/2025\/10\/site-chlef.png\" \/>\n\t<meta property=\"og:image:width\" content=\"559\" \/>\n\t<meta property=\"og:image:height\" content=\"353\" \/>\n\t<meta property=\"og:image:type\" content=\"image\/png\" \/>\n<meta name=\"author\" content=\"admin\" \/>\n<meta name=\"twitter:card\" content=\"summary_large_image\" \/>\n<meta name=\"twitter:label1\" content=\"\u00c9crit par\" \/>\n\t<meta name=\"twitter:data1\" content=\"admin\" \/>\n\t<meta name=\"twitter:label2\" content=\"Dur\u00e9e de lecture estim\u00e9e\" \/>\n\t<meta name=\"twitter:data2\" content=\"3 minutes\" \/>\n<script type=\"application\/ld+json\" class=\"yoast-schema-graph\">{\"@context\":\"https:\\\/\\\/schema.org\",\"@graph\":[{\"@type\":\"Article\",\"@id\":\"https:\\\/\\\/lasentinelle.dz\\\/index.php\\\/2025\\\/10\\\/28\\\/chlef-cartenna-un-projet-pour-mobiliser-la-jeunesse-autour-du-patrimoine-culturel\\\/#article\",\"isPartOf\":{\"@id\":\"https:\\\/\\\/lasentinelle.dz\\\/index.php\\\/2025\\\/10\\\/28\\\/chlef-cartenna-un-projet-pour-mobiliser-la-jeunesse-autour-du-patrimoine-culturel\\\/\"},\"author\":{\"name\":\"admin\",\"@id\":\"https:\\\/\\\/lasentinelle.dz\\\/#\\\/schema\\\/person\\\/729ee0024f24e0b8c5ec17232f8e8b41\"},\"headline\":\"Chlef\u00a0: \u00ab\u00a0Cartenna\u00a0\u00bb, un projet pour mobiliser la jeunesse autour du patrimoine culturel\",\"datePublished\":\"2025-10-28T11:16:26+00:00\",\"dateModified\":\"2025-10-28T11:16:27+00:00\",\"mainEntityOfPage\":{\"@id\":\"https:\\\/\\\/lasentinelle.dz\\\/index.php\\\/2025\\\/10\\\/28\\\/chlef-cartenna-un-projet-pour-mobiliser-la-jeunesse-autour-du-patrimoine-culturel\\\/\"},\"wordCount\":566,\"commentCount\":0,\"publisher\":{\"@id\":\"https:\\\/\\\/lasentinelle.dz\\\/#organization\"},\"image\":{\"@id\":\"https:\\\/\\\/lasentinelle.dz\\\/index.php\\\/2025\\\/10\\\/28\\\/chlef-cartenna-un-projet-pour-mobiliser-la-jeunesse-autour-du-patrimoine-culturel\\\/#primaryimage\"},\"thumbnailUrl\":\"https:\\\/\\\/lasentinelle.dz\\\/wp-content\\\/uploads\\\/2025\\\/10\\\/site-chlef.png\",\"articleSection\":[\"Culture\"],\"inLanguage\":\"fr-FR\",\"potentialAction\":[{\"@type\":\"CommentAction\",\"name\":\"Comment\",\"target\":[\"https:\\\/\\\/lasentinelle.dz\\\/index.php\\\/2025\\\/10\\\/28\\\/chlef-cartenna-un-projet-pour-mobiliser-la-jeunesse-autour-du-patrimoine-culturel\\\/#respond\"]}]},{\"@type\":\"WebPage\",\"@id\":\"https:\\\/\\\/lasentinelle.dz\\\/index.php\\\/2025\\\/10\\\/28\\\/chlef-cartenna-un-projet-pour-mobiliser-la-jeunesse-autour-du-patrimoine-culturel\\\/\",\"url\":\"https:\\\/\\\/lasentinelle.dz\\\/index.php\\\/2025\\\/10\\\/28\\\/chlef-cartenna-un-projet-pour-mobiliser-la-jeunesse-autour-du-patrimoine-culturel\\\/\",\"name\":\"Chlef\u00a0: \u00ab\u00a0Cartenna\u00a0\u00bb, un projet pour mobiliser la jeunesse autour du patrimoine culturel - La Sentinelle\",\"isPartOf\":{\"@id\":\"https:\\\/\\\/lasentinelle.dz\\\/#website\"},\"primaryImageOfPage\":{\"@id\":\"https:\\\/\\\/lasentinelle.dz\\\/index.php\\\/2025\\\/10\\\/28\\\/chlef-cartenna-un-projet-pour-mobiliser-la-jeunesse-autour-du-patrimoine-culturel\\\/#primaryimage\"},\"image\":{\"@id\":\"https:\\\/\\\/lasentinelle.dz\\\/index.php\\\/2025\\\/10\\\/28\\\/chlef-cartenna-un-projet-pour-mobiliser-la-jeunesse-autour-du-patrimoine-culturel\\\/#primaryimage\"},\"thumbnailUrl\":\"https:\\\/\\\/lasentinelle.dz\\\/wp-content\\\/uploads\\\/2025\\\/10\\\/site-chlef.png\",\"datePublished\":\"2025-10-28T11:16:26+00:00\",\"dateModified\":\"2025-10-28T11:16:27+00:00\",\"breadcrumb\":{\"@id\":\"https:\\\/\\\/lasentinelle.dz\\\/index.php\\\/2025\\\/10\\\/28\\\/chlef-cartenna-un-projet-pour-mobiliser-la-jeunesse-autour-du-patrimoine-culturel\\\/#breadcrumb\"},\"inLanguage\":\"fr-FR\",\"potentialAction\":[{\"@type\":\"ReadAction\",\"target\":[\"https:\\\/\\\/lasentinelle.dz\\\/index.php\\\/2025\\\/10\\\/28\\\/chlef-cartenna-un-projet-pour-mobiliser-la-jeunesse-autour-du-patrimoine-culturel\\\/\"]}]},{\"@type\":\"ImageObject\",\"inLanguage\":\"fr-FR\",\"@id\":\"https:\\\/\\\/lasentinelle.dz\\\/index.php\\\/2025\\\/10\\\/28\\\/chlef-cartenna-un-projet-pour-mobiliser-la-jeunesse-autour-du-patrimoine-culturel\\\/#primaryimage\",\"url\":\"https:\\\/\\\/lasentinelle.dz\\\/wp-content\\\/uploads\\\/2025\\\/10\\\/site-chlef.png\",\"contentUrl\":\"https:\\\/\\\/lasentinelle.dz\\\/wp-content\\\/uploads\\\/2025\\\/10\\\/site-chlef.png\",\"width\":559,\"height\":353},{\"@type\":\"BreadcrumbList\",\"@id\":\"https:\\\/\\\/lasentinelle.dz\\\/index.php\\\/2025\\\/10\\\/28\\\/chlef-cartenna-un-projet-pour-mobiliser-la-jeunesse-autour-du-patrimoine-culturel\\\/#breadcrumb\",\"itemListElement\":[{\"@type\":\"ListItem\",\"position\":1,\"name\":\"Accueil\",\"item\":\"https:\\\/\\\/lasentinelle.dz\\\/\"},{\"@type\":\"ListItem\",\"position\":2,\"name\":\"Chlef\u00a0: \u00ab\u00a0Cartenna\u00a0\u00bb, un projet pour mobiliser la jeunesse autour du patrimoine culturel\"}]},{\"@type\":\"WebSite\",\"@id\":\"https:\\\/\\\/lasentinelle.dz\\\/#website\",\"url\":\"https:\\\/\\\/lasentinelle.dz\\\/\",\"name\":\"La Sentinelle\",\"description\":\"Quotidien national d&#039;information\",\"publisher\":{\"@id\":\"https:\\\/\\\/lasentinelle.dz\\\/#organization\"},\"potentialAction\":[{\"@type\":\"SearchAction\",\"target\":{\"@type\":\"EntryPoint\",\"urlTemplate\":\"https:\\\/\\\/lasentinelle.dz\\\/?s={search_term_string}\"},\"query-input\":{\"@type\":\"PropertyValueSpecification\",\"valueRequired\":true,\"valueName\":\"search_term_string\"}}],\"inLanguage\":\"fr-FR\"},{\"@type\":\"Organization\",\"@id\":\"https:\\\/\\\/lasentinelle.dz\\\/#organization\",\"name\":\"Quotidien La Sentinelle\",\"url\":\"https:\\\/\\\/lasentinelle.dz\\\/\",\"logo\":{\"@type\":\"ImageObject\",\"inLanguage\":\"fr-FR\",\"@id\":\"https:\\\/\\\/lasentinelle.dz\\\/#\\\/schema\\\/logo\\\/image\\\/\",\"url\":\"https:\\\/\\\/lasentinelle.dz\\\/wp-content\\\/uploads\\\/2021\\\/09\\\/logo-sentinelleSLOGAN-1.png\",\"contentUrl\":\"https:\\\/\\\/lasentinelle.dz\\\/wp-content\\\/uploads\\\/2021\\\/09\\\/logo-sentinelleSLOGAN-1.png\",\"width\":615,\"height\":142,\"caption\":\"Quotidien La Sentinelle\"},\"image\":{\"@id\":\"https:\\\/\\\/lasentinelle.dz\\\/#\\\/schema\\\/logo\\\/image\\\/\"},\"sameAs\":[\"https:\\\/\\\/www.facebook.com\\\/La-Sentinelle-104059864394773\"]},{\"@type\":\"Person\",\"@id\":\"https:\\\/\\\/lasentinelle.dz\\\/#\\\/schema\\\/person\\\/729ee0024f24e0b8c5ec17232f8e8b41\",\"name\":\"admin\",\"image\":{\"@type\":\"ImageObject\",\"inLanguage\":\"fr-FR\",\"@id\":\"https:\\\/\\\/secure.gravatar.com\\\/avatar\\\/4c81fed838786e9b53f540bf46533e750f5d292099ae3b66cfc6fb1982e29df7?s=96&d=mm&r=g\",\"url\":\"https:\\\/\\\/secure.gravatar.com\\\/avatar\\\/4c81fed838786e9b53f540bf46533e750f5d292099ae3b66cfc6fb1982e29df7?s=96&d=mm&r=g\",\"contentUrl\":\"https:\\\/\\\/secure.gravatar.com\\\/avatar\\\/4c81fed838786e9b53f540bf46533e750f5d292099ae3b66cfc6fb1982e29df7?s=96&d=mm&r=g\",\"caption\":\"admin\"},\"description\":\"admin\",\"url\":\"https:\\\/\\\/lasentinelle.dz\\\/author\\\/admin\\\/\"}]}<\/script>\n<!-- \/ Yoast SEO plugin. -->","yoast_head_json":{"title":"Chlef\u00a0: \u00ab\u00a0Cartenna\u00a0\u00bb, un projet pour mobiliser la jeunesse autour du patrimoine culturel - La Sentinelle","robots":{"index":"index","follow":"follow","max-snippet":"max-snippet:-1","max-image-preview":"max-image-preview:large","max-video-preview":"max-video-preview:-1"},"canonical":"https:\/\/lasentinelle.dz\/index.php\/2025\/10\/28\/chlef-cartenna-un-projet-pour-mobiliser-la-jeunesse-autour-du-patrimoine-culturel\/","og_locale":"fr_FR","og_type":"article","og_title":"Chlef\u00a0: \u00ab\u00a0Cartenna\u00a0\u00bb, un projet pour mobiliser la jeunesse autour du patrimoine culturel - La Sentinelle","og_description":"L&rsquo;association \u00ab\u00a0Khouloud\u00a0\u00bb pour les activit\u00e9s de jeunesse de la wilaya de Chlef a lanc\u00e9 le projet \u00ab\u00a0Cartenna\u00a0\u00bb, une initiative ambitieuse","og_url":"https:\/\/lasentinelle.dz\/index.php\/2025\/10\/28\/chlef-cartenna-un-projet-pour-mobiliser-la-jeunesse-autour-du-patrimoine-culturel\/","og_site_name":"La Sentinelle","article_publisher":"https:\/\/www.facebook.com\/La-Sentinelle-104059864394773","article_published_time":"2025-10-28T11:16:26+00:00","article_modified_time":"2025-10-28T11:16:27+00:00","og_image":[{"width":559,"height":353,"url":"https:\/\/lasentinelle.dz\/wp-content\/uploads\/2025\/10\/site-chlef.png","type":"image\/png"}],"author":"admin","twitter_card":"summary_large_image","twitter_misc":{"\u00c9crit par":"admin","Dur\u00e9e de lecture estim\u00e9e":"3 minutes"},"schema":{"@context":"https:\/\/schema.org","@graph":[{"@type":"Article","@id":"https:\/\/lasentinelle.dz\/index.php\/2025\/10\/28\/chlef-cartenna-un-projet-pour-mobiliser-la-jeunesse-autour-du-patrimoine-culturel\/#article","isPartOf":{"@id":"https:\/\/lasentinelle.dz\/index.php\/2025\/10\/28\/chlef-cartenna-un-projet-pour-mobiliser-la-jeunesse-autour-du-patrimoine-culturel\/"},"author":{"name":"admin","@id":"https:\/\/lasentinelle.dz\/#\/schema\/person\/729ee0024f24e0b8c5ec17232f8e8b41"},"headline":"Chlef\u00a0: \u00ab\u00a0Cartenna\u00a0\u00bb, un projet pour mobiliser la jeunesse autour du patrimoine culturel","datePublished":"2025-10-28T11:16:26+00:00","dateModified":"2025-10-28T11:16:27+00:00","mainEntityOfPage":{"@id":"https:\/\/lasentinelle.dz\/index.php\/2025\/10\/28\/chlef-cartenna-un-projet-pour-mobiliser-la-jeunesse-autour-du-patrimoine-culturel\/"},"wordCount":566,"commentCount":0,"publisher":{"@id":"https:\/\/lasentinelle.dz\/#organization"},"image":{"@id":"https:\/\/lasentinelle.dz\/index.php\/2025\/10\/28\/chlef-cartenna-un-projet-pour-mobiliser-la-jeunesse-autour-du-patrimoine-culturel\/#primaryimage"},"thumbnailUrl":"https:\/\/lasentinelle.dz\/wp-content\/uploads\/2025\/10\/site-chlef.png","articleSection":["Culture"],"inLanguage":"fr-FR","potentialAction":[{"@type":"CommentAction","name":"Comment","target":["https:\/\/lasentinelle.dz\/index.php\/2025\/10\/28\/chlef-cartenna-un-projet-pour-mobiliser-la-jeunesse-autour-du-patrimoine-culturel\/#respond"]}]},{"@type":"WebPage","@id":"https:\/\/lasentinelle.dz\/index.php\/2025\/10\/28\/chlef-cartenna-un-projet-pour-mobiliser-la-jeunesse-autour-du-patrimoine-culturel\/","url":"https:\/\/lasentinelle.dz\/index.php\/2025\/10\/28\/chlef-cartenna-un-projet-pour-mobiliser-la-jeunesse-autour-du-patrimoine-culturel\/","name":"Chlef\u00a0: \u00ab\u00a0Cartenna\u00a0\u00bb, un projet pour mobiliser la jeunesse autour du patrimoine culturel - La Sentinelle","isPartOf":{"@id":"https:\/\/lasentinelle.dz\/#website"},"primaryImageOfPage":{"@id":"https:\/\/lasentinelle.dz\/index.php\/2025\/10\/28\/chlef-cartenna-un-projet-pour-mobiliser-la-jeunesse-autour-du-patrimoine-culturel\/#primaryimage"},"image":{"@id":"https:\/\/lasentinelle.dz\/index.php\/2025\/10\/28\/chlef-cartenna-un-projet-pour-mobiliser-la-jeunesse-autour-du-patrimoine-culturel\/#primaryimage"},"thumbnailUrl":"https:\/\/lasentinelle.dz\/wp-content\/uploads\/2025\/10\/site-chlef.png","datePublished":"2025-10-28T11:16:26+00:00","dateModified":"2025-10-28T11:16:27+00:00","breadcrumb":{"@id":"https:\/\/lasentinelle.dz\/index.php\/2025\/10\/28\/chlef-cartenna-un-projet-pour-mobiliser-la-jeunesse-autour-du-patrimoine-culturel\/#breadcrumb"},"inLanguage":"fr-FR","potentialAction":[{"@type":"ReadAction","target":["https:\/\/lasentinelle.dz\/index.php\/2025\/10\/28\/chlef-cartenna-un-projet-pour-mobiliser-la-jeunesse-autour-du-patrimoine-culturel\/"]}]},{"@type":"ImageObject","inLanguage":"fr-FR","@id":"https:\/\/lasentinelle.dz\/index.php\/2025\/10\/28\/chlef-cartenna-un-projet-pour-mobiliser-la-jeunesse-autour-du-patrimoine-culturel\/#primaryimage","url":"https:\/\/lasentinelle.dz\/wp-content\/uploads\/2025\/10\/site-chlef.png","contentUrl":"https:\/\/lasentinelle.dz\/wp-content\/uploads\/2025\/10\/site-chlef.png","width":559,"height":353},{"@type":"BreadcrumbList","@id":"https:\/\/lasentinelle.dz\/index.php\/2025\/10\/28\/chlef-cartenna-un-projet-pour-mobiliser-la-jeunesse-autour-du-patrimoine-culturel\/#breadcrumb","itemListElement":[{"@type":"ListItem","position":1,"name":"Accueil","item":"https:\/\/lasentinelle.dz\/"},{"@type":"ListItem","position":2,"name":"Chlef\u00a0: \u00ab\u00a0Cartenna\u00a0\u00bb, un projet pour mobiliser la jeunesse autour du patrimoine culturel"}]},{"@type":"WebSite","@id":"https:\/\/lasentinelle.dz\/#website","url":"https:\/\/lasentinelle.dz\/","name":"La Sentinelle","description":"Quotidien national d&#039;information","publisher":{"@id":"https:\/\/lasentinelle.dz\/#organization"},"potentialAction":[{"@type":"SearchAction","target":{"@type":"EntryPoint","urlTemplate":"https:\/\/lasentinelle.dz\/?s={search_term_string}"},"query-input":{"@type":"PropertyValueSpecification","valueRequired":true,"valueName":"search_term_string"}}],"inLanguage":"fr-FR"},{"@type":"Organization","@id":"https:\/\/lasentinelle.dz\/#organization","name":"Quotidien La Sentinelle","url":"https:\/\/lasentinelle.dz\/","logo":{"@type":"ImageObject","inLanguage":"fr-FR","@id":"https:\/\/lasentinelle.dz\/#\/schema\/logo\/image\/","url":"https:\/\/lasentinelle.dz\/wp-content\/uploads\/2021\/09\/logo-sentinelleSLOGAN-1.png","contentUrl":"https:\/\/lasentinelle.dz\/wp-content\/uploads\/2021\/09\/logo-sentinelleSLOGAN-1.png","width":615,"height":142,"caption":"Quotidien La Sentinelle"},"image":{"@id":"https:\/\/lasentinelle.dz\/#\/schema\/logo\/image\/"},"sameAs":["https:\/\/www.facebook.com\/La-Sentinelle-104059864394773"]},{"@type":"Person","@id":"https:\/\/lasentinelle.dz\/#\/schema\/person\/729ee0024f24e0b8c5ec17232f8e8b41","name":"admin","image":{"@type":"ImageObject","inLanguage":"fr-FR","@id":"https:\/\/secure.gravatar.com\/avatar\/4c81fed838786e9b53f540bf46533e750f5d292099ae3b66cfc6fb1982e29df7?s=96&d=mm&r=g","url":"https:\/\/secure.gravatar.com\/avatar\/4c81fed838786e9b53f540bf46533e750f5d292099ae3b66cfc6fb1982e29df7?s=96&d=mm&r=g","contentUrl":"https:\/\/secure.gravatar.com\/avatar\/4c81fed838786e9b53f540bf46533e750f5d292099ae3b66cfc6fb1982e29df7?s=96&d=mm&r=g","caption":"admin"},"description":"admin","url":"https:\/\/lasentinelle.dz\/author\/admin\/"}]}},"_links":{"self":[{"href":"https:\/\/lasentinelle.dz\/index.php\/wp-json\/wp\/v2\/posts\/75371","targetHints":{"allow":["GET"]}}],"collection":[{"href":"https:\/\/lasentinelle.dz\/index.php\/wp-json\/wp\/v2\/posts"}],"about":[{"href":"https:\/\/lasentinelle.dz\/index.php\/wp-json\/wp\/v2\/types\/post"}],"author":[{"embeddable":true,"href":"https:\/\/lasentinelle.dz\/index.php\/wp-json\/wp\/v2\/users\/6"}],"replies":[{"embeddable":true,"href":"https:\/\/lasentinelle.dz\/index.php\/wp-json\/wp\/v2\/comments?post=75371"}],"version-history":[{"count":2,"href":"https:\/\/lasentinelle.dz\/index.php\/wp-json\/wp\/v2\/posts\/75371\/revisions"}],"predecessor-version":[{"id":75374,"href":"https:\/\/lasentinelle.dz\/index.php\/wp-json\/wp\/v2\/posts\/75371\/revisions\/75374"}],"wp:featuredmedia":[{"embeddable":true,"href":"https:\/\/lasentinelle.dz\/index.php\/wp-json\/wp\/v2\/media\/75372"}],"wp:attachment":[{"href":"https:\/\/lasentinelle.dz\/index.php\/wp-json\/wp\/v2\/media?parent=75371"}],"wp:term":[{"taxonomy":"category","embeddable":true,"href":"https:\/\/lasentinelle.dz\/index.php\/wp-json\/wp\/v2\/categories?post=75371"},{"taxonomy":"post_tag","embeddable":true,"href":"https:\/\/lasentinelle.dz\/index.php\/wp-json\/wp\/v2\/tags?post=75371"}],"curies":[{"name":"wp","href":"https:\/\/api.w.org\/{rel}","templated":true}]}}