{"id":75386,"date":"2025-10-28T12:23:06","date_gmt":"2025-10-28T11:23:06","guid":{"rendered":"https:\/\/lasentinelle.dz\/?p=75386"},"modified":"2025-10-28T12:23:07","modified_gmt":"2025-10-28T11:23:07","slug":"can-2026-dames-les-vertes-visent-la-qualification-face-au-cameroun","status":"publish","type":"post","link":"https:\/\/lasentinelle.dz\/index.php\/2025\/10\/28\/can-2026-dames-les-vertes-visent-la-qualification-face-au-cameroun\/","title":{"rendered":"CAN-2026 (Dames)\u00a0: Les Vertes visent la qualification face au Cameroun"},"content":{"rendered":"\n<p>L&rsquo;\u00e9quipe nationale f\u00e9minine de football disputera mardi apr\u00e8s-midi \u00e0 15h30 au stade de la R\u00e9unification de Douala l&rsquo;un des matchs les plus importants de son histoire en affrontant les Lionnes indomptables du Cameroun lors de la manche retour du deuxi\u00e8me et dernier tour qualificatif \u00e0 la Coupe d&rsquo;Afrique des nations CAN-2026.<\/p>\n\n\n\n<p>Fortes de leur victoire historique \u00e0 l&rsquo;aller jeudi dernier \u00e0 Oran sur le score de 2-1, les Vertes abordent ce d\u00e9placement p\u00e9rilleux avec l&rsquo;ambition de valider d\u00e9finitivement leur billet pour la phase finale du tournoi continental pr\u00e9vu du 17 mars au 3 avril 2026.<\/p>\n\n\n\n<p>La rencontre aller disput\u00e9e au stade Ahmed-Zabana d&rsquo;Oran avait vu les prot\u00e9g\u00e9es de Farid Benstiti r\u00e9aliser un v\u00e9ritable exploit en s&rsquo;imposant pour la premi\u00e8re fois de leur histoire face \u00e0 l&rsquo;une des nations les plus redoutables du football f\u00e9minin africain. Les Alg\u00e9riennes avaient parfaitement ma\u00eetris\u00e9 leur sujet en inscrivant deux magnifiques buts sur coups francs directs, \u0153uvres respectives de Karchouni et Dafeur, t\u00e9moignant d&rsquo;une pr\u00e9paration minutieuse des phases arr\u00eat\u00e9es. Les Camerounaises n&rsquo;avaient pu que r\u00e9duire le score malgr\u00e9 une fin de match d\u00e9licate marqu\u00e9e par l&rsquo;expulsion d&rsquo;une de leurs d\u00e9fenseures, qui les avait contraintes \u00e0 \u00e9voluer en inf\u00e9riorit\u00e9 num\u00e9rique durant de longues minutes. Consciente de la difficult\u00e9 consid\u00e9rable qui attend ses joueuses sur le sol camerounais, la s\u00e9lection alg\u00e9rienne se pr\u00e9pare \u00e0 affronter une formation des Lionnes indomptables particuli\u00e8rement remont\u00e9e et d\u00e9termin\u00e9e \u00e0 renverser la vapeur devant son public. Le technicien Farid Benstiti, qui a pris les r\u00eanes de l&rsquo;\u00e9quipe nationale f\u00e9minine avec pour mission de la structurer et de la faire progresser, affiche n\u00e9anmoins une confiance mesur\u00e9e tout en appelant \u00e0 la prudence. Le s\u00e9lectionneur national a soulign\u00e9 l&rsquo;importance de la performance r\u00e9alis\u00e9e lors du match aller tout en insistant sur la n\u00e9cessit\u00e9 de rester humble et concentr\u00e9 pour la manche retour.<\/p>\n\n\n\n<p>Dans ses d\u00e9clarations d&rsquo;avant-match, le coach des Vertes a rappel\u00e9 la dimension historique de la victoire obtenue \u00e0 Oran, premi\u00e8re du nom face aux Camerounaises, et a salu\u00e9 l&rsquo;excellente prestation collective de ses prot\u00e9g\u00e9es qui ont su parfaitement exploiter les situations de balles arr\u00eat\u00e9es. Toutefois, le coach n&rsquo;ignore rien des difficult\u00e9s qui attendent son \u00e9quipe dans l&rsquo;antre des Lionnes indomptables, o\u00f9 l&rsquo;atmosph\u00e8re sera forc\u00e9ment hostile et la pression maximale sur les \u00e9paules des locales. Pour Benstiti, la cl\u00e9 du succ\u00e8s r\u00e9sidera dans la rigueur d\u00e9fensive, l&rsquo;organisation collective et la solidarit\u00e9 du groupe face \u00e0 l&rsquo;in\u00e9vitable domination territoriale que devrait exercer la formation camerounaise.<\/p>\n\n\n\n<p>Le s\u00e9lectionneur a d&rsquo;ailleurs clairement d\u00e9fini la strat\u00e9gie qu&rsquo;il entend mettre en place pour ce rendez-vous d\u00e9cisif, privil\u00e9giant avant tout la solidit\u00e9 d\u00e9fensive tout en gardant une menace offensive sur les contres-attaques. Les Vertes devront imp\u00e9rativement bien d\u00e9fendre, rester organis\u00e9es et disciplin\u00e9es tactiquement, tout en essayant de se montrer dangereuses dans les transitions rapides pour marquer au moins un but qui pourrait s&rsquo;av\u00e9rer pr\u00e9cieux, tout en \u00e9vitant absolument d&rsquo;encaisser des r\u00e9alisations qui compliqueraient consid\u00e9rablement leur t\u00e2che. Cette approche pragmatique appara\u00eet comme la plus judicieuse compte tenu de l&rsquo;avantage acquis au match aller et de la difficult\u00e9 intrins\u00e8que de ce d\u00e9placement au Cameroun.<\/p>\n\n\n\n<p>Du c\u00f4t\u00e9 camerounais, le s\u00e9lectionneur Jean-Baptiste Bissack se refuse \u00e0 baisser les bras malgr\u00e9 le handicap du but conc\u00e9d\u00e9 \u00e0 l&rsquo;ext\u00e9rieur. Le technicien des Lionnes indomptables a reconnu avoir affront\u00e9 lors du match aller une formation alg\u00e9rienne bien organis\u00e9e et comp\u00e9titive, mais il se dit convaincu que ses joueuses sauront hausser leur niveau de jeu \u00e0 domicile pour renverser la situation. Bissack promet une rencontre diff\u00e9rente de la premi\u00e8re manche, tout aussi difficile pour les deux formations, mais il assure que son \u00e9quipe sera parfaitement pr\u00e9par\u00e9e pour d\u00e9crocher la qualification et effacer la d\u00e9ception de la d\u00e9faite conc\u00e9d\u00e9e en Alg\u00e9rie.<\/p>\n\n\n\n<p>Les Alg\u00e9riennes avaient brillamment franchi l&rsquo;obstacle du premier tour qualificatif en dominant largement le Soudan du Sud lors des deux confrontations disput\u00e9es en f\u00e9vrier dernier, avec des scores sans appel de 5-0 \u00e0 l&rsquo;aller et 3-0 au retour. Cette qualification confortable avait permis \u00e0 l&rsquo;\u00e9quipe nationale f\u00e9minine d&rsquo;aborder sereinement la suite du parcours qualificatif. Lors de la pr\u00e9c\u00e9dente \u00e9dition de la CAN-2024, l&rsquo;Alg\u00e9rie avait marqu\u00e9 les esprits en signant son retour dans la comp\u00e9tition apr\u00e8s deux absences cons\u00e9cutives, r\u00e9alisant un parcours historique en atteignant les quarts de finale avant de s&rsquo;incliner aux tirs au but face au Ghana apr\u00e8s un match nul vierge. Cette performance avait d\u00e9montr\u00e9 les progr\u00e8s accomplis par le football f\u00e9minin alg\u00e9rien et nourrit d\u00e9sormais l&rsquo;ambition l\u00e9gitime d&rsquo;aller encore plus loin dans la comp\u00e9tition continentale.<\/p>\n\n\n\n<p>Moncef Dahleb<\/p>\n","protected":false},"excerpt":{"rendered":"<p>L&rsquo;\u00e9quipe nationale f\u00e9minine de football disputera mardi apr\u00e8s-midi \u00e0 15h30 au stade de la R\u00e9unification de Douala l&rsquo;un des matchs<\/p>\n","protected":false},"author":6,"featured_media":75387,"comment_status":"open","ping_status":"closed","sticky":false,"template":"","format":"standard","meta":{"colormag_page_container_layout":"default_layout","colormag_page_sidebar_layout":"default_layout","om_disable_all_campaigns":false,"_monsterinsights_skip_tracking":false,"_monsterinsights_sitenote_active":false,"_monsterinsights_sitenote_note":"","_monsterinsights_sitenote_category":0,"footnotes":"","_wpscppro_dont_share_socialmedia":false,"_wpscppro_custom_social_share_image":0,"_facebook_share_type":"default","_twitter_share_type":"default","_linkedin_share_type":"default","_pinterest_share_type":"default","_linkedin_share_type_page":"","_instagram_share_type":"default","_medium_share_type":"default","_threads_share_type":"default","_google_business_share_type":"default","_selected_social_profile":[],"_wpsp_enable_custom_social_template":false,"_wpsp_social_scheduling":{"enabled":false,"datetime":null,"platforms":[],"status":"template_only","dateOption":"today","timeOption":"now","customDays":"","customHours":"","customDate":"","customTime":"","schedulingType":"absolute"},"_wpsp_active_default_template":true},"categories":[33],"tags":[],"class_list":["post-75386","post","type-post","status-publish","format-standard","has-post-thumbnail","hentry","category-sports"],"aioseo_notices":[],"yoast_head":"<!-- This site is optimized with the Yoast SEO plugin v27.5 - https:\/\/yoast.com\/product\/yoast-seo-wordpress\/ -->\n<title>CAN-2026 (Dames)\u00a0: Les Vertes visent la qualification face au Cameroun - La Sentinelle<\/title>\n<meta name=\"robots\" content=\"index, follow, max-snippet:-1, max-image-preview:large, max-video-preview:-1\" \/>\n<link rel=\"canonical\" href=\"https:\/\/lasentinelle.dz\/index.php\/2025\/10\/28\/can-2026-dames-les-vertes-visent-la-qualification-face-au-cameroun\/\" \/>\n<meta property=\"og:locale\" content=\"fr_FR\" \/>\n<meta property=\"og:type\" content=\"article\" \/>\n<meta property=\"og:title\" content=\"CAN-2026 (Dames)\u00a0: Les Vertes visent la qualification face au Cameroun - La Sentinelle\" \/>\n<meta property=\"og:description\" content=\"L&rsquo;\u00e9quipe nationale f\u00e9minine de football disputera mardi apr\u00e8s-midi \u00e0 15h30 au stade de la R\u00e9unification de Douala l&rsquo;un des matchs\" \/>\n<meta property=\"og:url\" content=\"https:\/\/lasentinelle.dz\/index.php\/2025\/10\/28\/can-2026-dames-les-vertes-visent-la-qualification-face-au-cameroun\/\" \/>\n<meta property=\"og:site_name\" content=\"La Sentinelle\" \/>\n<meta property=\"article:publisher\" content=\"https:\/\/www.facebook.com\/La-Sentinelle-104059864394773\" \/>\n<meta property=\"article:published_time\" content=\"2025-10-28T11:23:06+00:00\" \/>\n<meta property=\"article:modified_time\" content=\"2025-10-28T11:23:07+00:00\" \/>\n<meta property=\"og:image\" content=\"https:\/\/lasentinelle.dz\/wp-content\/uploads\/2025\/10\/dames-1.jpg\" \/>\n\t<meta property=\"og:image:width\" content=\"1547\" \/>\n\t<meta property=\"og:image:height\" content=\"1021\" \/>\n\t<meta property=\"og:image:type\" content=\"image\/jpeg\" \/>\n<meta name=\"author\" content=\"admin\" \/>\n<meta name=\"twitter:card\" content=\"summary_large_image\" \/>\n<meta name=\"twitter:label1\" content=\"\u00c9crit par\" \/>\n\t<meta name=\"twitter:data1\" content=\"admin\" \/>\n\t<meta name=\"twitter:label2\" content=\"Dur\u00e9e de lecture estim\u00e9e\" \/>\n\t<meta name=\"twitter:data2\" content=\"4 minutes\" \/>\n<script type=\"application\/ld+json\" class=\"yoast-schema-graph\">{\"@context\":\"https:\\\/\\\/schema.org\",\"@graph\":[{\"@type\":\"Article\",\"@id\":\"https:\\\/\\\/lasentinelle.dz\\\/index.php\\\/2025\\\/10\\\/28\\\/can-2026-dames-les-vertes-visent-la-qualification-face-au-cameroun\\\/#article\",\"isPartOf\":{\"@id\":\"https:\\\/\\\/lasentinelle.dz\\\/index.php\\\/2025\\\/10\\\/28\\\/can-2026-dames-les-vertes-visent-la-qualification-face-au-cameroun\\\/\"},\"author\":{\"name\":\"admin\",\"@id\":\"https:\\\/\\\/lasentinelle.dz\\\/#\\\/schema\\\/person\\\/729ee0024f24e0b8c5ec17232f8e8b41\"},\"headline\":\"CAN-2026 (Dames)\u00a0: Les Vertes visent la qualification face au Cameroun\",\"datePublished\":\"2025-10-28T11:23:06+00:00\",\"dateModified\":\"2025-10-28T11:23:07+00:00\",\"mainEntityOfPage\":{\"@id\":\"https:\\\/\\\/lasentinelle.dz\\\/index.php\\\/2025\\\/10\\\/28\\\/can-2026-dames-les-vertes-visent-la-qualification-face-au-cameroun\\\/\"},\"wordCount\":869,\"commentCount\":0,\"publisher\":{\"@id\":\"https:\\\/\\\/lasentinelle.dz\\\/#organization\"},\"image\":{\"@id\":\"https:\\\/\\\/lasentinelle.dz\\\/index.php\\\/2025\\\/10\\\/28\\\/can-2026-dames-les-vertes-visent-la-qualification-face-au-cameroun\\\/#primaryimage\"},\"thumbnailUrl\":\"https:\\\/\\\/lasentinelle.dz\\\/wp-content\\\/uploads\\\/2025\\\/10\\\/dames-1.jpg\",\"articleSection\":[\"Sports\"],\"inLanguage\":\"fr-FR\",\"potentialAction\":[{\"@type\":\"CommentAction\",\"name\":\"Comment\",\"target\":[\"https:\\\/\\\/lasentinelle.dz\\\/index.php\\\/2025\\\/10\\\/28\\\/can-2026-dames-les-vertes-visent-la-qualification-face-au-cameroun\\\/#respond\"]}]},{\"@type\":\"WebPage\",\"@id\":\"https:\\\/\\\/lasentinelle.dz\\\/index.php\\\/2025\\\/10\\\/28\\\/can-2026-dames-les-vertes-visent-la-qualification-face-au-cameroun\\\/\",\"url\":\"https:\\\/\\\/lasentinelle.dz\\\/index.php\\\/2025\\\/10\\\/28\\\/can-2026-dames-les-vertes-visent-la-qualification-face-au-cameroun\\\/\",\"name\":\"CAN-2026 (Dames)\u00a0: Les Vertes visent la qualification face au Cameroun - La Sentinelle\",\"isPartOf\":{\"@id\":\"https:\\\/\\\/lasentinelle.dz\\\/#website\"},\"primaryImageOfPage\":{\"@id\":\"https:\\\/\\\/lasentinelle.dz\\\/index.php\\\/2025\\\/10\\\/28\\\/can-2026-dames-les-vertes-visent-la-qualification-face-au-cameroun\\\/#primaryimage\"},\"image\":{\"@id\":\"https:\\\/\\\/lasentinelle.dz\\\/index.php\\\/2025\\\/10\\\/28\\\/can-2026-dames-les-vertes-visent-la-qualification-face-au-cameroun\\\/#primaryimage\"},\"thumbnailUrl\":\"https:\\\/\\\/lasentinelle.dz\\\/wp-content\\\/uploads\\\/2025\\\/10\\\/dames-1.jpg\",\"datePublished\":\"2025-10-28T11:23:06+00:00\",\"dateModified\":\"2025-10-28T11:23:07+00:00\",\"breadcrumb\":{\"@id\":\"https:\\\/\\\/lasentinelle.dz\\\/index.php\\\/2025\\\/10\\\/28\\\/can-2026-dames-les-vertes-visent-la-qualification-face-au-cameroun\\\/#breadcrumb\"},\"inLanguage\":\"fr-FR\",\"potentialAction\":[{\"@type\":\"ReadAction\",\"target\":[\"https:\\\/\\\/lasentinelle.dz\\\/index.php\\\/2025\\\/10\\\/28\\\/can-2026-dames-les-vertes-visent-la-qualification-face-au-cameroun\\\/\"]}]},{\"@type\":\"ImageObject\",\"inLanguage\":\"fr-FR\",\"@id\":\"https:\\\/\\\/lasentinelle.dz\\\/index.php\\\/2025\\\/10\\\/28\\\/can-2026-dames-les-vertes-visent-la-qualification-face-au-cameroun\\\/#primaryimage\",\"url\":\"https:\\\/\\\/lasentinelle.dz\\\/wp-content\\\/uploads\\\/2025\\\/10\\\/dames-1.jpg\",\"contentUrl\":\"https:\\\/\\\/lasentinelle.dz\\\/wp-content\\\/uploads\\\/2025\\\/10\\\/dames-1.jpg\",\"width\":1547,\"height\":1021},{\"@type\":\"BreadcrumbList\",\"@id\":\"https:\\\/\\\/lasentinelle.dz\\\/index.php\\\/2025\\\/10\\\/28\\\/can-2026-dames-les-vertes-visent-la-qualification-face-au-cameroun\\\/#breadcrumb\",\"itemListElement\":[{\"@type\":\"ListItem\",\"position\":1,\"name\":\"Accueil\",\"item\":\"https:\\\/\\\/lasentinelle.dz\\\/\"},{\"@type\":\"ListItem\",\"position\":2,\"name\":\"CAN-2026 (Dames)\u00a0: Les Vertes visent la qualification face au Cameroun\"}]},{\"@type\":\"WebSite\",\"@id\":\"https:\\\/\\\/lasentinelle.dz\\\/#website\",\"url\":\"https:\\\/\\\/lasentinelle.dz\\\/\",\"name\":\"La Sentinelle\",\"description\":\"Quotidien national d&#039;information\",\"publisher\":{\"@id\":\"https:\\\/\\\/lasentinelle.dz\\\/#organization\"},\"potentialAction\":[{\"@type\":\"SearchAction\",\"target\":{\"@type\":\"EntryPoint\",\"urlTemplate\":\"https:\\\/\\\/lasentinelle.dz\\\/?s={search_term_string}\"},\"query-input\":{\"@type\":\"PropertyValueSpecification\",\"valueRequired\":true,\"valueName\":\"search_term_string\"}}],\"inLanguage\":\"fr-FR\"},{\"@type\":\"Organization\",\"@id\":\"https:\\\/\\\/lasentinelle.dz\\\/#organization\",\"name\":\"Quotidien La Sentinelle\",\"url\":\"https:\\\/\\\/lasentinelle.dz\\\/\",\"logo\":{\"@type\":\"ImageObject\",\"inLanguage\":\"fr-FR\",\"@id\":\"https:\\\/\\\/lasentinelle.dz\\\/#\\\/schema\\\/logo\\\/image\\\/\",\"url\":\"https:\\\/\\\/lasentinelle.dz\\\/wp-content\\\/uploads\\\/2021\\\/09\\\/logo-sentinelleSLOGAN-1.png\",\"contentUrl\":\"https:\\\/\\\/lasentinelle.dz\\\/wp-content\\\/uploads\\\/2021\\\/09\\\/logo-sentinelleSLOGAN-1.png\",\"width\":615,\"height\":142,\"caption\":\"Quotidien La Sentinelle\"},\"image\":{\"@id\":\"https:\\\/\\\/lasentinelle.dz\\\/#\\\/schema\\\/logo\\\/image\\\/\"},\"sameAs\":[\"https:\\\/\\\/www.facebook.com\\\/La-Sentinelle-104059864394773\"]},{\"@type\":\"Person\",\"@id\":\"https:\\\/\\\/lasentinelle.dz\\\/#\\\/schema\\\/person\\\/729ee0024f24e0b8c5ec17232f8e8b41\",\"name\":\"admin\",\"image\":{\"@type\":\"ImageObject\",\"inLanguage\":\"fr-FR\",\"@id\":\"https:\\\/\\\/secure.gravatar.com\\\/avatar\\\/4c81fed838786e9b53f540bf46533e750f5d292099ae3b66cfc6fb1982e29df7?s=96&d=mm&r=g\",\"url\":\"https:\\\/\\\/secure.gravatar.com\\\/avatar\\\/4c81fed838786e9b53f540bf46533e750f5d292099ae3b66cfc6fb1982e29df7?s=96&d=mm&r=g\",\"contentUrl\":\"https:\\\/\\\/secure.gravatar.com\\\/avatar\\\/4c81fed838786e9b53f540bf46533e750f5d292099ae3b66cfc6fb1982e29df7?s=96&d=mm&r=g\",\"caption\":\"admin\"},\"description\":\"admin\",\"url\":\"https:\\\/\\\/lasentinelle.dz\\\/author\\\/admin\\\/\"}]}<\/script>\n<!-- \/ Yoast SEO plugin. -->","yoast_head_json":{"title":"CAN-2026 (Dames)\u00a0: Les Vertes visent la qualification face au Cameroun - La Sentinelle","robots":{"index":"index","follow":"follow","max-snippet":"max-snippet:-1","max-image-preview":"max-image-preview:large","max-video-preview":"max-video-preview:-1"},"canonical":"https:\/\/lasentinelle.dz\/index.php\/2025\/10\/28\/can-2026-dames-les-vertes-visent-la-qualification-face-au-cameroun\/","og_locale":"fr_FR","og_type":"article","og_title":"CAN-2026 (Dames)\u00a0: Les Vertes visent la qualification face au Cameroun - La Sentinelle","og_description":"L&rsquo;\u00e9quipe nationale f\u00e9minine de football disputera mardi apr\u00e8s-midi \u00e0 15h30 au stade de la R\u00e9unification de Douala l&rsquo;un des matchs","og_url":"https:\/\/lasentinelle.dz\/index.php\/2025\/10\/28\/can-2026-dames-les-vertes-visent-la-qualification-face-au-cameroun\/","og_site_name":"La Sentinelle","article_publisher":"https:\/\/www.facebook.com\/La-Sentinelle-104059864394773","article_published_time":"2025-10-28T11:23:06+00:00","article_modified_time":"2025-10-28T11:23:07+00:00","og_image":[{"width":1547,"height":1021,"url":"https:\/\/lasentinelle.dz\/wp-content\/uploads\/2025\/10\/dames-1.jpg","type":"image\/jpeg"}],"author":"admin","twitter_card":"summary_large_image","twitter_misc":{"\u00c9crit par":"admin","Dur\u00e9e de lecture estim\u00e9e":"4 minutes"},"schema":{"@context":"https:\/\/schema.org","@graph":[{"@type":"Article","@id":"https:\/\/lasentinelle.dz\/index.php\/2025\/10\/28\/can-2026-dames-les-vertes-visent-la-qualification-face-au-cameroun\/#article","isPartOf":{"@id":"https:\/\/lasentinelle.dz\/index.php\/2025\/10\/28\/can-2026-dames-les-vertes-visent-la-qualification-face-au-cameroun\/"},"author":{"name":"admin","@id":"https:\/\/lasentinelle.dz\/#\/schema\/person\/729ee0024f24e0b8c5ec17232f8e8b41"},"headline":"CAN-2026 (Dames)\u00a0: Les Vertes visent la qualification face au Cameroun","datePublished":"2025-10-28T11:23:06+00:00","dateModified":"2025-10-28T11:23:07+00:00","mainEntityOfPage":{"@id":"https:\/\/lasentinelle.dz\/index.php\/2025\/10\/28\/can-2026-dames-les-vertes-visent-la-qualification-face-au-cameroun\/"},"wordCount":869,"commentCount":0,"publisher":{"@id":"https:\/\/lasentinelle.dz\/#organization"},"image":{"@id":"https:\/\/lasentinelle.dz\/index.php\/2025\/10\/28\/can-2026-dames-les-vertes-visent-la-qualification-face-au-cameroun\/#primaryimage"},"thumbnailUrl":"https:\/\/lasentinelle.dz\/wp-content\/uploads\/2025\/10\/dames-1.jpg","articleSection":["Sports"],"inLanguage":"fr-FR","potentialAction":[{"@type":"CommentAction","name":"Comment","target":["https:\/\/lasentinelle.dz\/index.php\/2025\/10\/28\/can-2026-dames-les-vertes-visent-la-qualification-face-au-cameroun\/#respond"]}]},{"@type":"WebPage","@id":"https:\/\/lasentinelle.dz\/index.php\/2025\/10\/28\/can-2026-dames-les-vertes-visent-la-qualification-face-au-cameroun\/","url":"https:\/\/lasentinelle.dz\/index.php\/2025\/10\/28\/can-2026-dames-les-vertes-visent-la-qualification-face-au-cameroun\/","name":"CAN-2026 (Dames)\u00a0: Les Vertes visent la qualification face au Cameroun - La Sentinelle","isPartOf":{"@id":"https:\/\/lasentinelle.dz\/#website"},"primaryImageOfPage":{"@id":"https:\/\/lasentinelle.dz\/index.php\/2025\/10\/28\/can-2026-dames-les-vertes-visent-la-qualification-face-au-cameroun\/#primaryimage"},"image":{"@id":"https:\/\/lasentinelle.dz\/index.php\/2025\/10\/28\/can-2026-dames-les-vertes-visent-la-qualification-face-au-cameroun\/#primaryimage"},"thumbnailUrl":"https:\/\/lasentinelle.dz\/wp-content\/uploads\/2025\/10\/dames-1.jpg","datePublished":"2025-10-28T11:23:06+00:00","dateModified":"2025-10-28T11:23:07+00:00","breadcrumb":{"@id":"https:\/\/lasentinelle.dz\/index.php\/2025\/10\/28\/can-2026-dames-les-vertes-visent-la-qualification-face-au-cameroun\/#breadcrumb"},"inLanguage":"fr-FR","potentialAction":[{"@type":"ReadAction","target":["https:\/\/lasentinelle.dz\/index.php\/2025\/10\/28\/can-2026-dames-les-vertes-visent-la-qualification-face-au-cameroun\/"]}]},{"@type":"ImageObject","inLanguage":"fr-FR","@id":"https:\/\/lasentinelle.dz\/index.php\/2025\/10\/28\/can-2026-dames-les-vertes-visent-la-qualification-face-au-cameroun\/#primaryimage","url":"https:\/\/lasentinelle.dz\/wp-content\/uploads\/2025\/10\/dames-1.jpg","contentUrl":"https:\/\/lasentinelle.dz\/wp-content\/uploads\/2025\/10\/dames-1.jpg","width":1547,"height":1021},{"@type":"BreadcrumbList","@id":"https:\/\/lasentinelle.dz\/index.php\/2025\/10\/28\/can-2026-dames-les-vertes-visent-la-qualification-face-au-cameroun\/#breadcrumb","itemListElement":[{"@type":"ListItem","position":1,"name":"Accueil","item":"https:\/\/lasentinelle.dz\/"},{"@type":"ListItem","position":2,"name":"CAN-2026 (Dames)\u00a0: Les Vertes visent la qualification face au Cameroun"}]},{"@type":"WebSite","@id":"https:\/\/lasentinelle.dz\/#website","url":"https:\/\/lasentinelle.dz\/","name":"La Sentinelle","description":"Quotidien national d&#039;information","publisher":{"@id":"https:\/\/lasentinelle.dz\/#organization"},"potentialAction":[{"@type":"SearchAction","target":{"@type":"EntryPoint","urlTemplate":"https:\/\/lasentinelle.dz\/?s={search_term_string}"},"query-input":{"@type":"PropertyValueSpecification","valueRequired":true,"valueName":"search_term_string"}}],"inLanguage":"fr-FR"},{"@type":"Organization","@id":"https:\/\/lasentinelle.dz\/#organization","name":"Quotidien La Sentinelle","url":"https:\/\/lasentinelle.dz\/","logo":{"@type":"ImageObject","inLanguage":"fr-FR","@id":"https:\/\/lasentinelle.dz\/#\/schema\/logo\/image\/","url":"https:\/\/lasentinelle.dz\/wp-content\/uploads\/2021\/09\/logo-sentinelleSLOGAN-1.png","contentUrl":"https:\/\/lasentinelle.dz\/wp-content\/uploads\/2021\/09\/logo-sentinelleSLOGAN-1.png","width":615,"height":142,"caption":"Quotidien La Sentinelle"},"image":{"@id":"https:\/\/lasentinelle.dz\/#\/schema\/logo\/image\/"},"sameAs":["https:\/\/www.facebook.com\/La-Sentinelle-104059864394773"]},{"@type":"Person","@id":"https:\/\/lasentinelle.dz\/#\/schema\/person\/729ee0024f24e0b8c5ec17232f8e8b41","name":"admin","image":{"@type":"ImageObject","inLanguage":"fr-FR","@id":"https:\/\/secure.gravatar.com\/avatar\/4c81fed838786e9b53f540bf46533e750f5d292099ae3b66cfc6fb1982e29df7?s=96&d=mm&r=g","url":"https:\/\/secure.gravatar.com\/avatar\/4c81fed838786e9b53f540bf46533e750f5d292099ae3b66cfc6fb1982e29df7?s=96&d=mm&r=g","contentUrl":"https:\/\/secure.gravatar.com\/avatar\/4c81fed838786e9b53f540bf46533e750f5d292099ae3b66cfc6fb1982e29df7?s=96&d=mm&r=g","caption":"admin"},"description":"admin","url":"https:\/\/lasentinelle.dz\/author\/admin\/"}]}},"_links":{"self":[{"href":"https:\/\/lasentinelle.dz\/index.php\/wp-json\/wp\/v2\/posts\/75386","targetHints":{"allow":["GET"]}}],"collection":[{"href":"https:\/\/lasentinelle.dz\/index.php\/wp-json\/wp\/v2\/posts"}],"about":[{"href":"https:\/\/lasentinelle.dz\/index.php\/wp-json\/wp\/v2\/types\/post"}],"author":[{"embeddable":true,"href":"https:\/\/lasentinelle.dz\/index.php\/wp-json\/wp\/v2\/users\/6"}],"replies":[{"embeddable":true,"href":"https:\/\/lasentinelle.dz\/index.php\/wp-json\/wp\/v2\/comments?post=75386"}],"version-history":[{"count":1,"href":"https:\/\/lasentinelle.dz\/index.php\/wp-json\/wp\/v2\/posts\/75386\/revisions"}],"predecessor-version":[{"id":75388,"href":"https:\/\/lasentinelle.dz\/index.php\/wp-json\/wp\/v2\/posts\/75386\/revisions\/75388"}],"wp:featuredmedia":[{"embeddable":true,"href":"https:\/\/lasentinelle.dz\/index.php\/wp-json\/wp\/v2\/media\/75387"}],"wp:attachment":[{"href":"https:\/\/lasentinelle.dz\/index.php\/wp-json\/wp\/v2\/media?parent=75386"}],"wp:term":[{"taxonomy":"category","embeddable":true,"href":"https:\/\/lasentinelle.dz\/index.php\/wp-json\/wp\/v2\/categories?post=75386"},{"taxonomy":"post_tag","embeddable":true,"href":"https:\/\/lasentinelle.dz\/index.php\/wp-json\/wp\/v2\/tags?post=75386"}],"curies":[{"name":"wp","href":"https:\/\/api.w.org\/{rel}","templated":true}]}}