{"id":75389,"date":"2025-10-28T12:24:07","date_gmt":"2025-10-28T11:24:07","guid":{"rendered":"https:\/\/lasentinelle.dz\/?p=75389"},"modified":"2025-10-28T12:24:08","modified_gmt":"2025-10-28T11:24:08","slug":"annaba-un-centre-de-lalgerienne-des-eaux-a-ain-el-berda","status":"publish","type":"post","link":"https:\/\/lasentinelle.dz\/index.php\/2025\/10\/28\/annaba-un-centre-de-lalgerienne-des-eaux-a-ain-el-berda\/","title":{"rendered":"Annaba\u00a0: Un centre de l&rsquo;Alg\u00e9rienne des Eaux \u00e0 A\u00efn El Berda"},"content":{"rendered":"\n<p>Le projet de r\u00e9alisation d\u2019un centre de l\u2019Alg\u00e9rienne des eaux \u00e0 Ain El Berda, en phase d&rsquo;\u00e9tude et de validation administrative, devrait \u00eatre concr\u00e9tis\u00e9 au cours du premier trimestre 2026. C&rsquo;est ce qu&rsquo;a annonc\u00e9 le minist\u00e8re de l&rsquo;Hydraulique en r\u00e9ponse \u00e0 une question \u00e9crite adress\u00e9e par le d\u00e9put\u00e9 Seklouli Walid, qui a attir\u00e9 l&rsquo;attention des autorit\u00e9s sur les difficult\u00e9s d&rsquo;approvisionnement en eau que vivent plusieurs localit\u00e9s et communes relevant de la da\u00efra d&rsquo;A\u00efn El Berda. Cette situation, qui perdure depuis plusieurs mois, a suscit\u00e9 l&rsquo;intervention des repr\u00e9sentants des habitants de la wilaya d&rsquo;Annaba au parlement, en interpellant le ministre de l&rsquo;Hydraulique qui, en r\u00e9ponse, a annonc\u00e9 plusieurs projets pour cette da\u00efra. Selon la r\u00e9ponse du ministre, une s\u00e9rie de projets est destin\u00e9e \u00e0 l&rsquo;am\u00e9lioration durable de l&rsquo;alimentation en eau potable dans la da\u00efra d&rsquo;A\u00efn Berda et ses communes, \u00e0 savoir El Chorfa et El Eulma ainsi que les localit\u00e9s qui en d\u00e9pendent. Dans ce contexte, le ministre de tutelle a d&rsquo;abord confirm\u00e9 l&rsquo;obtention officielle de l&rsquo;aval pour la cr\u00e9ation d&rsquo;un centre de l&rsquo;Alg\u00e9rienne des Eaux (ADE) \u00e0 la da\u00efra d&rsquo;A\u00efn Berda, dans la wilaya d&rsquo;Annaba. Actuellement en phase d&rsquo;\u00e9tude et de validation administrative, ce projet devrait \u00eatre concr\u00e9tis\u00e9 au cours du premier trimestre 2026, a fait savoir le ministre, en expliquant que la mise en place de ce centre d\u00e9pend encore de la disponibilit\u00e9 des moyens humains et mat\u00e9riels. N\u00e9anmoins, le minist\u00e8re a assur\u00e9 que toutes les dispositions sont prises pour garantir un service public de l&rsquo;eau plus proche et plus efficace au b\u00e9n\u00e9fice des trois communes concern\u00e9es. S&rsquo;agissant des raisons des perturbations touchant les communes cit\u00e9es ci-dessus, le minist\u00e8re a expliqu\u00e9 qu&rsquo;une partie du canal d&rsquo;adduction reliant le corridor El Eulma\u2013Chorfa affiche une d\u00e9t\u00e9rioration et une v\u00e9tust\u00e9 consid\u00e9rables. Cette situation est \u00e0 l&rsquo;origine de fuites r\u00e9p\u00e9t\u00e9es entra\u00eenant des coupures fr\u00e9quentes n\u00e9cessitant des op\u00e9rations de r\u00e9paration. Pour y rem\u00e9dier, un projet de renouvellement de 1 400 m\u00e8tres lin\u00e9aires de canalisation a \u00e9t\u00e9 propos\u00e9. L&rsquo;ensemble des d\u00e9marches administratives est d\u00e9j\u00e0 achev\u00e9 et le lancement du chantier n&rsquo;attend plus que la disponibilit\u00e9 de l&rsquo;enveloppe financi\u00e8re. Il est \u00e0 noter que la commune d&rsquo;A\u00efn Berda fait face \u00e0 un probl\u00e8me similaire. \u00c0 cet effet, le minist\u00e8re pr\u00e9voit d\u00e9sormais d&rsquo;alimenter cette commune depuis la station de traitement de Cha\u00efba dans la commune de Sidi Amar. Dans ce contexte, il est pr\u00e9vu la r\u00e9novation de la conduite depuis la station de pompage de Karma et la construction d&rsquo;un nouveau r\u00e9servoir d&rsquo;une capacit\u00e9 de 300 m\u00b3.<\/p>\n\n\n\n<p>Au-del\u00e0, le programme du minist\u00e8re de tutelle pr\u00e9voit, au niveau du p\u00f4le urbain d&rsquo;El Berka Zarka \u00e0 A\u00efn Djebara, des projets structurants qui ont d&rsquo;ores et d\u00e9j\u00e0 \u00e9t\u00e9 engag\u00e9s. Il s&rsquo;agit de la r\u00e9alisation d&rsquo;un r\u00e9servoir de 3 000 m\u00b3 et de l&rsquo;\u00e9quipement de la station de pompage d&rsquo;A\u00efn Djebara, afin d&rsquo;assurer l&rsquo;alimentation en eau du quartier des 1 200 logements. Autre projet pr\u00e9vu pour A\u00efn Djebara : la construction d&rsquo;un second r\u00e9servoir de 3 000 m\u00b3 dans la zone Bouchareb Isma\u00efl pour r\u00e9pondre aux besoins des habitants des 300 et 600 logements. La concr\u00e9tisation de tous ces projets, et bien d&rsquo;autres, est appel\u00e9e \u00e0 garantir une alimentation durable en eau potable pour les habitants des communes d&rsquo;El Chorfa et El Eulma relevant administrativement de la da\u00efra d&rsquo;A\u00efn El Berda, ainsi que des quartiers du nouveau p\u00f4le urbain A\u00efn Djebara, entre autres, relevant de la da\u00efra d&rsquo;El Bouni.<\/p>\n\n\n\n<p><strong>Sofia Chahine<\/strong><\/p>\n","protected":false},"excerpt":{"rendered":"<p>Le projet de r\u00e9alisation d\u2019un centre de l\u2019Alg\u00e9rienne des eaux \u00e0 Ain El Berda, en phase d&rsquo;\u00e9tude et de validation<\/p>\n","protected":false},"author":6,"featured_media":17881,"comment_status":"open","ping_status":"closed","sticky":false,"template":"","format":"standard","meta":{"colormag_page_container_layout":"default_layout","colormag_page_sidebar_layout":"default_layout","om_disable_all_campaigns":false,"_monsterinsights_skip_tracking":false,"_monsterinsights_sitenote_active":false,"_monsterinsights_sitenote_note":"","_monsterinsights_sitenote_category":0,"footnotes":"","_wpscppro_dont_share_socialmedia":false,"_wpscppro_custom_social_share_image":0,"_facebook_share_type":"default","_twitter_share_type":"default","_linkedin_share_type":"default","_pinterest_share_type":"default","_linkedin_share_type_page":"","_instagram_share_type":"default","_medium_share_type":"default","_threads_share_type":"default","_google_business_share_type":"default","_selected_social_profile":[],"_wpsp_enable_custom_social_template":false,"_wpsp_social_scheduling":{"enabled":false,"datetime":null,"platforms":[],"status":"template_only","dateOption":"today","timeOption":"now","customDays":"","customHours":"","customDate":"","customTime":"","schedulingType":"absolute"},"_wpsp_active_default_template":true},"categories":[31],"tags":[],"class_list":["post-75389","post","type-post","status-publish","format-standard","has-post-thumbnail","hentry","category-regions"],"aioseo_notices":[],"yoast_head":"<!-- This site is optimized with the Yoast SEO plugin v27.5 - https:\/\/yoast.com\/product\/yoast-seo-wordpress\/ -->\n<title>Annaba\u00a0: Un centre de l&rsquo;Alg\u00e9rienne des Eaux \u00e0 A\u00efn El Berda - La Sentinelle<\/title>\n<meta name=\"robots\" content=\"index, follow, max-snippet:-1, max-image-preview:large, max-video-preview:-1\" \/>\n<link rel=\"canonical\" href=\"https:\/\/lasentinelle.dz\/index.php\/2025\/10\/28\/annaba-un-centre-de-lalgerienne-des-eaux-a-ain-el-berda\/\" \/>\n<meta property=\"og:locale\" content=\"fr_FR\" \/>\n<meta property=\"og:type\" content=\"article\" \/>\n<meta property=\"og:title\" content=\"Annaba\u00a0: Un centre de l&rsquo;Alg\u00e9rienne des Eaux \u00e0 A\u00efn El Berda - La Sentinelle\" \/>\n<meta property=\"og:description\" content=\"Le projet de r\u00e9alisation d\u2019un centre de l\u2019Alg\u00e9rienne des eaux \u00e0 Ain El Berda, en phase d&rsquo;\u00e9tude et de validation\" \/>\n<meta property=\"og:url\" content=\"https:\/\/lasentinelle.dz\/index.php\/2025\/10\/28\/annaba-un-centre-de-lalgerienne-des-eaux-a-ain-el-berda\/\" \/>\n<meta property=\"og:site_name\" content=\"La Sentinelle\" \/>\n<meta property=\"article:publisher\" content=\"https:\/\/www.facebook.com\/La-Sentinelle-104059864394773\" \/>\n<meta property=\"article:published_time\" content=\"2025-10-28T11:24:07+00:00\" \/>\n<meta property=\"article:modified_time\" content=\"2025-10-28T11:24:08+00:00\" \/>\n<meta property=\"og:image\" content=\"https:\/\/lasentinelle.dz\/wp-content\/uploads\/2022\/03\/algerienne-des-eaux.png\" \/>\n\t<meta property=\"og:image:width\" content=\"1491\" \/>\n\t<meta property=\"og:image:height\" content=\"900\" \/>\n\t<meta property=\"og:image:type\" content=\"image\/png\" \/>\n<meta name=\"author\" content=\"admin\" \/>\n<meta name=\"twitter:card\" content=\"summary_large_image\" \/>\n<meta name=\"twitter:label1\" content=\"\u00c9crit par\" \/>\n\t<meta name=\"twitter:data1\" content=\"admin\" \/>\n\t<meta name=\"twitter:label2\" content=\"Dur\u00e9e de lecture estim\u00e9e\" \/>\n\t<meta name=\"twitter:data2\" content=\"4 minutes\" \/>\n<script type=\"application\/ld+json\" class=\"yoast-schema-graph\">{\"@context\":\"https:\\\/\\\/schema.org\",\"@graph\":[{\"@type\":\"Article\",\"@id\":\"https:\\\/\\\/lasentinelle.dz\\\/index.php\\\/2025\\\/10\\\/28\\\/annaba-un-centre-de-lalgerienne-des-eaux-a-ain-el-berda\\\/#article\",\"isPartOf\":{\"@id\":\"https:\\\/\\\/lasentinelle.dz\\\/index.php\\\/2025\\\/10\\\/28\\\/annaba-un-centre-de-lalgerienne-des-eaux-a-ain-el-berda\\\/\"},\"author\":{\"name\":\"admin\",\"@id\":\"https:\\\/\\\/lasentinelle.dz\\\/#\\\/schema\\\/person\\\/729ee0024f24e0b8c5ec17232f8e8b41\"},\"headline\":\"Annaba\u00a0: Un centre de l&rsquo;Alg\u00e9rienne des Eaux \u00e0 A\u00efn El Berda\",\"datePublished\":\"2025-10-28T11:24:07+00:00\",\"dateModified\":\"2025-10-28T11:24:08+00:00\",\"mainEntityOfPage\":{\"@id\":\"https:\\\/\\\/lasentinelle.dz\\\/index.php\\\/2025\\\/10\\\/28\\\/annaba-un-centre-de-lalgerienne-des-eaux-a-ain-el-berda\\\/\"},\"wordCount\":683,\"commentCount\":0,\"publisher\":{\"@id\":\"https:\\\/\\\/lasentinelle.dz\\\/#organization\"},\"image\":{\"@id\":\"https:\\\/\\\/lasentinelle.dz\\\/index.php\\\/2025\\\/10\\\/28\\\/annaba-un-centre-de-lalgerienne-des-eaux-a-ain-el-berda\\\/#primaryimage\"},\"thumbnailUrl\":\"https:\\\/\\\/lasentinelle.dz\\\/wp-content\\\/uploads\\\/2022\\\/03\\\/algerienne-des-eaux.png\",\"articleSection\":[\"R\u00e9gions\"],\"inLanguage\":\"fr-FR\",\"potentialAction\":[{\"@type\":\"CommentAction\",\"name\":\"Comment\",\"target\":[\"https:\\\/\\\/lasentinelle.dz\\\/index.php\\\/2025\\\/10\\\/28\\\/annaba-un-centre-de-lalgerienne-des-eaux-a-ain-el-berda\\\/#respond\"]}]},{\"@type\":\"WebPage\",\"@id\":\"https:\\\/\\\/lasentinelle.dz\\\/index.php\\\/2025\\\/10\\\/28\\\/annaba-un-centre-de-lalgerienne-des-eaux-a-ain-el-berda\\\/\",\"url\":\"https:\\\/\\\/lasentinelle.dz\\\/index.php\\\/2025\\\/10\\\/28\\\/annaba-un-centre-de-lalgerienne-des-eaux-a-ain-el-berda\\\/\",\"name\":\"Annaba\u00a0: Un centre de l&rsquo;Alg\u00e9rienne des Eaux \u00e0 A\u00efn El Berda - La Sentinelle\",\"isPartOf\":{\"@id\":\"https:\\\/\\\/lasentinelle.dz\\\/#website\"},\"primaryImageOfPage\":{\"@id\":\"https:\\\/\\\/lasentinelle.dz\\\/index.php\\\/2025\\\/10\\\/28\\\/annaba-un-centre-de-lalgerienne-des-eaux-a-ain-el-berda\\\/#primaryimage\"},\"image\":{\"@id\":\"https:\\\/\\\/lasentinelle.dz\\\/index.php\\\/2025\\\/10\\\/28\\\/annaba-un-centre-de-lalgerienne-des-eaux-a-ain-el-berda\\\/#primaryimage\"},\"thumbnailUrl\":\"https:\\\/\\\/lasentinelle.dz\\\/wp-content\\\/uploads\\\/2022\\\/03\\\/algerienne-des-eaux.png\",\"datePublished\":\"2025-10-28T11:24:07+00:00\",\"dateModified\":\"2025-10-28T11:24:08+00:00\",\"breadcrumb\":{\"@id\":\"https:\\\/\\\/lasentinelle.dz\\\/index.php\\\/2025\\\/10\\\/28\\\/annaba-un-centre-de-lalgerienne-des-eaux-a-ain-el-berda\\\/#breadcrumb\"},\"inLanguage\":\"fr-FR\",\"potentialAction\":[{\"@type\":\"ReadAction\",\"target\":[\"https:\\\/\\\/lasentinelle.dz\\\/index.php\\\/2025\\\/10\\\/28\\\/annaba-un-centre-de-lalgerienne-des-eaux-a-ain-el-berda\\\/\"]}]},{\"@type\":\"ImageObject\",\"inLanguage\":\"fr-FR\",\"@id\":\"https:\\\/\\\/lasentinelle.dz\\\/index.php\\\/2025\\\/10\\\/28\\\/annaba-un-centre-de-lalgerienne-des-eaux-a-ain-el-berda\\\/#primaryimage\",\"url\":\"https:\\\/\\\/lasentinelle.dz\\\/wp-content\\\/uploads\\\/2022\\\/03\\\/algerienne-des-eaux.png\",\"contentUrl\":\"https:\\\/\\\/lasentinelle.dz\\\/wp-content\\\/uploads\\\/2022\\\/03\\\/algerienne-des-eaux.png\",\"width\":1491,\"height\":900},{\"@type\":\"BreadcrumbList\",\"@id\":\"https:\\\/\\\/lasentinelle.dz\\\/index.php\\\/2025\\\/10\\\/28\\\/annaba-un-centre-de-lalgerienne-des-eaux-a-ain-el-berda\\\/#breadcrumb\",\"itemListElement\":[{\"@type\":\"ListItem\",\"position\":1,\"name\":\"Accueil\",\"item\":\"https:\\\/\\\/lasentinelle.dz\\\/\"},{\"@type\":\"ListItem\",\"position\":2,\"name\":\"Annaba\u00a0: Un centre de l&rsquo;Alg\u00e9rienne des Eaux \u00e0 A\u00efn El Berda\"}]},{\"@type\":\"WebSite\",\"@id\":\"https:\\\/\\\/lasentinelle.dz\\\/#website\",\"url\":\"https:\\\/\\\/lasentinelle.dz\\\/\",\"name\":\"La Sentinelle\",\"description\":\"Quotidien national d&#039;information\",\"publisher\":{\"@id\":\"https:\\\/\\\/lasentinelle.dz\\\/#organization\"},\"potentialAction\":[{\"@type\":\"SearchAction\",\"target\":{\"@type\":\"EntryPoint\",\"urlTemplate\":\"https:\\\/\\\/lasentinelle.dz\\\/?s={search_term_string}\"},\"query-input\":{\"@type\":\"PropertyValueSpecification\",\"valueRequired\":true,\"valueName\":\"search_term_string\"}}],\"inLanguage\":\"fr-FR\"},{\"@type\":\"Organization\",\"@id\":\"https:\\\/\\\/lasentinelle.dz\\\/#organization\",\"name\":\"Quotidien La Sentinelle\",\"url\":\"https:\\\/\\\/lasentinelle.dz\\\/\",\"logo\":{\"@type\":\"ImageObject\",\"inLanguage\":\"fr-FR\",\"@id\":\"https:\\\/\\\/lasentinelle.dz\\\/#\\\/schema\\\/logo\\\/image\\\/\",\"url\":\"https:\\\/\\\/lasentinelle.dz\\\/wp-content\\\/uploads\\\/2021\\\/09\\\/logo-sentinelleSLOGAN-1.png\",\"contentUrl\":\"https:\\\/\\\/lasentinelle.dz\\\/wp-content\\\/uploads\\\/2021\\\/09\\\/logo-sentinelleSLOGAN-1.png\",\"width\":615,\"height\":142,\"caption\":\"Quotidien La Sentinelle\"},\"image\":{\"@id\":\"https:\\\/\\\/lasentinelle.dz\\\/#\\\/schema\\\/logo\\\/image\\\/\"},\"sameAs\":[\"https:\\\/\\\/www.facebook.com\\\/La-Sentinelle-104059864394773\"]},{\"@type\":\"Person\",\"@id\":\"https:\\\/\\\/lasentinelle.dz\\\/#\\\/schema\\\/person\\\/729ee0024f24e0b8c5ec17232f8e8b41\",\"name\":\"admin\",\"image\":{\"@type\":\"ImageObject\",\"inLanguage\":\"fr-FR\",\"@id\":\"https:\\\/\\\/secure.gravatar.com\\\/avatar\\\/4c81fed838786e9b53f540bf46533e750f5d292099ae3b66cfc6fb1982e29df7?s=96&d=mm&r=g\",\"url\":\"https:\\\/\\\/secure.gravatar.com\\\/avatar\\\/4c81fed838786e9b53f540bf46533e750f5d292099ae3b66cfc6fb1982e29df7?s=96&d=mm&r=g\",\"contentUrl\":\"https:\\\/\\\/secure.gravatar.com\\\/avatar\\\/4c81fed838786e9b53f540bf46533e750f5d292099ae3b66cfc6fb1982e29df7?s=96&d=mm&r=g\",\"caption\":\"admin\"},\"description\":\"admin\",\"url\":\"https:\\\/\\\/lasentinelle.dz\\\/author\\\/admin\\\/\"}]}<\/script>\n<!-- \/ Yoast SEO plugin. -->","yoast_head_json":{"title":"Annaba\u00a0: Un centre de l&rsquo;Alg\u00e9rienne des Eaux \u00e0 A\u00efn El Berda - La Sentinelle","robots":{"index":"index","follow":"follow","max-snippet":"max-snippet:-1","max-image-preview":"max-image-preview:large","max-video-preview":"max-video-preview:-1"},"canonical":"https:\/\/lasentinelle.dz\/index.php\/2025\/10\/28\/annaba-un-centre-de-lalgerienne-des-eaux-a-ain-el-berda\/","og_locale":"fr_FR","og_type":"article","og_title":"Annaba\u00a0: Un centre de l&rsquo;Alg\u00e9rienne des Eaux \u00e0 A\u00efn El Berda - La Sentinelle","og_description":"Le projet de r\u00e9alisation d\u2019un centre de l\u2019Alg\u00e9rienne des eaux \u00e0 Ain El Berda, en phase d&rsquo;\u00e9tude et de validation","og_url":"https:\/\/lasentinelle.dz\/index.php\/2025\/10\/28\/annaba-un-centre-de-lalgerienne-des-eaux-a-ain-el-berda\/","og_site_name":"La Sentinelle","article_publisher":"https:\/\/www.facebook.com\/La-Sentinelle-104059864394773","article_published_time":"2025-10-28T11:24:07+00:00","article_modified_time":"2025-10-28T11:24:08+00:00","og_image":[{"width":1491,"height":900,"url":"https:\/\/lasentinelle.dz\/wp-content\/uploads\/2022\/03\/algerienne-des-eaux.png","type":"image\/png"}],"author":"admin","twitter_card":"summary_large_image","twitter_misc":{"\u00c9crit par":"admin","Dur\u00e9e de lecture estim\u00e9e":"4 minutes"},"schema":{"@context":"https:\/\/schema.org","@graph":[{"@type":"Article","@id":"https:\/\/lasentinelle.dz\/index.php\/2025\/10\/28\/annaba-un-centre-de-lalgerienne-des-eaux-a-ain-el-berda\/#article","isPartOf":{"@id":"https:\/\/lasentinelle.dz\/index.php\/2025\/10\/28\/annaba-un-centre-de-lalgerienne-des-eaux-a-ain-el-berda\/"},"author":{"name":"admin","@id":"https:\/\/lasentinelle.dz\/#\/schema\/person\/729ee0024f24e0b8c5ec17232f8e8b41"},"headline":"Annaba\u00a0: Un centre de l&rsquo;Alg\u00e9rienne des Eaux \u00e0 A\u00efn El Berda","datePublished":"2025-10-28T11:24:07+00:00","dateModified":"2025-10-28T11:24:08+00:00","mainEntityOfPage":{"@id":"https:\/\/lasentinelle.dz\/index.php\/2025\/10\/28\/annaba-un-centre-de-lalgerienne-des-eaux-a-ain-el-berda\/"},"wordCount":683,"commentCount":0,"publisher":{"@id":"https:\/\/lasentinelle.dz\/#organization"},"image":{"@id":"https:\/\/lasentinelle.dz\/index.php\/2025\/10\/28\/annaba-un-centre-de-lalgerienne-des-eaux-a-ain-el-berda\/#primaryimage"},"thumbnailUrl":"https:\/\/lasentinelle.dz\/wp-content\/uploads\/2022\/03\/algerienne-des-eaux.png","articleSection":["R\u00e9gions"],"inLanguage":"fr-FR","potentialAction":[{"@type":"CommentAction","name":"Comment","target":["https:\/\/lasentinelle.dz\/index.php\/2025\/10\/28\/annaba-un-centre-de-lalgerienne-des-eaux-a-ain-el-berda\/#respond"]}]},{"@type":"WebPage","@id":"https:\/\/lasentinelle.dz\/index.php\/2025\/10\/28\/annaba-un-centre-de-lalgerienne-des-eaux-a-ain-el-berda\/","url":"https:\/\/lasentinelle.dz\/index.php\/2025\/10\/28\/annaba-un-centre-de-lalgerienne-des-eaux-a-ain-el-berda\/","name":"Annaba\u00a0: Un centre de l&rsquo;Alg\u00e9rienne des Eaux \u00e0 A\u00efn El Berda - La Sentinelle","isPartOf":{"@id":"https:\/\/lasentinelle.dz\/#website"},"primaryImageOfPage":{"@id":"https:\/\/lasentinelle.dz\/index.php\/2025\/10\/28\/annaba-un-centre-de-lalgerienne-des-eaux-a-ain-el-berda\/#primaryimage"},"image":{"@id":"https:\/\/lasentinelle.dz\/index.php\/2025\/10\/28\/annaba-un-centre-de-lalgerienne-des-eaux-a-ain-el-berda\/#primaryimage"},"thumbnailUrl":"https:\/\/lasentinelle.dz\/wp-content\/uploads\/2022\/03\/algerienne-des-eaux.png","datePublished":"2025-10-28T11:24:07+00:00","dateModified":"2025-10-28T11:24:08+00:00","breadcrumb":{"@id":"https:\/\/lasentinelle.dz\/index.php\/2025\/10\/28\/annaba-un-centre-de-lalgerienne-des-eaux-a-ain-el-berda\/#breadcrumb"},"inLanguage":"fr-FR","potentialAction":[{"@type":"ReadAction","target":["https:\/\/lasentinelle.dz\/index.php\/2025\/10\/28\/annaba-un-centre-de-lalgerienne-des-eaux-a-ain-el-berda\/"]}]},{"@type":"ImageObject","inLanguage":"fr-FR","@id":"https:\/\/lasentinelle.dz\/index.php\/2025\/10\/28\/annaba-un-centre-de-lalgerienne-des-eaux-a-ain-el-berda\/#primaryimage","url":"https:\/\/lasentinelle.dz\/wp-content\/uploads\/2022\/03\/algerienne-des-eaux.png","contentUrl":"https:\/\/lasentinelle.dz\/wp-content\/uploads\/2022\/03\/algerienne-des-eaux.png","width":1491,"height":900},{"@type":"BreadcrumbList","@id":"https:\/\/lasentinelle.dz\/index.php\/2025\/10\/28\/annaba-un-centre-de-lalgerienne-des-eaux-a-ain-el-berda\/#breadcrumb","itemListElement":[{"@type":"ListItem","position":1,"name":"Accueil","item":"https:\/\/lasentinelle.dz\/"},{"@type":"ListItem","position":2,"name":"Annaba\u00a0: Un centre de l&rsquo;Alg\u00e9rienne des Eaux \u00e0 A\u00efn El Berda"}]},{"@type":"WebSite","@id":"https:\/\/lasentinelle.dz\/#website","url":"https:\/\/lasentinelle.dz\/","name":"La Sentinelle","description":"Quotidien national d&#039;information","publisher":{"@id":"https:\/\/lasentinelle.dz\/#organization"},"potentialAction":[{"@type":"SearchAction","target":{"@type":"EntryPoint","urlTemplate":"https:\/\/lasentinelle.dz\/?s={search_term_string}"},"query-input":{"@type":"PropertyValueSpecification","valueRequired":true,"valueName":"search_term_string"}}],"inLanguage":"fr-FR"},{"@type":"Organization","@id":"https:\/\/lasentinelle.dz\/#organization","name":"Quotidien La Sentinelle","url":"https:\/\/lasentinelle.dz\/","logo":{"@type":"ImageObject","inLanguage":"fr-FR","@id":"https:\/\/lasentinelle.dz\/#\/schema\/logo\/image\/","url":"https:\/\/lasentinelle.dz\/wp-content\/uploads\/2021\/09\/logo-sentinelleSLOGAN-1.png","contentUrl":"https:\/\/lasentinelle.dz\/wp-content\/uploads\/2021\/09\/logo-sentinelleSLOGAN-1.png","width":615,"height":142,"caption":"Quotidien La Sentinelle"},"image":{"@id":"https:\/\/lasentinelle.dz\/#\/schema\/logo\/image\/"},"sameAs":["https:\/\/www.facebook.com\/La-Sentinelle-104059864394773"]},{"@type":"Person","@id":"https:\/\/lasentinelle.dz\/#\/schema\/person\/729ee0024f24e0b8c5ec17232f8e8b41","name":"admin","image":{"@type":"ImageObject","inLanguage":"fr-FR","@id":"https:\/\/secure.gravatar.com\/avatar\/4c81fed838786e9b53f540bf46533e750f5d292099ae3b66cfc6fb1982e29df7?s=96&d=mm&r=g","url":"https:\/\/secure.gravatar.com\/avatar\/4c81fed838786e9b53f540bf46533e750f5d292099ae3b66cfc6fb1982e29df7?s=96&d=mm&r=g","contentUrl":"https:\/\/secure.gravatar.com\/avatar\/4c81fed838786e9b53f540bf46533e750f5d292099ae3b66cfc6fb1982e29df7?s=96&d=mm&r=g","caption":"admin"},"description":"admin","url":"https:\/\/lasentinelle.dz\/author\/admin\/"}]}},"_links":{"self":[{"href":"https:\/\/lasentinelle.dz\/index.php\/wp-json\/wp\/v2\/posts\/75389","targetHints":{"allow":["GET"]}}],"collection":[{"href":"https:\/\/lasentinelle.dz\/index.php\/wp-json\/wp\/v2\/posts"}],"about":[{"href":"https:\/\/lasentinelle.dz\/index.php\/wp-json\/wp\/v2\/types\/post"}],"author":[{"embeddable":true,"href":"https:\/\/lasentinelle.dz\/index.php\/wp-json\/wp\/v2\/users\/6"}],"replies":[{"embeddable":true,"href":"https:\/\/lasentinelle.dz\/index.php\/wp-json\/wp\/v2\/comments?post=75389"}],"version-history":[{"count":2,"href":"https:\/\/lasentinelle.dz\/index.php\/wp-json\/wp\/v2\/posts\/75389\/revisions"}],"predecessor-version":[{"id":75391,"href":"https:\/\/lasentinelle.dz\/index.php\/wp-json\/wp\/v2\/posts\/75389\/revisions\/75391"}],"wp:featuredmedia":[{"embeddable":true,"href":"https:\/\/lasentinelle.dz\/index.php\/wp-json\/wp\/v2\/media\/17881"}],"wp:attachment":[{"href":"https:\/\/lasentinelle.dz\/index.php\/wp-json\/wp\/v2\/media?parent=75389"}],"wp:term":[{"taxonomy":"category","embeddable":true,"href":"https:\/\/lasentinelle.dz\/index.php\/wp-json\/wp\/v2\/categories?post=75389"},{"taxonomy":"post_tag","embeddable":true,"href":"https:\/\/lasentinelle.dz\/index.php\/wp-json\/wp\/v2\/tags?post=75389"}],"curies":[{"name":"wp","href":"https:\/\/api.w.org\/{rel}","templated":true}]}}