{"id":75392,"date":"2025-10-28T12:24:50","date_gmt":"2025-10-28T11:24:50","guid":{"rendered":"https:\/\/lasentinelle.dz\/?p=75392"},"modified":"2025-10-28T12:24:51","modified_gmt":"2025-10-28T11:24:51","slug":"annaba-la-gestion-des-communes-sous-enquete","status":"publish","type":"post","link":"https:\/\/lasentinelle.dz\/index.php\/2025\/10\/28\/annaba-la-gestion-des-communes-sous-enquete\/","title":{"rendered":"Annaba\u00a0: La gestion des communes sous enqu\u00eate\u00a0!"},"content":{"rendered":"\n<p>La gestion des douze APC de la wilaya durant le mandat 2021-2025 sera bient\u00f4t d\u00e9crypt\u00e9e \u00e0 travers des enqu\u00eates approfondies.<\/p>\n\n\n\n<p>Cette d\u00e9cision \u00e9manant des pouvoirs publics, qui a sem\u00e9 la tourmente au sein des \u00e9lus, semble faire suite aux nombreuses d\u00e9nonciations de citoyens. C&rsquo;est en tout cas ce qu&rsquo;a r\u00e9v\u00e9l\u00e9 une source s\u00e9curitaire proche du dossier. Selon cette derni\u00e8re, les enqu\u00eates seront men\u00e9es avant la fin de l&rsquo;ann\u00e9e en cours, conjointement par les services de police et les brigades de la Gendarmerie nationale, \u00e0 la demande du gouvernement, apr\u00e8s les nombreuses d\u00e9nonciations des citoyens qui ont, nous dit-on, adress\u00e9 des correspondances au premier responsable de la wilaya, \u00e0 la justice, aux services de s\u00e9curit\u00e9 et \u00e0 de hauts responsables du pays, en y joignant pr\u00e9cisions et preuves \u00e0 l&rsquo;appui. Selon les m\u00eames sources, outre des \u00e9lus et des gestionnaires, plusieurs autres personnes seraient cit\u00e9es dans ces affaires, dont notamment des entrepreneurs et des industriels. Ces derniers, et selon les explications apport\u00e9es par nos sources, ayant travaill\u00e9 sur des projets de d\u00e9veloppement et d&rsquo;am\u00e9nagement, seront \u00e9galement concern\u00e9s par ces enqu\u00eates.<\/p>\n\n\n\n<p>Selon certaines indications se rapportant \u00e0 la gestion qui a caract\u00e9ris\u00e9 la mandature de certaines APC de 2021 \u00e0 2025, celle-ci a longtemps fait l&rsquo;objet de contestations et de d\u00e9nonciations citoyennes. C&rsquo;est dire que si les investigations qui seront engag\u00e9es prochainement par les services de s\u00e9curit\u00e9 placent plusieurs \u00e9lus dans de mauvaises postures, elles risquent d&rsquo;entra\u00eener des poursuites judiciaires et m\u00eame des incarc\u00e9rations.<\/p>\n\n\n\n<p>Les communes les plus expos\u00e9es \u00e0 cette tourmente sont celles de Berrahal, El Hadjar, El Bouni et Sidi-Amar o\u00f9, dans les coulisses, les langues ont, depuis quelque temps, commenc\u00e9 \u00e0 se d\u00e9lier. Selon certaines indiscr\u00e9tions circulant dans les coulisses de ces APC, il serait question d&rsquo;attributions de march\u00e9s de gr\u00e9 \u00e0 gr\u00e9, de d\u00e9tournements de fonds publics et de passe-droits. Au-del\u00e0, c&rsquo;est aussi la gestion de ces assembl\u00e9es populaires communales o\u00f9 le d\u00e9veloppement n&rsquo;a pas amorc\u00e9 \u00e0 ce jour l&rsquo;\u00e9lan escompt\u00e9, tant par les autorit\u00e9s locales que par les pouvoirs publics, qui motive cette d\u00e9cision. Surtout que, convient-il de noter, l&rsquo;\u00c9tat n&rsquo;a pas l\u00e9sin\u00e9 sur les moyens financiers pour booster le d\u00e9veloppement dans la wilaya d&rsquo;Annaba et procurer les meilleures conditions de vie aux citoyens des communes et de toutes les localit\u00e9s qui en d\u00e9pendent. Or, au constat, la situation, notamment dans les communes d&rsquo;El Bouni et Berrahal ainsi qu&rsquo;\u00e0 El Hadjar, la l\u00e9thargie r\u00e8gne. Il faut dire que le cas est tout \u00e0 fait similaire pour l&rsquo;ensemble des communes de la wilaya.<\/p>\n\n\n\n<p>Le d\u00e9poussi\u00e9rage de certains dossiers sensibles, ceux relatifs entre autres \u00e0 l&rsquo;attribution de bons de commande et \u00e0 l&rsquo;achat d&rsquo;\u00e9quipements, permettra de mettre \u00e0 nu, nous dit-on, de grosses affaires. Sans oublier de citer au cas par cas ces agissements qui, selon les m\u00eames sources, ont profit\u00e9 \u00e0 certains \u00e9lus et \u00e0 leur entourage qui, nous a-t-on r\u00e9v\u00e9l\u00e9, ont outrageusement b\u00e9n\u00e9fici\u00e9 d&rsquo;attributions de projets, notamment dans le domaine des travaux d&rsquo;am\u00e9nagement, en dehors de toute l\u00e9galit\u00e9.<\/p>\n\n\n\n<p>Pour rappel, plusieurs P\/APC, \u00e9lus et secr\u00e9taires g\u00e9n\u00e9raux ainsi que des chefs de secteur des communes d&rsquo;Annaba ont d\u00e9j\u00e0 fait l&rsquo;objet de poursuites judiciaires et ont \u00e9t\u00e9 condamn\u00e9s ces derni\u00e8res ann\u00e9es pour mauvaise gestion, d\u00e9tournement et dilapidation de deniers publics.<\/p>\n\n\n\n<p><strong>Sofia Chahine<\/strong><\/p>\n","protected":false},"excerpt":{"rendered":"<p>La gestion des douze APC de la wilaya durant le mandat 2021-2025 sera bient\u00f4t d\u00e9crypt\u00e9e \u00e0 travers des enqu\u00eates approfondies.<\/p>\n","protected":false},"author":6,"featured_media":39029,"comment_status":"open","ping_status":"closed","sticky":false,"template":"","format":"standard","meta":{"colormag_page_container_layout":"default_layout","colormag_page_sidebar_layout":"default_layout","om_disable_all_campaigns":false,"_monsterinsights_skip_tracking":false,"_monsterinsights_sitenote_active":false,"_monsterinsights_sitenote_note":"","_monsterinsights_sitenote_category":0,"footnotes":"","_wpscppro_dont_share_socialmedia":false,"_wpscppro_custom_social_share_image":0,"_facebook_share_type":"default","_twitter_share_type":"default","_linkedin_share_type":"default","_pinterest_share_type":"default","_linkedin_share_type_page":"","_instagram_share_type":"default","_medium_share_type":"default","_threads_share_type":"default","_google_business_share_type":"default","_selected_social_profile":[],"_wpsp_enable_custom_social_template":false,"_wpsp_social_scheduling":{"enabled":false,"datetime":null,"platforms":[],"status":"template_only","dateOption":"today","timeOption":"now","customDays":"","customHours":"","customDate":"","customTime":"","schedulingType":"absolute"},"_wpsp_active_default_template":true},"categories":[31],"tags":[],"class_list":["post-75392","post","type-post","status-publish","format-standard","has-post-thumbnail","hentry","category-regions"],"aioseo_notices":[],"yoast_head":"<!-- This site is optimized with the Yoast SEO plugin v27.5 - https:\/\/yoast.com\/product\/yoast-seo-wordpress\/ -->\n<title>Annaba\u00a0: La gestion des communes sous enqu\u00eate\u00a0! - La Sentinelle<\/title>\n<meta name=\"robots\" content=\"index, follow, max-snippet:-1, max-image-preview:large, max-video-preview:-1\" \/>\n<link rel=\"canonical\" href=\"https:\/\/lasentinelle.dz\/index.php\/2025\/10\/28\/annaba-la-gestion-des-communes-sous-enquete\/\" \/>\n<meta property=\"og:locale\" content=\"fr_FR\" \/>\n<meta property=\"og:type\" content=\"article\" \/>\n<meta property=\"og:title\" content=\"Annaba\u00a0: La gestion des communes sous enqu\u00eate\u00a0! - La Sentinelle\" \/>\n<meta property=\"og:description\" content=\"La gestion des douze APC de la wilaya durant le mandat 2021-2025 sera bient\u00f4t d\u00e9crypt\u00e9e \u00e0 travers des enqu\u00eates approfondies.\" \/>\n<meta property=\"og:url\" content=\"https:\/\/lasentinelle.dz\/index.php\/2025\/10\/28\/annaba-la-gestion-des-communes-sous-enquete\/\" \/>\n<meta property=\"og:site_name\" content=\"La Sentinelle\" \/>\n<meta property=\"article:publisher\" content=\"https:\/\/www.facebook.com\/La-Sentinelle-104059864394773\" \/>\n<meta property=\"article:published_time\" content=\"2025-10-28T11:24:50+00:00\" \/>\n<meta property=\"article:modified_time\" content=\"2025-10-28T11:24:51+00:00\" \/>\n<meta property=\"og:image\" content=\"https:\/\/lasentinelle.dz\/wp-content\/uploads\/2023\/04\/APC.png\" \/>\n\t<meta property=\"og:image:width\" content=\"1595\" \/>\n\t<meta property=\"og:image:height\" content=\"900\" \/>\n\t<meta property=\"og:image:type\" content=\"image\/png\" \/>\n<meta name=\"author\" content=\"admin\" \/>\n<meta name=\"twitter:card\" content=\"summary_large_image\" \/>\n<meta name=\"twitter:label1\" content=\"\u00c9crit par\" \/>\n\t<meta name=\"twitter:data1\" content=\"admin\" \/>\n\t<meta name=\"twitter:label2\" content=\"Dur\u00e9e de lecture estim\u00e9e\" \/>\n\t<meta name=\"twitter:data2\" content=\"3 minutes\" \/>\n<script type=\"application\/ld+json\" class=\"yoast-schema-graph\">{\"@context\":\"https:\\\/\\\/schema.org\",\"@graph\":[{\"@type\":\"Article\",\"@id\":\"https:\\\/\\\/lasentinelle.dz\\\/index.php\\\/2025\\\/10\\\/28\\\/annaba-la-gestion-des-communes-sous-enquete\\\/#article\",\"isPartOf\":{\"@id\":\"https:\\\/\\\/lasentinelle.dz\\\/index.php\\\/2025\\\/10\\\/28\\\/annaba-la-gestion-des-communes-sous-enquete\\\/\"},\"author\":{\"name\":\"admin\",\"@id\":\"https:\\\/\\\/lasentinelle.dz\\\/#\\\/schema\\\/person\\\/729ee0024f24e0b8c5ec17232f8e8b41\"},\"headline\":\"Annaba\u00a0: La gestion des communes sous enqu\u00eate\u00a0!\",\"datePublished\":\"2025-10-28T11:24:50+00:00\",\"dateModified\":\"2025-10-28T11:24:51+00:00\",\"mainEntityOfPage\":{\"@id\":\"https:\\\/\\\/lasentinelle.dz\\\/index.php\\\/2025\\\/10\\\/28\\\/annaba-la-gestion-des-communes-sous-enquete\\\/\"},\"wordCount\":610,\"commentCount\":0,\"publisher\":{\"@id\":\"https:\\\/\\\/lasentinelle.dz\\\/#organization\"},\"image\":{\"@id\":\"https:\\\/\\\/lasentinelle.dz\\\/index.php\\\/2025\\\/10\\\/28\\\/annaba-la-gestion-des-communes-sous-enquete\\\/#primaryimage\"},\"thumbnailUrl\":\"https:\\\/\\\/lasentinelle.dz\\\/wp-content\\\/uploads\\\/2023\\\/04\\\/APC.png\",\"articleSection\":[\"R\u00e9gions\"],\"inLanguage\":\"fr-FR\",\"potentialAction\":[{\"@type\":\"CommentAction\",\"name\":\"Comment\",\"target\":[\"https:\\\/\\\/lasentinelle.dz\\\/index.php\\\/2025\\\/10\\\/28\\\/annaba-la-gestion-des-communes-sous-enquete\\\/#respond\"]}]},{\"@type\":\"WebPage\",\"@id\":\"https:\\\/\\\/lasentinelle.dz\\\/index.php\\\/2025\\\/10\\\/28\\\/annaba-la-gestion-des-communes-sous-enquete\\\/\",\"url\":\"https:\\\/\\\/lasentinelle.dz\\\/index.php\\\/2025\\\/10\\\/28\\\/annaba-la-gestion-des-communes-sous-enquete\\\/\",\"name\":\"Annaba\u00a0: La gestion des communes sous enqu\u00eate\u00a0! - La Sentinelle\",\"isPartOf\":{\"@id\":\"https:\\\/\\\/lasentinelle.dz\\\/#website\"},\"primaryImageOfPage\":{\"@id\":\"https:\\\/\\\/lasentinelle.dz\\\/index.php\\\/2025\\\/10\\\/28\\\/annaba-la-gestion-des-communes-sous-enquete\\\/#primaryimage\"},\"image\":{\"@id\":\"https:\\\/\\\/lasentinelle.dz\\\/index.php\\\/2025\\\/10\\\/28\\\/annaba-la-gestion-des-communes-sous-enquete\\\/#primaryimage\"},\"thumbnailUrl\":\"https:\\\/\\\/lasentinelle.dz\\\/wp-content\\\/uploads\\\/2023\\\/04\\\/APC.png\",\"datePublished\":\"2025-10-28T11:24:50+00:00\",\"dateModified\":\"2025-10-28T11:24:51+00:00\",\"breadcrumb\":{\"@id\":\"https:\\\/\\\/lasentinelle.dz\\\/index.php\\\/2025\\\/10\\\/28\\\/annaba-la-gestion-des-communes-sous-enquete\\\/#breadcrumb\"},\"inLanguage\":\"fr-FR\",\"potentialAction\":[{\"@type\":\"ReadAction\",\"target\":[\"https:\\\/\\\/lasentinelle.dz\\\/index.php\\\/2025\\\/10\\\/28\\\/annaba-la-gestion-des-communes-sous-enquete\\\/\"]}]},{\"@type\":\"ImageObject\",\"inLanguage\":\"fr-FR\",\"@id\":\"https:\\\/\\\/lasentinelle.dz\\\/index.php\\\/2025\\\/10\\\/28\\\/annaba-la-gestion-des-communes-sous-enquete\\\/#primaryimage\",\"url\":\"https:\\\/\\\/lasentinelle.dz\\\/wp-content\\\/uploads\\\/2023\\\/04\\\/APC.png\",\"contentUrl\":\"https:\\\/\\\/lasentinelle.dz\\\/wp-content\\\/uploads\\\/2023\\\/04\\\/APC.png\",\"width\":1595,\"height\":900},{\"@type\":\"BreadcrumbList\",\"@id\":\"https:\\\/\\\/lasentinelle.dz\\\/index.php\\\/2025\\\/10\\\/28\\\/annaba-la-gestion-des-communes-sous-enquete\\\/#breadcrumb\",\"itemListElement\":[{\"@type\":\"ListItem\",\"position\":1,\"name\":\"Accueil\",\"item\":\"https:\\\/\\\/lasentinelle.dz\\\/\"},{\"@type\":\"ListItem\",\"position\":2,\"name\":\"Annaba\u00a0: La gestion des communes sous enqu\u00eate\u00a0!\"}]},{\"@type\":\"WebSite\",\"@id\":\"https:\\\/\\\/lasentinelle.dz\\\/#website\",\"url\":\"https:\\\/\\\/lasentinelle.dz\\\/\",\"name\":\"La Sentinelle\",\"description\":\"Quotidien national d&#039;information\",\"publisher\":{\"@id\":\"https:\\\/\\\/lasentinelle.dz\\\/#organization\"},\"potentialAction\":[{\"@type\":\"SearchAction\",\"target\":{\"@type\":\"EntryPoint\",\"urlTemplate\":\"https:\\\/\\\/lasentinelle.dz\\\/?s={search_term_string}\"},\"query-input\":{\"@type\":\"PropertyValueSpecification\",\"valueRequired\":true,\"valueName\":\"search_term_string\"}}],\"inLanguage\":\"fr-FR\"},{\"@type\":\"Organization\",\"@id\":\"https:\\\/\\\/lasentinelle.dz\\\/#organization\",\"name\":\"Quotidien La Sentinelle\",\"url\":\"https:\\\/\\\/lasentinelle.dz\\\/\",\"logo\":{\"@type\":\"ImageObject\",\"inLanguage\":\"fr-FR\",\"@id\":\"https:\\\/\\\/lasentinelle.dz\\\/#\\\/schema\\\/logo\\\/image\\\/\",\"url\":\"https:\\\/\\\/lasentinelle.dz\\\/wp-content\\\/uploads\\\/2021\\\/09\\\/logo-sentinelleSLOGAN-1.png\",\"contentUrl\":\"https:\\\/\\\/lasentinelle.dz\\\/wp-content\\\/uploads\\\/2021\\\/09\\\/logo-sentinelleSLOGAN-1.png\",\"width\":615,\"height\":142,\"caption\":\"Quotidien La Sentinelle\"},\"image\":{\"@id\":\"https:\\\/\\\/lasentinelle.dz\\\/#\\\/schema\\\/logo\\\/image\\\/\"},\"sameAs\":[\"https:\\\/\\\/www.facebook.com\\\/La-Sentinelle-104059864394773\"]},{\"@type\":\"Person\",\"@id\":\"https:\\\/\\\/lasentinelle.dz\\\/#\\\/schema\\\/person\\\/729ee0024f24e0b8c5ec17232f8e8b41\",\"name\":\"admin\",\"image\":{\"@type\":\"ImageObject\",\"inLanguage\":\"fr-FR\",\"@id\":\"https:\\\/\\\/secure.gravatar.com\\\/avatar\\\/4c81fed838786e9b53f540bf46533e750f5d292099ae3b66cfc6fb1982e29df7?s=96&d=mm&r=g\",\"url\":\"https:\\\/\\\/secure.gravatar.com\\\/avatar\\\/4c81fed838786e9b53f540bf46533e750f5d292099ae3b66cfc6fb1982e29df7?s=96&d=mm&r=g\",\"contentUrl\":\"https:\\\/\\\/secure.gravatar.com\\\/avatar\\\/4c81fed838786e9b53f540bf46533e750f5d292099ae3b66cfc6fb1982e29df7?s=96&d=mm&r=g\",\"caption\":\"admin\"},\"description\":\"admin\",\"url\":\"https:\\\/\\\/lasentinelle.dz\\\/author\\\/admin\\\/\"}]}<\/script>\n<!-- \/ Yoast SEO plugin. -->","yoast_head_json":{"title":"Annaba\u00a0: La gestion des communes sous enqu\u00eate\u00a0! - La Sentinelle","robots":{"index":"index","follow":"follow","max-snippet":"max-snippet:-1","max-image-preview":"max-image-preview:large","max-video-preview":"max-video-preview:-1"},"canonical":"https:\/\/lasentinelle.dz\/index.php\/2025\/10\/28\/annaba-la-gestion-des-communes-sous-enquete\/","og_locale":"fr_FR","og_type":"article","og_title":"Annaba\u00a0: La gestion des communes sous enqu\u00eate\u00a0! - La Sentinelle","og_description":"La gestion des douze APC de la wilaya durant le mandat 2021-2025 sera bient\u00f4t d\u00e9crypt\u00e9e \u00e0 travers des enqu\u00eates approfondies.","og_url":"https:\/\/lasentinelle.dz\/index.php\/2025\/10\/28\/annaba-la-gestion-des-communes-sous-enquete\/","og_site_name":"La Sentinelle","article_publisher":"https:\/\/www.facebook.com\/La-Sentinelle-104059864394773","article_published_time":"2025-10-28T11:24:50+00:00","article_modified_time":"2025-10-28T11:24:51+00:00","og_image":[{"width":1595,"height":900,"url":"https:\/\/lasentinelle.dz\/wp-content\/uploads\/2023\/04\/APC.png","type":"image\/png"}],"author":"admin","twitter_card":"summary_large_image","twitter_misc":{"\u00c9crit par":"admin","Dur\u00e9e de lecture estim\u00e9e":"3 minutes"},"schema":{"@context":"https:\/\/schema.org","@graph":[{"@type":"Article","@id":"https:\/\/lasentinelle.dz\/index.php\/2025\/10\/28\/annaba-la-gestion-des-communes-sous-enquete\/#article","isPartOf":{"@id":"https:\/\/lasentinelle.dz\/index.php\/2025\/10\/28\/annaba-la-gestion-des-communes-sous-enquete\/"},"author":{"name":"admin","@id":"https:\/\/lasentinelle.dz\/#\/schema\/person\/729ee0024f24e0b8c5ec17232f8e8b41"},"headline":"Annaba\u00a0: La gestion des communes sous enqu\u00eate\u00a0!","datePublished":"2025-10-28T11:24:50+00:00","dateModified":"2025-10-28T11:24:51+00:00","mainEntityOfPage":{"@id":"https:\/\/lasentinelle.dz\/index.php\/2025\/10\/28\/annaba-la-gestion-des-communes-sous-enquete\/"},"wordCount":610,"commentCount":0,"publisher":{"@id":"https:\/\/lasentinelle.dz\/#organization"},"image":{"@id":"https:\/\/lasentinelle.dz\/index.php\/2025\/10\/28\/annaba-la-gestion-des-communes-sous-enquete\/#primaryimage"},"thumbnailUrl":"https:\/\/lasentinelle.dz\/wp-content\/uploads\/2023\/04\/APC.png","articleSection":["R\u00e9gions"],"inLanguage":"fr-FR","potentialAction":[{"@type":"CommentAction","name":"Comment","target":["https:\/\/lasentinelle.dz\/index.php\/2025\/10\/28\/annaba-la-gestion-des-communes-sous-enquete\/#respond"]}]},{"@type":"WebPage","@id":"https:\/\/lasentinelle.dz\/index.php\/2025\/10\/28\/annaba-la-gestion-des-communes-sous-enquete\/","url":"https:\/\/lasentinelle.dz\/index.php\/2025\/10\/28\/annaba-la-gestion-des-communes-sous-enquete\/","name":"Annaba\u00a0: La gestion des communes sous enqu\u00eate\u00a0! - La Sentinelle","isPartOf":{"@id":"https:\/\/lasentinelle.dz\/#website"},"primaryImageOfPage":{"@id":"https:\/\/lasentinelle.dz\/index.php\/2025\/10\/28\/annaba-la-gestion-des-communes-sous-enquete\/#primaryimage"},"image":{"@id":"https:\/\/lasentinelle.dz\/index.php\/2025\/10\/28\/annaba-la-gestion-des-communes-sous-enquete\/#primaryimage"},"thumbnailUrl":"https:\/\/lasentinelle.dz\/wp-content\/uploads\/2023\/04\/APC.png","datePublished":"2025-10-28T11:24:50+00:00","dateModified":"2025-10-28T11:24:51+00:00","breadcrumb":{"@id":"https:\/\/lasentinelle.dz\/index.php\/2025\/10\/28\/annaba-la-gestion-des-communes-sous-enquete\/#breadcrumb"},"inLanguage":"fr-FR","potentialAction":[{"@type":"ReadAction","target":["https:\/\/lasentinelle.dz\/index.php\/2025\/10\/28\/annaba-la-gestion-des-communes-sous-enquete\/"]}]},{"@type":"ImageObject","inLanguage":"fr-FR","@id":"https:\/\/lasentinelle.dz\/index.php\/2025\/10\/28\/annaba-la-gestion-des-communes-sous-enquete\/#primaryimage","url":"https:\/\/lasentinelle.dz\/wp-content\/uploads\/2023\/04\/APC.png","contentUrl":"https:\/\/lasentinelle.dz\/wp-content\/uploads\/2023\/04\/APC.png","width":1595,"height":900},{"@type":"BreadcrumbList","@id":"https:\/\/lasentinelle.dz\/index.php\/2025\/10\/28\/annaba-la-gestion-des-communes-sous-enquete\/#breadcrumb","itemListElement":[{"@type":"ListItem","position":1,"name":"Accueil","item":"https:\/\/lasentinelle.dz\/"},{"@type":"ListItem","position":2,"name":"Annaba\u00a0: La gestion des communes sous enqu\u00eate\u00a0!"}]},{"@type":"WebSite","@id":"https:\/\/lasentinelle.dz\/#website","url":"https:\/\/lasentinelle.dz\/","name":"La Sentinelle","description":"Quotidien national d&#039;information","publisher":{"@id":"https:\/\/lasentinelle.dz\/#organization"},"potentialAction":[{"@type":"SearchAction","target":{"@type":"EntryPoint","urlTemplate":"https:\/\/lasentinelle.dz\/?s={search_term_string}"},"query-input":{"@type":"PropertyValueSpecification","valueRequired":true,"valueName":"search_term_string"}}],"inLanguage":"fr-FR"},{"@type":"Organization","@id":"https:\/\/lasentinelle.dz\/#organization","name":"Quotidien La Sentinelle","url":"https:\/\/lasentinelle.dz\/","logo":{"@type":"ImageObject","inLanguage":"fr-FR","@id":"https:\/\/lasentinelle.dz\/#\/schema\/logo\/image\/","url":"https:\/\/lasentinelle.dz\/wp-content\/uploads\/2021\/09\/logo-sentinelleSLOGAN-1.png","contentUrl":"https:\/\/lasentinelle.dz\/wp-content\/uploads\/2021\/09\/logo-sentinelleSLOGAN-1.png","width":615,"height":142,"caption":"Quotidien La Sentinelle"},"image":{"@id":"https:\/\/lasentinelle.dz\/#\/schema\/logo\/image\/"},"sameAs":["https:\/\/www.facebook.com\/La-Sentinelle-104059864394773"]},{"@type":"Person","@id":"https:\/\/lasentinelle.dz\/#\/schema\/person\/729ee0024f24e0b8c5ec17232f8e8b41","name":"admin","image":{"@type":"ImageObject","inLanguage":"fr-FR","@id":"https:\/\/secure.gravatar.com\/avatar\/4c81fed838786e9b53f540bf46533e750f5d292099ae3b66cfc6fb1982e29df7?s=96&d=mm&r=g","url":"https:\/\/secure.gravatar.com\/avatar\/4c81fed838786e9b53f540bf46533e750f5d292099ae3b66cfc6fb1982e29df7?s=96&d=mm&r=g","contentUrl":"https:\/\/secure.gravatar.com\/avatar\/4c81fed838786e9b53f540bf46533e750f5d292099ae3b66cfc6fb1982e29df7?s=96&d=mm&r=g","caption":"admin"},"description":"admin","url":"https:\/\/lasentinelle.dz\/author\/admin\/"}]}},"_links":{"self":[{"href":"https:\/\/lasentinelle.dz\/index.php\/wp-json\/wp\/v2\/posts\/75392","targetHints":{"allow":["GET"]}}],"collection":[{"href":"https:\/\/lasentinelle.dz\/index.php\/wp-json\/wp\/v2\/posts"}],"about":[{"href":"https:\/\/lasentinelle.dz\/index.php\/wp-json\/wp\/v2\/types\/post"}],"author":[{"embeddable":true,"href":"https:\/\/lasentinelle.dz\/index.php\/wp-json\/wp\/v2\/users\/6"}],"replies":[{"embeddable":true,"href":"https:\/\/lasentinelle.dz\/index.php\/wp-json\/wp\/v2\/comments?post=75392"}],"version-history":[{"count":1,"href":"https:\/\/lasentinelle.dz\/index.php\/wp-json\/wp\/v2\/posts\/75392\/revisions"}],"predecessor-version":[{"id":75393,"href":"https:\/\/lasentinelle.dz\/index.php\/wp-json\/wp\/v2\/posts\/75392\/revisions\/75393"}],"wp:featuredmedia":[{"embeddable":true,"href":"https:\/\/lasentinelle.dz\/index.php\/wp-json\/wp\/v2\/media\/39029"}],"wp:attachment":[{"href":"https:\/\/lasentinelle.dz\/index.php\/wp-json\/wp\/v2\/media?parent=75392"}],"wp:term":[{"taxonomy":"category","embeddable":true,"href":"https:\/\/lasentinelle.dz\/index.php\/wp-json\/wp\/v2\/categories?post=75392"},{"taxonomy":"post_tag","embeddable":true,"href":"https:\/\/lasentinelle.dz\/index.php\/wp-json\/wp\/v2\/tags?post=75392"}],"curies":[{"name":"wp","href":"https:\/\/api.w.org\/{rel}","templated":true}]}}