{"id":75398,"date":"2025-10-28T12:28:09","date_gmt":"2025-10-28T11:28:09","guid":{"rendered":"https:\/\/lasentinelle.dz\/?p=75398"},"modified":"2025-10-28T12:28:10","modified_gmt":"2025-10-28T11:28:10","slug":"projet-de-loi-de-finances-2026-de-nouvelles-regles-pour-le-foncier-economique","status":"publish","type":"post","link":"https:\/\/lasentinelle.dz\/index.php\/2025\/10\/28\/projet-de-loi-de-finances-2026-de-nouvelles-regles-pour-le-foncier-economique\/","title":{"rendered":"Projet de loi de finances 2026\u00a0: De nouvelles r\u00e8gles pour le foncier \u00e9conomique"},"content":{"rendered":"\n<p>La Commission des finances et du budget de l&rsquo;Assembl\u00e9e populaire nationale (APN) a auditionn\u00e9 dimanche le Directeur g\u00e9n\u00e9ral du Domaine national, Abderrahmane Kheddi, sur les mesures du projet de loi de finances 2026 visant \u00e0 valoriser les ressources fonci\u00e8res publiques, encourager l&rsquo;investissement et rationaliser l&rsquo;exploitation du patrimoine immobilier de l&rsquo;\u00c9tat. Ces dispositions introduisent notamment de nouvelles redevances et r\u00e9organisent l&rsquo;attribution du foncier \u00e9conomique. Lors de cette s\u00e9ance de travail pr\u00e9sid\u00e9e par Mohamed Ben Hachem, pr\u00e9sident de la Commission, le responsable du Domaine national a d\u00e9taill\u00e9 les innovations majeures contenues dans le PLF 2026 concernant la gestion du patrimoine foncier public. Abderrahmane Kheddi a notamment pr\u00e9sent\u00e9 les nouvelles dispositions relatives \u00e0 la cr\u00e9ation de redevances et les r\u00e8glements encadrant les conditions d&rsquo;octroi des terrains relevant du domaine priv\u00e9 de l&rsquo;\u00c9tat destin\u00e9s \u00e0 la r\u00e9alisation de projets, ainsi que les avantages li\u00e9s \u00e0 l&rsquo;exploitation touristique des plages, indique un communiqu\u00e9 de la chambre basse du Parlement. Parmi les mesures phares figurent l&rsquo;institution de redevances sur l&rsquo;exploitation des ressources hydriques strat\u00e9giques. Le Directeur g\u00e9n\u00e9ral a pr\u00e9cis\u00e9 que des redevances ont \u00e9t\u00e9 cr\u00e9\u00e9es pour l&rsquo;octroi de concessions permettant l&rsquo;utilisation des ressources en eau issues des nappes fossiles ou \u00e0 renouvellement lent, dont les recettes seront r\u00e9parties entre le budget de l&rsquo;\u00c9tat et l&rsquo;Agence nationale des ressources hydriques. Cette disposition vise \u00e0 pr\u00e9server ces ressources non renouvelables tout en g\u00e9n\u00e9rant des revenus pour leur gestion durable. Le PLF 2026 r\u00e9organise \u00e9galement le partage des revenus issus de l&rsquo;exploitation touristique du littoral. Le texte pr\u00e9voit d\u00e9sormais l&rsquo;affectation de 50% des recettes issues des concessions d&rsquo;exploitation touristique des plages au budget de l&rsquo;\u00c9tat, et 50% aux budgets des communes c\u00f4ti\u00e8res concern\u00e9es, chacune selon sa comp\u00e9tence territoriale, \u00ab\u00a0afin de garantir une r\u00e9partition \u00e9quitable des ressources et de valoriser le patrimoine de l&rsquo;\u00c9tat\u00a0\u00bb, selon le communiqu\u00e9. Cette mesure devrait permettre aux collectivit\u00e9s locales du littoral de b\u00e9n\u00e9ficier directement des retomb\u00e9es \u00e9conomiques du tourisme baln\u00e9aire.<\/p>\n\n\n\n<p><strong>Ce qui change pour les promotions immobili\u00e8res<\/strong><\/p>\n\n\n\n<p>Sur le plan de l&rsquo;attribution du foncier public, le projet de loi introduit des modifications substantielles dans les proc\u00e9dures. De nouvelles dispositions d\u00e9signent l&rsquo;Agence nationale du foncier urbain en tant qu&rsquo;\u00e9tablissement habilit\u00e9 \u00e0 octroyer les terrains relevant du domaine priv\u00e9 de l&rsquo;\u00c9tat destin\u00e9s \u00e0 la r\u00e9alisation de projets de promotion immobili\u00e8re \u00e0 caract\u00e8re commercial, apr\u00e8s la r\u00e9alisation du projet et l&rsquo;obtention du certificat de conformit\u00e9. Par ailleurs, le PLF 2026 confie l&rsquo;octroi du foncier \u00e9conomique relevant du domaine priv\u00e9 de l&rsquo;\u00c9tat dans les micro-zones d&rsquo;activit\u00e9s au wali territorialement comp\u00e9tent, en fixant les modalit\u00e9s d&rsquo;application par voie r\u00e9glementaire. Commentant ces nouvelles orientations, Abderrahmane Kheddi a soulign\u00e9 que ces mesures s&rsquo;inscrivent dans le cadre de \u00ab\u00a0l&rsquo;am\u00e9lioration de la gestion du domaine national, et de la valorisation des ressources fonci\u00e8res et \u00e9conomiques de l&rsquo;\u00c9tat, en phase avec les transformations \u00e9conomiques actuelles, et la politique de l&rsquo;\u00c9tat visant \u00e0 stimuler l&rsquo;investissement, et \u00e0 rationaliser l&rsquo;exploitation du foncier public\u00a0\u00bb. Ces r\u00e9formes traduisent la volont\u00e9 des pouvoirs publics de moderniser la gestion du patrimoine foncier national et d&rsquo;en faire un levier de d\u00e9veloppement \u00e9conomique.<\/p>\n\n\n\n<p>Sabrina Aziouez<\/p>\n","protected":false},"excerpt":{"rendered":"<p>La Commission des finances et du budget de l&rsquo;Assembl\u00e9e populaire nationale (APN) a auditionn\u00e9 dimanche le Directeur g\u00e9n\u00e9ral du Domaine<\/p>\n","protected":false},"author":6,"featured_media":30371,"comment_status":"open","ping_status":"closed","sticky":false,"template":"","format":"standard","meta":{"colormag_page_container_layout":"default_layout","colormag_page_sidebar_layout":"default_layout","om_disable_all_campaigns":false,"_monsterinsights_skip_tracking":false,"_monsterinsights_sitenote_active":false,"_monsterinsights_sitenote_note":"","_monsterinsights_sitenote_category":0,"footnotes":"","_wpscppro_dont_share_socialmedia":false,"_wpscppro_custom_social_share_image":0,"_facebook_share_type":"default","_twitter_share_type":"default","_linkedin_share_type":"default","_pinterest_share_type":"default","_linkedin_share_type_page":"","_instagram_share_type":"default","_medium_share_type":"default","_threads_share_type":"default","_google_business_share_type":"default","_selected_social_profile":[],"_wpsp_enable_custom_social_template":false,"_wpsp_social_scheduling":{"enabled":false,"datetime":null,"platforms":[],"status":"template_only","dateOption":"today","timeOption":"now","customDays":"","customHours":"","customDate":"","customTime":"","schedulingType":"absolute"},"_wpsp_active_default_template":true},"categories":[52,29],"tags":[],"class_list":["post-75398","post","type-post","status-publish","format-standard","has-post-thumbnail","hentry","category-a-la-une","category-economie"],"aioseo_notices":[],"yoast_head":"<!-- This site is optimized with the Yoast SEO plugin v27.5 - https:\/\/yoast.com\/product\/yoast-seo-wordpress\/ -->\n<title>Projet de loi de finances 2026\u00a0: De nouvelles r\u00e8gles pour le foncier \u00e9conomique - La Sentinelle<\/title>\n<meta name=\"robots\" content=\"index, follow, max-snippet:-1, max-image-preview:large, max-video-preview:-1\" \/>\n<link rel=\"canonical\" href=\"https:\/\/lasentinelle.dz\/index.php\/2025\/10\/28\/projet-de-loi-de-finances-2026-de-nouvelles-regles-pour-le-foncier-economique\/\" \/>\n<meta property=\"og:locale\" content=\"fr_FR\" \/>\n<meta property=\"og:type\" content=\"article\" \/>\n<meta property=\"og:title\" content=\"Projet de loi de finances 2026\u00a0: De nouvelles r\u00e8gles pour le foncier \u00e9conomique - La Sentinelle\" \/>\n<meta property=\"og:description\" content=\"La Commission des finances et du budget de l&rsquo;Assembl\u00e9e populaire nationale (APN) a auditionn\u00e9 dimanche le Directeur g\u00e9n\u00e9ral du Domaine\" \/>\n<meta property=\"og:url\" content=\"https:\/\/lasentinelle.dz\/index.php\/2025\/10\/28\/projet-de-loi-de-finances-2026-de-nouvelles-regles-pour-le-foncier-economique\/\" \/>\n<meta property=\"og:site_name\" content=\"La Sentinelle\" \/>\n<meta property=\"article:publisher\" content=\"https:\/\/www.facebook.com\/La-Sentinelle-104059864394773\" \/>\n<meta property=\"article:published_time\" content=\"2025-10-28T11:28:09+00:00\" \/>\n<meta property=\"article:modified_time\" content=\"2025-10-28T11:28:10+00:00\" \/>\n<meta property=\"og:image\" content=\"https:\/\/lasentinelle.dz\/wp-content\/uploads\/2022\/11\/foncier.png\" \/>\n\t<meta property=\"og:image:width\" content=\"1347\" \/>\n\t<meta property=\"og:image:height\" content=\"900\" \/>\n\t<meta property=\"og:image:type\" content=\"image\/png\" \/>\n<meta name=\"author\" content=\"admin\" \/>\n<meta name=\"twitter:card\" content=\"summary_large_image\" \/>\n<meta name=\"twitter:label1\" content=\"\u00c9crit par\" \/>\n\t<meta name=\"twitter:data1\" content=\"admin\" \/>\n\t<meta name=\"twitter:label2\" content=\"Dur\u00e9e de lecture estim\u00e9e\" \/>\n\t<meta name=\"twitter:data2\" content=\"3 minutes\" \/>\n<script type=\"application\/ld+json\" class=\"yoast-schema-graph\">{\"@context\":\"https:\\\/\\\/schema.org\",\"@graph\":[{\"@type\":\"Article\",\"@id\":\"https:\\\/\\\/lasentinelle.dz\\\/index.php\\\/2025\\\/10\\\/28\\\/projet-de-loi-de-finances-2026-de-nouvelles-regles-pour-le-foncier-economique\\\/#article\",\"isPartOf\":{\"@id\":\"https:\\\/\\\/lasentinelle.dz\\\/index.php\\\/2025\\\/10\\\/28\\\/projet-de-loi-de-finances-2026-de-nouvelles-regles-pour-le-foncier-economique\\\/\"},\"author\":{\"name\":\"admin\",\"@id\":\"https:\\\/\\\/lasentinelle.dz\\\/#\\\/schema\\\/person\\\/729ee0024f24e0b8c5ec17232f8e8b41\"},\"headline\":\"Projet de loi de finances 2026\u00a0: De nouvelles r\u00e8gles pour le foncier \u00e9conomique\",\"datePublished\":\"2025-10-28T11:28:09+00:00\",\"dateModified\":\"2025-10-28T11:28:10+00:00\",\"mainEntityOfPage\":{\"@id\":\"https:\\\/\\\/lasentinelle.dz\\\/index.php\\\/2025\\\/10\\\/28\\\/projet-de-loi-de-finances-2026-de-nouvelles-regles-pour-le-foncier-economique\\\/\"},\"wordCount\":588,\"commentCount\":0,\"publisher\":{\"@id\":\"https:\\\/\\\/lasentinelle.dz\\\/#organization\"},\"image\":{\"@id\":\"https:\\\/\\\/lasentinelle.dz\\\/index.php\\\/2025\\\/10\\\/28\\\/projet-de-loi-de-finances-2026-de-nouvelles-regles-pour-le-foncier-economique\\\/#primaryimage\"},\"thumbnailUrl\":\"https:\\\/\\\/lasentinelle.dz\\\/wp-content\\\/uploads\\\/2022\\\/11\\\/foncier.png\",\"articleSection\":[\"\u00c0 la Une\",\"\u00c9conomie\"],\"inLanguage\":\"fr-FR\",\"potentialAction\":[{\"@type\":\"CommentAction\",\"name\":\"Comment\",\"target\":[\"https:\\\/\\\/lasentinelle.dz\\\/index.php\\\/2025\\\/10\\\/28\\\/projet-de-loi-de-finances-2026-de-nouvelles-regles-pour-le-foncier-economique\\\/#respond\"]}]},{\"@type\":\"WebPage\",\"@id\":\"https:\\\/\\\/lasentinelle.dz\\\/index.php\\\/2025\\\/10\\\/28\\\/projet-de-loi-de-finances-2026-de-nouvelles-regles-pour-le-foncier-economique\\\/\",\"url\":\"https:\\\/\\\/lasentinelle.dz\\\/index.php\\\/2025\\\/10\\\/28\\\/projet-de-loi-de-finances-2026-de-nouvelles-regles-pour-le-foncier-economique\\\/\",\"name\":\"Projet de loi de finances 2026\u00a0: De nouvelles r\u00e8gles pour le foncier \u00e9conomique - La Sentinelle\",\"isPartOf\":{\"@id\":\"https:\\\/\\\/lasentinelle.dz\\\/#website\"},\"primaryImageOfPage\":{\"@id\":\"https:\\\/\\\/lasentinelle.dz\\\/index.php\\\/2025\\\/10\\\/28\\\/projet-de-loi-de-finances-2026-de-nouvelles-regles-pour-le-foncier-economique\\\/#primaryimage\"},\"image\":{\"@id\":\"https:\\\/\\\/lasentinelle.dz\\\/index.php\\\/2025\\\/10\\\/28\\\/projet-de-loi-de-finances-2026-de-nouvelles-regles-pour-le-foncier-economique\\\/#primaryimage\"},\"thumbnailUrl\":\"https:\\\/\\\/lasentinelle.dz\\\/wp-content\\\/uploads\\\/2022\\\/11\\\/foncier.png\",\"datePublished\":\"2025-10-28T11:28:09+00:00\",\"dateModified\":\"2025-10-28T11:28:10+00:00\",\"breadcrumb\":{\"@id\":\"https:\\\/\\\/lasentinelle.dz\\\/index.php\\\/2025\\\/10\\\/28\\\/projet-de-loi-de-finances-2026-de-nouvelles-regles-pour-le-foncier-economique\\\/#breadcrumb\"},\"inLanguage\":\"fr-FR\",\"potentialAction\":[{\"@type\":\"ReadAction\",\"target\":[\"https:\\\/\\\/lasentinelle.dz\\\/index.php\\\/2025\\\/10\\\/28\\\/projet-de-loi-de-finances-2026-de-nouvelles-regles-pour-le-foncier-economique\\\/\"]}]},{\"@type\":\"ImageObject\",\"inLanguage\":\"fr-FR\",\"@id\":\"https:\\\/\\\/lasentinelle.dz\\\/index.php\\\/2025\\\/10\\\/28\\\/projet-de-loi-de-finances-2026-de-nouvelles-regles-pour-le-foncier-economique\\\/#primaryimage\",\"url\":\"https:\\\/\\\/lasentinelle.dz\\\/wp-content\\\/uploads\\\/2022\\\/11\\\/foncier.png\",\"contentUrl\":\"https:\\\/\\\/lasentinelle.dz\\\/wp-content\\\/uploads\\\/2022\\\/11\\\/foncier.png\",\"width\":1347,\"height\":900},{\"@type\":\"BreadcrumbList\",\"@id\":\"https:\\\/\\\/lasentinelle.dz\\\/index.php\\\/2025\\\/10\\\/28\\\/projet-de-loi-de-finances-2026-de-nouvelles-regles-pour-le-foncier-economique\\\/#breadcrumb\",\"itemListElement\":[{\"@type\":\"ListItem\",\"position\":1,\"name\":\"Accueil\",\"item\":\"https:\\\/\\\/lasentinelle.dz\\\/\"},{\"@type\":\"ListItem\",\"position\":2,\"name\":\"Projet de loi de finances 2026\u00a0: De nouvelles r\u00e8gles pour le foncier \u00e9conomique\"}]},{\"@type\":\"WebSite\",\"@id\":\"https:\\\/\\\/lasentinelle.dz\\\/#website\",\"url\":\"https:\\\/\\\/lasentinelle.dz\\\/\",\"name\":\"La Sentinelle\",\"description\":\"Quotidien national d&#039;information\",\"publisher\":{\"@id\":\"https:\\\/\\\/lasentinelle.dz\\\/#organization\"},\"potentialAction\":[{\"@type\":\"SearchAction\",\"target\":{\"@type\":\"EntryPoint\",\"urlTemplate\":\"https:\\\/\\\/lasentinelle.dz\\\/?s={search_term_string}\"},\"query-input\":{\"@type\":\"PropertyValueSpecification\",\"valueRequired\":true,\"valueName\":\"search_term_string\"}}],\"inLanguage\":\"fr-FR\"},{\"@type\":\"Organization\",\"@id\":\"https:\\\/\\\/lasentinelle.dz\\\/#organization\",\"name\":\"Quotidien La Sentinelle\",\"url\":\"https:\\\/\\\/lasentinelle.dz\\\/\",\"logo\":{\"@type\":\"ImageObject\",\"inLanguage\":\"fr-FR\",\"@id\":\"https:\\\/\\\/lasentinelle.dz\\\/#\\\/schema\\\/logo\\\/image\\\/\",\"url\":\"https:\\\/\\\/lasentinelle.dz\\\/wp-content\\\/uploads\\\/2021\\\/09\\\/logo-sentinelleSLOGAN-1.png\",\"contentUrl\":\"https:\\\/\\\/lasentinelle.dz\\\/wp-content\\\/uploads\\\/2021\\\/09\\\/logo-sentinelleSLOGAN-1.png\",\"width\":615,\"height\":142,\"caption\":\"Quotidien La Sentinelle\"},\"image\":{\"@id\":\"https:\\\/\\\/lasentinelle.dz\\\/#\\\/schema\\\/logo\\\/image\\\/\"},\"sameAs\":[\"https:\\\/\\\/www.facebook.com\\\/La-Sentinelle-104059864394773\"]},{\"@type\":\"Person\",\"@id\":\"https:\\\/\\\/lasentinelle.dz\\\/#\\\/schema\\\/person\\\/729ee0024f24e0b8c5ec17232f8e8b41\",\"name\":\"admin\",\"image\":{\"@type\":\"ImageObject\",\"inLanguage\":\"fr-FR\",\"@id\":\"https:\\\/\\\/secure.gravatar.com\\\/avatar\\\/4c81fed838786e9b53f540bf46533e750f5d292099ae3b66cfc6fb1982e29df7?s=96&d=mm&r=g\",\"url\":\"https:\\\/\\\/secure.gravatar.com\\\/avatar\\\/4c81fed838786e9b53f540bf46533e750f5d292099ae3b66cfc6fb1982e29df7?s=96&d=mm&r=g\",\"contentUrl\":\"https:\\\/\\\/secure.gravatar.com\\\/avatar\\\/4c81fed838786e9b53f540bf46533e750f5d292099ae3b66cfc6fb1982e29df7?s=96&d=mm&r=g\",\"caption\":\"admin\"},\"description\":\"admin\",\"url\":\"https:\\\/\\\/lasentinelle.dz\\\/author\\\/admin\\\/\"}]}<\/script>\n<!-- \/ Yoast SEO plugin. -->","yoast_head_json":{"title":"Projet de loi de finances 2026\u00a0: De nouvelles r\u00e8gles pour le foncier \u00e9conomique - La Sentinelle","robots":{"index":"index","follow":"follow","max-snippet":"max-snippet:-1","max-image-preview":"max-image-preview:large","max-video-preview":"max-video-preview:-1"},"canonical":"https:\/\/lasentinelle.dz\/index.php\/2025\/10\/28\/projet-de-loi-de-finances-2026-de-nouvelles-regles-pour-le-foncier-economique\/","og_locale":"fr_FR","og_type":"article","og_title":"Projet de loi de finances 2026\u00a0: De nouvelles r\u00e8gles pour le foncier \u00e9conomique - La Sentinelle","og_description":"La Commission des finances et du budget de l&rsquo;Assembl\u00e9e populaire nationale (APN) a auditionn\u00e9 dimanche le Directeur g\u00e9n\u00e9ral du Domaine","og_url":"https:\/\/lasentinelle.dz\/index.php\/2025\/10\/28\/projet-de-loi-de-finances-2026-de-nouvelles-regles-pour-le-foncier-economique\/","og_site_name":"La Sentinelle","article_publisher":"https:\/\/www.facebook.com\/La-Sentinelle-104059864394773","article_published_time":"2025-10-28T11:28:09+00:00","article_modified_time":"2025-10-28T11:28:10+00:00","og_image":[{"width":1347,"height":900,"url":"https:\/\/lasentinelle.dz\/wp-content\/uploads\/2022\/11\/foncier.png","type":"image\/png"}],"author":"admin","twitter_card":"summary_large_image","twitter_misc":{"\u00c9crit par":"admin","Dur\u00e9e de lecture estim\u00e9e":"3 minutes"},"schema":{"@context":"https:\/\/schema.org","@graph":[{"@type":"Article","@id":"https:\/\/lasentinelle.dz\/index.php\/2025\/10\/28\/projet-de-loi-de-finances-2026-de-nouvelles-regles-pour-le-foncier-economique\/#article","isPartOf":{"@id":"https:\/\/lasentinelle.dz\/index.php\/2025\/10\/28\/projet-de-loi-de-finances-2026-de-nouvelles-regles-pour-le-foncier-economique\/"},"author":{"name":"admin","@id":"https:\/\/lasentinelle.dz\/#\/schema\/person\/729ee0024f24e0b8c5ec17232f8e8b41"},"headline":"Projet de loi de finances 2026\u00a0: De nouvelles r\u00e8gles pour le foncier \u00e9conomique","datePublished":"2025-10-28T11:28:09+00:00","dateModified":"2025-10-28T11:28:10+00:00","mainEntityOfPage":{"@id":"https:\/\/lasentinelle.dz\/index.php\/2025\/10\/28\/projet-de-loi-de-finances-2026-de-nouvelles-regles-pour-le-foncier-economique\/"},"wordCount":588,"commentCount":0,"publisher":{"@id":"https:\/\/lasentinelle.dz\/#organization"},"image":{"@id":"https:\/\/lasentinelle.dz\/index.php\/2025\/10\/28\/projet-de-loi-de-finances-2026-de-nouvelles-regles-pour-le-foncier-economique\/#primaryimage"},"thumbnailUrl":"https:\/\/lasentinelle.dz\/wp-content\/uploads\/2022\/11\/foncier.png","articleSection":["\u00c0 la Une","\u00c9conomie"],"inLanguage":"fr-FR","potentialAction":[{"@type":"CommentAction","name":"Comment","target":["https:\/\/lasentinelle.dz\/index.php\/2025\/10\/28\/projet-de-loi-de-finances-2026-de-nouvelles-regles-pour-le-foncier-economique\/#respond"]}]},{"@type":"WebPage","@id":"https:\/\/lasentinelle.dz\/index.php\/2025\/10\/28\/projet-de-loi-de-finances-2026-de-nouvelles-regles-pour-le-foncier-economique\/","url":"https:\/\/lasentinelle.dz\/index.php\/2025\/10\/28\/projet-de-loi-de-finances-2026-de-nouvelles-regles-pour-le-foncier-economique\/","name":"Projet de loi de finances 2026\u00a0: De nouvelles r\u00e8gles pour le foncier \u00e9conomique - La Sentinelle","isPartOf":{"@id":"https:\/\/lasentinelle.dz\/#website"},"primaryImageOfPage":{"@id":"https:\/\/lasentinelle.dz\/index.php\/2025\/10\/28\/projet-de-loi-de-finances-2026-de-nouvelles-regles-pour-le-foncier-economique\/#primaryimage"},"image":{"@id":"https:\/\/lasentinelle.dz\/index.php\/2025\/10\/28\/projet-de-loi-de-finances-2026-de-nouvelles-regles-pour-le-foncier-economique\/#primaryimage"},"thumbnailUrl":"https:\/\/lasentinelle.dz\/wp-content\/uploads\/2022\/11\/foncier.png","datePublished":"2025-10-28T11:28:09+00:00","dateModified":"2025-10-28T11:28:10+00:00","breadcrumb":{"@id":"https:\/\/lasentinelle.dz\/index.php\/2025\/10\/28\/projet-de-loi-de-finances-2026-de-nouvelles-regles-pour-le-foncier-economique\/#breadcrumb"},"inLanguage":"fr-FR","potentialAction":[{"@type":"ReadAction","target":["https:\/\/lasentinelle.dz\/index.php\/2025\/10\/28\/projet-de-loi-de-finances-2026-de-nouvelles-regles-pour-le-foncier-economique\/"]}]},{"@type":"ImageObject","inLanguage":"fr-FR","@id":"https:\/\/lasentinelle.dz\/index.php\/2025\/10\/28\/projet-de-loi-de-finances-2026-de-nouvelles-regles-pour-le-foncier-economique\/#primaryimage","url":"https:\/\/lasentinelle.dz\/wp-content\/uploads\/2022\/11\/foncier.png","contentUrl":"https:\/\/lasentinelle.dz\/wp-content\/uploads\/2022\/11\/foncier.png","width":1347,"height":900},{"@type":"BreadcrumbList","@id":"https:\/\/lasentinelle.dz\/index.php\/2025\/10\/28\/projet-de-loi-de-finances-2026-de-nouvelles-regles-pour-le-foncier-economique\/#breadcrumb","itemListElement":[{"@type":"ListItem","position":1,"name":"Accueil","item":"https:\/\/lasentinelle.dz\/"},{"@type":"ListItem","position":2,"name":"Projet de loi de finances 2026\u00a0: De nouvelles r\u00e8gles pour le foncier \u00e9conomique"}]},{"@type":"WebSite","@id":"https:\/\/lasentinelle.dz\/#website","url":"https:\/\/lasentinelle.dz\/","name":"La Sentinelle","description":"Quotidien national d&#039;information","publisher":{"@id":"https:\/\/lasentinelle.dz\/#organization"},"potentialAction":[{"@type":"SearchAction","target":{"@type":"EntryPoint","urlTemplate":"https:\/\/lasentinelle.dz\/?s={search_term_string}"},"query-input":{"@type":"PropertyValueSpecification","valueRequired":true,"valueName":"search_term_string"}}],"inLanguage":"fr-FR"},{"@type":"Organization","@id":"https:\/\/lasentinelle.dz\/#organization","name":"Quotidien La Sentinelle","url":"https:\/\/lasentinelle.dz\/","logo":{"@type":"ImageObject","inLanguage":"fr-FR","@id":"https:\/\/lasentinelle.dz\/#\/schema\/logo\/image\/","url":"https:\/\/lasentinelle.dz\/wp-content\/uploads\/2021\/09\/logo-sentinelleSLOGAN-1.png","contentUrl":"https:\/\/lasentinelle.dz\/wp-content\/uploads\/2021\/09\/logo-sentinelleSLOGAN-1.png","width":615,"height":142,"caption":"Quotidien La Sentinelle"},"image":{"@id":"https:\/\/lasentinelle.dz\/#\/schema\/logo\/image\/"},"sameAs":["https:\/\/www.facebook.com\/La-Sentinelle-104059864394773"]},{"@type":"Person","@id":"https:\/\/lasentinelle.dz\/#\/schema\/person\/729ee0024f24e0b8c5ec17232f8e8b41","name":"admin","image":{"@type":"ImageObject","inLanguage":"fr-FR","@id":"https:\/\/secure.gravatar.com\/avatar\/4c81fed838786e9b53f540bf46533e750f5d292099ae3b66cfc6fb1982e29df7?s=96&d=mm&r=g","url":"https:\/\/secure.gravatar.com\/avatar\/4c81fed838786e9b53f540bf46533e750f5d292099ae3b66cfc6fb1982e29df7?s=96&d=mm&r=g","contentUrl":"https:\/\/secure.gravatar.com\/avatar\/4c81fed838786e9b53f540bf46533e750f5d292099ae3b66cfc6fb1982e29df7?s=96&d=mm&r=g","caption":"admin"},"description":"admin","url":"https:\/\/lasentinelle.dz\/author\/admin\/"}]}},"_links":{"self":[{"href":"https:\/\/lasentinelle.dz\/index.php\/wp-json\/wp\/v2\/posts\/75398","targetHints":{"allow":["GET"]}}],"collection":[{"href":"https:\/\/lasentinelle.dz\/index.php\/wp-json\/wp\/v2\/posts"}],"about":[{"href":"https:\/\/lasentinelle.dz\/index.php\/wp-json\/wp\/v2\/types\/post"}],"author":[{"embeddable":true,"href":"https:\/\/lasentinelle.dz\/index.php\/wp-json\/wp\/v2\/users\/6"}],"replies":[{"embeddable":true,"href":"https:\/\/lasentinelle.dz\/index.php\/wp-json\/wp\/v2\/comments?post=75398"}],"version-history":[{"count":1,"href":"https:\/\/lasentinelle.dz\/index.php\/wp-json\/wp\/v2\/posts\/75398\/revisions"}],"predecessor-version":[{"id":75399,"href":"https:\/\/lasentinelle.dz\/index.php\/wp-json\/wp\/v2\/posts\/75398\/revisions\/75399"}],"wp:featuredmedia":[{"embeddable":true,"href":"https:\/\/lasentinelle.dz\/index.php\/wp-json\/wp\/v2\/media\/30371"}],"wp:attachment":[{"href":"https:\/\/lasentinelle.dz\/index.php\/wp-json\/wp\/v2\/media?parent=75398"}],"wp:term":[{"taxonomy":"category","embeddable":true,"href":"https:\/\/lasentinelle.dz\/index.php\/wp-json\/wp\/v2\/categories?post=75398"},{"taxonomy":"post_tag","embeddable":true,"href":"https:\/\/lasentinelle.dz\/index.php\/wp-json\/wp\/v2\/tags?post=75398"}],"curies":[{"name":"wp","href":"https:\/\/api.w.org\/{rel}","templated":true}]}}