{"id":75400,"date":"2025-10-28T12:28:51","date_gmt":"2025-10-28T11:28:51","guid":{"rendered":"https:\/\/lasentinelle.dz\/?p=75400"},"modified":"2025-10-28T12:28:53","modified_gmt":"2025-10-28T11:28:53","slug":"hausse-nette-de-la-production-de-gaz-en-2025","status":"publish","type":"post","link":"https:\/\/lasentinelle.dz\/index.php\/2025\/10\/28\/hausse-nette-de-la-production-de-gaz-en-2025\/","title":{"rendered":"Hausse nette de la production de gaz en 2025"},"content":{"rendered":"\n<p>La production de gaz naturel en Alg\u00e9rie retrouve son dynamisme. En ao\u00fbt 2025, elle a bondi de 12 % sur un an, traduisant la mont\u00e9e en puissance des nouveaux partenariats \u00e9nerg\u00e9tiques conclus avec les majors internationales.<\/p>\n\n\n\n<p>Selon les derni\u00e8res donn\u00e9es de la Unit\u00e9 de Recherches sur l\u2019\u00c9nergie (Energy Research Unit, bas\u00e9e \u00e0 Washington), la production nationale de gaz a atteint 8,36 milliards de m\u00e8tres cubes en ao\u00fbt 2025, contre 7,47 milliards \u00e0 la m\u00eame p\u00e9riode de 2024, soit une hausse de 890 millions de m\u00e8tres cubes. Ce rebond t\u00e9moigne du retour de la croissance dans un secteur strat\u00e9gique. Ce regain de vitalit\u00e9 s\u2019inscrit dans le cadre d\u2019une politique volontariste de relance du secteur, amorc\u00e9e \u00e0 la fin de 2024. L\u2019Alg\u00e9rie a attribu\u00e9 huit nouveaux contrats p\u00e9troliers et gaziers \u00e0 des compagnies internationales notamment dans le cadre de la derni\u00e8re ronde de l\u2019appel d\u2019offres Algeria. Ces accords visent l\u2019exploitation de r\u00e9serves estim\u00e9es \u00e0 330 milliards de m\u00e8tres cubes de gaz non associ\u00e9, 349 milliards de m\u00e8tres cubes de gaz associ\u00e9 et 562 millions de barils de p\u00e9trole. Autant de gisements appel\u00e9s \u00e0 renforcer la s\u00e9curit\u00e9 \u00e9nerg\u00e9tique nationale et les capacit\u00e9s d\u2019exportation \u00e0 moyen terme. Sur le plan interne, la tendance est inverse : la consommation de gaz pour la production d\u2019\u00e9lectricit\u00e9 et le chauffage a recul\u00e9 de fa\u00e7on notable. En ao\u00fbt 2025, elle s\u2019est limit\u00e9e \u00e0 1,6 milliard de m\u00e8tres cubes, contre 2,85 milliards un an plus t\u00f4t. Une baisse de pr\u00e8s de 44 %, attribu\u00e9e \u00e0 la saisonnalit\u00e9, \u00e0 une meilleure efficacit\u00e9 \u00e9nerg\u00e9tique et \u00e0 la mont\u00e9e en puissance des capacit\u00e9s de production \u00e9lectrique renouvelable.<\/p>\n\n\n\n<p>L\u2019ann\u00e9e 2025 s\u2019\u00e9tait pourtant ouverte sur des volumes exceptionnels : en janvier, la production avait culmin\u00e9 \u00e0 9,74 milliards de m\u00e8tres cubes, en hausse de 530 millions sur un an. Apr\u00e8s un l\u00e9ger creux au printemps \u2013 7,85 milliards en mai, contre 8,05 milliards un an auparavant \u2013 la production s\u2019est stabilis\u00e9e d\u00e8s juin autour de 8,2 milliards, avant de confirmer sa reprise en ao\u00fbt. Sur le front des exportations, le bilan est contrast\u00e9. Les ventes de gaz par gazoducs \u2013 principalement \u00e0 destination de l\u2019Europe du Sud \u2013 ont progress\u00e9 \u00e0 3,1 milliards de m\u00e8tres cubes en ao\u00fbt, contre 2,89 milliards un an auparavant. En revanche, les exportations de gaz naturel liqu\u00e9fi\u00e9 (GNL) ont ralenti, affect\u00e9es par la concurrence accrue des producteurs am\u00e9ricains et qatariens sur les march\u00e9s asiatiques et m\u00e9diterran\u00e9ens.<\/p>\n\n\n\n<p>D\u2019apr\u00e8s le rapport trimestriel sur les march\u00e9s du GNL arabes et mondiaux publi\u00e9 par la m\u00eame unit\u00e9 de recherche, les exportations alg\u00e9riennes de GNL se sont \u00e9tablies \u00e0 2,13 millions de tonnes au troisi\u00e8me trimestre 2025, contre 2,61 millions un an plus t\u00f4t. Sur les neuf premiers mois de l\u2019ann\u00e9e, le volume cumul\u00e9 atteint 6,92 millions de tonnes, en baisse de pr\u00e8s de 2 millions par rapport \u00e0 la m\u00eame p\u00e9riode de 2024.<\/p>\n\n\n\n<p>Cette \u00e9volution traduit un r\u00e9\u00e9quilibrage progressif : l\u2019Alg\u00e9rie privil\u00e9gie ses exportations par canalisation, plus stables et mieux r\u00e9mun\u00e9r\u00e9es dans le contexte de contrats \u00e0 long terme conclus notamment avec l\u2019Espagne et l\u2019Italie. En parall\u00e8le, Sonatrach concentre ses efforts sur la modernisation de ses infrastructures de liqu\u00e9faction, notamment celles d\u2019Arzew et de Skikda, afin de restaurer la comp\u00e9titivit\u00e9 du GNL alg\u00e9rien face aux nouveaux entrants.<\/p>\n\n\n\n<p>\u00c0 moyen terme, le pays esp\u00e8re tirer profit de la hausse des prix du gaz en Europe, o\u00f9 la demande repart apr\u00e8s deux hivers de sobri\u00e9t\u00e9 \u00e9nerg\u00e9tique. Avec un potentiel prouv\u00e9 de plus de 4500 milliards de m\u00e8tres cubes de r\u00e9serves et une position g\u00e9ographique privil\u00e9gi\u00e9e entre Afrique et Europe, l\u2019Alg\u00e9rie reste un acteur incontournable du march\u00e9 gazier euro-m\u00e9diterran\u00e9en.<\/p>\n\n\n\n<p>Samira Ghrib<\/p>\n","protected":false},"excerpt":{"rendered":"<p>La production de gaz naturel en Alg\u00e9rie retrouve son dynamisme. En ao\u00fbt 2025, elle a bondi de 12 % sur<\/p>\n","protected":false},"author":6,"featured_media":66490,"comment_status":"open","ping_status":"closed","sticky":false,"template":"","format":"standard","meta":{"colormag_page_container_layout":"default_layout","colormag_page_sidebar_layout":"default_layout","om_disable_all_campaigns":false,"_monsterinsights_skip_tracking":false,"_monsterinsights_sitenote_active":false,"_monsterinsights_sitenote_note":"","_monsterinsights_sitenote_category":0,"footnotes":"","_wpscppro_dont_share_socialmedia":false,"_wpscppro_custom_social_share_image":0,"_facebook_share_type":"default","_twitter_share_type":"default","_linkedin_share_type":"default","_pinterest_share_type":"default","_linkedin_share_type_page":"","_instagram_share_type":"default","_medium_share_type":"default","_threads_share_type":"default","_google_business_share_type":"default","_selected_social_profile":[],"_wpsp_enable_custom_social_template":false,"_wpsp_social_scheduling":{"enabled":false,"datetime":null,"platforms":[],"status":"template_only","dateOption":"today","timeOption":"now","customDays":"","customHours":"","customDate":"","customTime":"","schedulingType":"absolute"},"_wpsp_active_default_template":true},"categories":[52,29],"tags":[],"class_list":["post-75400","post","type-post","status-publish","format-standard","has-post-thumbnail","hentry","category-a-la-une","category-economie"],"aioseo_notices":[],"yoast_head":"<!-- This site is optimized with the Yoast SEO plugin v27.5 - https:\/\/yoast.com\/product\/yoast-seo-wordpress\/ -->\n<title>Hausse nette de la production de gaz en 2025 - La Sentinelle<\/title>\n<meta name=\"robots\" content=\"index, follow, max-snippet:-1, max-image-preview:large, max-video-preview:-1\" \/>\n<link rel=\"canonical\" href=\"https:\/\/lasentinelle.dz\/index.php\/2025\/10\/28\/hausse-nette-de-la-production-de-gaz-en-2025\/\" \/>\n<meta property=\"og:locale\" content=\"fr_FR\" \/>\n<meta property=\"og:type\" content=\"article\" \/>\n<meta property=\"og:title\" content=\"Hausse nette de la production de gaz en 2025 - La Sentinelle\" \/>\n<meta property=\"og:description\" content=\"La production de gaz naturel en Alg\u00e9rie retrouve son dynamisme. En ao\u00fbt 2025, elle a bondi de 12 % sur\" \/>\n<meta property=\"og:url\" content=\"https:\/\/lasentinelle.dz\/index.php\/2025\/10\/28\/hausse-nette-de-la-production-de-gaz-en-2025\/\" \/>\n<meta property=\"og:site_name\" content=\"La Sentinelle\" \/>\n<meta property=\"article:publisher\" content=\"https:\/\/www.facebook.com\/La-Sentinelle-104059864394773\" \/>\n<meta property=\"article:published_time\" content=\"2025-10-28T11:28:51+00:00\" \/>\n<meta property=\"article:modified_time\" content=\"2025-10-28T11:28:53+00:00\" \/>\n<meta property=\"og:image\" content=\"https:\/\/lasentinelle.dz\/wp-content\/uploads\/2025\/04\/gaz.webp\" \/>\n\t<meta property=\"og:image:width\" content=\"1000\" \/>\n\t<meta property=\"og:image:height\" content=\"560\" \/>\n\t<meta property=\"og:image:type\" content=\"image\/webp\" \/>\n<meta name=\"author\" content=\"admin\" \/>\n<meta name=\"twitter:card\" content=\"summary_large_image\" \/>\n<meta name=\"twitter:label1\" content=\"\u00c9crit par\" \/>\n\t<meta name=\"twitter:data1\" content=\"admin\" \/>\n\t<meta name=\"twitter:label2\" content=\"Dur\u00e9e de lecture estim\u00e9e\" \/>\n\t<meta name=\"twitter:data2\" content=\"4 minutes\" \/>\n<script type=\"application\/ld+json\" class=\"yoast-schema-graph\">{\"@context\":\"https:\\\/\\\/schema.org\",\"@graph\":[{\"@type\":\"Article\",\"@id\":\"https:\\\/\\\/lasentinelle.dz\\\/index.php\\\/2025\\\/10\\\/28\\\/hausse-nette-de-la-production-de-gaz-en-2025\\\/#article\",\"isPartOf\":{\"@id\":\"https:\\\/\\\/lasentinelle.dz\\\/index.php\\\/2025\\\/10\\\/28\\\/hausse-nette-de-la-production-de-gaz-en-2025\\\/\"},\"author\":{\"name\":\"admin\",\"@id\":\"https:\\\/\\\/lasentinelle.dz\\\/#\\\/schema\\\/person\\\/729ee0024f24e0b8c5ec17232f8e8b41\"},\"headline\":\"Hausse nette de la production de gaz en 2025\",\"datePublished\":\"2025-10-28T11:28:51+00:00\",\"dateModified\":\"2025-10-28T11:28:53+00:00\",\"mainEntityOfPage\":{\"@id\":\"https:\\\/\\\/lasentinelle.dz\\\/index.php\\\/2025\\\/10\\\/28\\\/hausse-nette-de-la-production-de-gaz-en-2025\\\/\"},\"wordCount\":651,\"commentCount\":0,\"publisher\":{\"@id\":\"https:\\\/\\\/lasentinelle.dz\\\/#organization\"},\"image\":{\"@id\":\"https:\\\/\\\/lasentinelle.dz\\\/index.php\\\/2025\\\/10\\\/28\\\/hausse-nette-de-la-production-de-gaz-en-2025\\\/#primaryimage\"},\"thumbnailUrl\":\"https:\\\/\\\/lasentinelle.dz\\\/wp-content\\\/uploads\\\/2025\\\/04\\\/gaz.webp\",\"articleSection\":[\"\u00c0 la Une\",\"\u00c9conomie\"],\"inLanguage\":\"fr-FR\",\"potentialAction\":[{\"@type\":\"CommentAction\",\"name\":\"Comment\",\"target\":[\"https:\\\/\\\/lasentinelle.dz\\\/index.php\\\/2025\\\/10\\\/28\\\/hausse-nette-de-la-production-de-gaz-en-2025\\\/#respond\"]}]},{\"@type\":\"WebPage\",\"@id\":\"https:\\\/\\\/lasentinelle.dz\\\/index.php\\\/2025\\\/10\\\/28\\\/hausse-nette-de-la-production-de-gaz-en-2025\\\/\",\"url\":\"https:\\\/\\\/lasentinelle.dz\\\/index.php\\\/2025\\\/10\\\/28\\\/hausse-nette-de-la-production-de-gaz-en-2025\\\/\",\"name\":\"Hausse nette de la production de gaz en 2025 - La Sentinelle\",\"isPartOf\":{\"@id\":\"https:\\\/\\\/lasentinelle.dz\\\/#website\"},\"primaryImageOfPage\":{\"@id\":\"https:\\\/\\\/lasentinelle.dz\\\/index.php\\\/2025\\\/10\\\/28\\\/hausse-nette-de-la-production-de-gaz-en-2025\\\/#primaryimage\"},\"image\":{\"@id\":\"https:\\\/\\\/lasentinelle.dz\\\/index.php\\\/2025\\\/10\\\/28\\\/hausse-nette-de-la-production-de-gaz-en-2025\\\/#primaryimage\"},\"thumbnailUrl\":\"https:\\\/\\\/lasentinelle.dz\\\/wp-content\\\/uploads\\\/2025\\\/04\\\/gaz.webp\",\"datePublished\":\"2025-10-28T11:28:51+00:00\",\"dateModified\":\"2025-10-28T11:28:53+00:00\",\"breadcrumb\":{\"@id\":\"https:\\\/\\\/lasentinelle.dz\\\/index.php\\\/2025\\\/10\\\/28\\\/hausse-nette-de-la-production-de-gaz-en-2025\\\/#breadcrumb\"},\"inLanguage\":\"fr-FR\",\"potentialAction\":[{\"@type\":\"ReadAction\",\"target\":[\"https:\\\/\\\/lasentinelle.dz\\\/index.php\\\/2025\\\/10\\\/28\\\/hausse-nette-de-la-production-de-gaz-en-2025\\\/\"]}]},{\"@type\":\"ImageObject\",\"inLanguage\":\"fr-FR\",\"@id\":\"https:\\\/\\\/lasentinelle.dz\\\/index.php\\\/2025\\\/10\\\/28\\\/hausse-nette-de-la-production-de-gaz-en-2025\\\/#primaryimage\",\"url\":\"https:\\\/\\\/lasentinelle.dz\\\/wp-content\\\/uploads\\\/2025\\\/04\\\/gaz.webp\",\"contentUrl\":\"https:\\\/\\\/lasentinelle.dz\\\/wp-content\\\/uploads\\\/2025\\\/04\\\/gaz.webp\",\"width\":1000,\"height\":560},{\"@type\":\"BreadcrumbList\",\"@id\":\"https:\\\/\\\/lasentinelle.dz\\\/index.php\\\/2025\\\/10\\\/28\\\/hausse-nette-de-la-production-de-gaz-en-2025\\\/#breadcrumb\",\"itemListElement\":[{\"@type\":\"ListItem\",\"position\":1,\"name\":\"Accueil\",\"item\":\"https:\\\/\\\/lasentinelle.dz\\\/\"},{\"@type\":\"ListItem\",\"position\":2,\"name\":\"Hausse nette de la production de gaz en 2025\"}]},{\"@type\":\"WebSite\",\"@id\":\"https:\\\/\\\/lasentinelle.dz\\\/#website\",\"url\":\"https:\\\/\\\/lasentinelle.dz\\\/\",\"name\":\"La Sentinelle\",\"description\":\"Quotidien national d&#039;information\",\"publisher\":{\"@id\":\"https:\\\/\\\/lasentinelle.dz\\\/#organization\"},\"potentialAction\":[{\"@type\":\"SearchAction\",\"target\":{\"@type\":\"EntryPoint\",\"urlTemplate\":\"https:\\\/\\\/lasentinelle.dz\\\/?s={search_term_string}\"},\"query-input\":{\"@type\":\"PropertyValueSpecification\",\"valueRequired\":true,\"valueName\":\"search_term_string\"}}],\"inLanguage\":\"fr-FR\"},{\"@type\":\"Organization\",\"@id\":\"https:\\\/\\\/lasentinelle.dz\\\/#organization\",\"name\":\"Quotidien La Sentinelle\",\"url\":\"https:\\\/\\\/lasentinelle.dz\\\/\",\"logo\":{\"@type\":\"ImageObject\",\"inLanguage\":\"fr-FR\",\"@id\":\"https:\\\/\\\/lasentinelle.dz\\\/#\\\/schema\\\/logo\\\/image\\\/\",\"url\":\"https:\\\/\\\/lasentinelle.dz\\\/wp-content\\\/uploads\\\/2021\\\/09\\\/logo-sentinelleSLOGAN-1.png\",\"contentUrl\":\"https:\\\/\\\/lasentinelle.dz\\\/wp-content\\\/uploads\\\/2021\\\/09\\\/logo-sentinelleSLOGAN-1.png\",\"width\":615,\"height\":142,\"caption\":\"Quotidien La Sentinelle\"},\"image\":{\"@id\":\"https:\\\/\\\/lasentinelle.dz\\\/#\\\/schema\\\/logo\\\/image\\\/\"},\"sameAs\":[\"https:\\\/\\\/www.facebook.com\\\/La-Sentinelle-104059864394773\"]},{\"@type\":\"Person\",\"@id\":\"https:\\\/\\\/lasentinelle.dz\\\/#\\\/schema\\\/person\\\/729ee0024f24e0b8c5ec17232f8e8b41\",\"name\":\"admin\",\"image\":{\"@type\":\"ImageObject\",\"inLanguage\":\"fr-FR\",\"@id\":\"https:\\\/\\\/secure.gravatar.com\\\/avatar\\\/4c81fed838786e9b53f540bf46533e750f5d292099ae3b66cfc6fb1982e29df7?s=96&d=mm&r=g\",\"url\":\"https:\\\/\\\/secure.gravatar.com\\\/avatar\\\/4c81fed838786e9b53f540bf46533e750f5d292099ae3b66cfc6fb1982e29df7?s=96&d=mm&r=g\",\"contentUrl\":\"https:\\\/\\\/secure.gravatar.com\\\/avatar\\\/4c81fed838786e9b53f540bf46533e750f5d292099ae3b66cfc6fb1982e29df7?s=96&d=mm&r=g\",\"caption\":\"admin\"},\"description\":\"admin\",\"url\":\"https:\\\/\\\/lasentinelle.dz\\\/author\\\/admin\\\/\"}]}<\/script>\n<!-- \/ Yoast SEO plugin. -->","yoast_head_json":{"title":"Hausse nette de la production de gaz en 2025 - La Sentinelle","robots":{"index":"index","follow":"follow","max-snippet":"max-snippet:-1","max-image-preview":"max-image-preview:large","max-video-preview":"max-video-preview:-1"},"canonical":"https:\/\/lasentinelle.dz\/index.php\/2025\/10\/28\/hausse-nette-de-la-production-de-gaz-en-2025\/","og_locale":"fr_FR","og_type":"article","og_title":"Hausse nette de la production de gaz en 2025 - La Sentinelle","og_description":"La production de gaz naturel en Alg\u00e9rie retrouve son dynamisme. En ao\u00fbt 2025, elle a bondi de 12 % sur","og_url":"https:\/\/lasentinelle.dz\/index.php\/2025\/10\/28\/hausse-nette-de-la-production-de-gaz-en-2025\/","og_site_name":"La Sentinelle","article_publisher":"https:\/\/www.facebook.com\/La-Sentinelle-104059864394773","article_published_time":"2025-10-28T11:28:51+00:00","article_modified_time":"2025-10-28T11:28:53+00:00","og_image":[{"width":1000,"height":560,"url":"https:\/\/lasentinelle.dz\/wp-content\/uploads\/2025\/04\/gaz.webp","type":"image\/webp"}],"author":"admin","twitter_card":"summary_large_image","twitter_misc":{"\u00c9crit par":"admin","Dur\u00e9e de lecture estim\u00e9e":"4 minutes"},"schema":{"@context":"https:\/\/schema.org","@graph":[{"@type":"Article","@id":"https:\/\/lasentinelle.dz\/index.php\/2025\/10\/28\/hausse-nette-de-la-production-de-gaz-en-2025\/#article","isPartOf":{"@id":"https:\/\/lasentinelle.dz\/index.php\/2025\/10\/28\/hausse-nette-de-la-production-de-gaz-en-2025\/"},"author":{"name":"admin","@id":"https:\/\/lasentinelle.dz\/#\/schema\/person\/729ee0024f24e0b8c5ec17232f8e8b41"},"headline":"Hausse nette de la production de gaz en 2025","datePublished":"2025-10-28T11:28:51+00:00","dateModified":"2025-10-28T11:28:53+00:00","mainEntityOfPage":{"@id":"https:\/\/lasentinelle.dz\/index.php\/2025\/10\/28\/hausse-nette-de-la-production-de-gaz-en-2025\/"},"wordCount":651,"commentCount":0,"publisher":{"@id":"https:\/\/lasentinelle.dz\/#organization"},"image":{"@id":"https:\/\/lasentinelle.dz\/index.php\/2025\/10\/28\/hausse-nette-de-la-production-de-gaz-en-2025\/#primaryimage"},"thumbnailUrl":"https:\/\/lasentinelle.dz\/wp-content\/uploads\/2025\/04\/gaz.webp","articleSection":["\u00c0 la Une","\u00c9conomie"],"inLanguage":"fr-FR","potentialAction":[{"@type":"CommentAction","name":"Comment","target":["https:\/\/lasentinelle.dz\/index.php\/2025\/10\/28\/hausse-nette-de-la-production-de-gaz-en-2025\/#respond"]}]},{"@type":"WebPage","@id":"https:\/\/lasentinelle.dz\/index.php\/2025\/10\/28\/hausse-nette-de-la-production-de-gaz-en-2025\/","url":"https:\/\/lasentinelle.dz\/index.php\/2025\/10\/28\/hausse-nette-de-la-production-de-gaz-en-2025\/","name":"Hausse nette de la production de gaz en 2025 - La Sentinelle","isPartOf":{"@id":"https:\/\/lasentinelle.dz\/#website"},"primaryImageOfPage":{"@id":"https:\/\/lasentinelle.dz\/index.php\/2025\/10\/28\/hausse-nette-de-la-production-de-gaz-en-2025\/#primaryimage"},"image":{"@id":"https:\/\/lasentinelle.dz\/index.php\/2025\/10\/28\/hausse-nette-de-la-production-de-gaz-en-2025\/#primaryimage"},"thumbnailUrl":"https:\/\/lasentinelle.dz\/wp-content\/uploads\/2025\/04\/gaz.webp","datePublished":"2025-10-28T11:28:51+00:00","dateModified":"2025-10-28T11:28:53+00:00","breadcrumb":{"@id":"https:\/\/lasentinelle.dz\/index.php\/2025\/10\/28\/hausse-nette-de-la-production-de-gaz-en-2025\/#breadcrumb"},"inLanguage":"fr-FR","potentialAction":[{"@type":"ReadAction","target":["https:\/\/lasentinelle.dz\/index.php\/2025\/10\/28\/hausse-nette-de-la-production-de-gaz-en-2025\/"]}]},{"@type":"ImageObject","inLanguage":"fr-FR","@id":"https:\/\/lasentinelle.dz\/index.php\/2025\/10\/28\/hausse-nette-de-la-production-de-gaz-en-2025\/#primaryimage","url":"https:\/\/lasentinelle.dz\/wp-content\/uploads\/2025\/04\/gaz.webp","contentUrl":"https:\/\/lasentinelle.dz\/wp-content\/uploads\/2025\/04\/gaz.webp","width":1000,"height":560},{"@type":"BreadcrumbList","@id":"https:\/\/lasentinelle.dz\/index.php\/2025\/10\/28\/hausse-nette-de-la-production-de-gaz-en-2025\/#breadcrumb","itemListElement":[{"@type":"ListItem","position":1,"name":"Accueil","item":"https:\/\/lasentinelle.dz\/"},{"@type":"ListItem","position":2,"name":"Hausse nette de la production de gaz en 2025"}]},{"@type":"WebSite","@id":"https:\/\/lasentinelle.dz\/#website","url":"https:\/\/lasentinelle.dz\/","name":"La Sentinelle","description":"Quotidien national d&#039;information","publisher":{"@id":"https:\/\/lasentinelle.dz\/#organization"},"potentialAction":[{"@type":"SearchAction","target":{"@type":"EntryPoint","urlTemplate":"https:\/\/lasentinelle.dz\/?s={search_term_string}"},"query-input":{"@type":"PropertyValueSpecification","valueRequired":true,"valueName":"search_term_string"}}],"inLanguage":"fr-FR"},{"@type":"Organization","@id":"https:\/\/lasentinelle.dz\/#organization","name":"Quotidien La Sentinelle","url":"https:\/\/lasentinelle.dz\/","logo":{"@type":"ImageObject","inLanguage":"fr-FR","@id":"https:\/\/lasentinelle.dz\/#\/schema\/logo\/image\/","url":"https:\/\/lasentinelle.dz\/wp-content\/uploads\/2021\/09\/logo-sentinelleSLOGAN-1.png","contentUrl":"https:\/\/lasentinelle.dz\/wp-content\/uploads\/2021\/09\/logo-sentinelleSLOGAN-1.png","width":615,"height":142,"caption":"Quotidien La Sentinelle"},"image":{"@id":"https:\/\/lasentinelle.dz\/#\/schema\/logo\/image\/"},"sameAs":["https:\/\/www.facebook.com\/La-Sentinelle-104059864394773"]},{"@type":"Person","@id":"https:\/\/lasentinelle.dz\/#\/schema\/person\/729ee0024f24e0b8c5ec17232f8e8b41","name":"admin","image":{"@type":"ImageObject","inLanguage":"fr-FR","@id":"https:\/\/secure.gravatar.com\/avatar\/4c81fed838786e9b53f540bf46533e750f5d292099ae3b66cfc6fb1982e29df7?s=96&d=mm&r=g","url":"https:\/\/secure.gravatar.com\/avatar\/4c81fed838786e9b53f540bf46533e750f5d292099ae3b66cfc6fb1982e29df7?s=96&d=mm&r=g","contentUrl":"https:\/\/secure.gravatar.com\/avatar\/4c81fed838786e9b53f540bf46533e750f5d292099ae3b66cfc6fb1982e29df7?s=96&d=mm&r=g","caption":"admin"},"description":"admin","url":"https:\/\/lasentinelle.dz\/author\/admin\/"}]}},"_links":{"self":[{"href":"https:\/\/lasentinelle.dz\/index.php\/wp-json\/wp\/v2\/posts\/75400","targetHints":{"allow":["GET"]}}],"collection":[{"href":"https:\/\/lasentinelle.dz\/index.php\/wp-json\/wp\/v2\/posts"}],"about":[{"href":"https:\/\/lasentinelle.dz\/index.php\/wp-json\/wp\/v2\/types\/post"}],"author":[{"embeddable":true,"href":"https:\/\/lasentinelle.dz\/index.php\/wp-json\/wp\/v2\/users\/6"}],"replies":[{"embeddable":true,"href":"https:\/\/lasentinelle.dz\/index.php\/wp-json\/wp\/v2\/comments?post=75400"}],"version-history":[{"count":1,"href":"https:\/\/lasentinelle.dz\/index.php\/wp-json\/wp\/v2\/posts\/75400\/revisions"}],"predecessor-version":[{"id":75401,"href":"https:\/\/lasentinelle.dz\/index.php\/wp-json\/wp\/v2\/posts\/75400\/revisions\/75401"}],"wp:featuredmedia":[{"embeddable":true,"href":"https:\/\/lasentinelle.dz\/index.php\/wp-json\/wp\/v2\/media\/66490"}],"wp:attachment":[{"href":"https:\/\/lasentinelle.dz\/index.php\/wp-json\/wp\/v2\/media?parent=75400"}],"wp:term":[{"taxonomy":"category","embeddable":true,"href":"https:\/\/lasentinelle.dz\/index.php\/wp-json\/wp\/v2\/categories?post=75400"},{"taxonomy":"post_tag","embeddable":true,"href":"https:\/\/lasentinelle.dz\/index.php\/wp-json\/wp\/v2\/tags?post=75400"}],"curies":[{"name":"wp","href":"https:\/\/api.w.org\/{rel}","templated":true}]}}