{"id":75417,"date":"2025-10-28T12:38:21","date_gmt":"2025-10-28T11:38:21","guid":{"rendered":"https:\/\/lasentinelle.dz\/?p=75417"},"modified":"2025-10-28T12:38:22","modified_gmt":"2025-10-28T11:38:22","slug":"transports-ferroviaires-et-maritimes-sayoud-exige-des-solutions-aux-dysfonctionnements-enregistres","status":"publish","type":"post","link":"https:\/\/lasentinelle.dz\/index.php\/2025\/10\/28\/transports-ferroviaires-et-maritimes-sayoud-exige-des-solutions-aux-dysfonctionnements-enregistres\/","title":{"rendered":"Transports ferroviaires et maritimes\u00a0: Sayoud exige des solutions aux dysfonctionnements enregistr\u00e9s"},"content":{"rendered":"\n<p>Le ministre de l&rsquo;Int\u00e9rieur, des Collectivit\u00e9s locales et des Transports, Sa\u00efd Sayoud, a pr\u00e9sid\u00e9 dimanche une r\u00e9union d&rsquo;\u00e9valuation des activit\u00e9s de transport ferroviaire et maritime de marchandises, au cours de laquelle il a exig\u00e9 des solutions urgentes aux dysfonctionnements constat\u00e9s et appel\u00e9 \u00e0 moderniser ces secteurs pour les mettre au diapason des transformations \u00e9conomiques du pays. Lors de cette rencontre tenue avec les cadres de son d\u00e9partement minist\u00e9riel, M. Sayoud a point\u00e9 du doigt les d\u00e9faillances qui minent le service ferroviaire. Selon un communiqu\u00e9 du minist\u00e8re, le ministre a soulign\u00e9 \u00ab\u00a0la n\u00e9cessit\u00e9 de rem\u00e9dier urgemment aux dysfonctionnements constat\u00e9s sur certaines lignes de transport ferroviaire, \u00e0 l&rsquo;instar des retards et des pannes enregistr\u00e9s, tout en s&#8217;employant \u00e0 assurer un service de qualit\u00e9, \u00e0 la hauteur des attentes des citoyens\u00a0\u00bb. Le dossier du transport ferroviaire de marchandises a particuli\u00e8rement retenu l&rsquo;attention du ministre qui a insist\u00e9 sur l&rsquo;importance d&rsquo;accro\u00eetre la cadence de sa prise en charge et d&rsquo;\u0153uvrer \u00e0 l&rsquo;am\u00e9lioration de la comp\u00e9titivit\u00e9 et de la performance \u00e9conomique de l&rsquo;entreprise. Il a \u00e9galement mis l&rsquo;accent sur l&rsquo;importance \u00ab\u00a0d&rsquo;intensifier le contr\u00f4le et la surveillance dans les gares et au niveau des points d&rsquo;aiguillage et des passages \u00e0 niveau, afin de limiter les comportements incivils qui portent atteinte \u00e0 la s\u00e9curit\u00e9 des trains et provoquent des pannes\u00a0\u00bb. Dans ce contexte, le ministre a propos\u00e9 d&rsquo;envisager la d\u00e9l\u00e9gation des services de gardiennage \u00e0 des entreprises sp\u00e9cialis\u00e9es selon des cahiers des charges bien d\u00e9finis. M. Sayoud a toutefois salu\u00e9 certaines avanc\u00e9es, notamment l&rsquo;impact positif enregistr\u00e9 l&rsquo;\u00e9t\u00e9 dernier suite au renforcement d&rsquo;un certain nombre de lignes ferroviaires apr\u00e8s la r\u00e9int\u00e9gration de sept trains Coradia ayant b\u00e9n\u00e9fici\u00e9 de travaux de maintenance et de r\u00e9habilitation. Les efforts consentis pour le dessablement des lignes ferroviaires dans le Sud ont \u00e9galement \u00e9t\u00e9 lou\u00e9s, avec des r\u00e9sultats probants traduits par \u00ab\u00a0l&rsquo;absence de cas d&rsquo;annulation de voyage, z\u00e9ro cas jusqu&rsquo;au mois d&rsquo;octobre 2025\u00a0\u00bb, contre 1000 cas par an avant 2022 et 570 cas en 2024. Le ministre a encourag\u00e9 l&rsquo;association de start-up dans la recherche de solutions innovantes \u00e0 ce d\u00e9fi.<\/p>\n\n\n\n<p>Concernant le transport maritime de biens et de marchandises, la r\u00e9union a permis d&rsquo;examiner la situation g\u00e9n\u00e9rale d&rsquo;exploitation de la flotte relevant de la compagnie CNAN El Djazair et de s&rsquo;enqu\u00e9rir de l&rsquo;\u00e9volution des indicateurs de gestion. M. Sayoud a donn\u00e9 des instructions pour \u00ab\u00a0le perfectionnement de la gestion de l&rsquo;entreprise, soulignant la n\u00e9cessit\u00e9 d&rsquo;un suivi rigoureux et constant des travaux en cours de maintenance et de r\u00e9habilitation des navires, en adoptant une approche centr\u00e9e sur l&rsquo;examen approfondi de la pertinence des travaux de maintenance et de leurs impacts \u00e9conomiques\u00a0\u00bb. Le ministre a \u00e9galement insist\u00e9 sur la n\u00e9cessit\u00e9 \u00ab\u00a0d&rsquo;\u00e9largir les perspectives commerciales de l&rsquo;entreprise, suivant la cadence \u00e9conomique du pays, d&rsquo;augmenter sa comp\u00e9titivit\u00e9 et sa rentabilit\u00e9 en mati\u00e8re d&rsquo;exportation et d&rsquo;importation\u00a0\u00bb. Il a instruit de coordonner avec le minist\u00e8re du Commerce ext\u00e9rieur et de maintenir une concertation permanente avec les op\u00e9rateurs \u00e9conomiques, notamment \u00e0 travers le Conseil du renouveau \u00e9conomique alg\u00e9rien. \u00c9voquant par ailleurs l&rsquo;op\u00e9ration d&rsquo;importation de 10.000 autobus dans le cadre du renouvellement du parc national de transport terrestre des voyageurs, M. Sayoud a appel\u00e9 \u00e0 \u00ab\u00a0la r\u00e9vision du cahier des charges relatif \u00e0 leurs services, notamment dans les secteurs urbain et suburbain, afin de r\u00e9pondre aux attentes des citoyens en mati\u00e8re d&rsquo;accueil, de s\u00e9curit\u00e9, d&rsquo;hygi\u00e8ne et de qualification des transporteurs\u00a0\u00bb, conclut le communiqu\u00e9.<\/p>\n\n\n\n<p>R.N.<\/p>\n","protected":false},"excerpt":{"rendered":"<p>Le ministre de l&rsquo;Int\u00e9rieur, des Collectivit\u00e9s locales et des Transports, Sa\u00efd Sayoud, a pr\u00e9sid\u00e9 dimanche une r\u00e9union d&rsquo;\u00e9valuation des activit\u00e9s<\/p>\n","protected":false},"author":6,"featured_media":74182,"comment_status":"open","ping_status":"closed","sticky":false,"template":"","format":"standard","meta":{"colormag_page_container_layout":"default_layout","colormag_page_sidebar_layout":"default_layout","om_disable_all_campaigns":false,"_monsterinsights_skip_tracking":false,"_monsterinsights_sitenote_active":false,"_monsterinsights_sitenote_note":"","_monsterinsights_sitenote_category":0,"footnotes":"","_wpscppro_dont_share_socialmedia":false,"_wpscppro_custom_social_share_image":0,"_facebook_share_type":"default","_twitter_share_type":"default","_linkedin_share_type":"default","_pinterest_share_type":"default","_linkedin_share_type_page":"","_instagram_share_type":"default","_medium_share_type":"default","_threads_share_type":"default","_google_business_share_type":"default","_selected_social_profile":[],"_wpsp_enable_custom_social_template":false,"_wpsp_social_scheduling":{"enabled":false,"datetime":null,"platforms":[],"status":"template_only","dateOption":"today","timeOption":"now","customDays":"","customHours":"","customDate":"","customTime":"","schedulingType":"absolute"},"_wpsp_active_default_template":true},"categories":[27],"tags":[],"class_list":["post-75417","post","type-post","status-publish","format-standard","has-post-thumbnail","hentry","category-actualite"],"aioseo_notices":[],"yoast_head":"<!-- This site is optimized with the Yoast SEO plugin v27.5 - https:\/\/yoast.com\/product\/yoast-seo-wordpress\/ -->\n<title>Transports ferroviaires et maritimes\u00a0: Sayoud exige des solutions aux dysfonctionnements enregistr\u00e9s - La Sentinelle<\/title>\n<meta name=\"robots\" content=\"index, follow, max-snippet:-1, max-image-preview:large, max-video-preview:-1\" \/>\n<link rel=\"canonical\" href=\"https:\/\/lasentinelle.dz\/index.php\/2025\/10\/28\/transports-ferroviaires-et-maritimes-sayoud-exige-des-solutions-aux-dysfonctionnements-enregistres\/\" \/>\n<meta property=\"og:locale\" content=\"fr_FR\" \/>\n<meta property=\"og:type\" content=\"article\" \/>\n<meta property=\"og:title\" content=\"Transports ferroviaires et maritimes\u00a0: Sayoud exige des solutions aux dysfonctionnements enregistr\u00e9s - La Sentinelle\" \/>\n<meta property=\"og:description\" content=\"Le ministre de l&rsquo;Int\u00e9rieur, des Collectivit\u00e9s locales et des Transports, Sa\u00efd Sayoud, a pr\u00e9sid\u00e9 dimanche une r\u00e9union d&rsquo;\u00e9valuation des activit\u00e9s\" \/>\n<meta property=\"og:url\" content=\"https:\/\/lasentinelle.dz\/index.php\/2025\/10\/28\/transports-ferroviaires-et-maritimes-sayoud-exige-des-solutions-aux-dysfonctionnements-enregistres\/\" \/>\n<meta property=\"og:site_name\" content=\"La Sentinelle\" \/>\n<meta property=\"article:publisher\" content=\"https:\/\/www.facebook.com\/La-Sentinelle-104059864394773\" \/>\n<meta property=\"article:published_time\" content=\"2025-10-28T11:38:21+00:00\" \/>\n<meta property=\"article:modified_time\" content=\"2025-10-28T11:38:22+00:00\" \/>\n<meta property=\"og:image\" content=\"https:\/\/lasentinelle.dz\/wp-content\/uploads\/2025\/10\/Sayoud-1.jpg\" \/>\n\t<meta property=\"og:image:width\" content=\"2048\" \/>\n\t<meta property=\"og:image:height\" content=\"1365\" \/>\n\t<meta property=\"og:image:type\" content=\"image\/jpeg\" \/>\n<meta name=\"author\" content=\"admin\" \/>\n<meta name=\"twitter:card\" content=\"summary_large_image\" \/>\n<meta name=\"twitter:label1\" content=\"\u00c9crit par\" \/>\n\t<meta name=\"twitter:data1\" content=\"admin\" \/>\n\t<meta name=\"twitter:label2\" content=\"Dur\u00e9e de lecture estim\u00e9e\" \/>\n\t<meta name=\"twitter:data2\" content=\"4 minutes\" \/>\n<script type=\"application\/ld+json\" class=\"yoast-schema-graph\">{\"@context\":\"https:\\\/\\\/schema.org\",\"@graph\":[{\"@type\":\"Article\",\"@id\":\"https:\\\/\\\/lasentinelle.dz\\\/index.php\\\/2025\\\/10\\\/28\\\/transports-ferroviaires-et-maritimes-sayoud-exige-des-solutions-aux-dysfonctionnements-enregistres\\\/#article\",\"isPartOf\":{\"@id\":\"https:\\\/\\\/lasentinelle.dz\\\/index.php\\\/2025\\\/10\\\/28\\\/transports-ferroviaires-et-maritimes-sayoud-exige-des-solutions-aux-dysfonctionnements-enregistres\\\/\"},\"author\":{\"name\":\"admin\",\"@id\":\"https:\\\/\\\/lasentinelle.dz\\\/#\\\/schema\\\/person\\\/729ee0024f24e0b8c5ec17232f8e8b41\"},\"headline\":\"Transports ferroviaires et maritimes\u00a0: Sayoud exige des solutions aux dysfonctionnements enregistr\u00e9s\",\"datePublished\":\"2025-10-28T11:38:21+00:00\",\"dateModified\":\"2025-10-28T11:38:22+00:00\",\"mainEntityOfPage\":{\"@id\":\"https:\\\/\\\/lasentinelle.dz\\\/index.php\\\/2025\\\/10\\\/28\\\/transports-ferroviaires-et-maritimes-sayoud-exige-des-solutions-aux-dysfonctionnements-enregistres\\\/\"},\"wordCount\":645,\"commentCount\":0,\"publisher\":{\"@id\":\"https:\\\/\\\/lasentinelle.dz\\\/#organization\"},\"image\":{\"@id\":\"https:\\\/\\\/lasentinelle.dz\\\/index.php\\\/2025\\\/10\\\/28\\\/transports-ferroviaires-et-maritimes-sayoud-exige-des-solutions-aux-dysfonctionnements-enregistres\\\/#primaryimage\"},\"thumbnailUrl\":\"https:\\\/\\\/lasentinelle.dz\\\/wp-content\\\/uploads\\\/2025\\\/10\\\/Sayoud-1.jpg\",\"articleSection\":[\"Actualit\u00e9\"],\"inLanguage\":\"fr-FR\",\"potentialAction\":[{\"@type\":\"CommentAction\",\"name\":\"Comment\",\"target\":[\"https:\\\/\\\/lasentinelle.dz\\\/index.php\\\/2025\\\/10\\\/28\\\/transports-ferroviaires-et-maritimes-sayoud-exige-des-solutions-aux-dysfonctionnements-enregistres\\\/#respond\"]}]},{\"@type\":\"WebPage\",\"@id\":\"https:\\\/\\\/lasentinelle.dz\\\/index.php\\\/2025\\\/10\\\/28\\\/transports-ferroviaires-et-maritimes-sayoud-exige-des-solutions-aux-dysfonctionnements-enregistres\\\/\",\"url\":\"https:\\\/\\\/lasentinelle.dz\\\/index.php\\\/2025\\\/10\\\/28\\\/transports-ferroviaires-et-maritimes-sayoud-exige-des-solutions-aux-dysfonctionnements-enregistres\\\/\",\"name\":\"Transports ferroviaires et maritimes\u00a0: Sayoud exige des solutions aux dysfonctionnements enregistr\u00e9s - La Sentinelle\",\"isPartOf\":{\"@id\":\"https:\\\/\\\/lasentinelle.dz\\\/#website\"},\"primaryImageOfPage\":{\"@id\":\"https:\\\/\\\/lasentinelle.dz\\\/index.php\\\/2025\\\/10\\\/28\\\/transports-ferroviaires-et-maritimes-sayoud-exige-des-solutions-aux-dysfonctionnements-enregistres\\\/#primaryimage\"},\"image\":{\"@id\":\"https:\\\/\\\/lasentinelle.dz\\\/index.php\\\/2025\\\/10\\\/28\\\/transports-ferroviaires-et-maritimes-sayoud-exige-des-solutions-aux-dysfonctionnements-enregistres\\\/#primaryimage\"},\"thumbnailUrl\":\"https:\\\/\\\/lasentinelle.dz\\\/wp-content\\\/uploads\\\/2025\\\/10\\\/Sayoud-1.jpg\",\"datePublished\":\"2025-10-28T11:38:21+00:00\",\"dateModified\":\"2025-10-28T11:38:22+00:00\",\"breadcrumb\":{\"@id\":\"https:\\\/\\\/lasentinelle.dz\\\/index.php\\\/2025\\\/10\\\/28\\\/transports-ferroviaires-et-maritimes-sayoud-exige-des-solutions-aux-dysfonctionnements-enregistres\\\/#breadcrumb\"},\"inLanguage\":\"fr-FR\",\"potentialAction\":[{\"@type\":\"ReadAction\",\"target\":[\"https:\\\/\\\/lasentinelle.dz\\\/index.php\\\/2025\\\/10\\\/28\\\/transports-ferroviaires-et-maritimes-sayoud-exige-des-solutions-aux-dysfonctionnements-enregistres\\\/\"]}]},{\"@type\":\"ImageObject\",\"inLanguage\":\"fr-FR\",\"@id\":\"https:\\\/\\\/lasentinelle.dz\\\/index.php\\\/2025\\\/10\\\/28\\\/transports-ferroviaires-et-maritimes-sayoud-exige-des-solutions-aux-dysfonctionnements-enregistres\\\/#primaryimage\",\"url\":\"https:\\\/\\\/lasentinelle.dz\\\/wp-content\\\/uploads\\\/2025\\\/10\\\/Sayoud-1.jpg\",\"contentUrl\":\"https:\\\/\\\/lasentinelle.dz\\\/wp-content\\\/uploads\\\/2025\\\/10\\\/Sayoud-1.jpg\",\"width\":2048,\"height\":1365},{\"@type\":\"BreadcrumbList\",\"@id\":\"https:\\\/\\\/lasentinelle.dz\\\/index.php\\\/2025\\\/10\\\/28\\\/transports-ferroviaires-et-maritimes-sayoud-exige-des-solutions-aux-dysfonctionnements-enregistres\\\/#breadcrumb\",\"itemListElement\":[{\"@type\":\"ListItem\",\"position\":1,\"name\":\"Accueil\",\"item\":\"https:\\\/\\\/lasentinelle.dz\\\/\"},{\"@type\":\"ListItem\",\"position\":2,\"name\":\"Transports ferroviaires et maritimes\u00a0: Sayoud exige des solutions aux dysfonctionnements enregistr\u00e9s\"}]},{\"@type\":\"WebSite\",\"@id\":\"https:\\\/\\\/lasentinelle.dz\\\/#website\",\"url\":\"https:\\\/\\\/lasentinelle.dz\\\/\",\"name\":\"La Sentinelle\",\"description\":\"Quotidien national d&#039;information\",\"publisher\":{\"@id\":\"https:\\\/\\\/lasentinelle.dz\\\/#organization\"},\"potentialAction\":[{\"@type\":\"SearchAction\",\"target\":{\"@type\":\"EntryPoint\",\"urlTemplate\":\"https:\\\/\\\/lasentinelle.dz\\\/?s={search_term_string}\"},\"query-input\":{\"@type\":\"PropertyValueSpecification\",\"valueRequired\":true,\"valueName\":\"search_term_string\"}}],\"inLanguage\":\"fr-FR\"},{\"@type\":\"Organization\",\"@id\":\"https:\\\/\\\/lasentinelle.dz\\\/#organization\",\"name\":\"Quotidien La Sentinelle\",\"url\":\"https:\\\/\\\/lasentinelle.dz\\\/\",\"logo\":{\"@type\":\"ImageObject\",\"inLanguage\":\"fr-FR\",\"@id\":\"https:\\\/\\\/lasentinelle.dz\\\/#\\\/schema\\\/logo\\\/image\\\/\",\"url\":\"https:\\\/\\\/lasentinelle.dz\\\/wp-content\\\/uploads\\\/2021\\\/09\\\/logo-sentinelleSLOGAN-1.png\",\"contentUrl\":\"https:\\\/\\\/lasentinelle.dz\\\/wp-content\\\/uploads\\\/2021\\\/09\\\/logo-sentinelleSLOGAN-1.png\",\"width\":615,\"height\":142,\"caption\":\"Quotidien La Sentinelle\"},\"image\":{\"@id\":\"https:\\\/\\\/lasentinelle.dz\\\/#\\\/schema\\\/logo\\\/image\\\/\"},\"sameAs\":[\"https:\\\/\\\/www.facebook.com\\\/La-Sentinelle-104059864394773\"]},{\"@type\":\"Person\",\"@id\":\"https:\\\/\\\/lasentinelle.dz\\\/#\\\/schema\\\/person\\\/729ee0024f24e0b8c5ec17232f8e8b41\",\"name\":\"admin\",\"image\":{\"@type\":\"ImageObject\",\"inLanguage\":\"fr-FR\",\"@id\":\"https:\\\/\\\/secure.gravatar.com\\\/avatar\\\/4c81fed838786e9b53f540bf46533e750f5d292099ae3b66cfc6fb1982e29df7?s=96&d=mm&r=g\",\"url\":\"https:\\\/\\\/secure.gravatar.com\\\/avatar\\\/4c81fed838786e9b53f540bf46533e750f5d292099ae3b66cfc6fb1982e29df7?s=96&d=mm&r=g\",\"contentUrl\":\"https:\\\/\\\/secure.gravatar.com\\\/avatar\\\/4c81fed838786e9b53f540bf46533e750f5d292099ae3b66cfc6fb1982e29df7?s=96&d=mm&r=g\",\"caption\":\"admin\"},\"description\":\"admin\",\"url\":\"https:\\\/\\\/lasentinelle.dz\\\/author\\\/admin\\\/\"}]}<\/script>\n<!-- \/ Yoast SEO plugin. -->","yoast_head_json":{"title":"Transports ferroviaires et maritimes\u00a0: Sayoud exige des solutions aux dysfonctionnements enregistr\u00e9s - La Sentinelle","robots":{"index":"index","follow":"follow","max-snippet":"max-snippet:-1","max-image-preview":"max-image-preview:large","max-video-preview":"max-video-preview:-1"},"canonical":"https:\/\/lasentinelle.dz\/index.php\/2025\/10\/28\/transports-ferroviaires-et-maritimes-sayoud-exige-des-solutions-aux-dysfonctionnements-enregistres\/","og_locale":"fr_FR","og_type":"article","og_title":"Transports ferroviaires et maritimes\u00a0: Sayoud exige des solutions aux dysfonctionnements enregistr\u00e9s - La Sentinelle","og_description":"Le ministre de l&rsquo;Int\u00e9rieur, des Collectivit\u00e9s locales et des Transports, Sa\u00efd Sayoud, a pr\u00e9sid\u00e9 dimanche une r\u00e9union d&rsquo;\u00e9valuation des activit\u00e9s","og_url":"https:\/\/lasentinelle.dz\/index.php\/2025\/10\/28\/transports-ferroviaires-et-maritimes-sayoud-exige-des-solutions-aux-dysfonctionnements-enregistres\/","og_site_name":"La Sentinelle","article_publisher":"https:\/\/www.facebook.com\/La-Sentinelle-104059864394773","article_published_time":"2025-10-28T11:38:21+00:00","article_modified_time":"2025-10-28T11:38:22+00:00","og_image":[{"width":2048,"height":1365,"url":"https:\/\/lasentinelle.dz\/wp-content\/uploads\/2025\/10\/Sayoud-1.jpg","type":"image\/jpeg"}],"author":"admin","twitter_card":"summary_large_image","twitter_misc":{"\u00c9crit par":"admin","Dur\u00e9e de lecture estim\u00e9e":"4 minutes"},"schema":{"@context":"https:\/\/schema.org","@graph":[{"@type":"Article","@id":"https:\/\/lasentinelle.dz\/index.php\/2025\/10\/28\/transports-ferroviaires-et-maritimes-sayoud-exige-des-solutions-aux-dysfonctionnements-enregistres\/#article","isPartOf":{"@id":"https:\/\/lasentinelle.dz\/index.php\/2025\/10\/28\/transports-ferroviaires-et-maritimes-sayoud-exige-des-solutions-aux-dysfonctionnements-enregistres\/"},"author":{"name":"admin","@id":"https:\/\/lasentinelle.dz\/#\/schema\/person\/729ee0024f24e0b8c5ec17232f8e8b41"},"headline":"Transports ferroviaires et maritimes\u00a0: Sayoud exige des solutions aux dysfonctionnements enregistr\u00e9s","datePublished":"2025-10-28T11:38:21+00:00","dateModified":"2025-10-28T11:38:22+00:00","mainEntityOfPage":{"@id":"https:\/\/lasentinelle.dz\/index.php\/2025\/10\/28\/transports-ferroviaires-et-maritimes-sayoud-exige-des-solutions-aux-dysfonctionnements-enregistres\/"},"wordCount":645,"commentCount":0,"publisher":{"@id":"https:\/\/lasentinelle.dz\/#organization"},"image":{"@id":"https:\/\/lasentinelle.dz\/index.php\/2025\/10\/28\/transports-ferroviaires-et-maritimes-sayoud-exige-des-solutions-aux-dysfonctionnements-enregistres\/#primaryimage"},"thumbnailUrl":"https:\/\/lasentinelle.dz\/wp-content\/uploads\/2025\/10\/Sayoud-1.jpg","articleSection":["Actualit\u00e9"],"inLanguage":"fr-FR","potentialAction":[{"@type":"CommentAction","name":"Comment","target":["https:\/\/lasentinelle.dz\/index.php\/2025\/10\/28\/transports-ferroviaires-et-maritimes-sayoud-exige-des-solutions-aux-dysfonctionnements-enregistres\/#respond"]}]},{"@type":"WebPage","@id":"https:\/\/lasentinelle.dz\/index.php\/2025\/10\/28\/transports-ferroviaires-et-maritimes-sayoud-exige-des-solutions-aux-dysfonctionnements-enregistres\/","url":"https:\/\/lasentinelle.dz\/index.php\/2025\/10\/28\/transports-ferroviaires-et-maritimes-sayoud-exige-des-solutions-aux-dysfonctionnements-enregistres\/","name":"Transports ferroviaires et maritimes\u00a0: Sayoud exige des solutions aux dysfonctionnements enregistr\u00e9s - La Sentinelle","isPartOf":{"@id":"https:\/\/lasentinelle.dz\/#website"},"primaryImageOfPage":{"@id":"https:\/\/lasentinelle.dz\/index.php\/2025\/10\/28\/transports-ferroviaires-et-maritimes-sayoud-exige-des-solutions-aux-dysfonctionnements-enregistres\/#primaryimage"},"image":{"@id":"https:\/\/lasentinelle.dz\/index.php\/2025\/10\/28\/transports-ferroviaires-et-maritimes-sayoud-exige-des-solutions-aux-dysfonctionnements-enregistres\/#primaryimage"},"thumbnailUrl":"https:\/\/lasentinelle.dz\/wp-content\/uploads\/2025\/10\/Sayoud-1.jpg","datePublished":"2025-10-28T11:38:21+00:00","dateModified":"2025-10-28T11:38:22+00:00","breadcrumb":{"@id":"https:\/\/lasentinelle.dz\/index.php\/2025\/10\/28\/transports-ferroviaires-et-maritimes-sayoud-exige-des-solutions-aux-dysfonctionnements-enregistres\/#breadcrumb"},"inLanguage":"fr-FR","potentialAction":[{"@type":"ReadAction","target":["https:\/\/lasentinelle.dz\/index.php\/2025\/10\/28\/transports-ferroviaires-et-maritimes-sayoud-exige-des-solutions-aux-dysfonctionnements-enregistres\/"]}]},{"@type":"ImageObject","inLanguage":"fr-FR","@id":"https:\/\/lasentinelle.dz\/index.php\/2025\/10\/28\/transports-ferroviaires-et-maritimes-sayoud-exige-des-solutions-aux-dysfonctionnements-enregistres\/#primaryimage","url":"https:\/\/lasentinelle.dz\/wp-content\/uploads\/2025\/10\/Sayoud-1.jpg","contentUrl":"https:\/\/lasentinelle.dz\/wp-content\/uploads\/2025\/10\/Sayoud-1.jpg","width":2048,"height":1365},{"@type":"BreadcrumbList","@id":"https:\/\/lasentinelle.dz\/index.php\/2025\/10\/28\/transports-ferroviaires-et-maritimes-sayoud-exige-des-solutions-aux-dysfonctionnements-enregistres\/#breadcrumb","itemListElement":[{"@type":"ListItem","position":1,"name":"Accueil","item":"https:\/\/lasentinelle.dz\/"},{"@type":"ListItem","position":2,"name":"Transports ferroviaires et maritimes\u00a0: Sayoud exige des solutions aux dysfonctionnements enregistr\u00e9s"}]},{"@type":"WebSite","@id":"https:\/\/lasentinelle.dz\/#website","url":"https:\/\/lasentinelle.dz\/","name":"La Sentinelle","description":"Quotidien national d&#039;information","publisher":{"@id":"https:\/\/lasentinelle.dz\/#organization"},"potentialAction":[{"@type":"SearchAction","target":{"@type":"EntryPoint","urlTemplate":"https:\/\/lasentinelle.dz\/?s={search_term_string}"},"query-input":{"@type":"PropertyValueSpecification","valueRequired":true,"valueName":"search_term_string"}}],"inLanguage":"fr-FR"},{"@type":"Organization","@id":"https:\/\/lasentinelle.dz\/#organization","name":"Quotidien La Sentinelle","url":"https:\/\/lasentinelle.dz\/","logo":{"@type":"ImageObject","inLanguage":"fr-FR","@id":"https:\/\/lasentinelle.dz\/#\/schema\/logo\/image\/","url":"https:\/\/lasentinelle.dz\/wp-content\/uploads\/2021\/09\/logo-sentinelleSLOGAN-1.png","contentUrl":"https:\/\/lasentinelle.dz\/wp-content\/uploads\/2021\/09\/logo-sentinelleSLOGAN-1.png","width":615,"height":142,"caption":"Quotidien La Sentinelle"},"image":{"@id":"https:\/\/lasentinelle.dz\/#\/schema\/logo\/image\/"},"sameAs":["https:\/\/www.facebook.com\/La-Sentinelle-104059864394773"]},{"@type":"Person","@id":"https:\/\/lasentinelle.dz\/#\/schema\/person\/729ee0024f24e0b8c5ec17232f8e8b41","name":"admin","image":{"@type":"ImageObject","inLanguage":"fr-FR","@id":"https:\/\/secure.gravatar.com\/avatar\/4c81fed838786e9b53f540bf46533e750f5d292099ae3b66cfc6fb1982e29df7?s=96&d=mm&r=g","url":"https:\/\/secure.gravatar.com\/avatar\/4c81fed838786e9b53f540bf46533e750f5d292099ae3b66cfc6fb1982e29df7?s=96&d=mm&r=g","contentUrl":"https:\/\/secure.gravatar.com\/avatar\/4c81fed838786e9b53f540bf46533e750f5d292099ae3b66cfc6fb1982e29df7?s=96&d=mm&r=g","caption":"admin"},"description":"admin","url":"https:\/\/lasentinelle.dz\/author\/admin\/"}]}},"_links":{"self":[{"href":"https:\/\/lasentinelle.dz\/index.php\/wp-json\/wp\/v2\/posts\/75417","targetHints":{"allow":["GET"]}}],"collection":[{"href":"https:\/\/lasentinelle.dz\/index.php\/wp-json\/wp\/v2\/posts"}],"about":[{"href":"https:\/\/lasentinelle.dz\/index.php\/wp-json\/wp\/v2\/types\/post"}],"author":[{"embeddable":true,"href":"https:\/\/lasentinelle.dz\/index.php\/wp-json\/wp\/v2\/users\/6"}],"replies":[{"embeddable":true,"href":"https:\/\/lasentinelle.dz\/index.php\/wp-json\/wp\/v2\/comments?post=75417"}],"version-history":[{"count":1,"href":"https:\/\/lasentinelle.dz\/index.php\/wp-json\/wp\/v2\/posts\/75417\/revisions"}],"predecessor-version":[{"id":75418,"href":"https:\/\/lasentinelle.dz\/index.php\/wp-json\/wp\/v2\/posts\/75417\/revisions\/75418"}],"wp:featuredmedia":[{"embeddable":true,"href":"https:\/\/lasentinelle.dz\/index.php\/wp-json\/wp\/v2\/media\/74182"}],"wp:attachment":[{"href":"https:\/\/lasentinelle.dz\/index.php\/wp-json\/wp\/v2\/media?parent=75417"}],"wp:term":[{"taxonomy":"category","embeddable":true,"href":"https:\/\/lasentinelle.dz\/index.php\/wp-json\/wp\/v2\/categories?post=75417"},{"taxonomy":"post_tag","embeddable":true,"href":"https:\/\/lasentinelle.dz\/index.php\/wp-json\/wp\/v2\/tags?post=75417"}],"curies":[{"name":"wp","href":"https:\/\/api.w.org\/{rel}","templated":true}]}}