{"id":7542,"date":"2021-09-13T00:01:00","date_gmt":"2021-09-12T23:01:00","guid":{"rendered":"https:\/\/lasentinelle.dz\/?p=7542"},"modified":"2021-09-12T16:42:46","modified_gmt":"2021-09-12T15:42:46","slug":"nucleaire-iranien-accord-entre-laiea-et-liran-sur-le-materiel-de-surveillance","status":"publish","type":"post","link":"https:\/\/lasentinelle.dz\/index.php\/2021\/09\/13\/nucleaire-iranien-accord-entre-laiea-et-liran-sur-le-materiel-de-surveillance\/","title":{"rendered":"Nucl\u00e9aire iranien : Accord entre l&rsquo;AIEA et l&rsquo;Iran sur le materiel de surveillance"},"content":{"rendered":"\n<p>L&rsquo;Agence internationale de l&rsquo;\u00e9nergie atomique (AIEA), dont le directeur g\u00e9n\u00e9ral se trouve \u00e0 T\u00e9h\u00e9ran, a annonc\u00e9 avoir trouv\u00e9 hier un accord avec l&rsquo;Iran concernant la surveillance du programme nucl\u00e9aire iranien, quelques jours apr\u00e8s avoir d\u00e9nonc\u00e9 un manque de coop\u00e9ration \u00e0 ce sujet.Venu sp\u00e9cialement dans la capitale iranienne pour tenter de d\u00e9samorcer les tensions, le directeur g\u00e9n\u00e9ral de l&rsquo;AIEA, Rafael Grossi, a rencontr\u00e9 le chef de l&rsquo;Organisation iranienne de l&rsquo;\u00e9nergie atomique, Mohammad Eslami.Dans un communiqu\u00e9 commun, les deux hommes annoncent que \u00ab\u00a0les inspecteurs de l&rsquo;AIEA ont l&rsquo;autorisation d&rsquo;intervenir pour entretenir l&rsquo;\u00e9quipement et remplacer les disques durs\u00a0\u00bb des cam\u00e9ras install\u00e9es par le gendarme onusien du nucl\u00e9aire dans les installations iraniennes.En visite en Iran pour la deuxi\u00e8me fois cette ann\u00e9e, M. Grossi s&rsquo;assure avec ce nouveau compromis d&rsquo;une continuit\u00e9 dans la surveillance du programme nucl\u00e9aire iranien et offre un sursis aux grandes puissances qui tentent de ressusciter l&rsquo;accord international sur le nucl\u00e9aire iranien de 2015.L&rsquo;Iran a restreint en f\u00e9vrier l&rsquo;acc\u00e8s des inspecteurs de l&rsquo;AIEA \u00e0 certaines de ses installations nucl\u00e9aires et refuse de fournir en temps r\u00e9el les enregistrements des cam\u00e9ras et autres outils de surveillance que l&rsquo;agence onusienne y a install\u00e9s.Un compromis avait \u00e9t\u00e9 n\u00e9goci\u00e9 pour garantir un certain degr\u00e9 de surveillance mais il a expir\u00e9 en juin, et l&rsquo;AIEA craignait de perdre des donn\u00e9es en cas de saturation de la capacit\u00e9 d&rsquo;enregistrement des outils.<\/p>\n\n\n\n<p>En vertu du nouvel accord, l&rsquo;AIEA n&rsquo;aura toujours pas acc\u00e8s aux donn\u00e9es des cam\u00e9ras, mais l&rsquo;Iran s&rsquo;est engag\u00e9 en f\u00e9vrier \u00e0 les lui fournir \u00e0 terme, en cas de succ\u00e8s des pourparlers pour sauver l&rsquo;accord de Vienne.Cit\u00e9 par l&rsquo;agence officielle Irna, M. Eslami s&rsquo;est f\u00e9licit\u00e9 \u00ab\u00a0des n\u00e9gociations bonnes et constructives avec M. Grossi\u00a0\u00bb. \u00ab\u00a0Il a \u00e9t\u00e9 d\u00e9cid\u00e9 que les experts de l&rsquo;Agence viendraient en Iran pour remplacer les cartes m\u00e9moire des cam\u00e9ras de surveillance technique\u00a0\u00bb, a-t-il pr\u00e9cis\u00e9. \u00ab\u00a0Elles restent plac\u00e9es sous sceau en Iran et de nouvelles cartes seront install\u00e9es.\u00a0\u00bb<\/p>\n\n\n\n<p>M. Grossi reviendra \u00e0 T\u00e9h\u00e9ran \u00ab\u00a0dans un futur proche pour des consultations de haut niveau\u00a0\u00bb, pr\u00e9cise le communiqu\u00e9 conjoint, qui insiste sur \u00ab\u00a0la coop\u00e9ration et la confiance mutuelles des deux parties\u00a0\u00bb.Sa visite intervient \u00e9galement avant une r\u00e9union \u00e0 partir de lundi du Conseil des gouverneurs de l&rsquo;Agence, \u00e0 laquelle l&rsquo;Iran a \u00ab\u00a0d\u00e9cid\u00e9 d&rsquo;assister\u00a0\u00bb pour \u00ab\u00a0poursuivre nos discussions\u00a0\u00bb, a soulign\u00e9 M. Eslami.La question des cam\u00e9ras de surveillance de l&rsquo;AIEA s&rsquo;inscrit dans le cadre plus large des pourparlers pour tenter de sauver l&rsquo;accord international sur le nucl\u00e9aire iranien, torpill\u00e9 en 2018 par la d\u00e9cision de l&rsquo;ex-pr\u00e9sident am\u00e9ricain Donald Trump de s&rsquo;en retirer et de r\u00e9tablir les sanctions am\u00e9ricaines. En riposte, l&rsquo;Iran s&rsquo;est affranchi de la plupart de ses obligations.L&rsquo;accord offre \u00e0 T\u00e9h\u00e9ran un all\u00e8gement des sanctions occidentales et onusiennes en \u00e9change de son engagement \u00e0 ne jamais se doter de l&rsquo;arme atomique et d&rsquo;une r\u00e9duction drastique de son programme nucl\u00e9aire, plac\u00e9 sous strict contr\u00f4le de l&rsquo;ONU.<\/p>\n\n\n\n<p>Apr\u00e8s la publication du rapport de l&rsquo;AIEA, M. Ra\u00efssi a assur\u00e9 mercredi que son pays faisait preuve de \u00ab\u00a0transparence\u00a0\u00bb. \u00ab\u00a0Naturellement, en cas d&rsquo;approche non constructive de l&rsquo;AIEA, il est d\u00e9raisonnable d&rsquo;attendre de l&rsquo;Iran une r\u00e9ponse constructive\u00a0\u00bb, a-t-il toutefois dit.De son c\u00f4t\u00e9, le secr\u00e9taire d&rsquo;Etat am\u00e9ricain Antony Blinken a averti apr\u00e8s la publication du rapport que les Etats-Unis \u00e9taient \u00ab\u00a0proches\u00a0\u00bb d&rsquo;abandonner leurs efforts pour relancer l&rsquo;accord.<\/p>\n\n\n\n<p>R.I. avec AFP<\/p>\n","protected":false},"excerpt":{"rendered":"<p>L&rsquo;Agence internationale de l&rsquo;\u00e9nergie atomique (AIEA), dont le directeur g\u00e9n\u00e9ral se trouve \u00e0 T\u00e9h\u00e9ran, a annonc\u00e9 avoir trouv\u00e9 hier un<\/p>\n","protected":false},"author":3,"featured_media":7543,"comment_status":"open","ping_status":"closed","sticky":false,"template":"","format":"standard","meta":{"colormag_page_container_layout":"default_layout","colormag_page_sidebar_layout":"default_layout","om_disable_all_campaigns":false,"_monsterinsights_skip_tracking":false,"_monsterinsights_sitenote_active":false,"_monsterinsights_sitenote_note":"","_monsterinsights_sitenote_category":0,"footnotes":"","_wpscppro_dont_share_socialmedia":false,"_wpscppro_custom_social_share_image":0,"_facebook_share_type":"","_twitter_share_type":"","_linkedin_share_type":"","_pinterest_share_type":"","_linkedin_share_type_page":"","_instagram_share_type":"","_medium_share_type":"","_threads_share_type":"","_google_business_share_type":"","_selected_social_profile":[],"_wpsp_enable_custom_social_template":false,"_wpsp_social_scheduling":{"enabled":false,"datetime":null,"platforms":[],"status":"template_only","dateOption":"today","timeOption":"now","customDays":"","customHours":"","customDate":"","customTime":"","schedulingType":"absolute"},"_wpsp_active_default_template":true},"categories":[37],"tags":[],"class_list":["post-7542","post","type-post","status-publish","format-standard","has-post-thumbnail","hentry","category-monde"],"aioseo_notices":[],"yoast_head":"<!-- This site is optimized with the Yoast SEO plugin v27.5 - https:\/\/yoast.com\/product\/yoast-seo-wordpress\/ -->\n<title>Nucl\u00e9aire iranien : Accord entre l&#039;AIEA et l&#039;Iran sur le materiel de surveillance - La Sentinelle<\/title>\n<meta name=\"robots\" content=\"index, follow, max-snippet:-1, max-image-preview:large, max-video-preview:-1\" \/>\n<link rel=\"canonical\" href=\"https:\/\/lasentinelle.dz\/index.php\/2021\/09\/13\/nucleaire-iranien-accord-entre-laiea-et-liran-sur-le-materiel-de-surveillance\/\" \/>\n<meta property=\"og:locale\" content=\"fr_FR\" \/>\n<meta property=\"og:type\" content=\"article\" \/>\n<meta property=\"og:title\" content=\"Nucl\u00e9aire iranien : Accord entre l&#039;AIEA et l&#039;Iran sur le materiel de surveillance - La Sentinelle\" \/>\n<meta property=\"og:description\" content=\"L&rsquo;Agence internationale de l&rsquo;\u00e9nergie atomique (AIEA), dont le directeur g\u00e9n\u00e9ral se trouve \u00e0 T\u00e9h\u00e9ran, a annonc\u00e9 avoir trouv\u00e9 hier un\" \/>\n<meta property=\"og:url\" content=\"https:\/\/lasentinelle.dz\/index.php\/2021\/09\/13\/nucleaire-iranien-accord-entre-laiea-et-liran-sur-le-materiel-de-surveillance\/\" \/>\n<meta property=\"og:site_name\" content=\"La Sentinelle\" \/>\n<meta property=\"article:publisher\" content=\"https:\/\/www.facebook.com\/La-Sentinelle-104059864394773\" \/>\n<meta property=\"article:published_time\" content=\"2021-09-12T23:01:00+00:00\" \/>\n<meta property=\"og:image\" content=\"https:\/\/lasentinelle.dz\/wp-content\/uploads\/2021\/09\/image_2021-09-12_164229.png\" \/>\n\t<meta property=\"og:image:width\" content=\"1280\" \/>\n\t<meta property=\"og:image:height\" content=\"720\" \/>\n\t<meta property=\"og:image:type\" content=\"image\/png\" \/>\n<meta name=\"author\" content=\"La Sentinelle\" \/>\n<meta name=\"twitter:card\" content=\"summary_large_image\" \/>\n<meta name=\"twitter:label1\" content=\"\u00c9crit par\" \/>\n\t<meta name=\"twitter:data1\" content=\"La Sentinelle\" \/>\n\t<meta name=\"twitter:label2\" content=\"Dur\u00e9e de lecture estim\u00e9e\" \/>\n\t<meta name=\"twitter:data2\" content=\"3 minutes\" \/>\n<script type=\"application\/ld+json\" class=\"yoast-schema-graph\">{\"@context\":\"https:\\\/\\\/schema.org\",\"@graph\":[{\"@type\":\"Article\",\"@id\":\"https:\\\/\\\/lasentinelle.dz\\\/index.php\\\/2021\\\/09\\\/13\\\/nucleaire-iranien-accord-entre-laiea-et-liran-sur-le-materiel-de-surveillance\\\/#article\",\"isPartOf\":{\"@id\":\"https:\\\/\\\/lasentinelle.dz\\\/index.php\\\/2021\\\/09\\\/13\\\/nucleaire-iranien-accord-entre-laiea-et-liran-sur-le-materiel-de-surveillance\\\/\"},\"author\":{\"name\":\"La Sentinelle\",\"@id\":\"https:\\\/\\\/lasentinelle.dz\\\/#\\\/schema\\\/person\\\/d865044e22e70a75174ce8bcad3acfb3\"},\"headline\":\"Nucl\u00e9aire iranien : Accord entre l&rsquo;AIEA et l&rsquo;Iran sur le materiel de surveillance\",\"datePublished\":\"2021-09-12T23:01:00+00:00\",\"mainEntityOfPage\":{\"@id\":\"https:\\\/\\\/lasentinelle.dz\\\/index.php\\\/2021\\\/09\\\/13\\\/nucleaire-iranien-accord-entre-laiea-et-liran-sur-le-materiel-de-surveillance\\\/\"},\"wordCount\":665,\"commentCount\":0,\"publisher\":{\"@id\":\"https:\\\/\\\/lasentinelle.dz\\\/#organization\"},\"image\":{\"@id\":\"https:\\\/\\\/lasentinelle.dz\\\/index.php\\\/2021\\\/09\\\/13\\\/nucleaire-iranien-accord-entre-laiea-et-liran-sur-le-materiel-de-surveillance\\\/#primaryimage\"},\"thumbnailUrl\":\"https:\\\/\\\/lasentinelle.dz\\\/wp-content\\\/uploads\\\/2021\\\/09\\\/image_2021-09-12_164229.png\",\"articleSection\":[\"Monde\"],\"inLanguage\":\"fr-FR\",\"potentialAction\":[{\"@type\":\"CommentAction\",\"name\":\"Comment\",\"target\":[\"https:\\\/\\\/lasentinelle.dz\\\/index.php\\\/2021\\\/09\\\/13\\\/nucleaire-iranien-accord-entre-laiea-et-liran-sur-le-materiel-de-surveillance\\\/#respond\"]}]},{\"@type\":\"WebPage\",\"@id\":\"https:\\\/\\\/lasentinelle.dz\\\/index.php\\\/2021\\\/09\\\/13\\\/nucleaire-iranien-accord-entre-laiea-et-liran-sur-le-materiel-de-surveillance\\\/\",\"url\":\"https:\\\/\\\/lasentinelle.dz\\\/index.php\\\/2021\\\/09\\\/13\\\/nucleaire-iranien-accord-entre-laiea-et-liran-sur-le-materiel-de-surveillance\\\/\",\"name\":\"Nucl\u00e9aire iranien : Accord entre l'AIEA et l'Iran sur le materiel de surveillance - La Sentinelle\",\"isPartOf\":{\"@id\":\"https:\\\/\\\/lasentinelle.dz\\\/#website\"},\"primaryImageOfPage\":{\"@id\":\"https:\\\/\\\/lasentinelle.dz\\\/index.php\\\/2021\\\/09\\\/13\\\/nucleaire-iranien-accord-entre-laiea-et-liran-sur-le-materiel-de-surveillance\\\/#primaryimage\"},\"image\":{\"@id\":\"https:\\\/\\\/lasentinelle.dz\\\/index.php\\\/2021\\\/09\\\/13\\\/nucleaire-iranien-accord-entre-laiea-et-liran-sur-le-materiel-de-surveillance\\\/#primaryimage\"},\"thumbnailUrl\":\"https:\\\/\\\/lasentinelle.dz\\\/wp-content\\\/uploads\\\/2021\\\/09\\\/image_2021-09-12_164229.png\",\"datePublished\":\"2021-09-12T23:01:00+00:00\",\"breadcrumb\":{\"@id\":\"https:\\\/\\\/lasentinelle.dz\\\/index.php\\\/2021\\\/09\\\/13\\\/nucleaire-iranien-accord-entre-laiea-et-liran-sur-le-materiel-de-surveillance\\\/#breadcrumb\"},\"inLanguage\":\"fr-FR\",\"potentialAction\":[{\"@type\":\"ReadAction\",\"target\":[\"https:\\\/\\\/lasentinelle.dz\\\/index.php\\\/2021\\\/09\\\/13\\\/nucleaire-iranien-accord-entre-laiea-et-liran-sur-le-materiel-de-surveillance\\\/\"]}]},{\"@type\":\"ImageObject\",\"inLanguage\":\"fr-FR\",\"@id\":\"https:\\\/\\\/lasentinelle.dz\\\/index.php\\\/2021\\\/09\\\/13\\\/nucleaire-iranien-accord-entre-laiea-et-liran-sur-le-materiel-de-surveillance\\\/#primaryimage\",\"url\":\"https:\\\/\\\/lasentinelle.dz\\\/wp-content\\\/uploads\\\/2021\\\/09\\\/image_2021-09-12_164229.png\",\"contentUrl\":\"https:\\\/\\\/lasentinelle.dz\\\/wp-content\\\/uploads\\\/2021\\\/09\\\/image_2021-09-12_164229.png\",\"width\":1280,\"height\":720},{\"@type\":\"BreadcrumbList\",\"@id\":\"https:\\\/\\\/lasentinelle.dz\\\/index.php\\\/2021\\\/09\\\/13\\\/nucleaire-iranien-accord-entre-laiea-et-liran-sur-le-materiel-de-surveillance\\\/#breadcrumb\",\"itemListElement\":[{\"@type\":\"ListItem\",\"position\":1,\"name\":\"Accueil\",\"item\":\"https:\\\/\\\/lasentinelle.dz\\\/\"},{\"@type\":\"ListItem\",\"position\":2,\"name\":\"Nucl\u00e9aire iranien : Accord entre l&rsquo;AIEA et l&rsquo;Iran sur le materiel de surveillance\"}]},{\"@type\":\"WebSite\",\"@id\":\"https:\\\/\\\/lasentinelle.dz\\\/#website\",\"url\":\"https:\\\/\\\/lasentinelle.dz\\\/\",\"name\":\"La Sentinelle\",\"description\":\"Quotidien national d&#039;information\",\"publisher\":{\"@id\":\"https:\\\/\\\/lasentinelle.dz\\\/#organization\"},\"potentialAction\":[{\"@type\":\"SearchAction\",\"target\":{\"@type\":\"EntryPoint\",\"urlTemplate\":\"https:\\\/\\\/lasentinelle.dz\\\/?s={search_term_string}\"},\"query-input\":{\"@type\":\"PropertyValueSpecification\",\"valueRequired\":true,\"valueName\":\"search_term_string\"}}],\"inLanguage\":\"fr-FR\"},{\"@type\":\"Organization\",\"@id\":\"https:\\\/\\\/lasentinelle.dz\\\/#organization\",\"name\":\"Quotidien La Sentinelle\",\"url\":\"https:\\\/\\\/lasentinelle.dz\\\/\",\"logo\":{\"@type\":\"ImageObject\",\"inLanguage\":\"fr-FR\",\"@id\":\"https:\\\/\\\/lasentinelle.dz\\\/#\\\/schema\\\/logo\\\/image\\\/\",\"url\":\"https:\\\/\\\/lasentinelle.dz\\\/wp-content\\\/uploads\\\/2021\\\/09\\\/logo-sentinelleSLOGAN-1.png\",\"contentUrl\":\"https:\\\/\\\/lasentinelle.dz\\\/wp-content\\\/uploads\\\/2021\\\/09\\\/logo-sentinelleSLOGAN-1.png\",\"width\":615,\"height\":142,\"caption\":\"Quotidien La Sentinelle\"},\"image\":{\"@id\":\"https:\\\/\\\/lasentinelle.dz\\\/#\\\/schema\\\/logo\\\/image\\\/\"},\"sameAs\":[\"https:\\\/\\\/www.facebook.com\\\/La-Sentinelle-104059864394773\"]},{\"@type\":\"Person\",\"@id\":\"https:\\\/\\\/lasentinelle.dz\\\/#\\\/schema\\\/person\\\/d865044e22e70a75174ce8bcad3acfb3\",\"name\":\"La Sentinelle\",\"image\":{\"@type\":\"ImageObject\",\"inLanguage\":\"fr-FR\",\"@id\":\"https:\\\/\\\/secure.gravatar.com\\\/avatar\\\/57de8e5d4b15d43fb361a71fbb36338450fe67865b528a43dd10ef7c51a20392?s=96&d=mm&r=g\",\"url\":\"https:\\\/\\\/secure.gravatar.com\\\/avatar\\\/57de8e5d4b15d43fb361a71fbb36338450fe67865b528a43dd10ef7c51a20392?s=96&d=mm&r=g\",\"contentUrl\":\"https:\\\/\\\/secure.gravatar.com\\\/avatar\\\/57de8e5d4b15d43fb361a71fbb36338450fe67865b528a43dd10ef7c51a20392?s=96&d=mm&r=g\",\"caption\":\"La Sentinelle\"},\"sameAs\":[\"http:\\\/\\\/www.lasentinelle.dz\"],\"url\":\"https:\\\/\\\/lasentinelle.dz\\\/author\\\/redaction\\\/\"}]}<\/script>\n<!-- \/ Yoast SEO plugin. -->","yoast_head_json":{"title":"Nucl\u00e9aire iranien : Accord entre l'AIEA et l'Iran sur le materiel de surveillance - La Sentinelle","robots":{"index":"index","follow":"follow","max-snippet":"max-snippet:-1","max-image-preview":"max-image-preview:large","max-video-preview":"max-video-preview:-1"},"canonical":"https:\/\/lasentinelle.dz\/index.php\/2021\/09\/13\/nucleaire-iranien-accord-entre-laiea-et-liran-sur-le-materiel-de-surveillance\/","og_locale":"fr_FR","og_type":"article","og_title":"Nucl\u00e9aire iranien : Accord entre l'AIEA et l'Iran sur le materiel de surveillance - La Sentinelle","og_description":"L&rsquo;Agence internationale de l&rsquo;\u00e9nergie atomique (AIEA), dont le directeur g\u00e9n\u00e9ral se trouve \u00e0 T\u00e9h\u00e9ran, a annonc\u00e9 avoir trouv\u00e9 hier un","og_url":"https:\/\/lasentinelle.dz\/index.php\/2021\/09\/13\/nucleaire-iranien-accord-entre-laiea-et-liran-sur-le-materiel-de-surveillance\/","og_site_name":"La Sentinelle","article_publisher":"https:\/\/www.facebook.com\/La-Sentinelle-104059864394773","article_published_time":"2021-09-12T23:01:00+00:00","og_image":[{"width":1280,"height":720,"url":"https:\/\/lasentinelle.dz\/wp-content\/uploads\/2021\/09\/image_2021-09-12_164229.png","type":"image\/png"}],"author":"La Sentinelle","twitter_card":"summary_large_image","twitter_misc":{"\u00c9crit par":"La Sentinelle","Dur\u00e9e de lecture estim\u00e9e":"3 minutes"},"schema":{"@context":"https:\/\/schema.org","@graph":[{"@type":"Article","@id":"https:\/\/lasentinelle.dz\/index.php\/2021\/09\/13\/nucleaire-iranien-accord-entre-laiea-et-liran-sur-le-materiel-de-surveillance\/#article","isPartOf":{"@id":"https:\/\/lasentinelle.dz\/index.php\/2021\/09\/13\/nucleaire-iranien-accord-entre-laiea-et-liran-sur-le-materiel-de-surveillance\/"},"author":{"name":"La Sentinelle","@id":"https:\/\/lasentinelle.dz\/#\/schema\/person\/d865044e22e70a75174ce8bcad3acfb3"},"headline":"Nucl\u00e9aire iranien : Accord entre l&rsquo;AIEA et l&rsquo;Iran sur le materiel de surveillance","datePublished":"2021-09-12T23:01:00+00:00","mainEntityOfPage":{"@id":"https:\/\/lasentinelle.dz\/index.php\/2021\/09\/13\/nucleaire-iranien-accord-entre-laiea-et-liran-sur-le-materiel-de-surveillance\/"},"wordCount":665,"commentCount":0,"publisher":{"@id":"https:\/\/lasentinelle.dz\/#organization"},"image":{"@id":"https:\/\/lasentinelle.dz\/index.php\/2021\/09\/13\/nucleaire-iranien-accord-entre-laiea-et-liran-sur-le-materiel-de-surveillance\/#primaryimage"},"thumbnailUrl":"https:\/\/lasentinelle.dz\/wp-content\/uploads\/2021\/09\/image_2021-09-12_164229.png","articleSection":["Monde"],"inLanguage":"fr-FR","potentialAction":[{"@type":"CommentAction","name":"Comment","target":["https:\/\/lasentinelle.dz\/index.php\/2021\/09\/13\/nucleaire-iranien-accord-entre-laiea-et-liran-sur-le-materiel-de-surveillance\/#respond"]}]},{"@type":"WebPage","@id":"https:\/\/lasentinelle.dz\/index.php\/2021\/09\/13\/nucleaire-iranien-accord-entre-laiea-et-liran-sur-le-materiel-de-surveillance\/","url":"https:\/\/lasentinelle.dz\/index.php\/2021\/09\/13\/nucleaire-iranien-accord-entre-laiea-et-liran-sur-le-materiel-de-surveillance\/","name":"Nucl\u00e9aire iranien : Accord entre l'AIEA et l'Iran sur le materiel de surveillance - La Sentinelle","isPartOf":{"@id":"https:\/\/lasentinelle.dz\/#website"},"primaryImageOfPage":{"@id":"https:\/\/lasentinelle.dz\/index.php\/2021\/09\/13\/nucleaire-iranien-accord-entre-laiea-et-liran-sur-le-materiel-de-surveillance\/#primaryimage"},"image":{"@id":"https:\/\/lasentinelle.dz\/index.php\/2021\/09\/13\/nucleaire-iranien-accord-entre-laiea-et-liran-sur-le-materiel-de-surveillance\/#primaryimage"},"thumbnailUrl":"https:\/\/lasentinelle.dz\/wp-content\/uploads\/2021\/09\/image_2021-09-12_164229.png","datePublished":"2021-09-12T23:01:00+00:00","breadcrumb":{"@id":"https:\/\/lasentinelle.dz\/index.php\/2021\/09\/13\/nucleaire-iranien-accord-entre-laiea-et-liran-sur-le-materiel-de-surveillance\/#breadcrumb"},"inLanguage":"fr-FR","potentialAction":[{"@type":"ReadAction","target":["https:\/\/lasentinelle.dz\/index.php\/2021\/09\/13\/nucleaire-iranien-accord-entre-laiea-et-liran-sur-le-materiel-de-surveillance\/"]}]},{"@type":"ImageObject","inLanguage":"fr-FR","@id":"https:\/\/lasentinelle.dz\/index.php\/2021\/09\/13\/nucleaire-iranien-accord-entre-laiea-et-liran-sur-le-materiel-de-surveillance\/#primaryimage","url":"https:\/\/lasentinelle.dz\/wp-content\/uploads\/2021\/09\/image_2021-09-12_164229.png","contentUrl":"https:\/\/lasentinelle.dz\/wp-content\/uploads\/2021\/09\/image_2021-09-12_164229.png","width":1280,"height":720},{"@type":"BreadcrumbList","@id":"https:\/\/lasentinelle.dz\/index.php\/2021\/09\/13\/nucleaire-iranien-accord-entre-laiea-et-liran-sur-le-materiel-de-surveillance\/#breadcrumb","itemListElement":[{"@type":"ListItem","position":1,"name":"Accueil","item":"https:\/\/lasentinelle.dz\/"},{"@type":"ListItem","position":2,"name":"Nucl\u00e9aire iranien : Accord entre l&rsquo;AIEA et l&rsquo;Iran sur le materiel de surveillance"}]},{"@type":"WebSite","@id":"https:\/\/lasentinelle.dz\/#website","url":"https:\/\/lasentinelle.dz\/","name":"La Sentinelle","description":"Quotidien national d&#039;information","publisher":{"@id":"https:\/\/lasentinelle.dz\/#organization"},"potentialAction":[{"@type":"SearchAction","target":{"@type":"EntryPoint","urlTemplate":"https:\/\/lasentinelle.dz\/?s={search_term_string}"},"query-input":{"@type":"PropertyValueSpecification","valueRequired":true,"valueName":"search_term_string"}}],"inLanguage":"fr-FR"},{"@type":"Organization","@id":"https:\/\/lasentinelle.dz\/#organization","name":"Quotidien La Sentinelle","url":"https:\/\/lasentinelle.dz\/","logo":{"@type":"ImageObject","inLanguage":"fr-FR","@id":"https:\/\/lasentinelle.dz\/#\/schema\/logo\/image\/","url":"https:\/\/lasentinelle.dz\/wp-content\/uploads\/2021\/09\/logo-sentinelleSLOGAN-1.png","contentUrl":"https:\/\/lasentinelle.dz\/wp-content\/uploads\/2021\/09\/logo-sentinelleSLOGAN-1.png","width":615,"height":142,"caption":"Quotidien La Sentinelle"},"image":{"@id":"https:\/\/lasentinelle.dz\/#\/schema\/logo\/image\/"},"sameAs":["https:\/\/www.facebook.com\/La-Sentinelle-104059864394773"]},{"@type":"Person","@id":"https:\/\/lasentinelle.dz\/#\/schema\/person\/d865044e22e70a75174ce8bcad3acfb3","name":"La Sentinelle","image":{"@type":"ImageObject","inLanguage":"fr-FR","@id":"https:\/\/secure.gravatar.com\/avatar\/57de8e5d4b15d43fb361a71fbb36338450fe67865b528a43dd10ef7c51a20392?s=96&d=mm&r=g","url":"https:\/\/secure.gravatar.com\/avatar\/57de8e5d4b15d43fb361a71fbb36338450fe67865b528a43dd10ef7c51a20392?s=96&d=mm&r=g","contentUrl":"https:\/\/secure.gravatar.com\/avatar\/57de8e5d4b15d43fb361a71fbb36338450fe67865b528a43dd10ef7c51a20392?s=96&d=mm&r=g","caption":"La Sentinelle"},"sameAs":["http:\/\/www.lasentinelle.dz"],"url":"https:\/\/lasentinelle.dz\/author\/redaction\/"}]}},"_links":{"self":[{"href":"https:\/\/lasentinelle.dz\/index.php\/wp-json\/wp\/v2\/posts\/7542","targetHints":{"allow":["GET"]}}],"collection":[{"href":"https:\/\/lasentinelle.dz\/index.php\/wp-json\/wp\/v2\/posts"}],"about":[{"href":"https:\/\/lasentinelle.dz\/index.php\/wp-json\/wp\/v2\/types\/post"}],"author":[{"embeddable":true,"href":"https:\/\/lasentinelle.dz\/index.php\/wp-json\/wp\/v2\/users\/3"}],"replies":[{"embeddable":true,"href":"https:\/\/lasentinelle.dz\/index.php\/wp-json\/wp\/v2\/comments?post=7542"}],"version-history":[{"count":1,"href":"https:\/\/lasentinelle.dz\/index.php\/wp-json\/wp\/v2\/posts\/7542\/revisions"}],"predecessor-version":[{"id":7544,"href":"https:\/\/lasentinelle.dz\/index.php\/wp-json\/wp\/v2\/posts\/7542\/revisions\/7544"}],"wp:featuredmedia":[{"embeddable":true,"href":"https:\/\/lasentinelle.dz\/index.php\/wp-json\/wp\/v2\/media\/7543"}],"wp:attachment":[{"href":"https:\/\/lasentinelle.dz\/index.php\/wp-json\/wp\/v2\/media?parent=7542"}],"wp:term":[{"taxonomy":"category","embeddable":true,"href":"https:\/\/lasentinelle.dz\/index.php\/wp-json\/wp\/v2\/categories?post=7542"},{"taxonomy":"post_tag","embeddable":true,"href":"https:\/\/lasentinelle.dz\/index.php\/wp-json\/wp\/v2\/tags?post=7542"}],"curies":[{"name":"wp","href":"https:\/\/api.w.org\/{rel}","templated":true}]}}