{"id":75423,"date":"2025-10-28T12:41:14","date_gmt":"2025-10-28T11:41:14","guid":{"rendered":"https:\/\/lasentinelle.dz\/?p=75423"},"modified":"2025-10-28T12:41:16","modified_gmt":"2025-10-28T11:41:16","slug":"une-revolution-agricole-lancee","status":"publish","type":"post","link":"https:\/\/lasentinelle.dz\/index.php\/2025\/10\/28\/une-revolution-agricole-lancee\/","title":{"rendered":"Une r\u00e9volution agricole lanc\u00e9e !"},"content":{"rendered":"\n<p>Le ministre de l&rsquo;Agriculture, du D\u00e9veloppement rural et de la P\u00eache, Yacine El-Mahdi Oualid, a annonc\u00e9 lundi \u00e0 Alger le lancement d&rsquo;une vaste transformation du secteur agricole alg\u00e9rien fond\u00e9e sur la science, la technologie et l&rsquo;innovation, visant \u00e0 porter le rendement c\u00e9r\u00e9alier \u00e0 35 quintaux par hectare d&rsquo;ici cinq ans et \u00e0 faire de l&rsquo;Alg\u00e9rie une puissance agricole r\u00e9gionale.<\/p>\n\n\n\n<p>Dans son allocution \u00e0 l&rsquo;ouverture de la Conf\u00e9rence nationale sur la modernisation de l&rsquo;agriculture, le ministre a dress\u00e9 un diagnostic sans concession du secteur agricole alg\u00e9rien, pointant des indicateurs r\u00e9v\u00e9lateurs des d\u00e9fis \u00e0 relever malgr\u00e9 des ressources consid\u00e9rables encore inexploit\u00e9es. M. Oualid a soulign\u00e9 que le rendement moyen en c\u00e9r\u00e9ales en Alg\u00e9rie s&rsquo;\u00e9l\u00e8ve \u00e0 environ 18 quintaux par hectare, alors que d&rsquo;autres pays ayant le m\u00eame climat atteignent plus de 35 quintaux par hectare. De m\u00eame, la productivit\u00e9 laiti\u00e8re des vaches ne d\u00e9passe pas 3000 litres par an, tandis qu&rsquo;entre 20 et 30% de la production agricole sont perdus chaque ann\u00e9e en raison de la faiblesse dans les cha\u00eenes de froid et de stockage. Le taux d&rsquo;utilisation des techniques d&rsquo;irrigation modernes ne d\u00e9passe pas 15% des superficies irrigu\u00e9es, dans un pays confront\u00e9 \u00e0 une baisse des ressources hydriques. Bien que l&rsquo;Alg\u00e9rie dispose d&rsquo;une superficie immense, seuls 8,5 millions d&rsquo;hectares sont exploit\u00e9s, soit 3,6% de la superficie totale du pays, a pr\u00e9cis\u00e9 le ministre qui a toutefois rappel\u00e9 que le secteur agricole contribue \u00e0 hauteur de 14,5% au PIB et g\u00e9n\u00e8re plus de 2,6 millions d&#8217;emplois. \u00ab\u00a0Ces chiffres portent un double message : ils r\u00e9v\u00e8lent d&rsquo;une part l&rsquo;immense potentiel encore inexploit\u00e9, et d&rsquo;autre part l&rsquo;ampleur des d\u00e9fis \u00e0 relever\u00a0\u00bb, a-t-il affirm\u00e9, soulignant la n\u00e9cessit\u00e9 \u00ab\u00a0d&rsquo;amorcer une v\u00e9ritable r\u00e9volution agricole fond\u00e9e sur la science, la technologie et une volont\u00e9 r\u00e9solue\u00a0\u00bb.<\/p>\n\n\n\n<p>La transformation envisag\u00e9e s&rsquo;articule autour de plusieurs axes prioritaires. En t\u00eate de liste figure le lancement d&rsquo;une \u00ab\u00a0v\u00e9ritable r\u00e9volution\u00a0\u00bb dans la gestion de l&rsquo;eau, \u00e0 travers l&rsquo;augmentation du taux d&rsquo;irrigation goutte-\u00e0-goutte et le recours aux eaux trait\u00e9es en agriculture. Le ministre a soulign\u00e9 que seulement 7% des 100 milliards de m\u00e8tres cubes de pr\u00e9cipitations annuelles sont actuellement exploit\u00e9s. Concernant les c\u00e9r\u00e9ales, le secteur ambitionne de porter le rendement \u00e0 35 quintaux \u00e0 l&rsquo;hectare d&rsquo;ici cinq ans, \u00ab\u00a0un objectif r\u00e9alisable gr\u00e2ce \u00e0 l&rsquo;utilisation de semences am\u00e9lior\u00e9es \u00e0 haut rendement, \u00e0 l&rsquo;adoption de l&rsquo;agriculture de pr\u00e9cision, au recours \u00e0 l&rsquo;intelligence artificielle et \u00e0 l&rsquo;am\u00e9lioration de la fertilit\u00e9 des sols par des programmes scientifiques \u00e9tudi\u00e9s\u00a0\u00bb. Le ministre a r\u00e9v\u00e9l\u00e9 que son d\u00e9partement \u0153uvre \u00e0 la cr\u00e9ation d&rsquo;un syst\u00e8me d&rsquo;information national unifi\u00e9 permettant de prendre des d\u00e9cisions bas\u00e9es sur des donn\u00e9es pr\u00e9cises et de mettre fin aux estimations \u00ab\u00a0al\u00e9atoires\u00a0\u00bb. En parall\u00e8le, il est pr\u00e9vu le recours aux satellites et aux drones pour le suivi des terres agricoles, ainsi que l&rsquo;int\u00e9gration des technologies modernes, en tirant parti des r\u00e9sultats des recherches universitaires et des efforts des start-up \u00ab\u00a0actives dans les domaines de l&rsquo;agriculture intelligente, de la gestion moderne et de l&rsquo;am\u00e9lioration de la productivit\u00e9\u00a0\u00bb.<\/p>\n\n\n\n<p><strong>Une \u00e9valuation in\u00e9dite des politiques de soutien<\/strong><\/p>\n\n\n\n<p>Lors d&rsquo;une conf\u00e9rence de presse tenue en marge des travaux, M. Oualid a r\u00e9v\u00e9l\u00e9 une initiative majeure qui marque une rupture dans la gestion du secteur. Le ministre a indiqu\u00e9 que son d\u00e9partement a lanc\u00e9 \u00ab\u00a0depuis deux semaines une \u00e9tude d&rsquo;efficience des politiques publiques dans le domaine agricole, notamment en mati\u00e8re de subventions, et l&rsquo;objectif est d&rsquo;\u00e9valuer l&rsquo;efficacit\u00e9 des diff\u00e9rentes politiques mises en place depuis pr\u00e8s de 50 ans\u00a0\u00bb. Cette d\u00e9marche intervient alors que l&rsquo;Alg\u00e9rie a r\u00e9alis\u00e9 \u00ab\u00a0un bond qualitatif\u00a0\u00bb dans de nombreuses fili\u00e8res agricoles, mais que \u00ab\u00a0les besoins des Alg\u00e9riens ont chang\u00e9, et nous sommes aujourd&rsquo;hui face \u00e0 cette responsabilit\u00e9 de revoir l&rsquo;ensemble de ces politiques. C&rsquo;est pourquoi nous avons lanc\u00e9 cette \u00e9tude dont les premiers r\u00e9sultats appara\u00eetront fin novembre prochain\u00a0\u00bb, a-t-il pr\u00e9cis\u00e9. Le ministre a soulign\u00e9 que le syst\u00e8me informatique national unifi\u00e9 permettra de suivre les parcours des diff\u00e9rents produits agricoles du champ au march\u00e9, ainsi que de tracer l&rsquo;impact des subventions accord\u00e9es aux agriculteurs. Cette \u00e9valuation s&rsquo;inscrit dans une volont\u00e9 de prendre des d\u00e9cisions en ad\u00e9quation avec les transformations \u00e9conomiques en cours dans le pays. Le Sud alg\u00e9rien est \u00e9rig\u00e9 en pivot strat\u00e9gique de cette nouvelle r\u00e9volution agricole. M. Oualid a affirm\u00e9 que \u00ab\u00a0le pr\u00e9sent et l&rsquo;avenir de l&rsquo;agriculture en Alg\u00e9rie se trouvent dans le Sud\u00a0\u00bb, annon\u00e7ant que 1,3 million d&rsquo;hectares seront exploit\u00e9s dans le sud du pays, apr\u00e8s l&rsquo;attribution d&rsquo;environ 300.000 hectares dans le cadre de grands investissements dans les cultures strat\u00e9giques. Le ministre a mis en avant les superficies exploitables pour les cultures strat\u00e9giques, estim\u00e9es \u00e0 un million d&rsquo;hectares, en plus des importantes r\u00e9serves d&rsquo;eau souterraine, ce qui \u00e9rige cette agriculture en un \u00ab\u00a0r\u00e9servoir strat\u00e9gique pour la s\u00e9curit\u00e9 alimentaire nationale\u00a0\u00bb. Il a pr\u00e9cis\u00e9 que le minist\u00e8re \u0153uvre \u00e0 augmenter les investissements nationaux et \u00e9trangers dans les wilayas du Sud, d&rsquo;autant plus que les diff\u00e9rents investissements ont confirm\u00e9 que la rentabilit\u00e9 est \u00ab\u00a0tr\u00e8s \u00e9lev\u00e9e\u00a0\u00bb dans ces r\u00e9gions o\u00f9 elle d\u00e9passe actuellement 50 quintaux par hectare pour le bl\u00e9. Concernant l&rsquo;accompagnement des investissements agricoles dans les wilayas du Sud, le ministre a indiqu\u00e9 qu&rsquo;outre les facilit\u00e9s administratives et la num\u00e9risation de l&rsquo;octroi du foncier, des moyens de financement innovants et nouveaux seront lanc\u00e9s \u00ab\u00a0dans un avenir proche\u00a0\u00bb, ce qui augmentera les capitaux investis dans le Sud, pour attirer un plus grand nombre d&rsquo;investisseurs alg\u00e9riens et \u00e9trangers.<\/p>\n\n\n\n<p><strong>Garantir la s\u00e9curit\u00e9 alimentaire de 65 millions d\u2019habitants<\/strong><\/p>\n\n\n\n<p>Quant au potentiel agricole des Hauts Plateaux, M. Oualid a indiqu\u00e9 que son d\u00e9partement recense 20 millions d&rsquo;hectares propices au p\u00e2turage et \u00e0 la culture fourrag\u00e8re, en sus d&rsquo;importantes capacit\u00e9s pour le d\u00e9veloppement des cultures sous serres photovolta\u00efques. Selon lui, tous ces facteurs permettent \u00e0 l&rsquo;Alg\u00e9rie de devenir \u00ab\u00a0une puissance agricole r\u00e9gionale par excellence\u00a0\u00bb, notant que l&rsquo;ambition pour les ann\u00e9es \u00e0 venir est d&rsquo;intensifier l&rsquo;investissement, notamment dans les wilayas du Sud, afin de garantir la s\u00e9curit\u00e9 alimentaire pour une \u00ab\u00a0Alg\u00e9rie de 65 millions d&rsquo;habitants\u00a0\u00bb, et de revoir \u00e0 la hausse les exportations des produits agricoles, tout en \u00ab\u00a0consacrant un mod\u00e8le agricole intelligent et durable \u00e9rigeant l&rsquo;Alg\u00e9rie en une puissance r\u00e9gionale dans les industries agroalimentaires \u00e0 forte valeur ajout\u00e9e\u00a0\u00bb. La conf\u00e9rence a \u00e9t\u00e9 marqu\u00e9e par l&rsquo;installation du Conseil scientifique national de la s\u00e9curit\u00e9 alimentaire, pr\u00e9sid\u00e9e conjointement par le ministre de l&rsquo;Agriculture et son homologue de l&rsquo;Enseignement sup\u00e9rieur et de la Recherche scientifique, Kamel Baddari. Ce conseil, qui sera pr\u00e9sid\u00e9 par Ammar Azioune, directeur du Centre national de recherche en biotechnologie bas\u00e9 \u00e0 Constantine, se compose de 34 chercheurs et enseignants sp\u00e9cialis\u00e9s dans le domaine agricole et de repr\u00e9sentants de plusieurs secteurs minist\u00e9riels. M. Azioune a indiqu\u00e9 que d&rsquo;autres comp\u00e9tences nationales pourront rejoindre ce conseil scientifique \u00e0 l&rsquo;avenir, en vue d&rsquo;accompagner le secteur agricole \u00e0 travers des m\u00e9thodes fond\u00e9es sur la science, le savoir et l&rsquo;innovation et un plan d&rsquo;action ax\u00e9 sur les priorit\u00e9s d\u00e9finies par le minist\u00e8re. Il a expliqu\u00e9 que les universit\u00e9s et instituts apporteront un appui scientifique pour accompagner le secteur de l&rsquo;agriculture, au regard des effets d\u00e9l\u00e9t\u00e8res du changement climatique, face auxquels les m\u00e9thodes traditionnelles ne suffisent plus, et qui exigent aujourd&rsquo;hui l&rsquo;apport des travaux de recherche et des innovations des universit\u00e9s alg\u00e9riennes. M. Oualid a salu\u00e9 la cr\u00e9ation de ce conseil qui jouera un r\u00f4le \u00ab\u00a0important\u00a0\u00bb dans l&rsquo;\u00e9laboration de la strat\u00e9gie nationale de s\u00e9curit\u00e9 alimentaire, affirmant que les d\u00e9fis auxquels fait face l&rsquo;agriculture n\u00e9cessitent de s&rsquo;appuyer sur la science et la technologie et d&rsquo;adopter une vision nouvelle et moderne du secteur, ce qui permettra de r\u00e9aliser la s\u00e9curit\u00e9 alimentaire.<\/p>\n\n\n\n<p>Le ministre a \u00e9galement soulign\u00e9 l&rsquo;importance de l&rsquo;Union nationale des agriculteurs alg\u00e9riens et de la Chambre nationale de l&rsquo;agriculture, notant qu&rsquo;ils sont \u00ab\u00a0des partenaires du minist\u00e8re et nous, en tant qu&rsquo;administration, avons le devoir et la responsabilit\u00e9 d&rsquo;\u00eatre beaucoup plus proches des professionnels, car les politiques publiques ne peuvent r\u00e9ussir sans une grande implication du partenaire social\u00a0\u00bb.<\/p>\n\n\n\n<p>Amar Malki<\/p>\n","protected":false},"excerpt":{"rendered":"<p>Le ministre de l&rsquo;Agriculture, du D\u00e9veloppement rural et de la P\u00eache, Yacine El-Mahdi Oualid, a annonc\u00e9 lundi \u00e0 Alger le<\/p>\n","protected":false},"author":6,"featured_media":75425,"comment_status":"open","ping_status":"closed","sticky":false,"template":"","format":"standard","meta":{"colormag_page_container_layout":"default_layout","colormag_page_sidebar_layout":"default_layout","om_disable_all_campaigns":false,"_monsterinsights_skip_tracking":false,"_monsterinsights_sitenote_active":false,"_monsterinsights_sitenote_note":"","_monsterinsights_sitenote_category":0,"footnotes":"","_wpscppro_dont_share_socialmedia":false,"_wpscppro_custom_social_share_image":0,"_facebook_share_type":"default","_twitter_share_type":"default","_linkedin_share_type":"default","_pinterest_share_type":"default","_linkedin_share_type_page":"","_instagram_share_type":"default","_medium_share_type":"default","_threads_share_type":"default","_google_business_share_type":"default","_selected_social_profile":[],"_wpsp_enable_custom_social_template":false,"_wpsp_social_scheduling":{"enabled":false,"datetime":null,"platforms":[],"status":"template_only","dateOption":"today","timeOption":"now","customDays":"","customHours":"","customDate":"","customTime":"","schedulingType":"absolute"},"_wpsp_active_default_template":true},"categories":[52,29],"tags":[],"class_list":["post-75423","post","type-post","status-publish","format-standard","has-post-thumbnail","hentry","category-a-la-une","category-economie"],"aioseo_notices":[],"yoast_head":"<!-- This site is optimized with the Yoast SEO plugin v27.5 - https:\/\/yoast.com\/product\/yoast-seo-wordpress\/ -->\n<title>Une r\u00e9volution agricole lanc\u00e9e ! - La Sentinelle<\/title>\n<meta name=\"robots\" content=\"index, follow, max-snippet:-1, max-image-preview:large, max-video-preview:-1\" \/>\n<link rel=\"canonical\" href=\"https:\/\/lasentinelle.dz\/index.php\/2025\/10\/28\/une-revolution-agricole-lancee\/\" \/>\n<meta property=\"og:locale\" content=\"fr_FR\" \/>\n<meta property=\"og:type\" content=\"article\" \/>\n<meta property=\"og:title\" content=\"Une r\u00e9volution agricole lanc\u00e9e ! - La Sentinelle\" \/>\n<meta property=\"og:description\" content=\"Le ministre de l&rsquo;Agriculture, du D\u00e9veloppement rural et de la P\u00eache, Yacine El-Mahdi Oualid, a annonc\u00e9 lundi \u00e0 Alger le\" \/>\n<meta property=\"og:url\" content=\"https:\/\/lasentinelle.dz\/index.php\/2025\/10\/28\/une-revolution-agricole-lancee\/\" \/>\n<meta property=\"og:site_name\" content=\"La Sentinelle\" \/>\n<meta property=\"article:publisher\" content=\"https:\/\/www.facebook.com\/La-Sentinelle-104059864394773\" \/>\n<meta property=\"article:published_time\" content=\"2025-10-28T11:41:14+00:00\" \/>\n<meta property=\"article:modified_time\" content=\"2025-10-28T11:41:16+00:00\" \/>\n<meta property=\"og:image\" content=\"https:\/\/lasentinelle.dz\/wp-content\/uploads\/2025\/10\/agri.jpg\" \/>\n\t<meta property=\"og:image:width\" content=\"1140\" \/>\n\t<meta property=\"og:image:height\" content=\"580\" \/>\n\t<meta property=\"og:image:type\" content=\"image\/jpeg\" \/>\n<meta name=\"author\" content=\"admin\" \/>\n<meta name=\"twitter:card\" content=\"summary_large_image\" \/>\n<meta name=\"twitter:label1\" content=\"\u00c9crit par\" \/>\n\t<meta name=\"twitter:data1\" content=\"admin\" \/>\n\t<meta name=\"twitter:label2\" content=\"Dur\u00e9e de lecture estim\u00e9e\" \/>\n\t<meta name=\"twitter:data2\" content=\"7 minutes\" \/>\n<script type=\"application\/ld+json\" class=\"yoast-schema-graph\">{\"@context\":\"https:\\\/\\\/schema.org\",\"@graph\":[{\"@type\":\"Article\",\"@id\":\"https:\\\/\\\/lasentinelle.dz\\\/index.php\\\/2025\\\/10\\\/28\\\/une-revolution-agricole-lancee\\\/#article\",\"isPartOf\":{\"@id\":\"https:\\\/\\\/lasentinelle.dz\\\/index.php\\\/2025\\\/10\\\/28\\\/une-revolution-agricole-lancee\\\/\"},\"author\":{\"name\":\"admin\",\"@id\":\"https:\\\/\\\/lasentinelle.dz\\\/#\\\/schema\\\/person\\\/729ee0024f24e0b8c5ec17232f8e8b41\"},\"headline\":\"Une r\u00e9volution agricole lanc\u00e9e !\",\"datePublished\":\"2025-10-28T11:41:14+00:00\",\"dateModified\":\"2025-10-28T11:41:16+00:00\",\"mainEntityOfPage\":{\"@id\":\"https:\\\/\\\/lasentinelle.dz\\\/index.php\\\/2025\\\/10\\\/28\\\/une-revolution-agricole-lancee\\\/\"},\"wordCount\":1496,\"commentCount\":0,\"publisher\":{\"@id\":\"https:\\\/\\\/lasentinelle.dz\\\/#organization\"},\"image\":{\"@id\":\"https:\\\/\\\/lasentinelle.dz\\\/index.php\\\/2025\\\/10\\\/28\\\/une-revolution-agricole-lancee\\\/#primaryimage\"},\"thumbnailUrl\":\"https:\\\/\\\/lasentinelle.dz\\\/wp-content\\\/uploads\\\/2025\\\/10\\\/agri.jpg\",\"articleSection\":[\"\u00c0 la Une\",\"\u00c9conomie\"],\"inLanguage\":\"fr-FR\",\"potentialAction\":[{\"@type\":\"CommentAction\",\"name\":\"Comment\",\"target\":[\"https:\\\/\\\/lasentinelle.dz\\\/index.php\\\/2025\\\/10\\\/28\\\/une-revolution-agricole-lancee\\\/#respond\"]}]},{\"@type\":\"WebPage\",\"@id\":\"https:\\\/\\\/lasentinelle.dz\\\/index.php\\\/2025\\\/10\\\/28\\\/une-revolution-agricole-lancee\\\/\",\"url\":\"https:\\\/\\\/lasentinelle.dz\\\/index.php\\\/2025\\\/10\\\/28\\\/une-revolution-agricole-lancee\\\/\",\"name\":\"Une r\u00e9volution agricole lanc\u00e9e ! - La Sentinelle\",\"isPartOf\":{\"@id\":\"https:\\\/\\\/lasentinelle.dz\\\/#website\"},\"primaryImageOfPage\":{\"@id\":\"https:\\\/\\\/lasentinelle.dz\\\/index.php\\\/2025\\\/10\\\/28\\\/une-revolution-agricole-lancee\\\/#primaryimage\"},\"image\":{\"@id\":\"https:\\\/\\\/lasentinelle.dz\\\/index.php\\\/2025\\\/10\\\/28\\\/une-revolution-agricole-lancee\\\/#primaryimage\"},\"thumbnailUrl\":\"https:\\\/\\\/lasentinelle.dz\\\/wp-content\\\/uploads\\\/2025\\\/10\\\/agri.jpg\",\"datePublished\":\"2025-10-28T11:41:14+00:00\",\"dateModified\":\"2025-10-28T11:41:16+00:00\",\"breadcrumb\":{\"@id\":\"https:\\\/\\\/lasentinelle.dz\\\/index.php\\\/2025\\\/10\\\/28\\\/une-revolution-agricole-lancee\\\/#breadcrumb\"},\"inLanguage\":\"fr-FR\",\"potentialAction\":[{\"@type\":\"ReadAction\",\"target\":[\"https:\\\/\\\/lasentinelle.dz\\\/index.php\\\/2025\\\/10\\\/28\\\/une-revolution-agricole-lancee\\\/\"]}]},{\"@type\":\"ImageObject\",\"inLanguage\":\"fr-FR\",\"@id\":\"https:\\\/\\\/lasentinelle.dz\\\/index.php\\\/2025\\\/10\\\/28\\\/une-revolution-agricole-lancee\\\/#primaryimage\",\"url\":\"https:\\\/\\\/lasentinelle.dz\\\/wp-content\\\/uploads\\\/2025\\\/10\\\/agri.jpg\",\"contentUrl\":\"https:\\\/\\\/lasentinelle.dz\\\/wp-content\\\/uploads\\\/2025\\\/10\\\/agri.jpg\",\"width\":1140,\"height\":580},{\"@type\":\"BreadcrumbList\",\"@id\":\"https:\\\/\\\/lasentinelle.dz\\\/index.php\\\/2025\\\/10\\\/28\\\/une-revolution-agricole-lancee\\\/#breadcrumb\",\"itemListElement\":[{\"@type\":\"ListItem\",\"position\":1,\"name\":\"Accueil\",\"item\":\"https:\\\/\\\/lasentinelle.dz\\\/\"},{\"@type\":\"ListItem\",\"position\":2,\"name\":\"Une r\u00e9volution agricole lanc\u00e9e !\"}]},{\"@type\":\"WebSite\",\"@id\":\"https:\\\/\\\/lasentinelle.dz\\\/#website\",\"url\":\"https:\\\/\\\/lasentinelle.dz\\\/\",\"name\":\"La Sentinelle\",\"description\":\"Quotidien national d&#039;information\",\"publisher\":{\"@id\":\"https:\\\/\\\/lasentinelle.dz\\\/#organization\"},\"potentialAction\":[{\"@type\":\"SearchAction\",\"target\":{\"@type\":\"EntryPoint\",\"urlTemplate\":\"https:\\\/\\\/lasentinelle.dz\\\/?s={search_term_string}\"},\"query-input\":{\"@type\":\"PropertyValueSpecification\",\"valueRequired\":true,\"valueName\":\"search_term_string\"}}],\"inLanguage\":\"fr-FR\"},{\"@type\":\"Organization\",\"@id\":\"https:\\\/\\\/lasentinelle.dz\\\/#organization\",\"name\":\"Quotidien La Sentinelle\",\"url\":\"https:\\\/\\\/lasentinelle.dz\\\/\",\"logo\":{\"@type\":\"ImageObject\",\"inLanguage\":\"fr-FR\",\"@id\":\"https:\\\/\\\/lasentinelle.dz\\\/#\\\/schema\\\/logo\\\/image\\\/\",\"url\":\"https:\\\/\\\/lasentinelle.dz\\\/wp-content\\\/uploads\\\/2021\\\/09\\\/logo-sentinelleSLOGAN-1.png\",\"contentUrl\":\"https:\\\/\\\/lasentinelle.dz\\\/wp-content\\\/uploads\\\/2021\\\/09\\\/logo-sentinelleSLOGAN-1.png\",\"width\":615,\"height\":142,\"caption\":\"Quotidien La Sentinelle\"},\"image\":{\"@id\":\"https:\\\/\\\/lasentinelle.dz\\\/#\\\/schema\\\/logo\\\/image\\\/\"},\"sameAs\":[\"https:\\\/\\\/www.facebook.com\\\/La-Sentinelle-104059864394773\"]},{\"@type\":\"Person\",\"@id\":\"https:\\\/\\\/lasentinelle.dz\\\/#\\\/schema\\\/person\\\/729ee0024f24e0b8c5ec17232f8e8b41\",\"name\":\"admin\",\"image\":{\"@type\":\"ImageObject\",\"inLanguage\":\"fr-FR\",\"@id\":\"https:\\\/\\\/secure.gravatar.com\\\/avatar\\\/4c81fed838786e9b53f540bf46533e750f5d292099ae3b66cfc6fb1982e29df7?s=96&d=mm&r=g\",\"url\":\"https:\\\/\\\/secure.gravatar.com\\\/avatar\\\/4c81fed838786e9b53f540bf46533e750f5d292099ae3b66cfc6fb1982e29df7?s=96&d=mm&r=g\",\"contentUrl\":\"https:\\\/\\\/secure.gravatar.com\\\/avatar\\\/4c81fed838786e9b53f540bf46533e750f5d292099ae3b66cfc6fb1982e29df7?s=96&d=mm&r=g\",\"caption\":\"admin\"},\"description\":\"admin\",\"url\":\"https:\\\/\\\/lasentinelle.dz\\\/author\\\/admin\\\/\"}]}<\/script>\n<!-- \/ Yoast SEO plugin. -->","yoast_head_json":{"title":"Une r\u00e9volution agricole lanc\u00e9e ! - La Sentinelle","robots":{"index":"index","follow":"follow","max-snippet":"max-snippet:-1","max-image-preview":"max-image-preview:large","max-video-preview":"max-video-preview:-1"},"canonical":"https:\/\/lasentinelle.dz\/index.php\/2025\/10\/28\/une-revolution-agricole-lancee\/","og_locale":"fr_FR","og_type":"article","og_title":"Une r\u00e9volution agricole lanc\u00e9e ! - La Sentinelle","og_description":"Le ministre de l&rsquo;Agriculture, du D\u00e9veloppement rural et de la P\u00eache, Yacine El-Mahdi Oualid, a annonc\u00e9 lundi \u00e0 Alger le","og_url":"https:\/\/lasentinelle.dz\/index.php\/2025\/10\/28\/une-revolution-agricole-lancee\/","og_site_name":"La Sentinelle","article_publisher":"https:\/\/www.facebook.com\/La-Sentinelle-104059864394773","article_published_time":"2025-10-28T11:41:14+00:00","article_modified_time":"2025-10-28T11:41:16+00:00","og_image":[{"width":1140,"height":580,"url":"https:\/\/lasentinelle.dz\/wp-content\/uploads\/2025\/10\/agri.jpg","type":"image\/jpeg"}],"author":"admin","twitter_card":"summary_large_image","twitter_misc":{"\u00c9crit par":"admin","Dur\u00e9e de lecture estim\u00e9e":"7 minutes"},"schema":{"@context":"https:\/\/schema.org","@graph":[{"@type":"Article","@id":"https:\/\/lasentinelle.dz\/index.php\/2025\/10\/28\/une-revolution-agricole-lancee\/#article","isPartOf":{"@id":"https:\/\/lasentinelle.dz\/index.php\/2025\/10\/28\/une-revolution-agricole-lancee\/"},"author":{"name":"admin","@id":"https:\/\/lasentinelle.dz\/#\/schema\/person\/729ee0024f24e0b8c5ec17232f8e8b41"},"headline":"Une r\u00e9volution agricole lanc\u00e9e !","datePublished":"2025-10-28T11:41:14+00:00","dateModified":"2025-10-28T11:41:16+00:00","mainEntityOfPage":{"@id":"https:\/\/lasentinelle.dz\/index.php\/2025\/10\/28\/une-revolution-agricole-lancee\/"},"wordCount":1496,"commentCount":0,"publisher":{"@id":"https:\/\/lasentinelle.dz\/#organization"},"image":{"@id":"https:\/\/lasentinelle.dz\/index.php\/2025\/10\/28\/une-revolution-agricole-lancee\/#primaryimage"},"thumbnailUrl":"https:\/\/lasentinelle.dz\/wp-content\/uploads\/2025\/10\/agri.jpg","articleSection":["\u00c0 la Une","\u00c9conomie"],"inLanguage":"fr-FR","potentialAction":[{"@type":"CommentAction","name":"Comment","target":["https:\/\/lasentinelle.dz\/index.php\/2025\/10\/28\/une-revolution-agricole-lancee\/#respond"]}]},{"@type":"WebPage","@id":"https:\/\/lasentinelle.dz\/index.php\/2025\/10\/28\/une-revolution-agricole-lancee\/","url":"https:\/\/lasentinelle.dz\/index.php\/2025\/10\/28\/une-revolution-agricole-lancee\/","name":"Une r\u00e9volution agricole lanc\u00e9e ! - La Sentinelle","isPartOf":{"@id":"https:\/\/lasentinelle.dz\/#website"},"primaryImageOfPage":{"@id":"https:\/\/lasentinelle.dz\/index.php\/2025\/10\/28\/une-revolution-agricole-lancee\/#primaryimage"},"image":{"@id":"https:\/\/lasentinelle.dz\/index.php\/2025\/10\/28\/une-revolution-agricole-lancee\/#primaryimage"},"thumbnailUrl":"https:\/\/lasentinelle.dz\/wp-content\/uploads\/2025\/10\/agri.jpg","datePublished":"2025-10-28T11:41:14+00:00","dateModified":"2025-10-28T11:41:16+00:00","breadcrumb":{"@id":"https:\/\/lasentinelle.dz\/index.php\/2025\/10\/28\/une-revolution-agricole-lancee\/#breadcrumb"},"inLanguage":"fr-FR","potentialAction":[{"@type":"ReadAction","target":["https:\/\/lasentinelle.dz\/index.php\/2025\/10\/28\/une-revolution-agricole-lancee\/"]}]},{"@type":"ImageObject","inLanguage":"fr-FR","@id":"https:\/\/lasentinelle.dz\/index.php\/2025\/10\/28\/une-revolution-agricole-lancee\/#primaryimage","url":"https:\/\/lasentinelle.dz\/wp-content\/uploads\/2025\/10\/agri.jpg","contentUrl":"https:\/\/lasentinelle.dz\/wp-content\/uploads\/2025\/10\/agri.jpg","width":1140,"height":580},{"@type":"BreadcrumbList","@id":"https:\/\/lasentinelle.dz\/index.php\/2025\/10\/28\/une-revolution-agricole-lancee\/#breadcrumb","itemListElement":[{"@type":"ListItem","position":1,"name":"Accueil","item":"https:\/\/lasentinelle.dz\/"},{"@type":"ListItem","position":2,"name":"Une r\u00e9volution agricole lanc\u00e9e !"}]},{"@type":"WebSite","@id":"https:\/\/lasentinelle.dz\/#website","url":"https:\/\/lasentinelle.dz\/","name":"La Sentinelle","description":"Quotidien national d&#039;information","publisher":{"@id":"https:\/\/lasentinelle.dz\/#organization"},"potentialAction":[{"@type":"SearchAction","target":{"@type":"EntryPoint","urlTemplate":"https:\/\/lasentinelle.dz\/?s={search_term_string}"},"query-input":{"@type":"PropertyValueSpecification","valueRequired":true,"valueName":"search_term_string"}}],"inLanguage":"fr-FR"},{"@type":"Organization","@id":"https:\/\/lasentinelle.dz\/#organization","name":"Quotidien La Sentinelle","url":"https:\/\/lasentinelle.dz\/","logo":{"@type":"ImageObject","inLanguage":"fr-FR","@id":"https:\/\/lasentinelle.dz\/#\/schema\/logo\/image\/","url":"https:\/\/lasentinelle.dz\/wp-content\/uploads\/2021\/09\/logo-sentinelleSLOGAN-1.png","contentUrl":"https:\/\/lasentinelle.dz\/wp-content\/uploads\/2021\/09\/logo-sentinelleSLOGAN-1.png","width":615,"height":142,"caption":"Quotidien La Sentinelle"},"image":{"@id":"https:\/\/lasentinelle.dz\/#\/schema\/logo\/image\/"},"sameAs":["https:\/\/www.facebook.com\/La-Sentinelle-104059864394773"]},{"@type":"Person","@id":"https:\/\/lasentinelle.dz\/#\/schema\/person\/729ee0024f24e0b8c5ec17232f8e8b41","name":"admin","image":{"@type":"ImageObject","inLanguage":"fr-FR","@id":"https:\/\/secure.gravatar.com\/avatar\/4c81fed838786e9b53f540bf46533e750f5d292099ae3b66cfc6fb1982e29df7?s=96&d=mm&r=g","url":"https:\/\/secure.gravatar.com\/avatar\/4c81fed838786e9b53f540bf46533e750f5d292099ae3b66cfc6fb1982e29df7?s=96&d=mm&r=g","contentUrl":"https:\/\/secure.gravatar.com\/avatar\/4c81fed838786e9b53f540bf46533e750f5d292099ae3b66cfc6fb1982e29df7?s=96&d=mm&r=g","caption":"admin"},"description":"admin","url":"https:\/\/lasentinelle.dz\/author\/admin\/"}]}},"_links":{"self":[{"href":"https:\/\/lasentinelle.dz\/index.php\/wp-json\/wp\/v2\/posts\/75423","targetHints":{"allow":["GET"]}}],"collection":[{"href":"https:\/\/lasentinelle.dz\/index.php\/wp-json\/wp\/v2\/posts"}],"about":[{"href":"https:\/\/lasentinelle.dz\/index.php\/wp-json\/wp\/v2\/types\/post"}],"author":[{"embeddable":true,"href":"https:\/\/lasentinelle.dz\/index.php\/wp-json\/wp\/v2\/users\/6"}],"replies":[{"embeddable":true,"href":"https:\/\/lasentinelle.dz\/index.php\/wp-json\/wp\/v2\/comments?post=75423"}],"version-history":[{"count":1,"href":"https:\/\/lasentinelle.dz\/index.php\/wp-json\/wp\/v2\/posts\/75423\/revisions"}],"predecessor-version":[{"id":75426,"href":"https:\/\/lasentinelle.dz\/index.php\/wp-json\/wp\/v2\/posts\/75423\/revisions\/75426"}],"wp:featuredmedia":[{"embeddable":true,"href":"https:\/\/lasentinelle.dz\/index.php\/wp-json\/wp\/v2\/media\/75425"}],"wp:attachment":[{"href":"https:\/\/lasentinelle.dz\/index.php\/wp-json\/wp\/v2\/media?parent=75423"}],"wp:term":[{"taxonomy":"category","embeddable":true,"href":"https:\/\/lasentinelle.dz\/index.php\/wp-json\/wp\/v2\/categories?post=75423"},{"taxonomy":"post_tag","embeddable":true,"href":"https:\/\/lasentinelle.dz\/index.php\/wp-json\/wp\/v2\/tags?post=75423"}],"curies":[{"name":"wp","href":"https:\/\/api.w.org\/{rel}","templated":true}]}}