{"id":75439,"date":"2025-10-28T18:41:06","date_gmt":"2025-10-28T17:41:06","guid":{"rendered":"https:\/\/lasentinelle.dz\/?p=75439"},"modified":"2025-10-28T18:41:06","modified_gmt":"2025-10-28T17:41:06","slug":"festival-international-du-court-metrage-de-timimoun-intenses-preparatifs-pour-la-premiere-edition","status":"publish","type":"post","link":"https:\/\/lasentinelle.dz\/index.php\/2025\/10\/28\/festival-international-du-court-metrage-de-timimoun-intenses-preparatifs-pour-la-premiere-edition\/","title":{"rendered":"Festival international du court-m\u00e9trage de Timimoun\u00a0: Intenses pr\u00e9paratifs pour la premi\u00e8re \u00e9dition"},"content":{"rendered":"\n<p>Les autorit\u00e9s de la wilaya de Timimoun multiplient les efforts pour assurer le succ\u00e8s de la premi\u00e8re \u00e9dition du Festival international du court-m\u00e9trage, pr\u00e9vue du 13 au 18 novembre prochain. Une r\u00e9union de coordination tenue lundi au si\u00e8ge de la wilaya a permis de d\u00e9finir les dispositions organisationnelles et la r\u00e9partition des t\u00e2ches entre les diff\u00e9rentes parties prenantes de cette manifestation artistique d&rsquo;envergure internationale. La rencontre, pr\u00e9sid\u00e9e par les autorit\u00e9s locales en pr\u00e9sence du commissaire du festival, de son directeur technique, du repr\u00e9sentant du minist\u00e8re de la Culture et des Arts ainsi que des directeurs ex\u00e9cutifs de la wilaya, a constitu\u00e9 un moment crucial dans la pr\u00e9paration de cet \u00e9v\u00e9nement culturel majeur. Les participants ont fait le point sur l&rsquo;ensemble des dispositions aff\u00e9rentes au festival et ont proc\u00e9d\u00e9 \u00e0 la r\u00e9partition des diff\u00e9rentes t\u00e2ches aux parties impliqu\u00e9es dans l&rsquo;organisation de cette manifestation artistique. Le wali de Timimoun, Benamar Souna, a soulign\u00e9 l&rsquo;importance capitale de cet \u00e9v\u00e9nement international lors de son intervention. Il a appel\u00e9 \u00ab\u00a0les diff\u00e9rentes parties organisatrices \u00e0 prendre les dispositions n\u00e9cessaires et \u00e0 mobiliser les moyens humains et mat\u00e9riels n\u00e9cessaires pour sa r\u00e9ussite\u00a0\u00bb. Le chef de l&rsquo;ex\u00e9cutif a \u00e9galement mis en avant la dimension strat\u00e9gique de cette manifestation, affirmant qu&rsquo;elle \u00ab\u00a0devrait contribuer \u00e0 la promotion du riche patrimoine culturel national \u00e0 \u00e9chelles continentale et internationale\u00a0\u00bb. La programmation du festival s&rsquo;annonce riche et vari\u00e9e avec plus d&rsquo;une cinquantaine de documentaires et de courts-m\u00e9trages d&rsquo;une dur\u00e9e comprise entre 10 et 40 minutes. Ces \u0153uvres seront pr\u00e9sent\u00e9es par des r\u00e9alisateurs repr\u00e9sentant plus d&rsquo;une vingtaine de pays qui rivaliseront dans plusieurs cat\u00e9gories comp\u00e9titives, notamment les prix du meilleur court-m\u00e9trage, du meilleur documentaire, du meilleur film national, ainsi que ceux du meilleur sc\u00e9nario et de la meilleure mise en sc\u00e8ne. Cette diversit\u00e9 des comp\u00e9titions t\u00e9moigne de l&rsquo;ambition des organisateurs de faire de Timimoun un carrefour du cin\u00e9ma court format \u00e0 l&rsquo;\u00e9chelle internationale. Au-del\u00e0 de la comp\u00e9tition officielle, le festival pr\u00e9voit un programme culturel mettant en valeur le patrimoine exceptionnel de la r\u00e9gion. Deux films d\u00e9di\u00e9s au patrimoine culturel immat\u00e9riel alg\u00e9rien seront projet\u00e9s, portant respectivement sur le S&rsquo;bou\u00e2 et l&rsquo;Ahellil, deux expressions culturelles profond\u00e9ment ancr\u00e9es dans l&rsquo;identit\u00e9 locale. Ces projections permettront aux participants \u00e9trangers et au public de d\u00e9couvrir la richesse des traditions sahariennes.<\/p>\n\n\n\n<p>L&rsquo;infrastructure culturelle de la wilaya sera pleinement mobilis\u00e9e pour accueillir les diff\u00e9rentes activit\u00e9s du festival. Les projections et \u00e9v\u00e9nements se d\u00e9rouleront \u00e0 travers plusieurs structures, dont la salle de cin\u00e9ma, le th\u00e9\u00e2tre en plein air et le Centre alg\u00e9rien du patrimoine culturel b\u00e2ti en terre (CAPTERRE). Ce dernier, \u00e9tablissement sp\u00e9cialis\u00e9 dans la pr\u00e9servation et la valorisation de l&rsquo;architecture en terre, fait actuellement l&rsquo;objet d&rsquo;am\u00e9nagements sp\u00e9cifiques pour accueillir dans les meilleures conditions les activit\u00e9s de cette manifestation internationale. Le choix de Timimoun comme ville h\u00f4te de ce festival n&rsquo;est pas anodin. Situ\u00e9e au c\u0153ur du Grand Erg occidental, cette oasis saharienne offre un cadre exceptionnel alliant patrimoine architectural remarquable et paysages naturels spectaculaires. La tenue de ce festival international devrait contribuer au rayonnement culturel de la r\u00e9gion et renforcer son attractivit\u00e9 touristique.<\/p>\n\n\n\n<p>Mohand S.<\/p>\n","protected":false},"excerpt":{"rendered":"<p>Les autorit\u00e9s de la wilaya de Timimoun multiplient les efforts pour assurer le succ\u00e8s de la premi\u00e8re \u00e9dition du Festival<\/p>\n","protected":false},"author":6,"featured_media":72633,"comment_status":"open","ping_status":"closed","sticky":false,"template":"","format":"standard","meta":{"colormag_page_container_layout":"default_layout","colormag_page_sidebar_layout":"default_layout","om_disable_all_campaigns":false,"_monsterinsights_skip_tracking":false,"_monsterinsights_sitenote_active":false,"_monsterinsights_sitenote_note":"","_monsterinsights_sitenote_category":0,"footnotes":"","_wpscppro_dont_share_socialmedia":false,"_wpscppro_custom_social_share_image":0,"_facebook_share_type":"default","_twitter_share_type":"default","_linkedin_share_type":"default","_pinterest_share_type":"default","_linkedin_share_type_page":"","_instagram_share_type":"default","_medium_share_type":"default","_threads_share_type":"default","_google_business_share_type":"default","_selected_social_profile":[],"_wpsp_enable_custom_social_template":false,"_wpsp_social_scheduling":{"enabled":false,"datetime":null,"platforms":[],"status":"template_only","dateOption":"today","timeOption":"now","customDays":"","customHours":"","customDate":"","customTime":"","schedulingType":"absolute"},"_wpsp_active_default_template":true},"categories":[36],"tags":[],"class_list":["post-75439","post","type-post","status-publish","format-standard","has-post-thumbnail","hentry","category-culture"],"aioseo_notices":[],"yoast_head":"<!-- This site is optimized with the Yoast SEO plugin v27.5 - https:\/\/yoast.com\/product\/yoast-seo-wordpress\/ -->\n<title>Festival international du court-m\u00e9trage de Timimoun\u00a0: Intenses pr\u00e9paratifs pour la premi\u00e8re \u00e9dition - La Sentinelle<\/title>\n<meta name=\"robots\" content=\"index, follow, max-snippet:-1, max-image-preview:large, max-video-preview:-1\" \/>\n<link rel=\"canonical\" href=\"https:\/\/lasentinelle.dz\/index.php\/2025\/10\/28\/festival-international-du-court-metrage-de-timimoun-intenses-preparatifs-pour-la-premiere-edition\/\" \/>\n<meta property=\"og:locale\" content=\"fr_FR\" \/>\n<meta property=\"og:type\" content=\"article\" \/>\n<meta property=\"og:title\" content=\"Festival international du court-m\u00e9trage de Timimoun\u00a0: Intenses pr\u00e9paratifs pour la premi\u00e8re \u00e9dition - La Sentinelle\" \/>\n<meta property=\"og:description\" content=\"Les autorit\u00e9s de la wilaya de Timimoun multiplient les efforts pour assurer le succ\u00e8s de la premi\u00e8re \u00e9dition du Festival\" \/>\n<meta property=\"og:url\" content=\"https:\/\/lasentinelle.dz\/index.php\/2025\/10\/28\/festival-international-du-court-metrage-de-timimoun-intenses-preparatifs-pour-la-premiere-edition\/\" \/>\n<meta property=\"og:site_name\" content=\"La Sentinelle\" \/>\n<meta property=\"article:publisher\" content=\"https:\/\/www.facebook.com\/La-Sentinelle-104059864394773\" \/>\n<meta property=\"article:published_time\" content=\"2025-10-28T17:41:06+00:00\" \/>\n<meta property=\"og:image\" content=\"https:\/\/lasentinelle.dz\/wp-content\/uploads\/2025\/08\/festival-timimoun.jpg\" \/>\n\t<meta property=\"og:image:width\" content=\"580\" \/>\n\t<meta property=\"og:image:height\" content=\"350\" \/>\n\t<meta property=\"og:image:type\" content=\"image\/jpeg\" \/>\n<meta name=\"author\" content=\"admin\" \/>\n<meta name=\"twitter:card\" content=\"summary_large_image\" \/>\n<meta name=\"twitter:label1\" content=\"\u00c9crit par\" \/>\n\t<meta name=\"twitter:data1\" content=\"admin\" \/>\n\t<meta name=\"twitter:label2\" content=\"Dur\u00e9e de lecture estim\u00e9e\" \/>\n\t<meta name=\"twitter:data2\" content=\"3 minutes\" \/>\n<script type=\"application\/ld+json\" class=\"yoast-schema-graph\">{\"@context\":\"https:\\\/\\\/schema.org\",\"@graph\":[{\"@type\":\"Article\",\"@id\":\"https:\\\/\\\/lasentinelle.dz\\\/index.php\\\/2025\\\/10\\\/28\\\/festival-international-du-court-metrage-de-timimoun-intenses-preparatifs-pour-la-premiere-edition\\\/#article\",\"isPartOf\":{\"@id\":\"https:\\\/\\\/lasentinelle.dz\\\/index.php\\\/2025\\\/10\\\/28\\\/festival-international-du-court-metrage-de-timimoun-intenses-preparatifs-pour-la-premiere-edition\\\/\"},\"author\":{\"name\":\"admin\",\"@id\":\"https:\\\/\\\/lasentinelle.dz\\\/#\\\/schema\\\/person\\\/729ee0024f24e0b8c5ec17232f8e8b41\"},\"headline\":\"Festival international du court-m\u00e9trage de Timimoun\u00a0: Intenses pr\u00e9paratifs pour la premi\u00e8re \u00e9dition\",\"datePublished\":\"2025-10-28T17:41:06+00:00\",\"mainEntityOfPage\":{\"@id\":\"https:\\\/\\\/lasentinelle.dz\\\/index.php\\\/2025\\\/10\\\/28\\\/festival-international-du-court-metrage-de-timimoun-intenses-preparatifs-pour-la-premiere-edition\\\/\"},\"wordCount\":605,\"commentCount\":0,\"publisher\":{\"@id\":\"https:\\\/\\\/lasentinelle.dz\\\/#organization\"},\"image\":{\"@id\":\"https:\\\/\\\/lasentinelle.dz\\\/index.php\\\/2025\\\/10\\\/28\\\/festival-international-du-court-metrage-de-timimoun-intenses-preparatifs-pour-la-premiere-edition\\\/#primaryimage\"},\"thumbnailUrl\":\"https:\\\/\\\/lasentinelle.dz\\\/wp-content\\\/uploads\\\/2025\\\/08\\\/festival-timimoun.jpg\",\"articleSection\":[\"Culture\"],\"inLanguage\":\"fr-FR\",\"potentialAction\":[{\"@type\":\"CommentAction\",\"name\":\"Comment\",\"target\":[\"https:\\\/\\\/lasentinelle.dz\\\/index.php\\\/2025\\\/10\\\/28\\\/festival-international-du-court-metrage-de-timimoun-intenses-preparatifs-pour-la-premiere-edition\\\/#respond\"]}]},{\"@type\":\"WebPage\",\"@id\":\"https:\\\/\\\/lasentinelle.dz\\\/index.php\\\/2025\\\/10\\\/28\\\/festival-international-du-court-metrage-de-timimoun-intenses-preparatifs-pour-la-premiere-edition\\\/\",\"url\":\"https:\\\/\\\/lasentinelle.dz\\\/index.php\\\/2025\\\/10\\\/28\\\/festival-international-du-court-metrage-de-timimoun-intenses-preparatifs-pour-la-premiere-edition\\\/\",\"name\":\"Festival international du court-m\u00e9trage de Timimoun\u00a0: Intenses pr\u00e9paratifs pour la premi\u00e8re \u00e9dition - La Sentinelle\",\"isPartOf\":{\"@id\":\"https:\\\/\\\/lasentinelle.dz\\\/#website\"},\"primaryImageOfPage\":{\"@id\":\"https:\\\/\\\/lasentinelle.dz\\\/index.php\\\/2025\\\/10\\\/28\\\/festival-international-du-court-metrage-de-timimoun-intenses-preparatifs-pour-la-premiere-edition\\\/#primaryimage\"},\"image\":{\"@id\":\"https:\\\/\\\/lasentinelle.dz\\\/index.php\\\/2025\\\/10\\\/28\\\/festival-international-du-court-metrage-de-timimoun-intenses-preparatifs-pour-la-premiere-edition\\\/#primaryimage\"},\"thumbnailUrl\":\"https:\\\/\\\/lasentinelle.dz\\\/wp-content\\\/uploads\\\/2025\\\/08\\\/festival-timimoun.jpg\",\"datePublished\":\"2025-10-28T17:41:06+00:00\",\"breadcrumb\":{\"@id\":\"https:\\\/\\\/lasentinelle.dz\\\/index.php\\\/2025\\\/10\\\/28\\\/festival-international-du-court-metrage-de-timimoun-intenses-preparatifs-pour-la-premiere-edition\\\/#breadcrumb\"},\"inLanguage\":\"fr-FR\",\"potentialAction\":[{\"@type\":\"ReadAction\",\"target\":[\"https:\\\/\\\/lasentinelle.dz\\\/index.php\\\/2025\\\/10\\\/28\\\/festival-international-du-court-metrage-de-timimoun-intenses-preparatifs-pour-la-premiere-edition\\\/\"]}]},{\"@type\":\"ImageObject\",\"inLanguage\":\"fr-FR\",\"@id\":\"https:\\\/\\\/lasentinelle.dz\\\/index.php\\\/2025\\\/10\\\/28\\\/festival-international-du-court-metrage-de-timimoun-intenses-preparatifs-pour-la-premiere-edition\\\/#primaryimage\",\"url\":\"https:\\\/\\\/lasentinelle.dz\\\/wp-content\\\/uploads\\\/2025\\\/08\\\/festival-timimoun.jpg\",\"contentUrl\":\"https:\\\/\\\/lasentinelle.dz\\\/wp-content\\\/uploads\\\/2025\\\/08\\\/festival-timimoun.jpg\",\"width\":580,\"height\":350},{\"@type\":\"BreadcrumbList\",\"@id\":\"https:\\\/\\\/lasentinelle.dz\\\/index.php\\\/2025\\\/10\\\/28\\\/festival-international-du-court-metrage-de-timimoun-intenses-preparatifs-pour-la-premiere-edition\\\/#breadcrumb\",\"itemListElement\":[{\"@type\":\"ListItem\",\"position\":1,\"name\":\"Accueil\",\"item\":\"https:\\\/\\\/lasentinelle.dz\\\/\"},{\"@type\":\"ListItem\",\"position\":2,\"name\":\"Festival international du court-m\u00e9trage de Timimoun\u00a0: Intenses pr\u00e9paratifs pour la premi\u00e8re \u00e9dition\"}]},{\"@type\":\"WebSite\",\"@id\":\"https:\\\/\\\/lasentinelle.dz\\\/#website\",\"url\":\"https:\\\/\\\/lasentinelle.dz\\\/\",\"name\":\"La Sentinelle\",\"description\":\"Quotidien national d&#039;information\",\"publisher\":{\"@id\":\"https:\\\/\\\/lasentinelle.dz\\\/#organization\"},\"potentialAction\":[{\"@type\":\"SearchAction\",\"target\":{\"@type\":\"EntryPoint\",\"urlTemplate\":\"https:\\\/\\\/lasentinelle.dz\\\/?s={search_term_string}\"},\"query-input\":{\"@type\":\"PropertyValueSpecification\",\"valueRequired\":true,\"valueName\":\"search_term_string\"}}],\"inLanguage\":\"fr-FR\"},{\"@type\":\"Organization\",\"@id\":\"https:\\\/\\\/lasentinelle.dz\\\/#organization\",\"name\":\"Quotidien La Sentinelle\",\"url\":\"https:\\\/\\\/lasentinelle.dz\\\/\",\"logo\":{\"@type\":\"ImageObject\",\"inLanguage\":\"fr-FR\",\"@id\":\"https:\\\/\\\/lasentinelle.dz\\\/#\\\/schema\\\/logo\\\/image\\\/\",\"url\":\"https:\\\/\\\/lasentinelle.dz\\\/wp-content\\\/uploads\\\/2021\\\/09\\\/logo-sentinelleSLOGAN-1.png\",\"contentUrl\":\"https:\\\/\\\/lasentinelle.dz\\\/wp-content\\\/uploads\\\/2021\\\/09\\\/logo-sentinelleSLOGAN-1.png\",\"width\":615,\"height\":142,\"caption\":\"Quotidien La Sentinelle\"},\"image\":{\"@id\":\"https:\\\/\\\/lasentinelle.dz\\\/#\\\/schema\\\/logo\\\/image\\\/\"},\"sameAs\":[\"https:\\\/\\\/www.facebook.com\\\/La-Sentinelle-104059864394773\"]},{\"@type\":\"Person\",\"@id\":\"https:\\\/\\\/lasentinelle.dz\\\/#\\\/schema\\\/person\\\/729ee0024f24e0b8c5ec17232f8e8b41\",\"name\":\"admin\",\"image\":{\"@type\":\"ImageObject\",\"inLanguage\":\"fr-FR\",\"@id\":\"https:\\\/\\\/secure.gravatar.com\\\/avatar\\\/4c81fed838786e9b53f540bf46533e750f5d292099ae3b66cfc6fb1982e29df7?s=96&d=mm&r=g\",\"url\":\"https:\\\/\\\/secure.gravatar.com\\\/avatar\\\/4c81fed838786e9b53f540bf46533e750f5d292099ae3b66cfc6fb1982e29df7?s=96&d=mm&r=g\",\"contentUrl\":\"https:\\\/\\\/secure.gravatar.com\\\/avatar\\\/4c81fed838786e9b53f540bf46533e750f5d292099ae3b66cfc6fb1982e29df7?s=96&d=mm&r=g\",\"caption\":\"admin\"},\"description\":\"admin\",\"url\":\"https:\\\/\\\/lasentinelle.dz\\\/author\\\/admin\\\/\"}]}<\/script>\n<!-- \/ Yoast SEO plugin. -->","yoast_head_json":{"title":"Festival international du court-m\u00e9trage de Timimoun\u00a0: Intenses pr\u00e9paratifs pour la premi\u00e8re \u00e9dition - La Sentinelle","robots":{"index":"index","follow":"follow","max-snippet":"max-snippet:-1","max-image-preview":"max-image-preview:large","max-video-preview":"max-video-preview:-1"},"canonical":"https:\/\/lasentinelle.dz\/index.php\/2025\/10\/28\/festival-international-du-court-metrage-de-timimoun-intenses-preparatifs-pour-la-premiere-edition\/","og_locale":"fr_FR","og_type":"article","og_title":"Festival international du court-m\u00e9trage de Timimoun\u00a0: Intenses pr\u00e9paratifs pour la premi\u00e8re \u00e9dition - La Sentinelle","og_description":"Les autorit\u00e9s de la wilaya de Timimoun multiplient les efforts pour assurer le succ\u00e8s de la premi\u00e8re \u00e9dition du Festival","og_url":"https:\/\/lasentinelle.dz\/index.php\/2025\/10\/28\/festival-international-du-court-metrage-de-timimoun-intenses-preparatifs-pour-la-premiere-edition\/","og_site_name":"La Sentinelle","article_publisher":"https:\/\/www.facebook.com\/La-Sentinelle-104059864394773","article_published_time":"2025-10-28T17:41:06+00:00","og_image":[{"width":580,"height":350,"url":"https:\/\/lasentinelle.dz\/wp-content\/uploads\/2025\/08\/festival-timimoun.jpg","type":"image\/jpeg"}],"author":"admin","twitter_card":"summary_large_image","twitter_misc":{"\u00c9crit par":"admin","Dur\u00e9e de lecture estim\u00e9e":"3 minutes"},"schema":{"@context":"https:\/\/schema.org","@graph":[{"@type":"Article","@id":"https:\/\/lasentinelle.dz\/index.php\/2025\/10\/28\/festival-international-du-court-metrage-de-timimoun-intenses-preparatifs-pour-la-premiere-edition\/#article","isPartOf":{"@id":"https:\/\/lasentinelle.dz\/index.php\/2025\/10\/28\/festival-international-du-court-metrage-de-timimoun-intenses-preparatifs-pour-la-premiere-edition\/"},"author":{"name":"admin","@id":"https:\/\/lasentinelle.dz\/#\/schema\/person\/729ee0024f24e0b8c5ec17232f8e8b41"},"headline":"Festival international du court-m\u00e9trage de Timimoun\u00a0: Intenses pr\u00e9paratifs pour la premi\u00e8re \u00e9dition","datePublished":"2025-10-28T17:41:06+00:00","mainEntityOfPage":{"@id":"https:\/\/lasentinelle.dz\/index.php\/2025\/10\/28\/festival-international-du-court-metrage-de-timimoun-intenses-preparatifs-pour-la-premiere-edition\/"},"wordCount":605,"commentCount":0,"publisher":{"@id":"https:\/\/lasentinelle.dz\/#organization"},"image":{"@id":"https:\/\/lasentinelle.dz\/index.php\/2025\/10\/28\/festival-international-du-court-metrage-de-timimoun-intenses-preparatifs-pour-la-premiere-edition\/#primaryimage"},"thumbnailUrl":"https:\/\/lasentinelle.dz\/wp-content\/uploads\/2025\/08\/festival-timimoun.jpg","articleSection":["Culture"],"inLanguage":"fr-FR","potentialAction":[{"@type":"CommentAction","name":"Comment","target":["https:\/\/lasentinelle.dz\/index.php\/2025\/10\/28\/festival-international-du-court-metrage-de-timimoun-intenses-preparatifs-pour-la-premiere-edition\/#respond"]}]},{"@type":"WebPage","@id":"https:\/\/lasentinelle.dz\/index.php\/2025\/10\/28\/festival-international-du-court-metrage-de-timimoun-intenses-preparatifs-pour-la-premiere-edition\/","url":"https:\/\/lasentinelle.dz\/index.php\/2025\/10\/28\/festival-international-du-court-metrage-de-timimoun-intenses-preparatifs-pour-la-premiere-edition\/","name":"Festival international du court-m\u00e9trage de Timimoun\u00a0: Intenses pr\u00e9paratifs pour la premi\u00e8re \u00e9dition - La Sentinelle","isPartOf":{"@id":"https:\/\/lasentinelle.dz\/#website"},"primaryImageOfPage":{"@id":"https:\/\/lasentinelle.dz\/index.php\/2025\/10\/28\/festival-international-du-court-metrage-de-timimoun-intenses-preparatifs-pour-la-premiere-edition\/#primaryimage"},"image":{"@id":"https:\/\/lasentinelle.dz\/index.php\/2025\/10\/28\/festival-international-du-court-metrage-de-timimoun-intenses-preparatifs-pour-la-premiere-edition\/#primaryimage"},"thumbnailUrl":"https:\/\/lasentinelle.dz\/wp-content\/uploads\/2025\/08\/festival-timimoun.jpg","datePublished":"2025-10-28T17:41:06+00:00","breadcrumb":{"@id":"https:\/\/lasentinelle.dz\/index.php\/2025\/10\/28\/festival-international-du-court-metrage-de-timimoun-intenses-preparatifs-pour-la-premiere-edition\/#breadcrumb"},"inLanguage":"fr-FR","potentialAction":[{"@type":"ReadAction","target":["https:\/\/lasentinelle.dz\/index.php\/2025\/10\/28\/festival-international-du-court-metrage-de-timimoun-intenses-preparatifs-pour-la-premiere-edition\/"]}]},{"@type":"ImageObject","inLanguage":"fr-FR","@id":"https:\/\/lasentinelle.dz\/index.php\/2025\/10\/28\/festival-international-du-court-metrage-de-timimoun-intenses-preparatifs-pour-la-premiere-edition\/#primaryimage","url":"https:\/\/lasentinelle.dz\/wp-content\/uploads\/2025\/08\/festival-timimoun.jpg","contentUrl":"https:\/\/lasentinelle.dz\/wp-content\/uploads\/2025\/08\/festival-timimoun.jpg","width":580,"height":350},{"@type":"BreadcrumbList","@id":"https:\/\/lasentinelle.dz\/index.php\/2025\/10\/28\/festival-international-du-court-metrage-de-timimoun-intenses-preparatifs-pour-la-premiere-edition\/#breadcrumb","itemListElement":[{"@type":"ListItem","position":1,"name":"Accueil","item":"https:\/\/lasentinelle.dz\/"},{"@type":"ListItem","position":2,"name":"Festival international du court-m\u00e9trage de Timimoun\u00a0: Intenses pr\u00e9paratifs pour la premi\u00e8re \u00e9dition"}]},{"@type":"WebSite","@id":"https:\/\/lasentinelle.dz\/#website","url":"https:\/\/lasentinelle.dz\/","name":"La Sentinelle","description":"Quotidien national d&#039;information","publisher":{"@id":"https:\/\/lasentinelle.dz\/#organization"},"potentialAction":[{"@type":"SearchAction","target":{"@type":"EntryPoint","urlTemplate":"https:\/\/lasentinelle.dz\/?s={search_term_string}"},"query-input":{"@type":"PropertyValueSpecification","valueRequired":true,"valueName":"search_term_string"}}],"inLanguage":"fr-FR"},{"@type":"Organization","@id":"https:\/\/lasentinelle.dz\/#organization","name":"Quotidien La Sentinelle","url":"https:\/\/lasentinelle.dz\/","logo":{"@type":"ImageObject","inLanguage":"fr-FR","@id":"https:\/\/lasentinelle.dz\/#\/schema\/logo\/image\/","url":"https:\/\/lasentinelle.dz\/wp-content\/uploads\/2021\/09\/logo-sentinelleSLOGAN-1.png","contentUrl":"https:\/\/lasentinelle.dz\/wp-content\/uploads\/2021\/09\/logo-sentinelleSLOGAN-1.png","width":615,"height":142,"caption":"Quotidien La Sentinelle"},"image":{"@id":"https:\/\/lasentinelle.dz\/#\/schema\/logo\/image\/"},"sameAs":["https:\/\/www.facebook.com\/La-Sentinelle-104059864394773"]},{"@type":"Person","@id":"https:\/\/lasentinelle.dz\/#\/schema\/person\/729ee0024f24e0b8c5ec17232f8e8b41","name":"admin","image":{"@type":"ImageObject","inLanguage":"fr-FR","@id":"https:\/\/secure.gravatar.com\/avatar\/4c81fed838786e9b53f540bf46533e750f5d292099ae3b66cfc6fb1982e29df7?s=96&d=mm&r=g","url":"https:\/\/secure.gravatar.com\/avatar\/4c81fed838786e9b53f540bf46533e750f5d292099ae3b66cfc6fb1982e29df7?s=96&d=mm&r=g","contentUrl":"https:\/\/secure.gravatar.com\/avatar\/4c81fed838786e9b53f540bf46533e750f5d292099ae3b66cfc6fb1982e29df7?s=96&d=mm&r=g","caption":"admin"},"description":"admin","url":"https:\/\/lasentinelle.dz\/author\/admin\/"}]}},"_links":{"self":[{"href":"https:\/\/lasentinelle.dz\/index.php\/wp-json\/wp\/v2\/posts\/75439","targetHints":{"allow":["GET"]}}],"collection":[{"href":"https:\/\/lasentinelle.dz\/index.php\/wp-json\/wp\/v2\/posts"}],"about":[{"href":"https:\/\/lasentinelle.dz\/index.php\/wp-json\/wp\/v2\/types\/post"}],"author":[{"embeddable":true,"href":"https:\/\/lasentinelle.dz\/index.php\/wp-json\/wp\/v2\/users\/6"}],"replies":[{"embeddable":true,"href":"https:\/\/lasentinelle.dz\/index.php\/wp-json\/wp\/v2\/comments?post=75439"}],"version-history":[{"count":1,"href":"https:\/\/lasentinelle.dz\/index.php\/wp-json\/wp\/v2\/posts\/75439\/revisions"}],"predecessor-version":[{"id":75440,"href":"https:\/\/lasentinelle.dz\/index.php\/wp-json\/wp\/v2\/posts\/75439\/revisions\/75440"}],"wp:featuredmedia":[{"embeddable":true,"href":"https:\/\/lasentinelle.dz\/index.php\/wp-json\/wp\/v2\/media\/72633"}],"wp:attachment":[{"href":"https:\/\/lasentinelle.dz\/index.php\/wp-json\/wp\/v2\/media?parent=75439"}],"wp:term":[{"taxonomy":"category","embeddable":true,"href":"https:\/\/lasentinelle.dz\/index.php\/wp-json\/wp\/v2\/categories?post=75439"},{"taxonomy":"post_tag","embeddable":true,"href":"https:\/\/lasentinelle.dz\/index.php\/wp-json\/wp\/v2\/tags?post=75439"}],"curies":[{"name":"wp","href":"https:\/\/api.w.org\/{rel}","templated":true}]}}