{"id":75441,"date":"2025-10-28T18:42:06","date_gmt":"2025-10-28T17:42:06","guid":{"rendered":"https:\/\/lasentinelle.dz\/?p=75441"},"modified":"2025-10-28T18:42:06","modified_gmt":"2025-10-28T17:42:06","slug":"patrimoine-un-plan-de-protection-pour-le-mausolee-royal-de-syphax","status":"publish","type":"post","link":"https:\/\/lasentinelle.dz\/index.php\/2025\/10\/28\/patrimoine-un-plan-de-protection-pour-le-mausolee-royal-de-syphax\/","title":{"rendered":"Patrimoine\u00a0: Un plan de protection pour le mausol\u00e9e royal de Syphax"},"content":{"rendered":"\n<p>Le minist\u00e8re de la Culture et des Arts a publi\u00e9 un arr\u00eat\u00e9 fixant le plan de protection et de mise en valeur du site arch\u00e9ologique du mausol\u00e9e royal de Syphax, situ\u00e9 dans la commune de l&rsquo;\u00c9mir Abdelkader \u00e0 A\u00efn T\u00e9mouchent.<\/p>\n\n\n\n<p>Le texte dat\u00e9 du 25 septembre 2025 et publi\u00e9 au Journal officiel N\u00b0 71, vise \u00e0 pr\u00e9server et valoriser ce monument historique class\u00e9 en 2015 et s&rsquo;inscrit dans les efforts men\u00e9s par l&rsquo;Alg\u00e9rie pour la reconnaissance internationale de son patrimoine antique. L&rsquo;arr\u00eat\u00e9 marque une \u00e9tape importante dans la protection du patrimoine culturel alg\u00e9rien. Ce texte r\u00e9glementaire s&rsquo;inscrit dans le cadre de la loi relative \u00e0 la protection du patrimoine culturel de 1998 et fait suite \u00e0 la d\u00e9lib\u00e9ration de l&rsquo;assembl\u00e9e populaire de la wilaya d&rsquo;A\u00efn T\u00e9mouchent qui avait approuv\u00e9 ce plan en novembre 2024. Selon l&rsquo;article premier de l&rsquo;arr\u00eat\u00e9, ce plan a pour objet de fixer \u00ab\u00a0le plan de protection et de mise en valeur du site arch\u00e9ologique du mausol\u00e9e royal de Syphax et de sa zone de protection\u00a0\u00bb. Le document d\u00e9finit les mesures n\u00e9cessaires pour assurer la sauvegarde de ce monument historique tout en permettant sa mise en valeur touristique et culturelle. Le plan comprend un ensemble complet de documents techniques et r\u00e9glementaires. Comme le pr\u00e9cise l&rsquo;article 5, le dossier comporte \u00ab\u00a0le rapport de pr\u00e9sentation\u00a0\u00bb et \u00ab\u00a0le r\u00e8glement du plan de protection et de mise en valeur du site arch\u00e9ologique\u00a0\u00bb, accompagn\u00e9s de nombreux documents graphiques r\u00e9partis en trois phases. Ces documents incluent des plans de situation \u00e0 diff\u00e9rentes \u00e9chelles, des relev\u00e9s topographiques et arch\u00e9ologiques, ainsi qu&rsquo;un \u00ab\u00a0plan du mus\u00e9e de site\u00a0\u00bb pr\u00e9vu \u00e0 l&rsquo;\u00e9chelle 1\/50. L&rsquo;arr\u00eat\u00e9 garantit la transparence du processus en stipulant dans son article 3 que le plan \u00ab\u00a0est mis \u00e0 la disposition du public durant les trente jours qui suivent la date de publication\u00a0\u00bb. Les citoyens int\u00e9ress\u00e9s peuvent consulter ce document au si\u00e8ge de l&rsquo;assembl\u00e9e populaire communale de la commune de l&rsquo;\u00c9mir Abdelkader.<\/p>\n\n\n\n<p>La mise en \u0153uvre de ce plan rel\u00e8ve d&rsquo;une responsabilit\u00e9 partag\u00e9e. L&rsquo;article 7 confie cette mission au \u00ab\u00a0directeur de la culture de la wilaya de A\u00efn T\u00e9mouchent, en concertation avec le pr\u00e9sident de l&rsquo;assembl\u00e9e populaire communale\u00a0\u00bb, assurant ainsi une coordination entre les autorit\u00e9s culturelles et locales pour la gestion efficace du site. Le mausol\u00e9e royal de Syphax, roi des Numides Masaessyles, repr\u00e9sente un t\u00e9moignage majeur de l&rsquo;histoire antique de l&rsquo;Alg\u00e9rie. Ce monument fun\u00e9raire, qui avait \u00e9t\u00e9 class\u00e9 par arr\u00eat\u00e9 en d\u00e9cembre 2015, b\u00e9n\u00e9ficie d\u00e9sormais d&rsquo;un cadre r\u00e9glementaire complet pour sa pr\u00e9servation. Le plan pr\u00e9voit notamment des mesures d&rsquo;urgence, des interventions de consolidation et la cr\u00e9ation d&rsquo;un mus\u00e9e de site destin\u00e9 \u00e0 valoriser ce patrimoine exceptionnel. Cette initiative du minist\u00e8re de la Culture s&rsquo;inscrit dans une d\u00e9marche plus ambitieuse de protection et de valorisation du patrimoine national. L&rsquo;Alg\u00e9rie a d\u00e9pos\u00e9 un dossier pour l&rsquo;inscription des \u00ab\u00a0Mausol\u00e9es Royaux de l&rsquo;Alg\u00e9rie antique (du IVe si\u00e8cle av. J.-C. au VIe si\u00e8cle apr. J.-C.)\u00a0\u00bb sur la liste indicative de l&rsquo;UNESCO, un dossier qui englobe des sites comme les Djeddars de Frenda et le mausol\u00e9e du roi Syphax \u00e0 A\u00efn T\u00e9mouchent. Ce dossier est distinct du Mausol\u00e9e royal de Maur\u00e9tanie (Tombeau du Chr\u00e9tien), d\u00e9j\u00e0 class\u00e9 au patrimoine mondial de l&rsquo;UNESCO en 1982 dans le cadre de \u00ab\u00a0Tipasa\u00a0\u00bb. Le nouveau dossier vise \u00e0 reconna\u00eetre collectivement ces mausol\u00e9es en tant que patrimoine numide et maur\u00e9tanien, en soulignant leurs crit\u00e8res de valeur universelle exceptionnelle. Cette d\u00e9marche t\u00e9moigne de la volont\u00e9 des pouvoirs publics de pr\u00e9server la m\u00e9moire historique nationale tout en d\u00e9veloppant le potentiel touristique et \u00e9ducatif de ces sites remarquables. Elle refl\u00e8te \u00e9galement l&rsquo;engagement de l&rsquo;Alg\u00e9rie \u00e0 faire reconna\u00eetre internationalement la richesse de son patrimoine antique et \u00e0 assurer sa transmission aux g\u00e9n\u00e9rations futures.<\/p>\n\n\n\n<p><strong>Mohand Seghir<\/strong><\/p>\n","protected":false},"excerpt":{"rendered":"<p>Le minist\u00e8re de la Culture et des Arts a publi\u00e9 un arr\u00eat\u00e9 fixant le plan de protection et de mise<\/p>\n","protected":false},"author":6,"featured_media":75442,"comment_status":"open","ping_status":"closed","sticky":false,"template":"","format":"standard","meta":{"colormag_page_container_layout":"default_layout","colormag_page_sidebar_layout":"default_layout","om_disable_all_campaigns":false,"_monsterinsights_skip_tracking":false,"_monsterinsights_sitenote_active":false,"_monsterinsights_sitenote_note":"","_monsterinsights_sitenote_category":0,"footnotes":"","_wpscppro_dont_share_socialmedia":false,"_wpscppro_custom_social_share_image":0,"_facebook_share_type":"default","_twitter_share_type":"default","_linkedin_share_type":"default","_pinterest_share_type":"default","_linkedin_share_type_page":"","_instagram_share_type":"default","_medium_share_type":"default","_threads_share_type":"default","_google_business_share_type":"default","_selected_social_profile":[],"_wpsp_enable_custom_social_template":false,"_wpsp_social_scheduling":{"enabled":false,"datetime":null,"platforms":[],"status":"template_only","dateOption":"today","timeOption":"now","customDays":"","customHours":"","customDate":"","customTime":"","schedulingType":"absolute"},"_wpsp_active_default_template":true},"categories":[36],"tags":[],"class_list":["post-75441","post","type-post","status-publish","format-standard","has-post-thumbnail","hentry","category-culture"],"aioseo_notices":[],"yoast_head":"<!-- This site is optimized with the Yoast SEO plugin v27.5 - https:\/\/yoast.com\/product\/yoast-seo-wordpress\/ -->\n<title>Patrimoine\u00a0: Un plan de protection pour le mausol\u00e9e royal de Syphax - La Sentinelle<\/title>\n<meta name=\"robots\" content=\"index, follow, max-snippet:-1, max-image-preview:large, max-video-preview:-1\" \/>\n<link rel=\"canonical\" href=\"https:\/\/lasentinelle.dz\/index.php\/2025\/10\/28\/patrimoine-un-plan-de-protection-pour-le-mausolee-royal-de-syphax\/\" \/>\n<meta property=\"og:locale\" content=\"fr_FR\" \/>\n<meta property=\"og:type\" content=\"article\" \/>\n<meta property=\"og:title\" content=\"Patrimoine\u00a0: Un plan de protection pour le mausol\u00e9e royal de Syphax - La Sentinelle\" \/>\n<meta property=\"og:description\" content=\"Le minist\u00e8re de la Culture et des Arts a publi\u00e9 un arr\u00eat\u00e9 fixant le plan de protection et de mise\" \/>\n<meta property=\"og:url\" content=\"https:\/\/lasentinelle.dz\/index.php\/2025\/10\/28\/patrimoine-un-plan-de-protection-pour-le-mausolee-royal-de-syphax\/\" \/>\n<meta property=\"og:site_name\" content=\"La Sentinelle\" \/>\n<meta property=\"article:publisher\" content=\"https:\/\/www.facebook.com\/La-Sentinelle-104059864394773\" \/>\n<meta property=\"article:published_time\" content=\"2025-10-28T17:42:06+00:00\" \/>\n<meta property=\"og:image\" content=\"https:\/\/lasentinelle.dz\/wp-content\/uploads\/2025\/10\/mausolee-syphax.jpg\" \/>\n\t<meta property=\"og:image:width\" content=\"800\" \/>\n\t<meta property=\"og:image:height\" content=\"600\" \/>\n\t<meta property=\"og:image:type\" content=\"image\/jpeg\" \/>\n<meta name=\"author\" content=\"admin\" \/>\n<meta name=\"twitter:card\" content=\"summary_large_image\" \/>\n<meta name=\"twitter:label1\" content=\"\u00c9crit par\" \/>\n\t<meta name=\"twitter:data1\" content=\"admin\" \/>\n\t<meta name=\"twitter:label2\" content=\"Dur\u00e9e de lecture estim\u00e9e\" \/>\n\t<meta name=\"twitter:data2\" content=\"4 minutes\" \/>\n<script type=\"application\/ld+json\" class=\"yoast-schema-graph\">{\"@context\":\"https:\\\/\\\/schema.org\",\"@graph\":[{\"@type\":\"Article\",\"@id\":\"https:\\\/\\\/lasentinelle.dz\\\/index.php\\\/2025\\\/10\\\/28\\\/patrimoine-un-plan-de-protection-pour-le-mausolee-royal-de-syphax\\\/#article\",\"isPartOf\":{\"@id\":\"https:\\\/\\\/lasentinelle.dz\\\/index.php\\\/2025\\\/10\\\/28\\\/patrimoine-un-plan-de-protection-pour-le-mausolee-royal-de-syphax\\\/\"},\"author\":{\"name\":\"admin\",\"@id\":\"https:\\\/\\\/lasentinelle.dz\\\/#\\\/schema\\\/person\\\/729ee0024f24e0b8c5ec17232f8e8b41\"},\"headline\":\"Patrimoine\u00a0: Un plan de protection pour le mausol\u00e9e royal de Syphax\",\"datePublished\":\"2025-10-28T17:42:06+00:00\",\"mainEntityOfPage\":{\"@id\":\"https:\\\/\\\/lasentinelle.dz\\\/index.php\\\/2025\\\/10\\\/28\\\/patrimoine-un-plan-de-protection-pour-le-mausolee-royal-de-syphax\\\/\"},\"wordCount\":716,\"commentCount\":0,\"publisher\":{\"@id\":\"https:\\\/\\\/lasentinelle.dz\\\/#organization\"},\"image\":{\"@id\":\"https:\\\/\\\/lasentinelle.dz\\\/index.php\\\/2025\\\/10\\\/28\\\/patrimoine-un-plan-de-protection-pour-le-mausolee-royal-de-syphax\\\/#primaryimage\"},\"thumbnailUrl\":\"https:\\\/\\\/lasentinelle.dz\\\/wp-content\\\/uploads\\\/2025\\\/10\\\/mausolee-syphax.jpg\",\"articleSection\":[\"Culture\"],\"inLanguage\":\"fr-FR\",\"potentialAction\":[{\"@type\":\"CommentAction\",\"name\":\"Comment\",\"target\":[\"https:\\\/\\\/lasentinelle.dz\\\/index.php\\\/2025\\\/10\\\/28\\\/patrimoine-un-plan-de-protection-pour-le-mausolee-royal-de-syphax\\\/#respond\"]}]},{\"@type\":\"WebPage\",\"@id\":\"https:\\\/\\\/lasentinelle.dz\\\/index.php\\\/2025\\\/10\\\/28\\\/patrimoine-un-plan-de-protection-pour-le-mausolee-royal-de-syphax\\\/\",\"url\":\"https:\\\/\\\/lasentinelle.dz\\\/index.php\\\/2025\\\/10\\\/28\\\/patrimoine-un-plan-de-protection-pour-le-mausolee-royal-de-syphax\\\/\",\"name\":\"Patrimoine\u00a0: Un plan de protection pour le mausol\u00e9e royal de Syphax - La Sentinelle\",\"isPartOf\":{\"@id\":\"https:\\\/\\\/lasentinelle.dz\\\/#website\"},\"primaryImageOfPage\":{\"@id\":\"https:\\\/\\\/lasentinelle.dz\\\/index.php\\\/2025\\\/10\\\/28\\\/patrimoine-un-plan-de-protection-pour-le-mausolee-royal-de-syphax\\\/#primaryimage\"},\"image\":{\"@id\":\"https:\\\/\\\/lasentinelle.dz\\\/index.php\\\/2025\\\/10\\\/28\\\/patrimoine-un-plan-de-protection-pour-le-mausolee-royal-de-syphax\\\/#primaryimage\"},\"thumbnailUrl\":\"https:\\\/\\\/lasentinelle.dz\\\/wp-content\\\/uploads\\\/2025\\\/10\\\/mausolee-syphax.jpg\",\"datePublished\":\"2025-10-28T17:42:06+00:00\",\"breadcrumb\":{\"@id\":\"https:\\\/\\\/lasentinelle.dz\\\/index.php\\\/2025\\\/10\\\/28\\\/patrimoine-un-plan-de-protection-pour-le-mausolee-royal-de-syphax\\\/#breadcrumb\"},\"inLanguage\":\"fr-FR\",\"potentialAction\":[{\"@type\":\"ReadAction\",\"target\":[\"https:\\\/\\\/lasentinelle.dz\\\/index.php\\\/2025\\\/10\\\/28\\\/patrimoine-un-plan-de-protection-pour-le-mausolee-royal-de-syphax\\\/\"]}]},{\"@type\":\"ImageObject\",\"inLanguage\":\"fr-FR\",\"@id\":\"https:\\\/\\\/lasentinelle.dz\\\/index.php\\\/2025\\\/10\\\/28\\\/patrimoine-un-plan-de-protection-pour-le-mausolee-royal-de-syphax\\\/#primaryimage\",\"url\":\"https:\\\/\\\/lasentinelle.dz\\\/wp-content\\\/uploads\\\/2025\\\/10\\\/mausolee-syphax.jpg\",\"contentUrl\":\"https:\\\/\\\/lasentinelle.dz\\\/wp-content\\\/uploads\\\/2025\\\/10\\\/mausolee-syphax.jpg\",\"width\":800,\"height\":600},{\"@type\":\"BreadcrumbList\",\"@id\":\"https:\\\/\\\/lasentinelle.dz\\\/index.php\\\/2025\\\/10\\\/28\\\/patrimoine-un-plan-de-protection-pour-le-mausolee-royal-de-syphax\\\/#breadcrumb\",\"itemListElement\":[{\"@type\":\"ListItem\",\"position\":1,\"name\":\"Accueil\",\"item\":\"https:\\\/\\\/lasentinelle.dz\\\/\"},{\"@type\":\"ListItem\",\"position\":2,\"name\":\"Patrimoine\u00a0: Un plan de protection pour le mausol\u00e9e royal de Syphax\"}]},{\"@type\":\"WebSite\",\"@id\":\"https:\\\/\\\/lasentinelle.dz\\\/#website\",\"url\":\"https:\\\/\\\/lasentinelle.dz\\\/\",\"name\":\"La Sentinelle\",\"description\":\"Quotidien national d&#039;information\",\"publisher\":{\"@id\":\"https:\\\/\\\/lasentinelle.dz\\\/#organization\"},\"potentialAction\":[{\"@type\":\"SearchAction\",\"target\":{\"@type\":\"EntryPoint\",\"urlTemplate\":\"https:\\\/\\\/lasentinelle.dz\\\/?s={search_term_string}\"},\"query-input\":{\"@type\":\"PropertyValueSpecification\",\"valueRequired\":true,\"valueName\":\"search_term_string\"}}],\"inLanguage\":\"fr-FR\"},{\"@type\":\"Organization\",\"@id\":\"https:\\\/\\\/lasentinelle.dz\\\/#organization\",\"name\":\"Quotidien La Sentinelle\",\"url\":\"https:\\\/\\\/lasentinelle.dz\\\/\",\"logo\":{\"@type\":\"ImageObject\",\"inLanguage\":\"fr-FR\",\"@id\":\"https:\\\/\\\/lasentinelle.dz\\\/#\\\/schema\\\/logo\\\/image\\\/\",\"url\":\"https:\\\/\\\/lasentinelle.dz\\\/wp-content\\\/uploads\\\/2021\\\/09\\\/logo-sentinelleSLOGAN-1.png\",\"contentUrl\":\"https:\\\/\\\/lasentinelle.dz\\\/wp-content\\\/uploads\\\/2021\\\/09\\\/logo-sentinelleSLOGAN-1.png\",\"width\":615,\"height\":142,\"caption\":\"Quotidien La Sentinelle\"},\"image\":{\"@id\":\"https:\\\/\\\/lasentinelle.dz\\\/#\\\/schema\\\/logo\\\/image\\\/\"},\"sameAs\":[\"https:\\\/\\\/www.facebook.com\\\/La-Sentinelle-104059864394773\"]},{\"@type\":\"Person\",\"@id\":\"https:\\\/\\\/lasentinelle.dz\\\/#\\\/schema\\\/person\\\/729ee0024f24e0b8c5ec17232f8e8b41\",\"name\":\"admin\",\"image\":{\"@type\":\"ImageObject\",\"inLanguage\":\"fr-FR\",\"@id\":\"https:\\\/\\\/secure.gravatar.com\\\/avatar\\\/4c81fed838786e9b53f540bf46533e750f5d292099ae3b66cfc6fb1982e29df7?s=96&d=mm&r=g\",\"url\":\"https:\\\/\\\/secure.gravatar.com\\\/avatar\\\/4c81fed838786e9b53f540bf46533e750f5d292099ae3b66cfc6fb1982e29df7?s=96&d=mm&r=g\",\"contentUrl\":\"https:\\\/\\\/secure.gravatar.com\\\/avatar\\\/4c81fed838786e9b53f540bf46533e750f5d292099ae3b66cfc6fb1982e29df7?s=96&d=mm&r=g\",\"caption\":\"admin\"},\"description\":\"admin\",\"url\":\"https:\\\/\\\/lasentinelle.dz\\\/author\\\/admin\\\/\"}]}<\/script>\n<!-- \/ Yoast SEO plugin. -->","yoast_head_json":{"title":"Patrimoine\u00a0: Un plan de protection pour le mausol\u00e9e royal de Syphax - La Sentinelle","robots":{"index":"index","follow":"follow","max-snippet":"max-snippet:-1","max-image-preview":"max-image-preview:large","max-video-preview":"max-video-preview:-1"},"canonical":"https:\/\/lasentinelle.dz\/index.php\/2025\/10\/28\/patrimoine-un-plan-de-protection-pour-le-mausolee-royal-de-syphax\/","og_locale":"fr_FR","og_type":"article","og_title":"Patrimoine\u00a0: Un plan de protection pour le mausol\u00e9e royal de Syphax - La Sentinelle","og_description":"Le minist\u00e8re de la Culture et des Arts a publi\u00e9 un arr\u00eat\u00e9 fixant le plan de protection et de mise","og_url":"https:\/\/lasentinelle.dz\/index.php\/2025\/10\/28\/patrimoine-un-plan-de-protection-pour-le-mausolee-royal-de-syphax\/","og_site_name":"La Sentinelle","article_publisher":"https:\/\/www.facebook.com\/La-Sentinelle-104059864394773","article_published_time":"2025-10-28T17:42:06+00:00","og_image":[{"width":800,"height":600,"url":"https:\/\/lasentinelle.dz\/wp-content\/uploads\/2025\/10\/mausolee-syphax.jpg","type":"image\/jpeg"}],"author":"admin","twitter_card":"summary_large_image","twitter_misc":{"\u00c9crit par":"admin","Dur\u00e9e de lecture estim\u00e9e":"4 minutes"},"schema":{"@context":"https:\/\/schema.org","@graph":[{"@type":"Article","@id":"https:\/\/lasentinelle.dz\/index.php\/2025\/10\/28\/patrimoine-un-plan-de-protection-pour-le-mausolee-royal-de-syphax\/#article","isPartOf":{"@id":"https:\/\/lasentinelle.dz\/index.php\/2025\/10\/28\/patrimoine-un-plan-de-protection-pour-le-mausolee-royal-de-syphax\/"},"author":{"name":"admin","@id":"https:\/\/lasentinelle.dz\/#\/schema\/person\/729ee0024f24e0b8c5ec17232f8e8b41"},"headline":"Patrimoine\u00a0: Un plan de protection pour le mausol\u00e9e royal de Syphax","datePublished":"2025-10-28T17:42:06+00:00","mainEntityOfPage":{"@id":"https:\/\/lasentinelle.dz\/index.php\/2025\/10\/28\/patrimoine-un-plan-de-protection-pour-le-mausolee-royal-de-syphax\/"},"wordCount":716,"commentCount":0,"publisher":{"@id":"https:\/\/lasentinelle.dz\/#organization"},"image":{"@id":"https:\/\/lasentinelle.dz\/index.php\/2025\/10\/28\/patrimoine-un-plan-de-protection-pour-le-mausolee-royal-de-syphax\/#primaryimage"},"thumbnailUrl":"https:\/\/lasentinelle.dz\/wp-content\/uploads\/2025\/10\/mausolee-syphax.jpg","articleSection":["Culture"],"inLanguage":"fr-FR","potentialAction":[{"@type":"CommentAction","name":"Comment","target":["https:\/\/lasentinelle.dz\/index.php\/2025\/10\/28\/patrimoine-un-plan-de-protection-pour-le-mausolee-royal-de-syphax\/#respond"]}]},{"@type":"WebPage","@id":"https:\/\/lasentinelle.dz\/index.php\/2025\/10\/28\/patrimoine-un-plan-de-protection-pour-le-mausolee-royal-de-syphax\/","url":"https:\/\/lasentinelle.dz\/index.php\/2025\/10\/28\/patrimoine-un-plan-de-protection-pour-le-mausolee-royal-de-syphax\/","name":"Patrimoine\u00a0: Un plan de protection pour le mausol\u00e9e royal de Syphax - La Sentinelle","isPartOf":{"@id":"https:\/\/lasentinelle.dz\/#website"},"primaryImageOfPage":{"@id":"https:\/\/lasentinelle.dz\/index.php\/2025\/10\/28\/patrimoine-un-plan-de-protection-pour-le-mausolee-royal-de-syphax\/#primaryimage"},"image":{"@id":"https:\/\/lasentinelle.dz\/index.php\/2025\/10\/28\/patrimoine-un-plan-de-protection-pour-le-mausolee-royal-de-syphax\/#primaryimage"},"thumbnailUrl":"https:\/\/lasentinelle.dz\/wp-content\/uploads\/2025\/10\/mausolee-syphax.jpg","datePublished":"2025-10-28T17:42:06+00:00","breadcrumb":{"@id":"https:\/\/lasentinelle.dz\/index.php\/2025\/10\/28\/patrimoine-un-plan-de-protection-pour-le-mausolee-royal-de-syphax\/#breadcrumb"},"inLanguage":"fr-FR","potentialAction":[{"@type":"ReadAction","target":["https:\/\/lasentinelle.dz\/index.php\/2025\/10\/28\/patrimoine-un-plan-de-protection-pour-le-mausolee-royal-de-syphax\/"]}]},{"@type":"ImageObject","inLanguage":"fr-FR","@id":"https:\/\/lasentinelle.dz\/index.php\/2025\/10\/28\/patrimoine-un-plan-de-protection-pour-le-mausolee-royal-de-syphax\/#primaryimage","url":"https:\/\/lasentinelle.dz\/wp-content\/uploads\/2025\/10\/mausolee-syphax.jpg","contentUrl":"https:\/\/lasentinelle.dz\/wp-content\/uploads\/2025\/10\/mausolee-syphax.jpg","width":800,"height":600},{"@type":"BreadcrumbList","@id":"https:\/\/lasentinelle.dz\/index.php\/2025\/10\/28\/patrimoine-un-plan-de-protection-pour-le-mausolee-royal-de-syphax\/#breadcrumb","itemListElement":[{"@type":"ListItem","position":1,"name":"Accueil","item":"https:\/\/lasentinelle.dz\/"},{"@type":"ListItem","position":2,"name":"Patrimoine\u00a0: Un plan de protection pour le mausol\u00e9e royal de Syphax"}]},{"@type":"WebSite","@id":"https:\/\/lasentinelle.dz\/#website","url":"https:\/\/lasentinelle.dz\/","name":"La Sentinelle","description":"Quotidien national d&#039;information","publisher":{"@id":"https:\/\/lasentinelle.dz\/#organization"},"potentialAction":[{"@type":"SearchAction","target":{"@type":"EntryPoint","urlTemplate":"https:\/\/lasentinelle.dz\/?s={search_term_string}"},"query-input":{"@type":"PropertyValueSpecification","valueRequired":true,"valueName":"search_term_string"}}],"inLanguage":"fr-FR"},{"@type":"Organization","@id":"https:\/\/lasentinelle.dz\/#organization","name":"Quotidien La Sentinelle","url":"https:\/\/lasentinelle.dz\/","logo":{"@type":"ImageObject","inLanguage":"fr-FR","@id":"https:\/\/lasentinelle.dz\/#\/schema\/logo\/image\/","url":"https:\/\/lasentinelle.dz\/wp-content\/uploads\/2021\/09\/logo-sentinelleSLOGAN-1.png","contentUrl":"https:\/\/lasentinelle.dz\/wp-content\/uploads\/2021\/09\/logo-sentinelleSLOGAN-1.png","width":615,"height":142,"caption":"Quotidien La Sentinelle"},"image":{"@id":"https:\/\/lasentinelle.dz\/#\/schema\/logo\/image\/"},"sameAs":["https:\/\/www.facebook.com\/La-Sentinelle-104059864394773"]},{"@type":"Person","@id":"https:\/\/lasentinelle.dz\/#\/schema\/person\/729ee0024f24e0b8c5ec17232f8e8b41","name":"admin","image":{"@type":"ImageObject","inLanguage":"fr-FR","@id":"https:\/\/secure.gravatar.com\/avatar\/4c81fed838786e9b53f540bf46533e750f5d292099ae3b66cfc6fb1982e29df7?s=96&d=mm&r=g","url":"https:\/\/secure.gravatar.com\/avatar\/4c81fed838786e9b53f540bf46533e750f5d292099ae3b66cfc6fb1982e29df7?s=96&d=mm&r=g","contentUrl":"https:\/\/secure.gravatar.com\/avatar\/4c81fed838786e9b53f540bf46533e750f5d292099ae3b66cfc6fb1982e29df7?s=96&d=mm&r=g","caption":"admin"},"description":"admin","url":"https:\/\/lasentinelle.dz\/author\/admin\/"}]}},"_links":{"self":[{"href":"https:\/\/lasentinelle.dz\/index.php\/wp-json\/wp\/v2\/posts\/75441","targetHints":{"allow":["GET"]}}],"collection":[{"href":"https:\/\/lasentinelle.dz\/index.php\/wp-json\/wp\/v2\/posts"}],"about":[{"href":"https:\/\/lasentinelle.dz\/index.php\/wp-json\/wp\/v2\/types\/post"}],"author":[{"embeddable":true,"href":"https:\/\/lasentinelle.dz\/index.php\/wp-json\/wp\/v2\/users\/6"}],"replies":[{"embeddable":true,"href":"https:\/\/lasentinelle.dz\/index.php\/wp-json\/wp\/v2\/comments?post=75441"}],"version-history":[{"count":1,"href":"https:\/\/lasentinelle.dz\/index.php\/wp-json\/wp\/v2\/posts\/75441\/revisions"}],"predecessor-version":[{"id":75443,"href":"https:\/\/lasentinelle.dz\/index.php\/wp-json\/wp\/v2\/posts\/75441\/revisions\/75443"}],"wp:featuredmedia":[{"embeddable":true,"href":"https:\/\/lasentinelle.dz\/index.php\/wp-json\/wp\/v2\/media\/75442"}],"wp:attachment":[{"href":"https:\/\/lasentinelle.dz\/index.php\/wp-json\/wp\/v2\/media?parent=75441"}],"wp:term":[{"taxonomy":"category","embeddable":true,"href":"https:\/\/lasentinelle.dz\/index.php\/wp-json\/wp\/v2\/categories?post=75441"},{"taxonomy":"post_tag","embeddable":true,"href":"https:\/\/lasentinelle.dz\/index.php\/wp-json\/wp\/v2\/tags?post=75441"}],"curies":[{"name":"wp","href":"https:\/\/api.w.org\/{rel}","templated":true}]}}