{"id":75455,"date":"2025-10-28T18:57:12","date_gmt":"2025-10-28T17:57:12","guid":{"rendered":"https:\/\/lasentinelle.dz\/?p=75455"},"modified":"2025-10-28T18:57:13","modified_gmt":"2025-10-28T17:57:13","slug":"souk-ahras-des-appels-pour-combler-le-deficit-de-medecins-specialistes","status":"publish","type":"post","link":"https:\/\/lasentinelle.dz\/index.php\/2025\/10\/28\/souk-ahras-des-appels-pour-combler-le-deficit-de-medecins-specialistes\/","title":{"rendered":"Souk-Ahras\u00a0: Des appels pour combler le d\u00e9ficit de m\u00e9decins sp\u00e9cialistes"},"content":{"rendered":"\n<p>En d\u00e9pit des conditions d&rsquo;accueil et de s\u00e9jour avantageuses offertes aux praticiens sp\u00e9cialistes, la situation demeure pr\u00e9occupante \u00e0 Souk Ahras. C&rsquo;est ce qu&rsquo;a r\u00e9v\u00e9l\u00e9 une source sanitaire relevant de la direction de la sant\u00e9 et de la population (DSP) de la wilaya de Souk-Ahras qui a tir\u00e9 la sonnette d&rsquo;alarme. Nos sources ont expliqu\u00e9 qu&rsquo;en d\u00e9pit des efforts d\u00e9ploy\u00e9s par les services de la DSP pour garantir une couverture acceptable en m\u00e9decins sp\u00e9cialistes, le d\u00e9ficit reste important et persistant pour le secteur de la sant\u00e9 dans la wilaya de Souk-Ahras. Un d\u00e9ficit qui, a-t-on soulign\u00e9, ne touche pas uniquement cette wilaya, mais \u00e9galement d&rsquo;autres wilayas. Cette situation s&rsquo;explique, ont pr\u00e9cis\u00e9 les m\u00eames sources, par la raret\u00e9 des postes budg\u00e9taires allou\u00e9s par le minist\u00e8re de la Sant\u00e9, notamment dans les r\u00e9gions du nord, ce qui constitue une contrainte majeure. Selon la m\u00eame source, la wilaya de Souk-Ahras n&rsquo;a b\u00e9n\u00e9fici\u00e9 au titre de l&rsquo;exercice 2025 que de quatre nouveaux postes budg\u00e9taires, un nombre jug\u00e9 tr\u00e8s insuffisant par rapport aux besoins r\u00e9els de la population. Nos sources ont fait savoir que la strat\u00e9gie du gouvernement vise actuellement \u00e0 renforcer les effectifs m\u00e9dicaux dans les r\u00e9gions du sud du pays o\u00f9 le manque de sp\u00e9cialistes se fait particuli\u00e8rement sentir. Une orientation qui s&rsquo;explique par la r\u00e9ticence, voire le refus, de nombreux m\u00e9decins sp\u00e9cialistes \u00e0 exercer dans ces zones, en raison de l&rsquo;\u00e9loignement et des conditions climatiques difficiles, mais aussi du sous-\u00e9quipement des structures de sant\u00e9, et ce malgr\u00e9 les avantages mat\u00e9riels attractifs qui leur sont propos\u00e9s.<\/p>\n\n\n\n<p>Une situation qui, ont not\u00e9 nos sources, met en \u00e9vidence la n\u00e9cessit\u00e9 de d\u00e9velopper des solutions p\u00e9rennes afin d&rsquo;assurer un acc\u00e8s \u00e9quitable aux soins sp\u00e9cialis\u00e9s pour l&rsquo;ensemble de la population. Il s&rsquo;agit notamment de garantir que les habitants des diff\u00e9rentes localit\u00e9s, y compris celles confront\u00e9es \u00e0 des difficult\u00e9s d&rsquo;\u00e9loignement ou de ressources limit\u00e9es, puissent b\u00e9n\u00e9ficier d&rsquo;un suivi m\u00e9dical de qualit\u00e9 et d&rsquo;une prise en charge adapt\u00e9e \u00e0 leurs besoins.<\/p>\n\n\n\n<p><strong>Sofia Chahine<\/strong><\/p>\n","protected":false},"excerpt":{"rendered":"<p>En d\u00e9pit des conditions d&rsquo;accueil et de s\u00e9jour avantageuses offertes aux praticiens sp\u00e9cialistes, la situation demeure pr\u00e9occupante \u00e0 Souk Ahras.<\/p>\n","protected":false},"author":6,"featured_media":71251,"comment_status":"open","ping_status":"closed","sticky":false,"template":"","format":"standard","meta":{"colormag_page_container_layout":"default_layout","colormag_page_sidebar_layout":"default_layout","om_disable_all_campaigns":false,"_monsterinsights_skip_tracking":false,"_monsterinsights_sitenote_active":false,"_monsterinsights_sitenote_note":"","_monsterinsights_sitenote_category":0,"footnotes":"","_wpscppro_dont_share_socialmedia":false,"_wpscppro_custom_social_share_image":0,"_facebook_share_type":"default","_twitter_share_type":"default","_linkedin_share_type":"default","_pinterest_share_type":"default","_linkedin_share_type_page":"","_instagram_share_type":"default","_medium_share_type":"default","_threads_share_type":"default","_google_business_share_type":"default","_selected_social_profile":[],"_wpsp_enable_custom_social_template":false,"_wpsp_social_scheduling":{"enabled":false,"datetime":null,"platforms":[],"status":"template_only","dateOption":"today","timeOption":"now","customDays":"","customHours":"","customDate":"","customTime":"","schedulingType":"absolute"},"_wpsp_active_default_template":true},"categories":[31],"tags":[],"class_list":["post-75455","post","type-post","status-publish","format-standard","has-post-thumbnail","hentry","category-regions"],"aioseo_notices":[],"yoast_head":"<!-- This site is optimized with the Yoast SEO plugin v27.5 - https:\/\/yoast.com\/product\/yoast-seo-wordpress\/ -->\n<title>Souk-Ahras\u00a0: Des appels pour combler le d\u00e9ficit de m\u00e9decins sp\u00e9cialistes - La Sentinelle<\/title>\n<meta name=\"robots\" content=\"index, follow, max-snippet:-1, max-image-preview:large, max-video-preview:-1\" \/>\n<link rel=\"canonical\" href=\"https:\/\/lasentinelle.dz\/index.php\/2025\/10\/28\/souk-ahras-des-appels-pour-combler-le-deficit-de-medecins-specialistes\/\" \/>\n<meta property=\"og:locale\" content=\"fr_FR\" \/>\n<meta property=\"og:type\" content=\"article\" \/>\n<meta property=\"og:title\" content=\"Souk-Ahras\u00a0: Des appels pour combler le d\u00e9ficit de m\u00e9decins sp\u00e9cialistes - La Sentinelle\" \/>\n<meta property=\"og:description\" content=\"En d\u00e9pit des conditions d&rsquo;accueil et de s\u00e9jour avantageuses offertes aux praticiens sp\u00e9cialistes, la situation demeure pr\u00e9occupante \u00e0 Souk Ahras.\" \/>\n<meta property=\"og:url\" content=\"https:\/\/lasentinelle.dz\/index.php\/2025\/10\/28\/souk-ahras-des-appels-pour-combler-le-deficit-de-medecins-specialistes\/\" \/>\n<meta property=\"og:site_name\" content=\"La Sentinelle\" \/>\n<meta property=\"article:publisher\" content=\"https:\/\/www.facebook.com\/La-Sentinelle-104059864394773\" \/>\n<meta property=\"article:published_time\" content=\"2025-10-28T17:57:12+00:00\" \/>\n<meta property=\"article:modified_time\" content=\"2025-10-28T17:57:13+00:00\" \/>\n<meta property=\"og:image\" content=\"https:\/\/lasentinelle.dz\/wp-content\/uploads\/2025\/07\/hopital.jpeg\" \/>\n\t<meta property=\"og:image:width\" content=\"800\" \/>\n\t<meta property=\"og:image:height\" content=\"450\" \/>\n\t<meta property=\"og:image:type\" content=\"image\/jpeg\" \/>\n<meta name=\"author\" content=\"admin\" \/>\n<meta name=\"twitter:card\" content=\"summary_large_image\" \/>\n<meta name=\"twitter:label1\" content=\"\u00c9crit par\" \/>\n\t<meta name=\"twitter:data1\" content=\"admin\" \/>\n\t<meta name=\"twitter:label2\" content=\"Dur\u00e9e de lecture estim\u00e9e\" \/>\n\t<meta name=\"twitter:data2\" content=\"2 minutes\" \/>\n<script type=\"application\/ld+json\" class=\"yoast-schema-graph\">{\"@context\":\"https:\\\/\\\/schema.org\",\"@graph\":[{\"@type\":\"Article\",\"@id\":\"https:\\\/\\\/lasentinelle.dz\\\/index.php\\\/2025\\\/10\\\/28\\\/souk-ahras-des-appels-pour-combler-le-deficit-de-medecins-specialistes\\\/#article\",\"isPartOf\":{\"@id\":\"https:\\\/\\\/lasentinelle.dz\\\/index.php\\\/2025\\\/10\\\/28\\\/souk-ahras-des-appels-pour-combler-le-deficit-de-medecins-specialistes\\\/\"},\"author\":{\"name\":\"admin\",\"@id\":\"https:\\\/\\\/lasentinelle.dz\\\/#\\\/schema\\\/person\\\/729ee0024f24e0b8c5ec17232f8e8b41\"},\"headline\":\"Souk-Ahras\u00a0: Des appels pour combler le d\u00e9ficit de m\u00e9decins sp\u00e9cialistes\",\"datePublished\":\"2025-10-28T17:57:12+00:00\",\"dateModified\":\"2025-10-28T17:57:13+00:00\",\"mainEntityOfPage\":{\"@id\":\"https:\\\/\\\/lasentinelle.dz\\\/index.php\\\/2025\\\/10\\\/28\\\/souk-ahras-des-appels-pour-combler-le-deficit-de-medecins-specialistes\\\/\"},\"wordCount\":398,\"commentCount\":0,\"publisher\":{\"@id\":\"https:\\\/\\\/lasentinelle.dz\\\/#organization\"},\"image\":{\"@id\":\"https:\\\/\\\/lasentinelle.dz\\\/index.php\\\/2025\\\/10\\\/28\\\/souk-ahras-des-appels-pour-combler-le-deficit-de-medecins-specialistes\\\/#primaryimage\"},\"thumbnailUrl\":\"https:\\\/\\\/lasentinelle.dz\\\/wp-content\\\/uploads\\\/2025\\\/07\\\/hopital.jpeg\",\"articleSection\":[\"R\u00e9gions\"],\"inLanguage\":\"fr-FR\",\"potentialAction\":[{\"@type\":\"CommentAction\",\"name\":\"Comment\",\"target\":[\"https:\\\/\\\/lasentinelle.dz\\\/index.php\\\/2025\\\/10\\\/28\\\/souk-ahras-des-appels-pour-combler-le-deficit-de-medecins-specialistes\\\/#respond\"]}]},{\"@type\":\"WebPage\",\"@id\":\"https:\\\/\\\/lasentinelle.dz\\\/index.php\\\/2025\\\/10\\\/28\\\/souk-ahras-des-appels-pour-combler-le-deficit-de-medecins-specialistes\\\/\",\"url\":\"https:\\\/\\\/lasentinelle.dz\\\/index.php\\\/2025\\\/10\\\/28\\\/souk-ahras-des-appels-pour-combler-le-deficit-de-medecins-specialistes\\\/\",\"name\":\"Souk-Ahras\u00a0: Des appels pour combler le d\u00e9ficit de m\u00e9decins sp\u00e9cialistes - La Sentinelle\",\"isPartOf\":{\"@id\":\"https:\\\/\\\/lasentinelle.dz\\\/#website\"},\"primaryImageOfPage\":{\"@id\":\"https:\\\/\\\/lasentinelle.dz\\\/index.php\\\/2025\\\/10\\\/28\\\/souk-ahras-des-appels-pour-combler-le-deficit-de-medecins-specialistes\\\/#primaryimage\"},\"image\":{\"@id\":\"https:\\\/\\\/lasentinelle.dz\\\/index.php\\\/2025\\\/10\\\/28\\\/souk-ahras-des-appels-pour-combler-le-deficit-de-medecins-specialistes\\\/#primaryimage\"},\"thumbnailUrl\":\"https:\\\/\\\/lasentinelle.dz\\\/wp-content\\\/uploads\\\/2025\\\/07\\\/hopital.jpeg\",\"datePublished\":\"2025-10-28T17:57:12+00:00\",\"dateModified\":\"2025-10-28T17:57:13+00:00\",\"breadcrumb\":{\"@id\":\"https:\\\/\\\/lasentinelle.dz\\\/index.php\\\/2025\\\/10\\\/28\\\/souk-ahras-des-appels-pour-combler-le-deficit-de-medecins-specialistes\\\/#breadcrumb\"},\"inLanguage\":\"fr-FR\",\"potentialAction\":[{\"@type\":\"ReadAction\",\"target\":[\"https:\\\/\\\/lasentinelle.dz\\\/index.php\\\/2025\\\/10\\\/28\\\/souk-ahras-des-appels-pour-combler-le-deficit-de-medecins-specialistes\\\/\"]}]},{\"@type\":\"ImageObject\",\"inLanguage\":\"fr-FR\",\"@id\":\"https:\\\/\\\/lasentinelle.dz\\\/index.php\\\/2025\\\/10\\\/28\\\/souk-ahras-des-appels-pour-combler-le-deficit-de-medecins-specialistes\\\/#primaryimage\",\"url\":\"https:\\\/\\\/lasentinelle.dz\\\/wp-content\\\/uploads\\\/2025\\\/07\\\/hopital.jpeg\",\"contentUrl\":\"https:\\\/\\\/lasentinelle.dz\\\/wp-content\\\/uploads\\\/2025\\\/07\\\/hopital.jpeg\",\"width\":800,\"height\":450},{\"@type\":\"BreadcrumbList\",\"@id\":\"https:\\\/\\\/lasentinelle.dz\\\/index.php\\\/2025\\\/10\\\/28\\\/souk-ahras-des-appels-pour-combler-le-deficit-de-medecins-specialistes\\\/#breadcrumb\",\"itemListElement\":[{\"@type\":\"ListItem\",\"position\":1,\"name\":\"Accueil\",\"item\":\"https:\\\/\\\/lasentinelle.dz\\\/\"},{\"@type\":\"ListItem\",\"position\":2,\"name\":\"Souk-Ahras\u00a0: Des appels pour combler le d\u00e9ficit de m\u00e9decins sp\u00e9cialistes\"}]},{\"@type\":\"WebSite\",\"@id\":\"https:\\\/\\\/lasentinelle.dz\\\/#website\",\"url\":\"https:\\\/\\\/lasentinelle.dz\\\/\",\"name\":\"La Sentinelle\",\"description\":\"Quotidien national d&#039;information\",\"publisher\":{\"@id\":\"https:\\\/\\\/lasentinelle.dz\\\/#organization\"},\"potentialAction\":[{\"@type\":\"SearchAction\",\"target\":{\"@type\":\"EntryPoint\",\"urlTemplate\":\"https:\\\/\\\/lasentinelle.dz\\\/?s={search_term_string}\"},\"query-input\":{\"@type\":\"PropertyValueSpecification\",\"valueRequired\":true,\"valueName\":\"search_term_string\"}}],\"inLanguage\":\"fr-FR\"},{\"@type\":\"Organization\",\"@id\":\"https:\\\/\\\/lasentinelle.dz\\\/#organization\",\"name\":\"Quotidien La Sentinelle\",\"url\":\"https:\\\/\\\/lasentinelle.dz\\\/\",\"logo\":{\"@type\":\"ImageObject\",\"inLanguage\":\"fr-FR\",\"@id\":\"https:\\\/\\\/lasentinelle.dz\\\/#\\\/schema\\\/logo\\\/image\\\/\",\"url\":\"https:\\\/\\\/lasentinelle.dz\\\/wp-content\\\/uploads\\\/2021\\\/09\\\/logo-sentinelleSLOGAN-1.png\",\"contentUrl\":\"https:\\\/\\\/lasentinelle.dz\\\/wp-content\\\/uploads\\\/2021\\\/09\\\/logo-sentinelleSLOGAN-1.png\",\"width\":615,\"height\":142,\"caption\":\"Quotidien La Sentinelle\"},\"image\":{\"@id\":\"https:\\\/\\\/lasentinelle.dz\\\/#\\\/schema\\\/logo\\\/image\\\/\"},\"sameAs\":[\"https:\\\/\\\/www.facebook.com\\\/La-Sentinelle-104059864394773\"]},{\"@type\":\"Person\",\"@id\":\"https:\\\/\\\/lasentinelle.dz\\\/#\\\/schema\\\/person\\\/729ee0024f24e0b8c5ec17232f8e8b41\",\"name\":\"admin\",\"image\":{\"@type\":\"ImageObject\",\"inLanguage\":\"fr-FR\",\"@id\":\"https:\\\/\\\/secure.gravatar.com\\\/avatar\\\/4c81fed838786e9b53f540bf46533e750f5d292099ae3b66cfc6fb1982e29df7?s=96&d=mm&r=g\",\"url\":\"https:\\\/\\\/secure.gravatar.com\\\/avatar\\\/4c81fed838786e9b53f540bf46533e750f5d292099ae3b66cfc6fb1982e29df7?s=96&d=mm&r=g\",\"contentUrl\":\"https:\\\/\\\/secure.gravatar.com\\\/avatar\\\/4c81fed838786e9b53f540bf46533e750f5d292099ae3b66cfc6fb1982e29df7?s=96&d=mm&r=g\",\"caption\":\"admin\"},\"description\":\"admin\",\"url\":\"https:\\\/\\\/lasentinelle.dz\\\/author\\\/admin\\\/\"}]}<\/script>\n<!-- \/ Yoast SEO plugin. -->","yoast_head_json":{"title":"Souk-Ahras\u00a0: Des appels pour combler le d\u00e9ficit de m\u00e9decins sp\u00e9cialistes - La Sentinelle","robots":{"index":"index","follow":"follow","max-snippet":"max-snippet:-1","max-image-preview":"max-image-preview:large","max-video-preview":"max-video-preview:-1"},"canonical":"https:\/\/lasentinelle.dz\/index.php\/2025\/10\/28\/souk-ahras-des-appels-pour-combler-le-deficit-de-medecins-specialistes\/","og_locale":"fr_FR","og_type":"article","og_title":"Souk-Ahras\u00a0: Des appels pour combler le d\u00e9ficit de m\u00e9decins sp\u00e9cialistes - La Sentinelle","og_description":"En d\u00e9pit des conditions d&rsquo;accueil et de s\u00e9jour avantageuses offertes aux praticiens sp\u00e9cialistes, la situation demeure pr\u00e9occupante \u00e0 Souk Ahras.","og_url":"https:\/\/lasentinelle.dz\/index.php\/2025\/10\/28\/souk-ahras-des-appels-pour-combler-le-deficit-de-medecins-specialistes\/","og_site_name":"La Sentinelle","article_publisher":"https:\/\/www.facebook.com\/La-Sentinelle-104059864394773","article_published_time":"2025-10-28T17:57:12+00:00","article_modified_time":"2025-10-28T17:57:13+00:00","og_image":[{"width":800,"height":450,"url":"https:\/\/lasentinelle.dz\/wp-content\/uploads\/2025\/07\/hopital.jpeg","type":"image\/jpeg"}],"author":"admin","twitter_card":"summary_large_image","twitter_misc":{"\u00c9crit par":"admin","Dur\u00e9e de lecture estim\u00e9e":"2 minutes"},"schema":{"@context":"https:\/\/schema.org","@graph":[{"@type":"Article","@id":"https:\/\/lasentinelle.dz\/index.php\/2025\/10\/28\/souk-ahras-des-appels-pour-combler-le-deficit-de-medecins-specialistes\/#article","isPartOf":{"@id":"https:\/\/lasentinelle.dz\/index.php\/2025\/10\/28\/souk-ahras-des-appels-pour-combler-le-deficit-de-medecins-specialistes\/"},"author":{"name":"admin","@id":"https:\/\/lasentinelle.dz\/#\/schema\/person\/729ee0024f24e0b8c5ec17232f8e8b41"},"headline":"Souk-Ahras\u00a0: Des appels pour combler le d\u00e9ficit de m\u00e9decins sp\u00e9cialistes","datePublished":"2025-10-28T17:57:12+00:00","dateModified":"2025-10-28T17:57:13+00:00","mainEntityOfPage":{"@id":"https:\/\/lasentinelle.dz\/index.php\/2025\/10\/28\/souk-ahras-des-appels-pour-combler-le-deficit-de-medecins-specialistes\/"},"wordCount":398,"commentCount":0,"publisher":{"@id":"https:\/\/lasentinelle.dz\/#organization"},"image":{"@id":"https:\/\/lasentinelle.dz\/index.php\/2025\/10\/28\/souk-ahras-des-appels-pour-combler-le-deficit-de-medecins-specialistes\/#primaryimage"},"thumbnailUrl":"https:\/\/lasentinelle.dz\/wp-content\/uploads\/2025\/07\/hopital.jpeg","articleSection":["R\u00e9gions"],"inLanguage":"fr-FR","potentialAction":[{"@type":"CommentAction","name":"Comment","target":["https:\/\/lasentinelle.dz\/index.php\/2025\/10\/28\/souk-ahras-des-appels-pour-combler-le-deficit-de-medecins-specialistes\/#respond"]}]},{"@type":"WebPage","@id":"https:\/\/lasentinelle.dz\/index.php\/2025\/10\/28\/souk-ahras-des-appels-pour-combler-le-deficit-de-medecins-specialistes\/","url":"https:\/\/lasentinelle.dz\/index.php\/2025\/10\/28\/souk-ahras-des-appels-pour-combler-le-deficit-de-medecins-specialistes\/","name":"Souk-Ahras\u00a0: Des appels pour combler le d\u00e9ficit de m\u00e9decins sp\u00e9cialistes - La Sentinelle","isPartOf":{"@id":"https:\/\/lasentinelle.dz\/#website"},"primaryImageOfPage":{"@id":"https:\/\/lasentinelle.dz\/index.php\/2025\/10\/28\/souk-ahras-des-appels-pour-combler-le-deficit-de-medecins-specialistes\/#primaryimage"},"image":{"@id":"https:\/\/lasentinelle.dz\/index.php\/2025\/10\/28\/souk-ahras-des-appels-pour-combler-le-deficit-de-medecins-specialistes\/#primaryimage"},"thumbnailUrl":"https:\/\/lasentinelle.dz\/wp-content\/uploads\/2025\/07\/hopital.jpeg","datePublished":"2025-10-28T17:57:12+00:00","dateModified":"2025-10-28T17:57:13+00:00","breadcrumb":{"@id":"https:\/\/lasentinelle.dz\/index.php\/2025\/10\/28\/souk-ahras-des-appels-pour-combler-le-deficit-de-medecins-specialistes\/#breadcrumb"},"inLanguage":"fr-FR","potentialAction":[{"@type":"ReadAction","target":["https:\/\/lasentinelle.dz\/index.php\/2025\/10\/28\/souk-ahras-des-appels-pour-combler-le-deficit-de-medecins-specialistes\/"]}]},{"@type":"ImageObject","inLanguage":"fr-FR","@id":"https:\/\/lasentinelle.dz\/index.php\/2025\/10\/28\/souk-ahras-des-appels-pour-combler-le-deficit-de-medecins-specialistes\/#primaryimage","url":"https:\/\/lasentinelle.dz\/wp-content\/uploads\/2025\/07\/hopital.jpeg","contentUrl":"https:\/\/lasentinelle.dz\/wp-content\/uploads\/2025\/07\/hopital.jpeg","width":800,"height":450},{"@type":"BreadcrumbList","@id":"https:\/\/lasentinelle.dz\/index.php\/2025\/10\/28\/souk-ahras-des-appels-pour-combler-le-deficit-de-medecins-specialistes\/#breadcrumb","itemListElement":[{"@type":"ListItem","position":1,"name":"Accueil","item":"https:\/\/lasentinelle.dz\/"},{"@type":"ListItem","position":2,"name":"Souk-Ahras\u00a0: Des appels pour combler le d\u00e9ficit de m\u00e9decins sp\u00e9cialistes"}]},{"@type":"WebSite","@id":"https:\/\/lasentinelle.dz\/#website","url":"https:\/\/lasentinelle.dz\/","name":"La Sentinelle","description":"Quotidien national d&#039;information","publisher":{"@id":"https:\/\/lasentinelle.dz\/#organization"},"potentialAction":[{"@type":"SearchAction","target":{"@type":"EntryPoint","urlTemplate":"https:\/\/lasentinelle.dz\/?s={search_term_string}"},"query-input":{"@type":"PropertyValueSpecification","valueRequired":true,"valueName":"search_term_string"}}],"inLanguage":"fr-FR"},{"@type":"Organization","@id":"https:\/\/lasentinelle.dz\/#organization","name":"Quotidien La Sentinelle","url":"https:\/\/lasentinelle.dz\/","logo":{"@type":"ImageObject","inLanguage":"fr-FR","@id":"https:\/\/lasentinelle.dz\/#\/schema\/logo\/image\/","url":"https:\/\/lasentinelle.dz\/wp-content\/uploads\/2021\/09\/logo-sentinelleSLOGAN-1.png","contentUrl":"https:\/\/lasentinelle.dz\/wp-content\/uploads\/2021\/09\/logo-sentinelleSLOGAN-1.png","width":615,"height":142,"caption":"Quotidien La Sentinelle"},"image":{"@id":"https:\/\/lasentinelle.dz\/#\/schema\/logo\/image\/"},"sameAs":["https:\/\/www.facebook.com\/La-Sentinelle-104059864394773"]},{"@type":"Person","@id":"https:\/\/lasentinelle.dz\/#\/schema\/person\/729ee0024f24e0b8c5ec17232f8e8b41","name":"admin","image":{"@type":"ImageObject","inLanguage":"fr-FR","@id":"https:\/\/secure.gravatar.com\/avatar\/4c81fed838786e9b53f540bf46533e750f5d292099ae3b66cfc6fb1982e29df7?s=96&d=mm&r=g","url":"https:\/\/secure.gravatar.com\/avatar\/4c81fed838786e9b53f540bf46533e750f5d292099ae3b66cfc6fb1982e29df7?s=96&d=mm&r=g","contentUrl":"https:\/\/secure.gravatar.com\/avatar\/4c81fed838786e9b53f540bf46533e750f5d292099ae3b66cfc6fb1982e29df7?s=96&d=mm&r=g","caption":"admin"},"description":"admin","url":"https:\/\/lasentinelle.dz\/author\/admin\/"}]}},"_links":{"self":[{"href":"https:\/\/lasentinelle.dz\/index.php\/wp-json\/wp\/v2\/posts\/75455","targetHints":{"allow":["GET"]}}],"collection":[{"href":"https:\/\/lasentinelle.dz\/index.php\/wp-json\/wp\/v2\/posts"}],"about":[{"href":"https:\/\/lasentinelle.dz\/index.php\/wp-json\/wp\/v2\/types\/post"}],"author":[{"embeddable":true,"href":"https:\/\/lasentinelle.dz\/index.php\/wp-json\/wp\/v2\/users\/6"}],"replies":[{"embeddable":true,"href":"https:\/\/lasentinelle.dz\/index.php\/wp-json\/wp\/v2\/comments?post=75455"}],"version-history":[{"count":1,"href":"https:\/\/lasentinelle.dz\/index.php\/wp-json\/wp\/v2\/posts\/75455\/revisions"}],"predecessor-version":[{"id":75456,"href":"https:\/\/lasentinelle.dz\/index.php\/wp-json\/wp\/v2\/posts\/75455\/revisions\/75456"}],"wp:featuredmedia":[{"embeddable":true,"href":"https:\/\/lasentinelle.dz\/index.php\/wp-json\/wp\/v2\/media\/71251"}],"wp:attachment":[{"href":"https:\/\/lasentinelle.dz\/index.php\/wp-json\/wp\/v2\/media?parent=75455"}],"wp:term":[{"taxonomy":"category","embeddable":true,"href":"https:\/\/lasentinelle.dz\/index.php\/wp-json\/wp\/v2\/categories?post=75455"},{"taxonomy":"post_tag","embeddable":true,"href":"https:\/\/lasentinelle.dz\/index.php\/wp-json\/wp\/v2\/tags?post=75455"}],"curies":[{"name":"wp","href":"https:\/\/api.w.org\/{rel}","templated":true}]}}